{"id":172039,"date":"2026-07-20T08:39:28","date_gmt":"2026-07-20T06:39:28","guid":{"rendered":"https:\/\/www.bellunopress.it\/?p=172039"},"modified":"2026-07-20T08:39:28","modified_gmt":"2026-07-20T06:39:28","slug":"dolomiti-bellunesi-due-gol-e-tanta-sostanza-di-fronte-alla-corazzata-venezia","status":"publish","type":"post","link":"https:\/\/www.bellunopress.it\/fr\/2026\/07\/20\/dolomiti-bellunesi-due-gol-e-tanta-sostanza-di-fronte-alla-corazzata-venezia\/","title":{"rendered":"Dolomiti Bellunesi, due gol e tanta sostanza di fronte alla corazzata Venezia"},"content":{"rendered":"<p>VENEZIA-DOLOMITI BELLUNESI 4-2<\/p>\n<p>GOL: pt 28&#8242; Clemenza, 48&#8242; Dagasso; st 14&#8242; Franjic, 24&#8242; Busio, 33&#8242; Olonisakin, 43&#8242; Gomes.<\/p>\n<p>VENEZIA: Stankovic (st 1&#8242; Grandi), Schingtienne (st 1&#8242; Gomes Furtado), Venturi (st 1&#8242; Bella Kotchap), Haps (st 1&#8242; Franjic), Correia (46&#8242; Sagrado), Kike Perez (st 1&#8242; Lamine Fanne), Panada (st 1&#8242; Busio), Basic (st 1&#8242; Helgason), Hainaut (st&#8217; 1 Farji), Dagasso (st 1&#8242; Casas), Lauberbach (st 1&#8242; Rrahmani). Allenatore: G. Stroppa.<\/p>\n<p>DOLOMITI BELLUNESI: Sonzogni; Saccani, Migliardi, Gobetti, Masut; Lattanzio (st 26&#8242; Casanova), Mazzocco (st 1&#8242; Burrai), Cossalter (st 33&#8242; Morreale), Mignanelli (st 26&#8242; Olonisakin); Clemenza (st 1&#8242; Taha), Toci (st 1&#8242; Kowalski) (in panchina: Abati, Bagnara, Coan). Allenatore: A. Bonatti.<\/p>\n<p>ARBITRO: Roberto Carrisi di Padova (assistenti: Boris Popovic e Riccardo Targa di Padova).<\/p>\n<p>NOTE. Spettatori: 2.000 circa. Angoli: 9-1 per il Venezia. Recupero: pt 3&#8242;; st 3&#8242;.<\/p>\n<p>Tutto, o quasi, come lo scorso anno: la Dolomiti Bellunesi rompe il ghiaccio a Falcade, con un&#8217;onorevole sconfitta per 4-2, al cospetto di una corazzata come il Venezia. La differenza \u00e8 che, rispetto a dodici mesi fa, gli arancioneroverdi navigano in Serie A, avendo giganteggiato nella categoria cadetta. Ma il gruppo di mister Bonatti interpreta l&#8217;impegno senza timori reverenziali. E, con soli otto giorni di allenamento nelle gambe e diverse defezioni, sfodera una prova di sostanza e personalit\u00e0. Basti pensare che la frazione iniziale si chiude in parit\u00e0 e, dopo la perla del vantaggio di Clemenza, il gol dell&#8217;1-1 matura al terzo e ultimo minuto di recupero. Anche per merito di un Sonzogni a tratti insuperabile tra i pali, di un Toci gi\u00e0 in gran spolvero e del gi\u00e0 citato Clemenza, che decide di &#8220;stappare&#8221; l&#8217;annata sul rettangolo verde con una semi-rovesciata d&#8217;alta scuola. E a segno va pure Olonisakin: ormai un classico estivo.<\/p>\n<p>Non mancano le novit\u00e0, in questo luglio calcistico: non solo a livello di mercato, ma anche sotto il profilo tattico. Tanto \u00e8 vero che mister Bonatti vara una linea difensiva a quattro, con Saccani e Masut ad agire da esterni bassi e la coppia di centrali formata da Migliardi e Gobetti. Mazzocco e Cossalter, invece, giostrano nel cuore della mediana, Lattanzio e Mignanelli ai lati, mentre Clemenza sostiene Toci, in avanti.<\/p>\n<p>Ed \u00e8 proprio Toci a provocare il primo brivido: il centravanti di origine albanese \u00e8 bravo ad andare via di forza alla retroguardia avversaria e a involarsi verso la porta, ma il suo tiro viene deviato in maniera provvidenziale. I dolomitici, per\u00f2, credono alla possibilit\u00e0 di sfondare. E ci riescono a ridosso della mezz&#8217;ora, quando Clemenza sfodera un colpo d&#8217;autore dal suo repertorio e, su invito di Mignanelli, insacca in girata: traiettoria imparabile, Stankovic \u00e8 battuto. Da applausi. Come da applausi \u00e8 il riflesso di Sonzogni sul tiro a colpo sicuro di Dagasso: l&#8217;ex Ospitaletto si distende in tuffo e ribatte. Poco pi\u00f9 tardi, Lauberbach manda alto da pochi passi e impegna il numero 1 dolomitico. Cossalter e soci, per\u00f2, non si limitano alla fase difensiva. E accarezzano addirittura la possibilit\u00e0 di raddoppiare: Toci, infatti, sfiora l&#8217;incrocio con un bel destro al volo. A ristabilire l&#8217;equilibrio, al terzo minuto di recupero, sar\u00e0 Dagasso, grazie a una magistrale punizione: un bacino alla traversa e sfera nel sacco.<\/p>\n<p>Nella ripresa, c&#8217;\u00e8 subito spazio per due nuovi arrivati, in zona offensiva: Taha e Kowalski, cui si aggiunge Burrai in regia. A cambiare alcune pedine, e ad alzare i giri del motore, \u00e8 pure il Venezia, che attorno al quarto d&#8217;ora mette la freccia e opera il sorpasso: corner di Busio, testa di Franjic e la rete si gonfia per la seconda volta. Lo stesso Busio si mette in proprio e, con un destro radiocomandato, infila il pallone nell&#8217;angolino: 3-1. Ma Olonisakin sembra avere un conto aperto con i lagunari. Perch\u00e9, dopo il gol (e mezzo) del 2025, si ripete andando via a un avversario e facendo partire un diagonale vincente: 3-2. E Gomes chiude definitivamente ii conti con un tiro di rara precisione. S\u00ec, tutto come un anno fa.<\/p>","protected":false},"excerpt":{"rendered":"<p>VENEZIA-DOLOMITI BELLUNESI 4-2 GOL: pt 28&#8242; Clemenza, 48&#8242; Dagasso; st 14&#8242; Franjic, 24&#8242; Busio, 33&#8242; Olonisakin, 43&#8242; Gomes. VENEZIA: Stankovic (st 1&#8242; Grandi), Schingtienne (st 1&#8242; Gomes Furtado), Venturi (st 1&#8242; Bella Kotchap), Haps (st 1&#8242; Franjic), Correia (46&#8242; Sagrado), Kike Perez (st 1&#8242; Lamine Fanne), Panada (st 1&#8242; Busio), Basic (st 1&#8242; Helgason), Hainaut [&hellip;]<\/p>\n","protected":false},"author":2,"featured_media":172040,"comment_status":"closed","ping_status":"open","sticky":false,"template":"","format":"standard","meta":{"footnotes":""},"categories":[4],"tags":[],"class_list":["post-172039","post","type-post","status-publish","format-standard","has-post-thumbnail","category-sport"],"yoast_head":"<!-- This site is optimized with the Yoast SEO plugin v28.4 - https:\/\/yoast.com\/product\/yoast-seo-wordpress\/ -->\n<title>Dolomiti Bellunesi, due gol e tanta sostanza di fronte alla corazzata Venezia - Bellunopress - Dolomiti<\/title>\n<meta name=\"robots\" content=\"index, follow, max-snippet:-1, max-image-preview:large, max-video-preview:-1\" \/>\n<link rel=\"canonical\" href=\"https:\/\/www.bellunopress.it\/fr\/2026\/07\/20\/dolomiti-bellunesi-due-gol-e-tanta-sostanza-di-fronte-alla-corazzata-venezia\/\" \/>\n<meta property=\"og:locale\" content=\"fr_FR\" \/>\n<meta property=\"og:type\" content=\"article\" \/>\n<meta property=\"og:title\" content=\"Dolomiti Bellunesi, due gol e tanta sostanza di fronte alla corazzata Venezia - Bellunopress - Dolomiti\" \/>\n<meta property=\"og:description\" content=\"VENEZIA-DOLOMITI BELLUNESI 4-2 GOL: pt 28&#8242; Clemenza, 48&#8242; Dagasso; st 14&#8242; Franjic, 24&#8242; Busio, 33&#8242; Olonisakin, 43&#8242; Gomes. VENEZIA: Stankovic (st 1&#8242; Grandi), Schingtienne (st 1&#8242; Gomes Furtado), Venturi (st 1&#8242; Bella Kotchap), Haps (st 1&#8242; Franjic), Correia (46&#8242; Sagrado), Kike Perez (st 1&#8242; Lamine Fanne), Panada (st 1&#8242; Busio), Basic (st 1&#8242; Helgason), Hainaut [&hellip;]\" \/>\n<meta property=\"og:url\" content=\"https:\/\/www.bellunopress.it\/fr\/2026\/07\/20\/dolomiti-bellunesi-due-gol-e-tanta-sostanza-di-fronte-alla-corazzata-venezia\/\" \/>\n<meta property=\"og:site_name\" content=\"Bellunopress - Dolomiti\" \/>\n<meta property=\"article:publisher\" content=\"https:\/\/www.facebook.com\/profile.php?id=100008943462799\" \/>\n<meta property=\"article:published_time\" content=\"2026-07-20T06:39:28+00:00\" \/>\n<meta property=\"og:image\" content=\"https:\/\/www.bellunopress.it\/wp-content\/uploads\/2026\/07\/Dolomiti-Bellunesi-Calcio.jpg\" \/>\n\t<meta property=\"og:image:width\" content=\"500\" \/>\n\t<meta property=\"og:image:height\" content=\"322\" \/>\n\t<meta property=\"og:image:type\" content=\"image\/jpeg\" \/>\n<meta name=\"author\" content=\"redazione\" \/>\n<meta name=\"twitter:card\" content=\"summary_large_image\" \/>\n<meta name=\"twitter:creator\" content=\"@bellunopress\" \/>\n<meta name=\"twitter:site\" content=\"@bellunopress\" \/>\n<meta name=\"twitter:label1\" content=\"Written by\" \/>\n\t<meta name=\"twitter:data1\" content=\"redazione\" \/>\n\t<meta name=\"twitter:label2\" content=\"Est. reading time\" \/>\n\t<meta name=\"twitter:data2\" content=\"4 minutes\" \/>\n<script type=\"application\/ld+json\" class=\"yoast-schema-graph\">{\"@context\":\"https:\\\/\\\/schema.org\",\"@graph\":[{\"@type\":\"Article\",\"@id\":\"https:\\\/\\\/www.bellunopress.it\\\/2026\\\/07\\\/20\\\/dolomiti-bellunesi-due-gol-e-tanta-sostanza-di-fronte-alla-corazzata-venezia\\\/#article\",\"isPartOf\":{\"@id\":\"https:\\\/\\\/www.bellunopress.it\\\/2026\\\/07\\\/20\\\/dolomiti-bellunesi-due-gol-e-tanta-sostanza-di-fronte-alla-corazzata-venezia\\\/\"},\"author\":{\"name\":\"redazione\",\"@id\":\"https:\\\/\\\/www.bellunopress.it\\\/#\\\/schema\\\/person\\\/79bb06722b37ece1c03d3e94beb30d73\"},\"headline\":\"Dolomiti Bellunesi, due gol e tanta sostanza di fronte alla corazzata Venezia\",\"datePublished\":\"2026-07-20T06:39:28+00:00\",\"mainEntityOfPage\":{\"@id\":\"https:\\\/\\\/www.bellunopress.it\\\/2026\\\/07\\\/20\\\/dolomiti-bellunesi-due-gol-e-tanta-sostanza-di-fronte-alla-corazzata-venezia\\\/\"},\"wordCount\":645,\"publisher\":{\"@id\":\"https:\\\/\\\/www.bellunopress.it\\\/#organization\"},\"image\":{\"@id\":\"https:\\\/\\\/www.bellunopress.it\\\/2026\\\/07\\\/20\\\/dolomiti-bellunesi-due-gol-e-tanta-sostanza-di-fronte-alla-corazzata-venezia\\\/#primaryimage\"},\"thumbnailUrl\":\"https:\\\/\\\/www.bellunopress.it\\\/wp-content\\\/uploads\\\/2026\\\/07\\\/Dolomiti-Bellunesi-Calcio.jpg\",\"articleSection\":[\"Sport, tempo libero\"],\"inLanguage\":\"fr-FR\"},{\"@type\":\"WebPage\",\"@id\":\"https:\\\/\\\/www.bellunopress.it\\\/2026\\\/07\\\/20\\\/dolomiti-bellunesi-due-gol-e-tanta-sostanza-di-fronte-alla-corazzata-venezia\\\/\",\"url\":\"https:\\\/\\\/www.bellunopress.it\\\/2026\\\/07\\\/20\\\/dolomiti-bellunesi-due-gol-e-tanta-sostanza-di-fronte-alla-corazzata-venezia\\\/\",\"name\":\"Dolomiti Bellunesi, due gol e tanta sostanza di fronte alla corazzata Venezia - Bellunopress - Dolomiti\",\"isPartOf\":{\"@id\":\"https:\\\/\\\/www.bellunopress.it\\\/#website\"},\"primaryImageOfPage\":{\"@id\":\"https:\\\/\\\/www.bellunopress.it\\\/2026\\\/07\\\/20\\\/dolomiti-bellunesi-due-gol-e-tanta-sostanza-di-fronte-alla-corazzata-venezia\\\/#primaryimage\"},\"image\":{\"@id\":\"https:\\\/\\\/www.bellunopress.it\\\/2026\\\/07\\\/20\\\/dolomiti-bellunesi-due-gol-e-tanta-sostanza-di-fronte-alla-corazzata-venezia\\\/#primaryimage\"},\"thumbnailUrl\":\"https:\\\/\\\/www.bellunopress.it\\\/wp-content\\\/uploads\\\/2026\\\/07\\\/Dolomiti-Bellunesi-Calcio.jpg\",\"datePublished\":\"2026-07-20T06:39:28+00:00\",\"breadcrumb\":{\"@id\":\"https:\\\/\\\/www.bellunopress.it\\\/2026\\\/07\\\/20\\\/dolomiti-bellunesi-due-gol-e-tanta-sostanza-di-fronte-alla-corazzata-venezia\\\/#breadcrumb\"},\"inLanguage\":\"fr-FR\",\"potentialAction\":[{\"@type\":\"ReadAction\",\"target\":[\"https:\\\/\\\/www.bellunopress.it\\\/2026\\\/07\\\/20\\\/dolomiti-bellunesi-due-gol-e-tanta-sostanza-di-fronte-alla-corazzata-venezia\\\/\"]}]},{\"@type\":\"ImageObject\",\"inLanguage\":\"fr-FR\",\"@id\":\"https:\\\/\\\/www.bellunopress.it\\\/2026\\\/07\\\/20\\\/dolomiti-bellunesi-due-gol-e-tanta-sostanza-di-fronte-alla-corazzata-venezia\\\/#primaryimage\",\"url\":\"https:\\\/\\\/www.bellunopress.it\\\/wp-content\\\/uploads\\\/2026\\\/07\\\/Dolomiti-Bellunesi-Calcio.jpg\",\"contentUrl\":\"https:\\\/\\\/www.bellunopress.it\\\/wp-content\\\/uploads\\\/2026\\\/07\\\/Dolomiti-Bellunesi-Calcio.jpg\",\"width\":500,\"height\":322},{\"@type\":\"BreadcrumbList\",\"@id\":\"https:\\\/\\\/www.bellunopress.it\\\/2026\\\/07\\\/20\\\/dolomiti-bellunesi-due-gol-e-tanta-sostanza-di-fronte-alla-corazzata-venezia\\\/#breadcrumb\",\"itemListElement\":[{\"@type\":\"ListItem\",\"position\":1,\"name\":\"Home\",\"item\":\"https:\\\/\\\/www.bellunopress.it\\\/\"},{\"@type\":\"ListItem\",\"position\":2,\"name\":\"Dolomiti Bellunesi, due gol e tanta sostanza di fronte alla corazzata Venezia\"}]},{\"@type\":\"WebSite\",\"@id\":\"https:\\\/\\\/www.bellunopress.it\\\/#website\",\"url\":\"https:\\\/\\\/www.bellunopress.it\\\/\",\"name\":\"Bellunopress - Dolomiti\",\"description\":\"e-mail: redazione@bellunopress.it\",\"publisher\":{\"@id\":\"https:\\\/\\\/www.bellunopress.it\\\/#organization\"},\"potentialAction\":[{\"@type\":\"SearchAction\",\"target\":{\"@type\":\"EntryPoint\",\"urlTemplate\":\"https:\\\/\\\/www.bellunopress.it\\\/?s={search_term_string}\"},\"query-input\":{\"@type\":\"PropertyValueSpecification\",\"valueRequired\":true,\"valueName\":\"search_term_string\"}}],\"inLanguage\":\"fr-FR\"},{\"@type\":\"Organization\",\"@id\":\"https:\\\/\\\/www.bellunopress.it\\\/#organization\",\"name\":\"Bellunopress\",\"url\":\"https:\\\/\\\/www.bellunopress.it\\\/\",\"logo\":{\"@type\":\"ImageObject\",\"inLanguage\":\"fr-FR\",\"@id\":\"https:\\\/\\\/www.bellunopress.it\\\/#\\\/schema\\\/logo\\\/image\\\/\",\"url\":\"https:\\\/\\\/www.bellunopress.it\\\/wp-content\\\/uploads\\\/2011\\\/05\\\/cropped-logo-bellunopress-.jpg\",\"contentUrl\":\"https:\\\/\\\/www.bellunopress.it\\\/wp-content\\\/uploads\\\/2011\\\/05\\\/cropped-logo-bellunopress-.jpg\",\"width\":512,\"height\":512,\"caption\":\"Bellunopress\"},\"image\":{\"@id\":\"https:\\\/\\\/www.bellunopress.it\\\/#\\\/schema\\\/logo\\\/image\\\/\"},\"sameAs\":[\"https:\\\/\\\/www.facebook.com\\\/profile.php?id=100008943462799\",\"https:\\\/\\\/x.com\\\/bellunopress\",\"https:\\\/\\\/www.linkedin.com\\\/hp\\\/?dnr=JBzUWaJfMUw8vbXJJ2tVW5-I3jZKvC4wsoxE&amp;amp;amp;amp;amp;amp;trk=nav_responsive_tab_home\",\"https:\\\/\\\/www.youtube.com\\\/channel\\\/UCxL0wu1uN0_3_7hGG0306cw\"]},{\"@type\":\"Person\",\"@id\":\"https:\\\/\\\/www.bellunopress.it\\\/#\\\/schema\\\/person\\\/79bb06722b37ece1c03d3e94beb30d73\",\"name\":\"redazione\",\"image\":{\"@type\":\"ImageObject\",\"inLanguage\":\"fr-FR\",\"@id\":\"https:\\\/\\\/secure.gravatar.com\\\/avatar\\\/37d968a2e67a6fd04c169c4bdef102d0bc5d31b2546345219e348575eb80e9a0?s=96&d=mm&r=g\",\"url\":\"https:\\\/\\\/secure.gravatar.com\\\/avatar\\\/37d968a2e67a6fd04c169c4bdef102d0bc5d31b2546345219e348575eb80e9a0?s=96&d=mm&r=g\",\"contentUrl\":\"https:\\\/\\\/secure.gravatar.com\\\/avatar\\\/37d968a2e67a6fd04c169c4bdef102d0bc5d31b2546345219e348575eb80e9a0?s=96&d=mm&r=g\",\"caption\":\"redazione\"},\"sameAs\":[\"http:\\\/\\\/www.bellunopress.it\",\"https:\\\/\\\/x.com\\\/bellunopress\"],\"url\":\"https:\\\/\\\/www.bellunopress.it\\\/fr\\\/author\\\/redazione\\\/\"}]}<\/script>\n<!-- \/ Yoast SEO plugin. -->","yoast_head_json":{"title":"Dolomiti Bellunesi, due gol e tanta sostanza di fronte alla corazzata Venezia - Bellunopress - Dolomiti","robots":{"index":"index","follow":"follow","max-snippet":"max-snippet:-1","max-image-preview":"max-image-preview:large","max-video-preview":"max-video-preview:-1"},"canonical":"https:\/\/www.bellunopress.it\/fr\/2026\/07\/20\/dolomiti-bellunesi-due-gol-e-tanta-sostanza-di-fronte-alla-corazzata-venezia\/","og_locale":"fr_FR","og_type":"article","og_title":"Dolomiti Bellunesi, due gol e tanta sostanza di fronte alla corazzata Venezia - Bellunopress - Dolomiti","og_description":"VENEZIA-DOLOMITI BELLUNESI 4-2 GOL: pt 28&#8242; Clemenza, 48&#8242; Dagasso; st 14&#8242; Franjic, 24&#8242; Busio, 33&#8242; Olonisakin, 43&#8242; Gomes. VENEZIA: Stankovic (st 1&#8242; Grandi), Schingtienne (st 1&#8242; Gomes Furtado), Venturi (st 1&#8242; Bella Kotchap), Haps (st 1&#8242; Franjic), Correia (46&#8242; Sagrado), Kike Perez (st 1&#8242; Lamine Fanne), Panada (st 1&#8242; Busio), Basic (st 1&#8242; Helgason), Hainaut [&hellip;]","og_url":"https:\/\/www.bellunopress.it\/fr\/2026\/07\/20\/dolomiti-bellunesi-due-gol-e-tanta-sostanza-di-fronte-alla-corazzata-venezia\/","og_site_name":"Bellunopress - Dolomiti","article_publisher":"https:\/\/www.facebook.com\/profile.php?id=100008943462799","article_published_time":"2026-07-20T06:39:28+00:00","og_image":[{"width":500,"height":322,"url":"https:\/\/www.bellunopress.it\/wp-content\/uploads\/2026\/07\/Dolomiti-Bellunesi-Calcio.jpg","type":"image\/jpeg"}],"author":"redazione","twitter_card":"summary_large_image","twitter_creator":"@bellunopress","twitter_site":"@bellunopress","twitter_misc":{"Written by":"redazione","Est. reading time":"4 minutes"},"schema":{"@context":"https:\/\/schema.org","@graph":[{"@type":"Article","@id":"https:\/\/www.bellunopress.it\/2026\/07\/20\/dolomiti-bellunesi-due-gol-e-tanta-sostanza-di-fronte-alla-corazzata-venezia\/#article","isPartOf":{"@id":"https:\/\/www.bellunopress.it\/2026\/07\/20\/dolomiti-bellunesi-due-gol-e-tanta-sostanza-di-fronte-alla-corazzata-venezia\/"},"author":{"name":"redazione","@id":"https:\/\/www.bellunopress.it\/#\/schema\/person\/79bb06722b37ece1c03d3e94beb30d73"},"headline":"Dolomiti Bellunesi, due gol e tanta sostanza di fronte alla corazzata Venezia","datePublished":"2026-07-20T06:39:28+00:00","mainEntityOfPage":{"@id":"https:\/\/www.bellunopress.it\/2026\/07\/20\/dolomiti-bellunesi-due-gol-e-tanta-sostanza-di-fronte-alla-corazzata-venezia\/"},"wordCount":645,"publisher":{"@id":"https:\/\/www.bellunopress.it\/#organization"},"image":{"@id":"https:\/\/www.bellunopress.it\/2026\/07\/20\/dolomiti-bellunesi-due-gol-e-tanta-sostanza-di-fronte-alla-corazzata-venezia\/#primaryimage"},"thumbnailUrl":"https:\/\/www.bellunopress.it\/wp-content\/uploads\/2026\/07\/Dolomiti-Bellunesi-Calcio.jpg","articleSection":["Sport, tempo libero"],"inLanguage":"fr-FR"},{"@type":"WebPage","@id":"https:\/\/www.bellunopress.it\/2026\/07\/20\/dolomiti-bellunesi-due-gol-e-tanta-sostanza-di-fronte-alla-corazzata-venezia\/","url":"https:\/\/www.bellunopress.it\/2026\/07\/20\/dolomiti-bellunesi-due-gol-e-tanta-sostanza-di-fronte-alla-corazzata-venezia\/","name":"Dolomiti Bellunesi, due gol e tanta sostanza di fronte alla corazzata Venezia - Bellunopress - Dolomiti","isPartOf":{"@id":"https:\/\/www.bellunopress.it\/#website"},"primaryImageOfPage":{"@id":"https:\/\/www.bellunopress.it\/2026\/07\/20\/dolomiti-bellunesi-due-gol-e-tanta-sostanza-di-fronte-alla-corazzata-venezia\/#primaryimage"},"image":{"@id":"https:\/\/www.bellunopress.it\/2026\/07\/20\/dolomiti-bellunesi-due-gol-e-tanta-sostanza-di-fronte-alla-corazzata-venezia\/#primaryimage"},"thumbnailUrl":"https:\/\/www.bellunopress.it\/wp-content\/uploads\/2026\/07\/Dolomiti-Bellunesi-Calcio.jpg","datePublished":"2026-07-20T06:39:28+00:00","breadcrumb":{"@id":"https:\/\/www.bellunopress.it\/2026\/07\/20\/dolomiti-bellunesi-due-gol-e-tanta-sostanza-di-fronte-alla-corazzata-venezia\/#breadcrumb"},"inLanguage":"fr-FR","potentialAction":[{"@type":"ReadAction","target":["https:\/\/www.bellunopress.it\/2026\/07\/20\/dolomiti-bellunesi-due-gol-e-tanta-sostanza-di-fronte-alla-corazzata-venezia\/"]}]},{"@type":"ImageObject","inLanguage":"fr-FR","@id":"https:\/\/www.bellunopress.it\/2026\/07\/20\/dolomiti-bellunesi-due-gol-e-tanta-sostanza-di-fronte-alla-corazzata-venezia\/#primaryimage","url":"https:\/\/www.bellunopress.it\/wp-content\/uploads\/2026\/07\/Dolomiti-Bellunesi-Calcio.jpg","contentUrl":"https:\/\/www.bellunopress.it\/wp-content\/uploads\/2026\/07\/Dolomiti-Bellunesi-Calcio.jpg","width":500,"height":322},{"@type":"BreadcrumbList","@id":"https:\/\/www.bellunopress.it\/2026\/07\/20\/dolomiti-bellunesi-due-gol-e-tanta-sostanza-di-fronte-alla-corazzata-venezia\/#breadcrumb","itemListElement":[{"@type":"ListItem","position":1,"name":"Home","item":"https:\/\/www.bellunopress.it\/"},{"@type":"ListItem","position":2,"name":"Dolomiti Bellunesi, due gol e tanta sostanza di fronte alla corazzata Venezia"}]},{"@type":"WebSite","@id":"https:\/\/www.bellunopress.it\/#website","url":"https:\/\/www.bellunopress.it\/","name":"Bellunopress - Dolomiti","description":"e-mail: redazione@bellunopress.it","publisher":{"@id":"https:\/\/www.bellunopress.it\/#organization"},"potentialAction":[{"@type":"SearchAction","target":{"@type":"EntryPoint","urlTemplate":"https:\/\/www.bellunopress.it\/?s={search_term_string}"},"query-input":{"@type":"PropertyValueSpecification","valueRequired":true,"valueName":"search_term_string"}}],"inLanguage":"fr-FR"},{"@type":"Organization","@id":"https:\/\/www.bellunopress.it\/#organization","name":"Bellunopress","url":"https:\/\/www.bellunopress.it\/","logo":{"@type":"ImageObject","inLanguage":"fr-FR","@id":"https:\/\/www.bellunopress.it\/#\/schema\/logo\/image\/","url":"https:\/\/www.bellunopress.it\/wp-content\/uploads\/2011\/05\/cropped-logo-bellunopress-.jpg","contentUrl":"https:\/\/www.bellunopress.it\/wp-content\/uploads\/2011\/05\/cropped-logo-bellunopress-.jpg","width":512,"height":512,"caption":"Bellunopress"},"image":{"@id":"https:\/\/www.bellunopress.it\/#\/schema\/logo\/image\/"},"sameAs":["https:\/\/www.facebook.com\/profile.php?id=100008943462799","https:\/\/x.com\/bellunopress","https:\/\/www.linkedin.com\/hp\/?dnr=JBzUWaJfMUw8vbXJJ2tVW5-I3jZKvC4wsoxE&amp;amp;amp;amp;amp;amp;trk=nav_responsive_tab_home","https:\/\/www.youtube.com\/channel\/UCxL0wu1uN0_3_7hGG0306cw"]},{"@type":"Person","@id":"https:\/\/www.bellunopress.it\/#\/schema\/person\/79bb06722b37ece1c03d3e94beb30d73","name":"r\u00e9daction","image":{"@type":"ImageObject","inLanguage":"fr-FR","@id":"https:\/\/secure.gravatar.com\/avatar\/37d968a2e67a6fd04c169c4bdef102d0bc5d31b2546345219e348575eb80e9a0?s=96&d=mm&r=g","url":"https:\/\/secure.gravatar.com\/avatar\/37d968a2e67a6fd04c169c4bdef102d0bc5d31b2546345219e348575eb80e9a0?s=96&d=mm&r=g","contentUrl":"https:\/\/secure.gravatar.com\/avatar\/37d968a2e67a6fd04c169c4bdef102d0bc5d31b2546345219e348575eb80e9a0?s=96&d=mm&r=g","caption":"redazione"},"sameAs":["http:\/\/www.bellunopress.it","https:\/\/x.com\/bellunopress"],"url":"https:\/\/www.bellunopress.it\/fr\/author\/redazione\/"}]}},"_links":{"self":[{"href":"https:\/\/www.bellunopress.it\/fr\/wp-json\/wp\/v2\/posts\/172039","targetHints":{"allow":["GET"]}}],"collection":[{"href":"https:\/\/www.bellunopress.it\/fr\/wp-json\/wp\/v2\/posts"}],"about":[{"href":"https:\/\/www.bellunopress.it\/fr\/wp-json\/wp\/v2\/types\/post"}],"author":[{"embeddable":true,"href":"https:\/\/www.bellunopress.it\/fr\/wp-json\/wp\/v2\/users\/2"}],"replies":[{"embeddable":true,"href":"https:\/\/www.bellunopress.it\/fr\/wp-json\/wp\/v2\/comments?post=172039"}],"version-history":[{"count":1,"href":"https:\/\/www.bellunopress.it\/fr\/wp-json\/wp\/v2\/posts\/172039\/revisions"}],"predecessor-version":[{"id":172041,"href":"https:\/\/www.bellunopress.it\/fr\/wp-json\/wp\/v2\/posts\/172039\/revisions\/172041"}],"wp:featuredmedia":[{"embeddable":true,"href":"https:\/\/www.bellunopress.it\/fr\/wp-json\/wp\/v2\/media\/172040"}],"wp:attachment":[{"href":"https:\/\/www.bellunopress.it\/fr\/wp-json\/wp\/v2\/media?parent=172039"}],"wp:term":[{"taxonomy":"category","embeddable":true,"href":"https:\/\/www.bellunopress.it\/fr\/wp-json\/wp\/v2\/categories?post=172039"},{"taxonomy":"post_tag","embeddable":true,"href":"https:\/\/www.bellunopress.it\/fr\/wp-json\/wp\/v2\/tags?post=172039"}],"curies":[{"name":"wp","href":"https:\/\/api.w.org\/{rel}","templated":true}]}}