{"id":172036,"date":"2026-07-20T08:05:28","date_gmt":"2026-07-20T06:05:28","guid":{"rendered":"https:\/\/www.bellunopress.it\/?p=172036"},"modified":"2026-07-20T08:06:07","modified_gmt":"2026-07-20T06:06:07","slug":"interventi-di-soccorso-23","status":"publish","type":"post","link":"https:\/\/www.bellunopress.it\/fr\/2026\/07\/20\/interventi-di-soccorso-23\/","title":{"rendered":"Interventi di soccorso"},"content":{"rendered":"<p>Belluno, 19 &#8211; 07 &#8211; 2026\u00a0 \u00a0Falco 2 \u00e8 stato inviato in Val Civetta, per un giovane turista belga immobilizzato da una crisi di panico. Il 21enne, che si trovava sul sentiero tra il Col Negro e il Rifugio Tissi, era assistito da una squadra del Soccorso alpino di Alleghe &#8211; Val Fiorentina, che lo aveva incrociato al rientro dall&#8217;assistenza alla Transcivetta. Il ragazzo \u00e8 stato preso in carico da equipe medica e tecnico di elisoccorso, sbarcati in hovering nelle vicinanze. Caricato in barella, il giovane \u00e8 stato trasportato all&#8217;elicottero e da l\u00ec all&#8217;ospedale di Agordo per i dovuti accertamenti.<\/p>\n<p>Falco 2 \u00e8 poi volato al Rifugio Vandelli, dove era arrivata una 64enne di San Vito al Tagliamento, che si era procurata un sospetto trauma lombare dopo essere scivolata a terra. L&#8217;elicottero del Suem di Pieve di Cadore \u00e8 invece intervenuto al Rifugio Coldai, per una 29enne di Montebelluna, atleta della Transcivetta, che si era fatta male a una caviglia lungo il percorso.<\/p>\n<p>Una squadra del Soccorso alpino di Auronzo ha infine raggiunto in quad un 67enne di Orvieto lungo il sentiero 104 del Pian di Cengia, a seguito dell&#8217;infortunio a un piede della donna.<\/p>\n<p>Cortina d&#8217;Ampezzo (BL), 19 &#8211; 07 &#8211; 2026\u00a0 \u00a0 Attorno alle 13.15 la Centrale del Suem \u00e8 stata contattata da un&#8217;escursionista, che si era fatta male durante la salita della ferrata Bovero al Col Ros\u00e0. La 66enne di Cortina era infatti scivolata sotto la pioggia a circa 50 metri dalla cima, riportando un sospetto trauma al ginocchio che non le permetteva di proseguire. Individuata dall&#8217;equipaggio di Falco 2, la donna \u00e8 stata issata a bordo dal tecnico di elisoccorso con un verricello di 25 metri e trasportata all&#8217;ospedale di Cortina.<\/p>\n<p>Setteville (BL), 19 &#8211; 07 &#8211; 2026\u00a0 \u00a0L&#8217;elicottero del Suem di Pieve di Cadore \u00e8 intervenuto nella zona di Malga Domador, ad Alano di Piave, dove una 41enne di Lozzo di Cadore (BL) alla guida di un quad era uscita fuori strada. Scattato l&#8217;allarme alle 14 circa, l&#8217;elisoccorso ha raggiunto e individuato il luogo dell&#8217;incidente indicato dalle coordinate. L&#8217;infortunata, che era finita una decina di metri pi\u00f9 in basso nella scarpata, \u00e8 stata raggiunta da equipe medica e tecnico di elisoccorso, che le hanno prestato le prime cure a seguito di un possibile politrauma. Anche con il supporto delle persone presenti i soccorritori hanno trasportato la barella fino all&#8217;elicottero, decollato in direzione dell&#8217;ospedale di Treviso.<\/p>\n<p>&nbsp;<\/p>","protected":false},"excerpt":{"rendered":"<p>Belluno, 19 &#8211; 07 &#8211; 2026\u00a0 \u00a0Falco 2 \u00e8 stato inviato in Val Civetta, per un giovane turista belga immobilizzato da una crisi di panico. Il 21enne, che si trovava sul sentiero tra il Col Negro e il Rifugio Tissi, era assistito da una squadra del Soccorso alpino di Alleghe &#8211; Val Fiorentina, che lo [&hellip;]<\/p>\n","protected":false},"author":2,"featured_media":170567,"comment_status":"closed","ping_status":"open","sticky":false,"template":"","format":"standard","meta":{"footnotes":""},"categories":[5,26],"tags":[],"class_list":["post-172036","post","type-post","status-publish","format-standard","has-post-thumbnail","category-cronaca","category-prima-pagina"],"yoast_head":"<!-- This site is optimized with the Yoast SEO plugin v28.4 - https:\/\/yoast.com\/product\/yoast-seo-wordpress\/ -->\n<title>Interventi di soccorso - Bellunopress - Dolomiti<\/title>\n<meta name=\"robots\" content=\"index, follow, max-snippet:-1, max-image-preview:large, max-video-preview:-1\" \/>\n<link rel=\"canonical\" href=\"https:\/\/www.bellunopress.it\/fr\/2026\/07\/20\/interventi-di-soccorso-23\/\" \/>\n<meta property=\"og:locale\" content=\"fr_FR\" \/>\n<meta property=\"og:type\" content=\"article\" \/>\n<meta property=\"og:title\" content=\"Interventi di soccorso - Bellunopress - Dolomiti\" \/>\n<meta property=\"og:description\" content=\"Belluno, 19 &#8211; 07 &#8211; 2026\u00a0 \u00a0Falco 2 \u00e8 stato inviato in Val Civetta, per un giovane turista belga immobilizzato da una crisi di panico. Il 21enne, che si trovava sul sentiero tra il Col Negro e il Rifugio Tissi, era assistito da una squadra del Soccorso alpino di Alleghe &#8211; Val Fiorentina, che lo [&hellip;]\" \/>\n<meta property=\"og:url\" content=\"https:\/\/www.bellunopress.it\/fr\/2026\/07\/20\/interventi-di-soccorso-23\/\" \/>\n<meta property=\"og:site_name\" content=\"Bellunopress - Dolomiti\" \/>\n<meta property=\"article:publisher\" content=\"https:\/\/www.facebook.com\/profile.php?id=100008943462799\" \/>\n<meta property=\"article:published_time\" content=\"2026-07-20T06:05:28+00:00\" \/>\n<meta property=\"article:modified_time\" content=\"2026-07-20T06:06:07+00:00\" \/>\n<meta property=\"og:image\" content=\"https:\/\/www.bellunopress.it\/wp-content\/uploads\/2026\/05\/soccorso-118.jpg\" \/>\n\t<meta property=\"og:image:width\" content=\"600\" \/>\n\t<meta property=\"og:image:height\" content=\"269\" \/>\n\t<meta property=\"og:image:type\" content=\"image\/jpeg\" \/>\n<meta name=\"author\" content=\"redazione\" \/>\n<meta name=\"twitter:card\" content=\"summary_large_image\" \/>\n<meta name=\"twitter:creator\" content=\"@bellunopress\" \/>\n<meta name=\"twitter:site\" content=\"@bellunopress\" \/>\n<meta name=\"twitter:label1\" content=\"\u00c9crit par\" \/>\n\t<meta name=\"twitter:data1\" content=\"redazione\" \/>\n\t<meta name=\"twitter:label2\" content=\"Dur\u00e9e de lecture estim\u00e9e\" \/>\n\t<meta name=\"twitter:data2\" content=\"3 minutes\" \/>\n<script type=\"application\/ld+json\" class=\"yoast-schema-graph\">{\"@context\":\"https:\\\/\\\/schema.org\",\"@graph\":[{\"@type\":\"Article\",\"@id\":\"https:\\\/\\\/www.bellunopress.it\\\/2026\\\/07\\\/20\\\/interventi-di-soccorso-23\\\/#article\",\"isPartOf\":{\"@id\":\"https:\\\/\\\/www.bellunopress.it\\\/2026\\\/07\\\/20\\\/interventi-di-soccorso-23\\\/\"},\"author\":{\"name\":\"redazione\",\"@id\":\"https:\\\/\\\/www.bellunopress.it\\\/#\\\/schema\\\/person\\\/79bb06722b37ece1c03d3e94beb30d73\"},\"headline\":\"Interventi di soccorso\",\"datePublished\":\"2026-07-20T06:05:28+00:00\",\"dateModified\":\"2026-07-20T06:06:07+00:00\",\"mainEntityOfPage\":{\"@id\":\"https:\\\/\\\/www.bellunopress.it\\\/2026\\\/07\\\/20\\\/interventi-di-soccorso-23\\\/\"},\"wordCount\":393,\"publisher\":{\"@id\":\"https:\\\/\\\/www.bellunopress.it\\\/#organization\"},\"image\":{\"@id\":\"https:\\\/\\\/www.bellunopress.it\\\/2026\\\/07\\\/20\\\/interventi-di-soccorso-23\\\/#primaryimage\"},\"thumbnailUrl\":\"https:\\\/\\\/www.bellunopress.it\\\/wp-content\\\/uploads\\\/2026\\\/05\\\/soccorso-118.jpg\",\"articleSection\":[\"Cronaca\\\/Politica\",\"Prima Pagina\"],\"inLanguage\":\"fr-FR\"},{\"@type\":\"WebPage\",\"@id\":\"https:\\\/\\\/www.bellunopress.it\\\/2026\\\/07\\\/20\\\/interventi-di-soccorso-23\\\/\",\"url\":\"https:\\\/\\\/www.bellunopress.it\\\/2026\\\/07\\\/20\\\/interventi-di-soccorso-23\\\/\",\"name\":\"Interventi di soccorso - Bellunopress - Dolomiti\",\"isPartOf\":{\"@id\":\"https:\\\/\\\/www.bellunopress.it\\\/#website\"},\"primaryImageOfPage\":{\"@id\":\"https:\\\/\\\/www.bellunopress.it\\\/2026\\\/07\\\/20\\\/interventi-di-soccorso-23\\\/#primaryimage\"},\"image\":{\"@id\":\"https:\\\/\\\/www.bellunopress.it\\\/2026\\\/07\\\/20\\\/interventi-di-soccorso-23\\\/#primaryimage\"},\"thumbnailUrl\":\"https:\\\/\\\/www.bellunopress.it\\\/wp-content\\\/uploads\\\/2026\\\/05\\\/soccorso-118.jpg\",\"datePublished\":\"2026-07-20T06:05:28+00:00\",\"dateModified\":\"2026-07-20T06:06:07+00:00\",\"breadcrumb\":{\"@id\":\"https:\\\/\\\/www.bellunopress.it\\\/2026\\\/07\\\/20\\\/interventi-di-soccorso-23\\\/#breadcrumb\"},\"inLanguage\":\"fr-FR\",\"potentialAction\":[{\"@type\":\"ReadAction\",\"target\":[\"https:\\\/\\\/www.bellunopress.it\\\/2026\\\/07\\\/20\\\/interventi-di-soccorso-23\\\/\"]}]},{\"@type\":\"ImageObject\",\"inLanguage\":\"fr-FR\",\"@id\":\"https:\\\/\\\/www.bellunopress.it\\\/2026\\\/07\\\/20\\\/interventi-di-soccorso-23\\\/#primaryimage\",\"url\":\"https:\\\/\\\/www.bellunopress.it\\\/wp-content\\\/uploads\\\/2026\\\/05\\\/soccorso-118.jpg\",\"contentUrl\":\"https:\\\/\\\/www.bellunopress.it\\\/wp-content\\\/uploads\\\/2026\\\/05\\\/soccorso-118.jpg\",\"width\":600,\"height\":269},{\"@type\":\"BreadcrumbList\",\"@id\":\"https:\\\/\\\/www.bellunopress.it\\\/2026\\\/07\\\/20\\\/interventi-di-soccorso-23\\\/#breadcrumb\",\"itemListElement\":[{\"@type\":\"ListItem\",\"position\":1,\"name\":\"Home\",\"item\":\"https:\\\/\\\/www.bellunopress.it\\\/\"},{\"@type\":\"ListItem\",\"position\":2,\"name\":\"Interventi di soccorso\"}]},{\"@type\":\"WebSite\",\"@id\":\"https:\\\/\\\/www.bellunopress.it\\\/#website\",\"url\":\"https:\\\/\\\/www.bellunopress.it\\\/\",\"name\":\"Bellunopress - Dolomiti\",\"description\":\"e-mail: redazione@bellunopress.it\",\"publisher\":{\"@id\":\"https:\\\/\\\/www.bellunopress.it\\\/#organization\"},\"potentialAction\":[{\"@type\":\"SearchAction\",\"target\":{\"@type\":\"EntryPoint\",\"urlTemplate\":\"https:\\\/\\\/www.bellunopress.it\\\/?s={search_term_string}\"},\"query-input\":{\"@type\":\"PropertyValueSpecification\",\"valueRequired\":true,\"valueName\":\"search_term_string\"}}],\"inLanguage\":\"fr-FR\"},{\"@type\":\"Organization\",\"@id\":\"https:\\\/\\\/www.bellunopress.it\\\/#organization\",\"name\":\"Bellunopress\",\"url\":\"https:\\\/\\\/www.bellunopress.it\\\/\",\"logo\":{\"@type\":\"ImageObject\",\"inLanguage\":\"fr-FR\",\"@id\":\"https:\\\/\\\/www.bellunopress.it\\\/#\\\/schema\\\/logo\\\/image\\\/\",\"url\":\"https:\\\/\\\/www.bellunopress.it\\\/wp-content\\\/uploads\\\/2011\\\/05\\\/cropped-logo-bellunopress-.jpg\",\"contentUrl\":\"https:\\\/\\\/www.bellunopress.it\\\/wp-content\\\/uploads\\\/2011\\\/05\\\/cropped-logo-bellunopress-.jpg\",\"width\":512,\"height\":512,\"caption\":\"Bellunopress\"},\"image\":{\"@id\":\"https:\\\/\\\/www.bellunopress.it\\\/#\\\/schema\\\/logo\\\/image\\\/\"},\"sameAs\":[\"https:\\\/\\\/www.facebook.com\\\/profile.php?id=100008943462799\",\"https:\\\/\\\/x.com\\\/bellunopress\",\"https:\\\/\\\/www.linkedin.com\\\/hp\\\/?dnr=JBzUWaJfMUw8vbXJJ2tVW5-I3jZKvC4wsoxE&amp;amp;amp;amp;amp;amp;trk=nav_responsive_tab_home\",\"https:\\\/\\\/www.youtube.com\\\/channel\\\/UCxL0wu1uN0_3_7hGG0306cw\"]},{\"@type\":\"Person\",\"@id\":\"https:\\\/\\\/www.bellunopress.it\\\/#\\\/schema\\\/person\\\/79bb06722b37ece1c03d3e94beb30d73\",\"name\":\"redazione\",\"image\":{\"@type\":\"ImageObject\",\"inLanguage\":\"fr-FR\",\"@id\":\"https:\\\/\\\/secure.gravatar.com\\\/avatar\\\/37d968a2e67a6fd04c169c4bdef102d0bc5d31b2546345219e348575eb80e9a0?s=96&d=mm&r=g\",\"url\":\"https:\\\/\\\/secure.gravatar.com\\\/avatar\\\/37d968a2e67a6fd04c169c4bdef102d0bc5d31b2546345219e348575eb80e9a0?s=96&d=mm&r=g\",\"contentUrl\":\"https:\\\/\\\/secure.gravatar.com\\\/avatar\\\/37d968a2e67a6fd04c169c4bdef102d0bc5d31b2546345219e348575eb80e9a0?s=96&d=mm&r=g\",\"caption\":\"redazione\"},\"sameAs\":[\"http:\\\/\\\/www.bellunopress.it\",\"https:\\\/\\\/x.com\\\/bellunopress\"],\"url\":\"https:\\\/\\\/www.bellunopress.it\\\/fr\\\/author\\\/redazione\\\/\"}]}<\/script>\n<!-- \/ Yoast SEO plugin. -->","yoast_head_json":{"title":"Interventi di soccorso - Bellunopress - Dolomiti","robots":{"index":"index","follow":"follow","max-snippet":"max-snippet:-1","max-image-preview":"max-image-preview:large","max-video-preview":"max-video-preview:-1"},"canonical":"https:\/\/www.bellunopress.it\/fr\/2026\/07\/20\/interventi-di-soccorso-23\/","og_locale":"fr_FR","og_type":"article","og_title":"Interventi di soccorso - Bellunopress - Dolomiti","og_description":"Belluno, 19 &#8211; 07 &#8211; 2026\u00a0 \u00a0Falco 2 \u00e8 stato inviato in Val Civetta, per un giovane turista belga immobilizzato da una crisi di panico. Il 21enne, che si trovava sul sentiero tra il Col Negro e il Rifugio Tissi, era assistito da una squadra del Soccorso alpino di Alleghe &#8211; Val Fiorentina, che lo [&hellip;]","og_url":"https:\/\/www.bellunopress.it\/fr\/2026\/07\/20\/interventi-di-soccorso-23\/","og_site_name":"Bellunopress - Dolomiti","article_publisher":"https:\/\/www.facebook.com\/profile.php?id=100008943462799","article_published_time":"2026-07-20T06:05:28+00:00","article_modified_time":"2026-07-20T06:06:07+00:00","og_image":[{"width":600,"height":269,"url":"https:\/\/www.bellunopress.it\/wp-content\/uploads\/2026\/05\/soccorso-118.jpg","type":"image\/jpeg"}],"author":"redazione","twitter_card":"summary_large_image","twitter_creator":"@bellunopress","twitter_site":"@bellunopress","twitter_misc":{"\u00c9crit par":"redazione","Dur\u00e9e de lecture estim\u00e9e":"3 minutes"},"schema":{"@context":"https:\/\/schema.org","@graph":[{"@type":"Article","@id":"https:\/\/www.bellunopress.it\/2026\/07\/20\/interventi-di-soccorso-23\/#article","isPartOf":{"@id":"https:\/\/www.bellunopress.it\/2026\/07\/20\/interventi-di-soccorso-23\/"},"author":{"name":"redazione","@id":"https:\/\/www.bellunopress.it\/#\/schema\/person\/79bb06722b37ece1c03d3e94beb30d73"},"headline":"Interventi di soccorso","datePublished":"2026-07-20T06:05:28+00:00","dateModified":"2026-07-20T06:06:07+00:00","mainEntityOfPage":{"@id":"https:\/\/www.bellunopress.it\/2026\/07\/20\/interventi-di-soccorso-23\/"},"wordCount":393,"publisher":{"@id":"https:\/\/www.bellunopress.it\/#organization"},"image":{"@id":"https:\/\/www.bellunopress.it\/2026\/07\/20\/interventi-di-soccorso-23\/#primaryimage"},"thumbnailUrl":"https:\/\/www.bellunopress.it\/wp-content\/uploads\/2026\/05\/soccorso-118.jpg","articleSection":["Cronaca\/Politica","Prima Pagina"],"inLanguage":"fr-FR"},{"@type":"WebPage","@id":"https:\/\/www.bellunopress.it\/2026\/07\/20\/interventi-di-soccorso-23\/","url":"https:\/\/www.bellunopress.it\/2026\/07\/20\/interventi-di-soccorso-23\/","name":"Interventi di soccorso - Bellunopress - Dolomiti","isPartOf":{"@id":"https:\/\/www.bellunopress.it\/#website"},"primaryImageOfPage":{"@id":"https:\/\/www.bellunopress.it\/2026\/07\/20\/interventi-di-soccorso-23\/#primaryimage"},"image":{"@id":"https:\/\/www.bellunopress.it\/2026\/07\/20\/interventi-di-soccorso-23\/#primaryimage"},"thumbnailUrl":"https:\/\/www.bellunopress.it\/wp-content\/uploads\/2026\/05\/soccorso-118.jpg","datePublished":"2026-07-20T06:05:28+00:00","dateModified":"2026-07-20T06:06:07+00:00","breadcrumb":{"@id":"https:\/\/www.bellunopress.it\/2026\/07\/20\/interventi-di-soccorso-23\/#breadcrumb"},"inLanguage":"fr-FR","potentialAction":[{"@type":"ReadAction","target":["https:\/\/www.bellunopress.it\/2026\/07\/20\/interventi-di-soccorso-23\/"]}]},{"@type":"ImageObject","inLanguage":"fr-FR","@id":"https:\/\/www.bellunopress.it\/2026\/07\/20\/interventi-di-soccorso-23\/#primaryimage","url":"https:\/\/www.bellunopress.it\/wp-content\/uploads\/2026\/05\/soccorso-118.jpg","contentUrl":"https:\/\/www.bellunopress.it\/wp-content\/uploads\/2026\/05\/soccorso-118.jpg","width":600,"height":269},{"@type":"BreadcrumbList","@id":"https:\/\/www.bellunopress.it\/2026\/07\/20\/interventi-di-soccorso-23\/#breadcrumb","itemListElement":[{"@type":"ListItem","position":1,"name":"Home","item":"https:\/\/www.bellunopress.it\/"},{"@type":"ListItem","position":2,"name":"Interventi di soccorso"}]},{"@type":"WebSite","@id":"https:\/\/www.bellunopress.it\/#website","url":"https:\/\/www.bellunopress.it\/","name":"Bellunopress - Dolomiti","description":"e-mail: redazione@bellunopress.it","publisher":{"@id":"https:\/\/www.bellunopress.it\/#organization"},"potentialAction":[{"@type":"SearchAction","target":{"@type":"EntryPoint","urlTemplate":"https:\/\/www.bellunopress.it\/?s={search_term_string}"},"query-input":{"@type":"PropertyValueSpecification","valueRequired":true,"valueName":"search_term_string"}}],"inLanguage":"fr-FR"},{"@type":"Organization","@id":"https:\/\/www.bellunopress.it\/#organization","name":"Bellunopress","url":"https:\/\/www.bellunopress.it\/","logo":{"@type":"ImageObject","inLanguage":"fr-FR","@id":"https:\/\/www.bellunopress.it\/#\/schema\/logo\/image\/","url":"https:\/\/www.bellunopress.it\/wp-content\/uploads\/2011\/05\/cropped-logo-bellunopress-.jpg","contentUrl":"https:\/\/www.bellunopress.it\/wp-content\/uploads\/2011\/05\/cropped-logo-bellunopress-.jpg","width":512,"height":512,"caption":"Bellunopress"},"image":{"@id":"https:\/\/www.bellunopress.it\/#\/schema\/logo\/image\/"},"sameAs":["https:\/\/www.facebook.com\/profile.php?id=100008943462799","https:\/\/x.com\/bellunopress","https:\/\/www.linkedin.com\/hp\/?dnr=JBzUWaJfMUw8vbXJJ2tVW5-I3jZKvC4wsoxE&amp;amp;amp;amp;amp;amp;trk=nav_responsive_tab_home","https:\/\/www.youtube.com\/channel\/UCxL0wu1uN0_3_7hGG0306cw"]},{"@type":"Person","@id":"https:\/\/www.bellunopress.it\/#\/schema\/person\/79bb06722b37ece1c03d3e94beb30d73","name":"r\u00e9daction","image":{"@type":"ImageObject","inLanguage":"fr-FR","@id":"https:\/\/secure.gravatar.com\/avatar\/37d968a2e67a6fd04c169c4bdef102d0bc5d31b2546345219e348575eb80e9a0?s=96&d=mm&r=g","url":"https:\/\/secure.gravatar.com\/avatar\/37d968a2e67a6fd04c169c4bdef102d0bc5d31b2546345219e348575eb80e9a0?s=96&d=mm&r=g","contentUrl":"https:\/\/secure.gravatar.com\/avatar\/37d968a2e67a6fd04c169c4bdef102d0bc5d31b2546345219e348575eb80e9a0?s=96&d=mm&r=g","caption":"redazione"},"sameAs":["http:\/\/www.bellunopress.it","https:\/\/x.com\/bellunopress"],"url":"https:\/\/www.bellunopress.it\/fr\/author\/redazione\/"}]}},"_links":{"self":[{"href":"https:\/\/www.bellunopress.it\/fr\/wp-json\/wp\/v2\/posts\/172036","targetHints":{"allow":["GET"]}}],"collection":[{"href":"https:\/\/www.bellunopress.it\/fr\/wp-json\/wp\/v2\/posts"}],"about":[{"href":"https:\/\/www.bellunopress.it\/fr\/wp-json\/wp\/v2\/types\/post"}],"author":[{"embeddable":true,"href":"https:\/\/www.bellunopress.it\/fr\/wp-json\/wp\/v2\/users\/2"}],"replies":[{"embeddable":true,"href":"https:\/\/www.bellunopress.it\/fr\/wp-json\/wp\/v2\/comments?post=172036"}],"version-history":[{"count":2,"href":"https:\/\/www.bellunopress.it\/fr\/wp-json\/wp\/v2\/posts\/172036\/revisions"}],"predecessor-version":[{"id":172038,"href":"https:\/\/www.bellunopress.it\/fr\/wp-json\/wp\/v2\/posts\/172036\/revisions\/172038"}],"wp:featuredmedia":[{"embeddable":true,"href":"https:\/\/www.bellunopress.it\/fr\/wp-json\/wp\/v2\/media\/170567"}],"wp:attachment":[{"href":"https:\/\/www.bellunopress.it\/fr\/wp-json\/wp\/v2\/media?parent=172036"}],"wp:term":[{"taxonomy":"category","embeddable":true,"href":"https:\/\/www.bellunopress.it\/fr\/wp-json\/wp\/v2\/categories?post=172036"},{"taxonomy":"post_tag","embeddable":true,"href":"https:\/\/www.bellunopress.it\/fr\/wp-json\/wp\/v2\/tags?post=172036"}],"curies":[{"name":"wp","href":"https:\/\/api.w.org\/{rel}","templated":true}]}}