{"id":172034,"date":"2026-07-19T21:00:32","date_gmt":"2026-07-19T19:00:32","guid":{"rendered":"https:\/\/www.bellunopress.it\/?p=172034"},"modified":"2026-07-19T21:00:32","modified_gmt":"2026-07-19T19:00:32","slug":"gran-finale-a-feltre-incoronati-i-campioni-del-41-trofeo-internazionale-guarnieri","status":"publish","type":"post","link":"https:\/\/www.bellunopress.it\/fr\/2026\/07\/19\/gran-finale-a-feltre-incoronati-i-campioni-del-41-trofeo-internazionale-guarnieri\/","title":{"rendered":"Gran finale a Feltre: incoronati i campioni del 41\u00b0 Trofeo Internazionale Guarnieri"},"content":{"rendered":"<p><strong>Sui cieli del Monte Avena si \u00e8 disputata l&#8217;ultima decisiva prova del trofeo, conclusasi con successo a Boscherai prima di un blocco per maltempo. Manuel N\u00fcbel e Silvia Buzzi Ferraris trionfano nella classifica assoluta di un&#8217;edizione straordinaria.<\/strong><\/p>\n<p>Feltre (Belluno), 19 luglio 2026 \u2013 Cala ufficialmente il sipario sul 41\u00b0 Trofeo Internazionale Guarnieri e Alpen Cup 2026. Oggi, sui cieli del Monte Avena, si \u00e8 disputata la quarta e ultima prova strutturata su un tracciato di 48.5 km e interrotta per sicurezza alle ore 14:14 a causa di temporali in avvicinamento. Nonostante lo stop, la manche \u00e8 considerata pienamente valida.<\/p>\n<p>La classifica della quarta task ha visto la vittoria del tedesco Manuel N\u00fcbel, che ha conquistato 339.2 punti. In seconda posizione, a pari merito con 338.8 punti ciascuno, si sono piazzati l&#8217;italiano Joachim Oberhauser e il francese Antoine Cabiac. Al quarto posto si \u00e8 classificato il francese Edouard Potel con 338.7 punti, mentre l&#8217;azzurro Davide Sassudelli ha completato la top 5 di giornata ottenendo 338.5 punti. Sul fronte femminile, la quarta task \u00e8 stata vinta dall&#8217;italiana Silvia Buzzi Ferraris con 263.7 punti, seguita dalla polacca Klaudia Bulgakow con 219.8 punti e dalla tedesca Yvonne Dathe con 217.9 punti.<\/p>\n<p><strong>I verdetti finali del Trofeo Guarnieri 2026<\/strong><br \/>\nLa somma delle quattro prove disputate decreta i campioni assoluti della manifestazione. La classifica generale definitiva della categoria Overall incorona il tedesco Manuel N\u00fcbel, vincitore del trofeo con un punteggio totale di 2440 punti. Il podio assoluto \u00e8 interamente monopolizzato dalla Germania, che conquista il secondo posto con Ferdinand Vogel (2392 punti) e il terzo con Johannes Baumgarten (2379 punti), quest&#8217;ultimo rimasto davanti per una manciata di lunghezzze all&#8217;azzurro Joachim Oberhauser, ottimo quarto con 2382 punti complessivi. Chiude la cinquina dei migliori un altro italiano, Marco Littame, quinto a quota 2366 punti.<br \/>\nNella categoria femminile, il titolo assoluto va alla formidabile azzurra Silvia Buzzi Ferraris, prima con ben 2089 punti totali. La medaglia d&#8217;argento \u00e8 della polacca Klaudia Bulgakow con 1770 punti, mentre il bronzo va al collo della tedesca Yvonne Dathe con 1664 punti. Si conferma ad altissimi livelli la feltrina Martina Centa del club organizzatore, splendida quarta assoluta con 1534 punti, seguita dall&#8217;austriaca Katharina Gangl, quinta con 1238 punti.<\/p>\n<p><strong>Quarta Task: la cronaca della prova finale<\/strong><br \/>\nDopo i successi delle prime tre giornate, l&#8217;ultima task della manifestazione si \u00e8 disputata sul Monte Avena. Nonostante le condizioni meteorologiche fossero al limite, lo staff ha saputo sfruttare al meglio l&#8217;80% di possibilit\u00e0 di convalida della prova. I decolli dall&#8217;Avena sono iniziati intorno alle 12:30, regalando uno start in volo collettivo spettacolare a tutti i piloti alle 13:30 proprio sopra la cima del monte. Il percorso tecnico si \u00e8 sviluppato lungo un doppio giro su un triangolo che da Seren portava a Busche e poi a Pafagai, per poi ripetere la sequenza Seren-Busche-Pafagai e procedere con il disimpegno finale a Norcen verso la linea del traguardo, tutto perfettamente visibile dal centro operativo di Boscherai. Il tema e i tempi della task, inizialmente accorciata proprio per anticipare la pioggia prevista intorno alle 16:00, sono stati pienamente rispettati dai concorrenti, con i primi arrivi a meta registrati tendenzialmente verso le 15:30. L&#8217;unico fuori programma \u00e8 stato lo stop anticipato della gara dovuto all&#8217;arrivo repentino di una cellula temporalesca che ha causato 40 minuti di pioggia, quando fortunatamente tutti i piloti erano gi\u00e0 a terra in totale sicurezza a Boscherai.<\/p>\n<p><strong>Le istituzioni presenti alle premiazioni<\/strong><br \/>\nLe cerimonie ufficiali di chiusura e consegna dei premi si sono svolte nella cornice di Boscherai alla presenza dei rappresentanti delle istituzioni locali. Hanno preso parte attiva alle premiazioni il Sindaco di Pedavena Nicola Castellaz, il Sindaco di Fonzaso Cristian Pasa, la consigliera di Sovramonte Elsa Colomberotto, l&#8217;assessore di Feltre Maurizio Zatta e Alessandro Scopel per la FPB Cassa. Tutte le autorit\u00e0 intervenute sul palco hanno voluto segnalare la propria vicinanza al club, confermando la massima disponibilit\u00e0 a collaborare e ad aiutare concretamente il sodalizio anche per la realizzazione dei futuri progetti.<\/p>\n<p><strong>Il bilancio del Presidente Matteo Di Brina<\/strong><br \/>\nIl presidente del Para &amp; Delta Club Feltre, Matteo Di Brina, ha tracciato con orgoglio un bilancio estremamente positivo della kermesse: \u00abIl bilancio \u00e8 sicuramente molto positivo, i piloti hanno pi\u00f9 volte sottolineato la soddisfazione di aver partecipato al nostro ambito trofeo, apprezzando l&#8217;organizzazione e l&#8217;efficienza tecnica dimostrata. Sono molto orgoglioso dei soci e volontari del club. Il prossimo fine settimana avremo due prove del campionato Triveneto di parapendio, il 22 agosto sar\u00e0 la volta di Sportissima Extreme 2026, un evento su cui stiamo puntando molto e ci teniamo in modo particolare, poi a met\u00e0 settembre avremo la finale del Triveneto e il Testival. Il prossimo anno organizzeremo la Prealpitour 2027, evento biennale tutto nostro di hike and fly parapendio, stiamo poi pensando ad ospitare un evento di deltaplano nel 2027. Insomma tanta roba in cantiere, c&#8217;\u00e8 tutto l&#8217;entusiasmo possibile, sappiamo che non basta, ma sicuramente \u00e8 un punto di partenza essenziale. Contiamo sempre sulla collaborazione dei comuni del comprensorio del Monte Avena, Feltre, Pedavena, Fonzaso e Sovramonte, chi fa squadra vince. Gli sponsor che ci seguono sono essenziali per progetti in cantiere, probabilmente non sufficienti, per questo dovremo lavorare ancora molto. Il mio pensiero \u00e8, come tutti gli organizzatori, alla macchina organizzativa fatta di volontari, senza di loro, nulla di tutto questo sarebbe possibile, li adoro!\u00bb<\/p>","protected":false},"excerpt":{"rendered":"<p>Sui cieli del Monte Avena si \u00e8 disputata l&#8217;ultima decisiva prova del trofeo, conclusasi con successo a Boscherai prima di un blocco per maltempo. Manuel N\u00fcbel e Silvia Buzzi Ferraris trionfano nella classifica assoluta di un&#8217;edizione straordinaria. Feltre (Belluno), 19 luglio 2026 \u2013 Cala ufficialmente il sipario sul 41\u00b0 Trofeo Internazionale Guarnieri e Alpen Cup [&hellip;]<\/p>\n","protected":false},"author":2,"featured_media":172005,"comment_status":"closed","ping_status":"open","sticky":false,"template":"","format":"standard","meta":{"footnotes":""},"categories":[26,4],"tags":[],"class_list":["post-172034","post","type-post","status-publish","format-standard","has-post-thumbnail","category-prima-pagina","category-sport"],"yoast_head":"<!-- This site is optimized with the Yoast SEO plugin v28.4 - https:\/\/yoast.com\/product\/yoast-seo-wordpress\/ -->\n<title>Gran finale a Feltre: incoronati i campioni del 41\u00b0 Trofeo Internazionale Guarnieri - Bellunopress - Dolomiti<\/title>\n<meta name=\"robots\" content=\"index, follow, max-snippet:-1, max-image-preview:large, max-video-preview:-1\" \/>\n<link rel=\"canonical\" href=\"https:\/\/www.bellunopress.it\/fr\/2026\/07\/19\/gran-finale-a-feltre-incoronati-i-campioni-del-41-trofeo-internazionale-guarnieri\/\" \/>\n<meta property=\"og:locale\" content=\"fr_FR\" \/>\n<meta property=\"og:type\" content=\"article\" \/>\n<meta property=\"og:title\" content=\"Gran finale a Feltre: incoronati i campioni del 41\u00b0 Trofeo Internazionale Guarnieri - Bellunopress - Dolomiti\" \/>\n<meta property=\"og:description\" content=\"Sui cieli del Monte Avena si \u00e8 disputata l&#8217;ultima decisiva prova del trofeo, conclusasi con successo a Boscherai prima di un blocco per maltempo. Manuel N\u00fcbel e Silvia Buzzi Ferraris trionfano nella classifica assoluta di un&#8217;edizione straordinaria. Feltre (Belluno), 19 luglio 2026 \u2013 Cala ufficialmente il sipario sul 41\u00b0 Trofeo Internazionale Guarnieri e Alpen Cup [&hellip;]\" \/>\n<meta property=\"og:url\" content=\"https:\/\/www.bellunopress.it\/fr\/2026\/07\/19\/gran-finale-a-feltre-incoronati-i-campioni-del-41-trofeo-internazionale-guarnieri\/\" \/>\n<meta property=\"og:site_name\" content=\"Bellunopress - Dolomiti\" \/>\n<meta property=\"article:publisher\" content=\"https:\/\/www.facebook.com\/profile.php?id=100008943462799\" \/>\n<meta property=\"article:published_time\" content=\"2026-07-19T19:00:32+00:00\" \/>\n<meta property=\"og:image\" content=\"https:\/\/www.bellunopress.it\/wp-content\/uploads\/2026\/07\/Parapendio-MOnte-Avena-ph-Martin-Sheel.jpg\" \/>\n\t<meta property=\"og:image:width\" content=\"600\" \/>\n\t<meta property=\"og:image:height\" content=\"399\" \/>\n\t<meta property=\"og:image:type\" content=\"image\/jpeg\" \/>\n<meta name=\"author\" content=\"redazione\" \/>\n<meta name=\"twitter:card\" content=\"summary_large_image\" \/>\n<meta name=\"twitter:creator\" content=\"@bellunopress\" \/>\n<meta name=\"twitter:site\" content=\"@bellunopress\" \/>\n<meta name=\"twitter:label1\" content=\"\u00c9crit par\" \/>\n\t<meta name=\"twitter:data1\" content=\"redazione\" \/>\n\t<meta name=\"twitter:label2\" content=\"Dur\u00e9e de lecture estim\u00e9e\" \/>\n\t<meta name=\"twitter:data2\" content=\"5 minutes\" \/>\n<script type=\"application\/ld+json\" class=\"yoast-schema-graph\">{\"@context\":\"https:\\\/\\\/schema.org\",\"@graph\":[{\"@type\":\"Article\",\"@id\":\"https:\\\/\\\/www.bellunopress.it\\\/2026\\\/07\\\/19\\\/gran-finale-a-feltre-incoronati-i-campioni-del-41-trofeo-internazionale-guarnieri\\\/#article\",\"isPartOf\":{\"@id\":\"https:\\\/\\\/www.bellunopress.it\\\/2026\\\/07\\\/19\\\/gran-finale-a-feltre-incoronati-i-campioni-del-41-trofeo-internazionale-guarnieri\\\/\"},\"author\":{\"name\":\"redazione\",\"@id\":\"https:\\\/\\\/www.bellunopress.it\\\/#\\\/schema\\\/person\\\/79bb06722b37ece1c03d3e94beb30d73\"},\"headline\":\"Gran finale a Feltre: incoronati i campioni del 41\u00b0 Trofeo Internazionale Guarnieri\",\"datePublished\":\"2026-07-19T19:00:32+00:00\",\"mainEntityOfPage\":{\"@id\":\"https:\\\/\\\/www.bellunopress.it\\\/2026\\\/07\\\/19\\\/gran-finale-a-feltre-incoronati-i-campioni-del-41-trofeo-internazionale-guarnieri\\\/\"},\"wordCount\":864,\"publisher\":{\"@id\":\"https:\\\/\\\/www.bellunopress.it\\\/#organization\"},\"image\":{\"@id\":\"https:\\\/\\\/www.bellunopress.it\\\/2026\\\/07\\\/19\\\/gran-finale-a-feltre-incoronati-i-campioni-del-41-trofeo-internazionale-guarnieri\\\/#primaryimage\"},\"thumbnailUrl\":\"https:\\\/\\\/www.bellunopress.it\\\/wp-content\\\/uploads\\\/2026\\\/07\\\/Parapendio-MOnte-Avena-ph-Martin-Sheel.jpg\",\"articleSection\":[\"Prima Pagina\",\"Sport, tempo libero\"],\"inLanguage\":\"fr-FR\"},{\"@type\":\"WebPage\",\"@id\":\"https:\\\/\\\/www.bellunopress.it\\\/2026\\\/07\\\/19\\\/gran-finale-a-feltre-incoronati-i-campioni-del-41-trofeo-internazionale-guarnieri\\\/\",\"url\":\"https:\\\/\\\/www.bellunopress.it\\\/2026\\\/07\\\/19\\\/gran-finale-a-feltre-incoronati-i-campioni-del-41-trofeo-internazionale-guarnieri\\\/\",\"name\":\"Gran finale a Feltre: incoronati i campioni del 41\u00b0 Trofeo Internazionale Guarnieri - Bellunopress - Dolomiti\",\"isPartOf\":{\"@id\":\"https:\\\/\\\/www.bellunopress.it\\\/#website\"},\"primaryImageOfPage\":{\"@id\":\"https:\\\/\\\/www.bellunopress.it\\\/2026\\\/07\\\/19\\\/gran-finale-a-feltre-incoronati-i-campioni-del-41-trofeo-internazionale-guarnieri\\\/#primaryimage\"},\"image\":{\"@id\":\"https:\\\/\\\/www.bellunopress.it\\\/2026\\\/07\\\/19\\\/gran-finale-a-feltre-incoronati-i-campioni-del-41-trofeo-internazionale-guarnieri\\\/#primaryimage\"},\"thumbnailUrl\":\"https:\\\/\\\/www.bellunopress.it\\\/wp-content\\\/uploads\\\/2026\\\/07\\\/Parapendio-MOnte-Avena-ph-Martin-Sheel.jpg\",\"datePublished\":\"2026-07-19T19:00:32+00:00\",\"breadcrumb\":{\"@id\":\"https:\\\/\\\/www.bellunopress.it\\\/2026\\\/07\\\/19\\\/gran-finale-a-feltre-incoronati-i-campioni-del-41-trofeo-internazionale-guarnieri\\\/#breadcrumb\"},\"inLanguage\":\"fr-FR\",\"potentialAction\":[{\"@type\":\"ReadAction\",\"target\":[\"https:\\\/\\\/www.bellunopress.it\\\/2026\\\/07\\\/19\\\/gran-finale-a-feltre-incoronati-i-campioni-del-41-trofeo-internazionale-guarnieri\\\/\"]}]},{\"@type\":\"ImageObject\",\"inLanguage\":\"fr-FR\",\"@id\":\"https:\\\/\\\/www.bellunopress.it\\\/2026\\\/07\\\/19\\\/gran-finale-a-feltre-incoronati-i-campioni-del-41-trofeo-internazionale-guarnieri\\\/#primaryimage\",\"url\":\"https:\\\/\\\/www.bellunopress.it\\\/wp-content\\\/uploads\\\/2026\\\/07\\\/Parapendio-MOnte-Avena-ph-Martin-Sheel.jpg\",\"contentUrl\":\"https:\\\/\\\/www.bellunopress.it\\\/wp-content\\\/uploads\\\/2026\\\/07\\\/Parapendio-MOnte-Avena-ph-Martin-Sheel.jpg\",\"width\":600,\"height\":399,\"caption\":\"Trofeo Guarnieri, Monte Avena (Ph: Martin Sheel)\"},{\"@type\":\"BreadcrumbList\",\"@id\":\"https:\\\/\\\/www.bellunopress.it\\\/2026\\\/07\\\/19\\\/gran-finale-a-feltre-incoronati-i-campioni-del-41-trofeo-internazionale-guarnieri\\\/#breadcrumb\",\"itemListElement\":[{\"@type\":\"ListItem\",\"position\":1,\"name\":\"Home\",\"item\":\"https:\\\/\\\/www.bellunopress.it\\\/\"},{\"@type\":\"ListItem\",\"position\":2,\"name\":\"Gran finale a Feltre: incoronati i campioni del 41\u00b0 Trofeo Internazionale Guarnieri\"}]},{\"@type\":\"WebSite\",\"@id\":\"https:\\\/\\\/www.bellunopress.it\\\/#website\",\"url\":\"https:\\\/\\\/www.bellunopress.it\\\/\",\"name\":\"Bellunopress - Dolomiti\",\"description\":\"e-mail: redazione@bellunopress.it\",\"publisher\":{\"@id\":\"https:\\\/\\\/www.bellunopress.it\\\/#organization\"},\"potentialAction\":[{\"@type\":\"SearchAction\",\"target\":{\"@type\":\"EntryPoint\",\"urlTemplate\":\"https:\\\/\\\/www.bellunopress.it\\\/?s={search_term_string}\"},\"query-input\":{\"@type\":\"PropertyValueSpecification\",\"valueRequired\":true,\"valueName\":\"search_term_string\"}}],\"inLanguage\":\"fr-FR\"},{\"@type\":\"Organization\",\"@id\":\"https:\\\/\\\/www.bellunopress.it\\\/#organization\",\"name\":\"Bellunopress\",\"url\":\"https:\\\/\\\/www.bellunopress.it\\\/\",\"logo\":{\"@type\":\"ImageObject\",\"inLanguage\":\"fr-FR\",\"@id\":\"https:\\\/\\\/www.bellunopress.it\\\/#\\\/schema\\\/logo\\\/image\\\/\",\"url\":\"https:\\\/\\\/www.bellunopress.it\\\/wp-content\\\/uploads\\\/2011\\\/05\\\/cropped-logo-bellunopress-.jpg\",\"contentUrl\":\"https:\\\/\\\/www.bellunopress.it\\\/wp-content\\\/uploads\\\/2011\\\/05\\\/cropped-logo-bellunopress-.jpg\",\"width\":512,\"height\":512,\"caption\":\"Bellunopress\"},\"image\":{\"@id\":\"https:\\\/\\\/www.bellunopress.it\\\/#\\\/schema\\\/logo\\\/image\\\/\"},\"sameAs\":[\"https:\\\/\\\/www.facebook.com\\\/profile.php?id=100008943462799\",\"https:\\\/\\\/x.com\\\/bellunopress\",\"https:\\\/\\\/www.linkedin.com\\\/hp\\\/?dnr=JBzUWaJfMUw8vbXJJ2tVW5-I3jZKvC4wsoxE&amp;amp;amp;amp;amp;amp;trk=nav_responsive_tab_home\",\"https:\\\/\\\/www.youtube.com\\\/channel\\\/UCxL0wu1uN0_3_7hGG0306cw\"]},{\"@type\":\"Person\",\"@id\":\"https:\\\/\\\/www.bellunopress.it\\\/#\\\/schema\\\/person\\\/79bb06722b37ece1c03d3e94beb30d73\",\"name\":\"redazione\",\"image\":{\"@type\":\"ImageObject\",\"inLanguage\":\"fr-FR\",\"@id\":\"https:\\\/\\\/secure.gravatar.com\\\/avatar\\\/37d968a2e67a6fd04c169c4bdef102d0bc5d31b2546345219e348575eb80e9a0?s=96&d=mm&r=g\",\"url\":\"https:\\\/\\\/secure.gravatar.com\\\/avatar\\\/37d968a2e67a6fd04c169c4bdef102d0bc5d31b2546345219e348575eb80e9a0?s=96&d=mm&r=g\",\"contentUrl\":\"https:\\\/\\\/secure.gravatar.com\\\/avatar\\\/37d968a2e67a6fd04c169c4bdef102d0bc5d31b2546345219e348575eb80e9a0?s=96&d=mm&r=g\",\"caption\":\"redazione\"},\"sameAs\":[\"http:\\\/\\\/www.bellunopress.it\",\"https:\\\/\\\/x.com\\\/bellunopress\"],\"url\":\"https:\\\/\\\/www.bellunopress.it\\\/fr\\\/author\\\/redazione\\\/\"}]}<\/script>\n<!-- \/ Yoast SEO plugin. -->","yoast_head_json":{"title":"Gran finale a Feltre: incoronati i campioni del 41\u00b0 Trofeo Internazionale Guarnieri - Bellunopress - Dolomiti","robots":{"index":"index","follow":"follow","max-snippet":"max-snippet:-1","max-image-preview":"max-image-preview:large","max-video-preview":"max-video-preview:-1"},"canonical":"https:\/\/www.bellunopress.it\/fr\/2026\/07\/19\/gran-finale-a-feltre-incoronati-i-campioni-del-41-trofeo-internazionale-guarnieri\/","og_locale":"fr_FR","og_type":"article","og_title":"Gran finale a Feltre: incoronati i campioni del 41\u00b0 Trofeo Internazionale Guarnieri - Bellunopress - Dolomiti","og_description":"Sui cieli del Monte Avena si \u00e8 disputata l&#8217;ultima decisiva prova del trofeo, conclusasi con successo a Boscherai prima di un blocco per maltempo. Manuel N\u00fcbel e Silvia Buzzi Ferraris trionfano nella classifica assoluta di un&#8217;edizione straordinaria. Feltre (Belluno), 19 luglio 2026 \u2013 Cala ufficialmente il sipario sul 41\u00b0 Trofeo Internazionale Guarnieri e Alpen Cup [&hellip;]","og_url":"https:\/\/www.bellunopress.it\/fr\/2026\/07\/19\/gran-finale-a-feltre-incoronati-i-campioni-del-41-trofeo-internazionale-guarnieri\/","og_site_name":"Bellunopress - Dolomiti","article_publisher":"https:\/\/www.facebook.com\/profile.php?id=100008943462799","article_published_time":"2026-07-19T19:00:32+00:00","og_image":[{"width":600,"height":399,"url":"https:\/\/www.bellunopress.it\/wp-content\/uploads\/2026\/07\/Parapendio-MOnte-Avena-ph-Martin-Sheel.jpg","type":"image\/jpeg"}],"author":"redazione","twitter_card":"summary_large_image","twitter_creator":"@bellunopress","twitter_site":"@bellunopress","twitter_misc":{"\u00c9crit par":"redazione","Dur\u00e9e de lecture estim\u00e9e":"5 minutes"},"schema":{"@context":"https:\/\/schema.org","@graph":[{"@type":"Article","@id":"https:\/\/www.bellunopress.it\/2026\/07\/19\/gran-finale-a-feltre-incoronati-i-campioni-del-41-trofeo-internazionale-guarnieri\/#article","isPartOf":{"@id":"https:\/\/www.bellunopress.it\/2026\/07\/19\/gran-finale-a-feltre-incoronati-i-campioni-del-41-trofeo-internazionale-guarnieri\/"},"author":{"name":"redazione","@id":"https:\/\/www.bellunopress.it\/#\/schema\/person\/79bb06722b37ece1c03d3e94beb30d73"},"headline":"Gran finale a Feltre: incoronati i campioni del 41\u00b0 Trofeo Internazionale Guarnieri","datePublished":"2026-07-19T19:00:32+00:00","mainEntityOfPage":{"@id":"https:\/\/www.bellunopress.it\/2026\/07\/19\/gran-finale-a-feltre-incoronati-i-campioni-del-41-trofeo-internazionale-guarnieri\/"},"wordCount":864,"publisher":{"@id":"https:\/\/www.bellunopress.it\/#organization"},"image":{"@id":"https:\/\/www.bellunopress.it\/2026\/07\/19\/gran-finale-a-feltre-incoronati-i-campioni-del-41-trofeo-internazionale-guarnieri\/#primaryimage"},"thumbnailUrl":"https:\/\/www.bellunopress.it\/wp-content\/uploads\/2026\/07\/Parapendio-MOnte-Avena-ph-Martin-Sheel.jpg","articleSection":["Prima Pagina","Sport, tempo libero"],"inLanguage":"fr-FR"},{"@type":"WebPage","@id":"https:\/\/www.bellunopress.it\/2026\/07\/19\/gran-finale-a-feltre-incoronati-i-campioni-del-41-trofeo-internazionale-guarnieri\/","url":"https:\/\/www.bellunopress.it\/2026\/07\/19\/gran-finale-a-feltre-incoronati-i-campioni-del-41-trofeo-internazionale-guarnieri\/","name":"Gran finale a Feltre: incoronati i campioni del 41\u00b0 Trofeo Internazionale Guarnieri - Bellunopress - Dolomiti","isPartOf":{"@id":"https:\/\/www.bellunopress.it\/#website"},"primaryImageOfPage":{"@id":"https:\/\/www.bellunopress.it\/2026\/07\/19\/gran-finale-a-feltre-incoronati-i-campioni-del-41-trofeo-internazionale-guarnieri\/#primaryimage"},"image":{"@id":"https:\/\/www.bellunopress.it\/2026\/07\/19\/gran-finale-a-feltre-incoronati-i-campioni-del-41-trofeo-internazionale-guarnieri\/#primaryimage"},"thumbnailUrl":"https:\/\/www.bellunopress.it\/wp-content\/uploads\/2026\/07\/Parapendio-MOnte-Avena-ph-Martin-Sheel.jpg","datePublished":"2026-07-19T19:00:32+00:00","breadcrumb":{"@id":"https:\/\/www.bellunopress.it\/2026\/07\/19\/gran-finale-a-feltre-incoronati-i-campioni-del-41-trofeo-internazionale-guarnieri\/#breadcrumb"},"inLanguage":"fr-FR","potentialAction":[{"@type":"ReadAction","target":["https:\/\/www.bellunopress.it\/2026\/07\/19\/gran-finale-a-feltre-incoronati-i-campioni-del-41-trofeo-internazionale-guarnieri\/"]}]},{"@type":"ImageObject","inLanguage":"fr-FR","@id":"https:\/\/www.bellunopress.it\/2026\/07\/19\/gran-finale-a-feltre-incoronati-i-campioni-del-41-trofeo-internazionale-guarnieri\/#primaryimage","url":"https:\/\/www.bellunopress.it\/wp-content\/uploads\/2026\/07\/Parapendio-MOnte-Avena-ph-Martin-Sheel.jpg","contentUrl":"https:\/\/www.bellunopress.it\/wp-content\/uploads\/2026\/07\/Parapendio-MOnte-Avena-ph-Martin-Sheel.jpg","width":600,"height":399,"caption":"Trofeo Guarnieri, Monte Avena (Ph: Martin Sheel)"},{"@type":"BreadcrumbList","@id":"https:\/\/www.bellunopress.it\/2026\/07\/19\/gran-finale-a-feltre-incoronati-i-campioni-del-41-trofeo-internazionale-guarnieri\/#breadcrumb","itemListElement":[{"@type":"ListItem","position":1,"name":"Home","item":"https:\/\/www.bellunopress.it\/"},{"@type":"ListItem","position":2,"name":"Gran finale a Feltre: incoronati i campioni del 41\u00b0 Trofeo Internazionale Guarnieri"}]},{"@type":"WebSite","@id":"https:\/\/www.bellunopress.it\/#website","url":"https:\/\/www.bellunopress.it\/","name":"Bellunopress - Dolomiti","description":"e-mail: redazione@bellunopress.it","publisher":{"@id":"https:\/\/www.bellunopress.it\/#organization"},"potentialAction":[{"@type":"SearchAction","target":{"@type":"EntryPoint","urlTemplate":"https:\/\/www.bellunopress.it\/?s={search_term_string}"},"query-input":{"@type":"PropertyValueSpecification","valueRequired":true,"valueName":"search_term_string"}}],"inLanguage":"fr-FR"},{"@type":"Organization","@id":"https:\/\/www.bellunopress.it\/#organization","name":"Bellunopress","url":"https:\/\/www.bellunopress.it\/","logo":{"@type":"ImageObject","inLanguage":"fr-FR","@id":"https:\/\/www.bellunopress.it\/#\/schema\/logo\/image\/","url":"https:\/\/www.bellunopress.it\/wp-content\/uploads\/2011\/05\/cropped-logo-bellunopress-.jpg","contentUrl":"https:\/\/www.bellunopress.it\/wp-content\/uploads\/2011\/05\/cropped-logo-bellunopress-.jpg","width":512,"height":512,"caption":"Bellunopress"},"image":{"@id":"https:\/\/www.bellunopress.it\/#\/schema\/logo\/image\/"},"sameAs":["https:\/\/www.facebook.com\/profile.php?id=100008943462799","https:\/\/x.com\/bellunopress","https:\/\/www.linkedin.com\/hp\/?dnr=JBzUWaJfMUw8vbXJJ2tVW5-I3jZKvC4wsoxE&amp;amp;amp;amp;amp;amp;trk=nav_responsive_tab_home","https:\/\/www.youtube.com\/channel\/UCxL0wu1uN0_3_7hGG0306cw"]},{"@type":"Person","@id":"https:\/\/www.bellunopress.it\/#\/schema\/person\/79bb06722b37ece1c03d3e94beb30d73","name":"r\u00e9daction","image":{"@type":"ImageObject","inLanguage":"fr-FR","@id":"https:\/\/secure.gravatar.com\/avatar\/37d968a2e67a6fd04c169c4bdef102d0bc5d31b2546345219e348575eb80e9a0?s=96&d=mm&r=g","url":"https:\/\/secure.gravatar.com\/avatar\/37d968a2e67a6fd04c169c4bdef102d0bc5d31b2546345219e348575eb80e9a0?s=96&d=mm&r=g","contentUrl":"https:\/\/secure.gravatar.com\/avatar\/37d968a2e67a6fd04c169c4bdef102d0bc5d31b2546345219e348575eb80e9a0?s=96&d=mm&r=g","caption":"redazione"},"sameAs":["http:\/\/www.bellunopress.it","https:\/\/x.com\/bellunopress"],"url":"https:\/\/www.bellunopress.it\/fr\/author\/redazione\/"}]}},"_links":{"self":[{"href":"https:\/\/www.bellunopress.it\/fr\/wp-json\/wp\/v2\/posts\/172034","targetHints":{"allow":["GET"]}}],"collection":[{"href":"https:\/\/www.bellunopress.it\/fr\/wp-json\/wp\/v2\/posts"}],"about":[{"href":"https:\/\/www.bellunopress.it\/fr\/wp-json\/wp\/v2\/types\/post"}],"author":[{"embeddable":true,"href":"https:\/\/www.bellunopress.it\/fr\/wp-json\/wp\/v2\/users\/2"}],"replies":[{"embeddable":true,"href":"https:\/\/www.bellunopress.it\/fr\/wp-json\/wp\/v2\/comments?post=172034"}],"version-history":[{"count":1,"href":"https:\/\/www.bellunopress.it\/fr\/wp-json\/wp\/v2\/posts\/172034\/revisions"}],"predecessor-version":[{"id":172035,"href":"https:\/\/www.bellunopress.it\/fr\/wp-json\/wp\/v2\/posts\/172034\/revisions\/172035"}],"wp:featuredmedia":[{"embeddable":true,"href":"https:\/\/www.bellunopress.it\/fr\/wp-json\/wp\/v2\/media\/172005"}],"wp:attachment":[{"href":"https:\/\/www.bellunopress.it\/fr\/wp-json\/wp\/v2\/media?parent=172034"}],"wp:term":[{"taxonomy":"category","embeddable":true,"href":"https:\/\/www.bellunopress.it\/fr\/wp-json\/wp\/v2\/categories?post=172034"},{"taxonomy":"post_tag","embeddable":true,"href":"https:\/\/www.bellunopress.it\/fr\/wp-json\/wp\/v2\/tags?post=172034"}],"curies":[{"name":"wp","href":"https:\/\/api.w.org\/{rel}","templated":true}]}}