{"id":172026,"date":"2026-07-19T12:00:15","date_gmt":"2026-07-19T10:00:15","guid":{"rendered":"https:\/\/www.bellunopress.it\/?p=172026"},"modified":"2026-07-19T12:40:55","modified_gmt":"2026-07-19T10:40:55","slug":"spettacolo-allauditorium-tratto-dal-monologo-di-stefano-massini-perche-il-comune-ha-negato-il-patrocinio","status":"publish","type":"post","link":"https:\/\/www.bellunopress.it\/fr\/2026\/07\/19\/spettacolo-allauditorium-tratto-dal-monologo-di-stefano-massini-perche-il-comune-ha-negato-il-patrocinio\/","title":{"rendered":"Spettacolo all&#8217;Auditorium tratto dal monologo di Stefano Massini. Perch\u00e9 il Comune ha negato il patrocinio?"},"content":{"rendered":"<p>Belluno, 19\/07\/2026 &#8211; Il diniego del patrocinio comunale allo spettacolo di teatro civile &#8220;Ah! Volevo il mio nome&#8221; promosso da CGIL Belluno e ANPI Belluno, tratto dalla riscrittura del Mein Kampf di Stefano Massini, rappresenta uno degli atti pi\u00f9 significativi della politica culturale dell&#8217;Amministrazione De Pellegrin. Una decisione assunta dalla Giunta e difesa pubblicamente dall&#8217;assessore alla Cultura Raffaele Addamiano, che ha ricordato come il patrocinio non sia un atto automatico, ma una scelta discrezionale.<\/p>\n<p>Proprio da questa vicenda nasce una domanda che va oltre il singolo episodio: quale idea di cultura ha guidato Belluno in questi quattro anni?<\/p>\n<p>L&#8217;assessore Raffaele Addamiano, principale referente politico delle politiche culturali del Comune, ha annunciato pi\u00f9 volte una stagione di rinnovamento, partecipazione e apertura.<\/p>\n<p>Nel 2023 e nel 2024 \u00e8 stata presentata una profonda revisione della Fondazione Teatri delle Dolomiti, con l&#8217;obiettivo di aprirla a nuovi soggetti pubblici e privati e di rafforzarne il ruolo come punto di riferimento della cultura bellunese.<\/p>\n<p>Ad oggi, per\u00f2, non risulta ancora approvato e pubblicato un nuovo Statuto che sostituisca quello vigente. La revisione \u00e8 stata annunciata pi\u00f9 volte e nel dicembre 2024 \u00e8 stato affidato un incarico professionale per la sua predisposizione, ma il percorso non risulta concluso.<\/p>\n<p>Anche Culture Link era stato presentato come il progetto capace di mettere in rete il mondo culturale del territorio. Successivamente, per\u00f2, il progetto \u00e8 stato oggetto di forti critiche pubbliche e diverse associazioni hanno espresso il proprio dissenso rispetto alla sua gestione. \u00c8 un dato di fatto che su questa iniziativa il consenso inizialmente prospettato non si sia consolidato.<\/p>\n<p>Nel frattempo la Residenza teatrale continua a essere affidata agli stessi tre soggetti storici: TIB Teatro, SlowMachine e Circolo Cultura e Stampa Bellunese. Nessuno mette in discussione il valore delle loro attivit\u00e0. Tuttavia \u00e8 legittimo chiedersi se, in questi quattro anni, siano stati creati nuovi spazi di partecipazione per l&#8217;intero tessuto culturale cittadino oppure se il sistema sia rimasto sostanzialmente invariato.<\/p>\n<p>La questione non \u00e8 il diritto dell&#8217;Amministrazione di compiere scelte politiche. Quel diritto esiste ed \u00e8 parte del mandato ricevuto dagli elettori.<\/p>\n<p>La vera questione \u00e8 un&#8217;altra: gli annunci di apertura, partecipazione e rinnovamento si sono tradotti in risultati concreti?<\/p>\n<p>Dopo quattro anni rimangono interrogativi che attendono ancora una risposta:<\/p>\n<p>dov&#8217;\u00e8 il nuovo Statuto della Fondazione Teatri annunciato pi\u00f9 volte?<\/p>\n<p>quali risultati concreti ha prodotto Culture Link rispetto agli obiettivi inizialmente dichiarati?<\/p>\n<p>quali criteri guidano la concessione o il diniego del patrocinio comunale?<\/p>\n<p>quali strumenti sono stati attivati per ampliare realmente la partecipazione delle associazioni culturali alla vita della citt\u00e0?<\/p>\n<p>La cultura \u00e8 uno dei beni pi\u00f9 preziosi di una comunit\u00e0. Per questo merita trasparenza, pluralismo, confronto e risultati misurabili, non soltanto annunci.<\/p>\n<p>Dopo quattro anni \u00e8 tempo di passare dalle promesse ai fatti. Belluno e il suo mondo culturale meritano risposte chiare.<\/p>\n<p>Massimo Ferigutti &#8211; ex Presidente Fondazione Teatri delle Dolomiti<\/p>\n<p>&nbsp;<\/p>","protected":false},"excerpt":{"rendered":"<p>Belluno, 19\/07\/2026 &#8211; Il diniego del patrocinio comunale allo spettacolo di teatro civile &#8220;Ah! Volevo il mio nome&#8221; promosso da CGIL Belluno e ANPI Belluno, tratto dalla riscrittura del Mein Kampf di Stefano Massini, rappresenta uno degli atti pi\u00f9 significativi della politica culturale dell&#8217;Amministrazione De Pellegrin. Una decisione assunta dalla Giunta e difesa pubblicamente dall&#8217;assessore [&hellip;]<\/p>\n","protected":false},"author":2,"featured_media":172027,"comment_status":"closed","ping_status":"open","sticky":false,"template":"","format":"standard","meta":{"footnotes":""},"categories":[3,1],"tags":[],"class_list":["post-172026","post","type-post","status-publish","format-standard","has-post-thumbnail","category-arte-cultura-spettacoli-scienza-archivi","category-leo"],"yoast_head":"<!-- This site is optimized with the Yoast SEO plugin v28.4 - https:\/\/yoast.com\/product\/yoast-seo-wordpress\/ -->\n<title>Spettacolo all&#039;Auditorium tratto dal monologo di Stefano Massini. Perch\u00e9 il Comune ha negato il patrocinio? - Bellunopress - Dolomiti<\/title>\n<meta name=\"robots\" content=\"index, follow, max-snippet:-1, max-image-preview:large, max-video-preview:-1\" \/>\n<link rel=\"canonical\" href=\"https:\/\/www.bellunopress.it\/fr\/2026\/07\/19\/spettacolo-allauditorium-tratto-dal-monologo-di-stefano-massini-perche-il-comune-ha-negato-il-patrocinio\/\" \/>\n<meta property=\"og:locale\" content=\"fr_FR\" \/>\n<meta property=\"og:type\" content=\"article\" \/>\n<meta property=\"og:title\" content=\"Spettacolo all&#039;Auditorium tratto dal monologo di Stefano Massini. Perch\u00e9 il Comune ha negato il patrocinio? - Bellunopress - Dolomiti\" \/>\n<meta property=\"og:description\" content=\"Belluno, 19\/07\/2026 &#8211; Il diniego del patrocinio comunale allo spettacolo di teatro civile &#8220;Ah! Volevo il mio nome&#8221; promosso da CGIL Belluno e ANPI Belluno, tratto dalla riscrittura del Mein Kampf di Stefano Massini, rappresenta uno degli atti pi\u00f9 significativi della politica culturale dell&#8217;Amministrazione De Pellegrin. Una decisione assunta dalla Giunta e difesa pubblicamente dall&#8217;assessore [&hellip;]\" \/>\n<meta property=\"og:url\" content=\"https:\/\/www.bellunopress.it\/fr\/2026\/07\/19\/spettacolo-allauditorium-tratto-dal-monologo-di-stefano-massini-perche-il-comune-ha-negato-il-patrocinio\/\" \/>\n<meta property=\"og:site_name\" content=\"Bellunopress - Dolomiti\" \/>\n<meta property=\"article:publisher\" content=\"https:\/\/www.facebook.com\/profile.php?id=100008943462799\" \/>\n<meta property=\"article:published_time\" content=\"2026-07-19T10:00:15+00:00\" \/>\n<meta property=\"article:modified_time\" content=\"2026-07-19T10:40:55+00:00\" \/>\n<meta property=\"og:image\" content=\"https:\/\/www.bellunopress.it\/wp-content\/uploads\/2026\/07\/spettacolo-auditorium-Hitler-Massini.jpg\" \/>\n\t<meta property=\"og:image:width\" content=\"600\" \/>\n\t<meta property=\"og:image:height\" content=\"385\" \/>\n\t<meta property=\"og:image:type\" content=\"image\/jpeg\" \/>\n<meta name=\"author\" content=\"redazione\" \/>\n<meta name=\"twitter:card\" content=\"summary_large_image\" \/>\n<meta name=\"twitter:creator\" content=\"@bellunopress\" \/>\n<meta name=\"twitter:site\" content=\"@bellunopress\" \/>\n<meta name=\"twitter:label1\" content=\"Written by\" \/>\n\t<meta name=\"twitter:data1\" content=\"redazione\" \/>\n\t<meta name=\"twitter:label2\" content=\"Est. reading time\" \/>\n\t<meta name=\"twitter:data2\" content=\"3 minutes\" \/>\n<script type=\"application\/ld+json\" class=\"yoast-schema-graph\">{\"@context\":\"https:\\\/\\\/schema.org\",\"@graph\":[{\"@type\":\"Article\",\"@id\":\"https:\\\/\\\/www.bellunopress.it\\\/2026\\\/07\\\/19\\\/spettacolo-allauditorium-tratto-dal-monologo-di-stefano-massini-perche-il-comune-ha-negato-il-patrocinio\\\/#article\",\"isPartOf\":{\"@id\":\"https:\\\/\\\/www.bellunopress.it\\\/2026\\\/07\\\/19\\\/spettacolo-allauditorium-tratto-dal-monologo-di-stefano-massini-perche-il-comune-ha-negato-il-patrocinio\\\/\"},\"author\":{\"name\":\"redazione\",\"@id\":\"https:\\\/\\\/www.bellunopress.it\\\/#\\\/schema\\\/person\\\/79bb06722b37ece1c03d3e94beb30d73\"},\"headline\":\"Spettacolo all&#8217;Auditorium tratto dal monologo di Stefano Massini. Perch\u00e9 il Comune ha negato il patrocinio?\",\"datePublished\":\"2026-07-19T10:00:15+00:00\",\"dateModified\":\"2026-07-19T10:40:55+00:00\",\"mainEntityOfPage\":{\"@id\":\"https:\\\/\\\/www.bellunopress.it\\\/2026\\\/07\\\/19\\\/spettacolo-allauditorium-tratto-dal-monologo-di-stefano-massini-perche-il-comune-ha-negato-il-patrocinio\\\/\"},\"wordCount\":482,\"publisher\":{\"@id\":\"https:\\\/\\\/www.bellunopress.it\\\/#organization\"},\"image\":{\"@id\":\"https:\\\/\\\/www.bellunopress.it\\\/2026\\\/07\\\/19\\\/spettacolo-allauditorium-tratto-dal-monologo-di-stefano-massini-perche-il-comune-ha-negato-il-patrocinio\\\/#primaryimage\"},\"thumbnailUrl\":\"https:\\\/\\\/www.bellunopress.it\\\/wp-content\\\/uploads\\\/2026\\\/07\\\/spettacolo-auditorium-Hitler-Massini.jpg\",\"articleSection\":[\"Arte, Cultura, Spettacoli, Scienza\",\"Lettere Opinioni\"],\"inLanguage\":\"fr-FR\"},{\"@type\":\"WebPage\",\"@id\":\"https:\\\/\\\/www.bellunopress.it\\\/2026\\\/07\\\/19\\\/spettacolo-allauditorium-tratto-dal-monologo-di-stefano-massini-perche-il-comune-ha-negato-il-patrocinio\\\/\",\"url\":\"https:\\\/\\\/www.bellunopress.it\\\/2026\\\/07\\\/19\\\/spettacolo-allauditorium-tratto-dal-monologo-di-stefano-massini-perche-il-comune-ha-negato-il-patrocinio\\\/\",\"name\":\"Spettacolo all'Auditorium tratto dal monologo di Stefano Massini. Perch\u00e9 il Comune ha negato il patrocinio? - Bellunopress - Dolomiti\",\"isPartOf\":{\"@id\":\"https:\\\/\\\/www.bellunopress.it\\\/#website\"},\"primaryImageOfPage\":{\"@id\":\"https:\\\/\\\/www.bellunopress.it\\\/2026\\\/07\\\/19\\\/spettacolo-allauditorium-tratto-dal-monologo-di-stefano-massini-perche-il-comune-ha-negato-il-patrocinio\\\/#primaryimage\"},\"image\":{\"@id\":\"https:\\\/\\\/www.bellunopress.it\\\/2026\\\/07\\\/19\\\/spettacolo-allauditorium-tratto-dal-monologo-di-stefano-massini-perche-il-comune-ha-negato-il-patrocinio\\\/#primaryimage\"},\"thumbnailUrl\":\"https:\\\/\\\/www.bellunopress.it\\\/wp-content\\\/uploads\\\/2026\\\/07\\\/spettacolo-auditorium-Hitler-Massini.jpg\",\"datePublished\":\"2026-07-19T10:00:15+00:00\",\"dateModified\":\"2026-07-19T10:40:55+00:00\",\"breadcrumb\":{\"@id\":\"https:\\\/\\\/www.bellunopress.it\\\/2026\\\/07\\\/19\\\/spettacolo-allauditorium-tratto-dal-monologo-di-stefano-massini-perche-il-comune-ha-negato-il-patrocinio\\\/#breadcrumb\"},\"inLanguage\":\"fr-FR\",\"potentialAction\":[{\"@type\":\"ReadAction\",\"target\":[\"https:\\\/\\\/www.bellunopress.it\\\/2026\\\/07\\\/19\\\/spettacolo-allauditorium-tratto-dal-monologo-di-stefano-massini-perche-il-comune-ha-negato-il-patrocinio\\\/\"]}]},{\"@type\":\"ImageObject\",\"inLanguage\":\"fr-FR\",\"@id\":\"https:\\\/\\\/www.bellunopress.it\\\/2026\\\/07\\\/19\\\/spettacolo-allauditorium-tratto-dal-monologo-di-stefano-massini-perche-il-comune-ha-negato-il-patrocinio\\\/#primaryimage\",\"url\":\"https:\\\/\\\/www.bellunopress.it\\\/wp-content\\\/uploads\\\/2026\\\/07\\\/spettacolo-auditorium-Hitler-Massini.jpg\",\"contentUrl\":\"https:\\\/\\\/www.bellunopress.it\\\/wp-content\\\/uploads\\\/2026\\\/07\\\/spettacolo-auditorium-Hitler-Massini.jpg\",\"width\":600,\"height\":385},{\"@type\":\"BreadcrumbList\",\"@id\":\"https:\\\/\\\/www.bellunopress.it\\\/2026\\\/07\\\/19\\\/spettacolo-allauditorium-tratto-dal-monologo-di-stefano-massini-perche-il-comune-ha-negato-il-patrocinio\\\/#breadcrumb\",\"itemListElement\":[{\"@type\":\"ListItem\",\"position\":1,\"name\":\"Home\",\"item\":\"https:\\\/\\\/www.bellunopress.it\\\/\"},{\"@type\":\"ListItem\",\"position\":2,\"name\":\"Spettacolo all&#8217;Auditorium tratto dal monologo di Stefano Massini. Perch\u00e9 il Comune ha negato il patrocinio?\"}]},{\"@type\":\"WebSite\",\"@id\":\"https:\\\/\\\/www.bellunopress.it\\\/#website\",\"url\":\"https:\\\/\\\/www.bellunopress.it\\\/\",\"name\":\"Bellunopress - Dolomiti\",\"description\":\"e-mail: redazione@bellunopress.it\",\"publisher\":{\"@id\":\"https:\\\/\\\/www.bellunopress.it\\\/#organization\"},\"potentialAction\":[{\"@type\":\"SearchAction\",\"target\":{\"@type\":\"EntryPoint\",\"urlTemplate\":\"https:\\\/\\\/www.bellunopress.it\\\/?s={search_term_string}\"},\"query-input\":{\"@type\":\"PropertyValueSpecification\",\"valueRequired\":true,\"valueName\":\"search_term_string\"}}],\"inLanguage\":\"fr-FR\"},{\"@type\":\"Organization\",\"@id\":\"https:\\\/\\\/www.bellunopress.it\\\/#organization\",\"name\":\"Bellunopress\",\"url\":\"https:\\\/\\\/www.bellunopress.it\\\/\",\"logo\":{\"@type\":\"ImageObject\",\"inLanguage\":\"fr-FR\",\"@id\":\"https:\\\/\\\/www.bellunopress.it\\\/#\\\/schema\\\/logo\\\/image\\\/\",\"url\":\"https:\\\/\\\/www.bellunopress.it\\\/wp-content\\\/uploads\\\/2011\\\/05\\\/cropped-logo-bellunopress-.jpg\",\"contentUrl\":\"https:\\\/\\\/www.bellunopress.it\\\/wp-content\\\/uploads\\\/2011\\\/05\\\/cropped-logo-bellunopress-.jpg\",\"width\":512,\"height\":512,\"caption\":\"Bellunopress\"},\"image\":{\"@id\":\"https:\\\/\\\/www.bellunopress.it\\\/#\\\/schema\\\/logo\\\/image\\\/\"},\"sameAs\":[\"https:\\\/\\\/www.facebook.com\\\/profile.php?id=100008943462799\",\"https:\\\/\\\/x.com\\\/bellunopress\",\"https:\\\/\\\/www.linkedin.com\\\/hp\\\/?dnr=JBzUWaJfMUw8vbXJJ2tVW5-I3jZKvC4wsoxE&amp;amp;amp;amp;amp;amp;trk=nav_responsive_tab_home\",\"https:\\\/\\\/www.youtube.com\\\/channel\\\/UCxL0wu1uN0_3_7hGG0306cw\"]},{\"@type\":\"Person\",\"@id\":\"https:\\\/\\\/www.bellunopress.it\\\/#\\\/schema\\\/person\\\/79bb06722b37ece1c03d3e94beb30d73\",\"name\":\"redazione\",\"image\":{\"@type\":\"ImageObject\",\"inLanguage\":\"fr-FR\",\"@id\":\"https:\\\/\\\/secure.gravatar.com\\\/avatar\\\/37d968a2e67a6fd04c169c4bdef102d0bc5d31b2546345219e348575eb80e9a0?s=96&d=mm&r=g\",\"url\":\"https:\\\/\\\/secure.gravatar.com\\\/avatar\\\/37d968a2e67a6fd04c169c4bdef102d0bc5d31b2546345219e348575eb80e9a0?s=96&d=mm&r=g\",\"contentUrl\":\"https:\\\/\\\/secure.gravatar.com\\\/avatar\\\/37d968a2e67a6fd04c169c4bdef102d0bc5d31b2546345219e348575eb80e9a0?s=96&d=mm&r=g\",\"caption\":\"redazione\"},\"sameAs\":[\"http:\\\/\\\/www.bellunopress.it\",\"https:\\\/\\\/x.com\\\/bellunopress\"],\"url\":\"https:\\\/\\\/www.bellunopress.it\\\/fr\\\/author\\\/redazione\\\/\"}]}<\/script>\n<!-- \/ Yoast SEO plugin. -->","yoast_head_json":{"title":"Spettacolo all'Auditorium tratto dal monologo di Stefano Massini. Perch\u00e9 il Comune ha negato il patrocinio? - Bellunopress - Dolomiti","robots":{"index":"index","follow":"follow","max-snippet":"max-snippet:-1","max-image-preview":"max-image-preview:large","max-video-preview":"max-video-preview:-1"},"canonical":"https:\/\/www.bellunopress.it\/fr\/2026\/07\/19\/spettacolo-allauditorium-tratto-dal-monologo-di-stefano-massini-perche-il-comune-ha-negato-il-patrocinio\/","og_locale":"fr_FR","og_type":"article","og_title":"Spettacolo all'Auditorium tratto dal monologo di Stefano Massini. Perch\u00e9 il Comune ha negato il patrocinio? - Bellunopress - Dolomiti","og_description":"Belluno, 19\/07\/2026 &#8211; Il diniego del patrocinio comunale allo spettacolo di teatro civile &#8220;Ah! Volevo il mio nome&#8221; promosso da CGIL Belluno e ANPI Belluno, tratto dalla riscrittura del Mein Kampf di Stefano Massini, rappresenta uno degli atti pi\u00f9 significativi della politica culturale dell&#8217;Amministrazione De Pellegrin. Una decisione assunta dalla Giunta e difesa pubblicamente dall&#8217;assessore [&hellip;]","og_url":"https:\/\/www.bellunopress.it\/fr\/2026\/07\/19\/spettacolo-allauditorium-tratto-dal-monologo-di-stefano-massini-perche-il-comune-ha-negato-il-patrocinio\/","og_site_name":"Bellunopress - Dolomiti","article_publisher":"https:\/\/www.facebook.com\/profile.php?id=100008943462799","article_published_time":"2026-07-19T10:00:15+00:00","article_modified_time":"2026-07-19T10:40:55+00:00","og_image":[{"width":600,"height":385,"url":"https:\/\/www.bellunopress.it\/wp-content\/uploads\/2026\/07\/spettacolo-auditorium-Hitler-Massini.jpg","type":"image\/jpeg"}],"author":"redazione","twitter_card":"summary_large_image","twitter_creator":"@bellunopress","twitter_site":"@bellunopress","twitter_misc":{"Written by":"redazione","Est. reading time":"3 minutes"},"schema":{"@context":"https:\/\/schema.org","@graph":[{"@type":"Article","@id":"https:\/\/www.bellunopress.it\/2026\/07\/19\/spettacolo-allauditorium-tratto-dal-monologo-di-stefano-massini-perche-il-comune-ha-negato-il-patrocinio\/#article","isPartOf":{"@id":"https:\/\/www.bellunopress.it\/2026\/07\/19\/spettacolo-allauditorium-tratto-dal-monologo-di-stefano-massini-perche-il-comune-ha-negato-il-patrocinio\/"},"author":{"name":"redazione","@id":"https:\/\/www.bellunopress.it\/#\/schema\/person\/79bb06722b37ece1c03d3e94beb30d73"},"headline":"Spettacolo all&#8217;Auditorium tratto dal monologo di Stefano Massini. Perch\u00e9 il Comune ha negato il patrocinio?","datePublished":"2026-07-19T10:00:15+00:00","dateModified":"2026-07-19T10:40:55+00:00","mainEntityOfPage":{"@id":"https:\/\/www.bellunopress.it\/2026\/07\/19\/spettacolo-allauditorium-tratto-dal-monologo-di-stefano-massini-perche-il-comune-ha-negato-il-patrocinio\/"},"wordCount":482,"publisher":{"@id":"https:\/\/www.bellunopress.it\/#organization"},"image":{"@id":"https:\/\/www.bellunopress.it\/2026\/07\/19\/spettacolo-allauditorium-tratto-dal-monologo-di-stefano-massini-perche-il-comune-ha-negato-il-patrocinio\/#primaryimage"},"thumbnailUrl":"https:\/\/www.bellunopress.it\/wp-content\/uploads\/2026\/07\/spettacolo-auditorium-Hitler-Massini.jpg","articleSection":["Arte, Cultura, Spettacoli, Scienza","Lettere Opinioni"],"inLanguage":"fr-FR"},{"@type":"WebPage","@id":"https:\/\/www.bellunopress.it\/2026\/07\/19\/spettacolo-allauditorium-tratto-dal-monologo-di-stefano-massini-perche-il-comune-ha-negato-il-patrocinio\/","url":"https:\/\/www.bellunopress.it\/2026\/07\/19\/spettacolo-allauditorium-tratto-dal-monologo-di-stefano-massini-perche-il-comune-ha-negato-il-patrocinio\/","name":"Spettacolo all'Auditorium tratto dal monologo di Stefano Massini. Perch\u00e9 il Comune ha negato il patrocinio? - Bellunopress - Dolomiti","isPartOf":{"@id":"https:\/\/www.bellunopress.it\/#website"},"primaryImageOfPage":{"@id":"https:\/\/www.bellunopress.it\/2026\/07\/19\/spettacolo-allauditorium-tratto-dal-monologo-di-stefano-massini-perche-il-comune-ha-negato-il-patrocinio\/#primaryimage"},"image":{"@id":"https:\/\/www.bellunopress.it\/2026\/07\/19\/spettacolo-allauditorium-tratto-dal-monologo-di-stefano-massini-perche-il-comune-ha-negato-il-patrocinio\/#primaryimage"},"thumbnailUrl":"https:\/\/www.bellunopress.it\/wp-content\/uploads\/2026\/07\/spettacolo-auditorium-Hitler-Massini.jpg","datePublished":"2026-07-19T10:00:15+00:00","dateModified":"2026-07-19T10:40:55+00:00","breadcrumb":{"@id":"https:\/\/www.bellunopress.it\/2026\/07\/19\/spettacolo-allauditorium-tratto-dal-monologo-di-stefano-massini-perche-il-comune-ha-negato-il-patrocinio\/#breadcrumb"},"inLanguage":"fr-FR","potentialAction":[{"@type":"ReadAction","target":["https:\/\/www.bellunopress.it\/2026\/07\/19\/spettacolo-allauditorium-tratto-dal-monologo-di-stefano-massini-perche-il-comune-ha-negato-il-patrocinio\/"]}]},{"@type":"ImageObject","inLanguage":"fr-FR","@id":"https:\/\/www.bellunopress.it\/2026\/07\/19\/spettacolo-allauditorium-tratto-dal-monologo-di-stefano-massini-perche-il-comune-ha-negato-il-patrocinio\/#primaryimage","url":"https:\/\/www.bellunopress.it\/wp-content\/uploads\/2026\/07\/spettacolo-auditorium-Hitler-Massini.jpg","contentUrl":"https:\/\/www.bellunopress.it\/wp-content\/uploads\/2026\/07\/spettacolo-auditorium-Hitler-Massini.jpg","width":600,"height":385},{"@type":"BreadcrumbList","@id":"https:\/\/www.bellunopress.it\/2026\/07\/19\/spettacolo-allauditorium-tratto-dal-monologo-di-stefano-massini-perche-il-comune-ha-negato-il-patrocinio\/#breadcrumb","itemListElement":[{"@type":"ListItem","position":1,"name":"Home","item":"https:\/\/www.bellunopress.it\/"},{"@type":"ListItem","position":2,"name":"Spettacolo all&#8217;Auditorium tratto dal monologo di Stefano Massini. Perch\u00e9 il Comune ha negato il patrocinio?"}]},{"@type":"WebSite","@id":"https:\/\/www.bellunopress.it\/#website","url":"https:\/\/www.bellunopress.it\/","name":"Bellunopress - Dolomiti","description":"e-mail: redazione@bellunopress.it","publisher":{"@id":"https:\/\/www.bellunopress.it\/#organization"},"potentialAction":[{"@type":"SearchAction","target":{"@type":"EntryPoint","urlTemplate":"https:\/\/www.bellunopress.it\/?s={search_term_string}"},"query-input":{"@type":"PropertyValueSpecification","valueRequired":true,"valueName":"search_term_string"}}],"inLanguage":"fr-FR"},{"@type":"Organization","@id":"https:\/\/www.bellunopress.it\/#organization","name":"Bellunopress","url":"https:\/\/www.bellunopress.it\/","logo":{"@type":"ImageObject","inLanguage":"fr-FR","@id":"https:\/\/www.bellunopress.it\/#\/schema\/logo\/image\/","url":"https:\/\/www.bellunopress.it\/wp-content\/uploads\/2011\/05\/cropped-logo-bellunopress-.jpg","contentUrl":"https:\/\/www.bellunopress.it\/wp-content\/uploads\/2011\/05\/cropped-logo-bellunopress-.jpg","width":512,"height":512,"caption":"Bellunopress"},"image":{"@id":"https:\/\/www.bellunopress.it\/#\/schema\/logo\/image\/"},"sameAs":["https:\/\/www.facebook.com\/profile.php?id=100008943462799","https:\/\/x.com\/bellunopress","https:\/\/www.linkedin.com\/hp\/?dnr=JBzUWaJfMUw8vbXJJ2tVW5-I3jZKvC4wsoxE&amp;amp;amp;amp;amp;amp;trk=nav_responsive_tab_home","https:\/\/www.youtube.com\/channel\/UCxL0wu1uN0_3_7hGG0306cw"]},{"@type":"Person","@id":"https:\/\/www.bellunopress.it\/#\/schema\/person\/79bb06722b37ece1c03d3e94beb30d73","name":"r\u00e9daction","image":{"@type":"ImageObject","inLanguage":"fr-FR","@id":"https:\/\/secure.gravatar.com\/avatar\/37d968a2e67a6fd04c169c4bdef102d0bc5d31b2546345219e348575eb80e9a0?s=96&d=mm&r=g","url":"https:\/\/secure.gravatar.com\/avatar\/37d968a2e67a6fd04c169c4bdef102d0bc5d31b2546345219e348575eb80e9a0?s=96&d=mm&r=g","contentUrl":"https:\/\/secure.gravatar.com\/avatar\/37d968a2e67a6fd04c169c4bdef102d0bc5d31b2546345219e348575eb80e9a0?s=96&d=mm&r=g","caption":"redazione"},"sameAs":["http:\/\/www.bellunopress.it","https:\/\/x.com\/bellunopress"],"url":"https:\/\/www.bellunopress.it\/fr\/author\/redazione\/"}]}},"_links":{"self":[{"href":"https:\/\/www.bellunopress.it\/fr\/wp-json\/wp\/v2\/posts\/172026","targetHints":{"allow":["GET"]}}],"collection":[{"href":"https:\/\/www.bellunopress.it\/fr\/wp-json\/wp\/v2\/posts"}],"about":[{"href":"https:\/\/www.bellunopress.it\/fr\/wp-json\/wp\/v2\/types\/post"}],"author":[{"embeddable":true,"href":"https:\/\/www.bellunopress.it\/fr\/wp-json\/wp\/v2\/users\/2"}],"replies":[{"embeddable":true,"href":"https:\/\/www.bellunopress.it\/fr\/wp-json\/wp\/v2\/comments?post=172026"}],"version-history":[{"count":2,"href":"https:\/\/www.bellunopress.it\/fr\/wp-json\/wp\/v2\/posts\/172026\/revisions"}],"predecessor-version":[{"id":172029,"href":"https:\/\/www.bellunopress.it\/fr\/wp-json\/wp\/v2\/posts\/172026\/revisions\/172029"}],"wp:featuredmedia":[{"embeddable":true,"href":"https:\/\/www.bellunopress.it\/fr\/wp-json\/wp\/v2\/media\/172027"}],"wp:attachment":[{"href":"https:\/\/www.bellunopress.it\/fr\/wp-json\/wp\/v2\/media?parent=172026"}],"wp:term":[{"taxonomy":"category","embeddable":true,"href":"https:\/\/www.bellunopress.it\/fr\/wp-json\/wp\/v2\/categories?post=172026"},{"taxonomy":"post_tag","embeddable":true,"href":"https:\/\/www.bellunopress.it\/fr\/wp-json\/wp\/v2\/tags?post=172026"}],"curies":[{"name":"wp","href":"https:\/\/api.w.org\/{rel}","templated":true}]}}