{"id":172023,"date":"2026-07-19T11:52:04","date_gmt":"2026-07-19T09:52:04","guid":{"rendered":"https:\/\/www.bellunopress.it\/?p=172023"},"modified":"2026-07-19T11:52:04","modified_gmt":"2026-07-19T09:52:04","slug":"talenti-bellunesi-nel-cinema-il-centro-consorzi-prepara-le-maestranze-del-futuro","status":"publish","type":"post","link":"https:\/\/www.bellunopress.it\/fr\/2026\/07\/19\/talenti-bellunesi-nel-cinema-il-centro-consorzi-prepara-le-maestranze-del-futuro\/","title":{"rendered":"Talenti bellunesi nel cinema: il Centro Consorzi prepara le maestranze del futuro"},"content":{"rendered":"<p><strong><em>Il progetto &#8220;Dietro le quinte&#8221; entra nella fase finale: presentato il lavoro dei 60 partecipanti prima delle riprese del cortometraggio<\/em><\/strong><\/p>\n<p>Formare le maestranze di domani per le produzioni cinematografiche che sceglieranno il territorio bellunese. \u00c8 questa la sfida di &#8220;Dietro le quinte&#8221;, il progetto formativo del Centro Consorzi che ha accompagnato, dal maggio scorso, circa sessanta partecipanti in un percorso altamente pratico dedicato alle professioni del cinema. Un percorso arrivato ora al momento decisivo, con la presentazione del lavoro svolto dai diversi reparti prima dell&#8217;inizio delle riprese del cortometraggio conclusivo, in programma dal 22 al 24 luglio.<\/p>\n<p>Una sessantina i partecipanti, di et\u00e0 differenti (giovani per la maggior parte) e provenienti principalmente dalla provincia di Belluno e da altre zone del Veneto, che hanno seguito uno dei cinque percorsi dedicati alle professioni del cinema: filmmaking, recitazione, scenografia, trucco e parrucco e sartoria per il cinema.<\/p>\n<p>Il progetto \u00e8 stato realizzato grazie al finanziamento della Regione del Veneto (DGR 490\/2025 \u201cCultura 2025. Un investimento sulla formazione degli operatori dello spettacolo\u201d) e si \u00e8 avvalso del supporto della Veneto Film Commission, che ha accompagnato il Centro Consorzi nella definizione del percorso affinch\u00e9 rispondesse alle esigenze del comparto audiovisivo e contribuisse alla crescita delle professionalit\u00e0 richieste dal settore.<\/p>\n<p>L&#8217;obiettivo \u00e8 stato quello di consolidare competenze gi\u00e0 presenti: i partecipanti, infatti, provenivano da percorsi professionali e formativi differenti ma coerenti con le attivit\u00e0 proposte: videomaker, attori, scenografi, estetiste e parrucchieri, sarte e professionisti del costume, artisti e operatori dello spettacolo &#8211; in alcuni casi, ed \u00e8 questa una delle principali novit\u00e0 della proposta, persone disoccupate con pregresse esperienze nell\u2019ambito &#8211; che hanno potuto confrontarsi con le modalit\u00e0 di lavoro tipiche di una produzione cinematografica.<\/p>\n<p>Cuore del percorso \u00e8 la realizzazione di un cortometraggio originale, sviluppato a partire da una sceneggiatura messa a disposizione dal regista Marco Recalchi, che ne ha seguito anche il coordinamento artistico. Ambientata in uno scenario post-apocalittico, la storia racconta il rapporto tra un bambino e un cane robot. Attorno a questo soggetto ogni corso ha sviluppato il proprio contributo: dallo studio delle scenografie alla progettazione dei costumi, dal trucco e parrucco alla preparazione degli attori, fino alla pianificazione tecnica delle riprese.<\/p>\n<p>Il valore aggiunto dell&#8217;iniziativa \u00e8 stato anche l&#8217;approccio laboratoriale. Gli allievi non si sono limitati ad approfondire gli aspetti tecnici delle rispettive discipline, ma hanno sperimentato concretamente il funzionamento di un set: dalla lettura della sceneggiatura all&#8217;organizzazione dei materiali, dalla gestione della documentazione condivisa al coordinamento tra i diversi reparti.<\/p>\n<p>\u00abL&#8217;obiettivo di &#8220;Dietro le Quinte&#8221; era offrire un&#8217;esperienza che riproducesse il pi\u00f9 fedelmente possibile le dinamiche di una vera produzione cinematografica\u00bb, sottolinea il direttore del Centro Consorzi Michele Talo. \u00abI partecipanti hanno lavorato fianco a fianco con professionisti del settore, imparando non solo competenze tecniche, ma anche il valore della collaborazione tra reparti. Durante il percorso sono emerse professionalit\u00e0 di grande interesse che potranno rappresentare una risorsa preziosa per il territorio bellunese, contribuendo a creare una rete di maestranze locali qualificate, pronta a collaborare con eventuali produzioni cinematografiche che sceglieranno la nostra provincia\u00bb.<\/p>\n<p>Ad accompagnare gli allievi \u00e8 stato un corpo docente composto da professionisti attivi nel settore audiovisivo: oltre al regista, sceneggiatore e produttore Marco Recalchi (filmmaking), la scenografa Monica Sallustio, protagonista di importanti produzioni cinematografiche internazionali (scenografia), l&#8217;attore e formatore Vassilij Mangheras (recitazione), gli esperti di trucco e acconciatura Donatella Zancanaro, Riccardo De Agostini e Keti Brusegan (trucco e parrucco cinematografico) e la costumista Ilaria Albanese (sartoria per il cinema e lo spettacolo).<\/p>\n<p>&nbsp;<\/p>","protected":false},"excerpt":{"rendered":"<p>Il progetto &#8220;Dietro le quinte&#8221; entra nella fase finale: presentato il lavoro dei 60 partecipanti prima delle riprese del cortometraggio Formare le maestranze di domani per le produzioni cinematografiche che sceglieranno il territorio bellunese. \u00c8 questa la sfida di &#8220;Dietro le quinte&#8221;, il progetto formativo del Centro Consorzi che ha accompagnato, dal maggio scorso, circa [&hellip;]<\/p>\n","protected":false},"author":2,"featured_media":172024,"comment_status":"closed","ping_status":"open","sticky":false,"template":"","format":"standard","meta":{"footnotes":""},"categories":[3,26,15],"tags":[],"class_list":["post-172023","post","type-post","status-publish","format-standard","has-post-thumbnail","category-arte-cultura-spettacoli-scienza-archivi","category-prima-pagina","category-scuola"],"yoast_head":"<!-- This site is optimized with the Yoast SEO plugin v28.4 - https:\/\/yoast.com\/product\/yoast-seo-wordpress\/ -->\n<title>Talenti bellunesi nel cinema: il Centro Consorzi prepara le maestranze del futuro - Bellunopress - Dolomiti<\/title>\n<meta name=\"robots\" content=\"index, follow, max-snippet:-1, max-image-preview:large, max-video-preview:-1\" \/>\n<link rel=\"canonical\" href=\"https:\/\/www.bellunopress.it\/fr\/2026\/07\/19\/talenti-bellunesi-nel-cinema-il-centro-consorzi-prepara-le-maestranze-del-futuro\/\" \/>\n<meta property=\"og:locale\" content=\"fr_FR\" \/>\n<meta property=\"og:type\" content=\"article\" \/>\n<meta property=\"og:title\" content=\"Talenti bellunesi nel cinema: il Centro Consorzi prepara le maestranze del futuro - Bellunopress - Dolomiti\" \/>\n<meta property=\"og:description\" content=\"Il progetto &#8220;Dietro le quinte&#8221; entra nella fase finale: presentato il lavoro dei 60 partecipanti prima delle riprese del cortometraggio Formare le maestranze di domani per le produzioni cinematografiche che sceglieranno il territorio bellunese. \u00c8 questa la sfida di &#8220;Dietro le quinte&#8221;, il progetto formativo del Centro Consorzi che ha accompagnato, dal maggio scorso, circa [&hellip;]\" \/>\n<meta property=\"og:url\" content=\"https:\/\/www.bellunopress.it\/fr\/2026\/07\/19\/talenti-bellunesi-nel-cinema-il-centro-consorzi-prepara-le-maestranze-del-futuro\/\" \/>\n<meta property=\"og:site_name\" content=\"Bellunopress - Dolomiti\" \/>\n<meta property=\"article:publisher\" content=\"https:\/\/www.facebook.com\/profile.php?id=100008943462799\" \/>\n<meta property=\"article:published_time\" content=\"2026-07-19T09:52:04+00:00\" \/>\n<meta property=\"og:image\" content=\"https:\/\/www.bellunopress.it\/wp-content\/uploads\/2026\/07\/Centro-Consorzi-direttore-Talo-regista-Recalchi-e-le-studentesse.jpg\" \/>\n\t<meta property=\"og:image:width\" content=\"700\" \/>\n\t<meta property=\"og:image:height\" content=\"340\" \/>\n\t<meta property=\"og:image:type\" content=\"image\/jpeg\" \/>\n<meta name=\"author\" content=\"redazione\" \/>\n<meta name=\"twitter:card\" content=\"summary_large_image\" \/>\n<meta name=\"twitter:creator\" content=\"@bellunopress\" \/>\n<meta name=\"twitter:site\" content=\"@bellunopress\" \/>\n<meta name=\"twitter:label1\" content=\"\u00c9crit par\" \/>\n\t<meta name=\"twitter:data1\" content=\"redazione\" \/>\n\t<meta name=\"twitter:label2\" content=\"Dur\u00e9e de lecture estim\u00e9e\" \/>\n\t<meta name=\"twitter:data2\" content=\"4 minutes\" \/>\n<script type=\"application\/ld+json\" class=\"yoast-schema-graph\">{\"@context\":\"https:\\\/\\\/schema.org\",\"@graph\":[{\"@type\":\"Article\",\"@id\":\"https:\\\/\\\/www.bellunopress.it\\\/2026\\\/07\\\/19\\\/talenti-bellunesi-nel-cinema-il-centro-consorzi-prepara-le-maestranze-del-futuro\\\/#article\",\"isPartOf\":{\"@id\":\"https:\\\/\\\/www.bellunopress.it\\\/2026\\\/07\\\/19\\\/talenti-bellunesi-nel-cinema-il-centro-consorzi-prepara-le-maestranze-del-futuro\\\/\"},\"author\":{\"name\":\"redazione\",\"@id\":\"https:\\\/\\\/www.bellunopress.it\\\/#\\\/schema\\\/person\\\/79bb06722b37ece1c03d3e94beb30d73\"},\"headline\":\"Talenti bellunesi nel cinema: il Centro Consorzi prepara le maestranze del futuro\",\"datePublished\":\"2026-07-19T09:52:04+00:00\",\"mainEntityOfPage\":{\"@id\":\"https:\\\/\\\/www.bellunopress.it\\\/2026\\\/07\\\/19\\\/talenti-bellunesi-nel-cinema-il-centro-consorzi-prepara-le-maestranze-del-futuro\\\/\"},\"wordCount\":585,\"publisher\":{\"@id\":\"https:\\\/\\\/www.bellunopress.it\\\/#organization\"},\"image\":{\"@id\":\"https:\\\/\\\/www.bellunopress.it\\\/2026\\\/07\\\/19\\\/talenti-bellunesi-nel-cinema-il-centro-consorzi-prepara-le-maestranze-del-futuro\\\/#primaryimage\"},\"thumbnailUrl\":\"https:\\\/\\\/www.bellunopress.it\\\/wp-content\\\/uploads\\\/2026\\\/07\\\/Centro-Consorzi-direttore-Talo-regista-Recalchi-e-le-studentesse.jpg\",\"articleSection\":[\"Arte, Cultura, Spettacoli, Scienza\",\"Prima Pagina\",\"Scuola\"],\"inLanguage\":\"fr-FR\"},{\"@type\":\"WebPage\",\"@id\":\"https:\\\/\\\/www.bellunopress.it\\\/2026\\\/07\\\/19\\\/talenti-bellunesi-nel-cinema-il-centro-consorzi-prepara-le-maestranze-del-futuro\\\/\",\"url\":\"https:\\\/\\\/www.bellunopress.it\\\/2026\\\/07\\\/19\\\/talenti-bellunesi-nel-cinema-il-centro-consorzi-prepara-le-maestranze-del-futuro\\\/\",\"name\":\"Talenti bellunesi nel cinema: il Centro Consorzi prepara le maestranze del futuro - Bellunopress - Dolomiti\",\"isPartOf\":{\"@id\":\"https:\\\/\\\/www.bellunopress.it\\\/#website\"},\"primaryImageOfPage\":{\"@id\":\"https:\\\/\\\/www.bellunopress.it\\\/2026\\\/07\\\/19\\\/talenti-bellunesi-nel-cinema-il-centro-consorzi-prepara-le-maestranze-del-futuro\\\/#primaryimage\"},\"image\":{\"@id\":\"https:\\\/\\\/www.bellunopress.it\\\/2026\\\/07\\\/19\\\/talenti-bellunesi-nel-cinema-il-centro-consorzi-prepara-le-maestranze-del-futuro\\\/#primaryimage\"},\"thumbnailUrl\":\"https:\\\/\\\/www.bellunopress.it\\\/wp-content\\\/uploads\\\/2026\\\/07\\\/Centro-Consorzi-direttore-Talo-regista-Recalchi-e-le-studentesse.jpg\",\"datePublished\":\"2026-07-19T09:52:04+00:00\",\"breadcrumb\":{\"@id\":\"https:\\\/\\\/www.bellunopress.it\\\/2026\\\/07\\\/19\\\/talenti-bellunesi-nel-cinema-il-centro-consorzi-prepara-le-maestranze-del-futuro\\\/#breadcrumb\"},\"inLanguage\":\"fr-FR\",\"potentialAction\":[{\"@type\":\"ReadAction\",\"target\":[\"https:\\\/\\\/www.bellunopress.it\\\/2026\\\/07\\\/19\\\/talenti-bellunesi-nel-cinema-il-centro-consorzi-prepara-le-maestranze-del-futuro\\\/\"]}]},{\"@type\":\"ImageObject\",\"inLanguage\":\"fr-FR\",\"@id\":\"https:\\\/\\\/www.bellunopress.it\\\/2026\\\/07\\\/19\\\/talenti-bellunesi-nel-cinema-il-centro-consorzi-prepara-le-maestranze-del-futuro\\\/#primaryimage\",\"url\":\"https:\\\/\\\/www.bellunopress.it\\\/wp-content\\\/uploads\\\/2026\\\/07\\\/Centro-Consorzi-direttore-Talo-regista-Recalchi-e-le-studentesse.jpg\",\"contentUrl\":\"https:\\\/\\\/www.bellunopress.it\\\/wp-content\\\/uploads\\\/2026\\\/07\\\/Centro-Consorzi-direttore-Talo-regista-Recalchi-e-le-studentesse.jpg\",\"width\":700,\"height\":340,\"caption\":\"da sinistra il direttore del Centro Consorzi Talo con il regista Recalchi e le studentesse\"},{\"@type\":\"BreadcrumbList\",\"@id\":\"https:\\\/\\\/www.bellunopress.it\\\/2026\\\/07\\\/19\\\/talenti-bellunesi-nel-cinema-il-centro-consorzi-prepara-le-maestranze-del-futuro\\\/#breadcrumb\",\"itemListElement\":[{\"@type\":\"ListItem\",\"position\":1,\"name\":\"Home\",\"item\":\"https:\\\/\\\/www.bellunopress.it\\\/\"},{\"@type\":\"ListItem\",\"position\":2,\"name\":\"Talenti bellunesi nel cinema: il Centro Consorzi prepara le maestranze del futuro\"}]},{\"@type\":\"WebSite\",\"@id\":\"https:\\\/\\\/www.bellunopress.it\\\/#website\",\"url\":\"https:\\\/\\\/www.bellunopress.it\\\/\",\"name\":\"Bellunopress - Dolomiti\",\"description\":\"e-mail: redazione@bellunopress.it\",\"publisher\":{\"@id\":\"https:\\\/\\\/www.bellunopress.it\\\/#organization\"},\"potentialAction\":[{\"@type\":\"SearchAction\",\"target\":{\"@type\":\"EntryPoint\",\"urlTemplate\":\"https:\\\/\\\/www.bellunopress.it\\\/?s={search_term_string}\"},\"query-input\":{\"@type\":\"PropertyValueSpecification\",\"valueRequired\":true,\"valueName\":\"search_term_string\"}}],\"inLanguage\":\"fr-FR\"},{\"@type\":\"Organization\",\"@id\":\"https:\\\/\\\/www.bellunopress.it\\\/#organization\",\"name\":\"Bellunopress\",\"url\":\"https:\\\/\\\/www.bellunopress.it\\\/\",\"logo\":{\"@type\":\"ImageObject\",\"inLanguage\":\"fr-FR\",\"@id\":\"https:\\\/\\\/www.bellunopress.it\\\/#\\\/schema\\\/logo\\\/image\\\/\",\"url\":\"https:\\\/\\\/www.bellunopress.it\\\/wp-content\\\/uploads\\\/2011\\\/05\\\/cropped-logo-bellunopress-.jpg\",\"contentUrl\":\"https:\\\/\\\/www.bellunopress.it\\\/wp-content\\\/uploads\\\/2011\\\/05\\\/cropped-logo-bellunopress-.jpg\",\"width\":512,\"height\":512,\"caption\":\"Bellunopress\"},\"image\":{\"@id\":\"https:\\\/\\\/www.bellunopress.it\\\/#\\\/schema\\\/logo\\\/image\\\/\"},\"sameAs\":[\"https:\\\/\\\/www.facebook.com\\\/profile.php?id=100008943462799\",\"https:\\\/\\\/x.com\\\/bellunopress\",\"https:\\\/\\\/www.linkedin.com\\\/hp\\\/?dnr=JBzUWaJfMUw8vbXJJ2tVW5-I3jZKvC4wsoxE&amp;amp;amp;amp;amp;amp;trk=nav_responsive_tab_home\",\"https:\\\/\\\/www.youtube.com\\\/channel\\\/UCxL0wu1uN0_3_7hGG0306cw\"]},{\"@type\":\"Person\",\"@id\":\"https:\\\/\\\/www.bellunopress.it\\\/#\\\/schema\\\/person\\\/79bb06722b37ece1c03d3e94beb30d73\",\"name\":\"redazione\",\"image\":{\"@type\":\"ImageObject\",\"inLanguage\":\"fr-FR\",\"@id\":\"https:\\\/\\\/secure.gravatar.com\\\/avatar\\\/37d968a2e67a6fd04c169c4bdef102d0bc5d31b2546345219e348575eb80e9a0?s=96&d=mm&r=g\",\"url\":\"https:\\\/\\\/secure.gravatar.com\\\/avatar\\\/37d968a2e67a6fd04c169c4bdef102d0bc5d31b2546345219e348575eb80e9a0?s=96&d=mm&r=g\",\"contentUrl\":\"https:\\\/\\\/secure.gravatar.com\\\/avatar\\\/37d968a2e67a6fd04c169c4bdef102d0bc5d31b2546345219e348575eb80e9a0?s=96&d=mm&r=g\",\"caption\":\"redazione\"},\"sameAs\":[\"http:\\\/\\\/www.bellunopress.it\",\"https:\\\/\\\/x.com\\\/bellunopress\"],\"url\":\"https:\\\/\\\/www.bellunopress.it\\\/fr\\\/author\\\/redazione\\\/\"}]}<\/script>\n<!-- \/ Yoast SEO plugin. -->","yoast_head_json":{"title":"Talenti bellunesi nel cinema: il Centro Consorzi prepara le maestranze del futuro - Bellunopress - Dolomiti","robots":{"index":"index","follow":"follow","max-snippet":"max-snippet:-1","max-image-preview":"max-image-preview:large","max-video-preview":"max-video-preview:-1"},"canonical":"https:\/\/www.bellunopress.it\/fr\/2026\/07\/19\/talenti-bellunesi-nel-cinema-il-centro-consorzi-prepara-le-maestranze-del-futuro\/","og_locale":"fr_FR","og_type":"article","og_title":"Talenti bellunesi nel cinema: il Centro Consorzi prepara le maestranze del futuro - Bellunopress - Dolomiti","og_description":"Il progetto &#8220;Dietro le quinte&#8221; entra nella fase finale: presentato il lavoro dei 60 partecipanti prima delle riprese del cortometraggio Formare le maestranze di domani per le produzioni cinematografiche che sceglieranno il territorio bellunese. \u00c8 questa la sfida di &#8220;Dietro le quinte&#8221;, il progetto formativo del Centro Consorzi che ha accompagnato, dal maggio scorso, circa [&hellip;]","og_url":"https:\/\/www.bellunopress.it\/fr\/2026\/07\/19\/talenti-bellunesi-nel-cinema-il-centro-consorzi-prepara-le-maestranze-del-futuro\/","og_site_name":"Bellunopress - Dolomiti","article_publisher":"https:\/\/www.facebook.com\/profile.php?id=100008943462799","article_published_time":"2026-07-19T09:52:04+00:00","og_image":[{"width":700,"height":340,"url":"https:\/\/www.bellunopress.it\/wp-content\/uploads\/2026\/07\/Centro-Consorzi-direttore-Talo-regista-Recalchi-e-le-studentesse.jpg","type":"image\/jpeg"}],"author":"redazione","twitter_card":"summary_large_image","twitter_creator":"@bellunopress","twitter_site":"@bellunopress","twitter_misc":{"\u00c9crit par":"redazione","Dur\u00e9e de lecture estim\u00e9e":"4 minutes"},"schema":{"@context":"https:\/\/schema.org","@graph":[{"@type":"Article","@id":"https:\/\/www.bellunopress.it\/2026\/07\/19\/talenti-bellunesi-nel-cinema-il-centro-consorzi-prepara-le-maestranze-del-futuro\/#article","isPartOf":{"@id":"https:\/\/www.bellunopress.it\/2026\/07\/19\/talenti-bellunesi-nel-cinema-il-centro-consorzi-prepara-le-maestranze-del-futuro\/"},"author":{"name":"redazione","@id":"https:\/\/www.bellunopress.it\/#\/schema\/person\/79bb06722b37ece1c03d3e94beb30d73"},"headline":"Talenti bellunesi nel cinema: il Centro Consorzi prepara le maestranze del futuro","datePublished":"2026-07-19T09:52:04+00:00","mainEntityOfPage":{"@id":"https:\/\/www.bellunopress.it\/2026\/07\/19\/talenti-bellunesi-nel-cinema-il-centro-consorzi-prepara-le-maestranze-del-futuro\/"},"wordCount":585,"publisher":{"@id":"https:\/\/www.bellunopress.it\/#organization"},"image":{"@id":"https:\/\/www.bellunopress.it\/2026\/07\/19\/talenti-bellunesi-nel-cinema-il-centro-consorzi-prepara-le-maestranze-del-futuro\/#primaryimage"},"thumbnailUrl":"https:\/\/www.bellunopress.it\/wp-content\/uploads\/2026\/07\/Centro-Consorzi-direttore-Talo-regista-Recalchi-e-le-studentesse.jpg","articleSection":["Arte, Cultura, Spettacoli, Scienza","Prima Pagina","Scuola"],"inLanguage":"fr-FR"},{"@type":"WebPage","@id":"https:\/\/www.bellunopress.it\/2026\/07\/19\/talenti-bellunesi-nel-cinema-il-centro-consorzi-prepara-le-maestranze-del-futuro\/","url":"https:\/\/www.bellunopress.it\/2026\/07\/19\/talenti-bellunesi-nel-cinema-il-centro-consorzi-prepara-le-maestranze-del-futuro\/","name":"Talenti bellunesi nel cinema: il Centro Consorzi prepara le maestranze del futuro - Bellunopress - Dolomiti","isPartOf":{"@id":"https:\/\/www.bellunopress.it\/#website"},"primaryImageOfPage":{"@id":"https:\/\/www.bellunopress.it\/2026\/07\/19\/talenti-bellunesi-nel-cinema-il-centro-consorzi-prepara-le-maestranze-del-futuro\/#primaryimage"},"image":{"@id":"https:\/\/www.bellunopress.it\/2026\/07\/19\/talenti-bellunesi-nel-cinema-il-centro-consorzi-prepara-le-maestranze-del-futuro\/#primaryimage"},"thumbnailUrl":"https:\/\/www.bellunopress.it\/wp-content\/uploads\/2026\/07\/Centro-Consorzi-direttore-Talo-regista-Recalchi-e-le-studentesse.jpg","datePublished":"2026-07-19T09:52:04+00:00","breadcrumb":{"@id":"https:\/\/www.bellunopress.it\/2026\/07\/19\/talenti-bellunesi-nel-cinema-il-centro-consorzi-prepara-le-maestranze-del-futuro\/#breadcrumb"},"inLanguage":"fr-FR","potentialAction":[{"@type":"ReadAction","target":["https:\/\/www.bellunopress.it\/2026\/07\/19\/talenti-bellunesi-nel-cinema-il-centro-consorzi-prepara-le-maestranze-del-futuro\/"]}]},{"@type":"ImageObject","inLanguage":"fr-FR","@id":"https:\/\/www.bellunopress.it\/2026\/07\/19\/talenti-bellunesi-nel-cinema-il-centro-consorzi-prepara-le-maestranze-del-futuro\/#primaryimage","url":"https:\/\/www.bellunopress.it\/wp-content\/uploads\/2026\/07\/Centro-Consorzi-direttore-Talo-regista-Recalchi-e-le-studentesse.jpg","contentUrl":"https:\/\/www.bellunopress.it\/wp-content\/uploads\/2026\/07\/Centro-Consorzi-direttore-Talo-regista-Recalchi-e-le-studentesse.jpg","width":700,"height":340,"caption":"da sinistra il direttore del Centro Consorzi Talo con il regista Recalchi e le studentesse"},{"@type":"BreadcrumbList","@id":"https:\/\/www.bellunopress.it\/2026\/07\/19\/talenti-bellunesi-nel-cinema-il-centro-consorzi-prepara-le-maestranze-del-futuro\/#breadcrumb","itemListElement":[{"@type":"ListItem","position":1,"name":"Home","item":"https:\/\/www.bellunopress.it\/"},{"@type":"ListItem","position":2,"name":"Talenti bellunesi nel cinema: il Centro Consorzi prepara le maestranze del futuro"}]},{"@type":"WebSite","@id":"https:\/\/www.bellunopress.it\/#website","url":"https:\/\/www.bellunopress.it\/","name":"Bellunopress - Dolomiti","description":"e-mail: redazione@bellunopress.it","publisher":{"@id":"https:\/\/www.bellunopress.it\/#organization"},"potentialAction":[{"@type":"SearchAction","target":{"@type":"EntryPoint","urlTemplate":"https:\/\/www.bellunopress.it\/?s={search_term_string}"},"query-input":{"@type":"PropertyValueSpecification","valueRequired":true,"valueName":"search_term_string"}}],"inLanguage":"fr-FR"},{"@type":"Organization","@id":"https:\/\/www.bellunopress.it\/#organization","name":"Bellunopress","url":"https:\/\/www.bellunopress.it\/","logo":{"@type":"ImageObject","inLanguage":"fr-FR","@id":"https:\/\/www.bellunopress.it\/#\/schema\/logo\/image\/","url":"https:\/\/www.bellunopress.it\/wp-content\/uploads\/2011\/05\/cropped-logo-bellunopress-.jpg","contentUrl":"https:\/\/www.bellunopress.it\/wp-content\/uploads\/2011\/05\/cropped-logo-bellunopress-.jpg","width":512,"height":512,"caption":"Bellunopress"},"image":{"@id":"https:\/\/www.bellunopress.it\/#\/schema\/logo\/image\/"},"sameAs":["https:\/\/www.facebook.com\/profile.php?id=100008943462799","https:\/\/x.com\/bellunopress","https:\/\/www.linkedin.com\/hp\/?dnr=JBzUWaJfMUw8vbXJJ2tVW5-I3jZKvC4wsoxE&amp;amp;amp;amp;amp;amp;trk=nav_responsive_tab_home","https:\/\/www.youtube.com\/channel\/UCxL0wu1uN0_3_7hGG0306cw"]},{"@type":"Person","@id":"https:\/\/www.bellunopress.it\/#\/schema\/person\/79bb06722b37ece1c03d3e94beb30d73","name":"r\u00e9daction","image":{"@type":"ImageObject","inLanguage":"fr-FR","@id":"https:\/\/secure.gravatar.com\/avatar\/37d968a2e67a6fd04c169c4bdef102d0bc5d31b2546345219e348575eb80e9a0?s=96&d=mm&r=g","url":"https:\/\/secure.gravatar.com\/avatar\/37d968a2e67a6fd04c169c4bdef102d0bc5d31b2546345219e348575eb80e9a0?s=96&d=mm&r=g","contentUrl":"https:\/\/secure.gravatar.com\/avatar\/37d968a2e67a6fd04c169c4bdef102d0bc5d31b2546345219e348575eb80e9a0?s=96&d=mm&r=g","caption":"redazione"},"sameAs":["http:\/\/www.bellunopress.it","https:\/\/x.com\/bellunopress"],"url":"https:\/\/www.bellunopress.it\/fr\/author\/redazione\/"}]}},"_links":{"self":[{"href":"https:\/\/www.bellunopress.it\/fr\/wp-json\/wp\/v2\/posts\/172023","targetHints":{"allow":["GET"]}}],"collection":[{"href":"https:\/\/www.bellunopress.it\/fr\/wp-json\/wp\/v2\/posts"}],"about":[{"href":"https:\/\/www.bellunopress.it\/fr\/wp-json\/wp\/v2\/types\/post"}],"author":[{"embeddable":true,"href":"https:\/\/www.bellunopress.it\/fr\/wp-json\/wp\/v2\/users\/2"}],"replies":[{"embeddable":true,"href":"https:\/\/www.bellunopress.it\/fr\/wp-json\/wp\/v2\/comments?post=172023"}],"version-history":[{"count":1,"href":"https:\/\/www.bellunopress.it\/fr\/wp-json\/wp\/v2\/posts\/172023\/revisions"}],"predecessor-version":[{"id":172025,"href":"https:\/\/www.bellunopress.it\/fr\/wp-json\/wp\/v2\/posts\/172023\/revisions\/172025"}],"wp:featuredmedia":[{"embeddable":true,"href":"https:\/\/www.bellunopress.it\/fr\/wp-json\/wp\/v2\/media\/172024"}],"wp:attachment":[{"href":"https:\/\/www.bellunopress.it\/fr\/wp-json\/wp\/v2\/media?parent=172023"}],"wp:term":[{"taxonomy":"category","embeddable":true,"href":"https:\/\/www.bellunopress.it\/fr\/wp-json\/wp\/v2\/categories?post=172023"},{"taxonomy":"post_tag","embeddable":true,"href":"https:\/\/www.bellunopress.it\/fr\/wp-json\/wp\/v2\/tags?post=172023"}],"curies":[{"name":"wp","href":"https:\/\/api.w.org\/{rel}","templated":true}]}}