{"id":172021,"date":"2026-07-19T08:09:04","date_gmt":"2026-07-19T06:09:04","guid":{"rendered":"https:\/\/www.bellunopress.it\/?p=172021"},"modified":"2026-07-19T08:09:04","modified_gmt":"2026-07-19T06:09:04","slug":"belluno-ricorda-emanuela-loi","status":"publish","type":"post","link":"https:\/\/www.bellunopress.it\/fr\/2026\/07\/19\/belluno-ricorda-emanuela-loi\/","title":{"rendered":"Belluno ricorda Emanuela Loi\u00a0"},"content":{"rendered":"<p><strong>A 34 anni dalla strage di via D\u2019Amelio, la citt\u00e0 omaggia il sacrificio della giovane\u00a0agente<\/strong><\/p>\n<p>Era il 19 luglio 1992 quando Palermo fu scossa dalla violenza della strage di via D\u2019Amelio. Un attentato brutale che spezz\u00f2 la vita del giudice Paolo Borsellino e dei cinque agenti della sua scorta:<br \/>\nAgostino Catalano, Vincenzo Li Muli, Walter Eddy Cosina, Claudio Traina ed Emanuela Loi.<br \/>\nOggi, a distanza di 34 anni, il sacrificio di quei servitori dello Stato rimane un monito indelebile per la coscienza civile del Paese. Per onorare questa memoria e ribadire con forza l\u2019impegno contro ogni forma di criminalit\u00e0 organizzata, Belluno si prepara a un momento di solenne commemorazione.<\/p>\n<p>Luned\u00ec 20 luglio, ore 11.00 \u2013 Piazzale Emanuela Loi, localit\u00e0 Levego, Belluno.<br \/>\nLa cerimonia, organizzata dalla Questura di Belluno in collaborazione con il Comune, vedr\u00e0 la partecipazione delle autorit\u00e0 civili e religiose della Provincia. Il momento centrale dell\u2019evento sar\u00e0 lo scoprimento di un cippo commemorativo dedicato a Emanuela Loi, Medaglia d\u2019Oro al Valor Civile, prima donna agente della Polizia di Stato a cadere per mano mafiosa.<\/p>\n<p>\u00abIl sacrificio di Emanuela e dei tanti servitori dello Stato che hanno perso la vita per difendere la legalit\u00e0 \u2014 sottolinea il Questore di Belluno, Roberto Della Rocca \u2014 e il ricordo di questa giovane collega sono tutt\u2019oggi vivi e presenti in chi, ogni giorno, decide di ribellarsi alla mafia\u00bb.<\/p>\n<p>Questo cippo non sar\u00e0 solo un monumento in pietra, ma un segno concreto nel territorio bellunese, un invito costante alla memoria e alla responsabilit\u00e0. Ricordare Emanuela Loi significa rinnovare la promessa di non voltarsi dall&#8217;altra parte, mantenendo vivo l&#8217;esempio di coraggio e dedizione di chi ha dato la vita per le istituzioni e per la libert\u00e0 di tutti.<\/p>","protected":false},"excerpt":{"rendered":"<p>A 34 anni dalla strage di via D\u2019Amelio, la citt\u00e0 omaggia il sacrificio della giovane\u00a0agente Era il 19 luglio 1992 quando Palermo fu scossa dalla violenza della strage di via D\u2019Amelio. Un attentato brutale che spezz\u00f2 la vita del giudice Paolo Borsellino e dei cinque agenti della sua scorta: Agostino Catalano, Vincenzo Li Muli, Walter [&hellip;]<\/p>\n","protected":false},"author":2,"featured_media":158083,"comment_status":"closed","ping_status":"open","sticky":false,"template":"","format":"standard","meta":{"footnotes":""},"categories":[26,8],"tags":[],"class_list":["post-172021","post","type-post","status-publish","format-standard","has-post-thumbnail","category-prima-pagina","category-societa-istituzioni"],"yoast_head":"<!-- This site is optimized with the Yoast SEO plugin v28.4 - https:\/\/yoast.com\/product\/yoast-seo-wordpress\/ -->\n<title>Belluno ricorda Emanuela Loi\u00a0 - Bellunopress - Dolomiti<\/title>\n<meta name=\"robots\" content=\"index, follow, max-snippet:-1, max-image-preview:large, max-video-preview:-1\" \/>\n<link rel=\"canonical\" href=\"https:\/\/www.bellunopress.it\/fr\/2026\/07\/19\/belluno-ricorda-emanuela-loi\/\" \/>\n<meta property=\"og:locale\" content=\"fr_FR\" \/>\n<meta property=\"og:type\" content=\"article\" \/>\n<meta property=\"og:title\" content=\"Belluno ricorda Emanuela Loi\u00a0 - Bellunopress - Dolomiti\" \/>\n<meta property=\"og:description\" content=\"A 34 anni dalla strage di via D\u2019Amelio, la citt\u00e0 omaggia il sacrificio della giovane\u00a0agente Era il 19 luglio 1992 quando Palermo fu scossa dalla violenza della strage di via D\u2019Amelio. Un attentato brutale che spezz\u00f2 la vita del giudice Paolo Borsellino e dei cinque agenti della sua scorta: Agostino Catalano, Vincenzo Li Muli, Walter [&hellip;]\" \/>\n<meta property=\"og:url\" content=\"https:\/\/www.bellunopress.it\/fr\/2026\/07\/19\/belluno-ricorda-emanuela-loi\/\" \/>\n<meta property=\"og:site_name\" content=\"Bellunopress - Dolomiti\" \/>\n<meta property=\"article:publisher\" content=\"https:\/\/www.facebook.com\/profile.php?id=100008943462799\" \/>\n<meta property=\"article:published_time\" content=\"2026-07-19T06:09:04+00:00\" \/>\n<meta property=\"og:image\" content=\"https:\/\/www.bellunopress.it\/wp-content\/uploads\/2025\/02\/questore-roberto-della-rocca_edited.jpg\" \/>\n\t<meta property=\"og:image:width\" content=\"1000\" \/>\n\t<meta property=\"og:image:height\" content=\"937\" \/>\n\t<meta property=\"og:image:type\" content=\"image\/jpeg\" \/>\n<meta name=\"author\" content=\"redazione\" \/>\n<meta name=\"twitter:card\" content=\"summary_large_image\" \/>\n<meta name=\"twitter:creator\" content=\"@bellunopress\" \/>\n<meta name=\"twitter:site\" content=\"@bellunopress\" \/>\n<meta name=\"twitter:label1\" content=\"\u00c9crit par\" \/>\n\t<meta name=\"twitter:data1\" content=\"redazione\" \/>\n\t<meta name=\"twitter:label2\" content=\"Dur\u00e9e de lecture estim\u00e9e\" \/>\n\t<meta name=\"twitter:data2\" content=\"2 minutes\" \/>\n<script type=\"application\/ld+json\" class=\"yoast-schema-graph\">{\"@context\":\"https:\\\/\\\/schema.org\",\"@graph\":[{\"@type\":\"Article\",\"@id\":\"https:\\\/\\\/www.bellunopress.it\\\/2026\\\/07\\\/19\\\/belluno-ricorda-emanuela-loi\\\/#article\",\"isPartOf\":{\"@id\":\"https:\\\/\\\/www.bellunopress.it\\\/2026\\\/07\\\/19\\\/belluno-ricorda-emanuela-loi\\\/\"},\"author\":{\"name\":\"redazione\",\"@id\":\"https:\\\/\\\/www.bellunopress.it\\\/#\\\/schema\\\/person\\\/79bb06722b37ece1c03d3e94beb30d73\"},\"headline\":\"Belluno ricorda Emanuela Loi\u00a0\",\"datePublished\":\"2026-07-19T06:09:04+00:00\",\"mainEntityOfPage\":{\"@id\":\"https:\\\/\\\/www.bellunopress.it\\\/2026\\\/07\\\/19\\\/belluno-ricorda-emanuela-loi\\\/\"},\"wordCount\":287,\"publisher\":{\"@id\":\"https:\\\/\\\/www.bellunopress.it\\\/#organization\"},\"image\":{\"@id\":\"https:\\\/\\\/www.bellunopress.it\\\/2026\\\/07\\\/19\\\/belluno-ricorda-emanuela-loi\\\/#primaryimage\"},\"thumbnailUrl\":\"https:\\\/\\\/www.bellunopress.it\\\/wp-content\\\/uploads\\\/2025\\\/02\\\/questore-roberto-della-rocca_edited.jpg\",\"articleSection\":[\"Prima Pagina\",\"Societ\u00e0, Associazioni, Istituzioni\"],\"inLanguage\":\"fr-FR\"},{\"@type\":\"WebPage\",\"@id\":\"https:\\\/\\\/www.bellunopress.it\\\/2026\\\/07\\\/19\\\/belluno-ricorda-emanuela-loi\\\/\",\"url\":\"https:\\\/\\\/www.bellunopress.it\\\/2026\\\/07\\\/19\\\/belluno-ricorda-emanuela-loi\\\/\",\"name\":\"Belluno ricorda Emanuela Loi\u00a0 - Bellunopress - Dolomiti\",\"isPartOf\":{\"@id\":\"https:\\\/\\\/www.bellunopress.it\\\/#website\"},\"primaryImageOfPage\":{\"@id\":\"https:\\\/\\\/www.bellunopress.it\\\/2026\\\/07\\\/19\\\/belluno-ricorda-emanuela-loi\\\/#primaryimage\"},\"image\":{\"@id\":\"https:\\\/\\\/www.bellunopress.it\\\/2026\\\/07\\\/19\\\/belluno-ricorda-emanuela-loi\\\/#primaryimage\"},\"thumbnailUrl\":\"https:\\\/\\\/www.bellunopress.it\\\/wp-content\\\/uploads\\\/2025\\\/02\\\/questore-roberto-della-rocca_edited.jpg\",\"datePublished\":\"2026-07-19T06:09:04+00:00\",\"breadcrumb\":{\"@id\":\"https:\\\/\\\/www.bellunopress.it\\\/2026\\\/07\\\/19\\\/belluno-ricorda-emanuela-loi\\\/#breadcrumb\"},\"inLanguage\":\"fr-FR\",\"potentialAction\":[{\"@type\":\"ReadAction\",\"target\":[\"https:\\\/\\\/www.bellunopress.it\\\/2026\\\/07\\\/19\\\/belluno-ricorda-emanuela-loi\\\/\"]}]},{\"@type\":\"ImageObject\",\"inLanguage\":\"fr-FR\",\"@id\":\"https:\\\/\\\/www.bellunopress.it\\\/2026\\\/07\\\/19\\\/belluno-ricorda-emanuela-loi\\\/#primaryimage\",\"url\":\"https:\\\/\\\/www.bellunopress.it\\\/wp-content\\\/uploads\\\/2025\\\/02\\\/questore-roberto-della-rocca_edited.jpg\",\"contentUrl\":\"https:\\\/\\\/www.bellunopress.it\\\/wp-content\\\/uploads\\\/2025\\\/02\\\/questore-roberto-della-rocca_edited.jpg\",\"width\":1000,\"height\":937,\"caption\":\"Roberto Della Rocca, questore di Belluno\"},{\"@type\":\"BreadcrumbList\",\"@id\":\"https:\\\/\\\/www.bellunopress.it\\\/2026\\\/07\\\/19\\\/belluno-ricorda-emanuela-loi\\\/#breadcrumb\",\"itemListElement\":[{\"@type\":\"ListItem\",\"position\":1,\"name\":\"Home\",\"item\":\"https:\\\/\\\/www.bellunopress.it\\\/\"},{\"@type\":\"ListItem\",\"position\":2,\"name\":\"Belluno ricorda Emanuela Loi\u00a0\"}]},{\"@type\":\"WebSite\",\"@id\":\"https:\\\/\\\/www.bellunopress.it\\\/#website\",\"url\":\"https:\\\/\\\/www.bellunopress.it\\\/\",\"name\":\"Bellunopress - Dolomiti\",\"description\":\"e-mail: redazione@bellunopress.it\",\"publisher\":{\"@id\":\"https:\\\/\\\/www.bellunopress.it\\\/#organization\"},\"potentialAction\":[{\"@type\":\"SearchAction\",\"target\":{\"@type\":\"EntryPoint\",\"urlTemplate\":\"https:\\\/\\\/www.bellunopress.it\\\/?s={search_term_string}\"},\"query-input\":{\"@type\":\"PropertyValueSpecification\",\"valueRequired\":true,\"valueName\":\"search_term_string\"}}],\"inLanguage\":\"fr-FR\"},{\"@type\":\"Organization\",\"@id\":\"https:\\\/\\\/www.bellunopress.it\\\/#organization\",\"name\":\"Bellunopress\",\"url\":\"https:\\\/\\\/www.bellunopress.it\\\/\",\"logo\":{\"@type\":\"ImageObject\",\"inLanguage\":\"fr-FR\",\"@id\":\"https:\\\/\\\/www.bellunopress.it\\\/#\\\/schema\\\/logo\\\/image\\\/\",\"url\":\"https:\\\/\\\/www.bellunopress.it\\\/wp-content\\\/uploads\\\/2011\\\/05\\\/cropped-logo-bellunopress-.jpg\",\"contentUrl\":\"https:\\\/\\\/www.bellunopress.it\\\/wp-content\\\/uploads\\\/2011\\\/05\\\/cropped-logo-bellunopress-.jpg\",\"width\":512,\"height\":512,\"caption\":\"Bellunopress\"},\"image\":{\"@id\":\"https:\\\/\\\/www.bellunopress.it\\\/#\\\/schema\\\/logo\\\/image\\\/\"},\"sameAs\":[\"https:\\\/\\\/www.facebook.com\\\/profile.php?id=100008943462799\",\"https:\\\/\\\/x.com\\\/bellunopress\",\"https:\\\/\\\/www.linkedin.com\\\/hp\\\/?dnr=JBzUWaJfMUw8vbXJJ2tVW5-I3jZKvC4wsoxE&amp;amp;amp;amp;amp;amp;trk=nav_responsive_tab_home\",\"https:\\\/\\\/www.youtube.com\\\/channel\\\/UCxL0wu1uN0_3_7hGG0306cw\"]},{\"@type\":\"Person\",\"@id\":\"https:\\\/\\\/www.bellunopress.it\\\/#\\\/schema\\\/person\\\/79bb06722b37ece1c03d3e94beb30d73\",\"name\":\"redazione\",\"image\":{\"@type\":\"ImageObject\",\"inLanguage\":\"fr-FR\",\"@id\":\"https:\\\/\\\/secure.gravatar.com\\\/avatar\\\/37d968a2e67a6fd04c169c4bdef102d0bc5d31b2546345219e348575eb80e9a0?s=96&d=mm&r=g\",\"url\":\"https:\\\/\\\/secure.gravatar.com\\\/avatar\\\/37d968a2e67a6fd04c169c4bdef102d0bc5d31b2546345219e348575eb80e9a0?s=96&d=mm&r=g\",\"contentUrl\":\"https:\\\/\\\/secure.gravatar.com\\\/avatar\\\/37d968a2e67a6fd04c169c4bdef102d0bc5d31b2546345219e348575eb80e9a0?s=96&d=mm&r=g\",\"caption\":\"redazione\"},\"sameAs\":[\"http:\\\/\\\/www.bellunopress.it\",\"https:\\\/\\\/x.com\\\/bellunopress\"],\"url\":\"https:\\\/\\\/www.bellunopress.it\\\/fr\\\/author\\\/redazione\\\/\"}]}<\/script>\n<!-- \/ Yoast SEO plugin. -->","yoast_head_json":{"title":"Belluno ricorda Emanuela Loi\u00a0 - Bellunopress - Dolomiti","robots":{"index":"index","follow":"follow","max-snippet":"max-snippet:-1","max-image-preview":"max-image-preview:large","max-video-preview":"max-video-preview:-1"},"canonical":"https:\/\/www.bellunopress.it\/fr\/2026\/07\/19\/belluno-ricorda-emanuela-loi\/","og_locale":"fr_FR","og_type":"article","og_title":"Belluno ricorda Emanuela Loi\u00a0 - Bellunopress - Dolomiti","og_description":"A 34 anni dalla strage di via D\u2019Amelio, la citt\u00e0 omaggia il sacrificio della giovane\u00a0agente Era il 19 luglio 1992 quando Palermo fu scossa dalla violenza della strage di via D\u2019Amelio. Un attentato brutale che spezz\u00f2 la vita del giudice Paolo Borsellino e dei cinque agenti della sua scorta: Agostino Catalano, Vincenzo Li Muli, Walter [&hellip;]","og_url":"https:\/\/www.bellunopress.it\/fr\/2026\/07\/19\/belluno-ricorda-emanuela-loi\/","og_site_name":"Bellunopress - Dolomiti","article_publisher":"https:\/\/www.facebook.com\/profile.php?id=100008943462799","article_published_time":"2026-07-19T06:09:04+00:00","og_image":[{"width":1000,"height":937,"url":"https:\/\/www.bellunopress.it\/wp-content\/uploads\/2025\/02\/questore-roberto-della-rocca_edited.jpg","type":"image\/jpeg"}],"author":"redazione","twitter_card":"summary_large_image","twitter_creator":"@bellunopress","twitter_site":"@bellunopress","twitter_misc":{"\u00c9crit par":"redazione","Dur\u00e9e de lecture estim\u00e9e":"2 minutes"},"schema":{"@context":"https:\/\/schema.org","@graph":[{"@type":"Article","@id":"https:\/\/www.bellunopress.it\/2026\/07\/19\/belluno-ricorda-emanuela-loi\/#article","isPartOf":{"@id":"https:\/\/www.bellunopress.it\/2026\/07\/19\/belluno-ricorda-emanuela-loi\/"},"author":{"name":"redazione","@id":"https:\/\/www.bellunopress.it\/#\/schema\/person\/79bb06722b37ece1c03d3e94beb30d73"},"headline":"Belluno ricorda Emanuela Loi\u00a0","datePublished":"2026-07-19T06:09:04+00:00","mainEntityOfPage":{"@id":"https:\/\/www.bellunopress.it\/2026\/07\/19\/belluno-ricorda-emanuela-loi\/"},"wordCount":287,"publisher":{"@id":"https:\/\/www.bellunopress.it\/#organization"},"image":{"@id":"https:\/\/www.bellunopress.it\/2026\/07\/19\/belluno-ricorda-emanuela-loi\/#primaryimage"},"thumbnailUrl":"https:\/\/www.bellunopress.it\/wp-content\/uploads\/2025\/02\/questore-roberto-della-rocca_edited.jpg","articleSection":["Prima Pagina","Societ\u00e0, Associazioni, Istituzioni"],"inLanguage":"fr-FR"},{"@type":"WebPage","@id":"https:\/\/www.bellunopress.it\/2026\/07\/19\/belluno-ricorda-emanuela-loi\/","url":"https:\/\/www.bellunopress.it\/2026\/07\/19\/belluno-ricorda-emanuela-loi\/","name":"Belluno ricorda Emanuela Loi\u00a0 - Bellunopress - Dolomiti","isPartOf":{"@id":"https:\/\/www.bellunopress.it\/#website"},"primaryImageOfPage":{"@id":"https:\/\/www.bellunopress.it\/2026\/07\/19\/belluno-ricorda-emanuela-loi\/#primaryimage"},"image":{"@id":"https:\/\/www.bellunopress.it\/2026\/07\/19\/belluno-ricorda-emanuela-loi\/#primaryimage"},"thumbnailUrl":"https:\/\/www.bellunopress.it\/wp-content\/uploads\/2025\/02\/questore-roberto-della-rocca_edited.jpg","datePublished":"2026-07-19T06:09:04+00:00","breadcrumb":{"@id":"https:\/\/www.bellunopress.it\/2026\/07\/19\/belluno-ricorda-emanuela-loi\/#breadcrumb"},"inLanguage":"fr-FR","potentialAction":[{"@type":"ReadAction","target":["https:\/\/www.bellunopress.it\/2026\/07\/19\/belluno-ricorda-emanuela-loi\/"]}]},{"@type":"ImageObject","inLanguage":"fr-FR","@id":"https:\/\/www.bellunopress.it\/2026\/07\/19\/belluno-ricorda-emanuela-loi\/#primaryimage","url":"https:\/\/www.bellunopress.it\/wp-content\/uploads\/2025\/02\/questore-roberto-della-rocca_edited.jpg","contentUrl":"https:\/\/www.bellunopress.it\/wp-content\/uploads\/2025\/02\/questore-roberto-della-rocca_edited.jpg","width":1000,"height":937,"caption":"Roberto Della Rocca, questore di Belluno"},{"@type":"BreadcrumbList","@id":"https:\/\/www.bellunopress.it\/2026\/07\/19\/belluno-ricorda-emanuela-loi\/#breadcrumb","itemListElement":[{"@type":"ListItem","position":1,"name":"Home","item":"https:\/\/www.bellunopress.it\/"},{"@type":"ListItem","position":2,"name":"Belluno ricorda Emanuela Loi\u00a0"}]},{"@type":"WebSite","@id":"https:\/\/www.bellunopress.it\/#website","url":"https:\/\/www.bellunopress.it\/","name":"Bellunopress - Dolomiti","description":"e-mail: redazione@bellunopress.it","publisher":{"@id":"https:\/\/www.bellunopress.it\/#organization"},"potentialAction":[{"@type":"SearchAction","target":{"@type":"EntryPoint","urlTemplate":"https:\/\/www.bellunopress.it\/?s={search_term_string}"},"query-input":{"@type":"PropertyValueSpecification","valueRequired":true,"valueName":"search_term_string"}}],"inLanguage":"fr-FR"},{"@type":"Organization","@id":"https:\/\/www.bellunopress.it\/#organization","name":"Bellunopress","url":"https:\/\/www.bellunopress.it\/","logo":{"@type":"ImageObject","inLanguage":"fr-FR","@id":"https:\/\/www.bellunopress.it\/#\/schema\/logo\/image\/","url":"https:\/\/www.bellunopress.it\/wp-content\/uploads\/2011\/05\/cropped-logo-bellunopress-.jpg","contentUrl":"https:\/\/www.bellunopress.it\/wp-content\/uploads\/2011\/05\/cropped-logo-bellunopress-.jpg","width":512,"height":512,"caption":"Bellunopress"},"image":{"@id":"https:\/\/www.bellunopress.it\/#\/schema\/logo\/image\/"},"sameAs":["https:\/\/www.facebook.com\/profile.php?id=100008943462799","https:\/\/x.com\/bellunopress","https:\/\/www.linkedin.com\/hp\/?dnr=JBzUWaJfMUw8vbXJJ2tVW5-I3jZKvC4wsoxE&amp;amp;amp;amp;amp;amp;trk=nav_responsive_tab_home","https:\/\/www.youtube.com\/channel\/UCxL0wu1uN0_3_7hGG0306cw"]},{"@type":"Person","@id":"https:\/\/www.bellunopress.it\/#\/schema\/person\/79bb06722b37ece1c03d3e94beb30d73","name":"r\u00e9daction","image":{"@type":"ImageObject","inLanguage":"fr-FR","@id":"https:\/\/secure.gravatar.com\/avatar\/37d968a2e67a6fd04c169c4bdef102d0bc5d31b2546345219e348575eb80e9a0?s=96&d=mm&r=g","url":"https:\/\/secure.gravatar.com\/avatar\/37d968a2e67a6fd04c169c4bdef102d0bc5d31b2546345219e348575eb80e9a0?s=96&d=mm&r=g","contentUrl":"https:\/\/secure.gravatar.com\/avatar\/37d968a2e67a6fd04c169c4bdef102d0bc5d31b2546345219e348575eb80e9a0?s=96&d=mm&r=g","caption":"redazione"},"sameAs":["http:\/\/www.bellunopress.it","https:\/\/x.com\/bellunopress"],"url":"https:\/\/www.bellunopress.it\/fr\/author\/redazione\/"}]}},"_links":{"self":[{"href":"https:\/\/www.bellunopress.it\/fr\/wp-json\/wp\/v2\/posts\/172021","targetHints":{"allow":["GET"]}}],"collection":[{"href":"https:\/\/www.bellunopress.it\/fr\/wp-json\/wp\/v2\/posts"}],"about":[{"href":"https:\/\/www.bellunopress.it\/fr\/wp-json\/wp\/v2\/types\/post"}],"author":[{"embeddable":true,"href":"https:\/\/www.bellunopress.it\/fr\/wp-json\/wp\/v2\/users\/2"}],"replies":[{"embeddable":true,"href":"https:\/\/www.bellunopress.it\/fr\/wp-json\/wp\/v2\/comments?post=172021"}],"version-history":[{"count":1,"href":"https:\/\/www.bellunopress.it\/fr\/wp-json\/wp\/v2\/posts\/172021\/revisions"}],"predecessor-version":[{"id":172022,"href":"https:\/\/www.bellunopress.it\/fr\/wp-json\/wp\/v2\/posts\/172021\/revisions\/172022"}],"wp:featuredmedia":[{"embeddable":true,"href":"https:\/\/www.bellunopress.it\/fr\/wp-json\/wp\/v2\/media\/158083"}],"wp:attachment":[{"href":"https:\/\/www.bellunopress.it\/fr\/wp-json\/wp\/v2\/media?parent=172021"}],"wp:term":[{"taxonomy":"category","embeddable":true,"href":"https:\/\/www.bellunopress.it\/fr\/wp-json\/wp\/v2\/categories?post=172021"},{"taxonomy":"post_tag","embeddable":true,"href":"https:\/\/www.bellunopress.it\/fr\/wp-json\/wp\/v2\/tags?post=172021"}],"curies":[{"name":"wp","href":"https:\/\/api.w.org\/{rel}","templated":true}]}}