{"id":172018,"date":"2026-07-19T08:03:28","date_gmt":"2026-07-19T06:03:28","guid":{"rendered":"https:\/\/www.bellunopress.it\/?p=172018"},"modified":"2026-07-19T08:03:28","modified_gmt":"2026-07-19T06:03:28","slug":"rasai-si-prepara-al-grande-evento-del-decennale-2026-un-mese-di-festa-sport-e-cultura","status":"publish","type":"post","link":"https:\/\/www.bellunopress.it\/fr\/2026\/07\/19\/rasai-si-prepara-al-grande-evento-del-decennale-2026-un-mese-di-festa-sport-e-cultura\/","title":{"rendered":"Rasai si prepara al grande evento del Decennale 2026: un mese di festa, sport e\u00a0cultura"},"content":{"rendered":"<p>Seren del Grappa, 19\/07\/2026 &#8211;\u00a0Rasai \u00e8 pronta a vivere un&#8217;estate indimenticabile. Dal 15 luglio al 18 agosto 2026, la<br \/>\nfrazione di Seren del Grappa sar\u00e0 il cuore pulsante di un ricco calendario di appuntamenti che celebrano il Decennale di San Rocco, una ricorrenza storica che trascende la tradizione per diventare un vero e proprio momento di coesione sociale e valorizzazione del territorio.<br \/>\nIl Decennale, nato da un antico voto comunitario del 1836, si \u00e8 trasformato nel corso degli anni in un&#8217;occasione imperdibile per rafforzare i legami tra gli abitanti, coinvolgere le nuove generazioni e accogliere visitatori da tutto il comprensorio feltrino e oltre.<\/p>\n<p>\u00abAbbiamo unito le forze tra le associazioni del paese, creando una bellissima sinergia tra i volontari e coinvolgendo l&#8217;intera comunit\u00e0. \u00c8 stato un anno di intenso lavoro che ci ha permesso di costruire un programma capace di valorizzare la tradizione, ma anche di guardare al futuro\u00bb, afferma Daniele Taita, presidente del Comitato Decennale.<\/p>\n<p>Il motore dell&#8217;edizione 2026 \u00e8 il forte desiderio di coinvolgere i giovani. A partire da met\u00e0 luglio, piazza della Vittoria cambier\u00e0 volto trasformandosi in un vivace &#8220;villaggio estivo&#8221;.<br \/>\nL&#8217;area ospiter\u00e0 un campo in sabbia dedicato a tornei di beach soccer, beach volley e bocce, creando un punto di ritrovo ideale per sportivi, ragazzi e famiglie. A completare l&#8217;offerta, non mancheranno chioschi, stand gastronomici e momenti di intrattenimento musicale che animeranno le serate estive.<\/p>\n<p>Oltre allo sport e alla convivialit\u00e0, il Decennale punta a lasciare un segno tangibile nel paese. Tra le iniziative di spicco figura il progetto &#8220;Muri Parlanti \u2013 Rasai racconta Dino Buzzati&#8221;, che verr\u00e0 inaugurato sabato 1 agosto. Il progetto prevede la realizzazione di due\u00a0murales ispirati alle opere del celebre scrittore bellunese, pensati per arricchire il patrimonio artistico e culturale di Rasai.<br \/>\nUno dei momenti pi\u00f9 spettacolari e attesi rimane l&#8217;accensione dei fal\u00f2 sul monte Zurlin, prevista per la sera del 15 agosto e replicata in via eccezionale anche la sera successiva.<br \/>\nLa scritta &#8220;WSR&#8221; (W San Rocco) illuminer\u00e0 il pendio della montagna grazie a oltre 500 &#8220;scios&#8221; \u2014 gusci di lumaca utilizzati come lampade a olio \u2014 preparati e accesi manualmente dai volontari al tramonto, uno spettacolo unico che riflette l&#8217;identit\u00e0 profonda<br \/>\ndella comunit\u00e0 locale.<br \/>\nIl Decennale 2026 si conferma cos\u00ec non solo come un anniversario, ma come una dimostrazione di vitalit\u00e0, creativit\u00e0 e partecipazione collettiva che rende Rasai un esempio virtuoso di comunit\u00e0 viva, accogliente e capace di rinnovarsi costantemente.<\/p>\n<p>Per il programma completo, consultare i canali social ufficiali del Decennale di San Rocco 2026.<\/p>","protected":false},"excerpt":{"rendered":"<p>Seren del Grappa, 19\/07\/2026 &#8211;\u00a0Rasai \u00e8 pronta a vivere un&#8217;estate indimenticabile. Dal 15 luglio al 18 agosto 2026, la frazione di Seren del Grappa sar\u00e0 il cuore pulsante di un ricco calendario di appuntamenti che celebrano il Decennale di San Rocco, una ricorrenza storica che trascende la tradizione per diventare un vero e proprio momento [&hellip;]<\/p>\n","protected":false},"author":2,"featured_media":172019,"comment_status":"closed","ping_status":"open","sticky":false,"template":"","format":"standard","meta":{"footnotes":""},"categories":[25,8],"tags":[],"class_list":["post-172018","post","type-post","status-publish","format-standard","has-post-thumbnail","category-pausa-caffe","category-societa-istituzioni"],"yoast_head":"<!-- This site is optimized with the Yoast SEO plugin v28.4 - https:\/\/yoast.com\/product\/yoast-seo-wordpress\/ -->\n<title>Rasai si prepara al grande evento del Decennale 2026: un mese di festa, sport e\u00a0cultura - Bellunopress - Dolomiti<\/title>\n<meta name=\"robots\" content=\"index, follow, max-snippet:-1, max-image-preview:large, max-video-preview:-1\" \/>\n<link rel=\"canonical\" href=\"https:\/\/www.bellunopress.it\/fr\/2026\/07\/19\/rasai-si-prepara-al-grande-evento-del-decennale-2026-un-mese-di-festa-sport-e-cultura\/\" \/>\n<meta property=\"og:locale\" content=\"fr_FR\" \/>\n<meta property=\"og:type\" content=\"article\" \/>\n<meta property=\"og:title\" content=\"Rasai si prepara al grande evento del Decennale 2026: un mese di festa, sport e\u00a0cultura - Bellunopress - Dolomiti\" \/>\n<meta property=\"og:description\" content=\"Seren del Grappa, 19\/07\/2026 &#8211;\u00a0Rasai \u00e8 pronta a vivere un&#8217;estate indimenticabile. Dal 15 luglio al 18 agosto 2026, la frazione di Seren del Grappa sar\u00e0 il cuore pulsante di un ricco calendario di appuntamenti che celebrano il Decennale di San Rocco, una ricorrenza storica che trascende la tradizione per diventare un vero e proprio momento [&hellip;]\" \/>\n<meta property=\"og:url\" content=\"https:\/\/www.bellunopress.it\/fr\/2026\/07\/19\/rasai-si-prepara-al-grande-evento-del-decennale-2026-un-mese-di-festa-sport-e-cultura\/\" \/>\n<meta property=\"og:site_name\" content=\"Bellunopress - Dolomiti\" \/>\n<meta property=\"article:publisher\" content=\"https:\/\/www.facebook.com\/profile.php?id=100008943462799\" \/>\n<meta property=\"article:published_time\" content=\"2026-07-19T06:03:28+00:00\" \/>\n<meta property=\"og:image\" content=\"https:\/\/www.bellunopress.it\/wp-content\/uploads\/2026\/07\/Decennale_Rasai.jpg\" \/>\n\t<meta property=\"og:image:width\" content=\"600\" \/>\n\t<meta property=\"og:image:height\" content=\"337\" \/>\n\t<meta property=\"og:image:type\" content=\"image\/jpeg\" \/>\n<meta name=\"author\" content=\"redazione\" \/>\n<meta name=\"twitter:card\" content=\"summary_large_image\" \/>\n<meta name=\"twitter:creator\" content=\"@bellunopress\" \/>\n<meta name=\"twitter:site\" content=\"@bellunopress\" \/>\n<meta name=\"twitter:label1\" content=\"Written by\" \/>\n\t<meta name=\"twitter:data1\" content=\"redazione\" \/>\n\t<meta name=\"twitter:label2\" content=\"Est. reading time\" \/>\n\t<meta name=\"twitter:data2\" content=\"3 minutes\" \/>\n<script type=\"application\/ld+json\" class=\"yoast-schema-graph\">{\"@context\":\"https:\\\/\\\/schema.org\",\"@graph\":[{\"@type\":\"Article\",\"@id\":\"https:\\\/\\\/www.bellunopress.it\\\/2026\\\/07\\\/19\\\/rasai-si-prepara-al-grande-evento-del-decennale-2026-un-mese-di-festa-sport-e-cultura\\\/#article\",\"isPartOf\":{\"@id\":\"https:\\\/\\\/www.bellunopress.it\\\/2026\\\/07\\\/19\\\/rasai-si-prepara-al-grande-evento-del-decennale-2026-un-mese-di-festa-sport-e-cultura\\\/\"},\"author\":{\"name\":\"redazione\",\"@id\":\"https:\\\/\\\/www.bellunopress.it\\\/#\\\/schema\\\/person\\\/79bb06722b37ece1c03d3e94beb30d73\"},\"headline\":\"Rasai si prepara al grande evento del Decennale 2026: un mese di festa, sport e\u00a0cultura\",\"datePublished\":\"2026-07-19T06:03:28+00:00\",\"mainEntityOfPage\":{\"@id\":\"https:\\\/\\\/www.bellunopress.it\\\/2026\\\/07\\\/19\\\/rasai-si-prepara-al-grande-evento-del-decennale-2026-un-mese-di-festa-sport-e-cultura\\\/\"},\"wordCount\":422,\"publisher\":{\"@id\":\"https:\\\/\\\/www.bellunopress.it\\\/#organization\"},\"image\":{\"@id\":\"https:\\\/\\\/www.bellunopress.it\\\/2026\\\/07\\\/19\\\/rasai-si-prepara-al-grande-evento-del-decennale-2026-un-mese-di-festa-sport-e-cultura\\\/#primaryimage\"},\"thumbnailUrl\":\"https:\\\/\\\/www.bellunopress.it\\\/wp-content\\\/uploads\\\/2026\\\/07\\\/Decennale_Rasai.jpg\",\"articleSection\":[\"Pausa Caff\u00e8\",\"Societ\u00e0, Associazioni, Istituzioni\"],\"inLanguage\":\"fr-FR\"},{\"@type\":\"WebPage\",\"@id\":\"https:\\\/\\\/www.bellunopress.it\\\/2026\\\/07\\\/19\\\/rasai-si-prepara-al-grande-evento-del-decennale-2026-un-mese-di-festa-sport-e-cultura\\\/\",\"url\":\"https:\\\/\\\/www.bellunopress.it\\\/2026\\\/07\\\/19\\\/rasai-si-prepara-al-grande-evento-del-decennale-2026-un-mese-di-festa-sport-e-cultura\\\/\",\"name\":\"Rasai si prepara al grande evento del Decennale 2026: un mese di festa, sport e\u00a0cultura - Bellunopress - Dolomiti\",\"isPartOf\":{\"@id\":\"https:\\\/\\\/www.bellunopress.it\\\/#website\"},\"primaryImageOfPage\":{\"@id\":\"https:\\\/\\\/www.bellunopress.it\\\/2026\\\/07\\\/19\\\/rasai-si-prepara-al-grande-evento-del-decennale-2026-un-mese-di-festa-sport-e-cultura\\\/#primaryimage\"},\"image\":{\"@id\":\"https:\\\/\\\/www.bellunopress.it\\\/2026\\\/07\\\/19\\\/rasai-si-prepara-al-grande-evento-del-decennale-2026-un-mese-di-festa-sport-e-cultura\\\/#primaryimage\"},\"thumbnailUrl\":\"https:\\\/\\\/www.bellunopress.it\\\/wp-content\\\/uploads\\\/2026\\\/07\\\/Decennale_Rasai.jpg\",\"datePublished\":\"2026-07-19T06:03:28+00:00\",\"breadcrumb\":{\"@id\":\"https:\\\/\\\/www.bellunopress.it\\\/2026\\\/07\\\/19\\\/rasai-si-prepara-al-grande-evento-del-decennale-2026-un-mese-di-festa-sport-e-cultura\\\/#breadcrumb\"},\"inLanguage\":\"fr-FR\",\"potentialAction\":[{\"@type\":\"ReadAction\",\"target\":[\"https:\\\/\\\/www.bellunopress.it\\\/2026\\\/07\\\/19\\\/rasai-si-prepara-al-grande-evento-del-decennale-2026-un-mese-di-festa-sport-e-cultura\\\/\"]}]},{\"@type\":\"ImageObject\",\"inLanguage\":\"fr-FR\",\"@id\":\"https:\\\/\\\/www.bellunopress.it\\\/2026\\\/07\\\/19\\\/rasai-si-prepara-al-grande-evento-del-decennale-2026-un-mese-di-festa-sport-e-cultura\\\/#primaryimage\",\"url\":\"https:\\\/\\\/www.bellunopress.it\\\/wp-content\\\/uploads\\\/2026\\\/07\\\/Decennale_Rasai.jpg\",\"contentUrl\":\"https:\\\/\\\/www.bellunopress.it\\\/wp-content\\\/uploads\\\/2026\\\/07\\\/Decennale_Rasai.jpg\",\"width\":600,\"height\":337},{\"@type\":\"BreadcrumbList\",\"@id\":\"https:\\\/\\\/www.bellunopress.it\\\/2026\\\/07\\\/19\\\/rasai-si-prepara-al-grande-evento-del-decennale-2026-un-mese-di-festa-sport-e-cultura\\\/#breadcrumb\",\"itemListElement\":[{\"@type\":\"ListItem\",\"position\":1,\"name\":\"Home\",\"item\":\"https:\\\/\\\/www.bellunopress.it\\\/\"},{\"@type\":\"ListItem\",\"position\":2,\"name\":\"Rasai si prepara al grande evento del Decennale 2026: un mese di festa, sport e\u00a0cultura\"}]},{\"@type\":\"WebSite\",\"@id\":\"https:\\\/\\\/www.bellunopress.it\\\/#website\",\"url\":\"https:\\\/\\\/www.bellunopress.it\\\/\",\"name\":\"Bellunopress - Dolomiti\",\"description\":\"e-mail: redazione@bellunopress.it\",\"publisher\":{\"@id\":\"https:\\\/\\\/www.bellunopress.it\\\/#organization\"},\"potentialAction\":[{\"@type\":\"SearchAction\",\"target\":{\"@type\":\"EntryPoint\",\"urlTemplate\":\"https:\\\/\\\/www.bellunopress.it\\\/?s={search_term_string}\"},\"query-input\":{\"@type\":\"PropertyValueSpecification\",\"valueRequired\":true,\"valueName\":\"search_term_string\"}}],\"inLanguage\":\"fr-FR\"},{\"@type\":\"Organization\",\"@id\":\"https:\\\/\\\/www.bellunopress.it\\\/#organization\",\"name\":\"Bellunopress\",\"url\":\"https:\\\/\\\/www.bellunopress.it\\\/\",\"logo\":{\"@type\":\"ImageObject\",\"inLanguage\":\"fr-FR\",\"@id\":\"https:\\\/\\\/www.bellunopress.it\\\/#\\\/schema\\\/logo\\\/image\\\/\",\"url\":\"https:\\\/\\\/www.bellunopress.it\\\/wp-content\\\/uploads\\\/2011\\\/05\\\/cropped-logo-bellunopress-.jpg\",\"contentUrl\":\"https:\\\/\\\/www.bellunopress.it\\\/wp-content\\\/uploads\\\/2011\\\/05\\\/cropped-logo-bellunopress-.jpg\",\"width\":512,\"height\":512,\"caption\":\"Bellunopress\"},\"image\":{\"@id\":\"https:\\\/\\\/www.bellunopress.it\\\/#\\\/schema\\\/logo\\\/image\\\/\"},\"sameAs\":[\"https:\\\/\\\/www.facebook.com\\\/profile.php?id=100008943462799\",\"https:\\\/\\\/x.com\\\/bellunopress\",\"https:\\\/\\\/www.linkedin.com\\\/hp\\\/?dnr=JBzUWaJfMUw8vbXJJ2tVW5-I3jZKvC4wsoxE&amp;amp;amp;amp;amp;amp;trk=nav_responsive_tab_home\",\"https:\\\/\\\/www.youtube.com\\\/channel\\\/UCxL0wu1uN0_3_7hGG0306cw\"]},{\"@type\":\"Person\",\"@id\":\"https:\\\/\\\/www.bellunopress.it\\\/#\\\/schema\\\/person\\\/79bb06722b37ece1c03d3e94beb30d73\",\"name\":\"redazione\",\"image\":{\"@type\":\"ImageObject\",\"inLanguage\":\"fr-FR\",\"@id\":\"https:\\\/\\\/secure.gravatar.com\\\/avatar\\\/37d968a2e67a6fd04c169c4bdef102d0bc5d31b2546345219e348575eb80e9a0?s=96&d=mm&r=g\",\"url\":\"https:\\\/\\\/secure.gravatar.com\\\/avatar\\\/37d968a2e67a6fd04c169c4bdef102d0bc5d31b2546345219e348575eb80e9a0?s=96&d=mm&r=g\",\"contentUrl\":\"https:\\\/\\\/secure.gravatar.com\\\/avatar\\\/37d968a2e67a6fd04c169c4bdef102d0bc5d31b2546345219e348575eb80e9a0?s=96&d=mm&r=g\",\"caption\":\"redazione\"},\"sameAs\":[\"http:\\\/\\\/www.bellunopress.it\",\"https:\\\/\\\/x.com\\\/bellunopress\"],\"url\":\"https:\\\/\\\/www.bellunopress.it\\\/fr\\\/author\\\/redazione\\\/\"}]}<\/script>\n<!-- \/ Yoast SEO plugin. -->","yoast_head_json":{"title":"Rasai si prepara al grande evento del Decennale 2026: un mese di festa, sport e\u00a0cultura - Bellunopress - Dolomiti","robots":{"index":"index","follow":"follow","max-snippet":"max-snippet:-1","max-image-preview":"max-image-preview:large","max-video-preview":"max-video-preview:-1"},"canonical":"https:\/\/www.bellunopress.it\/fr\/2026\/07\/19\/rasai-si-prepara-al-grande-evento-del-decennale-2026-un-mese-di-festa-sport-e-cultura\/","og_locale":"fr_FR","og_type":"article","og_title":"Rasai si prepara al grande evento del Decennale 2026: un mese di festa, sport e\u00a0cultura - Bellunopress - Dolomiti","og_description":"Seren del Grappa, 19\/07\/2026 &#8211;\u00a0Rasai \u00e8 pronta a vivere un&#8217;estate indimenticabile. Dal 15 luglio al 18 agosto 2026, la frazione di Seren del Grappa sar\u00e0 il cuore pulsante di un ricco calendario di appuntamenti che celebrano il Decennale di San Rocco, una ricorrenza storica che trascende la tradizione per diventare un vero e proprio momento [&hellip;]","og_url":"https:\/\/www.bellunopress.it\/fr\/2026\/07\/19\/rasai-si-prepara-al-grande-evento-del-decennale-2026-un-mese-di-festa-sport-e-cultura\/","og_site_name":"Bellunopress - Dolomiti","article_publisher":"https:\/\/www.facebook.com\/profile.php?id=100008943462799","article_published_time":"2026-07-19T06:03:28+00:00","og_image":[{"width":600,"height":337,"url":"https:\/\/www.bellunopress.it\/wp-content\/uploads\/2026\/07\/Decennale_Rasai.jpg","type":"image\/jpeg"}],"author":"redazione","twitter_card":"summary_large_image","twitter_creator":"@bellunopress","twitter_site":"@bellunopress","twitter_misc":{"Written by":"redazione","Est. reading time":"3 minutes"},"schema":{"@context":"https:\/\/schema.org","@graph":[{"@type":"Article","@id":"https:\/\/www.bellunopress.it\/2026\/07\/19\/rasai-si-prepara-al-grande-evento-del-decennale-2026-un-mese-di-festa-sport-e-cultura\/#article","isPartOf":{"@id":"https:\/\/www.bellunopress.it\/2026\/07\/19\/rasai-si-prepara-al-grande-evento-del-decennale-2026-un-mese-di-festa-sport-e-cultura\/"},"author":{"name":"redazione","@id":"https:\/\/www.bellunopress.it\/#\/schema\/person\/79bb06722b37ece1c03d3e94beb30d73"},"headline":"Rasai si prepara al grande evento del Decennale 2026: un mese di festa, sport e\u00a0cultura","datePublished":"2026-07-19T06:03:28+00:00","mainEntityOfPage":{"@id":"https:\/\/www.bellunopress.it\/2026\/07\/19\/rasai-si-prepara-al-grande-evento-del-decennale-2026-un-mese-di-festa-sport-e-cultura\/"},"wordCount":422,"publisher":{"@id":"https:\/\/www.bellunopress.it\/#organization"},"image":{"@id":"https:\/\/www.bellunopress.it\/2026\/07\/19\/rasai-si-prepara-al-grande-evento-del-decennale-2026-un-mese-di-festa-sport-e-cultura\/#primaryimage"},"thumbnailUrl":"https:\/\/www.bellunopress.it\/wp-content\/uploads\/2026\/07\/Decennale_Rasai.jpg","articleSection":["Pausa Caff\u00e8","Societ\u00e0, Associazioni, Istituzioni"],"inLanguage":"fr-FR"},{"@type":"WebPage","@id":"https:\/\/www.bellunopress.it\/2026\/07\/19\/rasai-si-prepara-al-grande-evento-del-decennale-2026-un-mese-di-festa-sport-e-cultura\/","url":"https:\/\/www.bellunopress.it\/2026\/07\/19\/rasai-si-prepara-al-grande-evento-del-decennale-2026-un-mese-di-festa-sport-e-cultura\/","name":"Rasai si prepara al grande evento del Decennale 2026: un mese di festa, sport e\u00a0cultura - Bellunopress - Dolomiti","isPartOf":{"@id":"https:\/\/www.bellunopress.it\/#website"},"primaryImageOfPage":{"@id":"https:\/\/www.bellunopress.it\/2026\/07\/19\/rasai-si-prepara-al-grande-evento-del-decennale-2026-un-mese-di-festa-sport-e-cultura\/#primaryimage"},"image":{"@id":"https:\/\/www.bellunopress.it\/2026\/07\/19\/rasai-si-prepara-al-grande-evento-del-decennale-2026-un-mese-di-festa-sport-e-cultura\/#primaryimage"},"thumbnailUrl":"https:\/\/www.bellunopress.it\/wp-content\/uploads\/2026\/07\/Decennale_Rasai.jpg","datePublished":"2026-07-19T06:03:28+00:00","breadcrumb":{"@id":"https:\/\/www.bellunopress.it\/2026\/07\/19\/rasai-si-prepara-al-grande-evento-del-decennale-2026-un-mese-di-festa-sport-e-cultura\/#breadcrumb"},"inLanguage":"fr-FR","potentialAction":[{"@type":"ReadAction","target":["https:\/\/www.bellunopress.it\/2026\/07\/19\/rasai-si-prepara-al-grande-evento-del-decennale-2026-un-mese-di-festa-sport-e-cultura\/"]}]},{"@type":"ImageObject","inLanguage":"fr-FR","@id":"https:\/\/www.bellunopress.it\/2026\/07\/19\/rasai-si-prepara-al-grande-evento-del-decennale-2026-un-mese-di-festa-sport-e-cultura\/#primaryimage","url":"https:\/\/www.bellunopress.it\/wp-content\/uploads\/2026\/07\/Decennale_Rasai.jpg","contentUrl":"https:\/\/www.bellunopress.it\/wp-content\/uploads\/2026\/07\/Decennale_Rasai.jpg","width":600,"height":337},{"@type":"BreadcrumbList","@id":"https:\/\/www.bellunopress.it\/2026\/07\/19\/rasai-si-prepara-al-grande-evento-del-decennale-2026-un-mese-di-festa-sport-e-cultura\/#breadcrumb","itemListElement":[{"@type":"ListItem","position":1,"name":"Home","item":"https:\/\/www.bellunopress.it\/"},{"@type":"ListItem","position":2,"name":"Rasai si prepara al grande evento del Decennale 2026: un mese di festa, sport e\u00a0cultura"}]},{"@type":"WebSite","@id":"https:\/\/www.bellunopress.it\/#website","url":"https:\/\/www.bellunopress.it\/","name":"Bellunopress - Dolomiti","description":"e-mail: redazione@bellunopress.it","publisher":{"@id":"https:\/\/www.bellunopress.it\/#organization"},"potentialAction":[{"@type":"SearchAction","target":{"@type":"EntryPoint","urlTemplate":"https:\/\/www.bellunopress.it\/?s={search_term_string}"},"query-input":{"@type":"PropertyValueSpecification","valueRequired":true,"valueName":"search_term_string"}}],"inLanguage":"fr-FR"},{"@type":"Organization","@id":"https:\/\/www.bellunopress.it\/#organization","name":"Bellunopress","url":"https:\/\/www.bellunopress.it\/","logo":{"@type":"ImageObject","inLanguage":"fr-FR","@id":"https:\/\/www.bellunopress.it\/#\/schema\/logo\/image\/","url":"https:\/\/www.bellunopress.it\/wp-content\/uploads\/2011\/05\/cropped-logo-bellunopress-.jpg","contentUrl":"https:\/\/www.bellunopress.it\/wp-content\/uploads\/2011\/05\/cropped-logo-bellunopress-.jpg","width":512,"height":512,"caption":"Bellunopress"},"image":{"@id":"https:\/\/www.bellunopress.it\/#\/schema\/logo\/image\/"},"sameAs":["https:\/\/www.facebook.com\/profile.php?id=100008943462799","https:\/\/x.com\/bellunopress","https:\/\/www.linkedin.com\/hp\/?dnr=JBzUWaJfMUw8vbXJJ2tVW5-I3jZKvC4wsoxE&amp;amp;amp;amp;amp;amp;trk=nav_responsive_tab_home","https:\/\/www.youtube.com\/channel\/UCxL0wu1uN0_3_7hGG0306cw"]},{"@type":"Person","@id":"https:\/\/www.bellunopress.it\/#\/schema\/person\/79bb06722b37ece1c03d3e94beb30d73","name":"r\u00e9daction","image":{"@type":"ImageObject","inLanguage":"fr-FR","@id":"https:\/\/secure.gravatar.com\/avatar\/37d968a2e67a6fd04c169c4bdef102d0bc5d31b2546345219e348575eb80e9a0?s=96&d=mm&r=g","url":"https:\/\/secure.gravatar.com\/avatar\/37d968a2e67a6fd04c169c4bdef102d0bc5d31b2546345219e348575eb80e9a0?s=96&d=mm&r=g","contentUrl":"https:\/\/secure.gravatar.com\/avatar\/37d968a2e67a6fd04c169c4bdef102d0bc5d31b2546345219e348575eb80e9a0?s=96&d=mm&r=g","caption":"redazione"},"sameAs":["http:\/\/www.bellunopress.it","https:\/\/x.com\/bellunopress"],"url":"https:\/\/www.bellunopress.it\/fr\/author\/redazione\/"}]}},"_links":{"self":[{"href":"https:\/\/www.bellunopress.it\/fr\/wp-json\/wp\/v2\/posts\/172018","targetHints":{"allow":["GET"]}}],"collection":[{"href":"https:\/\/www.bellunopress.it\/fr\/wp-json\/wp\/v2\/posts"}],"about":[{"href":"https:\/\/www.bellunopress.it\/fr\/wp-json\/wp\/v2\/types\/post"}],"author":[{"embeddable":true,"href":"https:\/\/www.bellunopress.it\/fr\/wp-json\/wp\/v2\/users\/2"}],"replies":[{"embeddable":true,"href":"https:\/\/www.bellunopress.it\/fr\/wp-json\/wp\/v2\/comments?post=172018"}],"version-history":[{"count":1,"href":"https:\/\/www.bellunopress.it\/fr\/wp-json\/wp\/v2\/posts\/172018\/revisions"}],"predecessor-version":[{"id":172020,"href":"https:\/\/www.bellunopress.it\/fr\/wp-json\/wp\/v2\/posts\/172018\/revisions\/172020"}],"wp:featuredmedia":[{"embeddable":true,"href":"https:\/\/www.bellunopress.it\/fr\/wp-json\/wp\/v2\/media\/172019"}],"wp:attachment":[{"href":"https:\/\/www.bellunopress.it\/fr\/wp-json\/wp\/v2\/media?parent=172018"}],"wp:term":[{"taxonomy":"category","embeddable":true,"href":"https:\/\/www.bellunopress.it\/fr\/wp-json\/wp\/v2\/categories?post=172018"},{"taxonomy":"post_tag","embeddable":true,"href":"https:\/\/www.bellunopress.it\/fr\/wp-json\/wp\/v2\/tags?post=172018"}],"curies":[{"name":"wp","href":"https:\/\/api.w.org\/{rel}","templated":true}]}}