{"id":172016,"date":"2026-07-18T19:54:04","date_gmt":"2026-07-18T17:54:04","guid":{"rendered":"https:\/\/www.bellunopress.it\/?p=172016"},"modified":"2026-07-18T19:54:04","modified_gmt":"2026-07-18T17:54:04","slug":"800-coppie-al-via-domenica-per-la-transcivetta-alpenplus","status":"publish","type":"post","link":"https:\/\/www.bellunopress.it\/fr\/2026\/07\/18\/800-coppie-al-via-domenica-per-la-transcivetta-alpenplus\/","title":{"rendered":"800 coppie al via domenica per la Transcivetta Alpenplus"},"content":{"rendered":"<p><strong>Sulle Dolomiti Bellunesi, domenica 19 luglio, la storica gara di corsa in montagna a coppie da Listolade ai Piani di Pezz\u00e8<\/strong><\/p>\n<p>Alleghe (Dolomiti Bellunesi), 18 luglio 2026 \u2013 Sold out per Transcivetta Alpenplus. La storica gara di corsa in montagna a coppie ha infatti fatto registrare il tutto esaurito. Gi\u00e0 una decina di giorni, fa infatti, l&#8217;evento ha raggiunto il massimo di adesioni previsto dal comitato organizzatore: 800 coppie.<\/p>\n<p>Transcivetta Alpenplus si svolger\u00e0 domenica, 19 luglio. Confermato lo spettacolare tracciato che porter\u00e0 i concorrenti ad affrontare 1.950 metri di dislivello, distribuiti su 23 chilometri, con partenza da Listolade di Taibon Agordino e arrivo ai Piani di Pezz\u00e8 di Alleghe, transitando per Capanna Trieste, rifugio Vazzoler, Case Favretti, rifugio Tissi (che con i suoi 2.281 metri di altitudine rappresenta il punto pi\u00f9 alto della corsa), forcella Col Negro, forcella Coldai, rifugio Coldai e casera Pioda. Il via verr\u00e0 dato alle 9 per la prova competitiva, alle 9.15 per la prova non competitiva.<\/p>\n<p>Con il pettorale 1 gareggeranno due testimonial Alpenplus, i bellunesi Gianpietro Barattin (gi\u00e0 pi\u00f9 volte vincitore della Transcivetta) e Mihail Sirbu. Con il pettorale 3 altri due atleti targati Alpenplus, il bellunese Daniele Roccon e l&#8217;altoatesino Daniel Jung. A cercare un podio ci sono, tra gli altri, Lorenzo De Vettori e Giovanni De Bon. In campo femminile, attenzione alle vicentine Eleonora ed Irene Saggin (quest&#8217;ultima campionessa mondiale a squadre lo scorso anno nel trai lungo alla rassegna iridata di Canfranc \u2013 Pirenei Spagnoli), alla coppia trevigiano bellunese composta da Benedetta Polentes e Cecilia De Filippo (Team Alpenplus) e alla squadra formata dalle atlete della Val Comelico Martina De Silvestro e Giada Monegato. Tra le coppie miste, riflettori puntati sugli auronzani Francesca Di Sopra e Lorenzo Pais Bianco e sul tandem friulano Sara Nait e Andrea Fadi (vincitori lo scorso anno). Attenzione anche ai trentini Mauro Rasom e Laura Lorenzini, Sara Campigotto e Dylan De Michiel, Olivo Da Pra (6 volte vincitore) e Martina Da Rin Zanco (2 successi),<\/p>\n<p>In gara ci sar\u00e0 anche il patron di AlpenPlus, Devis Zasso. \u00abPer me si tratta della 23.ma partecipazione come concorrente, la prima come sponsor\u00bb spiega Zasso. \u00abSiamo davvero soddisfatti di aver fatto il sold out. Mi auguro anche che ci sia tanta gente a godersi lo spettacolo della Transcivetta Alpenplus e della montagna lungo i sentieri del Civetta. Per chi salir\u00e0 ai vari rifugi a tifare i runner, AlpenPlus Wear regaler\u00e0 una fascetta, ideale per andare in montagna e fare sport. Un modo semplice per coinvolgere il pubblico che, in eventi come questi, fa davvero la differenza in termini di entusiasmo e sostegno ai partecipanti\u00bb.<\/p>\n<p>Come consuetudine, Transcivetta Alpenplus dedicher\u00e0 spazio anche ai pi\u00f9 piccoli: in programma ai Piani di Pezz\u00e8, infatti, alle 14 scatter\u00e0 la Kids, dedicata agli under 12, su percorso di 2.5 chilometri.<\/p>\n<p>&nbsp;<\/p>","protected":false},"excerpt":{"rendered":"<p>Sulle Dolomiti Bellunesi, domenica 19 luglio, la storica gara di corsa in montagna a coppie da Listolade ai Piani di Pezz\u00e8 Alleghe (Dolomiti Bellunesi), 18 luglio 2026 \u2013 Sold out per Transcivetta Alpenplus. La storica gara di corsa in montagna a coppie ha infatti fatto registrare il tutto esaurito. Gi\u00e0 una decina di giorni, fa [&hellip;]<\/p>\n","protected":false},"author":2,"featured_media":161939,"comment_status":"closed","ping_status":"open","sticky":false,"template":"","format":"standard","meta":{"footnotes":""},"categories":[26,4],"tags":[],"class_list":["post-172016","post","type-post","status-publish","format-standard","has-post-thumbnail","category-prima-pagina","category-sport"],"yoast_head":"<!-- This site is optimized with the Yoast SEO plugin v28.4 - https:\/\/yoast.com\/product\/yoast-seo-wordpress\/ -->\n<title>800 coppie al via domenica per la Transcivetta Alpenplus - Bellunopress - Dolomiti<\/title>\n<meta name=\"robots\" content=\"index, follow, max-snippet:-1, max-image-preview:large, max-video-preview:-1\" \/>\n<link rel=\"canonical\" href=\"https:\/\/www.bellunopress.it\/fr\/2026\/07\/18\/800-coppie-al-via-domenica-per-la-transcivetta-alpenplus\/\" \/>\n<meta property=\"og:locale\" content=\"fr_FR\" \/>\n<meta property=\"og:type\" content=\"article\" \/>\n<meta property=\"og:title\" content=\"800 coppie al via domenica per la Transcivetta Alpenplus - Bellunopress - Dolomiti\" \/>\n<meta property=\"og:description\" content=\"Sulle Dolomiti Bellunesi, domenica 19 luglio, la storica gara di corsa in montagna a coppie da Listolade ai Piani di Pezz\u00e8 Alleghe (Dolomiti Bellunesi), 18 luglio 2026 \u2013 Sold out per Transcivetta Alpenplus. La storica gara di corsa in montagna a coppie ha infatti fatto registrare il tutto esaurito. Gi\u00e0 una decina di giorni, fa [&hellip;]\" \/>\n<meta property=\"og:url\" content=\"https:\/\/www.bellunopress.it\/fr\/2026\/07\/18\/800-coppie-al-via-domenica-per-la-transcivetta-alpenplus\/\" \/>\n<meta property=\"og:site_name\" content=\"Bellunopress - Dolomiti\" \/>\n<meta property=\"article:publisher\" content=\"https:\/\/www.facebook.com\/profile.php?id=100008943462799\" \/>\n<meta property=\"article:published_time\" content=\"2026-07-18T17:54:04+00:00\" \/>\n<meta property=\"og:image\" content=\"https:\/\/www.bellunopress.it\/wp-content\/uploads\/2025\/07\/transcivetta-2025i-LORENZO-E-LUCA-CAGNATI-vincitori.jpg\" \/>\n\t<meta property=\"og:image:width\" content=\"800\" \/>\n\t<meta property=\"og:image:height\" content=\"496\" \/>\n\t<meta property=\"og:image:type\" content=\"image\/jpeg\" \/>\n<meta name=\"author\" content=\"redazione\" \/>\n<meta name=\"twitter:card\" content=\"summary_large_image\" \/>\n<meta name=\"twitter:creator\" content=\"@bellunopress\" \/>\n<meta name=\"twitter:site\" content=\"@bellunopress\" \/>\n<meta name=\"twitter:label1\" content=\"\u00c9crit par\" \/>\n\t<meta name=\"twitter:data1\" content=\"redazione\" \/>\n\t<meta name=\"twitter:label2\" content=\"Dur\u00e9e de lecture estim\u00e9e\" \/>\n\t<meta name=\"twitter:data2\" content=\"3 minutes\" \/>\n<script type=\"application\/ld+json\" class=\"yoast-schema-graph\">{\"@context\":\"https:\\\/\\\/schema.org\",\"@graph\":[{\"@type\":\"Article\",\"@id\":\"https:\\\/\\\/www.bellunopress.it\\\/2026\\\/07\\\/18\\\/800-coppie-al-via-domenica-per-la-transcivetta-alpenplus\\\/#article\",\"isPartOf\":{\"@id\":\"https:\\\/\\\/www.bellunopress.it\\\/2026\\\/07\\\/18\\\/800-coppie-al-via-domenica-per-la-transcivetta-alpenplus\\\/\"},\"author\":{\"name\":\"redazione\",\"@id\":\"https:\\\/\\\/www.bellunopress.it\\\/#\\\/schema\\\/person\\\/79bb06722b37ece1c03d3e94beb30d73\"},\"headline\":\"800 coppie al via domenica per la Transcivetta Alpenplus\",\"datePublished\":\"2026-07-18T17:54:04+00:00\",\"mainEntityOfPage\":{\"@id\":\"https:\\\/\\\/www.bellunopress.it\\\/2026\\\/07\\\/18\\\/800-coppie-al-via-domenica-per-la-transcivetta-alpenplus\\\/\"},\"wordCount\":458,\"publisher\":{\"@id\":\"https:\\\/\\\/www.bellunopress.it\\\/#organization\"},\"image\":{\"@id\":\"https:\\\/\\\/www.bellunopress.it\\\/2026\\\/07\\\/18\\\/800-coppie-al-via-domenica-per-la-transcivetta-alpenplus\\\/#primaryimage\"},\"thumbnailUrl\":\"https:\\\/\\\/www.bellunopress.it\\\/wp-content\\\/uploads\\\/2025\\\/07\\\/transcivetta-2025i-LORENZO-E-LUCA-CAGNATI-vincitori.jpg\",\"articleSection\":[\"Prima Pagina\",\"Sport, tempo libero\"],\"inLanguage\":\"fr-FR\"},{\"@type\":\"WebPage\",\"@id\":\"https:\\\/\\\/www.bellunopress.it\\\/2026\\\/07\\\/18\\\/800-coppie-al-via-domenica-per-la-transcivetta-alpenplus\\\/\",\"url\":\"https:\\\/\\\/www.bellunopress.it\\\/2026\\\/07\\\/18\\\/800-coppie-al-via-domenica-per-la-transcivetta-alpenplus\\\/\",\"name\":\"800 coppie al via domenica per la Transcivetta Alpenplus - Bellunopress - Dolomiti\",\"isPartOf\":{\"@id\":\"https:\\\/\\\/www.bellunopress.it\\\/#website\"},\"primaryImageOfPage\":{\"@id\":\"https:\\\/\\\/www.bellunopress.it\\\/2026\\\/07\\\/18\\\/800-coppie-al-via-domenica-per-la-transcivetta-alpenplus\\\/#primaryimage\"},\"image\":{\"@id\":\"https:\\\/\\\/www.bellunopress.it\\\/2026\\\/07\\\/18\\\/800-coppie-al-via-domenica-per-la-transcivetta-alpenplus\\\/#primaryimage\"},\"thumbnailUrl\":\"https:\\\/\\\/www.bellunopress.it\\\/wp-content\\\/uploads\\\/2025\\\/07\\\/transcivetta-2025i-LORENZO-E-LUCA-CAGNATI-vincitori.jpg\",\"datePublished\":\"2026-07-18T17:54:04+00:00\",\"breadcrumb\":{\"@id\":\"https:\\\/\\\/www.bellunopress.it\\\/2026\\\/07\\\/18\\\/800-coppie-al-via-domenica-per-la-transcivetta-alpenplus\\\/#breadcrumb\"},\"inLanguage\":\"fr-FR\",\"potentialAction\":[{\"@type\":\"ReadAction\",\"target\":[\"https:\\\/\\\/www.bellunopress.it\\\/2026\\\/07\\\/18\\\/800-coppie-al-via-domenica-per-la-transcivetta-alpenplus\\\/\"]}]},{\"@type\":\"ImageObject\",\"inLanguage\":\"fr-FR\",\"@id\":\"https:\\\/\\\/www.bellunopress.it\\\/2026\\\/07\\\/18\\\/800-coppie-al-via-domenica-per-la-transcivetta-alpenplus\\\/#primaryimage\",\"url\":\"https:\\\/\\\/www.bellunopress.it\\\/wp-content\\\/uploads\\\/2025\\\/07\\\/transcivetta-2025i-LORENZO-E-LUCA-CAGNATI-vincitori.jpg\",\"contentUrl\":\"https:\\\/\\\/www.bellunopress.it\\\/wp-content\\\/uploads\\\/2025\\\/07\\\/transcivetta-2025i-LORENZO-E-LUCA-CAGNATI-vincitori.jpg\",\"width\":800,\"height\":496,\"caption\":\"Lorenzo e Luca Cagnati, vincitori della Transcivetta 2025\"},{\"@type\":\"BreadcrumbList\",\"@id\":\"https:\\\/\\\/www.bellunopress.it\\\/2026\\\/07\\\/18\\\/800-coppie-al-via-domenica-per-la-transcivetta-alpenplus\\\/#breadcrumb\",\"itemListElement\":[{\"@type\":\"ListItem\",\"position\":1,\"name\":\"Home\",\"item\":\"https:\\\/\\\/www.bellunopress.it\\\/\"},{\"@type\":\"ListItem\",\"position\":2,\"name\":\"800 coppie al via domenica per la Transcivetta Alpenplus\"}]},{\"@type\":\"WebSite\",\"@id\":\"https:\\\/\\\/www.bellunopress.it\\\/#website\",\"url\":\"https:\\\/\\\/www.bellunopress.it\\\/\",\"name\":\"Bellunopress - Dolomiti\",\"description\":\"e-mail: redazione@bellunopress.it\",\"publisher\":{\"@id\":\"https:\\\/\\\/www.bellunopress.it\\\/#organization\"},\"potentialAction\":[{\"@type\":\"SearchAction\",\"target\":{\"@type\":\"EntryPoint\",\"urlTemplate\":\"https:\\\/\\\/www.bellunopress.it\\\/?s={search_term_string}\"},\"query-input\":{\"@type\":\"PropertyValueSpecification\",\"valueRequired\":true,\"valueName\":\"search_term_string\"}}],\"inLanguage\":\"fr-FR\"},{\"@type\":\"Organization\",\"@id\":\"https:\\\/\\\/www.bellunopress.it\\\/#organization\",\"name\":\"Bellunopress\",\"url\":\"https:\\\/\\\/www.bellunopress.it\\\/\",\"logo\":{\"@type\":\"ImageObject\",\"inLanguage\":\"fr-FR\",\"@id\":\"https:\\\/\\\/www.bellunopress.it\\\/#\\\/schema\\\/logo\\\/image\\\/\",\"url\":\"https:\\\/\\\/www.bellunopress.it\\\/wp-content\\\/uploads\\\/2011\\\/05\\\/cropped-logo-bellunopress-.jpg\",\"contentUrl\":\"https:\\\/\\\/www.bellunopress.it\\\/wp-content\\\/uploads\\\/2011\\\/05\\\/cropped-logo-bellunopress-.jpg\",\"width\":512,\"height\":512,\"caption\":\"Bellunopress\"},\"image\":{\"@id\":\"https:\\\/\\\/www.bellunopress.it\\\/#\\\/schema\\\/logo\\\/image\\\/\"},\"sameAs\":[\"https:\\\/\\\/www.facebook.com\\\/profile.php?id=100008943462799\",\"https:\\\/\\\/x.com\\\/bellunopress\",\"https:\\\/\\\/www.linkedin.com\\\/hp\\\/?dnr=JBzUWaJfMUw8vbXJJ2tVW5-I3jZKvC4wsoxE&amp;amp;amp;amp;amp;amp;trk=nav_responsive_tab_home\",\"https:\\\/\\\/www.youtube.com\\\/channel\\\/UCxL0wu1uN0_3_7hGG0306cw\"]},{\"@type\":\"Person\",\"@id\":\"https:\\\/\\\/www.bellunopress.it\\\/#\\\/schema\\\/person\\\/79bb06722b37ece1c03d3e94beb30d73\",\"name\":\"redazione\",\"image\":{\"@type\":\"ImageObject\",\"inLanguage\":\"fr-FR\",\"@id\":\"https:\\\/\\\/secure.gravatar.com\\\/avatar\\\/37d968a2e67a6fd04c169c4bdef102d0bc5d31b2546345219e348575eb80e9a0?s=96&d=mm&r=g\",\"url\":\"https:\\\/\\\/secure.gravatar.com\\\/avatar\\\/37d968a2e67a6fd04c169c4bdef102d0bc5d31b2546345219e348575eb80e9a0?s=96&d=mm&r=g\",\"contentUrl\":\"https:\\\/\\\/secure.gravatar.com\\\/avatar\\\/37d968a2e67a6fd04c169c4bdef102d0bc5d31b2546345219e348575eb80e9a0?s=96&d=mm&r=g\",\"caption\":\"redazione\"},\"sameAs\":[\"http:\\\/\\\/www.bellunopress.it\",\"https:\\\/\\\/x.com\\\/bellunopress\"],\"url\":\"https:\\\/\\\/www.bellunopress.it\\\/fr\\\/author\\\/redazione\\\/\"}]}<\/script>\n<!-- \/ Yoast SEO plugin. -->","yoast_head_json":{"title":"800 coppie al via domenica per la Transcivetta Alpenplus - Bellunopress - Dolomiti","robots":{"index":"index","follow":"follow","max-snippet":"max-snippet:-1","max-image-preview":"max-image-preview:large","max-video-preview":"max-video-preview:-1"},"canonical":"https:\/\/www.bellunopress.it\/fr\/2026\/07\/18\/800-coppie-al-via-domenica-per-la-transcivetta-alpenplus\/","og_locale":"fr_FR","og_type":"article","og_title":"800 coppie al via domenica per la Transcivetta Alpenplus - Bellunopress - Dolomiti","og_description":"Sulle Dolomiti Bellunesi, domenica 19 luglio, la storica gara di corsa in montagna a coppie da Listolade ai Piani di Pezz\u00e8 Alleghe (Dolomiti Bellunesi), 18 luglio 2026 \u2013 Sold out per Transcivetta Alpenplus. La storica gara di corsa in montagna a coppie ha infatti fatto registrare il tutto esaurito. Gi\u00e0 una decina di giorni, fa [&hellip;]","og_url":"https:\/\/www.bellunopress.it\/fr\/2026\/07\/18\/800-coppie-al-via-domenica-per-la-transcivetta-alpenplus\/","og_site_name":"Bellunopress - Dolomiti","article_publisher":"https:\/\/www.facebook.com\/profile.php?id=100008943462799","article_published_time":"2026-07-18T17:54:04+00:00","og_image":[{"width":800,"height":496,"url":"https:\/\/www.bellunopress.it\/wp-content\/uploads\/2025\/07\/transcivetta-2025i-LORENZO-E-LUCA-CAGNATI-vincitori.jpg","type":"image\/jpeg"}],"author":"redazione","twitter_card":"summary_large_image","twitter_creator":"@bellunopress","twitter_site":"@bellunopress","twitter_misc":{"\u00c9crit par":"redazione","Dur\u00e9e de lecture estim\u00e9e":"3 minutes"},"schema":{"@context":"https:\/\/schema.org","@graph":[{"@type":"Article","@id":"https:\/\/www.bellunopress.it\/2026\/07\/18\/800-coppie-al-via-domenica-per-la-transcivetta-alpenplus\/#article","isPartOf":{"@id":"https:\/\/www.bellunopress.it\/2026\/07\/18\/800-coppie-al-via-domenica-per-la-transcivetta-alpenplus\/"},"author":{"name":"redazione","@id":"https:\/\/www.bellunopress.it\/#\/schema\/person\/79bb06722b37ece1c03d3e94beb30d73"},"headline":"800 coppie al via domenica per la Transcivetta Alpenplus","datePublished":"2026-07-18T17:54:04+00:00","mainEntityOfPage":{"@id":"https:\/\/www.bellunopress.it\/2026\/07\/18\/800-coppie-al-via-domenica-per-la-transcivetta-alpenplus\/"},"wordCount":458,"publisher":{"@id":"https:\/\/www.bellunopress.it\/#organization"},"image":{"@id":"https:\/\/www.bellunopress.it\/2026\/07\/18\/800-coppie-al-via-domenica-per-la-transcivetta-alpenplus\/#primaryimage"},"thumbnailUrl":"https:\/\/www.bellunopress.it\/wp-content\/uploads\/2025\/07\/transcivetta-2025i-LORENZO-E-LUCA-CAGNATI-vincitori.jpg","articleSection":["Prima Pagina","Sport, tempo libero"],"inLanguage":"fr-FR"},{"@type":"WebPage","@id":"https:\/\/www.bellunopress.it\/2026\/07\/18\/800-coppie-al-via-domenica-per-la-transcivetta-alpenplus\/","url":"https:\/\/www.bellunopress.it\/2026\/07\/18\/800-coppie-al-via-domenica-per-la-transcivetta-alpenplus\/","name":"800 coppie al via domenica per la Transcivetta Alpenplus - Bellunopress - Dolomiti","isPartOf":{"@id":"https:\/\/www.bellunopress.it\/#website"},"primaryImageOfPage":{"@id":"https:\/\/www.bellunopress.it\/2026\/07\/18\/800-coppie-al-via-domenica-per-la-transcivetta-alpenplus\/#primaryimage"},"image":{"@id":"https:\/\/www.bellunopress.it\/2026\/07\/18\/800-coppie-al-via-domenica-per-la-transcivetta-alpenplus\/#primaryimage"},"thumbnailUrl":"https:\/\/www.bellunopress.it\/wp-content\/uploads\/2025\/07\/transcivetta-2025i-LORENZO-E-LUCA-CAGNATI-vincitori.jpg","datePublished":"2026-07-18T17:54:04+00:00","breadcrumb":{"@id":"https:\/\/www.bellunopress.it\/2026\/07\/18\/800-coppie-al-via-domenica-per-la-transcivetta-alpenplus\/#breadcrumb"},"inLanguage":"fr-FR","potentialAction":[{"@type":"ReadAction","target":["https:\/\/www.bellunopress.it\/2026\/07\/18\/800-coppie-al-via-domenica-per-la-transcivetta-alpenplus\/"]}]},{"@type":"ImageObject","inLanguage":"fr-FR","@id":"https:\/\/www.bellunopress.it\/2026\/07\/18\/800-coppie-al-via-domenica-per-la-transcivetta-alpenplus\/#primaryimage","url":"https:\/\/www.bellunopress.it\/wp-content\/uploads\/2025\/07\/transcivetta-2025i-LORENZO-E-LUCA-CAGNATI-vincitori.jpg","contentUrl":"https:\/\/www.bellunopress.it\/wp-content\/uploads\/2025\/07\/transcivetta-2025i-LORENZO-E-LUCA-CAGNATI-vincitori.jpg","width":800,"height":496,"caption":"Lorenzo e Luca Cagnati, vincitori della Transcivetta 2025"},{"@type":"BreadcrumbList","@id":"https:\/\/www.bellunopress.it\/2026\/07\/18\/800-coppie-al-via-domenica-per-la-transcivetta-alpenplus\/#breadcrumb","itemListElement":[{"@type":"ListItem","position":1,"name":"Home","item":"https:\/\/www.bellunopress.it\/"},{"@type":"ListItem","position":2,"name":"800 coppie al via domenica per la Transcivetta Alpenplus"}]},{"@type":"WebSite","@id":"https:\/\/www.bellunopress.it\/#website","url":"https:\/\/www.bellunopress.it\/","name":"Bellunopress - Dolomiti","description":"e-mail: redazione@bellunopress.it","publisher":{"@id":"https:\/\/www.bellunopress.it\/#organization"},"potentialAction":[{"@type":"SearchAction","target":{"@type":"EntryPoint","urlTemplate":"https:\/\/www.bellunopress.it\/?s={search_term_string}"},"query-input":{"@type":"PropertyValueSpecification","valueRequired":true,"valueName":"search_term_string"}}],"inLanguage":"fr-FR"},{"@type":"Organization","@id":"https:\/\/www.bellunopress.it\/#organization","name":"Bellunopress","url":"https:\/\/www.bellunopress.it\/","logo":{"@type":"ImageObject","inLanguage":"fr-FR","@id":"https:\/\/www.bellunopress.it\/#\/schema\/logo\/image\/","url":"https:\/\/www.bellunopress.it\/wp-content\/uploads\/2011\/05\/cropped-logo-bellunopress-.jpg","contentUrl":"https:\/\/www.bellunopress.it\/wp-content\/uploads\/2011\/05\/cropped-logo-bellunopress-.jpg","width":512,"height":512,"caption":"Bellunopress"},"image":{"@id":"https:\/\/www.bellunopress.it\/#\/schema\/logo\/image\/"},"sameAs":["https:\/\/www.facebook.com\/profile.php?id=100008943462799","https:\/\/x.com\/bellunopress","https:\/\/www.linkedin.com\/hp\/?dnr=JBzUWaJfMUw8vbXJJ2tVW5-I3jZKvC4wsoxE&amp;amp;amp;amp;amp;amp;trk=nav_responsive_tab_home","https:\/\/www.youtube.com\/channel\/UCxL0wu1uN0_3_7hGG0306cw"]},{"@type":"Person","@id":"https:\/\/www.bellunopress.it\/#\/schema\/person\/79bb06722b37ece1c03d3e94beb30d73","name":"r\u00e9daction","image":{"@type":"ImageObject","inLanguage":"fr-FR","@id":"https:\/\/secure.gravatar.com\/avatar\/37d968a2e67a6fd04c169c4bdef102d0bc5d31b2546345219e348575eb80e9a0?s=96&d=mm&r=g","url":"https:\/\/secure.gravatar.com\/avatar\/37d968a2e67a6fd04c169c4bdef102d0bc5d31b2546345219e348575eb80e9a0?s=96&d=mm&r=g","contentUrl":"https:\/\/secure.gravatar.com\/avatar\/37d968a2e67a6fd04c169c4bdef102d0bc5d31b2546345219e348575eb80e9a0?s=96&d=mm&r=g","caption":"redazione"},"sameAs":["http:\/\/www.bellunopress.it","https:\/\/x.com\/bellunopress"],"url":"https:\/\/www.bellunopress.it\/fr\/author\/redazione\/"}]}},"_links":{"self":[{"href":"https:\/\/www.bellunopress.it\/fr\/wp-json\/wp\/v2\/posts\/172016","targetHints":{"allow":["GET"]}}],"collection":[{"href":"https:\/\/www.bellunopress.it\/fr\/wp-json\/wp\/v2\/posts"}],"about":[{"href":"https:\/\/www.bellunopress.it\/fr\/wp-json\/wp\/v2\/types\/post"}],"author":[{"embeddable":true,"href":"https:\/\/www.bellunopress.it\/fr\/wp-json\/wp\/v2\/users\/2"}],"replies":[{"embeddable":true,"href":"https:\/\/www.bellunopress.it\/fr\/wp-json\/wp\/v2\/comments?post=172016"}],"version-history":[{"count":1,"href":"https:\/\/www.bellunopress.it\/fr\/wp-json\/wp\/v2\/posts\/172016\/revisions"}],"predecessor-version":[{"id":172017,"href":"https:\/\/www.bellunopress.it\/fr\/wp-json\/wp\/v2\/posts\/172016\/revisions\/172017"}],"wp:featuredmedia":[{"embeddable":true,"href":"https:\/\/www.bellunopress.it\/fr\/wp-json\/wp\/v2\/media\/161939"}],"wp:attachment":[{"href":"https:\/\/www.bellunopress.it\/fr\/wp-json\/wp\/v2\/media?parent=172016"}],"wp:term":[{"taxonomy":"category","embeddable":true,"href":"https:\/\/www.bellunopress.it\/fr\/wp-json\/wp\/v2\/categories?post=172016"},{"taxonomy":"post_tag","embeddable":true,"href":"https:\/\/www.bellunopress.it\/fr\/wp-json\/wp\/v2\/tags?post=172016"}],"curies":[{"name":"wp","href":"https:\/\/api.w.org\/{rel}","templated":true}]}}