{"id":172014,"date":"2026-07-18T19:37:30","date_gmt":"2026-07-18T17:37:30","guid":{"rendered":"https:\/\/www.bellunopress.it\/?p=172014"},"modified":"2026-07-18T19:37:30","modified_gmt":"2026-07-18T17:37:30","slug":"trofeo-guarnieri-terza-task-da-incorniciare-sul-monte-grappa-brilla-lazzurra-martina-centa","status":"publish","type":"post","link":"https:\/\/www.bellunopress.it\/fr\/2026\/07\/18\/trofeo-guarnieri-terza-task-da-incorniciare-sul-monte-grappa-brilla-lazzurra-martina-centa\/","title":{"rendered":"Trofeo Guarnieri, terza task da incorniciare sul Monte Grappa: brilla l&#8217;azzurra Martina Centa"},"content":{"rendered":"<p id=\"p-rc_ab1c548b0a7d1eb7-27\" data-path-to-node=\"1\"><span data-path-to-node=\"1,0\">Borso del Grappa (Treviso) 18\/07\/2026 \u2013 Una sfida vinta contro l&#8217;incertezza del meteo. Il 41\u00b0 Trofeo Internazionale Guarnieri e Alpen Cup 2026 ha vissuto oggi una terza giornata memorabile, segnata da una complessa operazione logistica che ha permesso ai piloti di completare una task di 49,7 km sul versante meridionale del massiccio del Grappa, prima dell&#8217;interruzione per maltempo<\/span><span data-path-to-node=\"1,2\">.<\/span><\/p>\n<h3 data-path-to-node=\"2\">La gara: tattica e precisione<\/h3>\n<p id=\"p-rc_ab1c548b0a7d1eb7-28\" data-path-to-node=\"3\"><span data-path-to-node=\"3,0\">Il decollo da Rubbio, avvenuto alle 11:30, ha dato il via a una prova serrata. Nonostante l&#8217;avvicinamento di temporali che hanno costretto la direzione gara a sospendere la competizione alle 14:18, la task \u00e8 stata dichiarata ufficialmente valida<\/span><span data-path-to-node=\"3,2\">.<\/span><\/p>\n<p id=\"p-rc_ab1c548b0a7d1eb7-29\" data-path-to-node=\"4\">Nella categoria maschile, la vittoria \u00e8 andata al tedesco Martin Petz (1h27&#8217;17&#8221;, 995.7 punti), che ha preceduto al fotofinish il polacco Michal Gierlach (stesso punteggio, tempo di 1h27&#8217;10&#8221;). Il podio di giornata \u00e8 stato completato dallo svizzero Roger Aeschbacher, seguito dall&#8217;azzurro Denis Soverini, ottimo quarto.<\/p>\n<h3 data-path-to-node=\"5\">Martina Centa protagonista in casa<\/h3>\n<p id=\"p-rc_ab1c548b0a7d1eb7-30\" data-path-to-node=\"6\">La giornata sar\u00e0 ricordata in particolare per l&#8217;eccezionale performance di Martina Centa. L&#8217;atleta feltrina ha disputato una prova magistrale, conquistando il secondo posto di tappa tra le donne (879.8 punti), alle spalle della polacca Klaudia Bulgakow (892.5 punti) e davanti alla leader della classifica generale Silvia Buzzi Ferraris.<\/p>\n<h3 data-path-to-node=\"7\">Le classifiche dopo tre prove<\/h3>\n<ul data-path-to-node=\"8\">\n<li>\n<p id=\"p-rc_ab1c548b0a7d1eb7-31\" data-path-to-node=\"8,0,0\">Overall: La leadership resta saldamente nelle mani del tedesco Manuel N\u00fcbel (2179 punti), seguito dal connazionale Ferdinand Vogel (2168) e da Johannes Baumgarten (2154). Gli italiani Joachim Oberhauser e Denis Soverini si confermano nella top 5.<\/p>\n<\/li>\n<li>\n<p id=\"p-rc_ab1c548b0a7d1eb7-32\" data-path-to-node=\"8,1,0\"><span data-path-to-node=\"8,1,0,0\">Female: Silvia Buzzi Ferraris comanda la classifica con 1883 punti. Grazie al podio odierno, Martina Centa consolida la quarta piazza con 1343 punti, confermandosi in piena corsa per le posizioni di vertice<\/span><span data-path-to-node=\"8,1,0,2\">.<\/span><\/p>\n<\/li>\n<\/ul>\n<h3 data-path-to-node=\"9\">Il commento e lo sguardo alla finale<\/h3>\n<p id=\"p-rc_ab1c548b0a7d1eb7-33\" data-path-to-node=\"10\"><span data-path-to-node=\"10,0\">\u00abMartina Centa ha disputato una prova magistrale\u00bb, ha dichiarato Matteo Di Brina, presidente del Para &amp; Delta Club Feltre. \u00abSiamo entusiasti: nonostante le previsioni meteo avverse, la straordinaria sinergia tra team tecnico e meteo ci ha permesso di portare a casa questa terza prova\u00bb<\/span>.<\/p>\n<p id=\"p-rc_ab1c548b0a7d1eb7-34\" data-path-to-node=\"11\"><span data-path-to-node=\"11,0\">La carovana del volo libero si prepara ora al rientro a Feltre. Il responsabile meteo, Pino Aiello, \u00e8 al lavoro per definire le condizioni dell&#8217;ultima giornata, prevista per domani, domenica 19 luglio. L&#8217;obiettivo dell&#8217;organizzazione \u00e8 quello di chiudere l&#8217;evento con un&#8217;ultima manche veloce in totale sicurezza, prima di procedere con le cerimonie di premiazione<\/span><span data-path-to-node=\"11,2\">.<\/span><\/p>","protected":false},"excerpt":{"rendered":"<p>Borso del Grappa (Treviso) 18\/07\/2026 \u2013 Una sfida vinta contro l&#8217;incertezza del meteo. Il 41\u00b0 Trofeo Internazionale Guarnieri e Alpen Cup 2026 ha vissuto oggi una terza giornata memorabile, segnata da una complessa operazione logistica che ha permesso ai piloti di completare una task di 49,7 km sul versante meridionale del massiccio del Grappa, prima [&hellip;]<\/p>\n","protected":false},"author":2,"featured_media":172005,"comment_status":"closed","ping_status":"open","sticky":false,"template":"","format":"standard","meta":{"footnotes":""},"categories":[26,4],"tags":[],"class_list":["post-172014","post","type-post","status-publish","format-standard","has-post-thumbnail","category-prima-pagina","category-sport"],"yoast_head":"<!-- This site is optimized with the Yoast SEO plugin v28.4 - https:\/\/yoast.com\/product\/yoast-seo-wordpress\/ -->\n<title>Trofeo Guarnieri, terza task da incorniciare sul Monte Grappa: brilla l&#039;azzurra Martina Centa - Bellunopress - Dolomiti<\/title>\n<meta name=\"robots\" content=\"index, follow, max-snippet:-1, max-image-preview:large, max-video-preview:-1\" \/>\n<link rel=\"canonical\" href=\"https:\/\/www.bellunopress.it\/fr\/2026\/07\/18\/trofeo-guarnieri-terza-task-da-incorniciare-sul-monte-grappa-brilla-lazzurra-martina-centa\/\" \/>\n<meta property=\"og:locale\" content=\"fr_FR\" \/>\n<meta property=\"og:type\" content=\"article\" \/>\n<meta property=\"og:title\" content=\"Trofeo Guarnieri, terza task da incorniciare sul Monte Grappa: brilla l&#039;azzurra Martina Centa - Bellunopress - Dolomiti\" \/>\n<meta property=\"og:description\" content=\"Borso del Grappa (Treviso) 18\/07\/2026 \u2013 Una sfida vinta contro l&#8217;incertezza del meteo. Il 41\u00b0 Trofeo Internazionale Guarnieri e Alpen Cup 2026 ha vissuto oggi una terza giornata memorabile, segnata da una complessa operazione logistica che ha permesso ai piloti di completare una task di 49,7 km sul versante meridionale del massiccio del Grappa, prima [&hellip;]\" \/>\n<meta property=\"og:url\" content=\"https:\/\/www.bellunopress.it\/fr\/2026\/07\/18\/trofeo-guarnieri-terza-task-da-incorniciare-sul-monte-grappa-brilla-lazzurra-martina-centa\/\" \/>\n<meta property=\"og:site_name\" content=\"Bellunopress - Dolomiti\" \/>\n<meta property=\"article:publisher\" content=\"https:\/\/www.facebook.com\/profile.php?id=100008943462799\" \/>\n<meta property=\"article:published_time\" content=\"2026-07-18T17:37:30+00:00\" \/>\n<meta property=\"og:image\" content=\"https:\/\/www.bellunopress.it\/wp-content\/uploads\/2026\/07\/Parapendio-MOnte-Avena-ph-Martin-Sheel.jpg\" \/>\n\t<meta property=\"og:image:width\" content=\"600\" \/>\n\t<meta property=\"og:image:height\" content=\"399\" \/>\n\t<meta property=\"og:image:type\" content=\"image\/jpeg\" \/>\n<meta name=\"author\" content=\"redazione\" \/>\n<meta name=\"twitter:card\" content=\"summary_large_image\" \/>\n<meta name=\"twitter:creator\" content=\"@bellunopress\" \/>\n<meta name=\"twitter:site\" content=\"@bellunopress\" \/>\n<meta name=\"twitter:label1\" content=\"\u00c9crit par\" \/>\n\t<meta name=\"twitter:data1\" content=\"redazione\" \/>\n\t<meta name=\"twitter:label2\" content=\"Dur\u00e9e de lecture estim\u00e9e\" \/>\n\t<meta name=\"twitter:data2\" content=\"3 minutes\" \/>\n<script type=\"application\/ld+json\" class=\"yoast-schema-graph\">{\"@context\":\"https:\\\/\\\/schema.org\",\"@graph\":[{\"@type\":\"Article\",\"@id\":\"https:\\\/\\\/www.bellunopress.it\\\/2026\\\/07\\\/18\\\/trofeo-guarnieri-terza-task-da-incorniciare-sul-monte-grappa-brilla-lazzurra-martina-centa\\\/#article\",\"isPartOf\":{\"@id\":\"https:\\\/\\\/www.bellunopress.it\\\/2026\\\/07\\\/18\\\/trofeo-guarnieri-terza-task-da-incorniciare-sul-monte-grappa-brilla-lazzurra-martina-centa\\\/\"},\"author\":{\"name\":\"redazione\",\"@id\":\"https:\\\/\\\/www.bellunopress.it\\\/#\\\/schema\\\/person\\\/79bb06722b37ece1c03d3e94beb30d73\"},\"headline\":\"Trofeo Guarnieri, terza task da incorniciare sul Monte Grappa: brilla l&#8217;azzurra Martina Centa\",\"datePublished\":\"2026-07-18T17:37:30+00:00\",\"mainEntityOfPage\":{\"@id\":\"https:\\\/\\\/www.bellunopress.it\\\/2026\\\/07\\\/18\\\/trofeo-guarnieri-terza-task-da-incorniciare-sul-monte-grappa-brilla-lazzurra-martina-centa\\\/\"},\"wordCount\":381,\"publisher\":{\"@id\":\"https:\\\/\\\/www.bellunopress.it\\\/#organization\"},\"image\":{\"@id\":\"https:\\\/\\\/www.bellunopress.it\\\/2026\\\/07\\\/18\\\/trofeo-guarnieri-terza-task-da-incorniciare-sul-monte-grappa-brilla-lazzurra-martina-centa\\\/#primaryimage\"},\"thumbnailUrl\":\"https:\\\/\\\/www.bellunopress.it\\\/wp-content\\\/uploads\\\/2026\\\/07\\\/Parapendio-MOnte-Avena-ph-Martin-Sheel.jpg\",\"articleSection\":[\"Prima Pagina\",\"Sport, tempo libero\"],\"inLanguage\":\"fr-FR\"},{\"@type\":\"WebPage\",\"@id\":\"https:\\\/\\\/www.bellunopress.it\\\/2026\\\/07\\\/18\\\/trofeo-guarnieri-terza-task-da-incorniciare-sul-monte-grappa-brilla-lazzurra-martina-centa\\\/\",\"url\":\"https:\\\/\\\/www.bellunopress.it\\\/2026\\\/07\\\/18\\\/trofeo-guarnieri-terza-task-da-incorniciare-sul-monte-grappa-brilla-lazzurra-martina-centa\\\/\",\"name\":\"Trofeo Guarnieri, terza task da incorniciare sul Monte Grappa: brilla l'azzurra Martina Centa - Bellunopress - Dolomiti\",\"isPartOf\":{\"@id\":\"https:\\\/\\\/www.bellunopress.it\\\/#website\"},\"primaryImageOfPage\":{\"@id\":\"https:\\\/\\\/www.bellunopress.it\\\/2026\\\/07\\\/18\\\/trofeo-guarnieri-terza-task-da-incorniciare-sul-monte-grappa-brilla-lazzurra-martina-centa\\\/#primaryimage\"},\"image\":{\"@id\":\"https:\\\/\\\/www.bellunopress.it\\\/2026\\\/07\\\/18\\\/trofeo-guarnieri-terza-task-da-incorniciare-sul-monte-grappa-brilla-lazzurra-martina-centa\\\/#primaryimage\"},\"thumbnailUrl\":\"https:\\\/\\\/www.bellunopress.it\\\/wp-content\\\/uploads\\\/2026\\\/07\\\/Parapendio-MOnte-Avena-ph-Martin-Sheel.jpg\",\"datePublished\":\"2026-07-18T17:37:30+00:00\",\"breadcrumb\":{\"@id\":\"https:\\\/\\\/www.bellunopress.it\\\/2026\\\/07\\\/18\\\/trofeo-guarnieri-terza-task-da-incorniciare-sul-monte-grappa-brilla-lazzurra-martina-centa\\\/#breadcrumb\"},\"inLanguage\":\"fr-FR\",\"potentialAction\":[{\"@type\":\"ReadAction\",\"target\":[\"https:\\\/\\\/www.bellunopress.it\\\/2026\\\/07\\\/18\\\/trofeo-guarnieri-terza-task-da-incorniciare-sul-monte-grappa-brilla-lazzurra-martina-centa\\\/\"]}]},{\"@type\":\"ImageObject\",\"inLanguage\":\"fr-FR\",\"@id\":\"https:\\\/\\\/www.bellunopress.it\\\/2026\\\/07\\\/18\\\/trofeo-guarnieri-terza-task-da-incorniciare-sul-monte-grappa-brilla-lazzurra-martina-centa\\\/#primaryimage\",\"url\":\"https:\\\/\\\/www.bellunopress.it\\\/wp-content\\\/uploads\\\/2026\\\/07\\\/Parapendio-MOnte-Avena-ph-Martin-Sheel.jpg\",\"contentUrl\":\"https:\\\/\\\/www.bellunopress.it\\\/wp-content\\\/uploads\\\/2026\\\/07\\\/Parapendio-MOnte-Avena-ph-Martin-Sheel.jpg\",\"width\":600,\"height\":399,\"caption\":\"Trofeo Guarnieri, Monte Avena (Ph: Martin Sheel)\"},{\"@type\":\"BreadcrumbList\",\"@id\":\"https:\\\/\\\/www.bellunopress.it\\\/2026\\\/07\\\/18\\\/trofeo-guarnieri-terza-task-da-incorniciare-sul-monte-grappa-brilla-lazzurra-martina-centa\\\/#breadcrumb\",\"itemListElement\":[{\"@type\":\"ListItem\",\"position\":1,\"name\":\"Home\",\"item\":\"https:\\\/\\\/www.bellunopress.it\\\/\"},{\"@type\":\"ListItem\",\"position\":2,\"name\":\"Trofeo Guarnieri, terza task da incorniciare sul Monte Grappa: brilla l&#8217;azzurra Martina Centa\"}]},{\"@type\":\"WebSite\",\"@id\":\"https:\\\/\\\/www.bellunopress.it\\\/#website\",\"url\":\"https:\\\/\\\/www.bellunopress.it\\\/\",\"name\":\"Bellunopress - Dolomiti\",\"description\":\"e-mail: redazione@bellunopress.it\",\"publisher\":{\"@id\":\"https:\\\/\\\/www.bellunopress.it\\\/#organization\"},\"potentialAction\":[{\"@type\":\"SearchAction\",\"target\":{\"@type\":\"EntryPoint\",\"urlTemplate\":\"https:\\\/\\\/www.bellunopress.it\\\/?s={search_term_string}\"},\"query-input\":{\"@type\":\"PropertyValueSpecification\",\"valueRequired\":true,\"valueName\":\"search_term_string\"}}],\"inLanguage\":\"fr-FR\"},{\"@type\":\"Organization\",\"@id\":\"https:\\\/\\\/www.bellunopress.it\\\/#organization\",\"name\":\"Bellunopress\",\"url\":\"https:\\\/\\\/www.bellunopress.it\\\/\",\"logo\":{\"@type\":\"ImageObject\",\"inLanguage\":\"fr-FR\",\"@id\":\"https:\\\/\\\/www.bellunopress.it\\\/#\\\/schema\\\/logo\\\/image\\\/\",\"url\":\"https:\\\/\\\/www.bellunopress.it\\\/wp-content\\\/uploads\\\/2011\\\/05\\\/cropped-logo-bellunopress-.jpg\",\"contentUrl\":\"https:\\\/\\\/www.bellunopress.it\\\/wp-content\\\/uploads\\\/2011\\\/05\\\/cropped-logo-bellunopress-.jpg\",\"width\":512,\"height\":512,\"caption\":\"Bellunopress\"},\"image\":{\"@id\":\"https:\\\/\\\/www.bellunopress.it\\\/#\\\/schema\\\/logo\\\/image\\\/\"},\"sameAs\":[\"https:\\\/\\\/www.facebook.com\\\/profile.php?id=100008943462799\",\"https:\\\/\\\/x.com\\\/bellunopress\",\"https:\\\/\\\/www.linkedin.com\\\/hp\\\/?dnr=JBzUWaJfMUw8vbXJJ2tVW5-I3jZKvC4wsoxE&amp;amp;amp;amp;amp;amp;trk=nav_responsive_tab_home\",\"https:\\\/\\\/www.youtube.com\\\/channel\\\/UCxL0wu1uN0_3_7hGG0306cw\"]},{\"@type\":\"Person\",\"@id\":\"https:\\\/\\\/www.bellunopress.it\\\/#\\\/schema\\\/person\\\/79bb06722b37ece1c03d3e94beb30d73\",\"name\":\"redazione\",\"image\":{\"@type\":\"ImageObject\",\"inLanguage\":\"fr-FR\",\"@id\":\"https:\\\/\\\/secure.gravatar.com\\\/avatar\\\/37d968a2e67a6fd04c169c4bdef102d0bc5d31b2546345219e348575eb80e9a0?s=96&d=mm&r=g\",\"url\":\"https:\\\/\\\/secure.gravatar.com\\\/avatar\\\/37d968a2e67a6fd04c169c4bdef102d0bc5d31b2546345219e348575eb80e9a0?s=96&d=mm&r=g\",\"contentUrl\":\"https:\\\/\\\/secure.gravatar.com\\\/avatar\\\/37d968a2e67a6fd04c169c4bdef102d0bc5d31b2546345219e348575eb80e9a0?s=96&d=mm&r=g\",\"caption\":\"redazione\"},\"sameAs\":[\"http:\\\/\\\/www.bellunopress.it\",\"https:\\\/\\\/x.com\\\/bellunopress\"],\"url\":\"https:\\\/\\\/www.bellunopress.it\\\/fr\\\/author\\\/redazione\\\/\"}]}<\/script>\n<!-- \/ Yoast SEO plugin. -->","yoast_head_json":{"title":"Trofeo Guarnieri, terza task da incorniciare sul Monte Grappa: brilla l'azzurra Martina Centa - Bellunopress - Dolomiti","robots":{"index":"index","follow":"follow","max-snippet":"max-snippet:-1","max-image-preview":"max-image-preview:large","max-video-preview":"max-video-preview:-1"},"canonical":"https:\/\/www.bellunopress.it\/fr\/2026\/07\/18\/trofeo-guarnieri-terza-task-da-incorniciare-sul-monte-grappa-brilla-lazzurra-martina-centa\/","og_locale":"fr_FR","og_type":"article","og_title":"Trofeo Guarnieri, terza task da incorniciare sul Monte Grappa: brilla l'azzurra Martina Centa - Bellunopress - Dolomiti","og_description":"Borso del Grappa (Treviso) 18\/07\/2026 \u2013 Una sfida vinta contro l&#8217;incertezza del meteo. Il 41\u00b0 Trofeo Internazionale Guarnieri e Alpen Cup 2026 ha vissuto oggi una terza giornata memorabile, segnata da una complessa operazione logistica che ha permesso ai piloti di completare una task di 49,7 km sul versante meridionale del massiccio del Grappa, prima [&hellip;]","og_url":"https:\/\/www.bellunopress.it\/fr\/2026\/07\/18\/trofeo-guarnieri-terza-task-da-incorniciare-sul-monte-grappa-brilla-lazzurra-martina-centa\/","og_site_name":"Bellunopress - Dolomiti","article_publisher":"https:\/\/www.facebook.com\/profile.php?id=100008943462799","article_published_time":"2026-07-18T17:37:30+00:00","og_image":[{"width":600,"height":399,"url":"https:\/\/www.bellunopress.it\/wp-content\/uploads\/2026\/07\/Parapendio-MOnte-Avena-ph-Martin-Sheel.jpg","type":"image\/jpeg"}],"author":"redazione","twitter_card":"summary_large_image","twitter_creator":"@bellunopress","twitter_site":"@bellunopress","twitter_misc":{"\u00c9crit par":"redazione","Dur\u00e9e de lecture estim\u00e9e":"3 minutes"},"schema":{"@context":"https:\/\/schema.org","@graph":[{"@type":"Article","@id":"https:\/\/www.bellunopress.it\/2026\/07\/18\/trofeo-guarnieri-terza-task-da-incorniciare-sul-monte-grappa-brilla-lazzurra-martina-centa\/#article","isPartOf":{"@id":"https:\/\/www.bellunopress.it\/2026\/07\/18\/trofeo-guarnieri-terza-task-da-incorniciare-sul-monte-grappa-brilla-lazzurra-martina-centa\/"},"author":{"name":"redazione","@id":"https:\/\/www.bellunopress.it\/#\/schema\/person\/79bb06722b37ece1c03d3e94beb30d73"},"headline":"Trofeo Guarnieri, terza task da incorniciare sul Monte Grappa: brilla l&#8217;azzurra Martina Centa","datePublished":"2026-07-18T17:37:30+00:00","mainEntityOfPage":{"@id":"https:\/\/www.bellunopress.it\/2026\/07\/18\/trofeo-guarnieri-terza-task-da-incorniciare-sul-monte-grappa-brilla-lazzurra-martina-centa\/"},"wordCount":381,"publisher":{"@id":"https:\/\/www.bellunopress.it\/#organization"},"image":{"@id":"https:\/\/www.bellunopress.it\/2026\/07\/18\/trofeo-guarnieri-terza-task-da-incorniciare-sul-monte-grappa-brilla-lazzurra-martina-centa\/#primaryimage"},"thumbnailUrl":"https:\/\/www.bellunopress.it\/wp-content\/uploads\/2026\/07\/Parapendio-MOnte-Avena-ph-Martin-Sheel.jpg","articleSection":["Prima Pagina","Sport, tempo libero"],"inLanguage":"fr-FR"},{"@type":"WebPage","@id":"https:\/\/www.bellunopress.it\/2026\/07\/18\/trofeo-guarnieri-terza-task-da-incorniciare-sul-monte-grappa-brilla-lazzurra-martina-centa\/","url":"https:\/\/www.bellunopress.it\/2026\/07\/18\/trofeo-guarnieri-terza-task-da-incorniciare-sul-monte-grappa-brilla-lazzurra-martina-centa\/","name":"Trofeo Guarnieri, terza task da incorniciare sul Monte Grappa: brilla l'azzurra Martina Centa - Bellunopress - Dolomiti","isPartOf":{"@id":"https:\/\/www.bellunopress.it\/#website"},"primaryImageOfPage":{"@id":"https:\/\/www.bellunopress.it\/2026\/07\/18\/trofeo-guarnieri-terza-task-da-incorniciare-sul-monte-grappa-brilla-lazzurra-martina-centa\/#primaryimage"},"image":{"@id":"https:\/\/www.bellunopress.it\/2026\/07\/18\/trofeo-guarnieri-terza-task-da-incorniciare-sul-monte-grappa-brilla-lazzurra-martina-centa\/#primaryimage"},"thumbnailUrl":"https:\/\/www.bellunopress.it\/wp-content\/uploads\/2026\/07\/Parapendio-MOnte-Avena-ph-Martin-Sheel.jpg","datePublished":"2026-07-18T17:37:30+00:00","breadcrumb":{"@id":"https:\/\/www.bellunopress.it\/2026\/07\/18\/trofeo-guarnieri-terza-task-da-incorniciare-sul-monte-grappa-brilla-lazzurra-martina-centa\/#breadcrumb"},"inLanguage":"fr-FR","potentialAction":[{"@type":"ReadAction","target":["https:\/\/www.bellunopress.it\/2026\/07\/18\/trofeo-guarnieri-terza-task-da-incorniciare-sul-monte-grappa-brilla-lazzurra-martina-centa\/"]}]},{"@type":"ImageObject","inLanguage":"fr-FR","@id":"https:\/\/www.bellunopress.it\/2026\/07\/18\/trofeo-guarnieri-terza-task-da-incorniciare-sul-monte-grappa-brilla-lazzurra-martina-centa\/#primaryimage","url":"https:\/\/www.bellunopress.it\/wp-content\/uploads\/2026\/07\/Parapendio-MOnte-Avena-ph-Martin-Sheel.jpg","contentUrl":"https:\/\/www.bellunopress.it\/wp-content\/uploads\/2026\/07\/Parapendio-MOnte-Avena-ph-Martin-Sheel.jpg","width":600,"height":399,"caption":"Trofeo Guarnieri, Monte Avena (Ph: Martin Sheel)"},{"@type":"BreadcrumbList","@id":"https:\/\/www.bellunopress.it\/2026\/07\/18\/trofeo-guarnieri-terza-task-da-incorniciare-sul-monte-grappa-brilla-lazzurra-martina-centa\/#breadcrumb","itemListElement":[{"@type":"ListItem","position":1,"name":"Home","item":"https:\/\/www.bellunopress.it\/"},{"@type":"ListItem","position":2,"name":"Trofeo Guarnieri, terza task da incorniciare sul Monte Grappa: brilla l&#8217;azzurra Martina Centa"}]},{"@type":"WebSite","@id":"https:\/\/www.bellunopress.it\/#website","url":"https:\/\/www.bellunopress.it\/","name":"Bellunopress - Dolomiti","description":"e-mail: redazione@bellunopress.it","publisher":{"@id":"https:\/\/www.bellunopress.it\/#organization"},"potentialAction":[{"@type":"SearchAction","target":{"@type":"EntryPoint","urlTemplate":"https:\/\/www.bellunopress.it\/?s={search_term_string}"},"query-input":{"@type":"PropertyValueSpecification","valueRequired":true,"valueName":"search_term_string"}}],"inLanguage":"fr-FR"},{"@type":"Organization","@id":"https:\/\/www.bellunopress.it\/#organization","name":"Bellunopress","url":"https:\/\/www.bellunopress.it\/","logo":{"@type":"ImageObject","inLanguage":"fr-FR","@id":"https:\/\/www.bellunopress.it\/#\/schema\/logo\/image\/","url":"https:\/\/www.bellunopress.it\/wp-content\/uploads\/2011\/05\/cropped-logo-bellunopress-.jpg","contentUrl":"https:\/\/www.bellunopress.it\/wp-content\/uploads\/2011\/05\/cropped-logo-bellunopress-.jpg","width":512,"height":512,"caption":"Bellunopress"},"image":{"@id":"https:\/\/www.bellunopress.it\/#\/schema\/logo\/image\/"},"sameAs":["https:\/\/www.facebook.com\/profile.php?id=100008943462799","https:\/\/x.com\/bellunopress","https:\/\/www.linkedin.com\/hp\/?dnr=JBzUWaJfMUw8vbXJJ2tVW5-I3jZKvC4wsoxE&amp;amp;amp;amp;amp;amp;trk=nav_responsive_tab_home","https:\/\/www.youtube.com\/channel\/UCxL0wu1uN0_3_7hGG0306cw"]},{"@type":"Person","@id":"https:\/\/www.bellunopress.it\/#\/schema\/person\/79bb06722b37ece1c03d3e94beb30d73","name":"r\u00e9daction","image":{"@type":"ImageObject","inLanguage":"fr-FR","@id":"https:\/\/secure.gravatar.com\/avatar\/37d968a2e67a6fd04c169c4bdef102d0bc5d31b2546345219e348575eb80e9a0?s=96&d=mm&r=g","url":"https:\/\/secure.gravatar.com\/avatar\/37d968a2e67a6fd04c169c4bdef102d0bc5d31b2546345219e348575eb80e9a0?s=96&d=mm&r=g","contentUrl":"https:\/\/secure.gravatar.com\/avatar\/37d968a2e67a6fd04c169c4bdef102d0bc5d31b2546345219e348575eb80e9a0?s=96&d=mm&r=g","caption":"redazione"},"sameAs":["http:\/\/www.bellunopress.it","https:\/\/x.com\/bellunopress"],"url":"https:\/\/www.bellunopress.it\/fr\/author\/redazione\/"}]}},"_links":{"self":[{"href":"https:\/\/www.bellunopress.it\/fr\/wp-json\/wp\/v2\/posts\/172014","targetHints":{"allow":["GET"]}}],"collection":[{"href":"https:\/\/www.bellunopress.it\/fr\/wp-json\/wp\/v2\/posts"}],"about":[{"href":"https:\/\/www.bellunopress.it\/fr\/wp-json\/wp\/v2\/types\/post"}],"author":[{"embeddable":true,"href":"https:\/\/www.bellunopress.it\/fr\/wp-json\/wp\/v2\/users\/2"}],"replies":[{"embeddable":true,"href":"https:\/\/www.bellunopress.it\/fr\/wp-json\/wp\/v2\/comments?post=172014"}],"version-history":[{"count":1,"href":"https:\/\/www.bellunopress.it\/fr\/wp-json\/wp\/v2\/posts\/172014\/revisions"}],"predecessor-version":[{"id":172015,"href":"https:\/\/www.bellunopress.it\/fr\/wp-json\/wp\/v2\/posts\/172014\/revisions\/172015"}],"wp:featuredmedia":[{"embeddable":true,"href":"https:\/\/www.bellunopress.it\/fr\/wp-json\/wp\/v2\/media\/172005"}],"wp:attachment":[{"href":"https:\/\/www.bellunopress.it\/fr\/wp-json\/wp\/v2\/media?parent=172014"}],"wp:term":[{"taxonomy":"category","embeddable":true,"href":"https:\/\/www.bellunopress.it\/fr\/wp-json\/wp\/v2\/categories?post=172014"},{"taxonomy":"post_tag","embeddable":true,"href":"https:\/\/www.bellunopress.it\/fr\/wp-json\/wp\/v2\/tags?post=172014"}],"curies":[{"name":"wp","href":"https:\/\/api.w.org\/{rel}","templated":true}]}}