{"id":172012,"date":"2026-07-18T19:32:30","date_gmt":"2026-07-18T17:32:30","guid":{"rendered":"https:\/\/www.bellunopress.it\/?p=172012"},"modified":"2026-07-18T19:32:30","modified_gmt":"2026-07-18T17:32:30","slug":"il-mito-dellamministrazione-zaia-crolla-sui-conti-il-gruppo-resistere-chiama-stefani-al-cambio-di-rotta","status":"publish","type":"post","link":"https:\/\/www.bellunopress.it\/fr\/2026\/07\/18\/il-mito-dellamministrazione-zaia-crolla-sui-conti-il-gruppo-resistere-chiama-stefani-al-cambio-di-rotta\/","title":{"rendered":"Il mito dell&#8217;amministrazione Zaia crolla sui conti: il Gruppo &#8220;Resistere&#8221; chiama Stefani al cambio di rotta"},"content":{"rendered":"<p>Venezia, 18\/07\/2026 \u2013 Il &#8220;modello Veneto&#8221;, celebrato per anni come esempio di efficienza e solidit\u00e0, si trova oggi ad affrontare un risveglio brusco. La parifica del rendiconto generale 2025 da parte della Corte dei Conti ha sollevato il velo su una situazione finanziaria ben diversa da quella raccontata negli anni, mettendo a nudo criticit\u00e0 strutturali che ora pesano come macigni sulle spalle dei cittadini.<\/p>\n<p>A lanciare l&#8217;allarme \u00e8 il Gruppo Consiliare &#8220;Resistere&#8221;, che parla senza mezzi termini di &#8220;fallimento&#8221; dell&#8217;era Zaia. Al centro della contestazione vi \u00e8 un\u2019eredit\u00e0 pesante: oltre un miliardo di euro di debiti complessivi e una gestione delle grandi opere che, secondo l&#8217;opposizione, ha drenato risorse vitali a scapito dei servizi essenziali.<\/p>\n<h4 data-path-to-node=\"9\">IIl primo grande accusato \u00e8 il &#8220;bluff&#8221; delle Olimpiadi invernali Milano-Cortina 2026. Se in passato erano state dipinte come un&#8217;operazione a costo zero, i conti della magistratura contabile dipingono un quadro diverso: la Fondazione Milano Cortina viaggia verso un pesante deficit strutturale che, secondo il Gruppo Resistere, finir\u00e0 per gravare sugli enti locali e, di riflesso, sui contribuenti veneti.<\/h4>\n<p>Non va meglio sul fronte della Superstrada Pedemontana Veneta (SPV). Con perdite strutturali che nel solo 2025 hanno toccato i 176 milioni di euro, l&#8217;opera si conferma un &#8220;buco nero&#8221; finanziario. Nonostante l&#8217;aumento dei pedaggi \u2013 definito dall&#8217;opposizione una &#8220;tassa occulta&#8221; su famiglie e imprese \u2013 il bilancio regionale \u00e8 costretto a continui travasi di fondi per ripianare le falle di un contratto di concessione ereditato dal passato.<\/p>\n<p>L&#8217;emorragia di denaro pubblico destinato alle grandi infrastrutture sta avendo un impatto diretto sul sociale. Il Gruppo Resistere punta il dito contro lo stato del patrimonio ATER: ben 7.800 alloggi risultano oggi inagibili per mancanza di manutenzioni. Un paradosso, in un momento in cui la domanda di edilizia residenziale pubblica cresce vertiginosamente, lasciando giovani famiglie e anziani in una condizione di estrema fragilit\u00e0.<\/p>\n<p>Particolarmente dura l&#8217;analisi sulla gestione della sanit\u00e0. Sebbene il bilancio di &#8220;Azienda Zero&#8221; mostri un utile di circa 529 mila euro, l&#8217;opposizione bolla il dato come un &#8220;artificio contabile&#8221;. La realt\u00e0, sostiene il Gruppo, \u00e8 fatta di pronto soccorso in crisi, liste d&#8217;attesa interminabili e carenza di personale. A destare scalpore, inoltre, la denuncia su come siano stati spesi i 42 milioni di fondi straordinari: ben 20 milioni, secondo i consiglieri, sono stati dirottati verso la sanit\u00e0 privata convenzionata, una scelta definita come una &#8220;sistematica abdicazione&#8221; del ruolo pubblico.<\/p>\n<p>Il nuovo Governatore, Alberto Stefani, si trova ora a gestire una transizione complessa. Pur riconoscendo la sua disponibilit\u00e0 al dialogo \u2013 come dimostrato dall&#8217;apertura verso la proposta di una &#8220;Costituente per l&#8217;Autogoverno&#8221; lanciata dallo stesso Gruppo Resistere \u2013 i consiglieri sono categorici: non \u00e8 pi\u00f9 tollerabile la continuit\u00e0 con gli errori del passato.<\/p>\n<p>&#8220;Il tempo delle scuse e della propaganda \u00e8 scaduto&#8221;, dichiarano dai banchi della minoranza, chiedendo un cambio di marcia netto. La disponibilit\u00e0 a un confronto costruttivo rimane, ma la vigilanza sar\u00e0 rigorosa. Il messaggio a Stefani \u00e8 chiaro: se l&#8217;obiettivo \u00e8 invertire la rotta e smantellare il centralismo a favore dei territori, il confronto \u00e8 possibile. In caso contrario, il Gruppo promette di continuare a svolgere il suo ruolo di &#8220;fiero custode dell&#8217;autonomia&#8221; veneta.<\/p>","protected":false},"excerpt":{"rendered":"<p>Venezia, 18\/07\/2026 \u2013 Il &#8220;modello Veneto&#8221;, celebrato per anni come esempio di efficienza e solidit\u00e0, si trova oggi ad affrontare un risveglio brusco. La parifica del rendiconto generale 2025 da parte della Corte dei Conti ha sollevato il velo su una situazione finanziaria ben diversa da quella raccontata negli anni, mettendo a nudo criticit\u00e0 strutturali [&hellip;]<\/p>\n","protected":false},"author":2,"featured_media":166973,"comment_status":"closed","ping_status":"open","sticky":false,"template":"","format":"standard","meta":{"footnotes":""},"categories":[5,26],"tags":[],"class_list":["post-172012","post","type-post","status-publish","format-standard","has-post-thumbnail","category-cronaca","category-prima-pagina"],"yoast_head":"<!-- This site is optimized with the Yoast SEO plugin v28.4 - https:\/\/yoast.com\/product\/yoast-seo-wordpress\/ -->\n<title>Il mito dell&#039;amministrazione Zaia crolla sui conti: il Gruppo &quot;Resistere&quot; chiama Stefani al cambio di rotta - Bellunopress - Dolomiti<\/title>\n<meta name=\"robots\" content=\"index, follow, max-snippet:-1, max-image-preview:large, max-video-preview:-1\" \/>\n<link rel=\"canonical\" href=\"https:\/\/www.bellunopress.it\/fr\/2026\/07\/18\/il-mito-dellamministrazione-zaia-crolla-sui-conti-il-gruppo-resistere-chiama-stefani-al-cambio-di-rotta\/\" \/>\n<meta property=\"og:locale\" content=\"fr_FR\" \/>\n<meta property=\"og:type\" content=\"article\" \/>\n<meta property=\"og:title\" content=\"Il mito dell&#039;amministrazione Zaia crolla sui conti: il Gruppo &quot;Resistere&quot; chiama Stefani al cambio di rotta - Bellunopress - Dolomiti\" \/>\n<meta property=\"og:description\" content=\"Venezia, 18\/07\/2026 \u2013 Il &#8220;modello Veneto&#8221;, celebrato per anni come esempio di efficienza e solidit\u00e0, si trova oggi ad affrontare un risveglio brusco. La parifica del rendiconto generale 2025 da parte della Corte dei Conti ha sollevato il velo su una situazione finanziaria ben diversa da quella raccontata negli anni, mettendo a nudo criticit\u00e0 strutturali [&hellip;]\" \/>\n<meta property=\"og:url\" content=\"https:\/\/www.bellunopress.it\/fr\/2026\/07\/18\/il-mito-dellamministrazione-zaia-crolla-sui-conti-il-gruppo-resistere-chiama-stefani-al-cambio-di-rotta\/\" \/>\n<meta property=\"og:site_name\" content=\"Bellunopress - Dolomiti\" \/>\n<meta property=\"article:publisher\" content=\"https:\/\/www.facebook.com\/profile.php?id=100008943462799\" \/>\n<meta property=\"article:published_time\" content=\"2026-07-18T17:32:30+00:00\" \/>\n<meta property=\"og:image\" content=\"https:\/\/www.bellunopress.it\/wp-content\/uploads\/2026\/01\/Szumski-Resistere-Veneto.png\" \/>\n\t<meta property=\"og:image:width\" content=\"600\" \/>\n\t<meta property=\"og:image:height\" content=\"337\" \/>\n\t<meta property=\"og:image:type\" content=\"image\/png\" \/>\n<meta name=\"author\" content=\"redazione\" \/>\n<meta name=\"twitter:card\" content=\"summary_large_image\" \/>\n<meta name=\"twitter:creator\" content=\"@bellunopress\" \/>\n<meta name=\"twitter:site\" content=\"@bellunopress\" \/>\n<meta name=\"twitter:label1\" content=\"\u00c9crit par\" \/>\n\t<meta name=\"twitter:data1\" content=\"redazione\" \/>\n\t<meta name=\"twitter:label2\" content=\"Dur\u00e9e de lecture estim\u00e9e\" \/>\n\t<meta name=\"twitter:data2\" content=\"3 minutes\" \/>\n<script type=\"application\/ld+json\" class=\"yoast-schema-graph\">{\"@context\":\"https:\\\/\\\/schema.org\",\"@graph\":[{\"@type\":\"Article\",\"@id\":\"https:\\\/\\\/www.bellunopress.it\\\/2026\\\/07\\\/18\\\/il-mito-dellamministrazione-zaia-crolla-sui-conti-il-gruppo-resistere-chiama-stefani-al-cambio-di-rotta\\\/#article\",\"isPartOf\":{\"@id\":\"https:\\\/\\\/www.bellunopress.it\\\/2026\\\/07\\\/18\\\/il-mito-dellamministrazione-zaia-crolla-sui-conti-il-gruppo-resistere-chiama-stefani-al-cambio-di-rotta\\\/\"},\"author\":{\"name\":\"redazione\",\"@id\":\"https:\\\/\\\/www.bellunopress.it\\\/#\\\/schema\\\/person\\\/79bb06722b37ece1c03d3e94beb30d73\"},\"headline\":\"Il mito dell&#8217;amministrazione Zaia crolla sui conti: il Gruppo &#8220;Resistere&#8221; chiama Stefani al cambio di rotta\",\"datePublished\":\"2026-07-18T17:32:30+00:00\",\"mainEntityOfPage\":{\"@id\":\"https:\\\/\\\/www.bellunopress.it\\\/2026\\\/07\\\/18\\\/il-mito-dellamministrazione-zaia-crolla-sui-conti-il-gruppo-resistere-chiama-stefani-al-cambio-di-rotta\\\/\"},\"wordCount\":530,\"publisher\":{\"@id\":\"https:\\\/\\\/www.bellunopress.it\\\/#organization\"},\"image\":{\"@id\":\"https:\\\/\\\/www.bellunopress.it\\\/2026\\\/07\\\/18\\\/il-mito-dellamministrazione-zaia-crolla-sui-conti-il-gruppo-resistere-chiama-stefani-al-cambio-di-rotta\\\/#primaryimage\"},\"thumbnailUrl\":\"https:\\\/\\\/www.bellunopress.it\\\/wp-content\\\/uploads\\\/2026\\\/01\\\/Szumski-Resistere-Veneto.png\",\"articleSection\":[\"Cronaca\\\/Politica\",\"Prima Pagina\"],\"inLanguage\":\"fr-FR\"},{\"@type\":\"WebPage\",\"@id\":\"https:\\\/\\\/www.bellunopress.it\\\/2026\\\/07\\\/18\\\/il-mito-dellamministrazione-zaia-crolla-sui-conti-il-gruppo-resistere-chiama-stefani-al-cambio-di-rotta\\\/\",\"url\":\"https:\\\/\\\/www.bellunopress.it\\\/2026\\\/07\\\/18\\\/il-mito-dellamministrazione-zaia-crolla-sui-conti-il-gruppo-resistere-chiama-stefani-al-cambio-di-rotta\\\/\",\"name\":\"Il mito dell'amministrazione Zaia crolla sui conti: il Gruppo \\\"Resistere\\\" chiama Stefani al cambio di rotta - Bellunopress - Dolomiti\",\"isPartOf\":{\"@id\":\"https:\\\/\\\/www.bellunopress.it\\\/#website\"},\"primaryImageOfPage\":{\"@id\":\"https:\\\/\\\/www.bellunopress.it\\\/2026\\\/07\\\/18\\\/il-mito-dellamministrazione-zaia-crolla-sui-conti-il-gruppo-resistere-chiama-stefani-al-cambio-di-rotta\\\/#primaryimage\"},\"image\":{\"@id\":\"https:\\\/\\\/www.bellunopress.it\\\/2026\\\/07\\\/18\\\/il-mito-dellamministrazione-zaia-crolla-sui-conti-il-gruppo-resistere-chiama-stefani-al-cambio-di-rotta\\\/#primaryimage\"},\"thumbnailUrl\":\"https:\\\/\\\/www.bellunopress.it\\\/wp-content\\\/uploads\\\/2026\\\/01\\\/Szumski-Resistere-Veneto.png\",\"datePublished\":\"2026-07-18T17:32:30+00:00\",\"breadcrumb\":{\"@id\":\"https:\\\/\\\/www.bellunopress.it\\\/2026\\\/07\\\/18\\\/il-mito-dellamministrazione-zaia-crolla-sui-conti-il-gruppo-resistere-chiama-stefani-al-cambio-di-rotta\\\/#breadcrumb\"},\"inLanguage\":\"fr-FR\",\"potentialAction\":[{\"@type\":\"ReadAction\",\"target\":[\"https:\\\/\\\/www.bellunopress.it\\\/2026\\\/07\\\/18\\\/il-mito-dellamministrazione-zaia-crolla-sui-conti-il-gruppo-resistere-chiama-stefani-al-cambio-di-rotta\\\/\"]}]},{\"@type\":\"ImageObject\",\"inLanguage\":\"fr-FR\",\"@id\":\"https:\\\/\\\/www.bellunopress.it\\\/2026\\\/07\\\/18\\\/il-mito-dellamministrazione-zaia-crolla-sui-conti-il-gruppo-resistere-chiama-stefani-al-cambio-di-rotta\\\/#primaryimage\",\"url\":\"https:\\\/\\\/www.bellunopress.it\\\/wp-content\\\/uploads\\\/2026\\\/01\\\/Szumski-Resistere-Veneto.png\",\"contentUrl\":\"https:\\\/\\\/www.bellunopress.it\\\/wp-content\\\/uploads\\\/2026\\\/01\\\/Szumski-Resistere-Veneto.png\",\"width\":600,\"height\":337},{\"@type\":\"BreadcrumbList\",\"@id\":\"https:\\\/\\\/www.bellunopress.it\\\/2026\\\/07\\\/18\\\/il-mito-dellamministrazione-zaia-crolla-sui-conti-il-gruppo-resistere-chiama-stefani-al-cambio-di-rotta\\\/#breadcrumb\",\"itemListElement\":[{\"@type\":\"ListItem\",\"position\":1,\"name\":\"Home\",\"item\":\"https:\\\/\\\/www.bellunopress.it\\\/\"},{\"@type\":\"ListItem\",\"position\":2,\"name\":\"Il mito dell&#8217;amministrazione Zaia crolla sui conti: il Gruppo &#8220;Resistere&#8221; chiama Stefani al cambio di rotta\"}]},{\"@type\":\"WebSite\",\"@id\":\"https:\\\/\\\/www.bellunopress.it\\\/#website\",\"url\":\"https:\\\/\\\/www.bellunopress.it\\\/\",\"name\":\"Bellunopress - Dolomiti\",\"description\":\"e-mail: redazione@bellunopress.it\",\"publisher\":{\"@id\":\"https:\\\/\\\/www.bellunopress.it\\\/#organization\"},\"potentialAction\":[{\"@type\":\"SearchAction\",\"target\":{\"@type\":\"EntryPoint\",\"urlTemplate\":\"https:\\\/\\\/www.bellunopress.it\\\/?s={search_term_string}\"},\"query-input\":{\"@type\":\"PropertyValueSpecification\",\"valueRequired\":true,\"valueName\":\"search_term_string\"}}],\"inLanguage\":\"fr-FR\"},{\"@type\":\"Organization\",\"@id\":\"https:\\\/\\\/www.bellunopress.it\\\/#organization\",\"name\":\"Bellunopress\",\"url\":\"https:\\\/\\\/www.bellunopress.it\\\/\",\"logo\":{\"@type\":\"ImageObject\",\"inLanguage\":\"fr-FR\",\"@id\":\"https:\\\/\\\/www.bellunopress.it\\\/#\\\/schema\\\/logo\\\/image\\\/\",\"url\":\"https:\\\/\\\/www.bellunopress.it\\\/wp-content\\\/uploads\\\/2011\\\/05\\\/cropped-logo-bellunopress-.jpg\",\"contentUrl\":\"https:\\\/\\\/www.bellunopress.it\\\/wp-content\\\/uploads\\\/2011\\\/05\\\/cropped-logo-bellunopress-.jpg\",\"width\":512,\"height\":512,\"caption\":\"Bellunopress\"},\"image\":{\"@id\":\"https:\\\/\\\/www.bellunopress.it\\\/#\\\/schema\\\/logo\\\/image\\\/\"},\"sameAs\":[\"https:\\\/\\\/www.facebook.com\\\/profile.php?id=100008943462799\",\"https:\\\/\\\/x.com\\\/bellunopress\",\"https:\\\/\\\/www.linkedin.com\\\/hp\\\/?dnr=JBzUWaJfMUw8vbXJJ2tVW5-I3jZKvC4wsoxE&amp;amp;amp;amp;amp;amp;trk=nav_responsive_tab_home\",\"https:\\\/\\\/www.youtube.com\\\/channel\\\/UCxL0wu1uN0_3_7hGG0306cw\"]},{\"@type\":\"Person\",\"@id\":\"https:\\\/\\\/www.bellunopress.it\\\/#\\\/schema\\\/person\\\/79bb06722b37ece1c03d3e94beb30d73\",\"name\":\"redazione\",\"image\":{\"@type\":\"ImageObject\",\"inLanguage\":\"fr-FR\",\"@id\":\"https:\\\/\\\/secure.gravatar.com\\\/avatar\\\/37d968a2e67a6fd04c169c4bdef102d0bc5d31b2546345219e348575eb80e9a0?s=96&d=mm&r=g\",\"url\":\"https:\\\/\\\/secure.gravatar.com\\\/avatar\\\/37d968a2e67a6fd04c169c4bdef102d0bc5d31b2546345219e348575eb80e9a0?s=96&d=mm&r=g\",\"contentUrl\":\"https:\\\/\\\/secure.gravatar.com\\\/avatar\\\/37d968a2e67a6fd04c169c4bdef102d0bc5d31b2546345219e348575eb80e9a0?s=96&d=mm&r=g\",\"caption\":\"redazione\"},\"sameAs\":[\"http:\\\/\\\/www.bellunopress.it\",\"https:\\\/\\\/x.com\\\/bellunopress\"],\"url\":\"https:\\\/\\\/www.bellunopress.it\\\/fr\\\/author\\\/redazione\\\/\"}]}<\/script>\n<!-- \/ Yoast SEO plugin. -->","yoast_head_json":{"title":"Il mito dell'amministrazione Zaia crolla sui conti: il Gruppo \"Resistere\" chiama Stefani al cambio di rotta - Bellunopress - Dolomiti","robots":{"index":"index","follow":"follow","max-snippet":"max-snippet:-1","max-image-preview":"max-image-preview:large","max-video-preview":"max-video-preview:-1"},"canonical":"https:\/\/www.bellunopress.it\/fr\/2026\/07\/18\/il-mito-dellamministrazione-zaia-crolla-sui-conti-il-gruppo-resistere-chiama-stefani-al-cambio-di-rotta\/","og_locale":"fr_FR","og_type":"article","og_title":"Il mito dell'amministrazione Zaia crolla sui conti: il Gruppo \"Resistere\" chiama Stefani al cambio di rotta - Bellunopress - Dolomiti","og_description":"Venezia, 18\/07\/2026 \u2013 Il &#8220;modello Veneto&#8221;, celebrato per anni come esempio di efficienza e solidit\u00e0, si trova oggi ad affrontare un risveglio brusco. La parifica del rendiconto generale 2025 da parte della Corte dei Conti ha sollevato il velo su una situazione finanziaria ben diversa da quella raccontata negli anni, mettendo a nudo criticit\u00e0 strutturali [&hellip;]","og_url":"https:\/\/www.bellunopress.it\/fr\/2026\/07\/18\/il-mito-dellamministrazione-zaia-crolla-sui-conti-il-gruppo-resistere-chiama-stefani-al-cambio-di-rotta\/","og_site_name":"Bellunopress - Dolomiti","article_publisher":"https:\/\/www.facebook.com\/profile.php?id=100008943462799","article_published_time":"2026-07-18T17:32:30+00:00","og_image":[{"width":600,"height":337,"url":"https:\/\/www.bellunopress.it\/wp-content\/uploads\/2026\/01\/Szumski-Resistere-Veneto.png","type":"image\/png"}],"author":"redazione","twitter_card":"summary_large_image","twitter_creator":"@bellunopress","twitter_site":"@bellunopress","twitter_misc":{"\u00c9crit par":"redazione","Dur\u00e9e de lecture estim\u00e9e":"3 minutes"},"schema":{"@context":"https:\/\/schema.org","@graph":[{"@type":"Article","@id":"https:\/\/www.bellunopress.it\/2026\/07\/18\/il-mito-dellamministrazione-zaia-crolla-sui-conti-il-gruppo-resistere-chiama-stefani-al-cambio-di-rotta\/#article","isPartOf":{"@id":"https:\/\/www.bellunopress.it\/2026\/07\/18\/il-mito-dellamministrazione-zaia-crolla-sui-conti-il-gruppo-resistere-chiama-stefani-al-cambio-di-rotta\/"},"author":{"name":"redazione","@id":"https:\/\/www.bellunopress.it\/#\/schema\/person\/79bb06722b37ece1c03d3e94beb30d73"},"headline":"Il mito dell&#8217;amministrazione Zaia crolla sui conti: il Gruppo &#8220;Resistere&#8221; chiama Stefani al cambio di rotta","datePublished":"2026-07-18T17:32:30+00:00","mainEntityOfPage":{"@id":"https:\/\/www.bellunopress.it\/2026\/07\/18\/il-mito-dellamministrazione-zaia-crolla-sui-conti-il-gruppo-resistere-chiama-stefani-al-cambio-di-rotta\/"},"wordCount":530,"publisher":{"@id":"https:\/\/www.bellunopress.it\/#organization"},"image":{"@id":"https:\/\/www.bellunopress.it\/2026\/07\/18\/il-mito-dellamministrazione-zaia-crolla-sui-conti-il-gruppo-resistere-chiama-stefani-al-cambio-di-rotta\/#primaryimage"},"thumbnailUrl":"https:\/\/www.bellunopress.it\/wp-content\/uploads\/2026\/01\/Szumski-Resistere-Veneto.png","articleSection":["Cronaca\/Politica","Prima Pagina"],"inLanguage":"fr-FR"},{"@type":"WebPage","@id":"https:\/\/www.bellunopress.it\/2026\/07\/18\/il-mito-dellamministrazione-zaia-crolla-sui-conti-il-gruppo-resistere-chiama-stefani-al-cambio-di-rotta\/","url":"https:\/\/www.bellunopress.it\/2026\/07\/18\/il-mito-dellamministrazione-zaia-crolla-sui-conti-il-gruppo-resistere-chiama-stefani-al-cambio-di-rotta\/","name":"Il mito dell'amministrazione Zaia crolla sui conti: il Gruppo \"Resistere\" chiama Stefani al cambio di rotta - Bellunopress - Dolomiti","isPartOf":{"@id":"https:\/\/www.bellunopress.it\/#website"},"primaryImageOfPage":{"@id":"https:\/\/www.bellunopress.it\/2026\/07\/18\/il-mito-dellamministrazione-zaia-crolla-sui-conti-il-gruppo-resistere-chiama-stefani-al-cambio-di-rotta\/#primaryimage"},"image":{"@id":"https:\/\/www.bellunopress.it\/2026\/07\/18\/il-mito-dellamministrazione-zaia-crolla-sui-conti-il-gruppo-resistere-chiama-stefani-al-cambio-di-rotta\/#primaryimage"},"thumbnailUrl":"https:\/\/www.bellunopress.it\/wp-content\/uploads\/2026\/01\/Szumski-Resistere-Veneto.png","datePublished":"2026-07-18T17:32:30+00:00","breadcrumb":{"@id":"https:\/\/www.bellunopress.it\/2026\/07\/18\/il-mito-dellamministrazione-zaia-crolla-sui-conti-il-gruppo-resistere-chiama-stefani-al-cambio-di-rotta\/#breadcrumb"},"inLanguage":"fr-FR","potentialAction":[{"@type":"ReadAction","target":["https:\/\/www.bellunopress.it\/2026\/07\/18\/il-mito-dellamministrazione-zaia-crolla-sui-conti-il-gruppo-resistere-chiama-stefani-al-cambio-di-rotta\/"]}]},{"@type":"ImageObject","inLanguage":"fr-FR","@id":"https:\/\/www.bellunopress.it\/2026\/07\/18\/il-mito-dellamministrazione-zaia-crolla-sui-conti-il-gruppo-resistere-chiama-stefani-al-cambio-di-rotta\/#primaryimage","url":"https:\/\/www.bellunopress.it\/wp-content\/uploads\/2026\/01\/Szumski-Resistere-Veneto.png","contentUrl":"https:\/\/www.bellunopress.it\/wp-content\/uploads\/2026\/01\/Szumski-Resistere-Veneto.png","width":600,"height":337},{"@type":"BreadcrumbList","@id":"https:\/\/www.bellunopress.it\/2026\/07\/18\/il-mito-dellamministrazione-zaia-crolla-sui-conti-il-gruppo-resistere-chiama-stefani-al-cambio-di-rotta\/#breadcrumb","itemListElement":[{"@type":"ListItem","position":1,"name":"Home","item":"https:\/\/www.bellunopress.it\/"},{"@type":"ListItem","position":2,"name":"Il mito dell&#8217;amministrazione Zaia crolla sui conti: il Gruppo &#8220;Resistere&#8221; chiama Stefani al cambio di rotta"}]},{"@type":"WebSite","@id":"https:\/\/www.bellunopress.it\/#website","url":"https:\/\/www.bellunopress.it\/","name":"Bellunopress - Dolomiti","description":"e-mail: redazione@bellunopress.it","publisher":{"@id":"https:\/\/www.bellunopress.it\/#organization"},"potentialAction":[{"@type":"SearchAction","target":{"@type":"EntryPoint","urlTemplate":"https:\/\/www.bellunopress.it\/?s={search_term_string}"},"query-input":{"@type":"PropertyValueSpecification","valueRequired":true,"valueName":"search_term_string"}}],"inLanguage":"fr-FR"},{"@type":"Organization","@id":"https:\/\/www.bellunopress.it\/#organization","name":"Bellunopress","url":"https:\/\/www.bellunopress.it\/","logo":{"@type":"ImageObject","inLanguage":"fr-FR","@id":"https:\/\/www.bellunopress.it\/#\/schema\/logo\/image\/","url":"https:\/\/www.bellunopress.it\/wp-content\/uploads\/2011\/05\/cropped-logo-bellunopress-.jpg","contentUrl":"https:\/\/www.bellunopress.it\/wp-content\/uploads\/2011\/05\/cropped-logo-bellunopress-.jpg","width":512,"height":512,"caption":"Bellunopress"},"image":{"@id":"https:\/\/www.bellunopress.it\/#\/schema\/logo\/image\/"},"sameAs":["https:\/\/www.facebook.com\/profile.php?id=100008943462799","https:\/\/x.com\/bellunopress","https:\/\/www.linkedin.com\/hp\/?dnr=JBzUWaJfMUw8vbXJJ2tVW5-I3jZKvC4wsoxE&amp;amp;amp;amp;amp;amp;trk=nav_responsive_tab_home","https:\/\/www.youtube.com\/channel\/UCxL0wu1uN0_3_7hGG0306cw"]},{"@type":"Person","@id":"https:\/\/www.bellunopress.it\/#\/schema\/person\/79bb06722b37ece1c03d3e94beb30d73","name":"r\u00e9daction","image":{"@type":"ImageObject","inLanguage":"fr-FR","@id":"https:\/\/secure.gravatar.com\/avatar\/37d968a2e67a6fd04c169c4bdef102d0bc5d31b2546345219e348575eb80e9a0?s=96&d=mm&r=g","url":"https:\/\/secure.gravatar.com\/avatar\/37d968a2e67a6fd04c169c4bdef102d0bc5d31b2546345219e348575eb80e9a0?s=96&d=mm&r=g","contentUrl":"https:\/\/secure.gravatar.com\/avatar\/37d968a2e67a6fd04c169c4bdef102d0bc5d31b2546345219e348575eb80e9a0?s=96&d=mm&r=g","caption":"redazione"},"sameAs":["http:\/\/www.bellunopress.it","https:\/\/x.com\/bellunopress"],"url":"https:\/\/www.bellunopress.it\/fr\/author\/redazione\/"}]}},"_links":{"self":[{"href":"https:\/\/www.bellunopress.it\/fr\/wp-json\/wp\/v2\/posts\/172012","targetHints":{"allow":["GET"]}}],"collection":[{"href":"https:\/\/www.bellunopress.it\/fr\/wp-json\/wp\/v2\/posts"}],"about":[{"href":"https:\/\/www.bellunopress.it\/fr\/wp-json\/wp\/v2\/types\/post"}],"author":[{"embeddable":true,"href":"https:\/\/www.bellunopress.it\/fr\/wp-json\/wp\/v2\/users\/2"}],"replies":[{"embeddable":true,"href":"https:\/\/www.bellunopress.it\/fr\/wp-json\/wp\/v2\/comments?post=172012"}],"version-history":[{"count":1,"href":"https:\/\/www.bellunopress.it\/fr\/wp-json\/wp\/v2\/posts\/172012\/revisions"}],"predecessor-version":[{"id":172013,"href":"https:\/\/www.bellunopress.it\/fr\/wp-json\/wp\/v2\/posts\/172012\/revisions\/172013"}],"wp:featuredmedia":[{"embeddable":true,"href":"https:\/\/www.bellunopress.it\/fr\/wp-json\/wp\/v2\/media\/166973"}],"wp:attachment":[{"href":"https:\/\/www.bellunopress.it\/fr\/wp-json\/wp\/v2\/media?parent=172012"}],"wp:term":[{"taxonomy":"category","embeddable":true,"href":"https:\/\/www.bellunopress.it\/fr\/wp-json\/wp\/v2\/categories?post=172012"},{"taxonomy":"post_tag","embeddable":true,"href":"https:\/\/www.bellunopress.it\/fr\/wp-json\/wp\/v2\/tags?post=172012"}],"curies":[{"name":"wp","href":"https:\/\/api.w.org\/{rel}","templated":true}]}}