{"id":172007,"date":"2026-07-18T15:02:17","date_gmt":"2026-07-18T13:02:17","guid":{"rendered":"https:\/\/www.bellunopress.it\/?p=172007"},"modified":"2026-07-18T15:02:17","modified_gmt":"2026-07-18T13:02:17","slug":"lombra-di-un-mito-la-coppa-doro-delle-dolomiti-ha-perso-la-sua-anima","status":"publish","type":"post","link":"https:\/\/www.bellunopress.it\/fr\/2026\/07\/18\/lombra-di-un-mito-la-coppa-doro-delle-dolomiti-ha-perso-la-sua-anima\/","title":{"rendered":"L\u2019ombra di un mito: la Coppa d\u2019Oro delle Dolomiti ha perso la sua anima?"},"content":{"rendered":"<p data-path-to-node=\"1\">Belluno, 18 luglio 2026. Piazza dei Martiri, il cuore pulsante della citt\u00e0, avrebbe dovuto essere oggi il teatro di una celebrazione trionfale. Con l\u2019arrivo della Coppa d\u2019Oro delle Dolomiti \u2013 un evento che, per blasone e storia, ha sempre respirato l\u2019aria della leggenda, secondo solo alla Mille Miglia \u2013 le aspettative erano, come da tradizione, altissime. Eppure, tra le 12:00 e le 13:00, l\u2019ora di punta degli aperitivi e del mercato cittadino, lo scenario che si \u00e8 parato davanti agli occhi dei bellunesi \u00e8 stato quello di una malinconica occasione mancata.<\/p>\n<p data-path-to-node=\"2\">Il passaggio delle auto \u00e8 avvenuto in un clima inspiegabilmente sottotono. Al netto dello zoccolo duro degli appassionati storici, capaci di riconoscere il rombo di un motore d\u2019epoca a chilometri di distanza, il pubblico \u00e8 apparso numericamente modesto e distratto. La piazza, solitamente gremita in occasioni ben pi\u00f9 modeste, \u00e8 sembrata non accorgersi di un evento che, un tempo, paralizzava l\u2019attenzione della citt\u00e0.<\/p>\n<p data-path-to-node=\"3\">Anche il parco auto era ridotto all&#8217;osso con i numeri dei pettorali gonfiati. Quella che abbiamo visto oggi non \u00e8 la Coppa d\u2019Oro delle Dolomiti che la memoria collettiva custodisce gelosamente. La sfilata \u00e8 apparsa frammentata, priva di continuit\u00e0 e coerenza storica: dai pochi esemplari che mantengono viva la memoria del secolo scorso con pettorali dall\u20191 al 36, si passa a salti logici poco comprensibili con pettorali 51-56, fino a chiudere con un gruppo di auto contemporanee dal 2003 al 2026 con pettorali addirittura da 101 a 107. Queste ultime, Ferrari e Porsche, pur nella loro innegabile bellezza estetica, appaiono come corpi estranei, orpelli moderni che poco hanno a che fare con il prestigio e l&#8217;epica della gara storica.<\/p>\n<p data-path-to-node=\"4\">Davanti a questo spettacolo, sorge spontaneo un interrogativo sulla gestione della manifestazione sotto la nuova presidenza dell\u2019Automobile Club Italia. Se l\u2019intento era quello di portare un &#8220;rinnovamento&#8221;, il risultato odierno sembra suggerire il contrario: la sensazione \u00e8 che si siano &#8220;persi i pezzi per strada&#8221;, lasciando che una perla dell&#8217;automobilismo italiano sbiadisse fino a diventare un esercizio di stile autoreferenziale fine a se stesso.<\/p>\n<figure id=\"attachment_172010\" aria-describedby=\"caption-attachment-172010\" style=\"width: 600px\" class=\"wp-caption aligncenter\"><img loading=\"lazy\" decoding=\"async\" class=\"size-full wp-image-172010\" src=\"https:\/\/www.bellunopress.it\/wp-content\/uploads\/2026\/07\/Fiat-574-MM-1930-1.jpg\" alt=\"\" width=\"600\" height=\"435\" srcset=\"https:\/\/www.bellunopress.it\/wp-content\/uploads\/2026\/07\/Fiat-574-MM-1930-1.jpg 600w, https:\/\/www.bellunopress.it\/wp-content\/uploads\/2026\/07\/Fiat-574-MM-1930-1-500x363.jpg 500w, https:\/\/www.bellunopress.it\/wp-content\/uploads\/2026\/07\/Fiat-574-MM-1930-1-579x420.jpg 579w, https:\/\/www.bellunopress.it\/wp-content\/uploads\/2026\/07\/Fiat-574-MM-1930-1-150x109.jpg 150w, https:\/\/www.bellunopress.it\/wp-content\/uploads\/2026\/07\/Fiat-574-MM-1930-1-300x218.jpg 300w\" sizes=\"auto, (max-width: 600px) 100vw, 600px\" \/><figcaption id=\"caption-attachment-172010\" class=\"wp-caption-text\">Fiat 574 MM 1930<\/figcaption><\/figure>\n<p data-path-to-node=\"5\">Cosa resta, dunque, della grande Coppa d&#8217;Oro? Poco pi\u00f9 che un esercizio di nostalgia. Rimane, s\u00ec, il piacere per gli occhi di ammirare quelle &#8220;anziane signore&#8221; del Novecento che hanno fatto la storia, ma resta anche un velo di tristezza nel vedere un mito ridimensionato. Se l&#8217;obiettivo di ACI \u00e8 preservare il valore di questo marchio, \u00e8 necessario un profondo cambio di rotta: la storia non si rinnova a tentativi, si cura. E oggi, a Belluno, la cura \u00e8 decisamente mancata.<\/p>\n<p data-path-to-node=\"5\">Roberto De Nart<\/p>","protected":false},"excerpt":{"rendered":"<p>Belluno, 18 luglio 2026. Piazza dei Martiri, il cuore pulsante della citt\u00e0, avrebbe dovuto essere oggi il teatro di una celebrazione trionfale. Con l\u2019arrivo della Coppa d\u2019Oro delle Dolomiti \u2013 un evento che, per blasone e storia, ha sempre respirato l\u2019aria della leggenda, secondo solo alla Mille Miglia \u2013 le aspettative erano, come da tradizione, [&hellip;]<\/p>\n","protected":false},"author":2,"featured_media":172009,"comment_status":"closed","ping_status":"open","sticky":false,"template":"","format":"standard","meta":{"footnotes":""},"categories":[3446,26,4],"tags":[],"class_list":["post-172007","post","type-post","status-publish","format-standard","has-post-thumbnail","category-featured","category-prima-pagina","category-sport"],"yoast_head":"<!-- This site is optimized with the Yoast SEO plugin v28.4 - https:\/\/yoast.com\/product\/yoast-seo-wordpress\/ -->\n<title>L\u2019ombra di un mito: la Coppa d\u2019Oro delle Dolomiti ha perso la sua anima? - Bellunopress - Dolomiti<\/title>\n<meta name=\"robots\" content=\"index, follow, max-snippet:-1, max-image-preview:large, max-video-preview:-1\" \/>\n<link rel=\"canonical\" href=\"https:\/\/www.bellunopress.it\/fr\/2026\/07\/18\/lombra-di-un-mito-la-coppa-doro-delle-dolomiti-ha-perso-la-sua-anima\/\" \/>\n<meta property=\"og:locale\" content=\"fr_FR\" \/>\n<meta property=\"og:type\" content=\"article\" \/>\n<meta property=\"og:title\" content=\"L\u2019ombra di un mito: la Coppa d\u2019Oro delle Dolomiti ha perso la sua anima? - Bellunopress - Dolomiti\" \/>\n<meta property=\"og:description\" content=\"Belluno, 18 luglio 2026. Piazza dei Martiri, il cuore pulsante della citt\u00e0, avrebbe dovuto essere oggi il teatro di una celebrazione trionfale. Con l\u2019arrivo della Coppa d\u2019Oro delle Dolomiti \u2013 un evento che, per blasone e storia, ha sempre respirato l\u2019aria della leggenda, secondo solo alla Mille Miglia \u2013 le aspettative erano, come da tradizione, [&hellip;]\" \/>\n<meta property=\"og:url\" content=\"https:\/\/www.bellunopress.it\/fr\/2026\/07\/18\/lombra-di-un-mito-la-coppa-doro-delle-dolomiti-ha-perso-la-sua-anima\/\" \/>\n<meta property=\"og:site_name\" content=\"Bellunopress - Dolomiti\" \/>\n<meta property=\"article:publisher\" content=\"https:\/\/www.facebook.com\/profile.php?id=100008943462799\" \/>\n<meta property=\"article:published_time\" content=\"2026-07-18T13:02:17+00:00\" \/>\n<meta property=\"og:image\" content=\"https:\/\/www.bellunopress.it\/wp-content\/uploads\/2026\/07\/Lancia-Lambda-1927.jpg\" \/>\n\t<meta property=\"og:image:width\" content=\"600\" \/>\n\t<meta property=\"og:image:height\" content=\"355\" \/>\n\t<meta property=\"og:image:type\" content=\"image\/jpeg\" \/>\n<meta name=\"author\" content=\"redazione\" \/>\n<meta name=\"twitter:card\" content=\"summary_large_image\" \/>\n<meta name=\"twitter:creator\" content=\"@bellunopress\" \/>\n<meta name=\"twitter:site\" content=\"@bellunopress\" \/>\n<meta name=\"twitter:label1\" content=\"\u00c9crit par\" \/>\n\t<meta name=\"twitter:data1\" content=\"redazione\" \/>\n\t<meta name=\"twitter:label2\" content=\"Dur\u00e9e de lecture estim\u00e9e\" \/>\n\t<meta name=\"twitter:data2\" content=\"3 minutes\" \/>\n<script type=\"application\/ld+json\" class=\"yoast-schema-graph\">{\"@context\":\"https:\\\/\\\/schema.org\",\"@graph\":[{\"@type\":\"Article\",\"@id\":\"https:\\\/\\\/www.bellunopress.it\\\/2026\\\/07\\\/18\\\/lombra-di-un-mito-la-coppa-doro-delle-dolomiti-ha-perso-la-sua-anima\\\/#article\",\"isPartOf\":{\"@id\":\"https:\\\/\\\/www.bellunopress.it\\\/2026\\\/07\\\/18\\\/lombra-di-un-mito-la-coppa-doro-delle-dolomiti-ha-perso-la-sua-anima\\\/\"},\"author\":{\"name\":\"redazione\",\"@id\":\"https:\\\/\\\/www.bellunopress.it\\\/#\\\/schema\\\/person\\\/79bb06722b37ece1c03d3e94beb30d73\"},\"headline\":\"L\u2019ombra di un mito: la Coppa d\u2019Oro delle Dolomiti ha perso la sua anima?\",\"datePublished\":\"2026-07-18T13:02:17+00:00\",\"mainEntityOfPage\":{\"@id\":\"https:\\\/\\\/www.bellunopress.it\\\/2026\\\/07\\\/18\\\/lombra-di-un-mito-la-coppa-doro-delle-dolomiti-ha-perso-la-sua-anima\\\/\"},\"wordCount\":438,\"publisher\":{\"@id\":\"https:\\\/\\\/www.bellunopress.it\\\/#organization\"},\"image\":{\"@id\":\"https:\\\/\\\/www.bellunopress.it\\\/2026\\\/07\\\/18\\\/lombra-di-un-mito-la-coppa-doro-delle-dolomiti-ha-perso-la-sua-anima\\\/#primaryimage\"},\"thumbnailUrl\":\"https:\\\/\\\/www.bellunopress.it\\\/wp-content\\\/uploads\\\/2026\\\/07\\\/Lancia-Lambda-1927.jpg\",\"articleSection\":[\"Featured\",\"Prima Pagina\",\"Sport, tempo libero\"],\"inLanguage\":\"fr-FR\"},{\"@type\":\"WebPage\",\"@id\":\"https:\\\/\\\/www.bellunopress.it\\\/2026\\\/07\\\/18\\\/lombra-di-un-mito-la-coppa-doro-delle-dolomiti-ha-perso-la-sua-anima\\\/\",\"url\":\"https:\\\/\\\/www.bellunopress.it\\\/2026\\\/07\\\/18\\\/lombra-di-un-mito-la-coppa-doro-delle-dolomiti-ha-perso-la-sua-anima\\\/\",\"name\":\"L\u2019ombra di un mito: la Coppa d\u2019Oro delle Dolomiti ha perso la sua anima? - Bellunopress - Dolomiti\",\"isPartOf\":{\"@id\":\"https:\\\/\\\/www.bellunopress.it\\\/#website\"},\"primaryImageOfPage\":{\"@id\":\"https:\\\/\\\/www.bellunopress.it\\\/2026\\\/07\\\/18\\\/lombra-di-un-mito-la-coppa-doro-delle-dolomiti-ha-perso-la-sua-anima\\\/#primaryimage\"},\"image\":{\"@id\":\"https:\\\/\\\/www.bellunopress.it\\\/2026\\\/07\\\/18\\\/lombra-di-un-mito-la-coppa-doro-delle-dolomiti-ha-perso-la-sua-anima\\\/#primaryimage\"},\"thumbnailUrl\":\"https:\\\/\\\/www.bellunopress.it\\\/wp-content\\\/uploads\\\/2026\\\/07\\\/Lancia-Lambda-1927.jpg\",\"datePublished\":\"2026-07-18T13:02:17+00:00\",\"breadcrumb\":{\"@id\":\"https:\\\/\\\/www.bellunopress.it\\\/2026\\\/07\\\/18\\\/lombra-di-un-mito-la-coppa-doro-delle-dolomiti-ha-perso-la-sua-anima\\\/#breadcrumb\"},\"inLanguage\":\"fr-FR\",\"potentialAction\":[{\"@type\":\"ReadAction\",\"target\":[\"https:\\\/\\\/www.bellunopress.it\\\/2026\\\/07\\\/18\\\/lombra-di-un-mito-la-coppa-doro-delle-dolomiti-ha-perso-la-sua-anima\\\/\"]}]},{\"@type\":\"ImageObject\",\"inLanguage\":\"fr-FR\",\"@id\":\"https:\\\/\\\/www.bellunopress.it\\\/2026\\\/07\\\/18\\\/lombra-di-un-mito-la-coppa-doro-delle-dolomiti-ha-perso-la-sua-anima\\\/#primaryimage\",\"url\":\"https:\\\/\\\/www.bellunopress.it\\\/wp-content\\\/uploads\\\/2026\\\/07\\\/Lancia-Lambda-1927.jpg\",\"contentUrl\":\"https:\\\/\\\/www.bellunopress.it\\\/wp-content\\\/uploads\\\/2026\\\/07\\\/Lancia-Lambda-1927.jpg\",\"width\":600,\"height\":355,\"caption\":\"Lancia Lambda 1927, pettorale n.1\"},{\"@type\":\"BreadcrumbList\",\"@id\":\"https:\\\/\\\/www.bellunopress.it\\\/2026\\\/07\\\/18\\\/lombra-di-un-mito-la-coppa-doro-delle-dolomiti-ha-perso-la-sua-anima\\\/#breadcrumb\",\"itemListElement\":[{\"@type\":\"ListItem\",\"position\":1,\"name\":\"Home\",\"item\":\"https:\\\/\\\/www.bellunopress.it\\\/\"},{\"@type\":\"ListItem\",\"position\":2,\"name\":\"L\u2019ombra di un mito: la Coppa d\u2019Oro delle Dolomiti ha perso la sua anima?\"}]},{\"@type\":\"WebSite\",\"@id\":\"https:\\\/\\\/www.bellunopress.it\\\/#website\",\"url\":\"https:\\\/\\\/www.bellunopress.it\\\/\",\"name\":\"Bellunopress - Dolomiti\",\"description\":\"e-mail: redazione@bellunopress.it\",\"publisher\":{\"@id\":\"https:\\\/\\\/www.bellunopress.it\\\/#organization\"},\"potentialAction\":[{\"@type\":\"SearchAction\",\"target\":{\"@type\":\"EntryPoint\",\"urlTemplate\":\"https:\\\/\\\/www.bellunopress.it\\\/?s={search_term_string}\"},\"query-input\":{\"@type\":\"PropertyValueSpecification\",\"valueRequired\":true,\"valueName\":\"search_term_string\"}}],\"inLanguage\":\"fr-FR\"},{\"@type\":\"Organization\",\"@id\":\"https:\\\/\\\/www.bellunopress.it\\\/#organization\",\"name\":\"Bellunopress\",\"url\":\"https:\\\/\\\/www.bellunopress.it\\\/\",\"logo\":{\"@type\":\"ImageObject\",\"inLanguage\":\"fr-FR\",\"@id\":\"https:\\\/\\\/www.bellunopress.it\\\/#\\\/schema\\\/logo\\\/image\\\/\",\"url\":\"https:\\\/\\\/www.bellunopress.it\\\/wp-content\\\/uploads\\\/2011\\\/05\\\/cropped-logo-bellunopress-.jpg\",\"contentUrl\":\"https:\\\/\\\/www.bellunopress.it\\\/wp-content\\\/uploads\\\/2011\\\/05\\\/cropped-logo-bellunopress-.jpg\",\"width\":512,\"height\":512,\"caption\":\"Bellunopress\"},\"image\":{\"@id\":\"https:\\\/\\\/www.bellunopress.it\\\/#\\\/schema\\\/logo\\\/image\\\/\"},\"sameAs\":[\"https:\\\/\\\/www.facebook.com\\\/profile.php?id=100008943462799\",\"https:\\\/\\\/x.com\\\/bellunopress\",\"https:\\\/\\\/www.linkedin.com\\\/hp\\\/?dnr=JBzUWaJfMUw8vbXJJ2tVW5-I3jZKvC4wsoxE&amp;amp;amp;amp;amp;amp;trk=nav_responsive_tab_home\",\"https:\\\/\\\/www.youtube.com\\\/channel\\\/UCxL0wu1uN0_3_7hGG0306cw\"]},{\"@type\":\"Person\",\"@id\":\"https:\\\/\\\/www.bellunopress.it\\\/#\\\/schema\\\/person\\\/79bb06722b37ece1c03d3e94beb30d73\",\"name\":\"redazione\",\"image\":{\"@type\":\"ImageObject\",\"inLanguage\":\"fr-FR\",\"@id\":\"https:\\\/\\\/secure.gravatar.com\\\/avatar\\\/37d968a2e67a6fd04c169c4bdef102d0bc5d31b2546345219e348575eb80e9a0?s=96&d=mm&r=g\",\"url\":\"https:\\\/\\\/secure.gravatar.com\\\/avatar\\\/37d968a2e67a6fd04c169c4bdef102d0bc5d31b2546345219e348575eb80e9a0?s=96&d=mm&r=g\",\"contentUrl\":\"https:\\\/\\\/secure.gravatar.com\\\/avatar\\\/37d968a2e67a6fd04c169c4bdef102d0bc5d31b2546345219e348575eb80e9a0?s=96&d=mm&r=g\",\"caption\":\"redazione\"},\"sameAs\":[\"http:\\\/\\\/www.bellunopress.it\",\"https:\\\/\\\/x.com\\\/bellunopress\"],\"url\":\"https:\\\/\\\/www.bellunopress.it\\\/fr\\\/author\\\/redazione\\\/\"}]}<\/script>\n<!-- \/ Yoast SEO plugin. -->","yoast_head_json":{"title":"L\u2019ombra di un mito: la Coppa d\u2019Oro delle Dolomiti ha perso la sua anima? - Bellunopress - Dolomiti","robots":{"index":"index","follow":"follow","max-snippet":"max-snippet:-1","max-image-preview":"max-image-preview:large","max-video-preview":"max-video-preview:-1"},"canonical":"https:\/\/www.bellunopress.it\/fr\/2026\/07\/18\/lombra-di-un-mito-la-coppa-doro-delle-dolomiti-ha-perso-la-sua-anima\/","og_locale":"fr_FR","og_type":"article","og_title":"L\u2019ombra di un mito: la Coppa d\u2019Oro delle Dolomiti ha perso la sua anima? - Bellunopress - Dolomiti","og_description":"Belluno, 18 luglio 2026. Piazza dei Martiri, il cuore pulsante della citt\u00e0, avrebbe dovuto essere oggi il teatro di una celebrazione trionfale. Con l\u2019arrivo della Coppa d\u2019Oro delle Dolomiti \u2013 un evento che, per blasone e storia, ha sempre respirato l\u2019aria della leggenda, secondo solo alla Mille Miglia \u2013 le aspettative erano, come da tradizione, [&hellip;]","og_url":"https:\/\/www.bellunopress.it\/fr\/2026\/07\/18\/lombra-di-un-mito-la-coppa-doro-delle-dolomiti-ha-perso-la-sua-anima\/","og_site_name":"Bellunopress - Dolomiti","article_publisher":"https:\/\/www.facebook.com\/profile.php?id=100008943462799","article_published_time":"2026-07-18T13:02:17+00:00","og_image":[{"width":600,"height":355,"url":"https:\/\/www.bellunopress.it\/wp-content\/uploads\/2026\/07\/Lancia-Lambda-1927.jpg","type":"image\/jpeg"}],"author":"redazione","twitter_card":"summary_large_image","twitter_creator":"@bellunopress","twitter_site":"@bellunopress","twitter_misc":{"\u00c9crit par":"redazione","Dur\u00e9e de lecture estim\u00e9e":"3 minutes"},"schema":{"@context":"https:\/\/schema.org","@graph":[{"@type":"Article","@id":"https:\/\/www.bellunopress.it\/2026\/07\/18\/lombra-di-un-mito-la-coppa-doro-delle-dolomiti-ha-perso-la-sua-anima\/#article","isPartOf":{"@id":"https:\/\/www.bellunopress.it\/2026\/07\/18\/lombra-di-un-mito-la-coppa-doro-delle-dolomiti-ha-perso-la-sua-anima\/"},"author":{"name":"redazione","@id":"https:\/\/www.bellunopress.it\/#\/schema\/person\/79bb06722b37ece1c03d3e94beb30d73"},"headline":"L\u2019ombra di un mito: la Coppa d\u2019Oro delle Dolomiti ha perso la sua anima?","datePublished":"2026-07-18T13:02:17+00:00","mainEntityOfPage":{"@id":"https:\/\/www.bellunopress.it\/2026\/07\/18\/lombra-di-un-mito-la-coppa-doro-delle-dolomiti-ha-perso-la-sua-anima\/"},"wordCount":438,"publisher":{"@id":"https:\/\/www.bellunopress.it\/#organization"},"image":{"@id":"https:\/\/www.bellunopress.it\/2026\/07\/18\/lombra-di-un-mito-la-coppa-doro-delle-dolomiti-ha-perso-la-sua-anima\/#primaryimage"},"thumbnailUrl":"https:\/\/www.bellunopress.it\/wp-content\/uploads\/2026\/07\/Lancia-Lambda-1927.jpg","articleSection":["Featured","Prima Pagina","Sport, tempo libero"],"inLanguage":"fr-FR"},{"@type":"WebPage","@id":"https:\/\/www.bellunopress.it\/2026\/07\/18\/lombra-di-un-mito-la-coppa-doro-delle-dolomiti-ha-perso-la-sua-anima\/","url":"https:\/\/www.bellunopress.it\/2026\/07\/18\/lombra-di-un-mito-la-coppa-doro-delle-dolomiti-ha-perso-la-sua-anima\/","name":"L\u2019ombra di un mito: la Coppa d\u2019Oro delle Dolomiti ha perso la sua anima? - Bellunopress - Dolomiti","isPartOf":{"@id":"https:\/\/www.bellunopress.it\/#website"},"primaryImageOfPage":{"@id":"https:\/\/www.bellunopress.it\/2026\/07\/18\/lombra-di-un-mito-la-coppa-doro-delle-dolomiti-ha-perso-la-sua-anima\/#primaryimage"},"image":{"@id":"https:\/\/www.bellunopress.it\/2026\/07\/18\/lombra-di-un-mito-la-coppa-doro-delle-dolomiti-ha-perso-la-sua-anima\/#primaryimage"},"thumbnailUrl":"https:\/\/www.bellunopress.it\/wp-content\/uploads\/2026\/07\/Lancia-Lambda-1927.jpg","datePublished":"2026-07-18T13:02:17+00:00","breadcrumb":{"@id":"https:\/\/www.bellunopress.it\/2026\/07\/18\/lombra-di-un-mito-la-coppa-doro-delle-dolomiti-ha-perso-la-sua-anima\/#breadcrumb"},"inLanguage":"fr-FR","potentialAction":[{"@type":"ReadAction","target":["https:\/\/www.bellunopress.it\/2026\/07\/18\/lombra-di-un-mito-la-coppa-doro-delle-dolomiti-ha-perso-la-sua-anima\/"]}]},{"@type":"ImageObject","inLanguage":"fr-FR","@id":"https:\/\/www.bellunopress.it\/2026\/07\/18\/lombra-di-un-mito-la-coppa-doro-delle-dolomiti-ha-perso-la-sua-anima\/#primaryimage","url":"https:\/\/www.bellunopress.it\/wp-content\/uploads\/2026\/07\/Lancia-Lambda-1927.jpg","contentUrl":"https:\/\/www.bellunopress.it\/wp-content\/uploads\/2026\/07\/Lancia-Lambda-1927.jpg","width":600,"height":355,"caption":"Lancia Lambda 1927, pettorale n.1"},{"@type":"BreadcrumbList","@id":"https:\/\/www.bellunopress.it\/2026\/07\/18\/lombra-di-un-mito-la-coppa-doro-delle-dolomiti-ha-perso-la-sua-anima\/#breadcrumb","itemListElement":[{"@type":"ListItem","position":1,"name":"Home","item":"https:\/\/www.bellunopress.it\/"},{"@type":"ListItem","position":2,"name":"L\u2019ombra di un mito: la Coppa d\u2019Oro delle Dolomiti ha perso la sua anima?"}]},{"@type":"WebSite","@id":"https:\/\/www.bellunopress.it\/#website","url":"https:\/\/www.bellunopress.it\/","name":"Bellunopress - Dolomiti","description":"e-mail: redazione@bellunopress.it","publisher":{"@id":"https:\/\/www.bellunopress.it\/#organization"},"potentialAction":[{"@type":"SearchAction","target":{"@type":"EntryPoint","urlTemplate":"https:\/\/www.bellunopress.it\/?s={search_term_string}"},"query-input":{"@type":"PropertyValueSpecification","valueRequired":true,"valueName":"search_term_string"}}],"inLanguage":"fr-FR"},{"@type":"Organization","@id":"https:\/\/www.bellunopress.it\/#organization","name":"Bellunopress","url":"https:\/\/www.bellunopress.it\/","logo":{"@type":"ImageObject","inLanguage":"fr-FR","@id":"https:\/\/www.bellunopress.it\/#\/schema\/logo\/image\/","url":"https:\/\/www.bellunopress.it\/wp-content\/uploads\/2011\/05\/cropped-logo-bellunopress-.jpg","contentUrl":"https:\/\/www.bellunopress.it\/wp-content\/uploads\/2011\/05\/cropped-logo-bellunopress-.jpg","width":512,"height":512,"caption":"Bellunopress"},"image":{"@id":"https:\/\/www.bellunopress.it\/#\/schema\/logo\/image\/"},"sameAs":["https:\/\/www.facebook.com\/profile.php?id=100008943462799","https:\/\/x.com\/bellunopress","https:\/\/www.linkedin.com\/hp\/?dnr=JBzUWaJfMUw8vbXJJ2tVW5-I3jZKvC4wsoxE&amp;amp;amp;amp;amp;amp;trk=nav_responsive_tab_home","https:\/\/www.youtube.com\/channel\/UCxL0wu1uN0_3_7hGG0306cw"]},{"@type":"Person","@id":"https:\/\/www.bellunopress.it\/#\/schema\/person\/79bb06722b37ece1c03d3e94beb30d73","name":"r\u00e9daction","image":{"@type":"ImageObject","inLanguage":"fr-FR","@id":"https:\/\/secure.gravatar.com\/avatar\/37d968a2e67a6fd04c169c4bdef102d0bc5d31b2546345219e348575eb80e9a0?s=96&d=mm&r=g","url":"https:\/\/secure.gravatar.com\/avatar\/37d968a2e67a6fd04c169c4bdef102d0bc5d31b2546345219e348575eb80e9a0?s=96&d=mm&r=g","contentUrl":"https:\/\/secure.gravatar.com\/avatar\/37d968a2e67a6fd04c169c4bdef102d0bc5d31b2546345219e348575eb80e9a0?s=96&d=mm&r=g","caption":"redazione"},"sameAs":["http:\/\/www.bellunopress.it","https:\/\/x.com\/bellunopress"],"url":"https:\/\/www.bellunopress.it\/fr\/author\/redazione\/"}]}},"_links":{"self":[{"href":"https:\/\/www.bellunopress.it\/fr\/wp-json\/wp\/v2\/posts\/172007","targetHints":{"allow":["GET"]}}],"collection":[{"href":"https:\/\/www.bellunopress.it\/fr\/wp-json\/wp\/v2\/posts"}],"about":[{"href":"https:\/\/www.bellunopress.it\/fr\/wp-json\/wp\/v2\/types\/post"}],"author":[{"embeddable":true,"href":"https:\/\/www.bellunopress.it\/fr\/wp-json\/wp\/v2\/users\/2"}],"replies":[{"embeddable":true,"href":"https:\/\/www.bellunopress.it\/fr\/wp-json\/wp\/v2\/comments?post=172007"}],"version-history":[{"count":1,"href":"https:\/\/www.bellunopress.it\/fr\/wp-json\/wp\/v2\/posts\/172007\/revisions"}],"predecessor-version":[{"id":172011,"href":"https:\/\/www.bellunopress.it\/fr\/wp-json\/wp\/v2\/posts\/172007\/revisions\/172011"}],"wp:featuredmedia":[{"embeddable":true,"href":"https:\/\/www.bellunopress.it\/fr\/wp-json\/wp\/v2\/media\/172009"}],"wp:attachment":[{"href":"https:\/\/www.bellunopress.it\/fr\/wp-json\/wp\/v2\/media?parent=172007"}],"wp:term":[{"taxonomy":"category","embeddable":true,"href":"https:\/\/www.bellunopress.it\/fr\/wp-json\/wp\/v2\/categories?post=172007"},{"taxonomy":"post_tag","embeddable":true,"href":"https:\/\/www.bellunopress.it\/fr\/wp-json\/wp\/v2\/tags?post=172007"}],"curies":[{"name":"wp","href":"https:\/\/api.w.org\/{rel}","templated":true}]}}