{"id":172004,"date":"2026-07-18T06:22:56","date_gmt":"2026-07-18T04:22:56","guid":{"rendered":"https:\/\/www.bellunopress.it\/?p=172004"},"modified":"2026-07-18T06:22:56","modified_gmt":"2026-07-18T04:22:56","slug":"al-via-la-seconda-giornata-del-trofeo-guarnieri-il-maltempo-non-ferma-i-piloti-sul-monte-avena","status":"publish","type":"post","link":"https:\/\/www.bellunopress.it\/fr\/2026\/07\/18\/al-via-la-seconda-giornata-del-trofeo-guarnieri-il-maltempo-non-ferma-i-piloti-sul-monte-avena\/","title":{"rendered":"Al via la seconda giornata del Trofeo Guarnieri: il maltempo non ferma i piloti sul Monte Avena"},"content":{"rendered":"<p>Venerd\u00ec 17 luglio dal Monte Avena \u00e8 partita la seconda task del 41\u00b0 Trofeo Guarnieri. Un percorso ridotto a 48.8 km per salvare una giornata inizialmente compromessa dal maltempo.<\/p>\n<p>Nonostante le difficolt\u00e0 iniziali, la macchina organizzativa \u00e8 riuscita a portare a casa una prova complessa ma spettacolare.<br \/>\nLa classifica ufficiale della seconda task ha visto il dominio della delegazione tedesca, che ha conquistato l&#8217;intero podio di giornata. A vincere la prova \u00e8 stato il tedesco Manuel N\u00fcbel con il tempo di 1h23&#8217;45&#8221; e un punteggio di 978.2 punti, seguito a ruota dal connazionale Ferdinand Vogel che ha chiuso in 1h23&#8217;44&#8221; totalizzando 966.9 punti. In terza posizione si \u00e8 piazzato Johannes Baumgarten, sempre per la Germania, con un tempo di 1h23&#8217;59&#8221; e 964.5 punti. Al quarto posto si \u00e8 classificato il tedesco Christian Miernik in 1h24&#8217;17&#8221; con 960.0 punti, mentre a completare la cinquina dei migliori di oggi troviamo l&#8217;italiano Paolo Facchini, che ha tagliato il traguardo in 1h25&#8217;02&#8221; conquistando 956.0 punti.<\/p>\n<p>Tra le donne, la prima ragazza a completare la task odierna \u00e8 stata l&#8217;italiana Silvia Buzi Ferraris con il tempo di 1h45&#8217;12&#8221; e un punteggio di 791.1 punti.<\/p>\n<p><strong>Le classifiche provvisorie dopo due tappe<\/strong><br \/>\nI risultati delle prime due giornate di volo iniziano a delineare i vertici del campionato. Nella classifica generale provvisoria (&#8220;Overall&#8221;), il comando della manifestazione \u00e8 saldamente nelle mani del tedesco Manuel N\u00fcbel con 1466 punti complessivi. Lo segue in seconda posizione, staccato di pochissimo, il connazionale Ferdinand Vogel con 1462 punti, mentre il terzo gradino del podio \u00e8 occupato dal tedesco Johannes Baumgarten con 1453 punti. Al quarto posto si inserisce il vincitore della prima giornata, il francese Edouard Potel con 1438 punti, seguito in quinta posizione dall&#8217;italiano Paolo Facchini con 1435 punti totali.<\/p>\n<p>Sul fronte femminile, la classifica generale provvisoria vede una leadership tutta italiana grazie a Silvia Buzi Ferraris, che blinda la vetta con un totale di 1249 punti. In seconda posizione si trova la tedesca Yvonne Dathe con 696 punti, incalzata al terzo posto dalla polacca Klaudia Bulgakow con 672 punti. La quarta piazza \u00e8 occupata dall&#8217;italiana Martina Centa con 474 punti, mentre in quinta posizione si attesta l&#8217;austriaca Katharina Gangl con 381 punti totali.<\/p>\n<p><strong>Il commento tecnico del Direttore di gara Fabio Loro<\/strong><br \/>\nIl Direttore di gara Fabio Loro ha espresso grande soddisfazione per come lo staff ha saputo reagire alle avversit\u00e0 del mattino: \u00abLa giornata di oggi \u00e8 partita con difficolt\u00e0: alle 8 del mattino pioveva e le condizioni sembravano compromettere la prova. Grazie alla fiducia dell&#8217;organizzazione e a un buon lavoro sul campo, siamo riusciti a far partire lo starter alle 15:30. La tasca \u00e8 stata leggermente pi\u00f9 corta del solito per salvare la giornata: 48 km invece dei classici 50-60 km, ma con condizioni di volo ottime. C&#8217;\u00e8 un po&#8217; di vento, ma nel complesso la situazione \u00e8 buona. Siamo attualmente a met\u00e0 gara, quindi non ho ancora risultati definitivi da comunicare. Per domani la situazione resta incerta, come gi\u00e0 anticipato da Pino. Al momento non abbiamo prospettive chiare: dipender\u00e0 dalle precipitazioni previste.\u00bb<\/p>\n<p><strong>L&#8217;analisi e le previsioni del meteorologo Pino Aiello<\/strong><br \/>\nLe parole del direttore di gara trovano eco nell&#8217;analisi dettagliata del responsabile meteo Pino Aiello, che sottolinea l&#8217;eccezionalit\u00e0 del risultato odierno ma lancia un forte campanello d&#8217;allarme per le prossime ore: \u00abOggi la giornata \u00e8 andata molto bene. Alle 8 del mattino pioveva e nessuno avrebbe scommesso sulla possibilit\u00e0 di portare a casa una task. Grazie per\u00f2 al lavoro meteo e alla collaborazione con il direttore di gara, siamo riusciti a cucire una prova perfetta per le condizioni del giorno. Una task che, pur non raggiungendo il punteggio pieno di 1000 punti, ci \u00e8 andata molto vicina. \u00c8 un ottimo risultato, soprattutto per la Valbelluna che dopo una pioggia impiega molte ore a smaltire l&#8217;umidit\u00e0. Partire alle 8 con la pioggia e chiudere una task entro le 17 \u00e8 stata una bella scommessa vinta. Per domani invece la situazione \u00e8 complicata. \u00c8 previsto un peggioramento anomalo: al mattino avremo molta umidit\u00e0, nubi e qualche goccia di pioggia che impediranno al sole di scaldare e di attivare la termica. Nel pomeriggio sono attese instabilit\u00e0 con rovesci e temporali. Con queste condizioni \u00e8 quasi certo che non si riuscir\u00e0 a volare.\u00bb<\/p>","protected":false},"excerpt":{"rendered":"<p>Venerd\u00ec 17 luglio dal Monte Avena \u00e8 partita la seconda task del 41\u00b0 Trofeo Guarnieri. Un percorso ridotto a 48.8 km per salvare una giornata inizialmente compromessa dal maltempo. Nonostante le difficolt\u00e0 iniziali, la macchina organizzativa \u00e8 riuscita a portare a casa una prova complessa ma spettacolare. La classifica ufficiale della seconda task ha visto [&hellip;]<\/p>\n","protected":false},"author":2,"featured_media":172005,"comment_status":"closed","ping_status":"open","sticky":false,"template":"","format":"standard","meta":{"footnotes":""},"categories":[26,4],"tags":[],"class_list":["post-172004","post","type-post","status-publish","format-standard","has-post-thumbnail","category-prima-pagina","category-sport"],"yoast_head":"<!-- This site is optimized with the Yoast SEO plugin v28.4 - https:\/\/yoast.com\/product\/yoast-seo-wordpress\/ -->\n<title>Al via la seconda giornata del Trofeo Guarnieri: il maltempo non ferma i piloti sul Monte Avena - Bellunopress - Dolomiti<\/title>\n<meta name=\"robots\" content=\"index, follow, max-snippet:-1, max-image-preview:large, max-video-preview:-1\" \/>\n<link rel=\"canonical\" href=\"https:\/\/www.bellunopress.it\/fr\/2026\/07\/18\/al-via-la-seconda-giornata-del-trofeo-guarnieri-il-maltempo-non-ferma-i-piloti-sul-monte-avena\/\" \/>\n<meta property=\"og:locale\" content=\"fr_FR\" \/>\n<meta property=\"og:type\" content=\"article\" \/>\n<meta property=\"og:title\" content=\"Al via la seconda giornata del Trofeo Guarnieri: il maltempo non ferma i piloti sul Monte Avena - Bellunopress - Dolomiti\" \/>\n<meta property=\"og:description\" content=\"Venerd\u00ec 17 luglio dal Monte Avena \u00e8 partita la seconda task del 41\u00b0 Trofeo Guarnieri. Un percorso ridotto a 48.8 km per salvare una giornata inizialmente compromessa dal maltempo. Nonostante le difficolt\u00e0 iniziali, la macchina organizzativa \u00e8 riuscita a portare a casa una prova complessa ma spettacolare. La classifica ufficiale della seconda task ha visto [&hellip;]\" \/>\n<meta property=\"og:url\" content=\"https:\/\/www.bellunopress.it\/fr\/2026\/07\/18\/al-via-la-seconda-giornata-del-trofeo-guarnieri-il-maltempo-non-ferma-i-piloti-sul-monte-avena\/\" \/>\n<meta property=\"og:site_name\" content=\"Bellunopress - Dolomiti\" \/>\n<meta property=\"article:publisher\" content=\"https:\/\/www.facebook.com\/profile.php?id=100008943462799\" \/>\n<meta property=\"article:published_time\" content=\"2026-07-18T04:22:56+00:00\" \/>\n<meta property=\"og:image\" content=\"https:\/\/www.bellunopress.it\/wp-content\/uploads\/2026\/07\/Parapendio-MOnte-Avena-ph-Martin-Sheel.jpg\" \/>\n\t<meta property=\"og:image:width\" content=\"600\" \/>\n\t<meta property=\"og:image:height\" content=\"399\" \/>\n\t<meta property=\"og:image:type\" content=\"image\/jpeg\" \/>\n<meta name=\"author\" content=\"redazione\" \/>\n<meta name=\"twitter:card\" content=\"summary_large_image\" \/>\n<meta name=\"twitter:creator\" content=\"@bellunopress\" \/>\n<meta name=\"twitter:site\" content=\"@bellunopress\" \/>\n<meta name=\"twitter:label1\" content=\"Written by\" \/>\n\t<meta name=\"twitter:data1\" content=\"redazione\" \/>\n\t<meta name=\"twitter:label2\" content=\"Est. reading time\" \/>\n\t<meta name=\"twitter:data2\" content=\"4 minutes\" \/>\n<script type=\"application\/ld+json\" class=\"yoast-schema-graph\">{\"@context\":\"https:\\\/\\\/schema.org\",\"@graph\":[{\"@type\":\"Article\",\"@id\":\"https:\\\/\\\/www.bellunopress.it\\\/2026\\\/07\\\/18\\\/al-via-la-seconda-giornata-del-trofeo-guarnieri-il-maltempo-non-ferma-i-piloti-sul-monte-avena\\\/#article\",\"isPartOf\":{\"@id\":\"https:\\\/\\\/www.bellunopress.it\\\/2026\\\/07\\\/18\\\/al-via-la-seconda-giornata-del-trofeo-guarnieri-il-maltempo-non-ferma-i-piloti-sul-monte-avena\\\/\"},\"author\":{\"name\":\"redazione\",\"@id\":\"https:\\\/\\\/www.bellunopress.it\\\/#\\\/schema\\\/person\\\/79bb06722b37ece1c03d3e94beb30d73\"},\"headline\":\"Al via la seconda giornata del Trofeo Guarnieri: il maltempo non ferma i piloti sul Monte Avena\",\"datePublished\":\"2026-07-18T04:22:56+00:00\",\"mainEntityOfPage\":{\"@id\":\"https:\\\/\\\/www.bellunopress.it\\\/2026\\\/07\\\/18\\\/al-via-la-seconda-giornata-del-trofeo-guarnieri-il-maltempo-non-ferma-i-piloti-sul-monte-avena\\\/\"},\"wordCount\":688,\"publisher\":{\"@id\":\"https:\\\/\\\/www.bellunopress.it\\\/#organization\"},\"image\":{\"@id\":\"https:\\\/\\\/www.bellunopress.it\\\/2026\\\/07\\\/18\\\/al-via-la-seconda-giornata-del-trofeo-guarnieri-il-maltempo-non-ferma-i-piloti-sul-monte-avena\\\/#primaryimage\"},\"thumbnailUrl\":\"https:\\\/\\\/www.bellunopress.it\\\/wp-content\\\/uploads\\\/2026\\\/07\\\/Parapendio-MOnte-Avena-ph-Martin-Sheel.jpg\",\"articleSection\":[\"Prima Pagina\",\"Sport, tempo libero\"],\"inLanguage\":\"fr-FR\"},{\"@type\":\"WebPage\",\"@id\":\"https:\\\/\\\/www.bellunopress.it\\\/2026\\\/07\\\/18\\\/al-via-la-seconda-giornata-del-trofeo-guarnieri-il-maltempo-non-ferma-i-piloti-sul-monte-avena\\\/\",\"url\":\"https:\\\/\\\/www.bellunopress.it\\\/2026\\\/07\\\/18\\\/al-via-la-seconda-giornata-del-trofeo-guarnieri-il-maltempo-non-ferma-i-piloti-sul-monte-avena\\\/\",\"name\":\"Al via la seconda giornata del Trofeo Guarnieri: il maltempo non ferma i piloti sul Monte Avena - Bellunopress - Dolomiti\",\"isPartOf\":{\"@id\":\"https:\\\/\\\/www.bellunopress.it\\\/#website\"},\"primaryImageOfPage\":{\"@id\":\"https:\\\/\\\/www.bellunopress.it\\\/2026\\\/07\\\/18\\\/al-via-la-seconda-giornata-del-trofeo-guarnieri-il-maltempo-non-ferma-i-piloti-sul-monte-avena\\\/#primaryimage\"},\"image\":{\"@id\":\"https:\\\/\\\/www.bellunopress.it\\\/2026\\\/07\\\/18\\\/al-via-la-seconda-giornata-del-trofeo-guarnieri-il-maltempo-non-ferma-i-piloti-sul-monte-avena\\\/#primaryimage\"},\"thumbnailUrl\":\"https:\\\/\\\/www.bellunopress.it\\\/wp-content\\\/uploads\\\/2026\\\/07\\\/Parapendio-MOnte-Avena-ph-Martin-Sheel.jpg\",\"datePublished\":\"2026-07-18T04:22:56+00:00\",\"breadcrumb\":{\"@id\":\"https:\\\/\\\/www.bellunopress.it\\\/2026\\\/07\\\/18\\\/al-via-la-seconda-giornata-del-trofeo-guarnieri-il-maltempo-non-ferma-i-piloti-sul-monte-avena\\\/#breadcrumb\"},\"inLanguage\":\"fr-FR\",\"potentialAction\":[{\"@type\":\"ReadAction\",\"target\":[\"https:\\\/\\\/www.bellunopress.it\\\/2026\\\/07\\\/18\\\/al-via-la-seconda-giornata-del-trofeo-guarnieri-il-maltempo-non-ferma-i-piloti-sul-monte-avena\\\/\"]}]},{\"@type\":\"ImageObject\",\"inLanguage\":\"fr-FR\",\"@id\":\"https:\\\/\\\/www.bellunopress.it\\\/2026\\\/07\\\/18\\\/al-via-la-seconda-giornata-del-trofeo-guarnieri-il-maltempo-non-ferma-i-piloti-sul-monte-avena\\\/#primaryimage\",\"url\":\"https:\\\/\\\/www.bellunopress.it\\\/wp-content\\\/uploads\\\/2026\\\/07\\\/Parapendio-MOnte-Avena-ph-Martin-Sheel.jpg\",\"contentUrl\":\"https:\\\/\\\/www.bellunopress.it\\\/wp-content\\\/uploads\\\/2026\\\/07\\\/Parapendio-MOnte-Avena-ph-Martin-Sheel.jpg\",\"width\":600,\"height\":399,\"caption\":\"Trofeo Guarnieri, Monte Avena (Ph: Martin Sheel)\"},{\"@type\":\"BreadcrumbList\",\"@id\":\"https:\\\/\\\/www.bellunopress.it\\\/2026\\\/07\\\/18\\\/al-via-la-seconda-giornata-del-trofeo-guarnieri-il-maltempo-non-ferma-i-piloti-sul-monte-avena\\\/#breadcrumb\",\"itemListElement\":[{\"@type\":\"ListItem\",\"position\":1,\"name\":\"Home\",\"item\":\"https:\\\/\\\/www.bellunopress.it\\\/\"},{\"@type\":\"ListItem\",\"position\":2,\"name\":\"Al via la seconda giornata del Trofeo Guarnieri: il maltempo non ferma i piloti sul Monte Avena\"}]},{\"@type\":\"WebSite\",\"@id\":\"https:\\\/\\\/www.bellunopress.it\\\/#website\",\"url\":\"https:\\\/\\\/www.bellunopress.it\\\/\",\"name\":\"Bellunopress - Dolomiti\",\"description\":\"e-mail: redazione@bellunopress.it\",\"publisher\":{\"@id\":\"https:\\\/\\\/www.bellunopress.it\\\/#organization\"},\"potentialAction\":[{\"@type\":\"SearchAction\",\"target\":{\"@type\":\"EntryPoint\",\"urlTemplate\":\"https:\\\/\\\/www.bellunopress.it\\\/?s={search_term_string}\"},\"query-input\":{\"@type\":\"PropertyValueSpecification\",\"valueRequired\":true,\"valueName\":\"search_term_string\"}}],\"inLanguage\":\"fr-FR\"},{\"@type\":\"Organization\",\"@id\":\"https:\\\/\\\/www.bellunopress.it\\\/#organization\",\"name\":\"Bellunopress\",\"url\":\"https:\\\/\\\/www.bellunopress.it\\\/\",\"logo\":{\"@type\":\"ImageObject\",\"inLanguage\":\"fr-FR\",\"@id\":\"https:\\\/\\\/www.bellunopress.it\\\/#\\\/schema\\\/logo\\\/image\\\/\",\"url\":\"https:\\\/\\\/www.bellunopress.it\\\/wp-content\\\/uploads\\\/2011\\\/05\\\/cropped-logo-bellunopress-.jpg\",\"contentUrl\":\"https:\\\/\\\/www.bellunopress.it\\\/wp-content\\\/uploads\\\/2011\\\/05\\\/cropped-logo-bellunopress-.jpg\",\"width\":512,\"height\":512,\"caption\":\"Bellunopress\"},\"image\":{\"@id\":\"https:\\\/\\\/www.bellunopress.it\\\/#\\\/schema\\\/logo\\\/image\\\/\"},\"sameAs\":[\"https:\\\/\\\/www.facebook.com\\\/profile.php?id=100008943462799\",\"https:\\\/\\\/x.com\\\/bellunopress\",\"https:\\\/\\\/www.linkedin.com\\\/hp\\\/?dnr=JBzUWaJfMUw8vbXJJ2tVW5-I3jZKvC4wsoxE&amp;amp;amp;amp;amp;amp;trk=nav_responsive_tab_home\",\"https:\\\/\\\/www.youtube.com\\\/channel\\\/UCxL0wu1uN0_3_7hGG0306cw\"]},{\"@type\":\"Person\",\"@id\":\"https:\\\/\\\/www.bellunopress.it\\\/#\\\/schema\\\/person\\\/79bb06722b37ece1c03d3e94beb30d73\",\"name\":\"redazione\",\"image\":{\"@type\":\"ImageObject\",\"inLanguage\":\"fr-FR\",\"@id\":\"https:\\\/\\\/secure.gravatar.com\\\/avatar\\\/37d968a2e67a6fd04c169c4bdef102d0bc5d31b2546345219e348575eb80e9a0?s=96&d=mm&r=g\",\"url\":\"https:\\\/\\\/secure.gravatar.com\\\/avatar\\\/37d968a2e67a6fd04c169c4bdef102d0bc5d31b2546345219e348575eb80e9a0?s=96&d=mm&r=g\",\"contentUrl\":\"https:\\\/\\\/secure.gravatar.com\\\/avatar\\\/37d968a2e67a6fd04c169c4bdef102d0bc5d31b2546345219e348575eb80e9a0?s=96&d=mm&r=g\",\"caption\":\"redazione\"},\"sameAs\":[\"http:\\\/\\\/www.bellunopress.it\",\"https:\\\/\\\/x.com\\\/bellunopress\"],\"url\":\"https:\\\/\\\/www.bellunopress.it\\\/fr\\\/author\\\/redazione\\\/\"}]}<\/script>\n<!-- \/ Yoast SEO plugin. -->","yoast_head_json":{"title":"Al via la seconda giornata del Trofeo Guarnieri: il maltempo non ferma i piloti sul Monte Avena - Bellunopress - Dolomiti","robots":{"index":"index","follow":"follow","max-snippet":"max-snippet:-1","max-image-preview":"max-image-preview:large","max-video-preview":"max-video-preview:-1"},"canonical":"https:\/\/www.bellunopress.it\/fr\/2026\/07\/18\/al-via-la-seconda-giornata-del-trofeo-guarnieri-il-maltempo-non-ferma-i-piloti-sul-monte-avena\/","og_locale":"fr_FR","og_type":"article","og_title":"Al via la seconda giornata del Trofeo Guarnieri: il maltempo non ferma i piloti sul Monte Avena - Bellunopress - Dolomiti","og_description":"Venerd\u00ec 17 luglio dal Monte Avena \u00e8 partita la seconda task del 41\u00b0 Trofeo Guarnieri. Un percorso ridotto a 48.8 km per salvare una giornata inizialmente compromessa dal maltempo. Nonostante le difficolt\u00e0 iniziali, la macchina organizzativa \u00e8 riuscita a portare a casa una prova complessa ma spettacolare. La classifica ufficiale della seconda task ha visto [&hellip;]","og_url":"https:\/\/www.bellunopress.it\/fr\/2026\/07\/18\/al-via-la-seconda-giornata-del-trofeo-guarnieri-il-maltempo-non-ferma-i-piloti-sul-monte-avena\/","og_site_name":"Bellunopress - Dolomiti","article_publisher":"https:\/\/www.facebook.com\/profile.php?id=100008943462799","article_published_time":"2026-07-18T04:22:56+00:00","og_image":[{"width":600,"height":399,"url":"https:\/\/www.bellunopress.it\/wp-content\/uploads\/2026\/07\/Parapendio-MOnte-Avena-ph-Martin-Sheel.jpg","type":"image\/jpeg"}],"author":"redazione","twitter_card":"summary_large_image","twitter_creator":"@bellunopress","twitter_site":"@bellunopress","twitter_misc":{"Written by":"redazione","Est. reading time":"4 minutes"},"schema":{"@context":"https:\/\/schema.org","@graph":[{"@type":"Article","@id":"https:\/\/www.bellunopress.it\/2026\/07\/18\/al-via-la-seconda-giornata-del-trofeo-guarnieri-il-maltempo-non-ferma-i-piloti-sul-monte-avena\/#article","isPartOf":{"@id":"https:\/\/www.bellunopress.it\/2026\/07\/18\/al-via-la-seconda-giornata-del-trofeo-guarnieri-il-maltempo-non-ferma-i-piloti-sul-monte-avena\/"},"author":{"name":"redazione","@id":"https:\/\/www.bellunopress.it\/#\/schema\/person\/79bb06722b37ece1c03d3e94beb30d73"},"headline":"Al via la seconda giornata del Trofeo Guarnieri: il maltempo non ferma i piloti sul Monte Avena","datePublished":"2026-07-18T04:22:56+00:00","mainEntityOfPage":{"@id":"https:\/\/www.bellunopress.it\/2026\/07\/18\/al-via-la-seconda-giornata-del-trofeo-guarnieri-il-maltempo-non-ferma-i-piloti-sul-monte-avena\/"},"wordCount":688,"publisher":{"@id":"https:\/\/www.bellunopress.it\/#organization"},"image":{"@id":"https:\/\/www.bellunopress.it\/2026\/07\/18\/al-via-la-seconda-giornata-del-trofeo-guarnieri-il-maltempo-non-ferma-i-piloti-sul-monte-avena\/#primaryimage"},"thumbnailUrl":"https:\/\/www.bellunopress.it\/wp-content\/uploads\/2026\/07\/Parapendio-MOnte-Avena-ph-Martin-Sheel.jpg","articleSection":["Prima Pagina","Sport, tempo libero"],"inLanguage":"fr-FR"},{"@type":"WebPage","@id":"https:\/\/www.bellunopress.it\/2026\/07\/18\/al-via-la-seconda-giornata-del-trofeo-guarnieri-il-maltempo-non-ferma-i-piloti-sul-monte-avena\/","url":"https:\/\/www.bellunopress.it\/2026\/07\/18\/al-via-la-seconda-giornata-del-trofeo-guarnieri-il-maltempo-non-ferma-i-piloti-sul-monte-avena\/","name":"Al via la seconda giornata del Trofeo Guarnieri: il maltempo non ferma i piloti sul Monte Avena - Bellunopress - Dolomiti","isPartOf":{"@id":"https:\/\/www.bellunopress.it\/#website"},"primaryImageOfPage":{"@id":"https:\/\/www.bellunopress.it\/2026\/07\/18\/al-via-la-seconda-giornata-del-trofeo-guarnieri-il-maltempo-non-ferma-i-piloti-sul-monte-avena\/#primaryimage"},"image":{"@id":"https:\/\/www.bellunopress.it\/2026\/07\/18\/al-via-la-seconda-giornata-del-trofeo-guarnieri-il-maltempo-non-ferma-i-piloti-sul-monte-avena\/#primaryimage"},"thumbnailUrl":"https:\/\/www.bellunopress.it\/wp-content\/uploads\/2026\/07\/Parapendio-MOnte-Avena-ph-Martin-Sheel.jpg","datePublished":"2026-07-18T04:22:56+00:00","breadcrumb":{"@id":"https:\/\/www.bellunopress.it\/2026\/07\/18\/al-via-la-seconda-giornata-del-trofeo-guarnieri-il-maltempo-non-ferma-i-piloti-sul-monte-avena\/#breadcrumb"},"inLanguage":"fr-FR","potentialAction":[{"@type":"ReadAction","target":["https:\/\/www.bellunopress.it\/2026\/07\/18\/al-via-la-seconda-giornata-del-trofeo-guarnieri-il-maltempo-non-ferma-i-piloti-sul-monte-avena\/"]}]},{"@type":"ImageObject","inLanguage":"fr-FR","@id":"https:\/\/www.bellunopress.it\/2026\/07\/18\/al-via-la-seconda-giornata-del-trofeo-guarnieri-il-maltempo-non-ferma-i-piloti-sul-monte-avena\/#primaryimage","url":"https:\/\/www.bellunopress.it\/wp-content\/uploads\/2026\/07\/Parapendio-MOnte-Avena-ph-Martin-Sheel.jpg","contentUrl":"https:\/\/www.bellunopress.it\/wp-content\/uploads\/2026\/07\/Parapendio-MOnte-Avena-ph-Martin-Sheel.jpg","width":600,"height":399,"caption":"Trofeo Guarnieri, Monte Avena (Ph: Martin Sheel)"},{"@type":"BreadcrumbList","@id":"https:\/\/www.bellunopress.it\/2026\/07\/18\/al-via-la-seconda-giornata-del-trofeo-guarnieri-il-maltempo-non-ferma-i-piloti-sul-monte-avena\/#breadcrumb","itemListElement":[{"@type":"ListItem","position":1,"name":"Home","item":"https:\/\/www.bellunopress.it\/"},{"@type":"ListItem","position":2,"name":"Al via la seconda giornata del Trofeo Guarnieri: il maltempo non ferma i piloti sul Monte Avena"}]},{"@type":"WebSite","@id":"https:\/\/www.bellunopress.it\/#website","url":"https:\/\/www.bellunopress.it\/","name":"Bellunopress - Dolomiti","description":"e-mail: redazione@bellunopress.it","publisher":{"@id":"https:\/\/www.bellunopress.it\/#organization"},"potentialAction":[{"@type":"SearchAction","target":{"@type":"EntryPoint","urlTemplate":"https:\/\/www.bellunopress.it\/?s={search_term_string}"},"query-input":{"@type":"PropertyValueSpecification","valueRequired":true,"valueName":"search_term_string"}}],"inLanguage":"fr-FR"},{"@type":"Organization","@id":"https:\/\/www.bellunopress.it\/#organization","name":"Bellunopress","url":"https:\/\/www.bellunopress.it\/","logo":{"@type":"ImageObject","inLanguage":"fr-FR","@id":"https:\/\/www.bellunopress.it\/#\/schema\/logo\/image\/","url":"https:\/\/www.bellunopress.it\/wp-content\/uploads\/2011\/05\/cropped-logo-bellunopress-.jpg","contentUrl":"https:\/\/www.bellunopress.it\/wp-content\/uploads\/2011\/05\/cropped-logo-bellunopress-.jpg","width":512,"height":512,"caption":"Bellunopress"},"image":{"@id":"https:\/\/www.bellunopress.it\/#\/schema\/logo\/image\/"},"sameAs":["https:\/\/www.facebook.com\/profile.php?id=100008943462799","https:\/\/x.com\/bellunopress","https:\/\/www.linkedin.com\/hp\/?dnr=JBzUWaJfMUw8vbXJJ2tVW5-I3jZKvC4wsoxE&amp;amp;amp;amp;amp;amp;trk=nav_responsive_tab_home","https:\/\/www.youtube.com\/channel\/UCxL0wu1uN0_3_7hGG0306cw"]},{"@type":"Person","@id":"https:\/\/www.bellunopress.it\/#\/schema\/person\/79bb06722b37ece1c03d3e94beb30d73","name":"r\u00e9daction","image":{"@type":"ImageObject","inLanguage":"fr-FR","@id":"https:\/\/secure.gravatar.com\/avatar\/37d968a2e67a6fd04c169c4bdef102d0bc5d31b2546345219e348575eb80e9a0?s=96&d=mm&r=g","url":"https:\/\/secure.gravatar.com\/avatar\/37d968a2e67a6fd04c169c4bdef102d0bc5d31b2546345219e348575eb80e9a0?s=96&d=mm&r=g","contentUrl":"https:\/\/secure.gravatar.com\/avatar\/37d968a2e67a6fd04c169c4bdef102d0bc5d31b2546345219e348575eb80e9a0?s=96&d=mm&r=g","caption":"redazione"},"sameAs":["http:\/\/www.bellunopress.it","https:\/\/x.com\/bellunopress"],"url":"https:\/\/www.bellunopress.it\/fr\/author\/redazione\/"}]}},"_links":{"self":[{"href":"https:\/\/www.bellunopress.it\/fr\/wp-json\/wp\/v2\/posts\/172004","targetHints":{"allow":["GET"]}}],"collection":[{"href":"https:\/\/www.bellunopress.it\/fr\/wp-json\/wp\/v2\/posts"}],"about":[{"href":"https:\/\/www.bellunopress.it\/fr\/wp-json\/wp\/v2\/types\/post"}],"author":[{"embeddable":true,"href":"https:\/\/www.bellunopress.it\/fr\/wp-json\/wp\/v2\/users\/2"}],"replies":[{"embeddable":true,"href":"https:\/\/www.bellunopress.it\/fr\/wp-json\/wp\/v2\/comments?post=172004"}],"version-history":[{"count":1,"href":"https:\/\/www.bellunopress.it\/fr\/wp-json\/wp\/v2\/posts\/172004\/revisions"}],"predecessor-version":[{"id":172006,"href":"https:\/\/www.bellunopress.it\/fr\/wp-json\/wp\/v2\/posts\/172004\/revisions\/172006"}],"wp:featuredmedia":[{"embeddable":true,"href":"https:\/\/www.bellunopress.it\/fr\/wp-json\/wp\/v2\/media\/172005"}],"wp:attachment":[{"href":"https:\/\/www.bellunopress.it\/fr\/wp-json\/wp\/v2\/media?parent=172004"}],"wp:term":[{"taxonomy":"category","embeddable":true,"href":"https:\/\/www.bellunopress.it\/fr\/wp-json\/wp\/v2\/categories?post=172004"},{"taxonomy":"post_tag","embeddable":true,"href":"https:\/\/www.bellunopress.it\/fr\/wp-json\/wp\/v2\/tags?post=172004"}],"curies":[{"name":"wp","href":"https:\/\/api.w.org\/{rel}","templated":true}]}}