{"id":171991,"date":"2026-07-17T13:13:16","date_gmt":"2026-07-17T11:13:16","guid":{"rendered":"https:\/\/www.bellunopress.it\/?p=171991"},"modified":"2026-07-17T13:13:16","modified_gmt":"2026-07-17T11:13:16","slug":"epta-di-limana-approvato-il-nuovo-contratto-integrativo-oltre-5-500-euro-di-valore-economico-e-nuove-tutele-per-i-lavoratori","status":"publish","type":"post","link":"https:\/\/www.bellunopress.it\/fr\/2026\/07\/17\/epta-di-limana-approvato-il-nuovo-contratto-integrativo-oltre-5-500-euro-di-valore-economico-e-nuove-tutele-per-i-lavoratori\/","title":{"rendered":"Epta di Limana, approvato il nuovo contratto integrativo: oltre 5.500 euro di valore economico e nuove tutele per i lavoratori"},"content":{"rendered":"<p>Ampio consenso dei lavoratori al nuovo contratto integrativo di Epta nello stabilimento di Limana. L&#8217;accordo, sottoscritto da azienda e sindacati, \u00e8 stato approvato dai lavoratori con il 90% dei voti favorevoli e introduce importanti novit\u00e0 economiche e normative, con nuove indennit\u00e0, maggiori tutele e un rafforzamento delle misure di welfare aziendale. Ottima l&#8217;affluenza alle urne nel corso delle votazioni che si sono svolte nella giornata di gioved\u00ec: un dipendente su due ha scelto di esprimersi. I votanti sono stati infatti 614, pari al 54,5% degli aventi diritto al voto; i s\u00ec all&#8217;accordo 554, i no 50, una scheda nulla e 9 bianche.<\/p>\n<p>Tra le principali innovazioni figura l&#8217;introduzione di una nuova indennit\u00e0 di livello intermedio di 50 euro tra le categorie C2 e C3, oltre a una specifica indennit\u00e0 mensile di 45 euro per i carrellisti, a riconoscimento della professionalit\u00e0 e delle responsabilit\u00e0 connesse alla mansione. L&#8217;accordo rafforza inoltre le tutele per i somministrati, prevedendo il riconoscimento dell&#8217;adeguato livello di inquadramento dopo 120 giorni continuativi nella stessa mansione, valorizzando cos\u00ec le competenze effettivamente maturate sul campo.<\/p>\n<p>Tra le novit\u00e0 pi\u00f9 significative c&#8217;\u00e8 anche il superamento del precedente premio di partecipazione, sostituito dal nuovo premio &#8220;benessere e continuit\u00e0&#8221;, del valore di 1.200 euro, riconosciuto a fronte della fruizione nell&#8217;anno di ferie e permessi maturati, con lo scopo di promuovere una migliore conciliazione tra tempi di vita e tempi di lavoro.<br \/>\nViene inoltre confermato il premio variabile di 2.850 euro, mentre lo storico premio mensile di 90 euro viene trasformato in un superminimo aziendale non assorbibile, riconosciuto a tutti i lavoratori gi\u00e0 in forza e maturato progressivamente dai nuovi assunti nell&#8217;arco di tre anni. Una scelta che consolida definitivamente un&#8217;importante voce retributiva, garantendone la permanenza anche in futuro.<\/p>\n<p>L&#8217;intesa introduce infine nuove misure di welfare aziendale: borse di studio fino a 1.000 euro per i figli dei dipendenti sulla base del merito scolastico, un bonus nascita di 500 euro e la stabilizzazione della polizza vita interamente finanziata dall&#8217;azienda per tutti i lavoratori.<\/p>\n<p>&#8220;\u00c8 stata una trattativa lunga e complessa, con momenti di duro confronto \u2013 commenta Matteo Caregnato, segretario della Fim Cisl Belluno Treviso \u2013. Il risultato raggiunto rappresenta un importante passo avanti perch\u00e9, oltre a consolidare quanto gi\u00e0 esisteva, introduce nuovi strumenti che valorizzano il benessere delle persone e la conciliazione tra vita privata e lavoro. Il nuovo premio &#8216;benessere e continuit\u00e0&#8217; va in questa direzione. Nel complesso abbiamo costruito un contratto integrativo che pu\u00f2 garantire ai lavoratori un valore economico superiore ai 5.500 euro rispetto a quanto previsto dal solo contratto nazionale. Si tratta, ad oggi, dell&#8217;integrativo economicamente pi\u00f9 consistente della provincia di Belluno, frutto di una contrattazione che ha saputo coniugare riconoscimento economico, welfare e valorizzazione delle professionalit\u00e0&#8221;.<\/p>\n<figure id=\"attachment_171993\" aria-describedby=\"caption-attachment-171993\" style=\"width: 500px\" class=\"wp-caption aligncenter\"><img loading=\"lazy\" decoding=\"async\" class=\"size-full wp-image-171993\" src=\"https:\/\/www.bellunopress.it\/wp-content\/uploads\/2026\/07\/Francesco-De-Dea.jpg\" alt=\"\" width=\"500\" height=\"350\" srcset=\"https:\/\/www.bellunopress.it\/wp-content\/uploads\/2026\/07\/Francesco-De-Dea.jpg 500w, https:\/\/www.bellunopress.it\/wp-content\/uploads\/2026\/07\/Francesco-De-Dea-150x105.jpg 150w, https:\/\/www.bellunopress.it\/wp-content\/uploads\/2026\/07\/Francesco-De-Dea-300x210.jpg 300w\" sizes=\"auto, (max-width: 500px) 100vw, 500px\" \/><figcaption id=\"caption-attachment-171993\" class=\"wp-caption-text\">Francesco De Dea, coordinatore della Rsu Fim Cisl nello stabilimento di Limana<\/figcaption><\/figure>\n<p>Soddisfatto anche Francesco De Dea, coordinatore della Rsu Fim Cisl nello stabilimento di Limana. &#8220;Uno degli aspetti pi\u00f9 importanti dell&#8217;accordo \u00e8 la trasformazione dello storico premio mensile in un superminimo non assorbibile. Significa consolidare definitivamente un beneficio economico che rester\u00e0 acquisito nel tempo, offrendo ai lavoratori una maggiore certezza retributiva. \u00c8 un risultato concreto che premia il lavoro svolto in questi anni dalla rappresentanza sindacale&#8221;.<\/p>","protected":false},"excerpt":{"rendered":"<p>Ampio consenso dei lavoratori al nuovo contratto integrativo di Epta nello stabilimento di Limana. L&#8217;accordo, sottoscritto da azienda e sindacati, \u00e8 stato approvato dai lavoratori con il 90% dei voti favorevoli e introduce importanti novit\u00e0 economiche e normative, con nuove indennit\u00e0, maggiori tutele e un rafforzamento delle misure di welfare aziendale. Ottima l&#8217;affluenza alle urne [&hellip;]<\/p>\n","protected":false},"author":2,"featured_media":171992,"comment_status":"closed","ping_status":"open","sticky":false,"template":"","format":"standard","meta":{"footnotes":""},"categories":[36],"tags":[],"class_list":["post-171991","post","type-post","status-publish","format-standard","has-post-thumbnail","category-lavoro-economia"],"yoast_head":"<!-- This site is optimized with the Yoast SEO plugin v28.4 - https:\/\/yoast.com\/product\/yoast-seo-wordpress\/ -->\n<title>Epta di Limana, approvato il nuovo contratto integrativo: oltre 5.500 euro di valore economico e nuove tutele per i lavoratori - Bellunopress - Dolomiti<\/title>\n<meta name=\"robots\" content=\"index, follow, max-snippet:-1, max-image-preview:large, max-video-preview:-1\" \/>\n<link rel=\"canonical\" href=\"https:\/\/www.bellunopress.it\/fr\/2026\/07\/17\/epta-di-limana-approvato-il-nuovo-contratto-integrativo-oltre-5-500-euro-di-valore-economico-e-nuove-tutele-per-i-lavoratori\/\" \/>\n<meta property=\"og:locale\" content=\"fr_FR\" \/>\n<meta property=\"og:type\" content=\"article\" \/>\n<meta property=\"og:title\" content=\"Epta di Limana, approvato il nuovo contratto integrativo: oltre 5.500 euro di valore economico e nuove tutele per i lavoratori - Bellunopress - Dolomiti\" \/>\n<meta property=\"og:description\" content=\"Ampio consenso dei lavoratori al nuovo contratto integrativo di Epta nello stabilimento di Limana. L&#8217;accordo, sottoscritto da azienda e sindacati, \u00e8 stato approvato dai lavoratori con il 90% dei voti favorevoli e introduce importanti novit\u00e0 economiche e normative, con nuove indennit\u00e0, maggiori tutele e un rafforzamento delle misure di welfare aziendale. Ottima l&#8217;affluenza alle urne [&hellip;]\" \/>\n<meta property=\"og:url\" content=\"https:\/\/www.bellunopress.it\/fr\/2026\/07\/17\/epta-di-limana-approvato-il-nuovo-contratto-integrativo-oltre-5-500-euro-di-valore-economico-e-nuove-tutele-per-i-lavoratori\/\" \/>\n<meta property=\"og:site_name\" content=\"Bellunopress - Dolomiti\" \/>\n<meta property=\"article:publisher\" content=\"https:\/\/www.facebook.com\/profile.php?id=100008943462799\" \/>\n<meta property=\"article:published_time\" content=\"2026-07-17T11:13:16+00:00\" \/>\n<meta property=\"og:image\" content=\"https:\/\/www.bellunopress.it\/wp-content\/uploads\/2026\/07\/Matteo-Caregnato-2026.jpg\" \/>\n\t<meta property=\"og:image:width\" content=\"500\" \/>\n\t<meta property=\"og:image:height\" content=\"394\" \/>\n\t<meta property=\"og:image:type\" content=\"image\/jpeg\" \/>\n<meta name=\"author\" content=\"redazione\" \/>\n<meta name=\"twitter:card\" content=\"summary_large_image\" \/>\n<meta name=\"twitter:creator\" content=\"@bellunopress\" \/>\n<meta name=\"twitter:site\" content=\"@bellunopress\" \/>\n<meta name=\"twitter:label1\" content=\"\u00c9crit par\" \/>\n\t<meta name=\"twitter:data1\" content=\"redazione\" \/>\n\t<meta name=\"twitter:label2\" content=\"Dur\u00e9e de lecture estim\u00e9e\" \/>\n\t<meta name=\"twitter:data2\" content=\"4 minutes\" \/>\n<script type=\"application\/ld+json\" class=\"yoast-schema-graph\">{\"@context\":\"https:\\\/\\\/schema.org\",\"@graph\":[{\"@type\":\"Article\",\"@id\":\"https:\\\/\\\/www.bellunopress.it\\\/2026\\\/07\\\/17\\\/epta-di-limana-approvato-il-nuovo-contratto-integrativo-oltre-5-500-euro-di-valore-economico-e-nuove-tutele-per-i-lavoratori\\\/#article\",\"isPartOf\":{\"@id\":\"https:\\\/\\\/www.bellunopress.it\\\/2026\\\/07\\\/17\\\/epta-di-limana-approvato-il-nuovo-contratto-integrativo-oltre-5-500-euro-di-valore-economico-e-nuove-tutele-per-i-lavoratori\\\/\"},\"author\":{\"name\":\"redazione\",\"@id\":\"https:\\\/\\\/www.bellunopress.it\\\/#\\\/schema\\\/person\\\/79bb06722b37ece1c03d3e94beb30d73\"},\"headline\":\"Epta di Limana, approvato il nuovo contratto integrativo: oltre 5.500 euro di valore economico e nuove tutele per i lavoratori\",\"datePublished\":\"2026-07-17T11:13:16+00:00\",\"mainEntityOfPage\":{\"@id\":\"https:\\\/\\\/www.bellunopress.it\\\/2026\\\/07\\\/17\\\/epta-di-limana-approvato-il-nuovo-contratto-integrativo-oltre-5-500-euro-di-valore-economico-e-nuove-tutele-per-i-lavoratori\\\/\"},\"wordCount\":544,\"publisher\":{\"@id\":\"https:\\\/\\\/www.bellunopress.it\\\/#organization\"},\"image\":{\"@id\":\"https:\\\/\\\/www.bellunopress.it\\\/2026\\\/07\\\/17\\\/epta-di-limana-approvato-il-nuovo-contratto-integrativo-oltre-5-500-euro-di-valore-economico-e-nuove-tutele-per-i-lavoratori\\\/#primaryimage\"},\"thumbnailUrl\":\"https:\\\/\\\/www.bellunopress.it\\\/wp-content\\\/uploads\\\/2026\\\/07\\\/Matteo-Caregnato-2026.jpg\",\"articleSection\":[\"Lavoro, Economia, Turismo\"],\"inLanguage\":\"fr-FR\"},{\"@type\":\"WebPage\",\"@id\":\"https:\\\/\\\/www.bellunopress.it\\\/2026\\\/07\\\/17\\\/epta-di-limana-approvato-il-nuovo-contratto-integrativo-oltre-5-500-euro-di-valore-economico-e-nuove-tutele-per-i-lavoratori\\\/\",\"url\":\"https:\\\/\\\/www.bellunopress.it\\\/2026\\\/07\\\/17\\\/epta-di-limana-approvato-il-nuovo-contratto-integrativo-oltre-5-500-euro-di-valore-economico-e-nuove-tutele-per-i-lavoratori\\\/\",\"name\":\"Epta di Limana, approvato il nuovo contratto integrativo: oltre 5.500 euro di valore economico e nuove tutele per i lavoratori - Bellunopress - Dolomiti\",\"isPartOf\":{\"@id\":\"https:\\\/\\\/www.bellunopress.it\\\/#website\"},\"primaryImageOfPage\":{\"@id\":\"https:\\\/\\\/www.bellunopress.it\\\/2026\\\/07\\\/17\\\/epta-di-limana-approvato-il-nuovo-contratto-integrativo-oltre-5-500-euro-di-valore-economico-e-nuove-tutele-per-i-lavoratori\\\/#primaryimage\"},\"image\":{\"@id\":\"https:\\\/\\\/www.bellunopress.it\\\/2026\\\/07\\\/17\\\/epta-di-limana-approvato-il-nuovo-contratto-integrativo-oltre-5-500-euro-di-valore-economico-e-nuove-tutele-per-i-lavoratori\\\/#primaryimage\"},\"thumbnailUrl\":\"https:\\\/\\\/www.bellunopress.it\\\/wp-content\\\/uploads\\\/2026\\\/07\\\/Matteo-Caregnato-2026.jpg\",\"datePublished\":\"2026-07-17T11:13:16+00:00\",\"breadcrumb\":{\"@id\":\"https:\\\/\\\/www.bellunopress.it\\\/2026\\\/07\\\/17\\\/epta-di-limana-approvato-il-nuovo-contratto-integrativo-oltre-5-500-euro-di-valore-economico-e-nuove-tutele-per-i-lavoratori\\\/#breadcrumb\"},\"inLanguage\":\"fr-FR\",\"potentialAction\":[{\"@type\":\"ReadAction\",\"target\":[\"https:\\\/\\\/www.bellunopress.it\\\/2026\\\/07\\\/17\\\/epta-di-limana-approvato-il-nuovo-contratto-integrativo-oltre-5-500-euro-di-valore-economico-e-nuove-tutele-per-i-lavoratori\\\/\"]}]},{\"@type\":\"ImageObject\",\"inLanguage\":\"fr-FR\",\"@id\":\"https:\\\/\\\/www.bellunopress.it\\\/2026\\\/07\\\/17\\\/epta-di-limana-approvato-il-nuovo-contratto-integrativo-oltre-5-500-euro-di-valore-economico-e-nuove-tutele-per-i-lavoratori\\\/#primaryimage\",\"url\":\"https:\\\/\\\/www.bellunopress.it\\\/wp-content\\\/uploads\\\/2026\\\/07\\\/Matteo-Caregnato-2026.jpg\",\"contentUrl\":\"https:\\\/\\\/www.bellunopress.it\\\/wp-content\\\/uploads\\\/2026\\\/07\\\/Matteo-Caregnato-2026.jpg\",\"width\":500,\"height\":394,\"caption\":\"Matteo Caregnato, segretario della Fim Cisl Belluno Treviso\"},{\"@type\":\"BreadcrumbList\",\"@id\":\"https:\\\/\\\/www.bellunopress.it\\\/2026\\\/07\\\/17\\\/epta-di-limana-approvato-il-nuovo-contratto-integrativo-oltre-5-500-euro-di-valore-economico-e-nuove-tutele-per-i-lavoratori\\\/#breadcrumb\",\"itemListElement\":[{\"@type\":\"ListItem\",\"position\":1,\"name\":\"Home\",\"item\":\"https:\\\/\\\/www.bellunopress.it\\\/\"},{\"@type\":\"ListItem\",\"position\":2,\"name\":\"Epta di Limana, approvato il nuovo contratto integrativo: oltre 5.500 euro di valore economico e nuove tutele per i lavoratori\"}]},{\"@type\":\"WebSite\",\"@id\":\"https:\\\/\\\/www.bellunopress.it\\\/#website\",\"url\":\"https:\\\/\\\/www.bellunopress.it\\\/\",\"name\":\"Bellunopress - Dolomiti\",\"description\":\"e-mail: redazione@bellunopress.it\",\"publisher\":{\"@id\":\"https:\\\/\\\/www.bellunopress.it\\\/#organization\"},\"potentialAction\":[{\"@type\":\"SearchAction\",\"target\":{\"@type\":\"EntryPoint\",\"urlTemplate\":\"https:\\\/\\\/www.bellunopress.it\\\/?s={search_term_string}\"},\"query-input\":{\"@type\":\"PropertyValueSpecification\",\"valueRequired\":true,\"valueName\":\"search_term_string\"}}],\"inLanguage\":\"fr-FR\"},{\"@type\":\"Organization\",\"@id\":\"https:\\\/\\\/www.bellunopress.it\\\/#organization\",\"name\":\"Bellunopress\",\"url\":\"https:\\\/\\\/www.bellunopress.it\\\/\",\"logo\":{\"@type\":\"ImageObject\",\"inLanguage\":\"fr-FR\",\"@id\":\"https:\\\/\\\/www.bellunopress.it\\\/#\\\/schema\\\/logo\\\/image\\\/\",\"url\":\"https:\\\/\\\/www.bellunopress.it\\\/wp-content\\\/uploads\\\/2011\\\/05\\\/cropped-logo-bellunopress-.jpg\",\"contentUrl\":\"https:\\\/\\\/www.bellunopress.it\\\/wp-content\\\/uploads\\\/2011\\\/05\\\/cropped-logo-bellunopress-.jpg\",\"width\":512,\"height\":512,\"caption\":\"Bellunopress\"},\"image\":{\"@id\":\"https:\\\/\\\/www.bellunopress.it\\\/#\\\/schema\\\/logo\\\/image\\\/\"},\"sameAs\":[\"https:\\\/\\\/www.facebook.com\\\/profile.php?id=100008943462799\",\"https:\\\/\\\/x.com\\\/bellunopress\",\"https:\\\/\\\/www.linkedin.com\\\/hp\\\/?dnr=JBzUWaJfMUw8vbXJJ2tVW5-I3jZKvC4wsoxE&amp;amp;amp;amp;amp;amp;trk=nav_responsive_tab_home\",\"https:\\\/\\\/www.youtube.com\\\/channel\\\/UCxL0wu1uN0_3_7hGG0306cw\"]},{\"@type\":\"Person\",\"@id\":\"https:\\\/\\\/www.bellunopress.it\\\/#\\\/schema\\\/person\\\/79bb06722b37ece1c03d3e94beb30d73\",\"name\":\"redazione\",\"image\":{\"@type\":\"ImageObject\",\"inLanguage\":\"fr-FR\",\"@id\":\"https:\\\/\\\/secure.gravatar.com\\\/avatar\\\/37d968a2e67a6fd04c169c4bdef102d0bc5d31b2546345219e348575eb80e9a0?s=96&d=mm&r=g\",\"url\":\"https:\\\/\\\/secure.gravatar.com\\\/avatar\\\/37d968a2e67a6fd04c169c4bdef102d0bc5d31b2546345219e348575eb80e9a0?s=96&d=mm&r=g\",\"contentUrl\":\"https:\\\/\\\/secure.gravatar.com\\\/avatar\\\/37d968a2e67a6fd04c169c4bdef102d0bc5d31b2546345219e348575eb80e9a0?s=96&d=mm&r=g\",\"caption\":\"redazione\"},\"sameAs\":[\"http:\\\/\\\/www.bellunopress.it\",\"https:\\\/\\\/x.com\\\/bellunopress\"],\"url\":\"https:\\\/\\\/www.bellunopress.it\\\/fr\\\/author\\\/redazione\\\/\"}]}<\/script>\n<!-- \/ Yoast SEO plugin. -->","yoast_head_json":{"title":"Epta di Limana, approvato il nuovo contratto integrativo: oltre 5.500 euro di valore economico e nuove tutele per i lavoratori - Bellunopress - Dolomiti","robots":{"index":"index","follow":"follow","max-snippet":"max-snippet:-1","max-image-preview":"max-image-preview:large","max-video-preview":"max-video-preview:-1"},"canonical":"https:\/\/www.bellunopress.it\/fr\/2026\/07\/17\/epta-di-limana-approvato-il-nuovo-contratto-integrativo-oltre-5-500-euro-di-valore-economico-e-nuove-tutele-per-i-lavoratori\/","og_locale":"fr_FR","og_type":"article","og_title":"Epta di Limana, approvato il nuovo contratto integrativo: oltre 5.500 euro di valore economico e nuove tutele per i lavoratori - Bellunopress - Dolomiti","og_description":"Ampio consenso dei lavoratori al nuovo contratto integrativo di Epta nello stabilimento di Limana. L&#8217;accordo, sottoscritto da azienda e sindacati, \u00e8 stato approvato dai lavoratori con il 90% dei voti favorevoli e introduce importanti novit\u00e0 economiche e normative, con nuove indennit\u00e0, maggiori tutele e un rafforzamento delle misure di welfare aziendale. Ottima l&#8217;affluenza alle urne [&hellip;]","og_url":"https:\/\/www.bellunopress.it\/fr\/2026\/07\/17\/epta-di-limana-approvato-il-nuovo-contratto-integrativo-oltre-5-500-euro-di-valore-economico-e-nuove-tutele-per-i-lavoratori\/","og_site_name":"Bellunopress - Dolomiti","article_publisher":"https:\/\/www.facebook.com\/profile.php?id=100008943462799","article_published_time":"2026-07-17T11:13:16+00:00","og_image":[{"width":500,"height":394,"url":"https:\/\/www.bellunopress.it\/wp-content\/uploads\/2026\/07\/Matteo-Caregnato-2026.jpg","type":"image\/jpeg"}],"author":"redazione","twitter_card":"summary_large_image","twitter_creator":"@bellunopress","twitter_site":"@bellunopress","twitter_misc":{"\u00c9crit par":"redazione","Dur\u00e9e de lecture estim\u00e9e":"4 minutes"},"schema":{"@context":"https:\/\/schema.org","@graph":[{"@type":"Article","@id":"https:\/\/www.bellunopress.it\/2026\/07\/17\/epta-di-limana-approvato-il-nuovo-contratto-integrativo-oltre-5-500-euro-di-valore-economico-e-nuove-tutele-per-i-lavoratori\/#article","isPartOf":{"@id":"https:\/\/www.bellunopress.it\/2026\/07\/17\/epta-di-limana-approvato-il-nuovo-contratto-integrativo-oltre-5-500-euro-di-valore-economico-e-nuove-tutele-per-i-lavoratori\/"},"author":{"name":"redazione","@id":"https:\/\/www.bellunopress.it\/#\/schema\/person\/79bb06722b37ece1c03d3e94beb30d73"},"headline":"Epta di Limana, approvato il nuovo contratto integrativo: oltre 5.500 euro di valore economico e nuove tutele per i lavoratori","datePublished":"2026-07-17T11:13:16+00:00","mainEntityOfPage":{"@id":"https:\/\/www.bellunopress.it\/2026\/07\/17\/epta-di-limana-approvato-il-nuovo-contratto-integrativo-oltre-5-500-euro-di-valore-economico-e-nuove-tutele-per-i-lavoratori\/"},"wordCount":544,"publisher":{"@id":"https:\/\/www.bellunopress.it\/#organization"},"image":{"@id":"https:\/\/www.bellunopress.it\/2026\/07\/17\/epta-di-limana-approvato-il-nuovo-contratto-integrativo-oltre-5-500-euro-di-valore-economico-e-nuove-tutele-per-i-lavoratori\/#primaryimage"},"thumbnailUrl":"https:\/\/www.bellunopress.it\/wp-content\/uploads\/2026\/07\/Matteo-Caregnato-2026.jpg","articleSection":["Lavoro, Economia, Turismo"],"inLanguage":"fr-FR"},{"@type":"WebPage","@id":"https:\/\/www.bellunopress.it\/2026\/07\/17\/epta-di-limana-approvato-il-nuovo-contratto-integrativo-oltre-5-500-euro-di-valore-economico-e-nuove-tutele-per-i-lavoratori\/","url":"https:\/\/www.bellunopress.it\/2026\/07\/17\/epta-di-limana-approvato-il-nuovo-contratto-integrativo-oltre-5-500-euro-di-valore-economico-e-nuove-tutele-per-i-lavoratori\/","name":"Epta di Limana, approvato il nuovo contratto integrativo: oltre 5.500 euro di valore economico e nuove tutele per i lavoratori - Bellunopress - Dolomiti","isPartOf":{"@id":"https:\/\/www.bellunopress.it\/#website"},"primaryImageOfPage":{"@id":"https:\/\/www.bellunopress.it\/2026\/07\/17\/epta-di-limana-approvato-il-nuovo-contratto-integrativo-oltre-5-500-euro-di-valore-economico-e-nuove-tutele-per-i-lavoratori\/#primaryimage"},"image":{"@id":"https:\/\/www.bellunopress.it\/2026\/07\/17\/epta-di-limana-approvato-il-nuovo-contratto-integrativo-oltre-5-500-euro-di-valore-economico-e-nuove-tutele-per-i-lavoratori\/#primaryimage"},"thumbnailUrl":"https:\/\/www.bellunopress.it\/wp-content\/uploads\/2026\/07\/Matteo-Caregnato-2026.jpg","datePublished":"2026-07-17T11:13:16+00:00","breadcrumb":{"@id":"https:\/\/www.bellunopress.it\/2026\/07\/17\/epta-di-limana-approvato-il-nuovo-contratto-integrativo-oltre-5-500-euro-di-valore-economico-e-nuove-tutele-per-i-lavoratori\/#breadcrumb"},"inLanguage":"fr-FR","potentialAction":[{"@type":"ReadAction","target":["https:\/\/www.bellunopress.it\/2026\/07\/17\/epta-di-limana-approvato-il-nuovo-contratto-integrativo-oltre-5-500-euro-di-valore-economico-e-nuove-tutele-per-i-lavoratori\/"]}]},{"@type":"ImageObject","inLanguage":"fr-FR","@id":"https:\/\/www.bellunopress.it\/2026\/07\/17\/epta-di-limana-approvato-il-nuovo-contratto-integrativo-oltre-5-500-euro-di-valore-economico-e-nuove-tutele-per-i-lavoratori\/#primaryimage","url":"https:\/\/www.bellunopress.it\/wp-content\/uploads\/2026\/07\/Matteo-Caregnato-2026.jpg","contentUrl":"https:\/\/www.bellunopress.it\/wp-content\/uploads\/2026\/07\/Matteo-Caregnato-2026.jpg","width":500,"height":394,"caption":"Matteo Caregnato, segretario della Fim Cisl Belluno Treviso"},{"@type":"BreadcrumbList","@id":"https:\/\/www.bellunopress.it\/2026\/07\/17\/epta-di-limana-approvato-il-nuovo-contratto-integrativo-oltre-5-500-euro-di-valore-economico-e-nuove-tutele-per-i-lavoratori\/#breadcrumb","itemListElement":[{"@type":"ListItem","position":1,"name":"Home","item":"https:\/\/www.bellunopress.it\/"},{"@type":"ListItem","position":2,"name":"Epta di Limana, approvato il nuovo contratto integrativo: oltre 5.500 euro di valore economico e nuove tutele per i lavoratori"}]},{"@type":"WebSite","@id":"https:\/\/www.bellunopress.it\/#website","url":"https:\/\/www.bellunopress.it\/","name":"Bellunopress - Dolomiti","description":"e-mail: redazione@bellunopress.it","publisher":{"@id":"https:\/\/www.bellunopress.it\/#organization"},"potentialAction":[{"@type":"SearchAction","target":{"@type":"EntryPoint","urlTemplate":"https:\/\/www.bellunopress.it\/?s={search_term_string}"},"query-input":{"@type":"PropertyValueSpecification","valueRequired":true,"valueName":"search_term_string"}}],"inLanguage":"fr-FR"},{"@type":"Organization","@id":"https:\/\/www.bellunopress.it\/#organization","name":"Bellunopress","url":"https:\/\/www.bellunopress.it\/","logo":{"@type":"ImageObject","inLanguage":"fr-FR","@id":"https:\/\/www.bellunopress.it\/#\/schema\/logo\/image\/","url":"https:\/\/www.bellunopress.it\/wp-content\/uploads\/2011\/05\/cropped-logo-bellunopress-.jpg","contentUrl":"https:\/\/www.bellunopress.it\/wp-content\/uploads\/2011\/05\/cropped-logo-bellunopress-.jpg","width":512,"height":512,"caption":"Bellunopress"},"image":{"@id":"https:\/\/www.bellunopress.it\/#\/schema\/logo\/image\/"},"sameAs":["https:\/\/www.facebook.com\/profile.php?id=100008943462799","https:\/\/x.com\/bellunopress","https:\/\/www.linkedin.com\/hp\/?dnr=JBzUWaJfMUw8vbXJJ2tVW5-I3jZKvC4wsoxE&amp;amp;amp;amp;amp;amp;trk=nav_responsive_tab_home","https:\/\/www.youtube.com\/channel\/UCxL0wu1uN0_3_7hGG0306cw"]},{"@type":"Person","@id":"https:\/\/www.bellunopress.it\/#\/schema\/person\/79bb06722b37ece1c03d3e94beb30d73","name":"r\u00e9daction","image":{"@type":"ImageObject","inLanguage":"fr-FR","@id":"https:\/\/secure.gravatar.com\/avatar\/37d968a2e67a6fd04c169c4bdef102d0bc5d31b2546345219e348575eb80e9a0?s=96&d=mm&r=g","url":"https:\/\/secure.gravatar.com\/avatar\/37d968a2e67a6fd04c169c4bdef102d0bc5d31b2546345219e348575eb80e9a0?s=96&d=mm&r=g","contentUrl":"https:\/\/secure.gravatar.com\/avatar\/37d968a2e67a6fd04c169c4bdef102d0bc5d31b2546345219e348575eb80e9a0?s=96&d=mm&r=g","caption":"redazione"},"sameAs":["http:\/\/www.bellunopress.it","https:\/\/x.com\/bellunopress"],"url":"https:\/\/www.bellunopress.it\/fr\/author\/redazione\/"}]}},"_links":{"self":[{"href":"https:\/\/www.bellunopress.it\/fr\/wp-json\/wp\/v2\/posts\/171991","targetHints":{"allow":["GET"]}}],"collection":[{"href":"https:\/\/www.bellunopress.it\/fr\/wp-json\/wp\/v2\/posts"}],"about":[{"href":"https:\/\/www.bellunopress.it\/fr\/wp-json\/wp\/v2\/types\/post"}],"author":[{"embeddable":true,"href":"https:\/\/www.bellunopress.it\/fr\/wp-json\/wp\/v2\/users\/2"}],"replies":[{"embeddable":true,"href":"https:\/\/www.bellunopress.it\/fr\/wp-json\/wp\/v2\/comments?post=171991"}],"version-history":[{"count":1,"href":"https:\/\/www.bellunopress.it\/fr\/wp-json\/wp\/v2\/posts\/171991\/revisions"}],"predecessor-version":[{"id":171994,"href":"https:\/\/www.bellunopress.it\/fr\/wp-json\/wp\/v2\/posts\/171991\/revisions\/171994"}],"wp:featuredmedia":[{"embeddable":true,"href":"https:\/\/www.bellunopress.it\/fr\/wp-json\/wp\/v2\/media\/171992"}],"wp:attachment":[{"href":"https:\/\/www.bellunopress.it\/fr\/wp-json\/wp\/v2\/media?parent=171991"}],"wp:term":[{"taxonomy":"category","embeddable":true,"href":"https:\/\/www.bellunopress.it\/fr\/wp-json\/wp\/v2\/categories?post=171991"},{"taxonomy":"post_tag","embeddable":true,"href":"https:\/\/www.bellunopress.it\/fr\/wp-json\/wp\/v2\/tags?post=171991"}],"curies":[{"name":"wp","href":"https:\/\/api.w.org\/{rel}","templated":true}]}}