{"id":171988,"date":"2026-07-17T11:40:52","date_gmt":"2026-07-17T09:40:52","guid":{"rendered":"https:\/\/www.bellunopress.it\/?p=171988"},"modified":"2026-07-17T14:28:22","modified_gmt":"2026-07-17T12:28:22","slug":"leredita-ritrovata-di-adelasia-a-fonzaso-il-ritorno-delle-donne-della-famiglia-argenta-per-onorare-la-levatrice-del-paese","status":"publish","type":"post","link":"https:\/\/www.bellunopress.it\/fr\/2026\/07\/17\/leredita-ritrovata-di-adelasia-a-fonzaso-il-ritorno-delle-donne-della-famiglia-argenta-per-onorare-la-levatrice-del-paese\/","title":{"rendered":"L\u2019eredit\u00e0 ritrovata di Adelasia: a Fonzaso il ritorno delle donne della famiglia Argenta per onorare la \u201clevatrice del paese\u201d"},"content":{"rendered":"<p data-path-to-node=\"3\"><strong>Venerd\u00ec 25 luglio, Jennifer Anton presenter\u00e0 il suo romanzo <i data-path-to-node=\"14\" data-index-in-node=\"97\">Sotto la luce della luna italiana<\/i> nella Libreria Agor\u00e0 di Feltre, dalle ore 18:00 alle 19:00<\/strong><\/p>\n<p data-path-to-node=\"3\">Feltre, 17\/07\/2026 \u2013 A distanza di quasi novant\u2019anni dalla sua scomparsa, il nome di Adelasia Dalla Santa Argenta torna a risuonare tra le montagne di Fonzaso. Una figura storica, quella dell\u2019ostetrica che per anni ha fatto nascere intere generazioni di fonzasini, la cui vita fu spezzata da un\u2019ingiustizia profonda durante gli anni bui del regime fascista. Ora, il 25 e 26 luglio, la sua eredit\u00e0 sar\u00e0 celebrata da una numerosa delegazione di discendenti, giunte da ogni parte del mondo per ricongiungersi con le proprie radici.<\/p>\n<p data-path-to-node=\"5\">Nata a Zorzoi di Sovramonte e formatasi a Padova su indicazione del parroco, Adelasia fu una pioniera: donna forte in un mondo dominato dagli uomini, percorse chilometri a piedi tra le valli feltrine per assistere le partorienti, sfidando i pericoli della Prima guerra mondiale. La tradizione familiare tramanda una frase emblematica della sua fede e del suo coraggio: quando, durante la Grande Guerra, un medico le chiese se fosse armata, lei rispose indicando la sua croce: <i data-path-to-node=\"5\" data-index-in-node=\"466\">&#8220;No. Ho la mia croce&#8221;<\/i>.<\/p>\n<p data-path-to-node=\"7\">La sua dedizione si scontr\u00f2 con le rigide e oppressive leggi del regime fascista, che miravano a un controllo totale sulla maternit\u00e0 e sulle professioni sanitarie. Nel 1937, in seguito alla morte di una partoriente \u2014 nonostante Adelasia avesse tempestivamente avvertito la famiglia della necessit\u00e0 di un intervento medico superiore alle sue possibilit\u00e0 \u2014 l\u2019ostetrica fu ingiustamente indagata e sospesa dal servizio. Il dolore per il disonore subito e l\u2019impossibilit\u00e0 di esercitare la sua missione portarono la donna al declino fisico e alla morte, avvenuta quello stesso anno.<\/p>\n<h3 data-path-to-node=\"8\">Un filo rosso tra Fonzaso e l\u2019Illinois<\/h3>\n<p data-path-to-node=\"9\">La storia di Adelasia, per\u00f2, non si \u00e8 fermata nel 1937. \u00c8 riemersa decenni dopo grazie alla ricerca della trisnipote, la scrittrice Jennifer Anton. Partendo dai racconti frammentari della nonna \u2014 che portava il nome di Adelasia (\u201cLasietta\u201d) \u2014 e ricostruendo l&#8217;epopea familiare che ha portato gli Argenta a emigrare negli Stati Uniti nel 1947, Jennifer ha scritto il romanzo <i data-path-to-node=\"9\" data-index-in-node=\"374\">Sotto la luce della luna italiana<\/i>.<\/p>\n<p data-path-to-node=\"10\">Il libro, ora disponibile anche in Italia, non \u00e8 solo la cronaca di una saga familiare, ma il ritratto di una stirpe di donne capaci di resistere a guerre, dittature e all\u2019esilio, mantenendo vivo il ricordo di chi le ha precedute.<\/p>\n<p data-path-to-node=\"12\">Il 26 luglio, in occasione della Festa di Sant&#8217;Anna, si terr\u00e0 un momento di grande impatto emotivo: davanti all&#8217;altare di Fonzaso, dove il nome di Adelasia \u00e8 inciso come prima dedica, le sue discendenti si riuniranno in un commovente omaggio. Da Joliet (Illinois) arriver\u00e0 Nancy Manzi Anton (pronipote), affiancata da altre discendenti residenti tra Fonzaso, Torino, Londra e Seren del Grappa, unite dalla volont\u00e0 di onorare una donna che la storia ha cercato di cancellare, ma che l&#8217;amore della sua famiglia ha restituito alla memoria collettiva.<\/p>\n<h3 data-path-to-node=\"13\">Appuntamento a Feltre<\/h3>\n<p data-path-to-node=\"14\">In attesa della cerimonia a Fonzaso, venerd\u00ec 25 luglio, Jennifer Anton presenter\u00e0 il suo romanzo <i data-path-to-node=\"14\" data-index-in-node=\"97\">Sotto la luce della luna italiana<\/i> presso la Libreria Agor\u00e0 di Feltre, dalle ore 18:00 alle 19:00. Sar\u00e0 l\u2019occasione per scoprire i retroscena di una ricerca che ha attraversato l&#8217;oceano per ricucire, pagina dopo pagina, lo strappo provocato dal tempo e dall&#8217;ingiustizia.<\/p>","protected":false},"excerpt":{"rendered":"<p>Venerd\u00ec 25 luglio, Jennifer Anton presenter\u00e0 il suo romanzo Sotto la luce della luna italiana nella Libreria Agor\u00e0 di Feltre, dalle ore 18:00 alle 19:00 Feltre, 17\/07\/2026 \u2013 A distanza di quasi novant\u2019anni dalla sua scomparsa, il nome di Adelasia Dalla Santa Argenta torna a risuonare tra le montagne di Fonzaso. Una figura storica, quella [&hellip;]<\/p>\n","protected":false},"author":2,"featured_media":171989,"comment_status":"closed","ping_status":"open","sticky":false,"template":"","format":"standard","meta":{"footnotes":""},"categories":[27,3,25],"tags":[],"class_list":["post-171988","post","type-post","status-publish","format-standard","has-post-thumbnail","category-appuntamenti","category-arte-cultura-spettacoli-scienza-archivi","category-pausa-caffe"],"yoast_head":"<!-- This site is optimized with the Yoast SEO plugin v28.4 - https:\/\/yoast.com\/product\/yoast-seo-wordpress\/ -->\n<title>L\u2019eredit\u00e0 ritrovata di Adelasia: a Fonzaso il ritorno delle donne della famiglia Argenta per onorare la \u201clevatrice del paese\u201d - Bellunopress - Dolomiti<\/title>\n<meta name=\"robots\" content=\"index, follow, max-snippet:-1, max-image-preview:large, max-video-preview:-1\" \/>\n<link rel=\"canonical\" href=\"https:\/\/www.bellunopress.it\/fr\/2026\/07\/17\/leredita-ritrovata-di-adelasia-a-fonzaso-il-ritorno-delle-donne-della-famiglia-argenta-per-onorare-la-levatrice-del-paese\/\" \/>\n<meta property=\"og:locale\" content=\"fr_FR\" \/>\n<meta property=\"og:type\" content=\"article\" \/>\n<meta property=\"og:title\" content=\"L\u2019eredit\u00e0 ritrovata di Adelasia: a Fonzaso il ritorno delle donne della famiglia Argenta per onorare la \u201clevatrice del paese\u201d - Bellunopress - Dolomiti\" \/>\n<meta property=\"og:description\" content=\"Venerd\u00ec 25 luglio, Jennifer Anton presenter\u00e0 il suo romanzo Sotto la luce della luna italiana nella Libreria Agor\u00e0 di Feltre, dalle ore 18:00 alle 19:00 Feltre, 17\/07\/2026 \u2013 A distanza di quasi novant\u2019anni dalla sua scomparsa, il nome di Adelasia Dalla Santa Argenta torna a risuonare tra le montagne di Fonzaso. Una figura storica, quella [&hellip;]\" \/>\n<meta property=\"og:url\" content=\"https:\/\/www.bellunopress.it\/fr\/2026\/07\/17\/leredita-ritrovata-di-adelasia-a-fonzaso-il-ritorno-delle-donne-della-famiglia-argenta-per-onorare-la-levatrice-del-paese\/\" \/>\n<meta property=\"og:site_name\" content=\"Bellunopress - Dolomiti\" \/>\n<meta property=\"article:publisher\" content=\"https:\/\/www.facebook.com\/profile.php?id=100008943462799\" \/>\n<meta property=\"article:published_time\" content=\"2026-07-17T09:40:52+00:00\" \/>\n<meta property=\"article:modified_time\" content=\"2026-07-17T12:28:22+00:00\" \/>\n<meta property=\"og:image\" content=\"https:\/\/www.bellunopress.it\/wp-content\/uploads\/2026\/07\/Sotto-la-luce-della-luna.jpg\" \/>\n\t<meta property=\"og:image:width\" content=\"311\" \/>\n\t<meta property=\"og:image:height\" content=\"500\" \/>\n\t<meta property=\"og:image:type\" content=\"image\/jpeg\" \/>\n<meta name=\"author\" content=\"redazione\" \/>\n<meta name=\"twitter:card\" content=\"summary_large_image\" \/>\n<meta name=\"twitter:creator\" content=\"@bellunopress\" \/>\n<meta name=\"twitter:site\" content=\"@bellunopress\" \/>\n<meta name=\"twitter:label1\" content=\"\u00c9crit par\" \/>\n\t<meta name=\"twitter:data1\" content=\"redazione\" \/>\n\t<meta name=\"twitter:label2\" content=\"Dur\u00e9e de lecture estim\u00e9e\" \/>\n\t<meta name=\"twitter:data2\" content=\"4 minutes\" \/>\n<script type=\"application\/ld+json\" class=\"yoast-schema-graph\">{\"@context\":\"https:\\\/\\\/schema.org\",\"@graph\":[{\"@type\":\"Article\",\"@id\":\"https:\\\/\\\/www.bellunopress.it\\\/2026\\\/07\\\/17\\\/leredita-ritrovata-di-adelasia-a-fonzaso-il-ritorno-delle-donne-della-famiglia-argenta-per-onorare-la-levatrice-del-paese\\\/#article\",\"isPartOf\":{\"@id\":\"https:\\\/\\\/www.bellunopress.it\\\/2026\\\/07\\\/17\\\/leredita-ritrovata-di-adelasia-a-fonzaso-il-ritorno-delle-donne-della-famiglia-argenta-per-onorare-la-levatrice-del-paese\\\/\"},\"author\":{\"name\":\"redazione\",\"@id\":\"https:\\\/\\\/www.bellunopress.it\\\/#\\\/schema\\\/person\\\/79bb06722b37ece1c03d3e94beb30d73\"},\"headline\":\"L\u2019eredit\u00e0 ritrovata di Adelasia: a Fonzaso il ritorno delle donne della famiglia Argenta per onorare la \u201clevatrice del paese\u201d\",\"datePublished\":\"2026-07-17T09:40:52+00:00\",\"dateModified\":\"2026-07-17T12:28:22+00:00\",\"mainEntityOfPage\":{\"@id\":\"https:\\\/\\\/www.bellunopress.it\\\/2026\\\/07\\\/17\\\/leredita-ritrovata-di-adelasia-a-fonzaso-il-ritorno-delle-donne-della-famiglia-argenta-per-onorare-la-levatrice-del-paese\\\/\"},\"wordCount\":551,\"publisher\":{\"@id\":\"https:\\\/\\\/www.bellunopress.it\\\/#organization\"},\"image\":{\"@id\":\"https:\\\/\\\/www.bellunopress.it\\\/2026\\\/07\\\/17\\\/leredita-ritrovata-di-adelasia-a-fonzaso-il-ritorno-delle-donne-della-famiglia-argenta-per-onorare-la-levatrice-del-paese\\\/#primaryimage\"},\"thumbnailUrl\":\"https:\\\/\\\/www.bellunopress.it\\\/wp-content\\\/uploads\\\/2026\\\/07\\\/Sotto-la-luce-della-luna.jpg\",\"articleSection\":[\"Appuntamenti, Eventi\",\"Arte, Cultura, Spettacoli, Scienza\",\"Pausa Caff\u00e8\"],\"inLanguage\":\"fr-FR\"},{\"@type\":\"WebPage\",\"@id\":\"https:\\\/\\\/www.bellunopress.it\\\/2026\\\/07\\\/17\\\/leredita-ritrovata-di-adelasia-a-fonzaso-il-ritorno-delle-donne-della-famiglia-argenta-per-onorare-la-levatrice-del-paese\\\/\",\"url\":\"https:\\\/\\\/www.bellunopress.it\\\/2026\\\/07\\\/17\\\/leredita-ritrovata-di-adelasia-a-fonzaso-il-ritorno-delle-donne-della-famiglia-argenta-per-onorare-la-levatrice-del-paese\\\/\",\"name\":\"L\u2019eredit\u00e0 ritrovata di Adelasia: a Fonzaso il ritorno delle donne della famiglia Argenta per onorare la \u201clevatrice del paese\u201d - Bellunopress - Dolomiti\",\"isPartOf\":{\"@id\":\"https:\\\/\\\/www.bellunopress.it\\\/#website\"},\"primaryImageOfPage\":{\"@id\":\"https:\\\/\\\/www.bellunopress.it\\\/2026\\\/07\\\/17\\\/leredita-ritrovata-di-adelasia-a-fonzaso-il-ritorno-delle-donne-della-famiglia-argenta-per-onorare-la-levatrice-del-paese\\\/#primaryimage\"},\"image\":{\"@id\":\"https:\\\/\\\/www.bellunopress.it\\\/2026\\\/07\\\/17\\\/leredita-ritrovata-di-adelasia-a-fonzaso-il-ritorno-delle-donne-della-famiglia-argenta-per-onorare-la-levatrice-del-paese\\\/#primaryimage\"},\"thumbnailUrl\":\"https:\\\/\\\/www.bellunopress.it\\\/wp-content\\\/uploads\\\/2026\\\/07\\\/Sotto-la-luce-della-luna.jpg\",\"datePublished\":\"2026-07-17T09:40:52+00:00\",\"dateModified\":\"2026-07-17T12:28:22+00:00\",\"breadcrumb\":{\"@id\":\"https:\\\/\\\/www.bellunopress.it\\\/2026\\\/07\\\/17\\\/leredita-ritrovata-di-adelasia-a-fonzaso-il-ritorno-delle-donne-della-famiglia-argenta-per-onorare-la-levatrice-del-paese\\\/#breadcrumb\"},\"inLanguage\":\"fr-FR\",\"potentialAction\":[{\"@type\":\"ReadAction\",\"target\":[\"https:\\\/\\\/www.bellunopress.it\\\/2026\\\/07\\\/17\\\/leredita-ritrovata-di-adelasia-a-fonzaso-il-ritorno-delle-donne-della-famiglia-argenta-per-onorare-la-levatrice-del-paese\\\/\"]}]},{\"@type\":\"ImageObject\",\"inLanguage\":\"fr-FR\",\"@id\":\"https:\\\/\\\/www.bellunopress.it\\\/2026\\\/07\\\/17\\\/leredita-ritrovata-di-adelasia-a-fonzaso-il-ritorno-delle-donne-della-famiglia-argenta-per-onorare-la-levatrice-del-paese\\\/#primaryimage\",\"url\":\"https:\\\/\\\/www.bellunopress.it\\\/wp-content\\\/uploads\\\/2026\\\/07\\\/Sotto-la-luce-della-luna.jpg\",\"contentUrl\":\"https:\\\/\\\/www.bellunopress.it\\\/wp-content\\\/uploads\\\/2026\\\/07\\\/Sotto-la-luce-della-luna.jpg\",\"width\":311,\"height\":500,\"caption\":\"Jennifer Anton\"},{\"@type\":\"BreadcrumbList\",\"@id\":\"https:\\\/\\\/www.bellunopress.it\\\/2026\\\/07\\\/17\\\/leredita-ritrovata-di-adelasia-a-fonzaso-il-ritorno-delle-donne-della-famiglia-argenta-per-onorare-la-levatrice-del-paese\\\/#breadcrumb\",\"itemListElement\":[{\"@type\":\"ListItem\",\"position\":1,\"name\":\"Home\",\"item\":\"https:\\\/\\\/www.bellunopress.it\\\/\"},{\"@type\":\"ListItem\",\"position\":2,\"name\":\"L\u2019eredit\u00e0 ritrovata di Adelasia: a Fonzaso il ritorno delle donne della famiglia Argenta per onorare la \u201clevatrice del paese\u201d\"}]},{\"@type\":\"WebSite\",\"@id\":\"https:\\\/\\\/www.bellunopress.it\\\/#website\",\"url\":\"https:\\\/\\\/www.bellunopress.it\\\/\",\"name\":\"Bellunopress - Dolomiti\",\"description\":\"e-mail: redazione@bellunopress.it\",\"publisher\":{\"@id\":\"https:\\\/\\\/www.bellunopress.it\\\/#organization\"},\"potentialAction\":[{\"@type\":\"SearchAction\",\"target\":{\"@type\":\"EntryPoint\",\"urlTemplate\":\"https:\\\/\\\/www.bellunopress.it\\\/?s={search_term_string}\"},\"query-input\":{\"@type\":\"PropertyValueSpecification\",\"valueRequired\":true,\"valueName\":\"search_term_string\"}}],\"inLanguage\":\"fr-FR\"},{\"@type\":\"Organization\",\"@id\":\"https:\\\/\\\/www.bellunopress.it\\\/#organization\",\"name\":\"Bellunopress\",\"url\":\"https:\\\/\\\/www.bellunopress.it\\\/\",\"logo\":{\"@type\":\"ImageObject\",\"inLanguage\":\"fr-FR\",\"@id\":\"https:\\\/\\\/www.bellunopress.it\\\/#\\\/schema\\\/logo\\\/image\\\/\",\"url\":\"https:\\\/\\\/www.bellunopress.it\\\/wp-content\\\/uploads\\\/2011\\\/05\\\/cropped-logo-bellunopress-.jpg\",\"contentUrl\":\"https:\\\/\\\/www.bellunopress.it\\\/wp-content\\\/uploads\\\/2011\\\/05\\\/cropped-logo-bellunopress-.jpg\",\"width\":512,\"height\":512,\"caption\":\"Bellunopress\"},\"image\":{\"@id\":\"https:\\\/\\\/www.bellunopress.it\\\/#\\\/schema\\\/logo\\\/image\\\/\"},\"sameAs\":[\"https:\\\/\\\/www.facebook.com\\\/profile.php?id=100008943462799\",\"https:\\\/\\\/x.com\\\/bellunopress\",\"https:\\\/\\\/www.linkedin.com\\\/hp\\\/?dnr=JBzUWaJfMUw8vbXJJ2tVW5-I3jZKvC4wsoxE&amp;amp;amp;amp;amp;amp;trk=nav_responsive_tab_home\",\"https:\\\/\\\/www.youtube.com\\\/channel\\\/UCxL0wu1uN0_3_7hGG0306cw\"]},{\"@type\":\"Person\",\"@id\":\"https:\\\/\\\/www.bellunopress.it\\\/#\\\/schema\\\/person\\\/79bb06722b37ece1c03d3e94beb30d73\",\"name\":\"redazione\",\"image\":{\"@type\":\"ImageObject\",\"inLanguage\":\"fr-FR\",\"@id\":\"https:\\\/\\\/secure.gravatar.com\\\/avatar\\\/37d968a2e67a6fd04c169c4bdef102d0bc5d31b2546345219e348575eb80e9a0?s=96&d=mm&r=g\",\"url\":\"https:\\\/\\\/secure.gravatar.com\\\/avatar\\\/37d968a2e67a6fd04c169c4bdef102d0bc5d31b2546345219e348575eb80e9a0?s=96&d=mm&r=g\",\"contentUrl\":\"https:\\\/\\\/secure.gravatar.com\\\/avatar\\\/37d968a2e67a6fd04c169c4bdef102d0bc5d31b2546345219e348575eb80e9a0?s=96&d=mm&r=g\",\"caption\":\"redazione\"},\"sameAs\":[\"http:\\\/\\\/www.bellunopress.it\",\"https:\\\/\\\/x.com\\\/bellunopress\"],\"url\":\"https:\\\/\\\/www.bellunopress.it\\\/fr\\\/author\\\/redazione\\\/\"}]}<\/script>\n<!-- \/ Yoast SEO plugin. -->","yoast_head_json":{"title":"L\u2019eredit\u00e0 ritrovata di Adelasia: a Fonzaso il ritorno delle donne della famiglia Argenta per onorare la \u201clevatrice del paese\u201d - Bellunopress - Dolomiti","robots":{"index":"index","follow":"follow","max-snippet":"max-snippet:-1","max-image-preview":"max-image-preview:large","max-video-preview":"max-video-preview:-1"},"canonical":"https:\/\/www.bellunopress.it\/fr\/2026\/07\/17\/leredita-ritrovata-di-adelasia-a-fonzaso-il-ritorno-delle-donne-della-famiglia-argenta-per-onorare-la-levatrice-del-paese\/","og_locale":"fr_FR","og_type":"article","og_title":"L\u2019eredit\u00e0 ritrovata di Adelasia: a Fonzaso il ritorno delle donne della famiglia Argenta per onorare la \u201clevatrice del paese\u201d - Bellunopress - Dolomiti","og_description":"Venerd\u00ec 25 luglio, Jennifer Anton presenter\u00e0 il suo romanzo Sotto la luce della luna italiana nella Libreria Agor\u00e0 di Feltre, dalle ore 18:00 alle 19:00 Feltre, 17\/07\/2026 \u2013 A distanza di quasi novant\u2019anni dalla sua scomparsa, il nome di Adelasia Dalla Santa Argenta torna a risuonare tra le montagne di Fonzaso. Una figura storica, quella [&hellip;]","og_url":"https:\/\/www.bellunopress.it\/fr\/2026\/07\/17\/leredita-ritrovata-di-adelasia-a-fonzaso-il-ritorno-delle-donne-della-famiglia-argenta-per-onorare-la-levatrice-del-paese\/","og_site_name":"Bellunopress - Dolomiti","article_publisher":"https:\/\/www.facebook.com\/profile.php?id=100008943462799","article_published_time":"2026-07-17T09:40:52+00:00","article_modified_time":"2026-07-17T12:28:22+00:00","og_image":[{"width":311,"height":500,"url":"https:\/\/www.bellunopress.it\/wp-content\/uploads\/2026\/07\/Sotto-la-luce-della-luna.jpg","type":"image\/jpeg"}],"author":"redazione","twitter_card":"summary_large_image","twitter_creator":"@bellunopress","twitter_site":"@bellunopress","twitter_misc":{"\u00c9crit par":"redazione","Dur\u00e9e de lecture estim\u00e9e":"4 minutes"},"schema":{"@context":"https:\/\/schema.org","@graph":[{"@type":"Article","@id":"https:\/\/www.bellunopress.it\/2026\/07\/17\/leredita-ritrovata-di-adelasia-a-fonzaso-il-ritorno-delle-donne-della-famiglia-argenta-per-onorare-la-levatrice-del-paese\/#article","isPartOf":{"@id":"https:\/\/www.bellunopress.it\/2026\/07\/17\/leredita-ritrovata-di-adelasia-a-fonzaso-il-ritorno-delle-donne-della-famiglia-argenta-per-onorare-la-levatrice-del-paese\/"},"author":{"name":"redazione","@id":"https:\/\/www.bellunopress.it\/#\/schema\/person\/79bb06722b37ece1c03d3e94beb30d73"},"headline":"L\u2019eredit\u00e0 ritrovata di Adelasia: a Fonzaso il ritorno delle donne della famiglia Argenta per onorare la \u201clevatrice del paese\u201d","datePublished":"2026-07-17T09:40:52+00:00","dateModified":"2026-07-17T12:28:22+00:00","mainEntityOfPage":{"@id":"https:\/\/www.bellunopress.it\/2026\/07\/17\/leredita-ritrovata-di-adelasia-a-fonzaso-il-ritorno-delle-donne-della-famiglia-argenta-per-onorare-la-levatrice-del-paese\/"},"wordCount":551,"publisher":{"@id":"https:\/\/www.bellunopress.it\/#organization"},"image":{"@id":"https:\/\/www.bellunopress.it\/2026\/07\/17\/leredita-ritrovata-di-adelasia-a-fonzaso-il-ritorno-delle-donne-della-famiglia-argenta-per-onorare-la-levatrice-del-paese\/#primaryimage"},"thumbnailUrl":"https:\/\/www.bellunopress.it\/wp-content\/uploads\/2026\/07\/Sotto-la-luce-della-luna.jpg","articleSection":["Appuntamenti, Eventi","Arte, Cultura, Spettacoli, Scienza","Pausa Caff\u00e8"],"inLanguage":"fr-FR"},{"@type":"WebPage","@id":"https:\/\/www.bellunopress.it\/2026\/07\/17\/leredita-ritrovata-di-adelasia-a-fonzaso-il-ritorno-delle-donne-della-famiglia-argenta-per-onorare-la-levatrice-del-paese\/","url":"https:\/\/www.bellunopress.it\/2026\/07\/17\/leredita-ritrovata-di-adelasia-a-fonzaso-il-ritorno-delle-donne-della-famiglia-argenta-per-onorare-la-levatrice-del-paese\/","name":"L\u2019eredit\u00e0 ritrovata di Adelasia: a Fonzaso il ritorno delle donne della famiglia Argenta per onorare la \u201clevatrice del paese\u201d - Bellunopress - Dolomiti","isPartOf":{"@id":"https:\/\/www.bellunopress.it\/#website"},"primaryImageOfPage":{"@id":"https:\/\/www.bellunopress.it\/2026\/07\/17\/leredita-ritrovata-di-adelasia-a-fonzaso-il-ritorno-delle-donne-della-famiglia-argenta-per-onorare-la-levatrice-del-paese\/#primaryimage"},"image":{"@id":"https:\/\/www.bellunopress.it\/2026\/07\/17\/leredita-ritrovata-di-adelasia-a-fonzaso-il-ritorno-delle-donne-della-famiglia-argenta-per-onorare-la-levatrice-del-paese\/#primaryimage"},"thumbnailUrl":"https:\/\/www.bellunopress.it\/wp-content\/uploads\/2026\/07\/Sotto-la-luce-della-luna.jpg","datePublished":"2026-07-17T09:40:52+00:00","dateModified":"2026-07-17T12:28:22+00:00","breadcrumb":{"@id":"https:\/\/www.bellunopress.it\/2026\/07\/17\/leredita-ritrovata-di-adelasia-a-fonzaso-il-ritorno-delle-donne-della-famiglia-argenta-per-onorare-la-levatrice-del-paese\/#breadcrumb"},"inLanguage":"fr-FR","potentialAction":[{"@type":"ReadAction","target":["https:\/\/www.bellunopress.it\/2026\/07\/17\/leredita-ritrovata-di-adelasia-a-fonzaso-il-ritorno-delle-donne-della-famiglia-argenta-per-onorare-la-levatrice-del-paese\/"]}]},{"@type":"ImageObject","inLanguage":"fr-FR","@id":"https:\/\/www.bellunopress.it\/2026\/07\/17\/leredita-ritrovata-di-adelasia-a-fonzaso-il-ritorno-delle-donne-della-famiglia-argenta-per-onorare-la-levatrice-del-paese\/#primaryimage","url":"https:\/\/www.bellunopress.it\/wp-content\/uploads\/2026\/07\/Sotto-la-luce-della-luna.jpg","contentUrl":"https:\/\/www.bellunopress.it\/wp-content\/uploads\/2026\/07\/Sotto-la-luce-della-luna.jpg","width":311,"height":500,"caption":"Jennifer Anton"},{"@type":"BreadcrumbList","@id":"https:\/\/www.bellunopress.it\/2026\/07\/17\/leredita-ritrovata-di-adelasia-a-fonzaso-il-ritorno-delle-donne-della-famiglia-argenta-per-onorare-la-levatrice-del-paese\/#breadcrumb","itemListElement":[{"@type":"ListItem","position":1,"name":"Home","item":"https:\/\/www.bellunopress.it\/"},{"@type":"ListItem","position":2,"name":"L\u2019eredit\u00e0 ritrovata di Adelasia: a Fonzaso il ritorno delle donne della famiglia Argenta per onorare la \u201clevatrice del paese\u201d"}]},{"@type":"WebSite","@id":"https:\/\/www.bellunopress.it\/#website","url":"https:\/\/www.bellunopress.it\/","name":"Bellunopress - Dolomiti","description":"e-mail: redazione@bellunopress.it","publisher":{"@id":"https:\/\/www.bellunopress.it\/#organization"},"potentialAction":[{"@type":"SearchAction","target":{"@type":"EntryPoint","urlTemplate":"https:\/\/www.bellunopress.it\/?s={search_term_string}"},"query-input":{"@type":"PropertyValueSpecification","valueRequired":true,"valueName":"search_term_string"}}],"inLanguage":"fr-FR"},{"@type":"Organization","@id":"https:\/\/www.bellunopress.it\/#organization","name":"Bellunopress","url":"https:\/\/www.bellunopress.it\/","logo":{"@type":"ImageObject","inLanguage":"fr-FR","@id":"https:\/\/www.bellunopress.it\/#\/schema\/logo\/image\/","url":"https:\/\/www.bellunopress.it\/wp-content\/uploads\/2011\/05\/cropped-logo-bellunopress-.jpg","contentUrl":"https:\/\/www.bellunopress.it\/wp-content\/uploads\/2011\/05\/cropped-logo-bellunopress-.jpg","width":512,"height":512,"caption":"Bellunopress"},"image":{"@id":"https:\/\/www.bellunopress.it\/#\/schema\/logo\/image\/"},"sameAs":["https:\/\/www.facebook.com\/profile.php?id=100008943462799","https:\/\/x.com\/bellunopress","https:\/\/www.linkedin.com\/hp\/?dnr=JBzUWaJfMUw8vbXJJ2tVW5-I3jZKvC4wsoxE&amp;amp;amp;amp;amp;amp;trk=nav_responsive_tab_home","https:\/\/www.youtube.com\/channel\/UCxL0wu1uN0_3_7hGG0306cw"]},{"@type":"Person","@id":"https:\/\/www.bellunopress.it\/#\/schema\/person\/79bb06722b37ece1c03d3e94beb30d73","name":"r\u00e9daction","image":{"@type":"ImageObject","inLanguage":"fr-FR","@id":"https:\/\/secure.gravatar.com\/avatar\/37d968a2e67a6fd04c169c4bdef102d0bc5d31b2546345219e348575eb80e9a0?s=96&d=mm&r=g","url":"https:\/\/secure.gravatar.com\/avatar\/37d968a2e67a6fd04c169c4bdef102d0bc5d31b2546345219e348575eb80e9a0?s=96&d=mm&r=g","contentUrl":"https:\/\/secure.gravatar.com\/avatar\/37d968a2e67a6fd04c169c4bdef102d0bc5d31b2546345219e348575eb80e9a0?s=96&d=mm&r=g","caption":"redazione"},"sameAs":["http:\/\/www.bellunopress.it","https:\/\/x.com\/bellunopress"],"url":"https:\/\/www.bellunopress.it\/fr\/author\/redazione\/"}]}},"_links":{"self":[{"href":"https:\/\/www.bellunopress.it\/fr\/wp-json\/wp\/v2\/posts\/171988","targetHints":{"allow":["GET"]}}],"collection":[{"href":"https:\/\/www.bellunopress.it\/fr\/wp-json\/wp\/v2\/posts"}],"about":[{"href":"https:\/\/www.bellunopress.it\/fr\/wp-json\/wp\/v2\/types\/post"}],"author":[{"embeddable":true,"href":"https:\/\/www.bellunopress.it\/fr\/wp-json\/wp\/v2\/users\/2"}],"replies":[{"embeddable":true,"href":"https:\/\/www.bellunopress.it\/fr\/wp-json\/wp\/v2\/comments?post=171988"}],"version-history":[{"count":3,"href":"https:\/\/www.bellunopress.it\/fr\/wp-json\/wp\/v2\/posts\/171988\/revisions"}],"predecessor-version":[{"id":171998,"href":"https:\/\/www.bellunopress.it\/fr\/wp-json\/wp\/v2\/posts\/171988\/revisions\/171998"}],"wp:featuredmedia":[{"embeddable":true,"href":"https:\/\/www.bellunopress.it\/fr\/wp-json\/wp\/v2\/media\/171989"}],"wp:attachment":[{"href":"https:\/\/www.bellunopress.it\/fr\/wp-json\/wp\/v2\/media?parent=171988"}],"wp:term":[{"taxonomy":"category","embeddable":true,"href":"https:\/\/www.bellunopress.it\/fr\/wp-json\/wp\/v2\/categories?post=171988"},{"taxonomy":"post_tag","embeddable":true,"href":"https:\/\/www.bellunopress.it\/fr\/wp-json\/wp\/v2\/tags?post=171988"}],"curies":[{"name":"wp","href":"https:\/\/api.w.org\/{rel}","templated":true}]}}