{"id":171983,"date":"2026-07-17T07:32:07","date_gmt":"2026-07-17T05:32:07","guid":{"rendered":"https:\/\/www.bellunopress.it\/?p=171983"},"modified":"2026-07-17T07:32:07","modified_gmt":"2026-07-17T05:32:07","slug":"amministrative-2027-belluno-i-want-you-for-rouge-palace","status":"publish","type":"post","link":"https:\/\/www.bellunopress.it\/fr\/2026\/07\/17\/amministrative-2027-belluno-i-want-you-for-rouge-palace\/","title":{"rendered":"Amministrative 2027 Belluno:  I want you for Rouge palace"},"content":{"rendered":"<p data-path-to-node=\"3\">Cittadini di Belluno, \u00e8 giunto il momento di smetterla di lamentarsi davanti a un\u2019ombra o mentre si attende l\u2019autobus in ritardo. Il vento sta cambiando, o forse \u00e8 solo un refolo che scende dal Nevegal, ma c\u2019\u00e8 una notizia che far\u00e0 tremare le scrivanie di Piazza Duomo: \u00e8 ufficialmente aperto il bando informale \u201cAmministrative 2027\u201d.<\/p>\n<h3 data-path-to-node=\"4\">Requisiti per l&#8217;accesso: nessuno<\/h3>\n<p data-path-to-node=\"5\">Dimenticate master, lauree, specializzazioni, curruculum o decenni di gavetta. Il requisito fondamentale per candidarsi alla guida della nostra splendida citt\u00e0 \u00e8 uno solo: non essere allergici ai microfoni, ma nemmeno questa avvertenza \u00e8 davvero richiesta.<\/p>\n<p data-path-to-node=\"6\">Perch\u00e9, diciamocelo, se il gioco vale la candela, perch\u00e9 non dovresti provarci anche tu? Dando un\u2019occhiata ai compensi attuali, scopriamo che sedersi sulla poltrona di sindaco a Belluno non \u00e8 esattamente un atto di carit\u00e0 cristiana. Con le indennit\u00e0 che hanno subito nel tempo dei buoni ritocchi verso l&#8217;alto &#8211; arrivando a cifre che farebbero luccicare gli occhi a qualunque comune mortale che si spacca la schiena per uno stipendio &#8220;normale&#8221; &#8211; la politica locale \u00e8 diventata un posto di lavoro, una professione ben retribuita.<\/p>\n<p data-path-to-node=\"8\">Mentre il cittadino medio combatte con l\u2019inflazione e il caro-vita, gli amministratori di un capoluogo di provincia come il nostro navigano in acque ben pi\u00f9 tranquille. Parliamo di cifre mensili lorde che, tra aumenti di legge e adeguamenti, garantiscono una serenit\u00e0 economica invidiabile anche a molti professionisti. E gli assessori? Anche loro, con percentuali rispettabili del compenso del primo cittadino, godono di una stabilit\u00e0 che rende il servizio pubblico una carriera decisamente allettante.<\/p>\n<p data-path-to-node=\"8\">L&#8217;indennit\u00e0 mensile lorda per il sindaco di Belluno \u00e8 fissata per legge a \u20ac 9.660,00. Per gli assessori comunali, l&#8217;importo mensile lordo \u00e8 di \u20ac 4.347,00, che corrisponde al 45% dell&#8217;indennit\u00e0 del Sindaco, ad eccezione dell&#8217;Assessore con delega alle frazioni e al sociale, che percepisce \u20ac 2.173,50.<\/p>\n<p data-path-to-node=\"9\">\u00a0Perch\u00e9 candidarsi?<\/p>\n<ol start=\"1\" data-path-to-node=\"10\">\n<li>\n<p data-path-to-node=\"10,0,0\">La gloria imperitura: potrai dire di aver cercato di risolvere il traffico in centro, anche se poi avrai solo aggiunto un cartello di divieto. Migliorato la viabilit\u00e0 e le ciclabili con qualche taglio di alberi.<\/p>\n<\/li>\n<li>\n<p data-path-to-node=\"10,1,0\">Il fascino del potere: la soddisfazione di tagliare nastri inaugurando panchine, parchi, mostre e, perch\u00e9 no, nuove buche stradali.<\/p>\n<\/li>\n<li>\n<p data-path-to-node=\"10,2,0\">lo stipendio: b\u00e8, quello lo abbiamo gi\u00e0 detto, ma vale la pena ricordarlo: la busta paga \u00e8 il vero punto di forza che conta.<\/p>\n<\/li>\n<\/ol>\n<h3 data-path-to-node=\"11\">Candidati, il Palazzo ti aspetta<\/h3>\n<p data-path-to-node=\"12\">Non serve un piano regolatore in tasca, n\u00e9 un\u2019idea brillante per il futuro delle Dolomiti. Basta la capacit\u00e0 di sorridere quando tutto va storto. Se non avete nulla da fare nel 2027 e vi sentite pronti a gestire il destino della nostra citt\u00e0 con la stessa disinvoltura con cui si sceglie cosa mangiare a cena, fatevi avanti!<\/p>\n<p data-path-to-node=\"13\">Il bando \u00e8 aperto. La competenza \u00e8 facoltativa, ma l&#8217;ambizione \u00e8 obbligatoria. Belluno vi aspetta.<\/p>\n<p data-path-to-node=\"13\">(rdn)<\/p>","protected":false},"excerpt":{"rendered":"<p>Cittadini di Belluno, \u00e8 giunto il momento di smetterla di lamentarsi davanti a un\u2019ombra o mentre si attende l\u2019autobus in ritardo. Il vento sta cambiando, o forse \u00e8 solo un refolo che scende dal Nevegal, ma c\u2019\u00e8 una notizia che far\u00e0 tremare le scrivanie di Piazza Duomo: \u00e8 ufficialmente aperto il bando informale \u201cAmministrative 2027\u201d. [&hellip;]<\/p>\n","protected":false},"author":2,"featured_media":171984,"comment_status":"closed","ping_status":"open","sticky":false,"template":"","format":"standard","meta":{"footnotes":""},"categories":[3368,3446,26],"tags":[],"class_list":["post-171983","post","type-post","status-publish","format-standard","has-post-thumbnail","category-cahiers-de-doleances","category-featured","category-prima-pagina"],"yoast_head":"<!-- This site is optimized with the Yoast SEO plugin v28.4 - https:\/\/yoast.com\/product\/yoast-seo-wordpress\/ -->\n<title>Amministrative 2027 Belluno: I want you for Rouge palace - Bellunopress - Dolomiti<\/title>\n<meta name=\"robots\" content=\"index, follow, max-snippet:-1, max-image-preview:large, max-video-preview:-1\" \/>\n<link rel=\"canonical\" href=\"https:\/\/www.bellunopress.it\/fr\/2026\/07\/17\/amministrative-2027-belluno-i-want-you-for-rouge-palace\/\" \/>\n<meta property=\"og:locale\" content=\"fr_FR\" \/>\n<meta property=\"og:type\" content=\"article\" \/>\n<meta property=\"og:title\" content=\"Amministrative 2027 Belluno: I want you for Rouge palace - Bellunopress - Dolomiti\" \/>\n<meta property=\"og:description\" content=\"Cittadini di Belluno, \u00e8 giunto il momento di smetterla di lamentarsi davanti a un\u2019ombra o mentre si attende l\u2019autobus in ritardo. Il vento sta cambiando, o forse \u00e8 solo un refolo che scende dal Nevegal, ma c\u2019\u00e8 una notizia che far\u00e0 tremare le scrivanie di Piazza Duomo: \u00e8 ufficialmente aperto il bando informale \u201cAmministrative 2027\u201d. [&hellip;]\" \/>\n<meta property=\"og:url\" content=\"https:\/\/www.bellunopress.it\/fr\/2026\/07\/17\/amministrative-2027-belluno-i-want-you-for-rouge-palace\/\" \/>\n<meta property=\"og:site_name\" content=\"Bellunopress - Dolomiti\" \/>\n<meta property=\"article:publisher\" content=\"https:\/\/www.facebook.com\/profile.php?id=100008943462799\" \/>\n<meta property=\"article:published_time\" content=\"2026-07-17T05:32:07+00:00\" \/>\n<meta property=\"og:image\" content=\"https:\/\/www.bellunopress.it\/wp-content\/uploads\/2026\/07\/i-want-you-for-rouge-palace.jpg\" \/>\n\t<meta property=\"og:image:width\" content=\"426\" \/>\n\t<meta property=\"og:image:height\" content=\"500\" \/>\n\t<meta property=\"og:image:type\" content=\"image\/jpeg\" \/>\n<meta name=\"author\" content=\"redazione\" \/>\n<meta name=\"twitter:card\" content=\"summary_large_image\" \/>\n<meta name=\"twitter:creator\" content=\"@bellunopress\" \/>\n<meta name=\"twitter:site\" content=\"@bellunopress\" \/>\n<meta name=\"twitter:label1\" content=\"Written by\" \/>\n\t<meta name=\"twitter:data1\" content=\"redazione\" \/>\n\t<meta name=\"twitter:label2\" content=\"Est. reading time\" \/>\n\t<meta name=\"twitter:data2\" content=\"3 minutes\" \/>\n<script type=\"application\/ld+json\" class=\"yoast-schema-graph\">{\"@context\":\"https:\\\/\\\/schema.org\",\"@graph\":[{\"@type\":\"Article\",\"@id\":\"https:\\\/\\\/www.bellunopress.it\\\/2026\\\/07\\\/17\\\/amministrative-2027-belluno-i-want-you-for-rouge-palace\\\/#article\",\"isPartOf\":{\"@id\":\"https:\\\/\\\/www.bellunopress.it\\\/2026\\\/07\\\/17\\\/amministrative-2027-belluno-i-want-you-for-rouge-palace\\\/\"},\"author\":{\"name\":\"redazione\",\"@id\":\"https:\\\/\\\/www.bellunopress.it\\\/#\\\/schema\\\/person\\\/79bb06722b37ece1c03d3e94beb30d73\"},\"headline\":\"Amministrative 2027 Belluno: I want you for Rouge palace\",\"datePublished\":\"2026-07-17T05:32:07+00:00\",\"mainEntityOfPage\":{\"@id\":\"https:\\\/\\\/www.bellunopress.it\\\/2026\\\/07\\\/17\\\/amministrative-2027-belluno-i-want-you-for-rouge-palace\\\/\"},\"wordCount\":455,\"publisher\":{\"@id\":\"https:\\\/\\\/www.bellunopress.it\\\/#organization\"},\"image\":{\"@id\":\"https:\\\/\\\/www.bellunopress.it\\\/2026\\\/07\\\/17\\\/amministrative-2027-belluno-i-want-you-for-rouge-palace\\\/#primaryimage\"},\"thumbnailUrl\":\"https:\\\/\\\/www.bellunopress.it\\\/wp-content\\\/uploads\\\/2026\\\/07\\\/i-want-you-for-rouge-palace.jpg\",\"articleSection\":[\"Cahiers de dol\u00e9ances\",\"Featured\",\"Prima Pagina\"],\"inLanguage\":\"fr-FR\"},{\"@type\":\"WebPage\",\"@id\":\"https:\\\/\\\/www.bellunopress.it\\\/2026\\\/07\\\/17\\\/amministrative-2027-belluno-i-want-you-for-rouge-palace\\\/\",\"url\":\"https:\\\/\\\/www.bellunopress.it\\\/2026\\\/07\\\/17\\\/amministrative-2027-belluno-i-want-you-for-rouge-palace\\\/\",\"name\":\"Amministrative 2027 Belluno: I want you for Rouge palace - Bellunopress - Dolomiti\",\"isPartOf\":{\"@id\":\"https:\\\/\\\/www.bellunopress.it\\\/#website\"},\"primaryImageOfPage\":{\"@id\":\"https:\\\/\\\/www.bellunopress.it\\\/2026\\\/07\\\/17\\\/amministrative-2027-belluno-i-want-you-for-rouge-palace\\\/#primaryimage\"},\"image\":{\"@id\":\"https:\\\/\\\/www.bellunopress.it\\\/2026\\\/07\\\/17\\\/amministrative-2027-belluno-i-want-you-for-rouge-palace\\\/#primaryimage\"},\"thumbnailUrl\":\"https:\\\/\\\/www.bellunopress.it\\\/wp-content\\\/uploads\\\/2026\\\/07\\\/i-want-you-for-rouge-palace.jpg\",\"datePublished\":\"2026-07-17T05:32:07+00:00\",\"breadcrumb\":{\"@id\":\"https:\\\/\\\/www.bellunopress.it\\\/2026\\\/07\\\/17\\\/amministrative-2027-belluno-i-want-you-for-rouge-palace\\\/#breadcrumb\"},\"inLanguage\":\"fr-FR\",\"potentialAction\":[{\"@type\":\"ReadAction\",\"target\":[\"https:\\\/\\\/www.bellunopress.it\\\/2026\\\/07\\\/17\\\/amministrative-2027-belluno-i-want-you-for-rouge-palace\\\/\"]}]},{\"@type\":\"ImageObject\",\"inLanguage\":\"fr-FR\",\"@id\":\"https:\\\/\\\/www.bellunopress.it\\\/2026\\\/07\\\/17\\\/amministrative-2027-belluno-i-want-you-for-rouge-palace\\\/#primaryimage\",\"url\":\"https:\\\/\\\/www.bellunopress.it\\\/wp-content\\\/uploads\\\/2026\\\/07\\\/i-want-you-for-rouge-palace.jpg\",\"contentUrl\":\"https:\\\/\\\/www.bellunopress.it\\\/wp-content\\\/uploads\\\/2026\\\/07\\\/i-want-you-for-rouge-palace.jpg\",\"width\":426,\"height\":500},{\"@type\":\"BreadcrumbList\",\"@id\":\"https:\\\/\\\/www.bellunopress.it\\\/2026\\\/07\\\/17\\\/amministrative-2027-belluno-i-want-you-for-rouge-palace\\\/#breadcrumb\",\"itemListElement\":[{\"@type\":\"ListItem\",\"position\":1,\"name\":\"Home\",\"item\":\"https:\\\/\\\/www.bellunopress.it\\\/\"},{\"@type\":\"ListItem\",\"position\":2,\"name\":\"Amministrative 2027 Belluno: I want you for Rouge palace\"}]},{\"@type\":\"WebSite\",\"@id\":\"https:\\\/\\\/www.bellunopress.it\\\/#website\",\"url\":\"https:\\\/\\\/www.bellunopress.it\\\/\",\"name\":\"Bellunopress - Dolomiti\",\"description\":\"e-mail: redazione@bellunopress.it\",\"publisher\":{\"@id\":\"https:\\\/\\\/www.bellunopress.it\\\/#organization\"},\"potentialAction\":[{\"@type\":\"SearchAction\",\"target\":{\"@type\":\"EntryPoint\",\"urlTemplate\":\"https:\\\/\\\/www.bellunopress.it\\\/?s={search_term_string}\"},\"query-input\":{\"@type\":\"PropertyValueSpecification\",\"valueRequired\":true,\"valueName\":\"search_term_string\"}}],\"inLanguage\":\"fr-FR\"},{\"@type\":\"Organization\",\"@id\":\"https:\\\/\\\/www.bellunopress.it\\\/#organization\",\"name\":\"Bellunopress\",\"url\":\"https:\\\/\\\/www.bellunopress.it\\\/\",\"logo\":{\"@type\":\"ImageObject\",\"inLanguage\":\"fr-FR\",\"@id\":\"https:\\\/\\\/www.bellunopress.it\\\/#\\\/schema\\\/logo\\\/image\\\/\",\"url\":\"https:\\\/\\\/www.bellunopress.it\\\/wp-content\\\/uploads\\\/2011\\\/05\\\/cropped-logo-bellunopress-.jpg\",\"contentUrl\":\"https:\\\/\\\/www.bellunopress.it\\\/wp-content\\\/uploads\\\/2011\\\/05\\\/cropped-logo-bellunopress-.jpg\",\"width\":512,\"height\":512,\"caption\":\"Bellunopress\"},\"image\":{\"@id\":\"https:\\\/\\\/www.bellunopress.it\\\/#\\\/schema\\\/logo\\\/image\\\/\"},\"sameAs\":[\"https:\\\/\\\/www.facebook.com\\\/profile.php?id=100008943462799\",\"https:\\\/\\\/x.com\\\/bellunopress\",\"https:\\\/\\\/www.linkedin.com\\\/hp\\\/?dnr=JBzUWaJfMUw8vbXJJ2tVW5-I3jZKvC4wsoxE&amp;amp;amp;amp;amp;amp;trk=nav_responsive_tab_home\",\"https:\\\/\\\/www.youtube.com\\\/channel\\\/UCxL0wu1uN0_3_7hGG0306cw\"]},{\"@type\":\"Person\",\"@id\":\"https:\\\/\\\/www.bellunopress.it\\\/#\\\/schema\\\/person\\\/79bb06722b37ece1c03d3e94beb30d73\",\"name\":\"redazione\",\"image\":{\"@type\":\"ImageObject\",\"inLanguage\":\"fr-FR\",\"@id\":\"https:\\\/\\\/secure.gravatar.com\\\/avatar\\\/37d968a2e67a6fd04c169c4bdef102d0bc5d31b2546345219e348575eb80e9a0?s=96&d=mm&r=g\",\"url\":\"https:\\\/\\\/secure.gravatar.com\\\/avatar\\\/37d968a2e67a6fd04c169c4bdef102d0bc5d31b2546345219e348575eb80e9a0?s=96&d=mm&r=g\",\"contentUrl\":\"https:\\\/\\\/secure.gravatar.com\\\/avatar\\\/37d968a2e67a6fd04c169c4bdef102d0bc5d31b2546345219e348575eb80e9a0?s=96&d=mm&r=g\",\"caption\":\"redazione\"},\"sameAs\":[\"http:\\\/\\\/www.bellunopress.it\",\"https:\\\/\\\/x.com\\\/bellunopress\"],\"url\":\"https:\\\/\\\/www.bellunopress.it\\\/fr\\\/author\\\/redazione\\\/\"}]}<\/script>\n<!-- \/ Yoast SEO plugin. -->","yoast_head_json":{"title":"Amministrative 2027 Belluno: I want you for Rouge palace - Bellunopress - Dolomiti","robots":{"index":"index","follow":"follow","max-snippet":"max-snippet:-1","max-image-preview":"max-image-preview:large","max-video-preview":"max-video-preview:-1"},"canonical":"https:\/\/www.bellunopress.it\/fr\/2026\/07\/17\/amministrative-2027-belluno-i-want-you-for-rouge-palace\/","og_locale":"fr_FR","og_type":"article","og_title":"Amministrative 2027 Belluno: I want you for Rouge palace - Bellunopress - Dolomiti","og_description":"Cittadini di Belluno, \u00e8 giunto il momento di smetterla di lamentarsi davanti a un\u2019ombra o mentre si attende l\u2019autobus in ritardo. Il vento sta cambiando, o forse \u00e8 solo un refolo che scende dal Nevegal, ma c\u2019\u00e8 una notizia che far\u00e0 tremare le scrivanie di Piazza Duomo: \u00e8 ufficialmente aperto il bando informale \u201cAmministrative 2027\u201d. [&hellip;]","og_url":"https:\/\/www.bellunopress.it\/fr\/2026\/07\/17\/amministrative-2027-belluno-i-want-you-for-rouge-palace\/","og_site_name":"Bellunopress - Dolomiti","article_publisher":"https:\/\/www.facebook.com\/profile.php?id=100008943462799","article_published_time":"2026-07-17T05:32:07+00:00","og_image":[{"width":426,"height":500,"url":"https:\/\/www.bellunopress.it\/wp-content\/uploads\/2026\/07\/i-want-you-for-rouge-palace.jpg","type":"image\/jpeg"}],"author":"redazione","twitter_card":"summary_large_image","twitter_creator":"@bellunopress","twitter_site":"@bellunopress","twitter_misc":{"Written by":"redazione","Est. reading time":"3 minutes"},"schema":{"@context":"https:\/\/schema.org","@graph":[{"@type":"Article","@id":"https:\/\/www.bellunopress.it\/2026\/07\/17\/amministrative-2027-belluno-i-want-you-for-rouge-palace\/#article","isPartOf":{"@id":"https:\/\/www.bellunopress.it\/2026\/07\/17\/amministrative-2027-belluno-i-want-you-for-rouge-palace\/"},"author":{"name":"redazione","@id":"https:\/\/www.bellunopress.it\/#\/schema\/person\/79bb06722b37ece1c03d3e94beb30d73"},"headline":"Amministrative 2027 Belluno: I want you for Rouge palace","datePublished":"2026-07-17T05:32:07+00:00","mainEntityOfPage":{"@id":"https:\/\/www.bellunopress.it\/2026\/07\/17\/amministrative-2027-belluno-i-want-you-for-rouge-palace\/"},"wordCount":455,"publisher":{"@id":"https:\/\/www.bellunopress.it\/#organization"},"image":{"@id":"https:\/\/www.bellunopress.it\/2026\/07\/17\/amministrative-2027-belluno-i-want-you-for-rouge-palace\/#primaryimage"},"thumbnailUrl":"https:\/\/www.bellunopress.it\/wp-content\/uploads\/2026\/07\/i-want-you-for-rouge-palace.jpg","articleSection":["Cahiers de dol\u00e9ances","Featured","Prima Pagina"],"inLanguage":"fr-FR"},{"@type":"WebPage","@id":"https:\/\/www.bellunopress.it\/2026\/07\/17\/amministrative-2027-belluno-i-want-you-for-rouge-palace\/","url":"https:\/\/www.bellunopress.it\/2026\/07\/17\/amministrative-2027-belluno-i-want-you-for-rouge-palace\/","name":"Amministrative 2027 Belluno: I want you for Rouge palace - Bellunopress - Dolomiti","isPartOf":{"@id":"https:\/\/www.bellunopress.it\/#website"},"primaryImageOfPage":{"@id":"https:\/\/www.bellunopress.it\/2026\/07\/17\/amministrative-2027-belluno-i-want-you-for-rouge-palace\/#primaryimage"},"image":{"@id":"https:\/\/www.bellunopress.it\/2026\/07\/17\/amministrative-2027-belluno-i-want-you-for-rouge-palace\/#primaryimage"},"thumbnailUrl":"https:\/\/www.bellunopress.it\/wp-content\/uploads\/2026\/07\/i-want-you-for-rouge-palace.jpg","datePublished":"2026-07-17T05:32:07+00:00","breadcrumb":{"@id":"https:\/\/www.bellunopress.it\/2026\/07\/17\/amministrative-2027-belluno-i-want-you-for-rouge-palace\/#breadcrumb"},"inLanguage":"fr-FR","potentialAction":[{"@type":"ReadAction","target":["https:\/\/www.bellunopress.it\/2026\/07\/17\/amministrative-2027-belluno-i-want-you-for-rouge-palace\/"]}]},{"@type":"ImageObject","inLanguage":"fr-FR","@id":"https:\/\/www.bellunopress.it\/2026\/07\/17\/amministrative-2027-belluno-i-want-you-for-rouge-palace\/#primaryimage","url":"https:\/\/www.bellunopress.it\/wp-content\/uploads\/2026\/07\/i-want-you-for-rouge-palace.jpg","contentUrl":"https:\/\/www.bellunopress.it\/wp-content\/uploads\/2026\/07\/i-want-you-for-rouge-palace.jpg","width":426,"height":500},{"@type":"BreadcrumbList","@id":"https:\/\/www.bellunopress.it\/2026\/07\/17\/amministrative-2027-belluno-i-want-you-for-rouge-palace\/#breadcrumb","itemListElement":[{"@type":"ListItem","position":1,"name":"Home","item":"https:\/\/www.bellunopress.it\/"},{"@type":"ListItem","position":2,"name":"Amministrative 2027 Belluno: I want you for Rouge palace"}]},{"@type":"WebSite","@id":"https:\/\/www.bellunopress.it\/#website","url":"https:\/\/www.bellunopress.it\/","name":"Bellunopress - Dolomiti","description":"e-mail: redazione@bellunopress.it","publisher":{"@id":"https:\/\/www.bellunopress.it\/#organization"},"potentialAction":[{"@type":"SearchAction","target":{"@type":"EntryPoint","urlTemplate":"https:\/\/www.bellunopress.it\/?s={search_term_string}"},"query-input":{"@type":"PropertyValueSpecification","valueRequired":true,"valueName":"search_term_string"}}],"inLanguage":"fr-FR"},{"@type":"Organization","@id":"https:\/\/www.bellunopress.it\/#organization","name":"Bellunopress","url":"https:\/\/www.bellunopress.it\/","logo":{"@type":"ImageObject","inLanguage":"fr-FR","@id":"https:\/\/www.bellunopress.it\/#\/schema\/logo\/image\/","url":"https:\/\/www.bellunopress.it\/wp-content\/uploads\/2011\/05\/cropped-logo-bellunopress-.jpg","contentUrl":"https:\/\/www.bellunopress.it\/wp-content\/uploads\/2011\/05\/cropped-logo-bellunopress-.jpg","width":512,"height":512,"caption":"Bellunopress"},"image":{"@id":"https:\/\/www.bellunopress.it\/#\/schema\/logo\/image\/"},"sameAs":["https:\/\/www.facebook.com\/profile.php?id=100008943462799","https:\/\/x.com\/bellunopress","https:\/\/www.linkedin.com\/hp\/?dnr=JBzUWaJfMUw8vbXJJ2tVW5-I3jZKvC4wsoxE&amp;amp;amp;amp;amp;amp;trk=nav_responsive_tab_home","https:\/\/www.youtube.com\/channel\/UCxL0wu1uN0_3_7hGG0306cw"]},{"@type":"Person","@id":"https:\/\/www.bellunopress.it\/#\/schema\/person\/79bb06722b37ece1c03d3e94beb30d73","name":"r\u00e9daction","image":{"@type":"ImageObject","inLanguage":"fr-FR","@id":"https:\/\/secure.gravatar.com\/avatar\/37d968a2e67a6fd04c169c4bdef102d0bc5d31b2546345219e348575eb80e9a0?s=96&d=mm&r=g","url":"https:\/\/secure.gravatar.com\/avatar\/37d968a2e67a6fd04c169c4bdef102d0bc5d31b2546345219e348575eb80e9a0?s=96&d=mm&r=g","contentUrl":"https:\/\/secure.gravatar.com\/avatar\/37d968a2e67a6fd04c169c4bdef102d0bc5d31b2546345219e348575eb80e9a0?s=96&d=mm&r=g","caption":"redazione"},"sameAs":["http:\/\/www.bellunopress.it","https:\/\/x.com\/bellunopress"],"url":"https:\/\/www.bellunopress.it\/fr\/author\/redazione\/"}]}},"_links":{"self":[{"href":"https:\/\/www.bellunopress.it\/fr\/wp-json\/wp\/v2\/posts\/171983","targetHints":{"allow":["GET"]}}],"collection":[{"href":"https:\/\/www.bellunopress.it\/fr\/wp-json\/wp\/v2\/posts"}],"about":[{"href":"https:\/\/www.bellunopress.it\/fr\/wp-json\/wp\/v2\/types\/post"}],"author":[{"embeddable":true,"href":"https:\/\/www.bellunopress.it\/fr\/wp-json\/wp\/v2\/users\/2"}],"replies":[{"embeddable":true,"href":"https:\/\/www.bellunopress.it\/fr\/wp-json\/wp\/v2\/comments?post=171983"}],"version-history":[{"count":1,"href":"https:\/\/www.bellunopress.it\/fr\/wp-json\/wp\/v2\/posts\/171983\/revisions"}],"predecessor-version":[{"id":171985,"href":"https:\/\/www.bellunopress.it\/fr\/wp-json\/wp\/v2\/posts\/171983\/revisions\/171985"}],"wp:featuredmedia":[{"embeddable":true,"href":"https:\/\/www.bellunopress.it\/fr\/wp-json\/wp\/v2\/media\/171984"}],"wp:attachment":[{"href":"https:\/\/www.bellunopress.it\/fr\/wp-json\/wp\/v2\/media?parent=171983"}],"wp:term":[{"taxonomy":"category","embeddable":true,"href":"https:\/\/www.bellunopress.it\/fr\/wp-json\/wp\/v2\/categories?post=171983"},{"taxonomy":"post_tag","embeddable":true,"href":"https:\/\/www.bellunopress.it\/fr\/wp-json\/wp\/v2\/tags?post=171983"}],"curies":[{"name":"wp","href":"https:\/\/api.w.org\/{rel}","templated":true}]}}