{"id":171981,"date":"2026-07-17T06:56:35","date_gmt":"2026-07-17T04:56:35","guid":{"rendered":"https:\/\/www.bellunopress.it\/?p=171981"},"modified":"2026-07-17T06:56:35","modified_gmt":"2026-07-17T04:56:35","slug":"accademia-di-musica-antica-di-feltre-4-concerti-dal-20-al-25-luglio","status":"publish","type":"post","link":"https:\/\/www.bellunopress.it\/fr\/2026\/07\/17\/accademia-di-musica-antica-di-feltre-4-concerti-dal-20-al-25-luglio\/","title":{"rendered":"Accademia di musica antica di Feltre: 4 concerti dal 20 al 25 luglio"},"content":{"rendered":"<p><strong>Ottava edizione della masterclass di musica barocca nel centro storico di Feltre<\/strong><\/p>\n<p>Torna a Feltre per la sua ottava edizione l\u2019Accademia di Musica Antica che, con le proprie lezioni e i tradizionali concerti, riempir\u00e0 di musica il centro storico cittadino, nel quale si respirer\u00e0 per una settimana l\u2019atmosfera della musica barocca. L\u2019iniziativa, realizzata dall\u2019associazione \u201cL\u2019Artifizio Armonico\u201d col patrocinio del Comune di Feltre, \u00e8 resa possibile grazie al sodalizio con la Scuola comunale di musica \u201cSandi\u201d che concedere l\u2019utilizzo dei propri ambienti di Palazzo Zasio e le parrocchie del Duomo di Feltre. \u201cSiamo felici di continuare a sostenere un&#8217;iniziativa che negli anni \u00e8 riuscita a ritagliarsi un posto<br \/>\nimportante nell&#8217;estate feltrina \u2013 dichiara il sindaco Viviana Fusaro \u2013.<\/p>\n<p>L&#8217;Accademia di Musica Antica porta a Feltre musicisti, docenti e studenti provenienti anche dall&#8217;estero, facendo vivere il nostro centro storico non solo come cornice di concerti, ma come luogo di studio, incontro e scambio culturale. \u00c8 proprio questo uno degli aspetti che apprezziamo maggiormente:<\/p>\n<p>la capacit\u00e0 di unire la qualit\u00e0 artistica alla valorizzazione della citt\u00e0, creando un&#8217;esperienza che coinvolge i partecipanti e offre al pubblico occasioni di ascolto di grande livello. Un ringraziamento va all&#8217;associazione L&#8217;Artifizio Armonico, alla Scuola comunale di musica &#8220;Sandi&#8221;, alle parrocchie e a tutti i volontari che rendono possibile questa manifestazione\u201d<br \/>\nNata da un\u2019idea di Rapha\u00ebl Bortolotti con l\u2019obiettivo di promuovere e valorizzare il centro storico di Feltre attraverso lo studio della musica barocca, l\u2019iniziativa richiama ogni anno dalla Svizzera e non solo una trentina di partecipanti (tra corsisti, docenti e musicisti professionisti) che vivono per una settimana all\u2019interno della cittadella, affiancando allo studio quotidiano itinerari<br \/>\ntra storia, arte e cultura locali con escursioni e visite guidate.<br \/>\nL\u2019edizione 2026 propone quattro appuntamenti a ingresso libero, elaborati dall\u2019organista e clavicembalista feltrino Deniel Perer, che segue la manifestazione sin dalla sua prima edizione nel 2017. I concerti ad organico numeroso saranno alternati a progetti cameristici pi\u00f9 piccoli e occasioni divulgative, con particolare attenzione alla relazione tra musica, storia e identit\u00e0 dei luoghi.<\/p>\n<p>Luned\u00ec 20 luglio alle 18.00 nella chiesa di S. Maria degli angeli ci sar\u00e0 un\u2019anteprima dei concerti della settimana, con l\u2019evento Aspettando l\u2019Accademia, in cui sar\u00e0 possibile ascoltare delle arie di H\u00e4ndel cantate dai docenti dei corsi di canto Paola Crema, Claudia De Pian, Jeanne-Marie Leli\u00e8vre e Rapha\u00ebl Bortolotti insieme a un assaggio del concerto mozartiano dell\u2019indomani, offerto dal Quartetto Mezzaterra. Sar\u00e0 l\u2019occasione per presentare al pubblico il programma generale e le caratteristiche dei singoli appuntamenti.<\/p>\n<p>La chiesa di S. Maria degli angeli ospiter\u00e0 la sera di marted\u00ec 21 luglio alle 21.00 l\u2019evento di gala dell\u2019Accademia, ossia il Concerto Inaugurale in cui risuoneranno le note di Mozart grazie alla partecipazione del Quartetto Mezzaterra composto da Claudio Rado al violino, Elena Abbati alla viola, Giulio Padoin al violoncello e Deniel Perer al fortepiano. Verranno eseguiti il Trio in Si bemolle maggiore Kv 502 e il celebre Quartetto in Sol minore Kv 478, impiegando strumenti originali (o copie in stile) e suonando con il diapason viennese coevo a 430 Hertz.<\/p>\n<p>Presso la Galleria d\u2019arte moderna \u201cC. Rizzarda\u201d avr\u00e0 luogo gioved\u00ec 23 luglio alle 18.00 il tradizionale Aperitivo musicale con brindisi finale nel cortile del museo, in cui il violino di Elena Abbati e il violoncello di Giulio Padoin dialogheranno insieme in un immaginario viaggio musicale dalle Alpi verso Roma. I brani di Bonporti, Dall\u2019Abaco e altri autori saranno alternati alla lettura<br \/>\ndi alcuni passi tratti dai diari di viaggio di musicisti scesi in Italia durante il Settecento, come accadde per il giovane H\u00e4ndel che visse a Roma per circa due anni. La prenotazione per questo concerto \u00e8 obbligatoria (tel. 0439\/885234<br \/>\noppure 3272562682).<\/p>\n<p>Sabato 25 luglio alle 21.00 presso la chiesa di S. Giacomo si terr\u00e0 il Concerto Finale in cui i soli e il coro dei partecipanti all\u2019Accademia 2026, insieme ai docenti di canto e all\u2019ensemble strumentale L\u2019artifizio Armonico, presenteranno<br \/>\nil frutto della masterclass feltrina con un programma dedicato alla musica sacra di \u201cH\u00e4ndel a Roma\u201d in cui verranno proposti degli estratti dal celebre Dixit Dominus, La Resurrezione e Il Trionfo del Tempo e del Disinganno. Paola Crema e Jeanne-Marie Leli\u00e8vre soprani, Claudia De Pian mezzosoprano, Rapha\u00ebl Bortolotti tenore e maestro del coro, Deniel Perer organo e direzione.<\/p>","protected":false},"excerpt":{"rendered":"<p>Ottava edizione della masterclass di musica barocca nel centro storico di Feltre Torna a Feltre per la sua ottava edizione l\u2019Accademia di Musica Antica che, con le proprie lezioni e i tradizionali concerti, riempir\u00e0 di musica il centro storico cittadino, nel quale si respirer\u00e0 per una settimana l\u2019atmosfera della musica barocca. L\u2019iniziativa, realizzata dall\u2019associazione \u201cL\u2019Artifizio [&hellip;]<\/p>\n","protected":false},"author":2,"featured_media":165459,"comment_status":"closed","ping_status":"open","sticky":false,"template":"","format":"standard","meta":{"footnotes":""},"categories":[27,3,25],"tags":[],"class_list":["post-171981","post","type-post","status-publish","format-standard","has-post-thumbnail","category-appuntamenti","category-arte-cultura-spettacoli-scienza-archivi","category-pausa-caffe"],"yoast_head":"<!-- This site is optimized with the Yoast SEO plugin v28.4 - https:\/\/yoast.com\/product\/yoast-seo-wordpress\/ -->\n<title>Accademia di musica antica di Feltre: 4 concerti dal 20 al 25 luglio - Bellunopress - Dolomiti<\/title>\n<meta name=\"robots\" content=\"index, follow, max-snippet:-1, max-image-preview:large, max-video-preview:-1\" \/>\n<link rel=\"canonical\" href=\"https:\/\/www.bellunopress.it\/fr\/2026\/07\/17\/accademia-di-musica-antica-di-feltre-4-concerti-dal-20-al-25-luglio\/\" \/>\n<meta property=\"og:locale\" content=\"fr_FR\" \/>\n<meta property=\"og:type\" content=\"article\" \/>\n<meta property=\"og:title\" content=\"Accademia di musica antica di Feltre: 4 concerti dal 20 al 25 luglio - Bellunopress - Dolomiti\" \/>\n<meta property=\"og:description\" content=\"Ottava edizione della masterclass di musica barocca nel centro storico di Feltre Torna a Feltre per la sua ottava edizione l\u2019Accademia di Musica Antica che, con le proprie lezioni e i tradizionali concerti, riempir\u00e0 di musica il centro storico cittadino, nel quale si respirer\u00e0 per una settimana l\u2019atmosfera della musica barocca. L\u2019iniziativa, realizzata dall\u2019associazione \u201cL\u2019Artifizio [&hellip;]\" \/>\n<meta property=\"og:url\" content=\"https:\/\/www.bellunopress.it\/fr\/2026\/07\/17\/accademia-di-musica-antica-di-feltre-4-concerti-dal-20-al-25-luglio\/\" \/>\n<meta property=\"og:site_name\" content=\"Bellunopress - Dolomiti\" \/>\n<meta property=\"article:publisher\" content=\"https:\/\/www.facebook.com\/profile.php?id=100008943462799\" \/>\n<meta property=\"article:published_time\" content=\"2026-07-17T04:56:35+00:00\" \/>\n<meta property=\"og:image\" content=\"https:\/\/www.bellunopress.it\/wp-content\/uploads\/2025\/12\/Feltre-museo-diocesano-arte-sacra_edited.jpg\" \/>\n\t<meta property=\"og:image:width\" content=\"800\" \/>\n\t<meta property=\"og:image:height\" content=\"600\" \/>\n\t<meta property=\"og:image:type\" content=\"image\/jpeg\" \/>\n<meta name=\"author\" content=\"redazione\" \/>\n<meta name=\"twitter:card\" content=\"summary_large_image\" \/>\n<meta name=\"twitter:creator\" content=\"@bellunopress\" \/>\n<meta name=\"twitter:site\" content=\"@bellunopress\" \/>\n<meta name=\"twitter:label1\" content=\"Written by\" \/>\n\t<meta name=\"twitter:data1\" content=\"redazione\" \/>\n\t<meta name=\"twitter:label2\" content=\"Est. reading time\" \/>\n\t<meta name=\"twitter:data2\" content=\"4 minutes\" \/>\n<script type=\"application\/ld+json\" class=\"yoast-schema-graph\">{\"@context\":\"https:\\\/\\\/schema.org\",\"@graph\":[{\"@type\":\"Article\",\"@id\":\"https:\\\/\\\/www.bellunopress.it\\\/2026\\\/07\\\/17\\\/accademia-di-musica-antica-di-feltre-4-concerti-dal-20-al-25-luglio\\\/#article\",\"isPartOf\":{\"@id\":\"https:\\\/\\\/www.bellunopress.it\\\/2026\\\/07\\\/17\\\/accademia-di-musica-antica-di-feltre-4-concerti-dal-20-al-25-luglio\\\/\"},\"author\":{\"name\":\"redazione\",\"@id\":\"https:\\\/\\\/www.bellunopress.it\\\/#\\\/schema\\\/person\\\/79bb06722b37ece1c03d3e94beb30d73\"},\"headline\":\"Accademia di musica antica di Feltre: 4 concerti dal 20 al 25 luglio\",\"datePublished\":\"2026-07-17T04:56:35+00:00\",\"mainEntityOfPage\":{\"@id\":\"https:\\\/\\\/www.bellunopress.it\\\/2026\\\/07\\\/17\\\/accademia-di-musica-antica-di-feltre-4-concerti-dal-20-al-25-luglio\\\/\"},\"wordCount\":724,\"publisher\":{\"@id\":\"https:\\\/\\\/www.bellunopress.it\\\/#organization\"},\"image\":{\"@id\":\"https:\\\/\\\/www.bellunopress.it\\\/2026\\\/07\\\/17\\\/accademia-di-musica-antica-di-feltre-4-concerti-dal-20-al-25-luglio\\\/#primaryimage\"},\"thumbnailUrl\":\"https:\\\/\\\/www.bellunopress.it\\\/wp-content\\\/uploads\\\/2025\\\/12\\\/Feltre-museo-diocesano-arte-sacra_edited.jpg\",\"articleSection\":[\"Appuntamenti, Eventi\",\"Arte, Cultura, Spettacoli, Scienza\",\"Pausa Caff\u00e8\"],\"inLanguage\":\"fr-FR\"},{\"@type\":\"WebPage\",\"@id\":\"https:\\\/\\\/www.bellunopress.it\\\/2026\\\/07\\\/17\\\/accademia-di-musica-antica-di-feltre-4-concerti-dal-20-al-25-luglio\\\/\",\"url\":\"https:\\\/\\\/www.bellunopress.it\\\/2026\\\/07\\\/17\\\/accademia-di-musica-antica-di-feltre-4-concerti-dal-20-al-25-luglio\\\/\",\"name\":\"Accademia di musica antica di Feltre: 4 concerti dal 20 al 25 luglio - Bellunopress - Dolomiti\",\"isPartOf\":{\"@id\":\"https:\\\/\\\/www.bellunopress.it\\\/#website\"},\"primaryImageOfPage\":{\"@id\":\"https:\\\/\\\/www.bellunopress.it\\\/2026\\\/07\\\/17\\\/accademia-di-musica-antica-di-feltre-4-concerti-dal-20-al-25-luglio\\\/#primaryimage\"},\"image\":{\"@id\":\"https:\\\/\\\/www.bellunopress.it\\\/2026\\\/07\\\/17\\\/accademia-di-musica-antica-di-feltre-4-concerti-dal-20-al-25-luglio\\\/#primaryimage\"},\"thumbnailUrl\":\"https:\\\/\\\/www.bellunopress.it\\\/wp-content\\\/uploads\\\/2025\\\/12\\\/Feltre-museo-diocesano-arte-sacra_edited.jpg\",\"datePublished\":\"2026-07-17T04:56:35+00:00\",\"breadcrumb\":{\"@id\":\"https:\\\/\\\/www.bellunopress.it\\\/2026\\\/07\\\/17\\\/accademia-di-musica-antica-di-feltre-4-concerti-dal-20-al-25-luglio\\\/#breadcrumb\"},\"inLanguage\":\"fr-FR\",\"potentialAction\":[{\"@type\":\"ReadAction\",\"target\":[\"https:\\\/\\\/www.bellunopress.it\\\/2026\\\/07\\\/17\\\/accademia-di-musica-antica-di-feltre-4-concerti-dal-20-al-25-luglio\\\/\"]}]},{\"@type\":\"ImageObject\",\"inLanguage\":\"fr-FR\",\"@id\":\"https:\\\/\\\/www.bellunopress.it\\\/2026\\\/07\\\/17\\\/accademia-di-musica-antica-di-feltre-4-concerti-dal-20-al-25-luglio\\\/#primaryimage\",\"url\":\"https:\\\/\\\/www.bellunopress.it\\\/wp-content\\\/uploads\\\/2025\\\/12\\\/Feltre-museo-diocesano-arte-sacra_edited.jpg\",\"contentUrl\":\"https:\\\/\\\/www.bellunopress.it\\\/wp-content\\\/uploads\\\/2025\\\/12\\\/Feltre-museo-diocesano-arte-sacra_edited.jpg\",\"width\":800,\"height\":600,\"caption\":\"Museo Diocesano di Arte Sacra - Feltre\"},{\"@type\":\"BreadcrumbList\",\"@id\":\"https:\\\/\\\/www.bellunopress.it\\\/2026\\\/07\\\/17\\\/accademia-di-musica-antica-di-feltre-4-concerti-dal-20-al-25-luglio\\\/#breadcrumb\",\"itemListElement\":[{\"@type\":\"ListItem\",\"position\":1,\"name\":\"Home\",\"item\":\"https:\\\/\\\/www.bellunopress.it\\\/\"},{\"@type\":\"ListItem\",\"position\":2,\"name\":\"Accademia di musica antica di Feltre: 4 concerti dal 20 al 25 luglio\"}]},{\"@type\":\"WebSite\",\"@id\":\"https:\\\/\\\/www.bellunopress.it\\\/#website\",\"url\":\"https:\\\/\\\/www.bellunopress.it\\\/\",\"name\":\"Bellunopress - Dolomiti\",\"description\":\"e-mail: redazione@bellunopress.it\",\"publisher\":{\"@id\":\"https:\\\/\\\/www.bellunopress.it\\\/#organization\"},\"potentialAction\":[{\"@type\":\"SearchAction\",\"target\":{\"@type\":\"EntryPoint\",\"urlTemplate\":\"https:\\\/\\\/www.bellunopress.it\\\/?s={search_term_string}\"},\"query-input\":{\"@type\":\"PropertyValueSpecification\",\"valueRequired\":true,\"valueName\":\"search_term_string\"}}],\"inLanguage\":\"fr-FR\"},{\"@type\":\"Organization\",\"@id\":\"https:\\\/\\\/www.bellunopress.it\\\/#organization\",\"name\":\"Bellunopress\",\"url\":\"https:\\\/\\\/www.bellunopress.it\\\/\",\"logo\":{\"@type\":\"ImageObject\",\"inLanguage\":\"fr-FR\",\"@id\":\"https:\\\/\\\/www.bellunopress.it\\\/#\\\/schema\\\/logo\\\/image\\\/\",\"url\":\"https:\\\/\\\/www.bellunopress.it\\\/wp-content\\\/uploads\\\/2011\\\/05\\\/cropped-logo-bellunopress-.jpg\",\"contentUrl\":\"https:\\\/\\\/www.bellunopress.it\\\/wp-content\\\/uploads\\\/2011\\\/05\\\/cropped-logo-bellunopress-.jpg\",\"width\":512,\"height\":512,\"caption\":\"Bellunopress\"},\"image\":{\"@id\":\"https:\\\/\\\/www.bellunopress.it\\\/#\\\/schema\\\/logo\\\/image\\\/\"},\"sameAs\":[\"https:\\\/\\\/www.facebook.com\\\/profile.php?id=100008943462799\",\"https:\\\/\\\/x.com\\\/bellunopress\",\"https:\\\/\\\/www.linkedin.com\\\/hp\\\/?dnr=JBzUWaJfMUw8vbXJJ2tVW5-I3jZKvC4wsoxE&amp;amp;amp;amp;amp;amp;trk=nav_responsive_tab_home\",\"https:\\\/\\\/www.youtube.com\\\/channel\\\/UCxL0wu1uN0_3_7hGG0306cw\"]},{\"@type\":\"Person\",\"@id\":\"https:\\\/\\\/www.bellunopress.it\\\/#\\\/schema\\\/person\\\/79bb06722b37ece1c03d3e94beb30d73\",\"name\":\"redazione\",\"image\":{\"@type\":\"ImageObject\",\"inLanguage\":\"fr-FR\",\"@id\":\"https:\\\/\\\/secure.gravatar.com\\\/avatar\\\/37d968a2e67a6fd04c169c4bdef102d0bc5d31b2546345219e348575eb80e9a0?s=96&d=mm&r=g\",\"url\":\"https:\\\/\\\/secure.gravatar.com\\\/avatar\\\/37d968a2e67a6fd04c169c4bdef102d0bc5d31b2546345219e348575eb80e9a0?s=96&d=mm&r=g\",\"contentUrl\":\"https:\\\/\\\/secure.gravatar.com\\\/avatar\\\/37d968a2e67a6fd04c169c4bdef102d0bc5d31b2546345219e348575eb80e9a0?s=96&d=mm&r=g\",\"caption\":\"redazione\"},\"sameAs\":[\"http:\\\/\\\/www.bellunopress.it\",\"https:\\\/\\\/x.com\\\/bellunopress\"],\"url\":\"https:\\\/\\\/www.bellunopress.it\\\/fr\\\/author\\\/redazione\\\/\"}]}<\/script>\n<!-- \/ Yoast SEO plugin. -->","yoast_head_json":{"title":"Accademia di musica antica di Feltre: 4 concerti dal 20 al 25 luglio - Bellunopress - Dolomiti","robots":{"index":"index","follow":"follow","max-snippet":"max-snippet:-1","max-image-preview":"max-image-preview:large","max-video-preview":"max-video-preview:-1"},"canonical":"https:\/\/www.bellunopress.it\/fr\/2026\/07\/17\/accademia-di-musica-antica-di-feltre-4-concerti-dal-20-al-25-luglio\/","og_locale":"fr_FR","og_type":"article","og_title":"Accademia di musica antica di Feltre: 4 concerti dal 20 al 25 luglio - Bellunopress - Dolomiti","og_description":"Ottava edizione della masterclass di musica barocca nel centro storico di Feltre Torna a Feltre per la sua ottava edizione l\u2019Accademia di Musica Antica che, con le proprie lezioni e i tradizionali concerti, riempir\u00e0 di musica il centro storico cittadino, nel quale si respirer\u00e0 per una settimana l\u2019atmosfera della musica barocca. L\u2019iniziativa, realizzata dall\u2019associazione \u201cL\u2019Artifizio [&hellip;]","og_url":"https:\/\/www.bellunopress.it\/fr\/2026\/07\/17\/accademia-di-musica-antica-di-feltre-4-concerti-dal-20-al-25-luglio\/","og_site_name":"Bellunopress - Dolomiti","article_publisher":"https:\/\/www.facebook.com\/profile.php?id=100008943462799","article_published_time":"2026-07-17T04:56:35+00:00","og_image":[{"width":800,"height":600,"url":"https:\/\/www.bellunopress.it\/wp-content\/uploads\/2025\/12\/Feltre-museo-diocesano-arte-sacra_edited.jpg","type":"image\/jpeg"}],"author":"redazione","twitter_card":"summary_large_image","twitter_creator":"@bellunopress","twitter_site":"@bellunopress","twitter_misc":{"Written by":"redazione","Est. reading time":"4 minutes"},"schema":{"@context":"https:\/\/schema.org","@graph":[{"@type":"Article","@id":"https:\/\/www.bellunopress.it\/2026\/07\/17\/accademia-di-musica-antica-di-feltre-4-concerti-dal-20-al-25-luglio\/#article","isPartOf":{"@id":"https:\/\/www.bellunopress.it\/2026\/07\/17\/accademia-di-musica-antica-di-feltre-4-concerti-dal-20-al-25-luglio\/"},"author":{"name":"redazione","@id":"https:\/\/www.bellunopress.it\/#\/schema\/person\/79bb06722b37ece1c03d3e94beb30d73"},"headline":"Accademia di musica antica di Feltre: 4 concerti dal 20 al 25 luglio","datePublished":"2026-07-17T04:56:35+00:00","mainEntityOfPage":{"@id":"https:\/\/www.bellunopress.it\/2026\/07\/17\/accademia-di-musica-antica-di-feltre-4-concerti-dal-20-al-25-luglio\/"},"wordCount":724,"publisher":{"@id":"https:\/\/www.bellunopress.it\/#organization"},"image":{"@id":"https:\/\/www.bellunopress.it\/2026\/07\/17\/accademia-di-musica-antica-di-feltre-4-concerti-dal-20-al-25-luglio\/#primaryimage"},"thumbnailUrl":"https:\/\/www.bellunopress.it\/wp-content\/uploads\/2025\/12\/Feltre-museo-diocesano-arte-sacra_edited.jpg","articleSection":["Appuntamenti, Eventi","Arte, Cultura, Spettacoli, Scienza","Pausa Caff\u00e8"],"inLanguage":"fr-FR"},{"@type":"WebPage","@id":"https:\/\/www.bellunopress.it\/2026\/07\/17\/accademia-di-musica-antica-di-feltre-4-concerti-dal-20-al-25-luglio\/","url":"https:\/\/www.bellunopress.it\/2026\/07\/17\/accademia-di-musica-antica-di-feltre-4-concerti-dal-20-al-25-luglio\/","name":"Accademia di musica antica di Feltre: 4 concerti dal 20 al 25 luglio - Bellunopress - Dolomiti","isPartOf":{"@id":"https:\/\/www.bellunopress.it\/#website"},"primaryImageOfPage":{"@id":"https:\/\/www.bellunopress.it\/2026\/07\/17\/accademia-di-musica-antica-di-feltre-4-concerti-dal-20-al-25-luglio\/#primaryimage"},"image":{"@id":"https:\/\/www.bellunopress.it\/2026\/07\/17\/accademia-di-musica-antica-di-feltre-4-concerti-dal-20-al-25-luglio\/#primaryimage"},"thumbnailUrl":"https:\/\/www.bellunopress.it\/wp-content\/uploads\/2025\/12\/Feltre-museo-diocesano-arte-sacra_edited.jpg","datePublished":"2026-07-17T04:56:35+00:00","breadcrumb":{"@id":"https:\/\/www.bellunopress.it\/2026\/07\/17\/accademia-di-musica-antica-di-feltre-4-concerti-dal-20-al-25-luglio\/#breadcrumb"},"inLanguage":"fr-FR","potentialAction":[{"@type":"ReadAction","target":["https:\/\/www.bellunopress.it\/2026\/07\/17\/accademia-di-musica-antica-di-feltre-4-concerti-dal-20-al-25-luglio\/"]}]},{"@type":"ImageObject","inLanguage":"fr-FR","@id":"https:\/\/www.bellunopress.it\/2026\/07\/17\/accademia-di-musica-antica-di-feltre-4-concerti-dal-20-al-25-luglio\/#primaryimage","url":"https:\/\/www.bellunopress.it\/wp-content\/uploads\/2025\/12\/Feltre-museo-diocesano-arte-sacra_edited.jpg","contentUrl":"https:\/\/www.bellunopress.it\/wp-content\/uploads\/2025\/12\/Feltre-museo-diocesano-arte-sacra_edited.jpg","width":800,"height":600,"caption":"Museo Diocesano di Arte Sacra - Feltre"},{"@type":"BreadcrumbList","@id":"https:\/\/www.bellunopress.it\/2026\/07\/17\/accademia-di-musica-antica-di-feltre-4-concerti-dal-20-al-25-luglio\/#breadcrumb","itemListElement":[{"@type":"ListItem","position":1,"name":"Home","item":"https:\/\/www.bellunopress.it\/"},{"@type":"ListItem","position":2,"name":"Accademia di musica antica di Feltre: 4 concerti dal 20 al 25 luglio"}]},{"@type":"WebSite","@id":"https:\/\/www.bellunopress.it\/#website","url":"https:\/\/www.bellunopress.it\/","name":"Bellunopress - Dolomiti","description":"e-mail: redazione@bellunopress.it","publisher":{"@id":"https:\/\/www.bellunopress.it\/#organization"},"potentialAction":[{"@type":"SearchAction","target":{"@type":"EntryPoint","urlTemplate":"https:\/\/www.bellunopress.it\/?s={search_term_string}"},"query-input":{"@type":"PropertyValueSpecification","valueRequired":true,"valueName":"search_term_string"}}],"inLanguage":"fr-FR"},{"@type":"Organization","@id":"https:\/\/www.bellunopress.it\/#organization","name":"Bellunopress","url":"https:\/\/www.bellunopress.it\/","logo":{"@type":"ImageObject","inLanguage":"fr-FR","@id":"https:\/\/www.bellunopress.it\/#\/schema\/logo\/image\/","url":"https:\/\/www.bellunopress.it\/wp-content\/uploads\/2011\/05\/cropped-logo-bellunopress-.jpg","contentUrl":"https:\/\/www.bellunopress.it\/wp-content\/uploads\/2011\/05\/cropped-logo-bellunopress-.jpg","width":512,"height":512,"caption":"Bellunopress"},"image":{"@id":"https:\/\/www.bellunopress.it\/#\/schema\/logo\/image\/"},"sameAs":["https:\/\/www.facebook.com\/profile.php?id=100008943462799","https:\/\/x.com\/bellunopress","https:\/\/www.linkedin.com\/hp\/?dnr=JBzUWaJfMUw8vbXJJ2tVW5-I3jZKvC4wsoxE&amp;amp;amp;amp;amp;amp;trk=nav_responsive_tab_home","https:\/\/www.youtube.com\/channel\/UCxL0wu1uN0_3_7hGG0306cw"]},{"@type":"Person","@id":"https:\/\/www.bellunopress.it\/#\/schema\/person\/79bb06722b37ece1c03d3e94beb30d73","name":"r\u00e9daction","image":{"@type":"ImageObject","inLanguage":"fr-FR","@id":"https:\/\/secure.gravatar.com\/avatar\/37d968a2e67a6fd04c169c4bdef102d0bc5d31b2546345219e348575eb80e9a0?s=96&d=mm&r=g","url":"https:\/\/secure.gravatar.com\/avatar\/37d968a2e67a6fd04c169c4bdef102d0bc5d31b2546345219e348575eb80e9a0?s=96&d=mm&r=g","contentUrl":"https:\/\/secure.gravatar.com\/avatar\/37d968a2e67a6fd04c169c4bdef102d0bc5d31b2546345219e348575eb80e9a0?s=96&d=mm&r=g","caption":"redazione"},"sameAs":["http:\/\/www.bellunopress.it","https:\/\/x.com\/bellunopress"],"url":"https:\/\/www.bellunopress.it\/fr\/author\/redazione\/"}]}},"_links":{"self":[{"href":"https:\/\/www.bellunopress.it\/fr\/wp-json\/wp\/v2\/posts\/171981","targetHints":{"allow":["GET"]}}],"collection":[{"href":"https:\/\/www.bellunopress.it\/fr\/wp-json\/wp\/v2\/posts"}],"about":[{"href":"https:\/\/www.bellunopress.it\/fr\/wp-json\/wp\/v2\/types\/post"}],"author":[{"embeddable":true,"href":"https:\/\/www.bellunopress.it\/fr\/wp-json\/wp\/v2\/users\/2"}],"replies":[{"embeddable":true,"href":"https:\/\/www.bellunopress.it\/fr\/wp-json\/wp\/v2\/comments?post=171981"}],"version-history":[{"count":1,"href":"https:\/\/www.bellunopress.it\/fr\/wp-json\/wp\/v2\/posts\/171981\/revisions"}],"predecessor-version":[{"id":171982,"href":"https:\/\/www.bellunopress.it\/fr\/wp-json\/wp\/v2\/posts\/171981\/revisions\/171982"}],"wp:featuredmedia":[{"embeddable":true,"href":"https:\/\/www.bellunopress.it\/fr\/wp-json\/wp\/v2\/media\/165459"}],"wp:attachment":[{"href":"https:\/\/www.bellunopress.it\/fr\/wp-json\/wp\/v2\/media?parent=171981"}],"wp:term":[{"taxonomy":"category","embeddable":true,"href":"https:\/\/www.bellunopress.it\/fr\/wp-json\/wp\/v2\/categories?post=171981"},{"taxonomy":"post_tag","embeddable":true,"href":"https:\/\/www.bellunopress.it\/fr\/wp-json\/wp\/v2\/tags?post=171981"}],"curies":[{"name":"wp","href":"https:\/\/api.w.org\/{rel}","templated":true}]}}