{"id":171972,"date":"2026-07-16T19:55:54","date_gmt":"2026-07-16T17:55:54","guid":{"rendered":"https:\/\/www.bellunopress.it\/?p=171972"},"modified":"2026-07-16T19:55:54","modified_gmt":"2026-07-16T17:55:54","slug":"giovanifuturo-apre-la-fase-costituente-del-movimento-nazionale-ne-destra-ne-sinistra-centro","status":"publish","type":"post","link":"https:\/\/www.bellunopress.it\/fr\/2026\/07\/16\/giovanifuturo-apre-la-fase-costituente-del-movimento-nazionale-ne-destra-ne-sinistra-centro\/","title":{"rendered":"Giovani&#038;Futuro apre la fase costituente del movimento nazionale. N\u00e9 destra, n\u00e9 sinistra&#8230; Centro?"},"content":{"rendered":"<p><strong>Sul posizionamento politico, Giovani&amp;Futuro conferma la propria linea autonoma rispetto agli<\/strong><br \/>\n<strong>schieramenti tradizionali<\/strong><\/p>\n<p><strong>Frescura: \u00abInizia un percorso aperto, serio e partecipato per costruire una nuova proposta politica. Il futuro non si aspetta: si costruisce\u00bb<\/strong><\/p>\n<p>Dopo oltre tre anni di attivit\u00e0, iniziative sui territori e confronto con amministratori, giovani, professionisti e cittadini, Giovani&amp;Futuro apre ufficialmente la propria fase costituente, avviando un nuovo percorso di crescita verso la costruzione di un movimento politico nazionale.<br \/>\nGiovani&amp;Futuro ha lavorato in questi anni per promuovere la partecipazione civica, favorire la formazione di una nuova classe dirigente e il protagonismo delle nuove generazioni. Un percorso che oggi entra in una fase nuova e pi\u00f9 ambiziosa.<\/p>\n<p>\u00abLa fase costituente \u00e8 il momento in cui costruiremo le fondamenta del movimento: idee, organizzazione, regole, programma e una rete sempre pi\u00f9 solida e presente nei territori\u00bb, afferma Federica Vennitti, presidente della sezione regionale Abruzzo e della Conferenza dei presidenti delle sezioni regionali di Giovani&amp;Futuro.<\/p>\n<p>\u00abSar\u00e0 un percorso aperto al confronto e alla partecipazione di chi condivide la volont\u00e0 di contribuire alla nascita di una proposta politica seria, credibile e radicata. Vogliamo valorizzare le esperienze maturate in questi anni e coinvolgere nuove persone, nuove competenze e nuove energie\u00bb afferma Vennitti.<\/p>\n<p>\u00abDopo tre anni di lavoro sentiamo che \u00e8 arrivato il momento di compiere un passo importante\u00bb, dichiara il presidente nazionale Luca Frescura. \u00abLa fase costituente non \u00e8 un punto di arrivo, ma l\u2019inizio di un percorso che vogliamo costruire insieme. Non serve a chiudere il progetto, ma ad aprirlo al contributo di tutte le persone convinte che la politica debba tornare a essere competenza, partecipazione, responsabilit\u00e0 e vicinanza ai problemi di ogni giorno. La politica deve tornare a<br \/>\nessere uno strumento per trovare soluzioni ai problemi reali\u00bb.<\/p>\n<p>\u00abViviamo in un tempo nel quale molti cittadini si sentono lontani dalla politica. Noi vogliamo fare l\u2019opposto: creare uno spazio nel quale idee, energie ed esperienze possano incontrarsi. Un movimento giovane nello spirito, libero nelle idee, radicato nei territori e capace di guardare al futuro con seriet\u00e0 e concretezza\u00bb.<\/p>\n<p>Sul posizionamento politico, Giovani&amp;Futuro conferma la propria linea autonoma rispetto agli<br \/>\nschieramenti tradizionali.<\/p>\n<p>\u00abSiamo stanchi della continua contrapposizione tra destra e sinistra\u00bb, prosegue Frescura. \u00abAnche quanto accaduto alla Camera sul ripristino delle preferenze per l\u2019elezione del Parlamento ha mostrato ancora una volta i limiti di una politica bloccata nelle proprie logiche. Noi crediamo sia possibile costruire un modo diverso di fare politica: ascoltare, affrontare i problemi e proporre<br \/>\nsoluzioni concrete, senza lasciarsi ingabbiare da appartenenze ideologiche ormai superate\u00bb.<\/p>\n<p>Frescura richiama quindi l\u2019esperienza maturata in provincia di Belluno, territorio nel quale Giovani&amp;Futuro \u00e8 nato.<br \/>\n\u00abSi tende spesso a semplificare, prendiamo ad esempio due temi importanti: sanit\u00e0 e imprese. Il primo tema viene visto pi\u00f9 di sinistra, il secondo pi\u00f9 di destra. Ma guardiamo ai fatti. Nella Conferenza dei sindaci del Bellunese, gli amministratori di Giovani&amp;Futuro sono stati gli unici a chiedere con maggiore forza interventi per migliorare la sanit\u00e0. Allo stesso tempo, il Comune di Danta di Cadore, amministrato da Giovani&amp;Futuro, \u00e8 stato il primo, e tra i pochi, a introdurre un<br \/>\ncontributo per aiutare famiglie e imprese ad affrontare il caro utenze\u00bb.<\/p>\n<p>\u00abQuesta esperienza dimostra che, quando ci sono passione, buon senso e volont\u00e0 di migliorare le cose, all\u2019interno della stessa proposta politica possono convivere sensibilit\u00e0 e temi che le vecchie categorie vorrebbero tenere separati. A noi interessano le soluzioni, non le etichette\u00bb.<br \/>\nNei prossimi mesi Giovani&amp;Futuro promuover\u00e0 incontri territoriali, momenti di ascolto e gruppi di lavoro, con l\u2019obiettivo di definire il manifesto politico, rafforzare l\u2019organizzazione nazionale e coinvolgere nuove persone nel progetto.<\/p>\n<p>\u00abLa fase costituente significa esattamente questo: ascoltare, coinvolgere e costruire\u00bb, concludono Frescura e Vennitti. \u00abIl futuro dell\u2019Italia non pu\u00f2 aspettare. Servono idee, coraggio, competenze e responsabilit\u00e0. \u00c8 da qui che vogliamo partire\u00bb.<\/p>","protected":false},"excerpt":{"rendered":"<p>Sul posizionamento politico, Giovani&amp;Futuro conferma la propria linea autonoma rispetto agli schieramenti tradizionali Frescura: \u00abInizia un percorso aperto, serio e partecipato per costruire una nuova proposta politica. Il futuro non si aspetta: si costruisce\u00bb Dopo oltre tre anni di attivit\u00e0, iniziative sui territori e confronto con amministratori, giovani, professionisti e cittadini, Giovani&amp;Futuro apre ufficialmente la [&hellip;]<\/p>\n","protected":false},"author":2,"featured_media":171973,"comment_status":"closed","ping_status":"open","sticky":false,"template":"","format":"standard","meta":{"footnotes":""},"categories":[5,26],"tags":[],"class_list":["post-171972","post","type-post","status-publish","format-standard","has-post-thumbnail","category-cronaca","category-prima-pagina"],"yoast_head":"<!-- This site is optimized with the Yoast SEO plugin v28.4 - https:\/\/yoast.com\/product\/yoast-seo-wordpress\/ -->\n<title>Giovani&amp;Futuro apre la fase costituente del movimento nazionale. N\u00e9 destra, n\u00e9 sinistra... Centro? - Bellunopress - Dolomiti<\/title>\n<meta name=\"robots\" content=\"index, follow, max-snippet:-1, max-image-preview:large, max-video-preview:-1\" \/>\n<link rel=\"canonical\" href=\"https:\/\/www.bellunopress.it\/fr\/2026\/07\/16\/giovanifuturo-apre-la-fase-costituente-del-movimento-nazionale-ne-destra-ne-sinistra-centro\/\" \/>\n<meta property=\"og:locale\" content=\"fr_FR\" \/>\n<meta property=\"og:type\" content=\"article\" \/>\n<meta property=\"og:title\" content=\"Giovani&amp;Futuro apre la fase costituente del movimento nazionale. N\u00e9 destra, n\u00e9 sinistra... Centro? - Bellunopress - Dolomiti\" \/>\n<meta property=\"og:description\" content=\"Sul posizionamento politico, Giovani&amp;Futuro conferma la propria linea autonoma rispetto agli schieramenti tradizionali Frescura: \u00abInizia un percorso aperto, serio e partecipato per costruire una nuova proposta politica. Il futuro non si aspetta: si costruisce\u00bb Dopo oltre tre anni di attivit\u00e0, iniziative sui territori e confronto con amministratori, giovani, professionisti e cittadini, Giovani&amp;Futuro apre ufficialmente la [&hellip;]\" \/>\n<meta property=\"og:url\" content=\"https:\/\/www.bellunopress.it\/fr\/2026\/07\/16\/giovanifuturo-apre-la-fase-costituente-del-movimento-nazionale-ne-destra-ne-sinistra-centro\/\" \/>\n<meta property=\"og:site_name\" content=\"Bellunopress - Dolomiti\" \/>\n<meta property=\"article:publisher\" content=\"https:\/\/www.facebook.com\/profile.php?id=100008943462799\" \/>\n<meta property=\"article:published_time\" content=\"2026-07-16T17:55:54+00:00\" \/>\n<meta property=\"og:image\" content=\"https:\/\/www.bellunopress.it\/wp-content\/uploads\/2026\/07\/Vennitti-Frescura.jpeg\" \/>\n\t<meta property=\"og:image:width\" content=\"500\" \/>\n\t<meta property=\"og:image:height\" content=\"393\" \/>\n\t<meta property=\"og:image:type\" content=\"image\/jpeg\" \/>\n<meta name=\"author\" content=\"redazione\" \/>\n<meta name=\"twitter:card\" content=\"summary_large_image\" \/>\n<meta name=\"twitter:creator\" content=\"@bellunopress\" \/>\n<meta name=\"twitter:site\" content=\"@bellunopress\" \/>\n<meta name=\"twitter:label1\" content=\"\u00c9crit par\" \/>\n\t<meta name=\"twitter:data1\" content=\"redazione\" \/>\n\t<meta name=\"twitter:label2\" content=\"Dur\u00e9e de lecture estim\u00e9e\" \/>\n\t<meta name=\"twitter:data2\" content=\"4 minutes\" \/>\n<script type=\"application\/ld+json\" class=\"yoast-schema-graph\">{\"@context\":\"https:\\\/\\\/schema.org\",\"@graph\":[{\"@type\":\"Article\",\"@id\":\"https:\\\/\\\/www.bellunopress.it\\\/2026\\\/07\\\/16\\\/giovanifuturo-apre-la-fase-costituente-del-movimento-nazionale-ne-destra-ne-sinistra-centro\\\/#article\",\"isPartOf\":{\"@id\":\"https:\\\/\\\/www.bellunopress.it\\\/2026\\\/07\\\/16\\\/giovanifuturo-apre-la-fase-costituente-del-movimento-nazionale-ne-destra-ne-sinistra-centro\\\/\"},\"author\":{\"name\":\"redazione\",\"@id\":\"https:\\\/\\\/www.bellunopress.it\\\/#\\\/schema\\\/person\\\/79bb06722b37ece1c03d3e94beb30d73\"},\"headline\":\"Giovani&#038;Futuro apre la fase costituente del movimento nazionale. N\u00e9 destra, n\u00e9 sinistra&#8230; Centro?\",\"datePublished\":\"2026-07-16T17:55:54+00:00\",\"mainEntityOfPage\":{\"@id\":\"https:\\\/\\\/www.bellunopress.it\\\/2026\\\/07\\\/16\\\/giovanifuturo-apre-la-fase-costituente-del-movimento-nazionale-ne-destra-ne-sinistra-centro\\\/\"},\"wordCount\":654,\"publisher\":{\"@id\":\"https:\\\/\\\/www.bellunopress.it\\\/#organization\"},\"image\":{\"@id\":\"https:\\\/\\\/www.bellunopress.it\\\/2026\\\/07\\\/16\\\/giovanifuturo-apre-la-fase-costituente-del-movimento-nazionale-ne-destra-ne-sinistra-centro\\\/#primaryimage\"},\"thumbnailUrl\":\"https:\\\/\\\/www.bellunopress.it\\\/wp-content\\\/uploads\\\/2026\\\/07\\\/Vennitti-Frescura.jpeg\",\"articleSection\":[\"Cronaca\\\/Politica\",\"Prima Pagina\"],\"inLanguage\":\"fr-FR\"},{\"@type\":\"WebPage\",\"@id\":\"https:\\\/\\\/www.bellunopress.it\\\/2026\\\/07\\\/16\\\/giovanifuturo-apre-la-fase-costituente-del-movimento-nazionale-ne-destra-ne-sinistra-centro\\\/\",\"url\":\"https:\\\/\\\/www.bellunopress.it\\\/2026\\\/07\\\/16\\\/giovanifuturo-apre-la-fase-costituente-del-movimento-nazionale-ne-destra-ne-sinistra-centro\\\/\",\"name\":\"Giovani&Futuro apre la fase costituente del movimento nazionale. N\u00e9 destra, n\u00e9 sinistra... Centro? - Bellunopress - Dolomiti\",\"isPartOf\":{\"@id\":\"https:\\\/\\\/www.bellunopress.it\\\/#website\"},\"primaryImageOfPage\":{\"@id\":\"https:\\\/\\\/www.bellunopress.it\\\/2026\\\/07\\\/16\\\/giovanifuturo-apre-la-fase-costituente-del-movimento-nazionale-ne-destra-ne-sinistra-centro\\\/#primaryimage\"},\"image\":{\"@id\":\"https:\\\/\\\/www.bellunopress.it\\\/2026\\\/07\\\/16\\\/giovanifuturo-apre-la-fase-costituente-del-movimento-nazionale-ne-destra-ne-sinistra-centro\\\/#primaryimage\"},\"thumbnailUrl\":\"https:\\\/\\\/www.bellunopress.it\\\/wp-content\\\/uploads\\\/2026\\\/07\\\/Vennitti-Frescura.jpeg\",\"datePublished\":\"2026-07-16T17:55:54+00:00\",\"breadcrumb\":{\"@id\":\"https:\\\/\\\/www.bellunopress.it\\\/2026\\\/07\\\/16\\\/giovanifuturo-apre-la-fase-costituente-del-movimento-nazionale-ne-destra-ne-sinistra-centro\\\/#breadcrumb\"},\"inLanguage\":\"fr-FR\",\"potentialAction\":[{\"@type\":\"ReadAction\",\"target\":[\"https:\\\/\\\/www.bellunopress.it\\\/2026\\\/07\\\/16\\\/giovanifuturo-apre-la-fase-costituente-del-movimento-nazionale-ne-destra-ne-sinistra-centro\\\/\"]}]},{\"@type\":\"ImageObject\",\"inLanguage\":\"fr-FR\",\"@id\":\"https:\\\/\\\/www.bellunopress.it\\\/2026\\\/07\\\/16\\\/giovanifuturo-apre-la-fase-costituente-del-movimento-nazionale-ne-destra-ne-sinistra-centro\\\/#primaryimage\",\"url\":\"https:\\\/\\\/www.bellunopress.it\\\/wp-content\\\/uploads\\\/2026\\\/07\\\/Vennitti-Frescura.jpeg\",\"contentUrl\":\"https:\\\/\\\/www.bellunopress.it\\\/wp-content\\\/uploads\\\/2026\\\/07\\\/Vennitti-Frescura.jpeg\",\"width\":500,\"height\":393,\"caption\":\"Federica Vennitti e Luca Frescura\"},{\"@type\":\"BreadcrumbList\",\"@id\":\"https:\\\/\\\/www.bellunopress.it\\\/2026\\\/07\\\/16\\\/giovanifuturo-apre-la-fase-costituente-del-movimento-nazionale-ne-destra-ne-sinistra-centro\\\/#breadcrumb\",\"itemListElement\":[{\"@type\":\"ListItem\",\"position\":1,\"name\":\"Home\",\"item\":\"https:\\\/\\\/www.bellunopress.it\\\/\"},{\"@type\":\"ListItem\",\"position\":2,\"name\":\"Giovani&#038;Futuro apre la fase costituente del movimento nazionale. N\u00e9 destra, n\u00e9 sinistra&#8230; Centro?\"}]},{\"@type\":\"WebSite\",\"@id\":\"https:\\\/\\\/www.bellunopress.it\\\/#website\",\"url\":\"https:\\\/\\\/www.bellunopress.it\\\/\",\"name\":\"Bellunopress - Dolomiti\",\"description\":\"e-mail: redazione@bellunopress.it\",\"publisher\":{\"@id\":\"https:\\\/\\\/www.bellunopress.it\\\/#organization\"},\"potentialAction\":[{\"@type\":\"SearchAction\",\"target\":{\"@type\":\"EntryPoint\",\"urlTemplate\":\"https:\\\/\\\/www.bellunopress.it\\\/?s={search_term_string}\"},\"query-input\":{\"@type\":\"PropertyValueSpecification\",\"valueRequired\":true,\"valueName\":\"search_term_string\"}}],\"inLanguage\":\"fr-FR\"},{\"@type\":\"Organization\",\"@id\":\"https:\\\/\\\/www.bellunopress.it\\\/#organization\",\"name\":\"Bellunopress\",\"url\":\"https:\\\/\\\/www.bellunopress.it\\\/\",\"logo\":{\"@type\":\"ImageObject\",\"inLanguage\":\"fr-FR\",\"@id\":\"https:\\\/\\\/www.bellunopress.it\\\/#\\\/schema\\\/logo\\\/image\\\/\",\"url\":\"https:\\\/\\\/www.bellunopress.it\\\/wp-content\\\/uploads\\\/2011\\\/05\\\/cropped-logo-bellunopress-.jpg\",\"contentUrl\":\"https:\\\/\\\/www.bellunopress.it\\\/wp-content\\\/uploads\\\/2011\\\/05\\\/cropped-logo-bellunopress-.jpg\",\"width\":512,\"height\":512,\"caption\":\"Bellunopress\"},\"image\":{\"@id\":\"https:\\\/\\\/www.bellunopress.it\\\/#\\\/schema\\\/logo\\\/image\\\/\"},\"sameAs\":[\"https:\\\/\\\/www.facebook.com\\\/profile.php?id=100008943462799\",\"https:\\\/\\\/x.com\\\/bellunopress\",\"https:\\\/\\\/www.linkedin.com\\\/hp\\\/?dnr=JBzUWaJfMUw8vbXJJ2tVW5-I3jZKvC4wsoxE&amp;amp;amp;amp;amp;amp;trk=nav_responsive_tab_home\",\"https:\\\/\\\/www.youtube.com\\\/channel\\\/UCxL0wu1uN0_3_7hGG0306cw\"]},{\"@type\":\"Person\",\"@id\":\"https:\\\/\\\/www.bellunopress.it\\\/#\\\/schema\\\/person\\\/79bb06722b37ece1c03d3e94beb30d73\",\"name\":\"redazione\",\"image\":{\"@type\":\"ImageObject\",\"inLanguage\":\"fr-FR\",\"@id\":\"https:\\\/\\\/secure.gravatar.com\\\/avatar\\\/37d968a2e67a6fd04c169c4bdef102d0bc5d31b2546345219e348575eb80e9a0?s=96&d=mm&r=g\",\"url\":\"https:\\\/\\\/secure.gravatar.com\\\/avatar\\\/37d968a2e67a6fd04c169c4bdef102d0bc5d31b2546345219e348575eb80e9a0?s=96&d=mm&r=g\",\"contentUrl\":\"https:\\\/\\\/secure.gravatar.com\\\/avatar\\\/37d968a2e67a6fd04c169c4bdef102d0bc5d31b2546345219e348575eb80e9a0?s=96&d=mm&r=g\",\"caption\":\"redazione\"},\"sameAs\":[\"http:\\\/\\\/www.bellunopress.it\",\"https:\\\/\\\/x.com\\\/bellunopress\"],\"url\":\"https:\\\/\\\/www.bellunopress.it\\\/fr\\\/author\\\/redazione\\\/\"}]}<\/script>\n<!-- \/ Yoast SEO plugin. -->","yoast_head_json":{"title":"Giovani&Futuro apre la fase costituente del movimento nazionale. N\u00e9 destra, n\u00e9 sinistra... Centro? - Bellunopress - Dolomiti","robots":{"index":"index","follow":"follow","max-snippet":"max-snippet:-1","max-image-preview":"max-image-preview:large","max-video-preview":"max-video-preview:-1"},"canonical":"https:\/\/www.bellunopress.it\/fr\/2026\/07\/16\/giovanifuturo-apre-la-fase-costituente-del-movimento-nazionale-ne-destra-ne-sinistra-centro\/","og_locale":"fr_FR","og_type":"article","og_title":"Giovani&Futuro apre la fase costituente del movimento nazionale. N\u00e9 destra, n\u00e9 sinistra... Centro? - Bellunopress - Dolomiti","og_description":"Sul posizionamento politico, Giovani&amp;Futuro conferma la propria linea autonoma rispetto agli schieramenti tradizionali Frescura: \u00abInizia un percorso aperto, serio e partecipato per costruire una nuova proposta politica. Il futuro non si aspetta: si costruisce\u00bb Dopo oltre tre anni di attivit\u00e0, iniziative sui territori e confronto con amministratori, giovani, professionisti e cittadini, Giovani&amp;Futuro apre ufficialmente la [&hellip;]","og_url":"https:\/\/www.bellunopress.it\/fr\/2026\/07\/16\/giovanifuturo-apre-la-fase-costituente-del-movimento-nazionale-ne-destra-ne-sinistra-centro\/","og_site_name":"Bellunopress - Dolomiti","article_publisher":"https:\/\/www.facebook.com\/profile.php?id=100008943462799","article_published_time":"2026-07-16T17:55:54+00:00","og_image":[{"width":500,"height":393,"url":"https:\/\/www.bellunopress.it\/wp-content\/uploads\/2026\/07\/Vennitti-Frescura.jpeg","type":"image\/jpeg"}],"author":"redazione","twitter_card":"summary_large_image","twitter_creator":"@bellunopress","twitter_site":"@bellunopress","twitter_misc":{"\u00c9crit par":"redazione","Dur\u00e9e de lecture estim\u00e9e":"4 minutes"},"schema":{"@context":"https:\/\/schema.org","@graph":[{"@type":"Article","@id":"https:\/\/www.bellunopress.it\/2026\/07\/16\/giovanifuturo-apre-la-fase-costituente-del-movimento-nazionale-ne-destra-ne-sinistra-centro\/#article","isPartOf":{"@id":"https:\/\/www.bellunopress.it\/2026\/07\/16\/giovanifuturo-apre-la-fase-costituente-del-movimento-nazionale-ne-destra-ne-sinistra-centro\/"},"author":{"name":"redazione","@id":"https:\/\/www.bellunopress.it\/#\/schema\/person\/79bb06722b37ece1c03d3e94beb30d73"},"headline":"Giovani&#038;Futuro apre la fase costituente del movimento nazionale. N\u00e9 destra, n\u00e9 sinistra&#8230; Centro?","datePublished":"2026-07-16T17:55:54+00:00","mainEntityOfPage":{"@id":"https:\/\/www.bellunopress.it\/2026\/07\/16\/giovanifuturo-apre-la-fase-costituente-del-movimento-nazionale-ne-destra-ne-sinistra-centro\/"},"wordCount":654,"publisher":{"@id":"https:\/\/www.bellunopress.it\/#organization"},"image":{"@id":"https:\/\/www.bellunopress.it\/2026\/07\/16\/giovanifuturo-apre-la-fase-costituente-del-movimento-nazionale-ne-destra-ne-sinistra-centro\/#primaryimage"},"thumbnailUrl":"https:\/\/www.bellunopress.it\/wp-content\/uploads\/2026\/07\/Vennitti-Frescura.jpeg","articleSection":["Cronaca\/Politica","Prima Pagina"],"inLanguage":"fr-FR"},{"@type":"WebPage","@id":"https:\/\/www.bellunopress.it\/2026\/07\/16\/giovanifuturo-apre-la-fase-costituente-del-movimento-nazionale-ne-destra-ne-sinistra-centro\/","url":"https:\/\/www.bellunopress.it\/2026\/07\/16\/giovanifuturo-apre-la-fase-costituente-del-movimento-nazionale-ne-destra-ne-sinistra-centro\/","name":"Giovani&Futuro apre la fase costituente del movimento nazionale. N\u00e9 destra, n\u00e9 sinistra... Centro? - Bellunopress - Dolomiti","isPartOf":{"@id":"https:\/\/www.bellunopress.it\/#website"},"primaryImageOfPage":{"@id":"https:\/\/www.bellunopress.it\/2026\/07\/16\/giovanifuturo-apre-la-fase-costituente-del-movimento-nazionale-ne-destra-ne-sinistra-centro\/#primaryimage"},"image":{"@id":"https:\/\/www.bellunopress.it\/2026\/07\/16\/giovanifuturo-apre-la-fase-costituente-del-movimento-nazionale-ne-destra-ne-sinistra-centro\/#primaryimage"},"thumbnailUrl":"https:\/\/www.bellunopress.it\/wp-content\/uploads\/2026\/07\/Vennitti-Frescura.jpeg","datePublished":"2026-07-16T17:55:54+00:00","breadcrumb":{"@id":"https:\/\/www.bellunopress.it\/2026\/07\/16\/giovanifuturo-apre-la-fase-costituente-del-movimento-nazionale-ne-destra-ne-sinistra-centro\/#breadcrumb"},"inLanguage":"fr-FR","potentialAction":[{"@type":"ReadAction","target":["https:\/\/www.bellunopress.it\/2026\/07\/16\/giovanifuturo-apre-la-fase-costituente-del-movimento-nazionale-ne-destra-ne-sinistra-centro\/"]}]},{"@type":"ImageObject","inLanguage":"fr-FR","@id":"https:\/\/www.bellunopress.it\/2026\/07\/16\/giovanifuturo-apre-la-fase-costituente-del-movimento-nazionale-ne-destra-ne-sinistra-centro\/#primaryimage","url":"https:\/\/www.bellunopress.it\/wp-content\/uploads\/2026\/07\/Vennitti-Frescura.jpeg","contentUrl":"https:\/\/www.bellunopress.it\/wp-content\/uploads\/2026\/07\/Vennitti-Frescura.jpeg","width":500,"height":393,"caption":"Federica Vennitti e Luca Frescura"},{"@type":"BreadcrumbList","@id":"https:\/\/www.bellunopress.it\/2026\/07\/16\/giovanifuturo-apre-la-fase-costituente-del-movimento-nazionale-ne-destra-ne-sinistra-centro\/#breadcrumb","itemListElement":[{"@type":"ListItem","position":1,"name":"Home","item":"https:\/\/www.bellunopress.it\/"},{"@type":"ListItem","position":2,"name":"Giovani&#038;Futuro apre la fase costituente del movimento nazionale. N\u00e9 destra, n\u00e9 sinistra&#8230; Centro?"}]},{"@type":"WebSite","@id":"https:\/\/www.bellunopress.it\/#website","url":"https:\/\/www.bellunopress.it\/","name":"Bellunopress - Dolomiti","description":"e-mail: redazione@bellunopress.it","publisher":{"@id":"https:\/\/www.bellunopress.it\/#organization"},"potentialAction":[{"@type":"SearchAction","target":{"@type":"EntryPoint","urlTemplate":"https:\/\/www.bellunopress.it\/?s={search_term_string}"},"query-input":{"@type":"PropertyValueSpecification","valueRequired":true,"valueName":"search_term_string"}}],"inLanguage":"fr-FR"},{"@type":"Organization","@id":"https:\/\/www.bellunopress.it\/#organization","name":"Bellunopress","url":"https:\/\/www.bellunopress.it\/","logo":{"@type":"ImageObject","inLanguage":"fr-FR","@id":"https:\/\/www.bellunopress.it\/#\/schema\/logo\/image\/","url":"https:\/\/www.bellunopress.it\/wp-content\/uploads\/2011\/05\/cropped-logo-bellunopress-.jpg","contentUrl":"https:\/\/www.bellunopress.it\/wp-content\/uploads\/2011\/05\/cropped-logo-bellunopress-.jpg","width":512,"height":512,"caption":"Bellunopress"},"image":{"@id":"https:\/\/www.bellunopress.it\/#\/schema\/logo\/image\/"},"sameAs":["https:\/\/www.facebook.com\/profile.php?id=100008943462799","https:\/\/x.com\/bellunopress","https:\/\/www.linkedin.com\/hp\/?dnr=JBzUWaJfMUw8vbXJJ2tVW5-I3jZKvC4wsoxE&amp;amp;amp;amp;amp;amp;trk=nav_responsive_tab_home","https:\/\/www.youtube.com\/channel\/UCxL0wu1uN0_3_7hGG0306cw"]},{"@type":"Person","@id":"https:\/\/www.bellunopress.it\/#\/schema\/person\/79bb06722b37ece1c03d3e94beb30d73","name":"r\u00e9daction","image":{"@type":"ImageObject","inLanguage":"fr-FR","@id":"https:\/\/secure.gravatar.com\/avatar\/37d968a2e67a6fd04c169c4bdef102d0bc5d31b2546345219e348575eb80e9a0?s=96&d=mm&r=g","url":"https:\/\/secure.gravatar.com\/avatar\/37d968a2e67a6fd04c169c4bdef102d0bc5d31b2546345219e348575eb80e9a0?s=96&d=mm&r=g","contentUrl":"https:\/\/secure.gravatar.com\/avatar\/37d968a2e67a6fd04c169c4bdef102d0bc5d31b2546345219e348575eb80e9a0?s=96&d=mm&r=g","caption":"redazione"},"sameAs":["http:\/\/www.bellunopress.it","https:\/\/x.com\/bellunopress"],"url":"https:\/\/www.bellunopress.it\/fr\/author\/redazione\/"}]}},"_links":{"self":[{"href":"https:\/\/www.bellunopress.it\/fr\/wp-json\/wp\/v2\/posts\/171972","targetHints":{"allow":["GET"]}}],"collection":[{"href":"https:\/\/www.bellunopress.it\/fr\/wp-json\/wp\/v2\/posts"}],"about":[{"href":"https:\/\/www.bellunopress.it\/fr\/wp-json\/wp\/v2\/types\/post"}],"author":[{"embeddable":true,"href":"https:\/\/www.bellunopress.it\/fr\/wp-json\/wp\/v2\/users\/2"}],"replies":[{"embeddable":true,"href":"https:\/\/www.bellunopress.it\/fr\/wp-json\/wp\/v2\/comments?post=171972"}],"version-history":[{"count":1,"href":"https:\/\/www.bellunopress.it\/fr\/wp-json\/wp\/v2\/posts\/171972\/revisions"}],"predecessor-version":[{"id":171974,"href":"https:\/\/www.bellunopress.it\/fr\/wp-json\/wp\/v2\/posts\/171972\/revisions\/171974"}],"wp:featuredmedia":[{"embeddable":true,"href":"https:\/\/www.bellunopress.it\/fr\/wp-json\/wp\/v2\/media\/171973"}],"wp:attachment":[{"href":"https:\/\/www.bellunopress.it\/fr\/wp-json\/wp\/v2\/media?parent=171972"}],"wp:term":[{"taxonomy":"category","embeddable":true,"href":"https:\/\/www.bellunopress.it\/fr\/wp-json\/wp\/v2\/categories?post=171972"},{"taxonomy":"post_tag","embeddable":true,"href":"https:\/\/www.bellunopress.it\/fr\/wp-json\/wp\/v2\/tags?post=171972"}],"curies":[{"name":"wp","href":"https:\/\/api.w.org\/{rel}","templated":true}]}}