{"id":171970,"date":"2026-07-16T17:13:40","date_gmt":"2026-07-16T15:13:40","guid":{"rendered":"https:\/\/www.bellunopress.it\/?p=171970"},"modified":"2026-07-16T17:13:40","modified_gmt":"2026-07-16T15:13:40","slug":"notti-feltrine-domani-il-terzo-appuntamento","status":"publish","type":"post","link":"https:\/\/www.bellunopress.it\/fr\/2026\/07\/16\/notti-feltrine-domani-il-terzo-appuntamento\/","title":{"rendered":"Notti feltrine: domani il terzo appuntamento"},"content":{"rendered":"<p><strong>Sindaco: \u201cUn format collaudato, con qualche novit\u00e0\u201d<\/strong><\/p>\n<p>Prosegue il calendario delle Notti Feltrine. Domani, venerd\u00ec 17 luglio, il centro ospiter\u00e0 il terzo appuntamento della rassegna estiva promossa dal Comune di Feltre insieme ai commercianti cittadini, un&#8217;iniziativa che da anni accompagna l&#8217;estate feltrina e che continua a richiamare in centro numerosi cittadini e visitatori.<\/p>\n<p>Dopo la buona partecipazione registrata nelle prime due serate, il programma propone una nuova serata di negozi aperti, musica, intrattenimento e iniziative dedicate a tutte le et\u00e0. \u201cLe Notti Feltrine rappresentano uno degli appuntamenti pi\u00f9 attesi dell&#8217;estate cittadina perch\u00e9 riescono, con una formula semplice ma collaudata, a far vivere il centro storico in modo spontaneo e piacevole \u2013 commenta il sindaco Viviana Fusaro \u2013. Dietro ogni serata c&#8217;\u00e8 un importante lavoro di squadra tra Amministrazione<br \/>\ncomunale, commercianti, associazioni e tutti coloro che contribuiscono all&#8217;organizzazione. \u00c8 questa collaborazione che permette, anno dopo anno, di offrire ai cittadini e a chi sceglie Feltre un&#8217;occasione per trascorrere una serata nel cuore della Citt\u00e0, valorizzandone gli spazi, le attivit\u00e0 e il clima di accoglienza\u201d.<\/p>\n<p>\u201cLe Notti Feltrine sono ormai una tradizione dell&#8217;estate feltrina e continuano a essere un appuntamento molto sentito sia dai commercianti sia dai cittadini \u2013 aggiunge l\u2019assessore al commercio Matteo Titton -. Il format \u00e8 volutamente semplice: creare occasioni per incontrarsi, passeggiare, fare acquisti e vivere il centro in un&#8217;atmosfera piacevole. I riscontri raccolti in queste settimane sono incoraggianti anche perch\u00e9 diversi operatori ci hanno raccontato di aver visto tornare nei giorni successivi persone che avevano riscoperto il centro proprio durante le serate delle Notti Feltrine. \u00c8 un segnale che ci conferma<br \/>\ncome iniziative condivise e costruite insieme al territorio possano contribuire a mantenere vivo il rapporto tra la citt\u00e0 e il suo tessuto commerciale.\u00bb<\/p>\n<p><strong>IL PROGRAMMA<\/strong><br \/>\nCome da tradizione, anche il terzo appuntamento delle Notti Feltrine proporr\u00e0 un percorso diffuso nel centro storico, con musica dal vivo, spettacoli, animazione e occasioni di intrattenimento pensate per coinvolgere un pubblico di tutte le et\u00e0. I negozi resteranno aperti fino a tarda sera, accompagnando una serata che animer\u00e0 piazze e vie del centro con appuntamenti distribuiti in diverse postazioni.<\/p>\n<p>Tra le novit\u00e0 di questa settimana spicca la Supercars Parade, con un corteo di auto sportive che partir\u00e0 alle 19.30 dal piazzale della Birreria Pedavena per raggiungere il centro storico, dove i veicoli saranno esposti in piazza Isola.<br \/>\nL&#8217;iniziativa sar\u00e0 resa possibile anche grazie alla collaborazione dell&#8217;Arma dei Carabinieri della Compagnia di Feltre, che scorter\u00e0 il corteo lungo il percorso.<\/p>\n<p>Dalle 21 a mezzanotte il centro storico sar\u00e0 poi animato da numerose proposte: in via Cesare Battisti si esibir\u00e0 la EKG Electric Band, in via Tezze spazio ai Loca Combinacion con animazione e truccabimbi, mentre in via XXXI Ottobre sar\u00e0 protagonista la musica dei Rock Landing. A Largo Castaldi si esibiranno i Boldrin Reolon, via Roma ospiter\u00e0 uno spettacolo di danza del<br \/>\nventre, nell&#8217;area ex Pescheria Grisot sar\u00e0 protagonista il gruppo P53, mentre in piazza Isola, oltre all&#8217;esposizione delle supercar, la serata proseguir\u00e0 con il DJ set di DJ Titta.<\/p>","protected":false},"excerpt":{"rendered":"<p>Sindaco: \u201cUn format collaudato, con qualche novit\u00e0\u201d Prosegue il calendario delle Notti Feltrine. Domani, venerd\u00ec 17 luglio, il centro ospiter\u00e0 il terzo appuntamento della rassegna estiva promossa dal Comune di Feltre insieme ai commercianti cittadini, un&#8217;iniziativa che da anni accompagna l&#8217;estate feltrina e che continua a richiamare in centro numerosi cittadini e visitatori. Dopo la [&hellip;]<\/p>\n","protected":false},"author":2,"featured_media":156504,"comment_status":"closed","ping_status":"open","sticky":false,"template":"","format":"standard","meta":{"footnotes":""},"categories":[27,3,25],"tags":[],"class_list":["post-171970","post","type-post","status-publish","format-standard","has-post-thumbnail","category-appuntamenti","category-arte-cultura-spettacoli-scienza-archivi","category-pausa-caffe"],"yoast_head":"<!-- This site is optimized with the Yoast SEO plugin v28.4 - https:\/\/yoast.com\/product\/yoast-seo-wordpress\/ -->\n<title>Notti feltrine: domani il terzo appuntamento - Bellunopress - Dolomiti<\/title>\n<meta name=\"robots\" content=\"index, follow, max-snippet:-1, max-image-preview:large, max-video-preview:-1\" \/>\n<link rel=\"canonical\" href=\"https:\/\/www.bellunopress.it\/fr\/2026\/07\/16\/notti-feltrine-domani-il-terzo-appuntamento\/\" \/>\n<meta property=\"og:locale\" content=\"fr_FR\" \/>\n<meta property=\"og:type\" content=\"article\" \/>\n<meta property=\"og:title\" content=\"Notti feltrine: domani il terzo appuntamento - Bellunopress - Dolomiti\" \/>\n<meta property=\"og:description\" content=\"Sindaco: \u201cUn format collaudato, con qualche novit\u00e0\u201d Prosegue il calendario delle Notti Feltrine. Domani, venerd\u00ec 17 luglio, il centro ospiter\u00e0 il terzo appuntamento della rassegna estiva promossa dal Comune di Feltre insieme ai commercianti cittadini, un&#8217;iniziativa che da anni accompagna l&#8217;estate feltrina e che continua a richiamare in centro numerosi cittadini e visitatori. Dopo la [&hellip;]\" \/>\n<meta property=\"og:url\" content=\"https:\/\/www.bellunopress.it\/fr\/2026\/07\/16\/notti-feltrine-domani-il-terzo-appuntamento\/\" \/>\n<meta property=\"og:site_name\" content=\"Bellunopress - Dolomiti\" \/>\n<meta property=\"article:publisher\" content=\"https:\/\/www.facebook.com\/profile.php?id=100008943462799\" \/>\n<meta property=\"article:published_time\" content=\"2026-07-16T15:13:40+00:00\" \/>\n<meta property=\"og:image\" content=\"https:\/\/www.bellunopress.it\/wp-content\/uploads\/2024\/12\/Viviana-Fusaro-sindco-di-Feltre-in-Piazza-Maggiore_edited.jpg\" \/>\n\t<meta property=\"og:image:width\" content=\"1000\" \/>\n\t<meta property=\"og:image:height\" content=\"750\" \/>\n\t<meta property=\"og:image:type\" content=\"image\/jpeg\" \/>\n<meta name=\"author\" content=\"redazione\" \/>\n<meta name=\"twitter:card\" content=\"summary_large_image\" \/>\n<meta name=\"twitter:creator\" content=\"@bellunopress\" \/>\n<meta name=\"twitter:site\" content=\"@bellunopress\" \/>\n<meta name=\"twitter:label1\" content=\"\u00c9crit par\" \/>\n\t<meta name=\"twitter:data1\" content=\"redazione\" \/>\n\t<meta name=\"twitter:label2\" content=\"Dur\u00e9e de lecture estim\u00e9e\" \/>\n\t<meta name=\"twitter:data2\" content=\"3 minutes\" \/>\n<script type=\"application\/ld+json\" class=\"yoast-schema-graph\">{\"@context\":\"https:\\\/\\\/schema.org\",\"@graph\":[{\"@type\":\"Article\",\"@id\":\"https:\\\/\\\/www.bellunopress.it\\\/2026\\\/07\\\/16\\\/notti-feltrine-domani-il-terzo-appuntamento\\\/#article\",\"isPartOf\":{\"@id\":\"https:\\\/\\\/www.bellunopress.it\\\/2026\\\/07\\\/16\\\/notti-feltrine-domani-il-terzo-appuntamento\\\/\"},\"author\":{\"name\":\"redazione\",\"@id\":\"https:\\\/\\\/www.bellunopress.it\\\/#\\\/schema\\\/person\\\/79bb06722b37ece1c03d3e94beb30d73\"},\"headline\":\"Notti feltrine: domani il terzo appuntamento\",\"datePublished\":\"2026-07-16T15:13:40+00:00\",\"mainEntityOfPage\":{\"@id\":\"https:\\\/\\\/www.bellunopress.it\\\/2026\\\/07\\\/16\\\/notti-feltrine-domani-il-terzo-appuntamento\\\/\"},\"wordCount\":508,\"publisher\":{\"@id\":\"https:\\\/\\\/www.bellunopress.it\\\/#organization\"},\"image\":{\"@id\":\"https:\\\/\\\/www.bellunopress.it\\\/2026\\\/07\\\/16\\\/notti-feltrine-domani-il-terzo-appuntamento\\\/#primaryimage\"},\"thumbnailUrl\":\"https:\\\/\\\/www.bellunopress.it\\\/wp-content\\\/uploads\\\/2024\\\/12\\\/Viviana-Fusaro-sindco-di-Feltre-in-Piazza-Maggiore_edited.jpg\",\"articleSection\":[\"Appuntamenti, Eventi\",\"Arte, Cultura, Spettacoli, Scienza\",\"Pausa Caff\u00e8\"],\"inLanguage\":\"fr-FR\"},{\"@type\":\"WebPage\",\"@id\":\"https:\\\/\\\/www.bellunopress.it\\\/2026\\\/07\\\/16\\\/notti-feltrine-domani-il-terzo-appuntamento\\\/\",\"url\":\"https:\\\/\\\/www.bellunopress.it\\\/2026\\\/07\\\/16\\\/notti-feltrine-domani-il-terzo-appuntamento\\\/\",\"name\":\"Notti feltrine: domani il terzo appuntamento - Bellunopress - Dolomiti\",\"isPartOf\":{\"@id\":\"https:\\\/\\\/www.bellunopress.it\\\/#website\"},\"primaryImageOfPage\":{\"@id\":\"https:\\\/\\\/www.bellunopress.it\\\/2026\\\/07\\\/16\\\/notti-feltrine-domani-il-terzo-appuntamento\\\/#primaryimage\"},\"image\":{\"@id\":\"https:\\\/\\\/www.bellunopress.it\\\/2026\\\/07\\\/16\\\/notti-feltrine-domani-il-terzo-appuntamento\\\/#primaryimage\"},\"thumbnailUrl\":\"https:\\\/\\\/www.bellunopress.it\\\/wp-content\\\/uploads\\\/2024\\\/12\\\/Viviana-Fusaro-sindco-di-Feltre-in-Piazza-Maggiore_edited.jpg\",\"datePublished\":\"2026-07-16T15:13:40+00:00\",\"breadcrumb\":{\"@id\":\"https:\\\/\\\/www.bellunopress.it\\\/2026\\\/07\\\/16\\\/notti-feltrine-domani-il-terzo-appuntamento\\\/#breadcrumb\"},\"inLanguage\":\"fr-FR\",\"potentialAction\":[{\"@type\":\"ReadAction\",\"target\":[\"https:\\\/\\\/www.bellunopress.it\\\/2026\\\/07\\\/16\\\/notti-feltrine-domani-il-terzo-appuntamento\\\/\"]}]},{\"@type\":\"ImageObject\",\"inLanguage\":\"fr-FR\",\"@id\":\"https:\\\/\\\/www.bellunopress.it\\\/2026\\\/07\\\/16\\\/notti-feltrine-domani-il-terzo-appuntamento\\\/#primaryimage\",\"url\":\"https:\\\/\\\/www.bellunopress.it\\\/wp-content\\\/uploads\\\/2024\\\/12\\\/Viviana-Fusaro-sindco-di-Feltre-in-Piazza-Maggiore_edited.jpg\",\"contentUrl\":\"https:\\\/\\\/www.bellunopress.it\\\/wp-content\\\/uploads\\\/2024\\\/12\\\/Viviana-Fusaro-sindco-di-Feltre-in-Piazza-Maggiore_edited.jpg\",\"width\":1000,\"height\":750,\"caption\":\"Viviana Fusaro, sindaco di Feltre - Piazza Maggiore, Feltre\"},{\"@type\":\"BreadcrumbList\",\"@id\":\"https:\\\/\\\/www.bellunopress.it\\\/2026\\\/07\\\/16\\\/notti-feltrine-domani-il-terzo-appuntamento\\\/#breadcrumb\",\"itemListElement\":[{\"@type\":\"ListItem\",\"position\":1,\"name\":\"Home\",\"item\":\"https:\\\/\\\/www.bellunopress.it\\\/\"},{\"@type\":\"ListItem\",\"position\":2,\"name\":\"Notti feltrine: domani il terzo appuntamento\"}]},{\"@type\":\"WebSite\",\"@id\":\"https:\\\/\\\/www.bellunopress.it\\\/#website\",\"url\":\"https:\\\/\\\/www.bellunopress.it\\\/\",\"name\":\"Bellunopress - Dolomiti\",\"description\":\"e-mail: redazione@bellunopress.it\",\"publisher\":{\"@id\":\"https:\\\/\\\/www.bellunopress.it\\\/#organization\"},\"potentialAction\":[{\"@type\":\"SearchAction\",\"target\":{\"@type\":\"EntryPoint\",\"urlTemplate\":\"https:\\\/\\\/www.bellunopress.it\\\/?s={search_term_string}\"},\"query-input\":{\"@type\":\"PropertyValueSpecification\",\"valueRequired\":true,\"valueName\":\"search_term_string\"}}],\"inLanguage\":\"fr-FR\"},{\"@type\":\"Organization\",\"@id\":\"https:\\\/\\\/www.bellunopress.it\\\/#organization\",\"name\":\"Bellunopress\",\"url\":\"https:\\\/\\\/www.bellunopress.it\\\/\",\"logo\":{\"@type\":\"ImageObject\",\"inLanguage\":\"fr-FR\",\"@id\":\"https:\\\/\\\/www.bellunopress.it\\\/#\\\/schema\\\/logo\\\/image\\\/\",\"url\":\"https:\\\/\\\/www.bellunopress.it\\\/wp-content\\\/uploads\\\/2011\\\/05\\\/cropped-logo-bellunopress-.jpg\",\"contentUrl\":\"https:\\\/\\\/www.bellunopress.it\\\/wp-content\\\/uploads\\\/2011\\\/05\\\/cropped-logo-bellunopress-.jpg\",\"width\":512,\"height\":512,\"caption\":\"Bellunopress\"},\"image\":{\"@id\":\"https:\\\/\\\/www.bellunopress.it\\\/#\\\/schema\\\/logo\\\/image\\\/\"},\"sameAs\":[\"https:\\\/\\\/www.facebook.com\\\/profile.php?id=100008943462799\",\"https:\\\/\\\/x.com\\\/bellunopress\",\"https:\\\/\\\/www.linkedin.com\\\/hp\\\/?dnr=JBzUWaJfMUw8vbXJJ2tVW5-I3jZKvC4wsoxE&amp;amp;amp;amp;amp;amp;trk=nav_responsive_tab_home\",\"https:\\\/\\\/www.youtube.com\\\/channel\\\/UCxL0wu1uN0_3_7hGG0306cw\"]},{\"@type\":\"Person\",\"@id\":\"https:\\\/\\\/www.bellunopress.it\\\/#\\\/schema\\\/person\\\/79bb06722b37ece1c03d3e94beb30d73\",\"name\":\"redazione\",\"image\":{\"@type\":\"ImageObject\",\"inLanguage\":\"fr-FR\",\"@id\":\"https:\\\/\\\/secure.gravatar.com\\\/avatar\\\/37d968a2e67a6fd04c169c4bdef102d0bc5d31b2546345219e348575eb80e9a0?s=96&d=mm&r=g\",\"url\":\"https:\\\/\\\/secure.gravatar.com\\\/avatar\\\/37d968a2e67a6fd04c169c4bdef102d0bc5d31b2546345219e348575eb80e9a0?s=96&d=mm&r=g\",\"contentUrl\":\"https:\\\/\\\/secure.gravatar.com\\\/avatar\\\/37d968a2e67a6fd04c169c4bdef102d0bc5d31b2546345219e348575eb80e9a0?s=96&d=mm&r=g\",\"caption\":\"redazione\"},\"sameAs\":[\"http:\\\/\\\/www.bellunopress.it\",\"https:\\\/\\\/x.com\\\/bellunopress\"],\"url\":\"https:\\\/\\\/www.bellunopress.it\\\/fr\\\/author\\\/redazione\\\/\"}]}<\/script>\n<!-- \/ Yoast SEO plugin. -->","yoast_head_json":{"title":"Notti feltrine: domani il terzo appuntamento - Bellunopress - Dolomiti","robots":{"index":"index","follow":"follow","max-snippet":"max-snippet:-1","max-image-preview":"max-image-preview:large","max-video-preview":"max-video-preview:-1"},"canonical":"https:\/\/www.bellunopress.it\/fr\/2026\/07\/16\/notti-feltrine-domani-il-terzo-appuntamento\/","og_locale":"fr_FR","og_type":"article","og_title":"Notti feltrine: domani il terzo appuntamento - Bellunopress - Dolomiti","og_description":"Sindaco: \u201cUn format collaudato, con qualche novit\u00e0\u201d Prosegue il calendario delle Notti Feltrine. Domani, venerd\u00ec 17 luglio, il centro ospiter\u00e0 il terzo appuntamento della rassegna estiva promossa dal Comune di Feltre insieme ai commercianti cittadini, un&#8217;iniziativa che da anni accompagna l&#8217;estate feltrina e che continua a richiamare in centro numerosi cittadini e visitatori. Dopo la [&hellip;]","og_url":"https:\/\/www.bellunopress.it\/fr\/2026\/07\/16\/notti-feltrine-domani-il-terzo-appuntamento\/","og_site_name":"Bellunopress - Dolomiti","article_publisher":"https:\/\/www.facebook.com\/profile.php?id=100008943462799","article_published_time":"2026-07-16T15:13:40+00:00","og_image":[{"width":1000,"height":750,"url":"https:\/\/www.bellunopress.it\/wp-content\/uploads\/2024\/12\/Viviana-Fusaro-sindco-di-Feltre-in-Piazza-Maggiore_edited.jpg","type":"image\/jpeg"}],"author":"redazione","twitter_card":"summary_large_image","twitter_creator":"@bellunopress","twitter_site":"@bellunopress","twitter_misc":{"\u00c9crit par":"redazione","Dur\u00e9e de lecture estim\u00e9e":"3 minutes"},"schema":{"@context":"https:\/\/schema.org","@graph":[{"@type":"Article","@id":"https:\/\/www.bellunopress.it\/2026\/07\/16\/notti-feltrine-domani-il-terzo-appuntamento\/#article","isPartOf":{"@id":"https:\/\/www.bellunopress.it\/2026\/07\/16\/notti-feltrine-domani-il-terzo-appuntamento\/"},"author":{"name":"redazione","@id":"https:\/\/www.bellunopress.it\/#\/schema\/person\/79bb06722b37ece1c03d3e94beb30d73"},"headline":"Notti feltrine: domani il terzo appuntamento","datePublished":"2026-07-16T15:13:40+00:00","mainEntityOfPage":{"@id":"https:\/\/www.bellunopress.it\/2026\/07\/16\/notti-feltrine-domani-il-terzo-appuntamento\/"},"wordCount":508,"publisher":{"@id":"https:\/\/www.bellunopress.it\/#organization"},"image":{"@id":"https:\/\/www.bellunopress.it\/2026\/07\/16\/notti-feltrine-domani-il-terzo-appuntamento\/#primaryimage"},"thumbnailUrl":"https:\/\/www.bellunopress.it\/wp-content\/uploads\/2024\/12\/Viviana-Fusaro-sindco-di-Feltre-in-Piazza-Maggiore_edited.jpg","articleSection":["Appuntamenti, Eventi","Arte, Cultura, Spettacoli, Scienza","Pausa Caff\u00e8"],"inLanguage":"fr-FR"},{"@type":"WebPage","@id":"https:\/\/www.bellunopress.it\/2026\/07\/16\/notti-feltrine-domani-il-terzo-appuntamento\/","url":"https:\/\/www.bellunopress.it\/2026\/07\/16\/notti-feltrine-domani-il-terzo-appuntamento\/","name":"Notti feltrine: domani il terzo appuntamento - Bellunopress - Dolomiti","isPartOf":{"@id":"https:\/\/www.bellunopress.it\/#website"},"primaryImageOfPage":{"@id":"https:\/\/www.bellunopress.it\/2026\/07\/16\/notti-feltrine-domani-il-terzo-appuntamento\/#primaryimage"},"image":{"@id":"https:\/\/www.bellunopress.it\/2026\/07\/16\/notti-feltrine-domani-il-terzo-appuntamento\/#primaryimage"},"thumbnailUrl":"https:\/\/www.bellunopress.it\/wp-content\/uploads\/2024\/12\/Viviana-Fusaro-sindco-di-Feltre-in-Piazza-Maggiore_edited.jpg","datePublished":"2026-07-16T15:13:40+00:00","breadcrumb":{"@id":"https:\/\/www.bellunopress.it\/2026\/07\/16\/notti-feltrine-domani-il-terzo-appuntamento\/#breadcrumb"},"inLanguage":"fr-FR","potentialAction":[{"@type":"ReadAction","target":["https:\/\/www.bellunopress.it\/2026\/07\/16\/notti-feltrine-domani-il-terzo-appuntamento\/"]}]},{"@type":"ImageObject","inLanguage":"fr-FR","@id":"https:\/\/www.bellunopress.it\/2026\/07\/16\/notti-feltrine-domani-il-terzo-appuntamento\/#primaryimage","url":"https:\/\/www.bellunopress.it\/wp-content\/uploads\/2024\/12\/Viviana-Fusaro-sindco-di-Feltre-in-Piazza-Maggiore_edited.jpg","contentUrl":"https:\/\/www.bellunopress.it\/wp-content\/uploads\/2024\/12\/Viviana-Fusaro-sindco-di-Feltre-in-Piazza-Maggiore_edited.jpg","width":1000,"height":750,"caption":"Viviana Fusaro, sindaco di Feltre - Piazza Maggiore, Feltre"},{"@type":"BreadcrumbList","@id":"https:\/\/www.bellunopress.it\/2026\/07\/16\/notti-feltrine-domani-il-terzo-appuntamento\/#breadcrumb","itemListElement":[{"@type":"ListItem","position":1,"name":"Home","item":"https:\/\/www.bellunopress.it\/"},{"@type":"ListItem","position":2,"name":"Notti feltrine: domani il terzo appuntamento"}]},{"@type":"WebSite","@id":"https:\/\/www.bellunopress.it\/#website","url":"https:\/\/www.bellunopress.it\/","name":"Bellunopress - Dolomiti","description":"e-mail: redazione@bellunopress.it","publisher":{"@id":"https:\/\/www.bellunopress.it\/#organization"},"potentialAction":[{"@type":"SearchAction","target":{"@type":"EntryPoint","urlTemplate":"https:\/\/www.bellunopress.it\/?s={search_term_string}"},"query-input":{"@type":"PropertyValueSpecification","valueRequired":true,"valueName":"search_term_string"}}],"inLanguage":"fr-FR"},{"@type":"Organization","@id":"https:\/\/www.bellunopress.it\/#organization","name":"Bellunopress","url":"https:\/\/www.bellunopress.it\/","logo":{"@type":"ImageObject","inLanguage":"fr-FR","@id":"https:\/\/www.bellunopress.it\/#\/schema\/logo\/image\/","url":"https:\/\/www.bellunopress.it\/wp-content\/uploads\/2011\/05\/cropped-logo-bellunopress-.jpg","contentUrl":"https:\/\/www.bellunopress.it\/wp-content\/uploads\/2011\/05\/cropped-logo-bellunopress-.jpg","width":512,"height":512,"caption":"Bellunopress"},"image":{"@id":"https:\/\/www.bellunopress.it\/#\/schema\/logo\/image\/"},"sameAs":["https:\/\/www.facebook.com\/profile.php?id=100008943462799","https:\/\/x.com\/bellunopress","https:\/\/www.linkedin.com\/hp\/?dnr=JBzUWaJfMUw8vbXJJ2tVW5-I3jZKvC4wsoxE&amp;amp;amp;amp;amp;amp;trk=nav_responsive_tab_home","https:\/\/www.youtube.com\/channel\/UCxL0wu1uN0_3_7hGG0306cw"]},{"@type":"Person","@id":"https:\/\/www.bellunopress.it\/#\/schema\/person\/79bb06722b37ece1c03d3e94beb30d73","name":"r\u00e9daction","image":{"@type":"ImageObject","inLanguage":"fr-FR","@id":"https:\/\/secure.gravatar.com\/avatar\/37d968a2e67a6fd04c169c4bdef102d0bc5d31b2546345219e348575eb80e9a0?s=96&d=mm&r=g","url":"https:\/\/secure.gravatar.com\/avatar\/37d968a2e67a6fd04c169c4bdef102d0bc5d31b2546345219e348575eb80e9a0?s=96&d=mm&r=g","contentUrl":"https:\/\/secure.gravatar.com\/avatar\/37d968a2e67a6fd04c169c4bdef102d0bc5d31b2546345219e348575eb80e9a0?s=96&d=mm&r=g","caption":"redazione"},"sameAs":["http:\/\/www.bellunopress.it","https:\/\/x.com\/bellunopress"],"url":"https:\/\/www.bellunopress.it\/fr\/author\/redazione\/"}]}},"_links":{"self":[{"href":"https:\/\/www.bellunopress.it\/fr\/wp-json\/wp\/v2\/posts\/171970","targetHints":{"allow":["GET"]}}],"collection":[{"href":"https:\/\/www.bellunopress.it\/fr\/wp-json\/wp\/v2\/posts"}],"about":[{"href":"https:\/\/www.bellunopress.it\/fr\/wp-json\/wp\/v2\/types\/post"}],"author":[{"embeddable":true,"href":"https:\/\/www.bellunopress.it\/fr\/wp-json\/wp\/v2\/users\/2"}],"replies":[{"embeddable":true,"href":"https:\/\/www.bellunopress.it\/fr\/wp-json\/wp\/v2\/comments?post=171970"}],"version-history":[{"count":1,"href":"https:\/\/www.bellunopress.it\/fr\/wp-json\/wp\/v2\/posts\/171970\/revisions"}],"predecessor-version":[{"id":171971,"href":"https:\/\/www.bellunopress.it\/fr\/wp-json\/wp\/v2\/posts\/171970\/revisions\/171971"}],"wp:featuredmedia":[{"embeddable":true,"href":"https:\/\/www.bellunopress.it\/fr\/wp-json\/wp\/v2\/media\/156504"}],"wp:attachment":[{"href":"https:\/\/www.bellunopress.it\/fr\/wp-json\/wp\/v2\/media?parent=171970"}],"wp:term":[{"taxonomy":"category","embeddable":true,"href":"https:\/\/www.bellunopress.it\/fr\/wp-json\/wp\/v2\/categories?post=171970"},{"taxonomy":"post_tag","embeddable":true,"href":"https:\/\/www.bellunopress.it\/fr\/wp-json\/wp\/v2\/tags?post=171970"}],"curies":[{"name":"wp","href":"https:\/\/api.w.org\/{rel}","templated":true}]}}