{"id":171965,"date":"2026-07-16T16:04:02","date_gmt":"2026-07-16T14:04:02","guid":{"rendered":"https:\/\/www.bellunopress.it\/?p=171965"},"modified":"2026-07-16T16:04:02","modified_gmt":"2026-07-16T14:04:02","slug":"il-commiato-di-mario-pozza-presidente-della-camera-di-commercio-dopo-10-anni-di-mandato","status":"publish","type":"post","link":"https:\/\/www.bellunopress.it\/fr\/2026\/07\/16\/il-commiato-di-mario-pozza-presidente-della-camera-di-commercio-dopo-10-anni-di-mandato\/","title":{"rendered":"Il commiato di Mario Pozza, presidente della Camera di Commercio, dopo 10 anni di mandato"},"content":{"rendered":"<p><strong>Nel secondo quinquennio per la competitivit\u00e0 delle imprese sono state assegnate risorse per pi\u00f9 di 27 milioni di euro<\/strong><\/p>\n<p>Treviso, 16 Luglio 2026 \u2013 &#8220;Sono davvero onorato di aver condiviso un percorso importante con la Giunta, il Consiglio camerale, tutte le associazioni di categoria e tutti gli stakeholder del territorio&#8221;.<\/p>\n<p>Lo afferma il presidente della Camera di Commercio di Treviso\/Belluno\/Dolomiti Mario Pozza dopo 10 anni di mandato<\/p>\n<p>&#8220;Un cammino importante che ha portato la Camera di Commercio ai vertici nazionali e che, proprio per i risultati raggiunti, mi permette, oggi, di essere al vertice di Assocamerestero.<\/p>\n<p>Sono stati anni importanti, che hanno visto il mio impegno e dedizione per il rinnovo della sede camerale di Treviso, percorso non ancora concluso, ma gi\u00e0 avviato e dalla ristrutturazione della sede di Belluno della Camera di Commercio.<\/p>\n<p>I grandi eventi \u2013 comunica Pozza &#8211; non sono mai mancati: sono arrivati da noi Ministri, alte autorit\u00e0, ed eventi che hanno avuto sempre l&#8217;obiettivo di portare il nostro territorio agli occhi del mondo.<\/p>\n<p>Lo abbiamo fatto con la Convention delle Camere di Commercio Italiane all&#8217;Estero, con l&#8217;accoglienza in questi cinque anni delle delegazioni internazionali della FICTS e con un evento davvero eccezionale: l&#8217;arrivo della Torcia Olimpica. La nostra sede \u00e8 stata l&#8217;unica Camera di Commercio in Italia a ospitare l&#8217;arrivo della Torcia olimpica. Un evento cos\u00ec iconico da essere stato selezionato dal CIO per il libro ufficiale dedicato alle foto pi\u00f9 belle dei Giochi Olimpici. Un grande orgoglio che rimarr\u00e0 nella storia dei nostri territori e a cui la Camera di Commercio ha dato molto in progettualit\u00e0, consapevolezza, promozione, investimenti, e condivisione dei valori olimpici e paralimpici oltre alla realizzazione di un dossier Tematico, della produzione di due docufilm che hanno vinto 4 premi internazionali.<\/p>\n<p>Non ci siamo mai fermati: n\u00e9 nell&#8217;emergenza Vaia, n\u00e9 durante la pandemia. Siamo sempre stati pronti e attivi, e punto di riferimento per le imprese con un&#8217;architettura digitale che ha permesso il lavoro in remoto , di poter rispondere ai telefoni in VOIP.<\/p>\n<p>Tutto questo \u00e8 stato permesso dalla dedizione e professionalit\u00e0 del personale camerale che per questo ringrazio.<\/p>\n<p>Abbiamo creduto di rischiare per le imprese e abbiamo fatto scelte che hanno confermato il nostro coraggio.<\/p>\n<p>Abbiamo portato anche il mondo a Treviso e Belluno, facendo incontrare le Istituzioni e le imprese dei paesi dell&#8217;America Latina con il forum PYMES e dell&#8217;oriente e Australia con il Forum del Sudest Asiatico realizzando importanti B2B e una grande promozione del nostro territorio.<\/p>\n<p>Un capitolo importante \u2013 continua Mario Pozza &#8211; \u00e8 stato GenerAZIONE2026, il progetto educativo legato a Milano Cortina 2026, che ha saputo unire formazione, sport e territorio, portando il nostro impegno verso le nuove generazioni coinvolgendo 52.200 ragazze e ragazzi.<\/p>\n<p>Nel quinquennio per la competitivit\u00e0 delle imprese sono state assegnate risorse per pi\u00f9 di 27 milioni di euro, , con una crescita di spesa dai 4,3 milioni nel 2021 ai 5 milioni e 900 mila euro nel 2025.<\/p>\n<p>Abbiamo investito nei bandi per la doppia transizione digitale ed economica ( in 5 anni investiti 4,8 milioni di \u20ac), per il bando CSR ( in 5 anni investiti 61.500 \u20ac)e per il premio per le imprese in tema di innovazione sociale e sviluppo sostenibile altri 77.000 \u20ac., per il Bando per l&#8217;imprenditoria femminile (in 5 anni investiti 88 mila \u20ac). Per i bandi Enti terzi e infrasettoriali per il turismo e il patrimonio culturale ( in 5 anni investiti per le due DMO \u2013 Marca Treviso e Dolomiti Bellunesi, abbiamo investito in totale quasi 1 milione di \u20ac. Abbiamo sempre creduto nell&#8217;innovazione e nel portare avanti chi ha idee d&#8217;impresa sostenibili per le due CER, dal 2025 le abbiamo sostenute con 130 mila \u20ac.).<\/p>\n<p>Per l&#8217;internazionalizzazione abbiamo dato vita ad una nuova organizzazione Venicepromex l&#8217;agenzia regionale per favorire l&#8217;export delle imprese. Abbiamo realizzato azioni e iniziative di promozione dei due territori, (eventi, formazione, supporto alle aziende), anche attraverso Venicepromex, per un totale di pi\u00f9 di 4 milione di \u20ac.<\/p>\n<p>Per l&#8217;azienda s.c.a.r.l. t2i per l&#8217;innovazione in 5 anni abbiamo investito 2 milioni 800 mila \u20ac circa e abbiamo messo in atto progettualit\u00e0 sulle nuove tecnologie.<\/p>\n<p>Grazie a Curia Mercatorum abbiamo facilitato e velocizzato la risoluzione delle dispute legali.<\/p>\n<p>Ringrazio la stampa \u2013 conclude Pozza &#8211; che \u00e8 sempre stata al nostro fianco in quello che abbiamo fatto, comunicandolo e dando un valore ancora pi\u00f9 grande al lavoro svolto.<\/p>\n<p>Ringrazio l&#8217;Ente, che ha saputo rispondere alla sfida che ho posto: essere all&#8217;altezza delle imprese, relazionandosi in maniera sempre pi\u00f9 fruttuosa con le imprese e le professioniste e i professionisti.<\/p>\n<p>Sono certo che i dipendenti camerali e tutta l&#8217;organizzazione si dimostrer\u00e0 collaborativa e accogliente verso la nuova presidenza e la nuova Giunta, a cui auguro buon lavoro&#8221;.<\/p>\n<p>&nbsp;<\/p>","protected":false},"excerpt":{"rendered":"<p>Nel secondo quinquennio per la competitivit\u00e0 delle imprese sono state assegnate risorse per pi\u00f9 di 27 milioni di euro Treviso, 16 Luglio 2026 \u2013 &#8220;Sono davvero onorato di aver condiviso un percorso importante con la Giunta, il Consiglio camerale, tutte le associazioni di categoria e tutti gli stakeholder del territorio&#8221;. Lo afferma il presidente della [&hellip;]<\/p>\n","protected":false},"author":2,"featured_media":145120,"comment_status":"closed","ping_status":"open","sticky":false,"template":"","format":"standard","meta":{"footnotes":""},"categories":[36,26],"tags":[],"class_list":["post-171965","post","type-post","status-publish","format-standard","has-post-thumbnail","category-lavoro-economia","category-prima-pagina"],"yoast_head":"<!-- This site is optimized with the Yoast SEO plugin v28.4 - https:\/\/yoast.com\/product\/yoast-seo-wordpress\/ -->\n<title>Il commiato di Mario Pozza, presidente della Camera di Commercio, dopo 10 anni di mandato - Bellunopress - Dolomiti<\/title>\n<meta name=\"robots\" content=\"index, follow, max-snippet:-1, max-image-preview:large, max-video-preview:-1\" \/>\n<link rel=\"canonical\" href=\"https:\/\/www.bellunopress.it\/fr\/2026\/07\/16\/il-commiato-di-mario-pozza-presidente-della-camera-di-commercio-dopo-10-anni-di-mandato\/\" \/>\n<meta property=\"og:locale\" content=\"fr_FR\" \/>\n<meta property=\"og:type\" content=\"article\" \/>\n<meta property=\"og:title\" content=\"Il commiato di Mario Pozza, presidente della Camera di Commercio, dopo 10 anni di mandato - Bellunopress - Dolomiti\" \/>\n<meta property=\"og:description\" content=\"Nel secondo quinquennio per la competitivit\u00e0 delle imprese sono state assegnate risorse per pi\u00f9 di 27 milioni di euro Treviso, 16 Luglio 2026 \u2013 &#8220;Sono davvero onorato di aver condiviso un percorso importante con la Giunta, il Consiglio camerale, tutte le associazioni di categoria e tutti gli stakeholder del territorio&#8221;. Lo afferma il presidente della [&hellip;]\" \/>\n<meta property=\"og:url\" content=\"https:\/\/www.bellunopress.it\/fr\/2026\/07\/16\/il-commiato-di-mario-pozza-presidente-della-camera-di-commercio-dopo-10-anni-di-mandato\/\" \/>\n<meta property=\"og:site_name\" content=\"Bellunopress - Dolomiti\" \/>\n<meta property=\"article:publisher\" content=\"https:\/\/www.facebook.com\/profile.php?id=100008943462799\" \/>\n<meta property=\"article:published_time\" content=\"2026-07-16T14:04:02+00:00\" \/>\n<meta property=\"og:image\" content=\"https:\/\/www.bellunopress.it\/wp-content\/uploads\/2023\/10\/Mario-Pozza_edited.jpg\" \/>\n\t<meta property=\"og:image:width\" content=\"1000\" \/>\n\t<meta property=\"og:image:height\" content=\"800\" \/>\n\t<meta property=\"og:image:type\" content=\"image\/jpeg\" \/>\n<meta name=\"author\" content=\"redazione\" \/>\n<meta name=\"twitter:card\" content=\"summary_large_image\" \/>\n<meta name=\"twitter:creator\" content=\"@bellunopress\" \/>\n<meta name=\"twitter:site\" content=\"@bellunopress\" \/>\n<meta name=\"twitter:label1\" content=\"Written by\" \/>\n\t<meta name=\"twitter:data1\" content=\"redazione\" \/>\n\t<meta name=\"twitter:label2\" content=\"Est. reading time\" \/>\n\t<meta name=\"twitter:data2\" content=\"5 minutes\" \/>\n<script type=\"application\/ld+json\" class=\"yoast-schema-graph\">{\"@context\":\"https:\\\/\\\/schema.org\",\"@graph\":[{\"@type\":\"Article\",\"@id\":\"https:\\\/\\\/www.bellunopress.it\\\/2026\\\/07\\\/16\\\/il-commiato-di-mario-pozza-presidente-della-camera-di-commercio-dopo-10-anni-di-mandato\\\/#article\",\"isPartOf\":{\"@id\":\"https:\\\/\\\/www.bellunopress.it\\\/2026\\\/07\\\/16\\\/il-commiato-di-mario-pozza-presidente-della-camera-di-commercio-dopo-10-anni-di-mandato\\\/\"},\"author\":{\"name\":\"redazione\",\"@id\":\"https:\\\/\\\/www.bellunopress.it\\\/#\\\/schema\\\/person\\\/79bb06722b37ece1c03d3e94beb30d73\"},\"headline\":\"Il commiato di Mario Pozza, presidente della Camera di Commercio, dopo 10 anni di mandato\",\"datePublished\":\"2026-07-16T14:04:02+00:00\",\"mainEntityOfPage\":{\"@id\":\"https:\\\/\\\/www.bellunopress.it\\\/2026\\\/07\\\/16\\\/il-commiato-di-mario-pozza-presidente-della-camera-di-commercio-dopo-10-anni-di-mandato\\\/\"},\"wordCount\":779,\"publisher\":{\"@id\":\"https:\\\/\\\/www.bellunopress.it\\\/#organization\"},\"image\":{\"@id\":\"https:\\\/\\\/www.bellunopress.it\\\/2026\\\/07\\\/16\\\/il-commiato-di-mario-pozza-presidente-della-camera-di-commercio-dopo-10-anni-di-mandato\\\/#primaryimage\"},\"thumbnailUrl\":\"https:\\\/\\\/www.bellunopress.it\\\/wp-content\\\/uploads\\\/2023\\\/10\\\/Mario-Pozza_edited.jpg\",\"articleSection\":[\"Lavoro, Economia, Turismo\",\"Prima Pagina\"],\"inLanguage\":\"fr-FR\"},{\"@type\":\"WebPage\",\"@id\":\"https:\\\/\\\/www.bellunopress.it\\\/2026\\\/07\\\/16\\\/il-commiato-di-mario-pozza-presidente-della-camera-di-commercio-dopo-10-anni-di-mandato\\\/\",\"url\":\"https:\\\/\\\/www.bellunopress.it\\\/2026\\\/07\\\/16\\\/il-commiato-di-mario-pozza-presidente-della-camera-di-commercio-dopo-10-anni-di-mandato\\\/\",\"name\":\"Il commiato di Mario Pozza, presidente della Camera di Commercio, dopo 10 anni di mandato - Bellunopress - Dolomiti\",\"isPartOf\":{\"@id\":\"https:\\\/\\\/www.bellunopress.it\\\/#website\"},\"primaryImageOfPage\":{\"@id\":\"https:\\\/\\\/www.bellunopress.it\\\/2026\\\/07\\\/16\\\/il-commiato-di-mario-pozza-presidente-della-camera-di-commercio-dopo-10-anni-di-mandato\\\/#primaryimage\"},\"image\":{\"@id\":\"https:\\\/\\\/www.bellunopress.it\\\/2026\\\/07\\\/16\\\/il-commiato-di-mario-pozza-presidente-della-camera-di-commercio-dopo-10-anni-di-mandato\\\/#primaryimage\"},\"thumbnailUrl\":\"https:\\\/\\\/www.bellunopress.it\\\/wp-content\\\/uploads\\\/2023\\\/10\\\/Mario-Pozza_edited.jpg\",\"datePublished\":\"2026-07-16T14:04:02+00:00\",\"breadcrumb\":{\"@id\":\"https:\\\/\\\/www.bellunopress.it\\\/2026\\\/07\\\/16\\\/il-commiato-di-mario-pozza-presidente-della-camera-di-commercio-dopo-10-anni-di-mandato\\\/#breadcrumb\"},\"inLanguage\":\"fr-FR\",\"potentialAction\":[{\"@type\":\"ReadAction\",\"target\":[\"https:\\\/\\\/www.bellunopress.it\\\/2026\\\/07\\\/16\\\/il-commiato-di-mario-pozza-presidente-della-camera-di-commercio-dopo-10-anni-di-mandato\\\/\"]}]},{\"@type\":\"ImageObject\",\"inLanguage\":\"fr-FR\",\"@id\":\"https:\\\/\\\/www.bellunopress.it\\\/2026\\\/07\\\/16\\\/il-commiato-di-mario-pozza-presidente-della-camera-di-commercio-dopo-10-anni-di-mandato\\\/#primaryimage\",\"url\":\"https:\\\/\\\/www.bellunopress.it\\\/wp-content\\\/uploads\\\/2023\\\/10\\\/Mario-Pozza_edited.jpg\",\"contentUrl\":\"https:\\\/\\\/www.bellunopress.it\\\/wp-content\\\/uploads\\\/2023\\\/10\\\/Mario-Pozza_edited.jpg\",\"width\":1000,\"height\":800,\"caption\":\"Mario Pozza - Presidente Camera di Commercio Treviso\\\/Belluno\\\/Dolomiti\"},{\"@type\":\"BreadcrumbList\",\"@id\":\"https:\\\/\\\/www.bellunopress.it\\\/2026\\\/07\\\/16\\\/il-commiato-di-mario-pozza-presidente-della-camera-di-commercio-dopo-10-anni-di-mandato\\\/#breadcrumb\",\"itemListElement\":[{\"@type\":\"ListItem\",\"position\":1,\"name\":\"Home\",\"item\":\"https:\\\/\\\/www.bellunopress.it\\\/\"},{\"@type\":\"ListItem\",\"position\":2,\"name\":\"Il commiato di Mario Pozza, presidente della Camera di Commercio, dopo 10 anni di mandato\"}]},{\"@type\":\"WebSite\",\"@id\":\"https:\\\/\\\/www.bellunopress.it\\\/#website\",\"url\":\"https:\\\/\\\/www.bellunopress.it\\\/\",\"name\":\"Bellunopress - Dolomiti\",\"description\":\"e-mail: redazione@bellunopress.it\",\"publisher\":{\"@id\":\"https:\\\/\\\/www.bellunopress.it\\\/#organization\"},\"potentialAction\":[{\"@type\":\"SearchAction\",\"target\":{\"@type\":\"EntryPoint\",\"urlTemplate\":\"https:\\\/\\\/www.bellunopress.it\\\/?s={search_term_string}\"},\"query-input\":{\"@type\":\"PropertyValueSpecification\",\"valueRequired\":true,\"valueName\":\"search_term_string\"}}],\"inLanguage\":\"fr-FR\"},{\"@type\":\"Organization\",\"@id\":\"https:\\\/\\\/www.bellunopress.it\\\/#organization\",\"name\":\"Bellunopress\",\"url\":\"https:\\\/\\\/www.bellunopress.it\\\/\",\"logo\":{\"@type\":\"ImageObject\",\"inLanguage\":\"fr-FR\",\"@id\":\"https:\\\/\\\/www.bellunopress.it\\\/#\\\/schema\\\/logo\\\/image\\\/\",\"url\":\"https:\\\/\\\/www.bellunopress.it\\\/wp-content\\\/uploads\\\/2011\\\/05\\\/cropped-logo-bellunopress-.jpg\",\"contentUrl\":\"https:\\\/\\\/www.bellunopress.it\\\/wp-content\\\/uploads\\\/2011\\\/05\\\/cropped-logo-bellunopress-.jpg\",\"width\":512,\"height\":512,\"caption\":\"Bellunopress\"},\"image\":{\"@id\":\"https:\\\/\\\/www.bellunopress.it\\\/#\\\/schema\\\/logo\\\/image\\\/\"},\"sameAs\":[\"https:\\\/\\\/www.facebook.com\\\/profile.php?id=100008943462799\",\"https:\\\/\\\/x.com\\\/bellunopress\",\"https:\\\/\\\/www.linkedin.com\\\/hp\\\/?dnr=JBzUWaJfMUw8vbXJJ2tVW5-I3jZKvC4wsoxE&amp;amp;amp;amp;amp;amp;trk=nav_responsive_tab_home\",\"https:\\\/\\\/www.youtube.com\\\/channel\\\/UCxL0wu1uN0_3_7hGG0306cw\"]},{\"@type\":\"Person\",\"@id\":\"https:\\\/\\\/www.bellunopress.it\\\/#\\\/schema\\\/person\\\/79bb06722b37ece1c03d3e94beb30d73\",\"name\":\"redazione\",\"image\":{\"@type\":\"ImageObject\",\"inLanguage\":\"fr-FR\",\"@id\":\"https:\\\/\\\/secure.gravatar.com\\\/avatar\\\/37d968a2e67a6fd04c169c4bdef102d0bc5d31b2546345219e348575eb80e9a0?s=96&d=mm&r=g\",\"url\":\"https:\\\/\\\/secure.gravatar.com\\\/avatar\\\/37d968a2e67a6fd04c169c4bdef102d0bc5d31b2546345219e348575eb80e9a0?s=96&d=mm&r=g\",\"contentUrl\":\"https:\\\/\\\/secure.gravatar.com\\\/avatar\\\/37d968a2e67a6fd04c169c4bdef102d0bc5d31b2546345219e348575eb80e9a0?s=96&d=mm&r=g\",\"caption\":\"redazione\"},\"sameAs\":[\"http:\\\/\\\/www.bellunopress.it\",\"https:\\\/\\\/x.com\\\/bellunopress\"],\"url\":\"https:\\\/\\\/www.bellunopress.it\\\/fr\\\/author\\\/redazione\\\/\"}]}<\/script>\n<!-- \/ Yoast SEO plugin. -->","yoast_head_json":{"title":"Il commiato di Mario Pozza, presidente della Camera di Commercio, dopo 10 anni di mandato - Bellunopress - Dolomiti","robots":{"index":"index","follow":"follow","max-snippet":"max-snippet:-1","max-image-preview":"max-image-preview:large","max-video-preview":"max-video-preview:-1"},"canonical":"https:\/\/www.bellunopress.it\/fr\/2026\/07\/16\/il-commiato-di-mario-pozza-presidente-della-camera-di-commercio-dopo-10-anni-di-mandato\/","og_locale":"fr_FR","og_type":"article","og_title":"Il commiato di Mario Pozza, presidente della Camera di Commercio, dopo 10 anni di mandato - Bellunopress - Dolomiti","og_description":"Nel secondo quinquennio per la competitivit\u00e0 delle imprese sono state assegnate risorse per pi\u00f9 di 27 milioni di euro Treviso, 16 Luglio 2026 \u2013 &#8220;Sono davvero onorato di aver condiviso un percorso importante con la Giunta, il Consiglio camerale, tutte le associazioni di categoria e tutti gli stakeholder del territorio&#8221;. Lo afferma il presidente della [&hellip;]","og_url":"https:\/\/www.bellunopress.it\/fr\/2026\/07\/16\/il-commiato-di-mario-pozza-presidente-della-camera-di-commercio-dopo-10-anni-di-mandato\/","og_site_name":"Bellunopress - Dolomiti","article_publisher":"https:\/\/www.facebook.com\/profile.php?id=100008943462799","article_published_time":"2026-07-16T14:04:02+00:00","og_image":[{"width":1000,"height":800,"url":"https:\/\/www.bellunopress.it\/wp-content\/uploads\/2023\/10\/Mario-Pozza_edited.jpg","type":"image\/jpeg"}],"author":"redazione","twitter_card":"summary_large_image","twitter_creator":"@bellunopress","twitter_site":"@bellunopress","twitter_misc":{"Written by":"redazione","Est. reading time":"5 minutes"},"schema":{"@context":"https:\/\/schema.org","@graph":[{"@type":"Article","@id":"https:\/\/www.bellunopress.it\/2026\/07\/16\/il-commiato-di-mario-pozza-presidente-della-camera-di-commercio-dopo-10-anni-di-mandato\/#article","isPartOf":{"@id":"https:\/\/www.bellunopress.it\/2026\/07\/16\/il-commiato-di-mario-pozza-presidente-della-camera-di-commercio-dopo-10-anni-di-mandato\/"},"author":{"name":"redazione","@id":"https:\/\/www.bellunopress.it\/#\/schema\/person\/79bb06722b37ece1c03d3e94beb30d73"},"headline":"Il commiato di Mario Pozza, presidente della Camera di Commercio, dopo 10 anni di mandato","datePublished":"2026-07-16T14:04:02+00:00","mainEntityOfPage":{"@id":"https:\/\/www.bellunopress.it\/2026\/07\/16\/il-commiato-di-mario-pozza-presidente-della-camera-di-commercio-dopo-10-anni-di-mandato\/"},"wordCount":779,"publisher":{"@id":"https:\/\/www.bellunopress.it\/#organization"},"image":{"@id":"https:\/\/www.bellunopress.it\/2026\/07\/16\/il-commiato-di-mario-pozza-presidente-della-camera-di-commercio-dopo-10-anni-di-mandato\/#primaryimage"},"thumbnailUrl":"https:\/\/www.bellunopress.it\/wp-content\/uploads\/2023\/10\/Mario-Pozza_edited.jpg","articleSection":["Lavoro, Economia, Turismo","Prima Pagina"],"inLanguage":"fr-FR"},{"@type":"WebPage","@id":"https:\/\/www.bellunopress.it\/2026\/07\/16\/il-commiato-di-mario-pozza-presidente-della-camera-di-commercio-dopo-10-anni-di-mandato\/","url":"https:\/\/www.bellunopress.it\/2026\/07\/16\/il-commiato-di-mario-pozza-presidente-della-camera-di-commercio-dopo-10-anni-di-mandato\/","name":"Il commiato di Mario Pozza, presidente della Camera di Commercio, dopo 10 anni di mandato - Bellunopress - Dolomiti","isPartOf":{"@id":"https:\/\/www.bellunopress.it\/#website"},"primaryImageOfPage":{"@id":"https:\/\/www.bellunopress.it\/2026\/07\/16\/il-commiato-di-mario-pozza-presidente-della-camera-di-commercio-dopo-10-anni-di-mandato\/#primaryimage"},"image":{"@id":"https:\/\/www.bellunopress.it\/2026\/07\/16\/il-commiato-di-mario-pozza-presidente-della-camera-di-commercio-dopo-10-anni-di-mandato\/#primaryimage"},"thumbnailUrl":"https:\/\/www.bellunopress.it\/wp-content\/uploads\/2023\/10\/Mario-Pozza_edited.jpg","datePublished":"2026-07-16T14:04:02+00:00","breadcrumb":{"@id":"https:\/\/www.bellunopress.it\/2026\/07\/16\/il-commiato-di-mario-pozza-presidente-della-camera-di-commercio-dopo-10-anni-di-mandato\/#breadcrumb"},"inLanguage":"fr-FR","potentialAction":[{"@type":"ReadAction","target":["https:\/\/www.bellunopress.it\/2026\/07\/16\/il-commiato-di-mario-pozza-presidente-della-camera-di-commercio-dopo-10-anni-di-mandato\/"]}]},{"@type":"ImageObject","inLanguage":"fr-FR","@id":"https:\/\/www.bellunopress.it\/2026\/07\/16\/il-commiato-di-mario-pozza-presidente-della-camera-di-commercio-dopo-10-anni-di-mandato\/#primaryimage","url":"https:\/\/www.bellunopress.it\/wp-content\/uploads\/2023\/10\/Mario-Pozza_edited.jpg","contentUrl":"https:\/\/www.bellunopress.it\/wp-content\/uploads\/2023\/10\/Mario-Pozza_edited.jpg","width":1000,"height":800,"caption":"Mario Pozza - Presidente Camera di Commercio Treviso\/Belluno\/Dolomiti"},{"@type":"BreadcrumbList","@id":"https:\/\/www.bellunopress.it\/2026\/07\/16\/il-commiato-di-mario-pozza-presidente-della-camera-di-commercio-dopo-10-anni-di-mandato\/#breadcrumb","itemListElement":[{"@type":"ListItem","position":1,"name":"Home","item":"https:\/\/www.bellunopress.it\/"},{"@type":"ListItem","position":2,"name":"Il commiato di Mario Pozza, presidente della Camera di Commercio, dopo 10 anni di mandato"}]},{"@type":"WebSite","@id":"https:\/\/www.bellunopress.it\/#website","url":"https:\/\/www.bellunopress.it\/","name":"Bellunopress - Dolomiti","description":"e-mail: redazione@bellunopress.it","publisher":{"@id":"https:\/\/www.bellunopress.it\/#organization"},"potentialAction":[{"@type":"SearchAction","target":{"@type":"EntryPoint","urlTemplate":"https:\/\/www.bellunopress.it\/?s={search_term_string}"},"query-input":{"@type":"PropertyValueSpecification","valueRequired":true,"valueName":"search_term_string"}}],"inLanguage":"fr-FR"},{"@type":"Organization","@id":"https:\/\/www.bellunopress.it\/#organization","name":"Bellunopress","url":"https:\/\/www.bellunopress.it\/","logo":{"@type":"ImageObject","inLanguage":"fr-FR","@id":"https:\/\/www.bellunopress.it\/#\/schema\/logo\/image\/","url":"https:\/\/www.bellunopress.it\/wp-content\/uploads\/2011\/05\/cropped-logo-bellunopress-.jpg","contentUrl":"https:\/\/www.bellunopress.it\/wp-content\/uploads\/2011\/05\/cropped-logo-bellunopress-.jpg","width":512,"height":512,"caption":"Bellunopress"},"image":{"@id":"https:\/\/www.bellunopress.it\/#\/schema\/logo\/image\/"},"sameAs":["https:\/\/www.facebook.com\/profile.php?id=100008943462799","https:\/\/x.com\/bellunopress","https:\/\/www.linkedin.com\/hp\/?dnr=JBzUWaJfMUw8vbXJJ2tVW5-I3jZKvC4wsoxE&amp;amp;amp;amp;amp;amp;trk=nav_responsive_tab_home","https:\/\/www.youtube.com\/channel\/UCxL0wu1uN0_3_7hGG0306cw"]},{"@type":"Person","@id":"https:\/\/www.bellunopress.it\/#\/schema\/person\/79bb06722b37ece1c03d3e94beb30d73","name":"r\u00e9daction","image":{"@type":"ImageObject","inLanguage":"fr-FR","@id":"https:\/\/secure.gravatar.com\/avatar\/37d968a2e67a6fd04c169c4bdef102d0bc5d31b2546345219e348575eb80e9a0?s=96&d=mm&r=g","url":"https:\/\/secure.gravatar.com\/avatar\/37d968a2e67a6fd04c169c4bdef102d0bc5d31b2546345219e348575eb80e9a0?s=96&d=mm&r=g","contentUrl":"https:\/\/secure.gravatar.com\/avatar\/37d968a2e67a6fd04c169c4bdef102d0bc5d31b2546345219e348575eb80e9a0?s=96&d=mm&r=g","caption":"redazione"},"sameAs":["http:\/\/www.bellunopress.it","https:\/\/x.com\/bellunopress"],"url":"https:\/\/www.bellunopress.it\/fr\/author\/redazione\/"}]}},"_links":{"self":[{"href":"https:\/\/www.bellunopress.it\/fr\/wp-json\/wp\/v2\/posts\/171965","targetHints":{"allow":["GET"]}}],"collection":[{"href":"https:\/\/www.bellunopress.it\/fr\/wp-json\/wp\/v2\/posts"}],"about":[{"href":"https:\/\/www.bellunopress.it\/fr\/wp-json\/wp\/v2\/types\/post"}],"author":[{"embeddable":true,"href":"https:\/\/www.bellunopress.it\/fr\/wp-json\/wp\/v2\/users\/2"}],"replies":[{"embeddable":true,"href":"https:\/\/www.bellunopress.it\/fr\/wp-json\/wp\/v2\/comments?post=171965"}],"version-history":[{"count":1,"href":"https:\/\/www.bellunopress.it\/fr\/wp-json\/wp\/v2\/posts\/171965\/revisions"}],"predecessor-version":[{"id":171966,"href":"https:\/\/www.bellunopress.it\/fr\/wp-json\/wp\/v2\/posts\/171965\/revisions\/171966"}],"wp:featuredmedia":[{"embeddable":true,"href":"https:\/\/www.bellunopress.it\/fr\/wp-json\/wp\/v2\/media\/145120"}],"wp:attachment":[{"href":"https:\/\/www.bellunopress.it\/fr\/wp-json\/wp\/v2\/media?parent=171965"}],"wp:term":[{"taxonomy":"category","embeddable":true,"href":"https:\/\/www.bellunopress.it\/fr\/wp-json\/wp\/v2\/categories?post=171965"},{"taxonomy":"post_tag","embeddable":true,"href":"https:\/\/www.bellunopress.it\/fr\/wp-json\/wp\/v2\/tags?post=171965"}],"curies":[{"name":"wp","href":"https:\/\/api.w.org\/{rel}","templated":true}]}}