{"id":171963,"date":"2026-07-16T15:27:12","date_gmt":"2026-07-16T13:27:12","guid":{"rendered":"https:\/\/www.bellunopress.it\/?p=171963"},"modified":"2026-07-16T15:27:12","modified_gmt":"2026-07-16T13:27:12","slug":"belluno-una-citta-che-cambia-senza-unanima-di-davide-noro","status":"publish","type":"post","link":"https:\/\/www.bellunopress.it\/fr\/2026\/07\/16\/belluno-una-citta-che-cambia-senza-unanima-di-davide-noro\/","title":{"rendered":"Belluno,  una citt\u00e0 che cambia, senza un&#8217;anima  * di Davide Noro"},"content":{"rendered":"<p><strong>Il contrasto tra il post del Comitato Scalette Lambioi e i reportage giornalistici di questi giorni sulla situazione in cui versa il Parco Fluviale non pu\u00f2 che far riflettere<\/strong><\/p>\n<p>Sono tante le vicende che interessano la vivibilit\u00e0 del capoluogo. Alcune, ormai, le conosciamo bene: oltre al gi\u00e0 citato Parco, troviamo i discussi cantieri di Via Feltre e Viale Fantuzzi, la decisione di spostare il comando della Polizia Locale all&#8217;interno del Parco Citt\u00e0 di Bologna e lo stato di abbandono della Chiesa dei Gesuiti. Ma anche le frazioni non se la passano bene: a questo elenco possiamo aggiungere l&#8217;intervento di &#8220;riordino&#8221; del piazzale Vittime di Via Fani a Cavarzano e le note vicende del quartiere di Baldenich, stretto tra il cantiere dell&#8217;Ex Agip e lo stadio.<\/p>\n<p>Questi non sono semplici capitoli di cronaca locale, bens\u00ec fatti che testimoniano una sofferenza profonda nel rapporto tra amministrazione e popolazione; una frattura che apre la strada a due considerazioni.<\/p>\n<p>La prima riflessione riguarda il coinvolgimento dei cittadini. Troppo spesso si ha la sensazione che le scelte strategiche per la citt\u00e0 vengano calate dall&#8217;alto, senza una reale condivisione o un ascolto preventivo delle esigenze di chi quei quartieri li abita e li vive ogni giorno. I cittadini non possono essere trattati come semplici spettatori passivi o, peggio, come &#8220;dipendenti&#8221; di un non meglio precisato &#8220;par\u00f2n&#8221;. In questo senso, abbiamo lanciato come PD Citt\u00e0 di Belluno l&#8217;iniziativa Belluno Futura proprio per rovesciare questo paradigma: prima il bene comune, prima la partecipazione.<\/p>\n<p>Il secondo aspetto riguarda la gestione degli spazi pubblici. Cambiare la citt\u00e0 non significa solo aprire cantieri di cui spesso non si conosce la data di fine; significa soprattutto sapere come quelle opere verranno vissute, mantenute e gestite una volta ultimate. Purtroppo, la realt\u00e0 odierna ci mostra una preoccupante assenza di programmazione. L&#8217;incertezza sulle tariffe di affitto rischia di penalizzare il nuovo Palazzetto De Mas 2 ancor prima della sua partenza. Ma \u00e8 forse la situazione di Lambioi, ampiamente documentata dagli organi di stampa, a rischiare di trasformare un&#8217;area dal potenziale straordinario nel manifesto dell&#8217;incompiuto.<\/p>\n<p>Ecco che la memoria ci riporta inevitabilmente al 2017. In quell&#8217;anno, proprio Paolo Gamba si presentava alla citt\u00e0 come candidato sindaco. Erano anni decisamente diversi: l&#8217;area di Lambioi Beach viveva una stagione di grande splendore, tanto da ospitare l&#8217;evento di chiusura della campagna elettorale dell&#8217;attuale vicesindaco.<\/p>\n<p>Belluno sembrava essere una citt\u00e0 davvero in fermento, ma Gamba non era di questo avviso. Tra il primo e il secondo turno, nel tentativo di convincere gli elettori indecisi al ballottaggio, se ne usc\u00ec con un infelice slogan: &#8220;Belluno, citt\u00e0 malata terminale&#8221;.<\/p>\n<p>Se in quel momento storico un candidato si \u00e8 sentito legittimato a usare parole cos\u00ec forti e inopportune, mi domando quali parole userebbe oggi lo stesso Paolo Gamba \u2013 insieme al centrodestra che lo sosteneva allora e lo affianca oggi \u2013 di fronte allo stato in cui versa la citt\u00e0 dopo i quasi 5 anni della loro amministrazione.<\/p>\n<p>Davide Noro &#8211; Segretario Partito Democratico di Belluno<\/p>","protected":false},"excerpt":{"rendered":"<p>Il contrasto tra il post del Comitato Scalette Lambioi e i reportage giornalistici di questi giorni sulla situazione in cui versa il Parco Fluviale non pu\u00f2 che far riflettere Sono tante le vicende che interessano la vivibilit\u00e0 del capoluogo. Alcune, ormai, le conosciamo bene: oltre al gi\u00e0 citato Parco, troviamo i discussi cantieri di Via [&hellip;]<\/p>\n","protected":false},"author":2,"featured_media":141968,"comment_status":"closed","ping_status":"open","sticky":false,"template":"","format":"standard","meta":{"footnotes":""},"categories":[5,26],"tags":[],"class_list":["post-171963","post","type-post","status-publish","format-standard","has-post-thumbnail","category-cronaca","category-prima-pagina"],"yoast_head":"<!-- This site is optimized with the Yoast SEO plugin v28.4 - https:\/\/yoast.com\/product\/yoast-seo-wordpress\/ -->\n<title>Belluno, una citt\u00e0 che cambia, senza un&#039;anima * di Davide Noro - Bellunopress - Dolomiti<\/title>\n<meta name=\"robots\" content=\"index, follow, max-snippet:-1, max-image-preview:large, max-video-preview:-1\" \/>\n<link rel=\"canonical\" href=\"https:\/\/www.bellunopress.it\/fr\/2026\/07\/16\/belluno-una-citta-che-cambia-senza-unanima-di-davide-noro\/\" \/>\n<meta property=\"og:locale\" content=\"fr_FR\" \/>\n<meta property=\"og:type\" content=\"article\" \/>\n<meta property=\"og:title\" content=\"Belluno, una citt\u00e0 che cambia, senza un&#039;anima * di Davide Noro - Bellunopress - Dolomiti\" \/>\n<meta property=\"og:description\" content=\"Il contrasto tra il post del Comitato Scalette Lambioi e i reportage giornalistici di questi giorni sulla situazione in cui versa il Parco Fluviale non pu\u00f2 che far riflettere Sono tante le vicende che interessano la vivibilit\u00e0 del capoluogo. Alcune, ormai, le conosciamo bene: oltre al gi\u00e0 citato Parco, troviamo i discussi cantieri di Via [&hellip;]\" \/>\n<meta property=\"og:url\" content=\"https:\/\/www.bellunopress.it\/fr\/2026\/07\/16\/belluno-una-citta-che-cambia-senza-unanima-di-davide-noro\/\" \/>\n<meta property=\"og:site_name\" content=\"Bellunopress - Dolomiti\" \/>\n<meta property=\"article:publisher\" content=\"https:\/\/www.facebook.com\/profile.php?id=100008943462799\" \/>\n<meta property=\"article:published_time\" content=\"2026-07-16T13:27:12+00:00\" \/>\n<meta property=\"og:image\" content=\"https:\/\/www.bellunopress.it\/wp-content\/uploads\/2023\/06\/Davide-Noro-segretario-Pd-Belluno.jpg\" \/>\n\t<meta property=\"og:image:width\" content=\"847\" \/>\n\t<meta property=\"og:image:height\" content=\"1000\" \/>\n\t<meta property=\"og:image:type\" content=\"image\/jpeg\" \/>\n<meta name=\"author\" content=\"redazione\" \/>\n<meta name=\"twitter:card\" content=\"summary_large_image\" \/>\n<meta name=\"twitter:creator\" content=\"@bellunopress\" \/>\n<meta name=\"twitter:site\" content=\"@bellunopress\" \/>\n<meta name=\"twitter:label1\" content=\"Written by\" \/>\n\t<meta name=\"twitter:data1\" content=\"redazione\" \/>\n\t<meta name=\"twitter:label2\" content=\"Est. reading time\" \/>\n\t<meta name=\"twitter:data2\" content=\"3 minutes\" \/>\n<script type=\"application\/ld+json\" class=\"yoast-schema-graph\">{\"@context\":\"https:\\\/\\\/schema.org\",\"@graph\":[{\"@type\":\"Article\",\"@id\":\"https:\\\/\\\/www.bellunopress.it\\\/2026\\\/07\\\/16\\\/belluno-una-citta-che-cambia-senza-unanima-di-davide-noro\\\/#article\",\"isPartOf\":{\"@id\":\"https:\\\/\\\/www.bellunopress.it\\\/2026\\\/07\\\/16\\\/belluno-una-citta-che-cambia-senza-unanima-di-davide-noro\\\/\"},\"author\":{\"name\":\"redazione\",\"@id\":\"https:\\\/\\\/www.bellunopress.it\\\/#\\\/schema\\\/person\\\/79bb06722b37ece1c03d3e94beb30d73\"},\"headline\":\"Belluno, una citt\u00e0 che cambia, senza un&#8217;anima * di Davide Noro\",\"datePublished\":\"2026-07-16T13:27:12+00:00\",\"mainEntityOfPage\":{\"@id\":\"https:\\\/\\\/www.bellunopress.it\\\/2026\\\/07\\\/16\\\/belluno-una-citta-che-cambia-senza-unanima-di-davide-noro\\\/\"},\"wordCount\":511,\"publisher\":{\"@id\":\"https:\\\/\\\/www.bellunopress.it\\\/#organization\"},\"image\":{\"@id\":\"https:\\\/\\\/www.bellunopress.it\\\/2026\\\/07\\\/16\\\/belluno-una-citta-che-cambia-senza-unanima-di-davide-noro\\\/#primaryimage\"},\"thumbnailUrl\":\"https:\\\/\\\/www.bellunopress.it\\\/wp-content\\\/uploads\\\/2023\\\/06\\\/Davide-Noro-segretario-Pd-Belluno.jpg\",\"articleSection\":[\"Cronaca\\\/Politica\",\"Prima Pagina\"],\"inLanguage\":\"fr-FR\"},{\"@type\":\"WebPage\",\"@id\":\"https:\\\/\\\/www.bellunopress.it\\\/2026\\\/07\\\/16\\\/belluno-una-citta-che-cambia-senza-unanima-di-davide-noro\\\/\",\"url\":\"https:\\\/\\\/www.bellunopress.it\\\/2026\\\/07\\\/16\\\/belluno-una-citta-che-cambia-senza-unanima-di-davide-noro\\\/\",\"name\":\"Belluno, una citt\u00e0 che cambia, senza un'anima * di Davide Noro - Bellunopress - Dolomiti\",\"isPartOf\":{\"@id\":\"https:\\\/\\\/www.bellunopress.it\\\/#website\"},\"primaryImageOfPage\":{\"@id\":\"https:\\\/\\\/www.bellunopress.it\\\/2026\\\/07\\\/16\\\/belluno-una-citta-che-cambia-senza-unanima-di-davide-noro\\\/#primaryimage\"},\"image\":{\"@id\":\"https:\\\/\\\/www.bellunopress.it\\\/2026\\\/07\\\/16\\\/belluno-una-citta-che-cambia-senza-unanima-di-davide-noro\\\/#primaryimage\"},\"thumbnailUrl\":\"https:\\\/\\\/www.bellunopress.it\\\/wp-content\\\/uploads\\\/2023\\\/06\\\/Davide-Noro-segretario-Pd-Belluno.jpg\",\"datePublished\":\"2026-07-16T13:27:12+00:00\",\"breadcrumb\":{\"@id\":\"https:\\\/\\\/www.bellunopress.it\\\/2026\\\/07\\\/16\\\/belluno-una-citta-che-cambia-senza-unanima-di-davide-noro\\\/#breadcrumb\"},\"inLanguage\":\"fr-FR\",\"potentialAction\":[{\"@type\":\"ReadAction\",\"target\":[\"https:\\\/\\\/www.bellunopress.it\\\/2026\\\/07\\\/16\\\/belluno-una-citta-che-cambia-senza-unanima-di-davide-noro\\\/\"]}]},{\"@type\":\"ImageObject\",\"inLanguage\":\"fr-FR\",\"@id\":\"https:\\\/\\\/www.bellunopress.it\\\/2026\\\/07\\\/16\\\/belluno-una-citta-che-cambia-senza-unanima-di-davide-noro\\\/#primaryimage\",\"url\":\"https:\\\/\\\/www.bellunopress.it\\\/wp-content\\\/uploads\\\/2023\\\/06\\\/Davide-Noro-segretario-Pd-Belluno.jpg\",\"contentUrl\":\"https:\\\/\\\/www.bellunopress.it\\\/wp-content\\\/uploads\\\/2023\\\/06\\\/Davide-Noro-segretario-Pd-Belluno.jpg\",\"width\":847,\"height\":1000,\"caption\":\"Davide Noro, segretario Unione comunale Partito Democratico Belluno\"},{\"@type\":\"BreadcrumbList\",\"@id\":\"https:\\\/\\\/www.bellunopress.it\\\/2026\\\/07\\\/16\\\/belluno-una-citta-che-cambia-senza-unanima-di-davide-noro\\\/#breadcrumb\",\"itemListElement\":[{\"@type\":\"ListItem\",\"position\":1,\"name\":\"Home\",\"item\":\"https:\\\/\\\/www.bellunopress.it\\\/\"},{\"@type\":\"ListItem\",\"position\":2,\"name\":\"Belluno, una citt\u00e0 che cambia, senza un&#8217;anima * di Davide Noro\"}]},{\"@type\":\"WebSite\",\"@id\":\"https:\\\/\\\/www.bellunopress.it\\\/#website\",\"url\":\"https:\\\/\\\/www.bellunopress.it\\\/\",\"name\":\"Bellunopress - Dolomiti\",\"description\":\"e-mail: redazione@bellunopress.it\",\"publisher\":{\"@id\":\"https:\\\/\\\/www.bellunopress.it\\\/#organization\"},\"potentialAction\":[{\"@type\":\"SearchAction\",\"target\":{\"@type\":\"EntryPoint\",\"urlTemplate\":\"https:\\\/\\\/www.bellunopress.it\\\/?s={search_term_string}\"},\"query-input\":{\"@type\":\"PropertyValueSpecification\",\"valueRequired\":true,\"valueName\":\"search_term_string\"}}],\"inLanguage\":\"fr-FR\"},{\"@type\":\"Organization\",\"@id\":\"https:\\\/\\\/www.bellunopress.it\\\/#organization\",\"name\":\"Bellunopress\",\"url\":\"https:\\\/\\\/www.bellunopress.it\\\/\",\"logo\":{\"@type\":\"ImageObject\",\"inLanguage\":\"fr-FR\",\"@id\":\"https:\\\/\\\/www.bellunopress.it\\\/#\\\/schema\\\/logo\\\/image\\\/\",\"url\":\"https:\\\/\\\/www.bellunopress.it\\\/wp-content\\\/uploads\\\/2011\\\/05\\\/cropped-logo-bellunopress-.jpg\",\"contentUrl\":\"https:\\\/\\\/www.bellunopress.it\\\/wp-content\\\/uploads\\\/2011\\\/05\\\/cropped-logo-bellunopress-.jpg\",\"width\":512,\"height\":512,\"caption\":\"Bellunopress\"},\"image\":{\"@id\":\"https:\\\/\\\/www.bellunopress.it\\\/#\\\/schema\\\/logo\\\/image\\\/\"},\"sameAs\":[\"https:\\\/\\\/www.facebook.com\\\/profile.php?id=100008943462799\",\"https:\\\/\\\/x.com\\\/bellunopress\",\"https:\\\/\\\/www.linkedin.com\\\/hp\\\/?dnr=JBzUWaJfMUw8vbXJJ2tVW5-I3jZKvC4wsoxE&amp;amp;amp;amp;amp;amp;trk=nav_responsive_tab_home\",\"https:\\\/\\\/www.youtube.com\\\/channel\\\/UCxL0wu1uN0_3_7hGG0306cw\"]},{\"@type\":\"Person\",\"@id\":\"https:\\\/\\\/www.bellunopress.it\\\/#\\\/schema\\\/person\\\/79bb06722b37ece1c03d3e94beb30d73\",\"name\":\"redazione\",\"image\":{\"@type\":\"ImageObject\",\"inLanguage\":\"fr-FR\",\"@id\":\"https:\\\/\\\/secure.gravatar.com\\\/avatar\\\/37d968a2e67a6fd04c169c4bdef102d0bc5d31b2546345219e348575eb80e9a0?s=96&d=mm&r=g\",\"url\":\"https:\\\/\\\/secure.gravatar.com\\\/avatar\\\/37d968a2e67a6fd04c169c4bdef102d0bc5d31b2546345219e348575eb80e9a0?s=96&d=mm&r=g\",\"contentUrl\":\"https:\\\/\\\/secure.gravatar.com\\\/avatar\\\/37d968a2e67a6fd04c169c4bdef102d0bc5d31b2546345219e348575eb80e9a0?s=96&d=mm&r=g\",\"caption\":\"redazione\"},\"sameAs\":[\"http:\\\/\\\/www.bellunopress.it\",\"https:\\\/\\\/x.com\\\/bellunopress\"],\"url\":\"https:\\\/\\\/www.bellunopress.it\\\/fr\\\/author\\\/redazione\\\/\"}]}<\/script>\n<!-- \/ Yoast SEO plugin. -->","yoast_head_json":{"title":"Belluno, una citt\u00e0 che cambia, senza un'anima * di Davide Noro - Bellunopress - Dolomiti","robots":{"index":"index","follow":"follow","max-snippet":"max-snippet:-1","max-image-preview":"max-image-preview:large","max-video-preview":"max-video-preview:-1"},"canonical":"https:\/\/www.bellunopress.it\/fr\/2026\/07\/16\/belluno-una-citta-che-cambia-senza-unanima-di-davide-noro\/","og_locale":"fr_FR","og_type":"article","og_title":"Belluno, una citt\u00e0 che cambia, senza un'anima * di Davide Noro - Bellunopress - Dolomiti","og_description":"Il contrasto tra il post del Comitato Scalette Lambioi e i reportage giornalistici di questi giorni sulla situazione in cui versa il Parco Fluviale non pu\u00f2 che far riflettere Sono tante le vicende che interessano la vivibilit\u00e0 del capoluogo. Alcune, ormai, le conosciamo bene: oltre al gi\u00e0 citato Parco, troviamo i discussi cantieri di Via [&hellip;]","og_url":"https:\/\/www.bellunopress.it\/fr\/2026\/07\/16\/belluno-una-citta-che-cambia-senza-unanima-di-davide-noro\/","og_site_name":"Bellunopress - Dolomiti","article_publisher":"https:\/\/www.facebook.com\/profile.php?id=100008943462799","article_published_time":"2026-07-16T13:27:12+00:00","og_image":[{"width":847,"height":1000,"url":"https:\/\/www.bellunopress.it\/wp-content\/uploads\/2023\/06\/Davide-Noro-segretario-Pd-Belluno.jpg","type":"image\/jpeg"}],"author":"redazione","twitter_card":"summary_large_image","twitter_creator":"@bellunopress","twitter_site":"@bellunopress","twitter_misc":{"Written by":"redazione","Est. reading time":"3 minutes"},"schema":{"@context":"https:\/\/schema.org","@graph":[{"@type":"Article","@id":"https:\/\/www.bellunopress.it\/2026\/07\/16\/belluno-una-citta-che-cambia-senza-unanima-di-davide-noro\/#article","isPartOf":{"@id":"https:\/\/www.bellunopress.it\/2026\/07\/16\/belluno-una-citta-che-cambia-senza-unanima-di-davide-noro\/"},"author":{"name":"redazione","@id":"https:\/\/www.bellunopress.it\/#\/schema\/person\/79bb06722b37ece1c03d3e94beb30d73"},"headline":"Belluno, una citt\u00e0 che cambia, senza un&#8217;anima * di Davide Noro","datePublished":"2026-07-16T13:27:12+00:00","mainEntityOfPage":{"@id":"https:\/\/www.bellunopress.it\/2026\/07\/16\/belluno-una-citta-che-cambia-senza-unanima-di-davide-noro\/"},"wordCount":511,"publisher":{"@id":"https:\/\/www.bellunopress.it\/#organization"},"image":{"@id":"https:\/\/www.bellunopress.it\/2026\/07\/16\/belluno-una-citta-che-cambia-senza-unanima-di-davide-noro\/#primaryimage"},"thumbnailUrl":"https:\/\/www.bellunopress.it\/wp-content\/uploads\/2023\/06\/Davide-Noro-segretario-Pd-Belluno.jpg","articleSection":["Cronaca\/Politica","Prima Pagina"],"inLanguage":"fr-FR"},{"@type":"WebPage","@id":"https:\/\/www.bellunopress.it\/2026\/07\/16\/belluno-una-citta-che-cambia-senza-unanima-di-davide-noro\/","url":"https:\/\/www.bellunopress.it\/2026\/07\/16\/belluno-una-citta-che-cambia-senza-unanima-di-davide-noro\/","name":"Belluno, una citt\u00e0 che cambia, senza un'anima * di Davide Noro - Bellunopress - Dolomiti","isPartOf":{"@id":"https:\/\/www.bellunopress.it\/#website"},"primaryImageOfPage":{"@id":"https:\/\/www.bellunopress.it\/2026\/07\/16\/belluno-una-citta-che-cambia-senza-unanima-di-davide-noro\/#primaryimage"},"image":{"@id":"https:\/\/www.bellunopress.it\/2026\/07\/16\/belluno-una-citta-che-cambia-senza-unanima-di-davide-noro\/#primaryimage"},"thumbnailUrl":"https:\/\/www.bellunopress.it\/wp-content\/uploads\/2023\/06\/Davide-Noro-segretario-Pd-Belluno.jpg","datePublished":"2026-07-16T13:27:12+00:00","breadcrumb":{"@id":"https:\/\/www.bellunopress.it\/2026\/07\/16\/belluno-una-citta-che-cambia-senza-unanima-di-davide-noro\/#breadcrumb"},"inLanguage":"fr-FR","potentialAction":[{"@type":"ReadAction","target":["https:\/\/www.bellunopress.it\/2026\/07\/16\/belluno-una-citta-che-cambia-senza-unanima-di-davide-noro\/"]}]},{"@type":"ImageObject","inLanguage":"fr-FR","@id":"https:\/\/www.bellunopress.it\/2026\/07\/16\/belluno-una-citta-che-cambia-senza-unanima-di-davide-noro\/#primaryimage","url":"https:\/\/www.bellunopress.it\/wp-content\/uploads\/2023\/06\/Davide-Noro-segretario-Pd-Belluno.jpg","contentUrl":"https:\/\/www.bellunopress.it\/wp-content\/uploads\/2023\/06\/Davide-Noro-segretario-Pd-Belluno.jpg","width":847,"height":1000,"caption":"Davide Noro, segretario Unione comunale Partito Democratico Belluno"},{"@type":"BreadcrumbList","@id":"https:\/\/www.bellunopress.it\/2026\/07\/16\/belluno-una-citta-che-cambia-senza-unanima-di-davide-noro\/#breadcrumb","itemListElement":[{"@type":"ListItem","position":1,"name":"Home","item":"https:\/\/www.bellunopress.it\/"},{"@type":"ListItem","position":2,"name":"Belluno, una citt\u00e0 che cambia, senza un&#8217;anima * di Davide Noro"}]},{"@type":"WebSite","@id":"https:\/\/www.bellunopress.it\/#website","url":"https:\/\/www.bellunopress.it\/","name":"Bellunopress - Dolomiti","description":"e-mail: redazione@bellunopress.it","publisher":{"@id":"https:\/\/www.bellunopress.it\/#organization"},"potentialAction":[{"@type":"SearchAction","target":{"@type":"EntryPoint","urlTemplate":"https:\/\/www.bellunopress.it\/?s={search_term_string}"},"query-input":{"@type":"PropertyValueSpecification","valueRequired":true,"valueName":"search_term_string"}}],"inLanguage":"fr-FR"},{"@type":"Organization","@id":"https:\/\/www.bellunopress.it\/#organization","name":"Bellunopress","url":"https:\/\/www.bellunopress.it\/","logo":{"@type":"ImageObject","inLanguage":"fr-FR","@id":"https:\/\/www.bellunopress.it\/#\/schema\/logo\/image\/","url":"https:\/\/www.bellunopress.it\/wp-content\/uploads\/2011\/05\/cropped-logo-bellunopress-.jpg","contentUrl":"https:\/\/www.bellunopress.it\/wp-content\/uploads\/2011\/05\/cropped-logo-bellunopress-.jpg","width":512,"height":512,"caption":"Bellunopress"},"image":{"@id":"https:\/\/www.bellunopress.it\/#\/schema\/logo\/image\/"},"sameAs":["https:\/\/www.facebook.com\/profile.php?id=100008943462799","https:\/\/x.com\/bellunopress","https:\/\/www.linkedin.com\/hp\/?dnr=JBzUWaJfMUw8vbXJJ2tVW5-I3jZKvC4wsoxE&amp;amp;amp;amp;amp;amp;trk=nav_responsive_tab_home","https:\/\/www.youtube.com\/channel\/UCxL0wu1uN0_3_7hGG0306cw"]},{"@type":"Person","@id":"https:\/\/www.bellunopress.it\/#\/schema\/person\/79bb06722b37ece1c03d3e94beb30d73","name":"r\u00e9daction","image":{"@type":"ImageObject","inLanguage":"fr-FR","@id":"https:\/\/secure.gravatar.com\/avatar\/37d968a2e67a6fd04c169c4bdef102d0bc5d31b2546345219e348575eb80e9a0?s=96&d=mm&r=g","url":"https:\/\/secure.gravatar.com\/avatar\/37d968a2e67a6fd04c169c4bdef102d0bc5d31b2546345219e348575eb80e9a0?s=96&d=mm&r=g","contentUrl":"https:\/\/secure.gravatar.com\/avatar\/37d968a2e67a6fd04c169c4bdef102d0bc5d31b2546345219e348575eb80e9a0?s=96&d=mm&r=g","caption":"redazione"},"sameAs":["http:\/\/www.bellunopress.it","https:\/\/x.com\/bellunopress"],"url":"https:\/\/www.bellunopress.it\/fr\/author\/redazione\/"}]}},"_links":{"self":[{"href":"https:\/\/www.bellunopress.it\/fr\/wp-json\/wp\/v2\/posts\/171963","targetHints":{"allow":["GET"]}}],"collection":[{"href":"https:\/\/www.bellunopress.it\/fr\/wp-json\/wp\/v2\/posts"}],"about":[{"href":"https:\/\/www.bellunopress.it\/fr\/wp-json\/wp\/v2\/types\/post"}],"author":[{"embeddable":true,"href":"https:\/\/www.bellunopress.it\/fr\/wp-json\/wp\/v2\/users\/2"}],"replies":[{"embeddable":true,"href":"https:\/\/www.bellunopress.it\/fr\/wp-json\/wp\/v2\/comments?post=171963"}],"version-history":[{"count":1,"href":"https:\/\/www.bellunopress.it\/fr\/wp-json\/wp\/v2\/posts\/171963\/revisions"}],"predecessor-version":[{"id":171964,"href":"https:\/\/www.bellunopress.it\/fr\/wp-json\/wp\/v2\/posts\/171963\/revisions\/171964"}],"wp:featuredmedia":[{"embeddable":true,"href":"https:\/\/www.bellunopress.it\/fr\/wp-json\/wp\/v2\/media\/141968"}],"wp:attachment":[{"href":"https:\/\/www.bellunopress.it\/fr\/wp-json\/wp\/v2\/media?parent=171963"}],"wp:term":[{"taxonomy":"category","embeddable":true,"href":"https:\/\/www.bellunopress.it\/fr\/wp-json\/wp\/v2\/categories?post=171963"},{"taxonomy":"post_tag","embeddable":true,"href":"https:\/\/www.bellunopress.it\/fr\/wp-json\/wp\/v2\/tags?post=171963"}],"curies":[{"name":"wp","href":"https:\/\/api.w.org\/{rel}","templated":true}]}}