{"id":171951,"date":"2026-07-15T21:04:05","date_gmt":"2026-07-15T19:04:05","guid":{"rendered":"https:\/\/www.bellunopress.it\/?p=171951"},"modified":"2026-07-15T21:07:26","modified_gmt":"2026-07-15T19:07:26","slug":"lago-film-fest-2026-la-sfida-impossibile-di-portare-kevin-bacon-a-revine-lago","status":"publish","type":"post","link":"https:\/\/www.bellunopress.it\/fr\/2026\/07\/15\/lago-film-fest-2026-la-sfida-impossibile-di-portare-kevin-bacon-a-revine-lago\/","title":{"rendered":"Lago Film Fest 2026: la sfida impossibile di portare Kevin Bacon a Revine Lago"},"content":{"rendered":"<p data-path-to-node=\"3\"><b data-path-to-node=\"3\" data-index-in-node=\"0\">Dal 18 al 25 luglio, la XXII edizione del festival torna sulle rive del lago trevigiano con una missione audace: trasformare la teoria dei \u201csei gradi di separazione\u201d in un esperimento collettivo per unire il mondo attraverso il cinema.<\/b><\/p>\n<p data-path-to-node=\"4\">Cosa succederebbe se un intero paese decidesse di sfidare le leggi della probabilit\u00e0 per far arrivare una star di Hollywood sulle rive di un piccolo lago in provincia di Treviso? Non \u00e8 la trama di un film, ma il cuore pulsante della XXII edizione del Lago Film Fest, che quest\u2019anno ha deciso di spingersi oltre il concetto di festival cinematografico per diventare un esperimento di connessione umana.<\/p>\n<p data-path-to-node=\"5\">Il protagonista involontario di questa missione \u00e8 Kevin Bacon. Gli organizzatori \u2013 Viviana Carlet e Carlo Migotto \u2013 gli hanno scritto una lettera pubblica, condividendola con festival, artisti e perfetti sconosciuti in tutto il mondo. L&#8217;obiettivo? Dimostrare che la distanza tra le persone \u00e8 solo un\u2019illusione geografica.<\/p>\n<p data-path-to-node=\"7\">\u00abIl punto non \u00e8 Kevin Bacon. Il punto \u00e8 creare una comunit\u00e0\u00bb, spiegano gli organizzatori. E la risposta \u00e8 stata travolgente: centinaia di persone si sono unite all\u2019impresa. Ad oggi, il festival ha raggiunto i &#8220;due gradi di separazione&#8221; dalla star. Se Bacon varcher\u00e0 o meno la soglia del festival entro il 25 luglio resta un mistero, ma il risultato \u00e8 gi\u00e0 stato raggiunto: il festival ha trasformato un sogno condiviso in un collante sociale.<\/p>\n<p data-path-to-node=\"8\">\u00abNon ci serviva una star per risolvere qualcosa \u2013 racconta Viviana Carlet, fondatrice del festival \u2013 ma un sogno sufficientemente grande da raccogliere ancora una volta una comunit\u00e0 attorno a un\u2019idea\u00bb.<\/p>\n<p data-path-to-node=\"10\">L\u2019edizione 2026, in programma a Revine Lago dal 18 al 25 luglio, si conferma un punto di riferimento per il cinema indipendente internazionale. Sono oltre cento i film in programma, provenienti da 33 Paesi, con un impressionante 82% di anteprime (mondiali, internazionali ed europee).<\/p>\n<p data-path-to-node=\"11\">Le opere in concorso esplorano le complessit\u00e0 del presente: migrazioni, identit\u00e0, conflitti, memoria e trasformazioni sociali. Il cinema diventa, nelle parole della direttrice artistica Federica Pugliese, \u00abun&#8217;occasione di incontro e costruzione collettiva\u00bb, in cui il paesaggio \u2014 sia esso un\u2019isola, una laguna o un villaggio \u2014 gioca un ruolo da protagonista insieme al corpo umano.<\/p>\n<p data-path-to-node=\"13\">Lago Film Fest non si limita alla sala. Il festival si conferma &#8220;diffuso&#8221; e multidisciplinare, con focus d\u2019eccezione: dalla reporter libanese Jocelyne Saab ai lavori di Diego Marcon, fino alla visione avanguardistica di Nelly Ben Hayoun (nota per le sue collaborazioni con la NASA).<\/p>\n<p data-path-to-node=\"14\">Il 2026 segna anche il debutto della Lago Cine Summer School, dedicata ai pi\u00f9 giovani, a testimonianza di una volont\u00e0 costante di investire nelle nuove generazioni di spettatori e cineasti. Non mancheranno concerti, installazioni immersive, masterclass e i <i data-path-to-node=\"14\" data-index-in-node=\"257\">Barefoot Industry Days<\/i>, dedicati al futuro del settore.<\/p>\n<p data-path-to-node=\"16\">Mentre il festival celebra anche i cinquant\u2019anni della Pro Loco di Revine Lago, il suo ruolo appare pi\u00f9 chiaro che mai: in un momento storico segnato da incertezze e crisi, il cinema diventa lo strumento per abbattere le distanze.<\/p>\n<p data-path-to-node=\"17\">Come ricorda la direttrice Viviana Carlet: \u00abQuesta non \u00e8 solo la storia di un festival, \u00e8 la storia di una comunit\u00e0 che ha creduto che i sogni, quando vengono condivisi, possano diventare luoghi reali\u00bb. E fino al 25 luglio, la partita resta aperta: il Lago Film Fest continua a scommettere sul potere delle relazioni, dimostrando che il &#8220;centro del mondo&#8221; pu\u00f2 trovarsi ovunque ci siano persone disposte a incontrarsi.<\/p>","protected":false},"excerpt":{"rendered":"<p>Dal 18 al 25 luglio, la XXII edizione del festival torna sulle rive del lago trevigiano con una missione audace: trasformare la teoria dei \u201csei gradi di separazione\u201d in un esperimento collettivo per unire il mondo attraverso il cinema. Cosa succederebbe se un intero paese decidesse di sfidare le leggi della probabilit\u00e0 per far arrivare [&hellip;]<\/p>\n","protected":false},"author":2,"featured_media":171953,"comment_status":"closed","ping_status":"open","sticky":false,"template":"","format":"standard","meta":{"footnotes":""},"categories":[27,3,25],"tags":[],"class_list":["post-171951","post","type-post","status-publish","format-standard","has-post-thumbnail","category-appuntamenti","category-arte-cultura-spettacoli-scienza-archivi","category-pausa-caffe"],"yoast_head":"<!-- This site is optimized with the Yoast SEO plugin v28.4 - https:\/\/yoast.com\/product\/yoast-seo-wordpress\/ -->\n<title>Lago Film Fest 2026: la sfida impossibile di portare Kevin Bacon a Revine Lago - Bellunopress - Dolomiti<\/title>\n<meta name=\"robots\" content=\"index, follow, max-snippet:-1, max-image-preview:large, max-video-preview:-1\" \/>\n<link rel=\"canonical\" href=\"https:\/\/www.bellunopress.it\/fr\/2026\/07\/15\/lago-film-fest-2026-la-sfida-impossibile-di-portare-kevin-bacon-a-revine-lago\/\" \/>\n<meta property=\"og:locale\" content=\"fr_FR\" \/>\n<meta property=\"og:type\" content=\"article\" \/>\n<meta property=\"og:title\" content=\"Lago Film Fest 2026: la sfida impossibile di portare Kevin Bacon a Revine Lago - Bellunopress - Dolomiti\" \/>\n<meta property=\"og:description\" content=\"Dal 18 al 25 luglio, la XXII edizione del festival torna sulle rive del lago trevigiano con una missione audace: trasformare la teoria dei \u201csei gradi di separazione\u201d in un esperimento collettivo per unire il mondo attraverso il cinema. Cosa succederebbe se un intero paese decidesse di sfidare le leggi della probabilit\u00e0 per far arrivare [&hellip;]\" \/>\n<meta property=\"og:url\" content=\"https:\/\/www.bellunopress.it\/fr\/2026\/07\/15\/lago-film-fest-2026-la-sfida-impossibile-di-portare-kevin-bacon-a-revine-lago\/\" \/>\n<meta property=\"og:site_name\" content=\"Bellunopress - Dolomiti\" \/>\n<meta property=\"article:publisher\" content=\"https:\/\/www.facebook.com\/profile.php?id=100008943462799\" \/>\n<meta property=\"article:published_time\" content=\"2026-07-15T19:04:05+00:00\" \/>\n<meta property=\"article:modified_time\" content=\"2026-07-15T19:07:26+00:00\" \/>\n<meta property=\"og:image\" content=\"https:\/\/www.bellunopress.it\/wp-content\/uploads\/2026\/07\/Viviana-Carlet-e-Carlo-Migotto-Fondatori-e-direttori-del-Lago-Film-Fest.jpeg\" \/>\n\t<meta property=\"og:image:width\" content=\"600\" \/>\n\t<meta property=\"og:image:height\" content=\"409\" \/>\n\t<meta property=\"og:image:type\" content=\"image\/jpeg\" \/>\n<meta name=\"author\" content=\"redazione\" \/>\n<meta name=\"twitter:card\" content=\"summary_large_image\" \/>\n<meta name=\"twitter:creator\" content=\"@bellunopress\" \/>\n<meta name=\"twitter:site\" content=\"@bellunopress\" \/>\n<meta name=\"twitter:label1\" content=\"\u00c9crit par\" \/>\n\t<meta name=\"twitter:data1\" content=\"redazione\" \/>\n\t<meta name=\"twitter:label2\" content=\"Dur\u00e9e de lecture estim\u00e9e\" \/>\n\t<meta name=\"twitter:data2\" content=\"4 minutes\" \/>\n<script type=\"application\/ld+json\" class=\"yoast-schema-graph\">{\"@context\":\"https:\\\/\\\/schema.org\",\"@graph\":[{\"@type\":\"Article\",\"@id\":\"https:\\\/\\\/www.bellunopress.it\\\/2026\\\/07\\\/15\\\/lago-film-fest-2026-la-sfida-impossibile-di-portare-kevin-bacon-a-revine-lago\\\/#article\",\"isPartOf\":{\"@id\":\"https:\\\/\\\/www.bellunopress.it\\\/2026\\\/07\\\/15\\\/lago-film-fest-2026-la-sfida-impossibile-di-portare-kevin-bacon-a-revine-lago\\\/\"},\"author\":{\"name\":\"redazione\",\"@id\":\"https:\\\/\\\/www.bellunopress.it\\\/#\\\/schema\\\/person\\\/79bb06722b37ece1c03d3e94beb30d73\"},\"headline\":\"Lago Film Fest 2026: la sfida impossibile di portare Kevin Bacon a Revine Lago\",\"datePublished\":\"2026-07-15T19:04:05+00:00\",\"dateModified\":\"2026-07-15T19:07:26+00:00\",\"mainEntityOfPage\":{\"@id\":\"https:\\\/\\\/www.bellunopress.it\\\/2026\\\/07\\\/15\\\/lago-film-fest-2026-la-sfida-impossibile-di-portare-kevin-bacon-a-revine-lago\\\/\"},\"wordCount\":554,\"publisher\":{\"@id\":\"https:\\\/\\\/www.bellunopress.it\\\/#organization\"},\"image\":{\"@id\":\"https:\\\/\\\/www.bellunopress.it\\\/2026\\\/07\\\/15\\\/lago-film-fest-2026-la-sfida-impossibile-di-portare-kevin-bacon-a-revine-lago\\\/#primaryimage\"},\"thumbnailUrl\":\"https:\\\/\\\/www.bellunopress.it\\\/wp-content\\\/uploads\\\/2026\\\/07\\\/Viviana-Carlet-e-Carlo-Migotto-Fondatori-e-direttori-del-Lago-Film-Fest.jpeg\",\"articleSection\":[\"Appuntamenti, Eventi\",\"Arte, Cultura, Spettacoli, Scienza\",\"Pausa Caff\u00e8\"],\"inLanguage\":\"fr-FR\"},{\"@type\":\"WebPage\",\"@id\":\"https:\\\/\\\/www.bellunopress.it\\\/2026\\\/07\\\/15\\\/lago-film-fest-2026-la-sfida-impossibile-di-portare-kevin-bacon-a-revine-lago\\\/\",\"url\":\"https:\\\/\\\/www.bellunopress.it\\\/2026\\\/07\\\/15\\\/lago-film-fest-2026-la-sfida-impossibile-di-portare-kevin-bacon-a-revine-lago\\\/\",\"name\":\"Lago Film Fest 2026: la sfida impossibile di portare Kevin Bacon a Revine Lago - Bellunopress - Dolomiti\",\"isPartOf\":{\"@id\":\"https:\\\/\\\/www.bellunopress.it\\\/#website\"},\"primaryImageOfPage\":{\"@id\":\"https:\\\/\\\/www.bellunopress.it\\\/2026\\\/07\\\/15\\\/lago-film-fest-2026-la-sfida-impossibile-di-portare-kevin-bacon-a-revine-lago\\\/#primaryimage\"},\"image\":{\"@id\":\"https:\\\/\\\/www.bellunopress.it\\\/2026\\\/07\\\/15\\\/lago-film-fest-2026-la-sfida-impossibile-di-portare-kevin-bacon-a-revine-lago\\\/#primaryimage\"},\"thumbnailUrl\":\"https:\\\/\\\/www.bellunopress.it\\\/wp-content\\\/uploads\\\/2026\\\/07\\\/Viviana-Carlet-e-Carlo-Migotto-Fondatori-e-direttori-del-Lago-Film-Fest.jpeg\",\"datePublished\":\"2026-07-15T19:04:05+00:00\",\"dateModified\":\"2026-07-15T19:07:26+00:00\",\"breadcrumb\":{\"@id\":\"https:\\\/\\\/www.bellunopress.it\\\/2026\\\/07\\\/15\\\/lago-film-fest-2026-la-sfida-impossibile-di-portare-kevin-bacon-a-revine-lago\\\/#breadcrumb\"},\"inLanguage\":\"fr-FR\",\"potentialAction\":[{\"@type\":\"ReadAction\",\"target\":[\"https:\\\/\\\/www.bellunopress.it\\\/2026\\\/07\\\/15\\\/lago-film-fest-2026-la-sfida-impossibile-di-portare-kevin-bacon-a-revine-lago\\\/\"]}]},{\"@type\":\"ImageObject\",\"inLanguage\":\"fr-FR\",\"@id\":\"https:\\\/\\\/www.bellunopress.it\\\/2026\\\/07\\\/15\\\/lago-film-fest-2026-la-sfida-impossibile-di-portare-kevin-bacon-a-revine-lago\\\/#primaryimage\",\"url\":\"https:\\\/\\\/www.bellunopress.it\\\/wp-content\\\/uploads\\\/2026\\\/07\\\/Viviana-Carlet-e-Carlo-Migotto-Fondatori-e-direttori-del-Lago-Film-Fest.jpeg\",\"contentUrl\":\"https:\\\/\\\/www.bellunopress.it\\\/wp-content\\\/uploads\\\/2026\\\/07\\\/Viviana-Carlet-e-Carlo-Migotto-Fondatori-e-direttori-del-Lago-Film-Fest.jpeg\",\"width\":600,\"height\":409,\"caption\":\"Viviana Carlet e Carlo Migotto - Fondatori e direttori del Lago Film Fest\"},{\"@type\":\"BreadcrumbList\",\"@id\":\"https:\\\/\\\/www.bellunopress.it\\\/2026\\\/07\\\/15\\\/lago-film-fest-2026-la-sfida-impossibile-di-portare-kevin-bacon-a-revine-lago\\\/#breadcrumb\",\"itemListElement\":[{\"@type\":\"ListItem\",\"position\":1,\"name\":\"Home\",\"item\":\"https:\\\/\\\/www.bellunopress.it\\\/\"},{\"@type\":\"ListItem\",\"position\":2,\"name\":\"Lago Film Fest 2026: la sfida impossibile di portare Kevin Bacon a Revine Lago\"}]},{\"@type\":\"WebSite\",\"@id\":\"https:\\\/\\\/www.bellunopress.it\\\/#website\",\"url\":\"https:\\\/\\\/www.bellunopress.it\\\/\",\"name\":\"Bellunopress - Dolomiti\",\"description\":\"e-mail: redazione@bellunopress.it\",\"publisher\":{\"@id\":\"https:\\\/\\\/www.bellunopress.it\\\/#organization\"},\"potentialAction\":[{\"@type\":\"SearchAction\",\"target\":{\"@type\":\"EntryPoint\",\"urlTemplate\":\"https:\\\/\\\/www.bellunopress.it\\\/?s={search_term_string}\"},\"query-input\":{\"@type\":\"PropertyValueSpecification\",\"valueRequired\":true,\"valueName\":\"search_term_string\"}}],\"inLanguage\":\"fr-FR\"},{\"@type\":\"Organization\",\"@id\":\"https:\\\/\\\/www.bellunopress.it\\\/#organization\",\"name\":\"Bellunopress\",\"url\":\"https:\\\/\\\/www.bellunopress.it\\\/\",\"logo\":{\"@type\":\"ImageObject\",\"inLanguage\":\"fr-FR\",\"@id\":\"https:\\\/\\\/www.bellunopress.it\\\/#\\\/schema\\\/logo\\\/image\\\/\",\"url\":\"https:\\\/\\\/www.bellunopress.it\\\/wp-content\\\/uploads\\\/2011\\\/05\\\/cropped-logo-bellunopress-.jpg\",\"contentUrl\":\"https:\\\/\\\/www.bellunopress.it\\\/wp-content\\\/uploads\\\/2011\\\/05\\\/cropped-logo-bellunopress-.jpg\",\"width\":512,\"height\":512,\"caption\":\"Bellunopress\"},\"image\":{\"@id\":\"https:\\\/\\\/www.bellunopress.it\\\/#\\\/schema\\\/logo\\\/image\\\/\"},\"sameAs\":[\"https:\\\/\\\/www.facebook.com\\\/profile.php?id=100008943462799\",\"https:\\\/\\\/x.com\\\/bellunopress\",\"https:\\\/\\\/www.linkedin.com\\\/hp\\\/?dnr=JBzUWaJfMUw8vbXJJ2tVW5-I3jZKvC4wsoxE&amp;amp;amp;amp;amp;amp;trk=nav_responsive_tab_home\",\"https:\\\/\\\/www.youtube.com\\\/channel\\\/UCxL0wu1uN0_3_7hGG0306cw\"]},{\"@type\":\"Person\",\"@id\":\"https:\\\/\\\/www.bellunopress.it\\\/#\\\/schema\\\/person\\\/79bb06722b37ece1c03d3e94beb30d73\",\"name\":\"redazione\",\"image\":{\"@type\":\"ImageObject\",\"inLanguage\":\"fr-FR\",\"@id\":\"https:\\\/\\\/secure.gravatar.com\\\/avatar\\\/37d968a2e67a6fd04c169c4bdef102d0bc5d31b2546345219e348575eb80e9a0?s=96&d=mm&r=g\",\"url\":\"https:\\\/\\\/secure.gravatar.com\\\/avatar\\\/37d968a2e67a6fd04c169c4bdef102d0bc5d31b2546345219e348575eb80e9a0?s=96&d=mm&r=g\",\"contentUrl\":\"https:\\\/\\\/secure.gravatar.com\\\/avatar\\\/37d968a2e67a6fd04c169c4bdef102d0bc5d31b2546345219e348575eb80e9a0?s=96&d=mm&r=g\",\"caption\":\"redazione\"},\"sameAs\":[\"http:\\\/\\\/www.bellunopress.it\",\"https:\\\/\\\/x.com\\\/bellunopress\"],\"url\":\"https:\\\/\\\/www.bellunopress.it\\\/fr\\\/author\\\/redazione\\\/\"}]}<\/script>\n<!-- \/ Yoast SEO plugin. -->","yoast_head_json":{"title":"Lago Film Fest 2026: la sfida impossibile di portare Kevin Bacon a Revine Lago - Bellunopress - Dolomiti","robots":{"index":"index","follow":"follow","max-snippet":"max-snippet:-1","max-image-preview":"max-image-preview:large","max-video-preview":"max-video-preview:-1"},"canonical":"https:\/\/www.bellunopress.it\/fr\/2026\/07\/15\/lago-film-fest-2026-la-sfida-impossibile-di-portare-kevin-bacon-a-revine-lago\/","og_locale":"fr_FR","og_type":"article","og_title":"Lago Film Fest 2026: la sfida impossibile di portare Kevin Bacon a Revine Lago - Bellunopress - Dolomiti","og_description":"Dal 18 al 25 luglio, la XXII edizione del festival torna sulle rive del lago trevigiano con una missione audace: trasformare la teoria dei \u201csei gradi di separazione\u201d in un esperimento collettivo per unire il mondo attraverso il cinema. Cosa succederebbe se un intero paese decidesse di sfidare le leggi della probabilit\u00e0 per far arrivare [&hellip;]","og_url":"https:\/\/www.bellunopress.it\/fr\/2026\/07\/15\/lago-film-fest-2026-la-sfida-impossibile-di-portare-kevin-bacon-a-revine-lago\/","og_site_name":"Bellunopress - Dolomiti","article_publisher":"https:\/\/www.facebook.com\/profile.php?id=100008943462799","article_published_time":"2026-07-15T19:04:05+00:00","article_modified_time":"2026-07-15T19:07:26+00:00","og_image":[{"width":600,"height":409,"url":"https:\/\/www.bellunopress.it\/wp-content\/uploads\/2026\/07\/Viviana-Carlet-e-Carlo-Migotto-Fondatori-e-direttori-del-Lago-Film-Fest.jpeg","type":"image\/jpeg"}],"author":"redazione","twitter_card":"summary_large_image","twitter_creator":"@bellunopress","twitter_site":"@bellunopress","twitter_misc":{"\u00c9crit par":"redazione","Dur\u00e9e de lecture estim\u00e9e":"4 minutes"},"schema":{"@context":"https:\/\/schema.org","@graph":[{"@type":"Article","@id":"https:\/\/www.bellunopress.it\/2026\/07\/15\/lago-film-fest-2026-la-sfida-impossibile-di-portare-kevin-bacon-a-revine-lago\/#article","isPartOf":{"@id":"https:\/\/www.bellunopress.it\/2026\/07\/15\/lago-film-fest-2026-la-sfida-impossibile-di-portare-kevin-bacon-a-revine-lago\/"},"author":{"name":"redazione","@id":"https:\/\/www.bellunopress.it\/#\/schema\/person\/79bb06722b37ece1c03d3e94beb30d73"},"headline":"Lago Film Fest 2026: la sfida impossibile di portare Kevin Bacon a Revine Lago","datePublished":"2026-07-15T19:04:05+00:00","dateModified":"2026-07-15T19:07:26+00:00","mainEntityOfPage":{"@id":"https:\/\/www.bellunopress.it\/2026\/07\/15\/lago-film-fest-2026-la-sfida-impossibile-di-portare-kevin-bacon-a-revine-lago\/"},"wordCount":554,"publisher":{"@id":"https:\/\/www.bellunopress.it\/#organization"},"image":{"@id":"https:\/\/www.bellunopress.it\/2026\/07\/15\/lago-film-fest-2026-la-sfida-impossibile-di-portare-kevin-bacon-a-revine-lago\/#primaryimage"},"thumbnailUrl":"https:\/\/www.bellunopress.it\/wp-content\/uploads\/2026\/07\/Viviana-Carlet-e-Carlo-Migotto-Fondatori-e-direttori-del-Lago-Film-Fest.jpeg","articleSection":["Appuntamenti, Eventi","Arte, Cultura, Spettacoli, Scienza","Pausa Caff\u00e8"],"inLanguage":"fr-FR"},{"@type":"WebPage","@id":"https:\/\/www.bellunopress.it\/2026\/07\/15\/lago-film-fest-2026-la-sfida-impossibile-di-portare-kevin-bacon-a-revine-lago\/","url":"https:\/\/www.bellunopress.it\/2026\/07\/15\/lago-film-fest-2026-la-sfida-impossibile-di-portare-kevin-bacon-a-revine-lago\/","name":"Lago Film Fest 2026: la sfida impossibile di portare Kevin Bacon a Revine Lago - Bellunopress - Dolomiti","isPartOf":{"@id":"https:\/\/www.bellunopress.it\/#website"},"primaryImageOfPage":{"@id":"https:\/\/www.bellunopress.it\/2026\/07\/15\/lago-film-fest-2026-la-sfida-impossibile-di-portare-kevin-bacon-a-revine-lago\/#primaryimage"},"image":{"@id":"https:\/\/www.bellunopress.it\/2026\/07\/15\/lago-film-fest-2026-la-sfida-impossibile-di-portare-kevin-bacon-a-revine-lago\/#primaryimage"},"thumbnailUrl":"https:\/\/www.bellunopress.it\/wp-content\/uploads\/2026\/07\/Viviana-Carlet-e-Carlo-Migotto-Fondatori-e-direttori-del-Lago-Film-Fest.jpeg","datePublished":"2026-07-15T19:04:05+00:00","dateModified":"2026-07-15T19:07:26+00:00","breadcrumb":{"@id":"https:\/\/www.bellunopress.it\/2026\/07\/15\/lago-film-fest-2026-la-sfida-impossibile-di-portare-kevin-bacon-a-revine-lago\/#breadcrumb"},"inLanguage":"fr-FR","potentialAction":[{"@type":"ReadAction","target":["https:\/\/www.bellunopress.it\/2026\/07\/15\/lago-film-fest-2026-la-sfida-impossibile-di-portare-kevin-bacon-a-revine-lago\/"]}]},{"@type":"ImageObject","inLanguage":"fr-FR","@id":"https:\/\/www.bellunopress.it\/2026\/07\/15\/lago-film-fest-2026-la-sfida-impossibile-di-portare-kevin-bacon-a-revine-lago\/#primaryimage","url":"https:\/\/www.bellunopress.it\/wp-content\/uploads\/2026\/07\/Viviana-Carlet-e-Carlo-Migotto-Fondatori-e-direttori-del-Lago-Film-Fest.jpeg","contentUrl":"https:\/\/www.bellunopress.it\/wp-content\/uploads\/2026\/07\/Viviana-Carlet-e-Carlo-Migotto-Fondatori-e-direttori-del-Lago-Film-Fest.jpeg","width":600,"height":409,"caption":"Viviana Carlet e Carlo Migotto - Fondatori e direttori del Lago Film Fest"},{"@type":"BreadcrumbList","@id":"https:\/\/www.bellunopress.it\/2026\/07\/15\/lago-film-fest-2026-la-sfida-impossibile-di-portare-kevin-bacon-a-revine-lago\/#breadcrumb","itemListElement":[{"@type":"ListItem","position":1,"name":"Home","item":"https:\/\/www.bellunopress.it\/"},{"@type":"ListItem","position":2,"name":"Lago Film Fest 2026: la sfida impossibile di portare Kevin Bacon a Revine Lago"}]},{"@type":"WebSite","@id":"https:\/\/www.bellunopress.it\/#website","url":"https:\/\/www.bellunopress.it\/","name":"Bellunopress - Dolomiti","description":"e-mail: redazione@bellunopress.it","publisher":{"@id":"https:\/\/www.bellunopress.it\/#organization"},"potentialAction":[{"@type":"SearchAction","target":{"@type":"EntryPoint","urlTemplate":"https:\/\/www.bellunopress.it\/?s={search_term_string}"},"query-input":{"@type":"PropertyValueSpecification","valueRequired":true,"valueName":"search_term_string"}}],"inLanguage":"fr-FR"},{"@type":"Organization","@id":"https:\/\/www.bellunopress.it\/#organization","name":"Bellunopress","url":"https:\/\/www.bellunopress.it\/","logo":{"@type":"ImageObject","inLanguage":"fr-FR","@id":"https:\/\/www.bellunopress.it\/#\/schema\/logo\/image\/","url":"https:\/\/www.bellunopress.it\/wp-content\/uploads\/2011\/05\/cropped-logo-bellunopress-.jpg","contentUrl":"https:\/\/www.bellunopress.it\/wp-content\/uploads\/2011\/05\/cropped-logo-bellunopress-.jpg","width":512,"height":512,"caption":"Bellunopress"},"image":{"@id":"https:\/\/www.bellunopress.it\/#\/schema\/logo\/image\/"},"sameAs":["https:\/\/www.facebook.com\/profile.php?id=100008943462799","https:\/\/x.com\/bellunopress","https:\/\/www.linkedin.com\/hp\/?dnr=JBzUWaJfMUw8vbXJJ2tVW5-I3jZKvC4wsoxE&amp;amp;amp;amp;amp;amp;trk=nav_responsive_tab_home","https:\/\/www.youtube.com\/channel\/UCxL0wu1uN0_3_7hGG0306cw"]},{"@type":"Person","@id":"https:\/\/www.bellunopress.it\/#\/schema\/person\/79bb06722b37ece1c03d3e94beb30d73","name":"r\u00e9daction","image":{"@type":"ImageObject","inLanguage":"fr-FR","@id":"https:\/\/secure.gravatar.com\/avatar\/37d968a2e67a6fd04c169c4bdef102d0bc5d31b2546345219e348575eb80e9a0?s=96&d=mm&r=g","url":"https:\/\/secure.gravatar.com\/avatar\/37d968a2e67a6fd04c169c4bdef102d0bc5d31b2546345219e348575eb80e9a0?s=96&d=mm&r=g","contentUrl":"https:\/\/secure.gravatar.com\/avatar\/37d968a2e67a6fd04c169c4bdef102d0bc5d31b2546345219e348575eb80e9a0?s=96&d=mm&r=g","caption":"redazione"},"sameAs":["http:\/\/www.bellunopress.it","https:\/\/x.com\/bellunopress"],"url":"https:\/\/www.bellunopress.it\/fr\/author\/redazione\/"}]}},"_links":{"self":[{"href":"https:\/\/www.bellunopress.it\/fr\/wp-json\/wp\/v2\/posts\/171951","targetHints":{"allow":["GET"]}}],"collection":[{"href":"https:\/\/www.bellunopress.it\/fr\/wp-json\/wp\/v2\/posts"}],"about":[{"href":"https:\/\/www.bellunopress.it\/fr\/wp-json\/wp\/v2\/types\/post"}],"author":[{"embeddable":true,"href":"https:\/\/www.bellunopress.it\/fr\/wp-json\/wp\/v2\/users\/2"}],"replies":[{"embeddable":true,"href":"https:\/\/www.bellunopress.it\/fr\/wp-json\/wp\/v2\/comments?post=171951"}],"version-history":[{"count":1,"href":"https:\/\/www.bellunopress.it\/fr\/wp-json\/wp\/v2\/posts\/171951\/revisions"}],"predecessor-version":[{"id":171952,"href":"https:\/\/www.bellunopress.it\/fr\/wp-json\/wp\/v2\/posts\/171951\/revisions\/171952"}],"wp:featuredmedia":[{"embeddable":true,"href":"https:\/\/www.bellunopress.it\/fr\/wp-json\/wp\/v2\/media\/171953"}],"wp:attachment":[{"href":"https:\/\/www.bellunopress.it\/fr\/wp-json\/wp\/v2\/media?parent=171951"}],"wp:term":[{"taxonomy":"category","embeddable":true,"href":"https:\/\/www.bellunopress.it\/fr\/wp-json\/wp\/v2\/categories?post=171951"},{"taxonomy":"post_tag","embeddable":true,"href":"https:\/\/www.bellunopress.it\/fr\/wp-json\/wp\/v2\/tags?post=171951"}],"curies":[{"name":"wp","href":"https:\/\/api.w.org\/{rel}","templated":true}]}}