{"id":171945,"date":"2026-07-15T20:24:40","date_gmt":"2026-07-15T18:24:40","guid":{"rendered":"https:\/\/www.bellunopress.it\/?p=171945"},"modified":"2026-07-15T20:24:40","modified_gmt":"2026-07-15T18:24:40","slug":"silenziose-trame-larte-che-da-voce-ai-boschi-feriti-al-lagazuoi-expo-dolomiti","status":"publish","type":"post","link":"https:\/\/www.bellunopress.it\/fr\/2026\/07\/15\/silenziose-trame-larte-che-da-voce-ai-boschi-feriti-al-lagazuoi-expo-dolomiti\/","title":{"rendered":"Silenziose Trame: l\u2019arte che d\u00e0 voce ai boschi feriti al Lagazuoi EXPO Dolomiti"},"content":{"rendered":"<p data-path-to-node=\"6\"><b data-path-to-node=\"6\" data-index-in-node=\"0\">Un connubio profondo tra arte e scienza per riflettere sulla fragilit\u00e0 del nostro ecosistema<\/b><\/p>\n<p data-path-to-node=\"6\"><strong>Opere di Silvia Canton, inaugurazione sabato 18 luglio 2026 alle ore 10.00 al Lagazuoi Expo Dolomiti<\/strong><\/p>\n<p data-path-to-node=\"7\">Il Lagazuoi EXPO Dolomiti, situato a 2732 metri di altitudine presso la stazione a monte della Funivia Lagazuoi a Cortina d&#8217;Ampezzo, si prepara a ospitare una mostra di straordinario impatto visivo ed emotivo: &#8220;Silenziose Trame. Le intricate gallerie del bostrico tipografo&#8221;, un progetto artistico curato da Silvia Canton.<\/p>\n<p data-path-to-node=\"9\">La mostra nasce dall&#8217;urgenza di raccontare la fragilit\u00e0 dei nostri boschi, duramente colpiti dall&#8217;azione del bostrico tipografo, un parassita che ha profondamente segnato il paesaggio dolomitico. Silvia Canton, attraverso la sua sensibilit\u00e0 artistica, trasforma le cortecce attaccate dal parassita \u2014 e le complesse geometrie scavate dalle sue gallerie \u2014 in vere e proprie opere d&#8217;arte.<\/p>\n<p data-path-to-node=\"10\">Non si tratta solo di esposizione, ma di un dialogo tra arte e scienza. Le &#8220;silenziose trame&#8221; diventano cos\u00ec un medium per sensibilizzare il pubblico sul tema del cambiamento climatico e sul legame indissolubile che unisce l&#8217;uomo alla natura. L&#8217;obiettivo \u00e8 chiaro: tramandare la memoria, la fragilit\u00e0 e l&#8217;inestimabile bellezza dei boschi delle Dolomiti, Patrimonio UNESCO ammirato in tutto il mondo.<\/p>\n<p data-path-to-node=\"12\">L\u2019inaugurazione \u00e8 fissata per sabato 18 luglio 2026, alle ore 10.00. L&#8217;evento si aprir\u00e0 con una colazione in alta quota, seguita dalla presentazione ufficiale della mostra. Successivamente, i partecipanti saranno invitati a intraprendere un breve cammino verso la Croce di Vetta, trasformando il panorama circostante, segnato dal passaggio del parassita, in un vero e proprio &#8220;racconto vivo&#8221; del percorso espositivo.<\/p>\n<h3 data-path-to-node=\"13\">Informazioni Utili<\/h3>\n<p data-path-to-node=\"14\">Il Lagazuoi EXPO Dolomiti \u00e8 facilmente raggiungibile tramite la spettacolare Funivia Lagazuoi, con partenza dal Passo Falzarego. Per gli ospiti accreditati che confermeranno la propria partecipazione, l&#8217;organizzazione garantisce la gratuit\u00e0 della salita e della discesa in funivia.<\/p>\n<p data-path-to-node=\"15\">La mostra gode del patrocinio dell&#8217;Universit\u00e0 di Padova e del Dipartimento TESAF (Dipartimento Territorio e Sistemi Agro-forestali), con il supporto della Fondazione Cortina d&#8217;Ampezzo e di numerosi partner tecnici e sponsor che hanno reso possibile la realizzazione di questo importante progetto di sensibilizzazione ambientale.<\/p>","protected":false},"excerpt":{"rendered":"<p>Un connubio profondo tra arte e scienza per riflettere sulla fragilit\u00e0 del nostro ecosistema Opere di Silvia Canton, inaugurazione sabato 18 luglio 2026 alle ore 10.00 al Lagazuoi Expo Dolomiti Il Lagazuoi EXPO Dolomiti, situato a 2732 metri di altitudine presso la stazione a monte della Funivia Lagazuoi a Cortina d&#8217;Ampezzo, si prepara a ospitare [&hellip;]<\/p>\n","protected":false},"author":2,"featured_media":171946,"comment_status":"closed","ping_status":"open","sticky":false,"template":"","format":"standard","meta":{"footnotes":""},"categories":[27,3,25],"tags":[],"class_list":["post-171945","post","type-post","status-publish","format-standard","has-post-thumbnail","category-appuntamenti","category-arte-cultura-spettacoli-scienza-archivi","category-pausa-caffe"],"yoast_head":"<!-- This site is optimized with the Yoast SEO plugin v28.4 - https:\/\/yoast.com\/product\/yoast-seo-wordpress\/ -->\n<title>Silenziose Trame: l\u2019arte che d\u00e0 voce ai boschi feriti al Lagazuoi EXPO Dolomiti - Bellunopress - Dolomiti<\/title>\n<meta name=\"robots\" content=\"index, follow, max-snippet:-1, max-image-preview:large, max-video-preview:-1\" \/>\n<link rel=\"canonical\" href=\"https:\/\/www.bellunopress.it\/fr\/2026\/07\/15\/silenziose-trame-larte-che-da-voce-ai-boschi-feriti-al-lagazuoi-expo-dolomiti\/\" \/>\n<meta property=\"og:locale\" content=\"fr_FR\" \/>\n<meta property=\"og:type\" content=\"article\" \/>\n<meta property=\"og:title\" content=\"Silenziose Trame: l\u2019arte che d\u00e0 voce ai boschi feriti al Lagazuoi EXPO Dolomiti - Bellunopress - Dolomiti\" \/>\n<meta property=\"og:description\" content=\"Un connubio profondo tra arte e scienza per riflettere sulla fragilit\u00e0 del nostro ecosistema Opere di Silvia Canton, inaugurazione sabato 18 luglio 2026 alle ore 10.00 al Lagazuoi Expo Dolomiti Il Lagazuoi EXPO Dolomiti, situato a 2732 metri di altitudine presso la stazione a monte della Funivia Lagazuoi a Cortina d&#8217;Ampezzo, si prepara a ospitare [&hellip;]\" \/>\n<meta property=\"og:url\" content=\"https:\/\/www.bellunopress.it\/fr\/2026\/07\/15\/silenziose-trame-larte-che-da-voce-ai-boschi-feriti-al-lagazuoi-expo-dolomiti\/\" \/>\n<meta property=\"og:site_name\" content=\"Bellunopress - Dolomiti\" \/>\n<meta property=\"article:publisher\" content=\"https:\/\/www.facebook.com\/profile.php?id=100008943462799\" \/>\n<meta property=\"article:published_time\" content=\"2026-07-15T18:24:40+00:00\" \/>\n<meta property=\"og:image\" content=\"https:\/\/www.bellunopress.it\/wp-content\/uploads\/2026\/07\/Silenziose-trame-Lagazuoi.jpg\" \/>\n\t<meta property=\"og:image:width\" content=\"500\" \/>\n\t<meta property=\"og:image:height\" content=\"324\" \/>\n\t<meta property=\"og:image:type\" content=\"image\/jpeg\" \/>\n<meta name=\"author\" content=\"redazione\" \/>\n<meta name=\"twitter:card\" content=\"summary_large_image\" \/>\n<meta name=\"twitter:creator\" content=\"@bellunopress\" \/>\n<meta name=\"twitter:site\" content=\"@bellunopress\" \/>\n<meta name=\"twitter:label1\" content=\"\u00c9crit par\" \/>\n\t<meta name=\"twitter:data1\" content=\"redazione\" \/>\n\t<meta name=\"twitter:label2\" content=\"Dur\u00e9e de lecture estim\u00e9e\" \/>\n\t<meta name=\"twitter:data2\" content=\"2 minutes\" \/>\n<script type=\"application\/ld+json\" class=\"yoast-schema-graph\">{\"@context\":\"https:\\\/\\\/schema.org\",\"@graph\":[{\"@type\":\"Article\",\"@id\":\"https:\\\/\\\/www.bellunopress.it\\\/2026\\\/07\\\/15\\\/silenziose-trame-larte-che-da-voce-ai-boschi-feriti-al-lagazuoi-expo-dolomiti\\\/#article\",\"isPartOf\":{\"@id\":\"https:\\\/\\\/www.bellunopress.it\\\/2026\\\/07\\\/15\\\/silenziose-trame-larte-che-da-voce-ai-boschi-feriti-al-lagazuoi-expo-dolomiti\\\/\"},\"author\":{\"name\":\"redazione\",\"@id\":\"https:\\\/\\\/www.bellunopress.it\\\/#\\\/schema\\\/person\\\/79bb06722b37ece1c03d3e94beb30d73\"},\"headline\":\"Silenziose Trame: l\u2019arte che d\u00e0 voce ai boschi feriti al Lagazuoi EXPO Dolomiti\",\"datePublished\":\"2026-07-15T18:24:40+00:00\",\"mainEntityOfPage\":{\"@id\":\"https:\\\/\\\/www.bellunopress.it\\\/2026\\\/07\\\/15\\\/silenziose-trame-larte-che-da-voce-ai-boschi-feriti-al-lagazuoi-expo-dolomiti\\\/\"},\"wordCount\":351,\"publisher\":{\"@id\":\"https:\\\/\\\/www.bellunopress.it\\\/#organization\"},\"image\":{\"@id\":\"https:\\\/\\\/www.bellunopress.it\\\/2026\\\/07\\\/15\\\/silenziose-trame-larte-che-da-voce-ai-boschi-feriti-al-lagazuoi-expo-dolomiti\\\/#primaryimage\"},\"thumbnailUrl\":\"https:\\\/\\\/www.bellunopress.it\\\/wp-content\\\/uploads\\\/2026\\\/07\\\/Silenziose-trame-Lagazuoi.jpg\",\"articleSection\":[\"Appuntamenti, Eventi\",\"Arte, Cultura, Spettacoli, Scienza\",\"Pausa Caff\u00e8\"],\"inLanguage\":\"fr-FR\"},{\"@type\":\"WebPage\",\"@id\":\"https:\\\/\\\/www.bellunopress.it\\\/2026\\\/07\\\/15\\\/silenziose-trame-larte-che-da-voce-ai-boschi-feriti-al-lagazuoi-expo-dolomiti\\\/\",\"url\":\"https:\\\/\\\/www.bellunopress.it\\\/2026\\\/07\\\/15\\\/silenziose-trame-larte-che-da-voce-ai-boschi-feriti-al-lagazuoi-expo-dolomiti\\\/\",\"name\":\"Silenziose Trame: l\u2019arte che d\u00e0 voce ai boschi feriti al Lagazuoi EXPO Dolomiti - Bellunopress - Dolomiti\",\"isPartOf\":{\"@id\":\"https:\\\/\\\/www.bellunopress.it\\\/#website\"},\"primaryImageOfPage\":{\"@id\":\"https:\\\/\\\/www.bellunopress.it\\\/2026\\\/07\\\/15\\\/silenziose-trame-larte-che-da-voce-ai-boschi-feriti-al-lagazuoi-expo-dolomiti\\\/#primaryimage\"},\"image\":{\"@id\":\"https:\\\/\\\/www.bellunopress.it\\\/2026\\\/07\\\/15\\\/silenziose-trame-larte-che-da-voce-ai-boschi-feriti-al-lagazuoi-expo-dolomiti\\\/#primaryimage\"},\"thumbnailUrl\":\"https:\\\/\\\/www.bellunopress.it\\\/wp-content\\\/uploads\\\/2026\\\/07\\\/Silenziose-trame-Lagazuoi.jpg\",\"datePublished\":\"2026-07-15T18:24:40+00:00\",\"breadcrumb\":{\"@id\":\"https:\\\/\\\/www.bellunopress.it\\\/2026\\\/07\\\/15\\\/silenziose-trame-larte-che-da-voce-ai-boschi-feriti-al-lagazuoi-expo-dolomiti\\\/#breadcrumb\"},\"inLanguage\":\"fr-FR\",\"potentialAction\":[{\"@type\":\"ReadAction\",\"target\":[\"https:\\\/\\\/www.bellunopress.it\\\/2026\\\/07\\\/15\\\/silenziose-trame-larte-che-da-voce-ai-boschi-feriti-al-lagazuoi-expo-dolomiti\\\/\"]}]},{\"@type\":\"ImageObject\",\"inLanguage\":\"fr-FR\",\"@id\":\"https:\\\/\\\/www.bellunopress.it\\\/2026\\\/07\\\/15\\\/silenziose-trame-larte-che-da-voce-ai-boschi-feriti-al-lagazuoi-expo-dolomiti\\\/#primaryimage\",\"url\":\"https:\\\/\\\/www.bellunopress.it\\\/wp-content\\\/uploads\\\/2026\\\/07\\\/Silenziose-trame-Lagazuoi.jpg\",\"contentUrl\":\"https:\\\/\\\/www.bellunopress.it\\\/wp-content\\\/uploads\\\/2026\\\/07\\\/Silenziose-trame-Lagazuoi.jpg\",\"width\":500,\"height\":324,\"caption\":\"Opera di Silvia Canton\"},{\"@type\":\"BreadcrumbList\",\"@id\":\"https:\\\/\\\/www.bellunopress.it\\\/2026\\\/07\\\/15\\\/silenziose-trame-larte-che-da-voce-ai-boschi-feriti-al-lagazuoi-expo-dolomiti\\\/#breadcrumb\",\"itemListElement\":[{\"@type\":\"ListItem\",\"position\":1,\"name\":\"Home\",\"item\":\"https:\\\/\\\/www.bellunopress.it\\\/\"},{\"@type\":\"ListItem\",\"position\":2,\"name\":\"Silenziose Trame: l\u2019arte che d\u00e0 voce ai boschi feriti al Lagazuoi EXPO Dolomiti\"}]},{\"@type\":\"WebSite\",\"@id\":\"https:\\\/\\\/www.bellunopress.it\\\/#website\",\"url\":\"https:\\\/\\\/www.bellunopress.it\\\/\",\"name\":\"Bellunopress - Dolomiti\",\"description\":\"e-mail: redazione@bellunopress.it\",\"publisher\":{\"@id\":\"https:\\\/\\\/www.bellunopress.it\\\/#organization\"},\"potentialAction\":[{\"@type\":\"SearchAction\",\"target\":{\"@type\":\"EntryPoint\",\"urlTemplate\":\"https:\\\/\\\/www.bellunopress.it\\\/?s={search_term_string}\"},\"query-input\":{\"@type\":\"PropertyValueSpecification\",\"valueRequired\":true,\"valueName\":\"search_term_string\"}}],\"inLanguage\":\"fr-FR\"},{\"@type\":\"Organization\",\"@id\":\"https:\\\/\\\/www.bellunopress.it\\\/#organization\",\"name\":\"Bellunopress\",\"url\":\"https:\\\/\\\/www.bellunopress.it\\\/\",\"logo\":{\"@type\":\"ImageObject\",\"inLanguage\":\"fr-FR\",\"@id\":\"https:\\\/\\\/www.bellunopress.it\\\/#\\\/schema\\\/logo\\\/image\\\/\",\"url\":\"https:\\\/\\\/www.bellunopress.it\\\/wp-content\\\/uploads\\\/2011\\\/05\\\/cropped-logo-bellunopress-.jpg\",\"contentUrl\":\"https:\\\/\\\/www.bellunopress.it\\\/wp-content\\\/uploads\\\/2011\\\/05\\\/cropped-logo-bellunopress-.jpg\",\"width\":512,\"height\":512,\"caption\":\"Bellunopress\"},\"image\":{\"@id\":\"https:\\\/\\\/www.bellunopress.it\\\/#\\\/schema\\\/logo\\\/image\\\/\"},\"sameAs\":[\"https:\\\/\\\/www.facebook.com\\\/profile.php?id=100008943462799\",\"https:\\\/\\\/x.com\\\/bellunopress\",\"https:\\\/\\\/www.linkedin.com\\\/hp\\\/?dnr=JBzUWaJfMUw8vbXJJ2tVW5-I3jZKvC4wsoxE&amp;amp;amp;amp;amp;amp;trk=nav_responsive_tab_home\",\"https:\\\/\\\/www.youtube.com\\\/channel\\\/UCxL0wu1uN0_3_7hGG0306cw\"]},{\"@type\":\"Person\",\"@id\":\"https:\\\/\\\/www.bellunopress.it\\\/#\\\/schema\\\/person\\\/79bb06722b37ece1c03d3e94beb30d73\",\"name\":\"redazione\",\"image\":{\"@type\":\"ImageObject\",\"inLanguage\":\"fr-FR\",\"@id\":\"https:\\\/\\\/secure.gravatar.com\\\/avatar\\\/37d968a2e67a6fd04c169c4bdef102d0bc5d31b2546345219e348575eb80e9a0?s=96&d=mm&r=g\",\"url\":\"https:\\\/\\\/secure.gravatar.com\\\/avatar\\\/37d968a2e67a6fd04c169c4bdef102d0bc5d31b2546345219e348575eb80e9a0?s=96&d=mm&r=g\",\"contentUrl\":\"https:\\\/\\\/secure.gravatar.com\\\/avatar\\\/37d968a2e67a6fd04c169c4bdef102d0bc5d31b2546345219e348575eb80e9a0?s=96&d=mm&r=g\",\"caption\":\"redazione\"},\"sameAs\":[\"http:\\\/\\\/www.bellunopress.it\",\"https:\\\/\\\/x.com\\\/bellunopress\"],\"url\":\"https:\\\/\\\/www.bellunopress.it\\\/fr\\\/author\\\/redazione\\\/\"}]}<\/script>\n<!-- \/ Yoast SEO plugin. -->","yoast_head_json":{"title":"Silenziose Trame: l\u2019arte che d\u00e0 voce ai boschi feriti al Lagazuoi EXPO Dolomiti - Bellunopress - Dolomiti","robots":{"index":"index","follow":"follow","max-snippet":"max-snippet:-1","max-image-preview":"max-image-preview:large","max-video-preview":"max-video-preview:-1"},"canonical":"https:\/\/www.bellunopress.it\/fr\/2026\/07\/15\/silenziose-trame-larte-che-da-voce-ai-boschi-feriti-al-lagazuoi-expo-dolomiti\/","og_locale":"fr_FR","og_type":"article","og_title":"Silenziose Trame: l\u2019arte che d\u00e0 voce ai boschi feriti al Lagazuoi EXPO Dolomiti - Bellunopress - Dolomiti","og_description":"Un connubio profondo tra arte e scienza per riflettere sulla fragilit\u00e0 del nostro ecosistema Opere di Silvia Canton, inaugurazione sabato 18 luglio 2026 alle ore 10.00 al Lagazuoi Expo Dolomiti Il Lagazuoi EXPO Dolomiti, situato a 2732 metri di altitudine presso la stazione a monte della Funivia Lagazuoi a Cortina d&#8217;Ampezzo, si prepara a ospitare [&hellip;]","og_url":"https:\/\/www.bellunopress.it\/fr\/2026\/07\/15\/silenziose-trame-larte-che-da-voce-ai-boschi-feriti-al-lagazuoi-expo-dolomiti\/","og_site_name":"Bellunopress - Dolomiti","article_publisher":"https:\/\/www.facebook.com\/profile.php?id=100008943462799","article_published_time":"2026-07-15T18:24:40+00:00","og_image":[{"width":500,"height":324,"url":"https:\/\/www.bellunopress.it\/wp-content\/uploads\/2026\/07\/Silenziose-trame-Lagazuoi.jpg","type":"image\/jpeg"}],"author":"redazione","twitter_card":"summary_large_image","twitter_creator":"@bellunopress","twitter_site":"@bellunopress","twitter_misc":{"\u00c9crit par":"redazione","Dur\u00e9e de lecture estim\u00e9e":"2 minutes"},"schema":{"@context":"https:\/\/schema.org","@graph":[{"@type":"Article","@id":"https:\/\/www.bellunopress.it\/2026\/07\/15\/silenziose-trame-larte-che-da-voce-ai-boschi-feriti-al-lagazuoi-expo-dolomiti\/#article","isPartOf":{"@id":"https:\/\/www.bellunopress.it\/2026\/07\/15\/silenziose-trame-larte-che-da-voce-ai-boschi-feriti-al-lagazuoi-expo-dolomiti\/"},"author":{"name":"redazione","@id":"https:\/\/www.bellunopress.it\/#\/schema\/person\/79bb06722b37ece1c03d3e94beb30d73"},"headline":"Silenziose Trame: l\u2019arte che d\u00e0 voce ai boschi feriti al Lagazuoi EXPO Dolomiti","datePublished":"2026-07-15T18:24:40+00:00","mainEntityOfPage":{"@id":"https:\/\/www.bellunopress.it\/2026\/07\/15\/silenziose-trame-larte-che-da-voce-ai-boschi-feriti-al-lagazuoi-expo-dolomiti\/"},"wordCount":351,"publisher":{"@id":"https:\/\/www.bellunopress.it\/#organization"},"image":{"@id":"https:\/\/www.bellunopress.it\/2026\/07\/15\/silenziose-trame-larte-che-da-voce-ai-boschi-feriti-al-lagazuoi-expo-dolomiti\/#primaryimage"},"thumbnailUrl":"https:\/\/www.bellunopress.it\/wp-content\/uploads\/2026\/07\/Silenziose-trame-Lagazuoi.jpg","articleSection":["Appuntamenti, Eventi","Arte, Cultura, Spettacoli, Scienza","Pausa Caff\u00e8"],"inLanguage":"fr-FR"},{"@type":"WebPage","@id":"https:\/\/www.bellunopress.it\/2026\/07\/15\/silenziose-trame-larte-che-da-voce-ai-boschi-feriti-al-lagazuoi-expo-dolomiti\/","url":"https:\/\/www.bellunopress.it\/2026\/07\/15\/silenziose-trame-larte-che-da-voce-ai-boschi-feriti-al-lagazuoi-expo-dolomiti\/","name":"Silenziose Trame: l\u2019arte che d\u00e0 voce ai boschi feriti al Lagazuoi EXPO Dolomiti - Bellunopress - Dolomiti","isPartOf":{"@id":"https:\/\/www.bellunopress.it\/#website"},"primaryImageOfPage":{"@id":"https:\/\/www.bellunopress.it\/2026\/07\/15\/silenziose-trame-larte-che-da-voce-ai-boschi-feriti-al-lagazuoi-expo-dolomiti\/#primaryimage"},"image":{"@id":"https:\/\/www.bellunopress.it\/2026\/07\/15\/silenziose-trame-larte-che-da-voce-ai-boschi-feriti-al-lagazuoi-expo-dolomiti\/#primaryimage"},"thumbnailUrl":"https:\/\/www.bellunopress.it\/wp-content\/uploads\/2026\/07\/Silenziose-trame-Lagazuoi.jpg","datePublished":"2026-07-15T18:24:40+00:00","breadcrumb":{"@id":"https:\/\/www.bellunopress.it\/2026\/07\/15\/silenziose-trame-larte-che-da-voce-ai-boschi-feriti-al-lagazuoi-expo-dolomiti\/#breadcrumb"},"inLanguage":"fr-FR","potentialAction":[{"@type":"ReadAction","target":["https:\/\/www.bellunopress.it\/2026\/07\/15\/silenziose-trame-larte-che-da-voce-ai-boschi-feriti-al-lagazuoi-expo-dolomiti\/"]}]},{"@type":"ImageObject","inLanguage":"fr-FR","@id":"https:\/\/www.bellunopress.it\/2026\/07\/15\/silenziose-trame-larte-che-da-voce-ai-boschi-feriti-al-lagazuoi-expo-dolomiti\/#primaryimage","url":"https:\/\/www.bellunopress.it\/wp-content\/uploads\/2026\/07\/Silenziose-trame-Lagazuoi.jpg","contentUrl":"https:\/\/www.bellunopress.it\/wp-content\/uploads\/2026\/07\/Silenziose-trame-Lagazuoi.jpg","width":500,"height":324,"caption":"Opera di Silvia Canton"},{"@type":"BreadcrumbList","@id":"https:\/\/www.bellunopress.it\/2026\/07\/15\/silenziose-trame-larte-che-da-voce-ai-boschi-feriti-al-lagazuoi-expo-dolomiti\/#breadcrumb","itemListElement":[{"@type":"ListItem","position":1,"name":"Home","item":"https:\/\/www.bellunopress.it\/"},{"@type":"ListItem","position":2,"name":"Silenziose Trame: l\u2019arte che d\u00e0 voce ai boschi feriti al Lagazuoi EXPO Dolomiti"}]},{"@type":"WebSite","@id":"https:\/\/www.bellunopress.it\/#website","url":"https:\/\/www.bellunopress.it\/","name":"Bellunopress - Dolomiti","description":"e-mail: redazione@bellunopress.it","publisher":{"@id":"https:\/\/www.bellunopress.it\/#organization"},"potentialAction":[{"@type":"SearchAction","target":{"@type":"EntryPoint","urlTemplate":"https:\/\/www.bellunopress.it\/?s={search_term_string}"},"query-input":{"@type":"PropertyValueSpecification","valueRequired":true,"valueName":"search_term_string"}}],"inLanguage":"fr-FR"},{"@type":"Organization","@id":"https:\/\/www.bellunopress.it\/#organization","name":"Bellunopress","url":"https:\/\/www.bellunopress.it\/","logo":{"@type":"ImageObject","inLanguage":"fr-FR","@id":"https:\/\/www.bellunopress.it\/#\/schema\/logo\/image\/","url":"https:\/\/www.bellunopress.it\/wp-content\/uploads\/2011\/05\/cropped-logo-bellunopress-.jpg","contentUrl":"https:\/\/www.bellunopress.it\/wp-content\/uploads\/2011\/05\/cropped-logo-bellunopress-.jpg","width":512,"height":512,"caption":"Bellunopress"},"image":{"@id":"https:\/\/www.bellunopress.it\/#\/schema\/logo\/image\/"},"sameAs":["https:\/\/www.facebook.com\/profile.php?id=100008943462799","https:\/\/x.com\/bellunopress","https:\/\/www.linkedin.com\/hp\/?dnr=JBzUWaJfMUw8vbXJJ2tVW5-I3jZKvC4wsoxE&amp;amp;amp;amp;amp;amp;trk=nav_responsive_tab_home","https:\/\/www.youtube.com\/channel\/UCxL0wu1uN0_3_7hGG0306cw"]},{"@type":"Person","@id":"https:\/\/www.bellunopress.it\/#\/schema\/person\/79bb06722b37ece1c03d3e94beb30d73","name":"r\u00e9daction","image":{"@type":"ImageObject","inLanguage":"fr-FR","@id":"https:\/\/secure.gravatar.com\/avatar\/37d968a2e67a6fd04c169c4bdef102d0bc5d31b2546345219e348575eb80e9a0?s=96&d=mm&r=g","url":"https:\/\/secure.gravatar.com\/avatar\/37d968a2e67a6fd04c169c4bdef102d0bc5d31b2546345219e348575eb80e9a0?s=96&d=mm&r=g","contentUrl":"https:\/\/secure.gravatar.com\/avatar\/37d968a2e67a6fd04c169c4bdef102d0bc5d31b2546345219e348575eb80e9a0?s=96&d=mm&r=g","caption":"redazione"},"sameAs":["http:\/\/www.bellunopress.it","https:\/\/x.com\/bellunopress"],"url":"https:\/\/www.bellunopress.it\/fr\/author\/redazione\/"}]}},"_links":{"self":[{"href":"https:\/\/www.bellunopress.it\/fr\/wp-json\/wp\/v2\/posts\/171945","targetHints":{"allow":["GET"]}}],"collection":[{"href":"https:\/\/www.bellunopress.it\/fr\/wp-json\/wp\/v2\/posts"}],"about":[{"href":"https:\/\/www.bellunopress.it\/fr\/wp-json\/wp\/v2\/types\/post"}],"author":[{"embeddable":true,"href":"https:\/\/www.bellunopress.it\/fr\/wp-json\/wp\/v2\/users\/2"}],"replies":[{"embeddable":true,"href":"https:\/\/www.bellunopress.it\/fr\/wp-json\/wp\/v2\/comments?post=171945"}],"version-history":[{"count":1,"href":"https:\/\/www.bellunopress.it\/fr\/wp-json\/wp\/v2\/posts\/171945\/revisions"}],"predecessor-version":[{"id":171947,"href":"https:\/\/www.bellunopress.it\/fr\/wp-json\/wp\/v2\/posts\/171945\/revisions\/171947"}],"wp:featuredmedia":[{"embeddable":true,"href":"https:\/\/www.bellunopress.it\/fr\/wp-json\/wp\/v2\/media\/171946"}],"wp:attachment":[{"href":"https:\/\/www.bellunopress.it\/fr\/wp-json\/wp\/v2\/media?parent=171945"}],"wp:term":[{"taxonomy":"category","embeddable":true,"href":"https:\/\/www.bellunopress.it\/fr\/wp-json\/wp\/v2\/categories?post=171945"},{"taxonomy":"post_tag","embeddable":true,"href":"https:\/\/www.bellunopress.it\/fr\/wp-json\/wp\/v2\/tags?post=171945"}],"curies":[{"name":"wp","href":"https:\/\/api.w.org\/{rel}","templated":true}]}}