{"id":171943,"date":"2026-07-15T20:03:21","date_gmt":"2026-07-15T18:03:21","guid":{"rendered":"https:\/\/www.bellunopress.it\/?p=171943"},"modified":"2026-07-15T20:03:21","modified_gmt":"2026-07-15T18:03:21","slug":"zes-a-belluno-tra-giustizia-territoriale-e-il-labirinto-dellautonomia","status":"publish","type":"post","link":"https:\/\/www.bellunopress.it\/fr\/2026\/07\/15\/zes-a-belluno-tra-giustizia-territoriale-e-il-labirinto-dellautonomia\/","title":{"rendered":"ZES a Belluno: tra giustizia territoriale e il labirinto dell\u2019autonomia"},"content":{"rendered":"<p data-path-to-node=\"3\">Belluno, 15\/07\/2026 &#8211; La richiesta avanzata dal movimento BARD \u2013 Belluno Autonoma Regione Dolomiti \u2013 di istituire una Zona Economica Speciale (ZES) nella provincia di Belluno accende nuovamente i riflettori su uno dei nodi pi\u00f9 complessi dell\u2019economia veneta: la competitivit\u00e0 dei territori montani in un contesto nazionale ed europeo caratterizzato da disparit\u00e0 strutturali.<\/p>\n<p data-path-to-node=\"4\">Il presidente Andrea Bona parla di \u00abconcorrenza ad armi pari\u00bb, sottolineando come l\u2019isolamento geografico e la vicinanza con province a statuto speciale (Trento e Bolzano) e con stati esteri (Austria) creino un divario difficile da colmare con le sole leve ordinarie. L\u2019idea di una ZES non viene presentata come un privilegio, ma come un correttivo necessario per arginare lo spopolamento e favorire la tenuta del tessuto industriale.<\/p>\n<p data-path-to-node=\"6\">La proposta, rivolta in particolare al senatore Luca De Carlo, si inserisce in un solco storico tormentato. Se, da un lato, il 2024 ha segnato l\u2019approdo dell\u2019autonomia differenziata come legge dello Stato, dall\u2019altro, lo strumento delle ZES ha avuto in Italia un\u2019evoluzione tutt\u2019altro che lineare. Nato originariamente per il Mezzogiorno, lo strumento delle ZES ha visto il Veneto impegnato in anni di negoziazioni per estenderne i benefici, finendo per ripiegare, per necessit\u00e0, sul modello delle Zone Logistiche Semplificate (ZLS), come quella di Venezia-Rovigo.<\/p>\n<p data-path-to-node=\"8\">Il punto critico su cui occorre riflettere \u00e8 l\u2019efficacia reale dello strumento in un contesto di alta montagna. Se la ZES garantisce, come afferma il BARD, sburocratizzazione e incentivi fiscali, resta da chiedersi se l\u2019applicazione di un modello pensato originariamente per poli logistici e portuali sia pienamente compatibile con le dinamiche frammentate e diffuse dell&#8217;economia bellunese.<\/p>\n<p data-path-to-node=\"9\">Inoltre, la richiesta di una &#8220;ZES Bellunese&#8221; si scontra con una realt\u00e0 politica complessa: il Veneto ha gi\u00e0 investito enormi energie (e oltre 30 anni di dibattito) sul fronte dell&#8217;autonomia differenziata. Sostenere una ZES specifica per una provincia potrebbe, paradossalmente, essere interpretato come un\u2019ammissione di fallimento dei macro-progetti regionali, o viceversa, come un necessario intervento chirurgico su un territorio che non pu\u00f2 pi\u00f9 aspettare i tempi lunghi della burocrazia statale.<\/p>\n<p data-path-to-node=\"11\">L&#8217;appello alla collaborazione politica \u00e8 chiaro, ma la sfida \u00e8 ora capire se il Governo vedr\u00e0 in questa proposta un tassello fondamentale per la coesione territoriale o l\u2019ennesima richiesta di deroga che rischia di complicare ulteriormente il quadro fiscale nazionale. La questione non \u00e8 pi\u00f9 se Belluno meriti attenzione, ma se lo strumento ZES sia la &#8220;bacchetta magica&#8221; corretta o se non serva, invece, una politica montana integrata che superi la logica delle singole zone speciali, guardando a una visione strategica d&#8217;insieme.<\/p>\n<p data-path-to-node=\"12\">Il tavolo di lavoro richiesto dal BARD non \u00e8 solo una necessit\u00e0 economica, ma un test di efficacia per la politica bellunese: la capacit\u00e0 di trasformare una rivendicazione territoriale in una proposta normativa solida, capace di superare i veti e le contingenze che, da decenni, frenano il pieno sviluppo del potenziale dolomitico.<\/p>\n<h3 data-path-to-node=\"14\"><\/h3>\n<p data-path-to-node=\"15\"><strong>Il dibattito sulla ZES bellunese deve confrontarsi con tre variabili storiche e normative fondamentali:<\/strong><\/p>\n<ol start=\"1\" data-path-to-node=\"16\">\n<li>\n<p data-path-to-node=\"16,0,0\">Evoluzione normativa: Lo strumento ZES \u00e8 nato (D.L. 91\/2017) con una finalit\u00e0 geografica specifica (Mezzogiorno). Il tentativo di estenderlo al Nord (la cosiddetta &#8220;ZES Nord&#8221;) \u00e8 una battaglia politica costante, ma si scontra con una legislazione che, per il Veneto, ha finora privilegiato le ZLS (Zone Logistiche Semplificate).<\/p>\n<\/li>\n<li>\n<p data-path-to-node=\"16,1,0\">Il &#8220;paradosso dell&#8217;autonomia&#8221;: Dopo oltre 30 anni di attesa per l&#8217;autonomia, con il raggiungimento della legge nel 2024, il sistema economico veneto si trova in una fase di transizione. Chiedere oggi una ZES significa inserire una variabile &#8220;straordinaria&#8221; in un sistema che vorrebbe puntare sulla &#8220;differenziazione&#8221; ordinaria.<\/p>\n<\/li>\n<li>\n<p data-path-to-node=\"16,2,0\">Specificit\u00e0 montana: La competizione con Trento e Bolzano non \u00e8 solo fiscale, ma deriva da un assetto istituzionale (lo Statuto Speciale) che \u00e8 radicalmente diverso da quello che una ZES, per definizione, pu\u00f2 offrire. La ZES \u00e8 uno strumento temporaneo e di semplificazione; l&#8217;autonomia delle province limitrofe \u00e8 una leva di autogoverno permanente.<\/p>\n<\/li>\n<\/ol>","protected":false},"excerpt":{"rendered":"<p>Belluno, 15\/07\/2026 &#8211; La richiesta avanzata dal movimento BARD \u2013 Belluno Autonoma Regione Dolomiti \u2013 di istituire una Zona Economica Speciale (ZES) nella provincia di Belluno accende nuovamente i riflettori su uno dei nodi pi\u00f9 complessi dell\u2019economia veneta: la competitivit\u00e0 dei territori montani in un contesto nazionale ed europeo caratterizzato da disparit\u00e0 strutturali. Il presidente [&hellip;]<\/p>\n","protected":false},"author":2,"featured_media":106322,"comment_status":"closed","ping_status":"open","sticky":false,"template":"","format":"standard","meta":{"footnotes":""},"categories":[5,26],"tags":[],"class_list":["post-171943","post","type-post","status-publish","format-standard","has-post-thumbnail","category-cronaca","category-prima-pagina"],"yoast_head":"<!-- This site is optimized with the Yoast SEO plugin v28.4 - https:\/\/yoast.com\/product\/yoast-seo-wordpress\/ -->\n<title>ZES a Belluno: tra giustizia territoriale e il labirinto dell\u2019autonomia - Bellunopress - Dolomiti<\/title>\n<meta name=\"robots\" content=\"index, follow, max-snippet:-1, max-image-preview:large, max-video-preview:-1\" \/>\n<link rel=\"canonical\" href=\"https:\/\/www.bellunopress.it\/fr\/2026\/07\/15\/zes-a-belluno-tra-giustizia-territoriale-e-il-labirinto-dellautonomia\/\" \/>\n<meta property=\"og:locale\" content=\"fr_FR\" \/>\n<meta property=\"og:type\" content=\"article\" \/>\n<meta property=\"og:title\" content=\"ZES a Belluno: tra giustizia territoriale e il labirinto dell\u2019autonomia - Bellunopress - Dolomiti\" \/>\n<meta property=\"og:description\" content=\"Belluno, 15\/07\/2026 &#8211; La richiesta avanzata dal movimento BARD \u2013 Belluno Autonoma Regione Dolomiti \u2013 di istituire una Zona Economica Speciale (ZES) nella provincia di Belluno accende nuovamente i riflettori su uno dei nodi pi\u00f9 complessi dell\u2019economia veneta: la competitivit\u00e0 dei territori montani in un contesto nazionale ed europeo caratterizzato da disparit\u00e0 strutturali. Il presidente [&hellip;]\" \/>\n<meta property=\"og:url\" content=\"https:\/\/www.bellunopress.it\/fr\/2026\/07\/15\/zes-a-belluno-tra-giustizia-territoriale-e-il-labirinto-dellautonomia\/\" \/>\n<meta property=\"og:site_name\" content=\"Bellunopress - Dolomiti\" \/>\n<meta property=\"article:publisher\" content=\"https:\/\/www.facebook.com\/profile.php?id=100008943462799\" \/>\n<meta property=\"article:published_time\" content=\"2026-07-15T18:03:21+00:00\" \/>\n<meta property=\"og:image\" content=\"https:\/\/www.bellunopress.it\/wp-content\/uploads\/2019\/07\/Andrea-Bona.jpg\" \/>\n\t<meta property=\"og:image:width\" content=\"237\" \/>\n\t<meta property=\"og:image:height\" content=\"300\" \/>\n\t<meta property=\"og:image:type\" content=\"image\/jpeg\" \/>\n<meta name=\"author\" content=\"redazione\" \/>\n<meta name=\"twitter:card\" content=\"summary_large_image\" \/>\n<meta name=\"twitter:creator\" content=\"@bellunopress\" \/>\n<meta name=\"twitter:site\" content=\"@bellunopress\" \/>\n<meta name=\"twitter:label1\" content=\"\u00c9crit par\" \/>\n\t<meta name=\"twitter:data1\" content=\"redazione\" \/>\n\t<meta name=\"twitter:label2\" content=\"Dur\u00e9e de lecture estim\u00e9e\" \/>\n\t<meta name=\"twitter:data2\" content=\"4 minutes\" \/>\n<script type=\"application\/ld+json\" class=\"yoast-schema-graph\">{\"@context\":\"https:\\\/\\\/schema.org\",\"@graph\":[{\"@type\":\"Article\",\"@id\":\"https:\\\/\\\/www.bellunopress.it\\\/2026\\\/07\\\/15\\\/zes-a-belluno-tra-giustizia-territoriale-e-il-labirinto-dellautonomia\\\/#article\",\"isPartOf\":{\"@id\":\"https:\\\/\\\/www.bellunopress.it\\\/2026\\\/07\\\/15\\\/zes-a-belluno-tra-giustizia-territoriale-e-il-labirinto-dellautonomia\\\/\"},\"author\":{\"name\":\"redazione\",\"@id\":\"https:\\\/\\\/www.bellunopress.it\\\/#\\\/schema\\\/person\\\/79bb06722b37ece1c03d3e94beb30d73\"},\"headline\":\"ZES a Belluno: tra giustizia territoriale e il labirinto dell\u2019autonomia\",\"datePublished\":\"2026-07-15T18:03:21+00:00\",\"mainEntityOfPage\":{\"@id\":\"https:\\\/\\\/www.bellunopress.it\\\/2026\\\/07\\\/15\\\/zes-a-belluno-tra-giustizia-territoriale-e-il-labirinto-dellautonomia\\\/\"},\"wordCount\":637,\"publisher\":{\"@id\":\"https:\\\/\\\/www.bellunopress.it\\\/#organization\"},\"image\":{\"@id\":\"https:\\\/\\\/www.bellunopress.it\\\/2026\\\/07\\\/15\\\/zes-a-belluno-tra-giustizia-territoriale-e-il-labirinto-dellautonomia\\\/#primaryimage\"},\"thumbnailUrl\":\"https:\\\/\\\/www.bellunopress.it\\\/wp-content\\\/uploads\\\/2019\\\/07\\\/Andrea-Bona.jpg\",\"articleSection\":[\"Cronaca\\\/Politica\",\"Prima Pagina\"],\"inLanguage\":\"fr-FR\"},{\"@type\":\"WebPage\",\"@id\":\"https:\\\/\\\/www.bellunopress.it\\\/2026\\\/07\\\/15\\\/zes-a-belluno-tra-giustizia-territoriale-e-il-labirinto-dellautonomia\\\/\",\"url\":\"https:\\\/\\\/www.bellunopress.it\\\/2026\\\/07\\\/15\\\/zes-a-belluno-tra-giustizia-territoriale-e-il-labirinto-dellautonomia\\\/\",\"name\":\"ZES a Belluno: tra giustizia territoriale e il labirinto dell\u2019autonomia - Bellunopress - Dolomiti\",\"isPartOf\":{\"@id\":\"https:\\\/\\\/www.bellunopress.it\\\/#website\"},\"primaryImageOfPage\":{\"@id\":\"https:\\\/\\\/www.bellunopress.it\\\/2026\\\/07\\\/15\\\/zes-a-belluno-tra-giustizia-territoriale-e-il-labirinto-dellautonomia\\\/#primaryimage\"},\"image\":{\"@id\":\"https:\\\/\\\/www.bellunopress.it\\\/2026\\\/07\\\/15\\\/zes-a-belluno-tra-giustizia-territoriale-e-il-labirinto-dellautonomia\\\/#primaryimage\"},\"thumbnailUrl\":\"https:\\\/\\\/www.bellunopress.it\\\/wp-content\\\/uploads\\\/2019\\\/07\\\/Andrea-Bona.jpg\",\"datePublished\":\"2026-07-15T18:03:21+00:00\",\"breadcrumb\":{\"@id\":\"https:\\\/\\\/www.bellunopress.it\\\/2026\\\/07\\\/15\\\/zes-a-belluno-tra-giustizia-territoriale-e-il-labirinto-dellautonomia\\\/#breadcrumb\"},\"inLanguage\":\"fr-FR\",\"potentialAction\":[{\"@type\":\"ReadAction\",\"target\":[\"https:\\\/\\\/www.bellunopress.it\\\/2026\\\/07\\\/15\\\/zes-a-belluno-tra-giustizia-territoriale-e-il-labirinto-dellautonomia\\\/\"]}]},{\"@type\":\"ImageObject\",\"inLanguage\":\"fr-FR\",\"@id\":\"https:\\\/\\\/www.bellunopress.it\\\/2026\\\/07\\\/15\\\/zes-a-belluno-tra-giustizia-territoriale-e-il-labirinto-dellautonomia\\\/#primaryimage\",\"url\":\"https:\\\/\\\/www.bellunopress.it\\\/wp-content\\\/uploads\\\/2019\\\/07\\\/Andrea-Bona.jpg\",\"contentUrl\":\"https:\\\/\\\/www.bellunopress.it\\\/wp-content\\\/uploads\\\/2019\\\/07\\\/Andrea-Bona.jpg\",\"width\":237,\"height\":300,\"caption\":\"Andrea Bona, presidente Bard\"},{\"@type\":\"BreadcrumbList\",\"@id\":\"https:\\\/\\\/www.bellunopress.it\\\/2026\\\/07\\\/15\\\/zes-a-belluno-tra-giustizia-territoriale-e-il-labirinto-dellautonomia\\\/#breadcrumb\",\"itemListElement\":[{\"@type\":\"ListItem\",\"position\":1,\"name\":\"Home\",\"item\":\"https:\\\/\\\/www.bellunopress.it\\\/\"},{\"@type\":\"ListItem\",\"position\":2,\"name\":\"ZES a Belluno: tra giustizia territoriale e il labirinto dell\u2019autonomia\"}]},{\"@type\":\"WebSite\",\"@id\":\"https:\\\/\\\/www.bellunopress.it\\\/#website\",\"url\":\"https:\\\/\\\/www.bellunopress.it\\\/\",\"name\":\"Bellunopress - Dolomiti\",\"description\":\"e-mail: redazione@bellunopress.it\",\"publisher\":{\"@id\":\"https:\\\/\\\/www.bellunopress.it\\\/#organization\"},\"potentialAction\":[{\"@type\":\"SearchAction\",\"target\":{\"@type\":\"EntryPoint\",\"urlTemplate\":\"https:\\\/\\\/www.bellunopress.it\\\/?s={search_term_string}\"},\"query-input\":{\"@type\":\"PropertyValueSpecification\",\"valueRequired\":true,\"valueName\":\"search_term_string\"}}],\"inLanguage\":\"fr-FR\"},{\"@type\":\"Organization\",\"@id\":\"https:\\\/\\\/www.bellunopress.it\\\/#organization\",\"name\":\"Bellunopress\",\"url\":\"https:\\\/\\\/www.bellunopress.it\\\/\",\"logo\":{\"@type\":\"ImageObject\",\"inLanguage\":\"fr-FR\",\"@id\":\"https:\\\/\\\/www.bellunopress.it\\\/#\\\/schema\\\/logo\\\/image\\\/\",\"url\":\"https:\\\/\\\/www.bellunopress.it\\\/wp-content\\\/uploads\\\/2011\\\/05\\\/cropped-logo-bellunopress-.jpg\",\"contentUrl\":\"https:\\\/\\\/www.bellunopress.it\\\/wp-content\\\/uploads\\\/2011\\\/05\\\/cropped-logo-bellunopress-.jpg\",\"width\":512,\"height\":512,\"caption\":\"Bellunopress\"},\"image\":{\"@id\":\"https:\\\/\\\/www.bellunopress.it\\\/#\\\/schema\\\/logo\\\/image\\\/\"},\"sameAs\":[\"https:\\\/\\\/www.facebook.com\\\/profile.php?id=100008943462799\",\"https:\\\/\\\/x.com\\\/bellunopress\",\"https:\\\/\\\/www.linkedin.com\\\/hp\\\/?dnr=JBzUWaJfMUw8vbXJJ2tVW5-I3jZKvC4wsoxE&amp;amp;amp;amp;amp;amp;trk=nav_responsive_tab_home\",\"https:\\\/\\\/www.youtube.com\\\/channel\\\/UCxL0wu1uN0_3_7hGG0306cw\"]},{\"@type\":\"Person\",\"@id\":\"https:\\\/\\\/www.bellunopress.it\\\/#\\\/schema\\\/person\\\/79bb06722b37ece1c03d3e94beb30d73\",\"name\":\"redazione\",\"image\":{\"@type\":\"ImageObject\",\"inLanguage\":\"fr-FR\",\"@id\":\"https:\\\/\\\/secure.gravatar.com\\\/avatar\\\/37d968a2e67a6fd04c169c4bdef102d0bc5d31b2546345219e348575eb80e9a0?s=96&d=mm&r=g\",\"url\":\"https:\\\/\\\/secure.gravatar.com\\\/avatar\\\/37d968a2e67a6fd04c169c4bdef102d0bc5d31b2546345219e348575eb80e9a0?s=96&d=mm&r=g\",\"contentUrl\":\"https:\\\/\\\/secure.gravatar.com\\\/avatar\\\/37d968a2e67a6fd04c169c4bdef102d0bc5d31b2546345219e348575eb80e9a0?s=96&d=mm&r=g\",\"caption\":\"redazione\"},\"sameAs\":[\"http:\\\/\\\/www.bellunopress.it\",\"https:\\\/\\\/x.com\\\/bellunopress\"],\"url\":\"https:\\\/\\\/www.bellunopress.it\\\/fr\\\/author\\\/redazione\\\/\"}]}<\/script>\n<!-- \/ Yoast SEO plugin. -->","yoast_head_json":{"title":"ZES a Belluno: tra giustizia territoriale e il labirinto dell\u2019autonomia - Bellunopress - Dolomiti","robots":{"index":"index","follow":"follow","max-snippet":"max-snippet:-1","max-image-preview":"max-image-preview:large","max-video-preview":"max-video-preview:-1"},"canonical":"https:\/\/www.bellunopress.it\/fr\/2026\/07\/15\/zes-a-belluno-tra-giustizia-territoriale-e-il-labirinto-dellautonomia\/","og_locale":"fr_FR","og_type":"article","og_title":"ZES a Belluno: tra giustizia territoriale e il labirinto dell\u2019autonomia - Bellunopress - Dolomiti","og_description":"Belluno, 15\/07\/2026 &#8211; La richiesta avanzata dal movimento BARD \u2013 Belluno Autonoma Regione Dolomiti \u2013 di istituire una Zona Economica Speciale (ZES) nella provincia di Belluno accende nuovamente i riflettori su uno dei nodi pi\u00f9 complessi dell\u2019economia veneta: la competitivit\u00e0 dei territori montani in un contesto nazionale ed europeo caratterizzato da disparit\u00e0 strutturali. Il presidente [&hellip;]","og_url":"https:\/\/www.bellunopress.it\/fr\/2026\/07\/15\/zes-a-belluno-tra-giustizia-territoriale-e-il-labirinto-dellautonomia\/","og_site_name":"Bellunopress - Dolomiti","article_publisher":"https:\/\/www.facebook.com\/profile.php?id=100008943462799","article_published_time":"2026-07-15T18:03:21+00:00","og_image":[{"width":237,"height":300,"url":"https:\/\/www.bellunopress.it\/wp-content\/uploads\/2019\/07\/Andrea-Bona.jpg","type":"image\/jpeg"}],"author":"redazione","twitter_card":"summary_large_image","twitter_creator":"@bellunopress","twitter_site":"@bellunopress","twitter_misc":{"\u00c9crit par":"redazione","Dur\u00e9e de lecture estim\u00e9e":"4 minutes"},"schema":{"@context":"https:\/\/schema.org","@graph":[{"@type":"Article","@id":"https:\/\/www.bellunopress.it\/2026\/07\/15\/zes-a-belluno-tra-giustizia-territoriale-e-il-labirinto-dellautonomia\/#article","isPartOf":{"@id":"https:\/\/www.bellunopress.it\/2026\/07\/15\/zes-a-belluno-tra-giustizia-territoriale-e-il-labirinto-dellautonomia\/"},"author":{"name":"redazione","@id":"https:\/\/www.bellunopress.it\/#\/schema\/person\/79bb06722b37ece1c03d3e94beb30d73"},"headline":"ZES a Belluno: tra giustizia territoriale e il labirinto dell\u2019autonomia","datePublished":"2026-07-15T18:03:21+00:00","mainEntityOfPage":{"@id":"https:\/\/www.bellunopress.it\/2026\/07\/15\/zes-a-belluno-tra-giustizia-territoriale-e-il-labirinto-dellautonomia\/"},"wordCount":637,"publisher":{"@id":"https:\/\/www.bellunopress.it\/#organization"},"image":{"@id":"https:\/\/www.bellunopress.it\/2026\/07\/15\/zes-a-belluno-tra-giustizia-territoriale-e-il-labirinto-dellautonomia\/#primaryimage"},"thumbnailUrl":"https:\/\/www.bellunopress.it\/wp-content\/uploads\/2019\/07\/Andrea-Bona.jpg","articleSection":["Cronaca\/Politica","Prima Pagina"],"inLanguage":"fr-FR"},{"@type":"WebPage","@id":"https:\/\/www.bellunopress.it\/2026\/07\/15\/zes-a-belluno-tra-giustizia-territoriale-e-il-labirinto-dellautonomia\/","url":"https:\/\/www.bellunopress.it\/2026\/07\/15\/zes-a-belluno-tra-giustizia-territoriale-e-il-labirinto-dellautonomia\/","name":"ZES a Belluno: tra giustizia territoriale e il labirinto dell\u2019autonomia - Bellunopress - Dolomiti","isPartOf":{"@id":"https:\/\/www.bellunopress.it\/#website"},"primaryImageOfPage":{"@id":"https:\/\/www.bellunopress.it\/2026\/07\/15\/zes-a-belluno-tra-giustizia-territoriale-e-il-labirinto-dellautonomia\/#primaryimage"},"image":{"@id":"https:\/\/www.bellunopress.it\/2026\/07\/15\/zes-a-belluno-tra-giustizia-territoriale-e-il-labirinto-dellautonomia\/#primaryimage"},"thumbnailUrl":"https:\/\/www.bellunopress.it\/wp-content\/uploads\/2019\/07\/Andrea-Bona.jpg","datePublished":"2026-07-15T18:03:21+00:00","breadcrumb":{"@id":"https:\/\/www.bellunopress.it\/2026\/07\/15\/zes-a-belluno-tra-giustizia-territoriale-e-il-labirinto-dellautonomia\/#breadcrumb"},"inLanguage":"fr-FR","potentialAction":[{"@type":"ReadAction","target":["https:\/\/www.bellunopress.it\/2026\/07\/15\/zes-a-belluno-tra-giustizia-territoriale-e-il-labirinto-dellautonomia\/"]}]},{"@type":"ImageObject","inLanguage":"fr-FR","@id":"https:\/\/www.bellunopress.it\/2026\/07\/15\/zes-a-belluno-tra-giustizia-territoriale-e-il-labirinto-dellautonomia\/#primaryimage","url":"https:\/\/www.bellunopress.it\/wp-content\/uploads\/2019\/07\/Andrea-Bona.jpg","contentUrl":"https:\/\/www.bellunopress.it\/wp-content\/uploads\/2019\/07\/Andrea-Bona.jpg","width":237,"height":300,"caption":"Andrea Bona, presidente Bard"},{"@type":"BreadcrumbList","@id":"https:\/\/www.bellunopress.it\/2026\/07\/15\/zes-a-belluno-tra-giustizia-territoriale-e-il-labirinto-dellautonomia\/#breadcrumb","itemListElement":[{"@type":"ListItem","position":1,"name":"Home","item":"https:\/\/www.bellunopress.it\/"},{"@type":"ListItem","position":2,"name":"ZES a Belluno: tra giustizia territoriale e il labirinto dell\u2019autonomia"}]},{"@type":"WebSite","@id":"https:\/\/www.bellunopress.it\/#website","url":"https:\/\/www.bellunopress.it\/","name":"Bellunopress - Dolomiti","description":"e-mail: redazione@bellunopress.it","publisher":{"@id":"https:\/\/www.bellunopress.it\/#organization"},"potentialAction":[{"@type":"SearchAction","target":{"@type":"EntryPoint","urlTemplate":"https:\/\/www.bellunopress.it\/?s={search_term_string}"},"query-input":{"@type":"PropertyValueSpecification","valueRequired":true,"valueName":"search_term_string"}}],"inLanguage":"fr-FR"},{"@type":"Organization","@id":"https:\/\/www.bellunopress.it\/#organization","name":"Bellunopress","url":"https:\/\/www.bellunopress.it\/","logo":{"@type":"ImageObject","inLanguage":"fr-FR","@id":"https:\/\/www.bellunopress.it\/#\/schema\/logo\/image\/","url":"https:\/\/www.bellunopress.it\/wp-content\/uploads\/2011\/05\/cropped-logo-bellunopress-.jpg","contentUrl":"https:\/\/www.bellunopress.it\/wp-content\/uploads\/2011\/05\/cropped-logo-bellunopress-.jpg","width":512,"height":512,"caption":"Bellunopress"},"image":{"@id":"https:\/\/www.bellunopress.it\/#\/schema\/logo\/image\/"},"sameAs":["https:\/\/www.facebook.com\/profile.php?id=100008943462799","https:\/\/x.com\/bellunopress","https:\/\/www.linkedin.com\/hp\/?dnr=JBzUWaJfMUw8vbXJJ2tVW5-I3jZKvC4wsoxE&amp;amp;amp;amp;amp;amp;trk=nav_responsive_tab_home","https:\/\/www.youtube.com\/channel\/UCxL0wu1uN0_3_7hGG0306cw"]},{"@type":"Person","@id":"https:\/\/www.bellunopress.it\/#\/schema\/person\/79bb06722b37ece1c03d3e94beb30d73","name":"r\u00e9daction","image":{"@type":"ImageObject","inLanguage":"fr-FR","@id":"https:\/\/secure.gravatar.com\/avatar\/37d968a2e67a6fd04c169c4bdef102d0bc5d31b2546345219e348575eb80e9a0?s=96&d=mm&r=g","url":"https:\/\/secure.gravatar.com\/avatar\/37d968a2e67a6fd04c169c4bdef102d0bc5d31b2546345219e348575eb80e9a0?s=96&d=mm&r=g","contentUrl":"https:\/\/secure.gravatar.com\/avatar\/37d968a2e67a6fd04c169c4bdef102d0bc5d31b2546345219e348575eb80e9a0?s=96&d=mm&r=g","caption":"redazione"},"sameAs":["http:\/\/www.bellunopress.it","https:\/\/x.com\/bellunopress"],"url":"https:\/\/www.bellunopress.it\/fr\/author\/redazione\/"}]}},"_links":{"self":[{"href":"https:\/\/www.bellunopress.it\/fr\/wp-json\/wp\/v2\/posts\/171943","targetHints":{"allow":["GET"]}}],"collection":[{"href":"https:\/\/www.bellunopress.it\/fr\/wp-json\/wp\/v2\/posts"}],"about":[{"href":"https:\/\/www.bellunopress.it\/fr\/wp-json\/wp\/v2\/types\/post"}],"author":[{"embeddable":true,"href":"https:\/\/www.bellunopress.it\/fr\/wp-json\/wp\/v2\/users\/2"}],"replies":[{"embeddable":true,"href":"https:\/\/www.bellunopress.it\/fr\/wp-json\/wp\/v2\/comments?post=171943"}],"version-history":[{"count":1,"href":"https:\/\/www.bellunopress.it\/fr\/wp-json\/wp\/v2\/posts\/171943\/revisions"}],"predecessor-version":[{"id":171944,"href":"https:\/\/www.bellunopress.it\/fr\/wp-json\/wp\/v2\/posts\/171943\/revisions\/171944"}],"wp:featuredmedia":[{"embeddable":true,"href":"https:\/\/www.bellunopress.it\/fr\/wp-json\/wp\/v2\/media\/106322"}],"wp:attachment":[{"href":"https:\/\/www.bellunopress.it\/fr\/wp-json\/wp\/v2\/media?parent=171943"}],"wp:term":[{"taxonomy":"category","embeddable":true,"href":"https:\/\/www.bellunopress.it\/fr\/wp-json\/wp\/v2\/categories?post=171943"},{"taxonomy":"post_tag","embeddable":true,"href":"https:\/\/www.bellunopress.it\/fr\/wp-json\/wp\/v2\/tags?post=171943"}],"curies":[{"name":"wp","href":"https:\/\/api.w.org\/{rel}","templated":true}]}}