{"id":171941,"date":"2026-07-15T19:31:12","date_gmt":"2026-07-15T17:31:12","guid":{"rendered":"https:\/\/www.bellunopress.it\/?p=171941"},"modified":"2026-07-15T19:31:12","modified_gmt":"2026-07-15T17:31:12","slug":"jump-un-salto-verso-il-lavoro-inclusivo-a-belluno-un-progetto-per-valorizzare-il-potenziale-delle-persone-piu-fragili","status":"publish","type":"post","link":"https:\/\/www.bellunopress.it\/fr\/2026\/07\/15\/jump-un-salto-verso-il-lavoro-inclusivo-a-belluno-un-progetto-per-valorizzare-il-potenziale-delle-persone-piu-fragili\/","title":{"rendered":"Jump: un salto verso il lavoro inclusivo. A Belluno un progetto per valorizzare il potenziale delle persone pi\u00f9 fragili"},"content":{"rendered":"<p>Belluno si prepara a compiere un importante passo avanti nel campo dell&#8217;inclusione sociale e lavorativa grazie a JUMP \u2013 Job Uguale Miscela Potenziale, il nuovo progetto promosso dal Centro Italiano di Solidariet\u00e0 di Belluno Onlus insieme a una vasta rete di partner pubblici, privati e del terzo settore.<\/p>\n<p>L&#8217;iniziativa, che coinvolger\u00e0 i comuni di Alpago, Belluno, Feltre, Ponte nelle Alpi e Sedico, nasce con l&#8217;obiettivo di migliorare l&#8217;occupabilit\u00e0 e favorire il reinserimento lavorativo di persone in condizione di svantaggio o vulnerabilit\u00e0, rafforzando al tempo stesso la collaborazione tra servizi, enti non profit e imprese del territorio.<br \/>\nCon una durata di 26 mesi, un contributo di circa 322.000 euro da parte di Fondazione Cariverona, il progetto rappresenta una delle pi\u00f9 significative azioni territoriali dedicate all&#8217;inclusione lavorativa nella provincia di Belluno.<br \/>\nUna rete territoriale per creare opportunit\u00e0<\/p>\n<p>JUMP vede il coinvolgimento di numerosi partner operativi e di rete, tra cui Centro Consorzi, Fondazione Progetto Uomo, Formarte APS, Nina APS, Fablab Dolomiti, Casartigiani Belluno, Confcooperative Treviso Belluno, Caritas Diocesana, Veneto Lavoro e diverse cooperative e imprese del territorio.<br \/>\nL&#8217;obiettivo \u00e8 costruire un vero e proprio ecosistema territoriale capace di mettere in relazione competenze, servizi e opportunit\u00e0 lavorative, valorizzando il potenziale spesso inespresso delle persone pi\u00f9 fragili.<br \/>\nIl nome stesso del progetto richiama questa visione: Job Uguale Miscela Potenziale, una &#8220;miscela&#8221; di competenze, professionalit\u00e0 e approcci condivisi per generare nuove opportunit\u00e0 di inclusione e crescita.<\/p>\n<p><strong>Percorsi personalizzati per 80 persone<\/strong><br \/>\nTra i risultati attesi vi \u00e8 il coinvolgimento di 80 beneficiari, tra persone disoccupate in situazione di fragilit\u00e0, richiedenti asilo, persone in uscita da percorsi di dipendenza, donne in difficolt\u00e0 o vittime di violenza e cittadini seguiti dai servizi sociali.<br \/>\nPer loro saranno attivati percorsi personalizzati di orientamento, coaching, sviluppo delle competenze trasversali e educazione finanziaria. Complessivamente saranno realizzati 150 interventi di orientamento, consulenza e formazione, con l&#8217;obiettivo di aumentare concretamente le possibilit\u00e0 di accesso al mercato del lavoro.<br \/>\nIl progetto prevede inoltre l&#8217;erogazione di 80 voucher di partecipazione da 500 euro e l&#8217;attivazione di 50 tirocini con borsa lavoro, favorendo cos\u00ec esperienze concrete di inserimento lavorativo.<\/p>\n<p><strong>Le imprese protagoniste del cambiamento<\/strong><br \/>\nUno degli aspetti pi\u00f9 innovativi di JUMP riguarda il coinvolgimento diretto delle aziende del territorio.<br \/>\nAttraverso attivit\u00e0 di sensibilizzazione, formazione e consulenza, il progetto punta a diffondere nelle organizzazioni i principi di Diversit\u00e0, Equit\u00e0 e Inclusione (DE&amp;I), promuovendo ambienti di lavoro pi\u00f9 accoglienti e sostenibili.<br \/>\nSono previsti 36 eventi informativi, percorsi di consulenza dedicati ad almeno 20 imprese e la partecipazione di circa 80 persone agli incontri sui temi dell&#8217;inclusione lavorativa.<br \/>\nTra le novit\u00e0 pi\u00f9 rilevanti vi \u00e8 inoltre la costituzione di un Organo di Certificazione ESG e Inclusione, che offrir\u00e0 alle aziende un servizio stabile di consulenza e accompagnamento sui temi della responsabilit\u00e0 sociale, della sostenibilit\u00e0 e dell&#8217;inserimento lavorativo delle persone fragili.<\/p>\n<p><strong>Formazione e buone pratiche per il futuro<\/strong><br \/>\nJUMP investir\u00e0 anche sul rafforzamento delle competenze degli operatori pubblici e privati impegnati nei percorsi di inclusione socio-lavorativa.<br \/>\nSaranno formati 32 operatori sulle tematiche della coprogettazione e dell&#8217;inserimento lavorativo, mentre 8 partecipanti seguiranno un percorso specialistico di 100 ore per diventare consulenti DE&amp;I.<br \/>\nL&#8217;intero progetto sar\u00e0 accompagnato da un&#8217;attivit\u00e0 di monitoraggio e valutazione affidata a un soggetto terzo, con l&#8217;obiettivo di misurare l&#8217;impatto generato sul territorio e individuare modelli efficaci e replicabili.<br \/>\nTra i risultati finali \u00e8 prevista anche la realizzazione di un documento di Buone Pratiche, utile per trasferire l&#8217;esperienza maturata in altri contesti territoriali.<\/p>\n<p><strong>Un welfare generativo per il Bellunese<\/strong><br \/>\nJUMP rappresenta una sfida che guarda oltre il semplice inserimento lavorativo. Il progetto punta infatti a costruire una cultura del lavoro pi\u00f9 inclusiva, equa e sostenibile, capace di valorizzare le persone e rafforzare la coesione sociale.<br \/>\nUn &#8220;salto&#8221; concreto verso un welfare generativo, nel quale istituzioni, terzo settore e imprese collaborano per trasformare le fragilit\u00e0 in opportunit\u00e0 e il potenziale delle persone in valore per l&#8217;intera comunit\u00e0.<\/p>","protected":false},"excerpt":{"rendered":"<p>Belluno si prepara a compiere un importante passo avanti nel campo dell&#8217;inclusione sociale e lavorativa grazie a JUMP \u2013 Job Uguale Miscela Potenziale, il nuovo progetto promosso dal Centro Italiano di Solidariet\u00e0 di Belluno Onlus insieme a una vasta rete di partner pubblici, privati e del terzo settore. L&#8217;iniziativa, che coinvolger\u00e0 i comuni di Alpago, [&hellip;]<\/p>\n","protected":false},"author":2,"featured_media":89760,"comment_status":"closed","ping_status":"open","sticky":false,"template":"","format":"standard","meta":{"footnotes":""},"categories":[26,8],"tags":[],"class_list":["post-171941","post","type-post","status-publish","format-standard","has-post-thumbnail","category-prima-pagina","category-societa-istituzioni"],"yoast_head":"<!-- This site is optimized with the Yoast SEO plugin v28.4 - https:\/\/yoast.com\/product\/yoast-seo-wordpress\/ -->\n<title>Jump: un salto verso il lavoro inclusivo. A Belluno un progetto per valorizzare il potenziale delle persone pi\u00f9 fragili - Bellunopress - Dolomiti<\/title>\n<meta name=\"robots\" content=\"index, follow, max-snippet:-1, max-image-preview:large, max-video-preview:-1\" \/>\n<link rel=\"canonical\" href=\"https:\/\/www.bellunopress.it\/fr\/2026\/07\/15\/jump-un-salto-verso-il-lavoro-inclusivo-a-belluno-un-progetto-per-valorizzare-il-potenziale-delle-persone-piu-fragili\/\" \/>\n<meta property=\"og:locale\" content=\"fr_FR\" \/>\n<meta property=\"og:type\" content=\"article\" \/>\n<meta property=\"og:title\" content=\"Jump: un salto verso il lavoro inclusivo. A Belluno un progetto per valorizzare il potenziale delle persone pi\u00f9 fragili - Bellunopress - Dolomiti\" \/>\n<meta property=\"og:description\" content=\"Belluno si prepara a compiere un importante passo avanti nel campo dell&#8217;inclusione sociale e lavorativa grazie a JUMP \u2013 Job Uguale Miscela Potenziale, il nuovo progetto promosso dal Centro Italiano di Solidariet\u00e0 di Belluno Onlus insieme a una vasta rete di partner pubblici, privati e del terzo settore. L&#8217;iniziativa, che coinvolger\u00e0 i comuni di Alpago, [&hellip;]\" \/>\n<meta property=\"og:url\" content=\"https:\/\/www.bellunopress.it\/fr\/2026\/07\/15\/jump-un-salto-verso-il-lavoro-inclusivo-a-belluno-un-progetto-per-valorizzare-il-potenziale-delle-persone-piu-fragili\/\" \/>\n<meta property=\"og:site_name\" content=\"Bellunopress - Dolomiti\" \/>\n<meta property=\"article:publisher\" content=\"https:\/\/www.facebook.com\/profile.php?id=100008943462799\" \/>\n<meta property=\"article:published_time\" content=\"2026-07-15T17:31:12+00:00\" \/>\n<meta property=\"og:image\" content=\"https:\/\/www.bellunopress.it\/wp-content\/uploads\/2017\/10\/fondazione-progetto-uomo.jpg\" \/>\n\t<meta property=\"og:image:width\" content=\"238\" \/>\n\t<meta property=\"og:image:height\" content=\"250\" \/>\n\t<meta property=\"og:image:type\" content=\"image\/jpeg\" \/>\n<meta name=\"author\" content=\"redazione\" \/>\n<meta name=\"twitter:card\" content=\"summary_large_image\" \/>\n<meta name=\"twitter:creator\" content=\"@bellunopress\" \/>\n<meta name=\"twitter:site\" content=\"@bellunopress\" \/>\n<meta name=\"twitter:label1\" content=\"\u00c9crit par\" \/>\n\t<meta name=\"twitter:data1\" content=\"redazione\" \/>\n\t<meta name=\"twitter:label2\" content=\"Dur\u00e9e de lecture estim\u00e9e\" \/>\n\t<meta name=\"twitter:data2\" content=\"4 minutes\" \/>\n<script type=\"application\/ld+json\" class=\"yoast-schema-graph\">{\"@context\":\"https:\\\/\\\/schema.org\",\"@graph\":[{\"@type\":\"Article\",\"@id\":\"https:\\\/\\\/www.bellunopress.it\\\/2026\\\/07\\\/15\\\/jump-un-salto-verso-il-lavoro-inclusivo-a-belluno-un-progetto-per-valorizzare-il-potenziale-delle-persone-piu-fragili\\\/#article\",\"isPartOf\":{\"@id\":\"https:\\\/\\\/www.bellunopress.it\\\/2026\\\/07\\\/15\\\/jump-un-salto-verso-il-lavoro-inclusivo-a-belluno-un-progetto-per-valorizzare-il-potenziale-delle-persone-piu-fragili\\\/\"},\"author\":{\"name\":\"redazione\",\"@id\":\"https:\\\/\\\/www.bellunopress.it\\\/#\\\/schema\\\/person\\\/79bb06722b37ece1c03d3e94beb30d73\"},\"headline\":\"Jump: un salto verso il lavoro inclusivo. A Belluno un progetto per valorizzare il potenziale delle persone pi\u00f9 fragili\",\"datePublished\":\"2026-07-15T17:31:12+00:00\",\"mainEntityOfPage\":{\"@id\":\"https:\\\/\\\/www.bellunopress.it\\\/2026\\\/07\\\/15\\\/jump-un-salto-verso-il-lavoro-inclusivo-a-belluno-un-progetto-per-valorizzare-il-potenziale-delle-persone-piu-fragili\\\/\"},\"wordCount\":659,\"publisher\":{\"@id\":\"https:\\\/\\\/www.bellunopress.it\\\/#organization\"},\"image\":{\"@id\":\"https:\\\/\\\/www.bellunopress.it\\\/2026\\\/07\\\/15\\\/jump-un-salto-verso-il-lavoro-inclusivo-a-belluno-un-progetto-per-valorizzare-il-potenziale-delle-persone-piu-fragili\\\/#primaryimage\"},\"thumbnailUrl\":\"https:\\\/\\\/www.bellunopress.it\\\/wp-content\\\/uploads\\\/2017\\\/10\\\/fondazione-progetto-uomo.jpg\",\"articleSection\":[\"Prima Pagina\",\"Societ\u00e0, Associazioni, Istituzioni\"],\"inLanguage\":\"fr-FR\"},{\"@type\":\"WebPage\",\"@id\":\"https:\\\/\\\/www.bellunopress.it\\\/2026\\\/07\\\/15\\\/jump-un-salto-verso-il-lavoro-inclusivo-a-belluno-un-progetto-per-valorizzare-il-potenziale-delle-persone-piu-fragili\\\/\",\"url\":\"https:\\\/\\\/www.bellunopress.it\\\/2026\\\/07\\\/15\\\/jump-un-salto-verso-il-lavoro-inclusivo-a-belluno-un-progetto-per-valorizzare-il-potenziale-delle-persone-piu-fragili\\\/\",\"name\":\"Jump: un salto verso il lavoro inclusivo. A Belluno un progetto per valorizzare il potenziale delle persone pi\u00f9 fragili - Bellunopress - Dolomiti\",\"isPartOf\":{\"@id\":\"https:\\\/\\\/www.bellunopress.it\\\/#website\"},\"primaryImageOfPage\":{\"@id\":\"https:\\\/\\\/www.bellunopress.it\\\/2026\\\/07\\\/15\\\/jump-un-salto-verso-il-lavoro-inclusivo-a-belluno-un-progetto-per-valorizzare-il-potenziale-delle-persone-piu-fragili\\\/#primaryimage\"},\"image\":{\"@id\":\"https:\\\/\\\/www.bellunopress.it\\\/2026\\\/07\\\/15\\\/jump-un-salto-verso-il-lavoro-inclusivo-a-belluno-un-progetto-per-valorizzare-il-potenziale-delle-persone-piu-fragili\\\/#primaryimage\"},\"thumbnailUrl\":\"https:\\\/\\\/www.bellunopress.it\\\/wp-content\\\/uploads\\\/2017\\\/10\\\/fondazione-progetto-uomo.jpg\",\"datePublished\":\"2026-07-15T17:31:12+00:00\",\"breadcrumb\":{\"@id\":\"https:\\\/\\\/www.bellunopress.it\\\/2026\\\/07\\\/15\\\/jump-un-salto-verso-il-lavoro-inclusivo-a-belluno-un-progetto-per-valorizzare-il-potenziale-delle-persone-piu-fragili\\\/#breadcrumb\"},\"inLanguage\":\"fr-FR\",\"potentialAction\":[{\"@type\":\"ReadAction\",\"target\":[\"https:\\\/\\\/www.bellunopress.it\\\/2026\\\/07\\\/15\\\/jump-un-salto-verso-il-lavoro-inclusivo-a-belluno-un-progetto-per-valorizzare-il-potenziale-delle-persone-piu-fragili\\\/\"]}]},{\"@type\":\"ImageObject\",\"inLanguage\":\"fr-FR\",\"@id\":\"https:\\\/\\\/www.bellunopress.it\\\/2026\\\/07\\\/15\\\/jump-un-salto-verso-il-lavoro-inclusivo-a-belluno-un-progetto-per-valorizzare-il-potenziale-delle-persone-piu-fragili\\\/#primaryimage\",\"url\":\"https:\\\/\\\/www.bellunopress.it\\\/wp-content\\\/uploads\\\/2017\\\/10\\\/fondazione-progetto-uomo.jpg\",\"contentUrl\":\"https:\\\/\\\/www.bellunopress.it\\\/wp-content\\\/uploads\\\/2017\\\/10\\\/fondazione-progetto-uomo.jpg\",\"width\":238,\"height\":250},{\"@type\":\"BreadcrumbList\",\"@id\":\"https:\\\/\\\/www.bellunopress.it\\\/2026\\\/07\\\/15\\\/jump-un-salto-verso-il-lavoro-inclusivo-a-belluno-un-progetto-per-valorizzare-il-potenziale-delle-persone-piu-fragili\\\/#breadcrumb\",\"itemListElement\":[{\"@type\":\"ListItem\",\"position\":1,\"name\":\"Home\",\"item\":\"https:\\\/\\\/www.bellunopress.it\\\/\"},{\"@type\":\"ListItem\",\"position\":2,\"name\":\"Jump: un salto verso il lavoro inclusivo. A Belluno un progetto per valorizzare il potenziale delle persone pi\u00f9 fragili\"}]},{\"@type\":\"WebSite\",\"@id\":\"https:\\\/\\\/www.bellunopress.it\\\/#website\",\"url\":\"https:\\\/\\\/www.bellunopress.it\\\/\",\"name\":\"Bellunopress - Dolomiti\",\"description\":\"e-mail: redazione@bellunopress.it\",\"publisher\":{\"@id\":\"https:\\\/\\\/www.bellunopress.it\\\/#organization\"},\"potentialAction\":[{\"@type\":\"SearchAction\",\"target\":{\"@type\":\"EntryPoint\",\"urlTemplate\":\"https:\\\/\\\/www.bellunopress.it\\\/?s={search_term_string}\"},\"query-input\":{\"@type\":\"PropertyValueSpecification\",\"valueRequired\":true,\"valueName\":\"search_term_string\"}}],\"inLanguage\":\"fr-FR\"},{\"@type\":\"Organization\",\"@id\":\"https:\\\/\\\/www.bellunopress.it\\\/#organization\",\"name\":\"Bellunopress\",\"url\":\"https:\\\/\\\/www.bellunopress.it\\\/\",\"logo\":{\"@type\":\"ImageObject\",\"inLanguage\":\"fr-FR\",\"@id\":\"https:\\\/\\\/www.bellunopress.it\\\/#\\\/schema\\\/logo\\\/image\\\/\",\"url\":\"https:\\\/\\\/www.bellunopress.it\\\/wp-content\\\/uploads\\\/2011\\\/05\\\/cropped-logo-bellunopress-.jpg\",\"contentUrl\":\"https:\\\/\\\/www.bellunopress.it\\\/wp-content\\\/uploads\\\/2011\\\/05\\\/cropped-logo-bellunopress-.jpg\",\"width\":512,\"height\":512,\"caption\":\"Bellunopress\"},\"image\":{\"@id\":\"https:\\\/\\\/www.bellunopress.it\\\/#\\\/schema\\\/logo\\\/image\\\/\"},\"sameAs\":[\"https:\\\/\\\/www.facebook.com\\\/profile.php?id=100008943462799\",\"https:\\\/\\\/x.com\\\/bellunopress\",\"https:\\\/\\\/www.linkedin.com\\\/hp\\\/?dnr=JBzUWaJfMUw8vbXJJ2tVW5-I3jZKvC4wsoxE&amp;amp;amp;amp;amp;amp;trk=nav_responsive_tab_home\",\"https:\\\/\\\/www.youtube.com\\\/channel\\\/UCxL0wu1uN0_3_7hGG0306cw\"]},{\"@type\":\"Person\",\"@id\":\"https:\\\/\\\/www.bellunopress.it\\\/#\\\/schema\\\/person\\\/79bb06722b37ece1c03d3e94beb30d73\",\"name\":\"redazione\",\"image\":{\"@type\":\"ImageObject\",\"inLanguage\":\"fr-FR\",\"@id\":\"https:\\\/\\\/secure.gravatar.com\\\/avatar\\\/37d968a2e67a6fd04c169c4bdef102d0bc5d31b2546345219e348575eb80e9a0?s=96&d=mm&r=g\",\"url\":\"https:\\\/\\\/secure.gravatar.com\\\/avatar\\\/37d968a2e67a6fd04c169c4bdef102d0bc5d31b2546345219e348575eb80e9a0?s=96&d=mm&r=g\",\"contentUrl\":\"https:\\\/\\\/secure.gravatar.com\\\/avatar\\\/37d968a2e67a6fd04c169c4bdef102d0bc5d31b2546345219e348575eb80e9a0?s=96&d=mm&r=g\",\"caption\":\"redazione\"},\"sameAs\":[\"http:\\\/\\\/www.bellunopress.it\",\"https:\\\/\\\/x.com\\\/bellunopress\"],\"url\":\"https:\\\/\\\/www.bellunopress.it\\\/fr\\\/author\\\/redazione\\\/\"}]}<\/script>\n<!-- \/ Yoast SEO plugin. -->","yoast_head_json":{"title":"Jump: un salto verso il lavoro inclusivo. A Belluno un progetto per valorizzare il potenziale delle persone pi\u00f9 fragili - Bellunopress - Dolomiti","robots":{"index":"index","follow":"follow","max-snippet":"max-snippet:-1","max-image-preview":"max-image-preview:large","max-video-preview":"max-video-preview:-1"},"canonical":"https:\/\/www.bellunopress.it\/fr\/2026\/07\/15\/jump-un-salto-verso-il-lavoro-inclusivo-a-belluno-un-progetto-per-valorizzare-il-potenziale-delle-persone-piu-fragili\/","og_locale":"fr_FR","og_type":"article","og_title":"Jump: un salto verso il lavoro inclusivo. A Belluno un progetto per valorizzare il potenziale delle persone pi\u00f9 fragili - Bellunopress - Dolomiti","og_description":"Belluno si prepara a compiere un importante passo avanti nel campo dell&#8217;inclusione sociale e lavorativa grazie a JUMP \u2013 Job Uguale Miscela Potenziale, il nuovo progetto promosso dal Centro Italiano di Solidariet\u00e0 di Belluno Onlus insieme a una vasta rete di partner pubblici, privati e del terzo settore. L&#8217;iniziativa, che coinvolger\u00e0 i comuni di Alpago, [&hellip;]","og_url":"https:\/\/www.bellunopress.it\/fr\/2026\/07\/15\/jump-un-salto-verso-il-lavoro-inclusivo-a-belluno-un-progetto-per-valorizzare-il-potenziale-delle-persone-piu-fragili\/","og_site_name":"Bellunopress - Dolomiti","article_publisher":"https:\/\/www.facebook.com\/profile.php?id=100008943462799","article_published_time":"2026-07-15T17:31:12+00:00","og_image":[{"width":238,"height":250,"url":"https:\/\/www.bellunopress.it\/wp-content\/uploads\/2017\/10\/fondazione-progetto-uomo.jpg","type":"image\/jpeg"}],"author":"redazione","twitter_card":"summary_large_image","twitter_creator":"@bellunopress","twitter_site":"@bellunopress","twitter_misc":{"\u00c9crit par":"redazione","Dur\u00e9e de lecture estim\u00e9e":"4 minutes"},"schema":{"@context":"https:\/\/schema.org","@graph":[{"@type":"Article","@id":"https:\/\/www.bellunopress.it\/2026\/07\/15\/jump-un-salto-verso-il-lavoro-inclusivo-a-belluno-un-progetto-per-valorizzare-il-potenziale-delle-persone-piu-fragili\/#article","isPartOf":{"@id":"https:\/\/www.bellunopress.it\/2026\/07\/15\/jump-un-salto-verso-il-lavoro-inclusivo-a-belluno-un-progetto-per-valorizzare-il-potenziale-delle-persone-piu-fragili\/"},"author":{"name":"redazione","@id":"https:\/\/www.bellunopress.it\/#\/schema\/person\/79bb06722b37ece1c03d3e94beb30d73"},"headline":"Jump: un salto verso il lavoro inclusivo. A Belluno un progetto per valorizzare il potenziale delle persone pi\u00f9 fragili","datePublished":"2026-07-15T17:31:12+00:00","mainEntityOfPage":{"@id":"https:\/\/www.bellunopress.it\/2026\/07\/15\/jump-un-salto-verso-il-lavoro-inclusivo-a-belluno-un-progetto-per-valorizzare-il-potenziale-delle-persone-piu-fragili\/"},"wordCount":659,"publisher":{"@id":"https:\/\/www.bellunopress.it\/#organization"},"image":{"@id":"https:\/\/www.bellunopress.it\/2026\/07\/15\/jump-un-salto-verso-il-lavoro-inclusivo-a-belluno-un-progetto-per-valorizzare-il-potenziale-delle-persone-piu-fragili\/#primaryimage"},"thumbnailUrl":"https:\/\/www.bellunopress.it\/wp-content\/uploads\/2017\/10\/fondazione-progetto-uomo.jpg","articleSection":["Prima Pagina","Societ\u00e0, Associazioni, Istituzioni"],"inLanguage":"fr-FR"},{"@type":"WebPage","@id":"https:\/\/www.bellunopress.it\/2026\/07\/15\/jump-un-salto-verso-il-lavoro-inclusivo-a-belluno-un-progetto-per-valorizzare-il-potenziale-delle-persone-piu-fragili\/","url":"https:\/\/www.bellunopress.it\/2026\/07\/15\/jump-un-salto-verso-il-lavoro-inclusivo-a-belluno-un-progetto-per-valorizzare-il-potenziale-delle-persone-piu-fragili\/","name":"Jump: un salto verso il lavoro inclusivo. A Belluno un progetto per valorizzare il potenziale delle persone pi\u00f9 fragili - Bellunopress - Dolomiti","isPartOf":{"@id":"https:\/\/www.bellunopress.it\/#website"},"primaryImageOfPage":{"@id":"https:\/\/www.bellunopress.it\/2026\/07\/15\/jump-un-salto-verso-il-lavoro-inclusivo-a-belluno-un-progetto-per-valorizzare-il-potenziale-delle-persone-piu-fragili\/#primaryimage"},"image":{"@id":"https:\/\/www.bellunopress.it\/2026\/07\/15\/jump-un-salto-verso-il-lavoro-inclusivo-a-belluno-un-progetto-per-valorizzare-il-potenziale-delle-persone-piu-fragili\/#primaryimage"},"thumbnailUrl":"https:\/\/www.bellunopress.it\/wp-content\/uploads\/2017\/10\/fondazione-progetto-uomo.jpg","datePublished":"2026-07-15T17:31:12+00:00","breadcrumb":{"@id":"https:\/\/www.bellunopress.it\/2026\/07\/15\/jump-un-salto-verso-il-lavoro-inclusivo-a-belluno-un-progetto-per-valorizzare-il-potenziale-delle-persone-piu-fragili\/#breadcrumb"},"inLanguage":"fr-FR","potentialAction":[{"@type":"ReadAction","target":["https:\/\/www.bellunopress.it\/2026\/07\/15\/jump-un-salto-verso-il-lavoro-inclusivo-a-belluno-un-progetto-per-valorizzare-il-potenziale-delle-persone-piu-fragili\/"]}]},{"@type":"ImageObject","inLanguage":"fr-FR","@id":"https:\/\/www.bellunopress.it\/2026\/07\/15\/jump-un-salto-verso-il-lavoro-inclusivo-a-belluno-un-progetto-per-valorizzare-il-potenziale-delle-persone-piu-fragili\/#primaryimage","url":"https:\/\/www.bellunopress.it\/wp-content\/uploads\/2017\/10\/fondazione-progetto-uomo.jpg","contentUrl":"https:\/\/www.bellunopress.it\/wp-content\/uploads\/2017\/10\/fondazione-progetto-uomo.jpg","width":238,"height":250},{"@type":"BreadcrumbList","@id":"https:\/\/www.bellunopress.it\/2026\/07\/15\/jump-un-salto-verso-il-lavoro-inclusivo-a-belluno-un-progetto-per-valorizzare-il-potenziale-delle-persone-piu-fragili\/#breadcrumb","itemListElement":[{"@type":"ListItem","position":1,"name":"Home","item":"https:\/\/www.bellunopress.it\/"},{"@type":"ListItem","position":2,"name":"Jump: un salto verso il lavoro inclusivo. A Belluno un progetto per valorizzare il potenziale delle persone pi\u00f9 fragili"}]},{"@type":"WebSite","@id":"https:\/\/www.bellunopress.it\/#website","url":"https:\/\/www.bellunopress.it\/","name":"Bellunopress - Dolomiti","description":"e-mail: redazione@bellunopress.it","publisher":{"@id":"https:\/\/www.bellunopress.it\/#organization"},"potentialAction":[{"@type":"SearchAction","target":{"@type":"EntryPoint","urlTemplate":"https:\/\/www.bellunopress.it\/?s={search_term_string}"},"query-input":{"@type":"PropertyValueSpecification","valueRequired":true,"valueName":"search_term_string"}}],"inLanguage":"fr-FR"},{"@type":"Organization","@id":"https:\/\/www.bellunopress.it\/#organization","name":"Bellunopress","url":"https:\/\/www.bellunopress.it\/","logo":{"@type":"ImageObject","inLanguage":"fr-FR","@id":"https:\/\/www.bellunopress.it\/#\/schema\/logo\/image\/","url":"https:\/\/www.bellunopress.it\/wp-content\/uploads\/2011\/05\/cropped-logo-bellunopress-.jpg","contentUrl":"https:\/\/www.bellunopress.it\/wp-content\/uploads\/2011\/05\/cropped-logo-bellunopress-.jpg","width":512,"height":512,"caption":"Bellunopress"},"image":{"@id":"https:\/\/www.bellunopress.it\/#\/schema\/logo\/image\/"},"sameAs":["https:\/\/www.facebook.com\/profile.php?id=100008943462799","https:\/\/x.com\/bellunopress","https:\/\/www.linkedin.com\/hp\/?dnr=JBzUWaJfMUw8vbXJJ2tVW5-I3jZKvC4wsoxE&amp;amp;amp;amp;amp;amp;trk=nav_responsive_tab_home","https:\/\/www.youtube.com\/channel\/UCxL0wu1uN0_3_7hGG0306cw"]},{"@type":"Person","@id":"https:\/\/www.bellunopress.it\/#\/schema\/person\/79bb06722b37ece1c03d3e94beb30d73","name":"r\u00e9daction","image":{"@type":"ImageObject","inLanguage":"fr-FR","@id":"https:\/\/secure.gravatar.com\/avatar\/37d968a2e67a6fd04c169c4bdef102d0bc5d31b2546345219e348575eb80e9a0?s=96&d=mm&r=g","url":"https:\/\/secure.gravatar.com\/avatar\/37d968a2e67a6fd04c169c4bdef102d0bc5d31b2546345219e348575eb80e9a0?s=96&d=mm&r=g","contentUrl":"https:\/\/secure.gravatar.com\/avatar\/37d968a2e67a6fd04c169c4bdef102d0bc5d31b2546345219e348575eb80e9a0?s=96&d=mm&r=g","caption":"redazione"},"sameAs":["http:\/\/www.bellunopress.it","https:\/\/x.com\/bellunopress"],"url":"https:\/\/www.bellunopress.it\/fr\/author\/redazione\/"}]}},"_links":{"self":[{"href":"https:\/\/www.bellunopress.it\/fr\/wp-json\/wp\/v2\/posts\/171941","targetHints":{"allow":["GET"]}}],"collection":[{"href":"https:\/\/www.bellunopress.it\/fr\/wp-json\/wp\/v2\/posts"}],"about":[{"href":"https:\/\/www.bellunopress.it\/fr\/wp-json\/wp\/v2\/types\/post"}],"author":[{"embeddable":true,"href":"https:\/\/www.bellunopress.it\/fr\/wp-json\/wp\/v2\/users\/2"}],"replies":[{"embeddable":true,"href":"https:\/\/www.bellunopress.it\/fr\/wp-json\/wp\/v2\/comments?post=171941"}],"version-history":[{"count":1,"href":"https:\/\/www.bellunopress.it\/fr\/wp-json\/wp\/v2\/posts\/171941\/revisions"}],"predecessor-version":[{"id":171942,"href":"https:\/\/www.bellunopress.it\/fr\/wp-json\/wp\/v2\/posts\/171941\/revisions\/171942"}],"wp:featuredmedia":[{"embeddable":true,"href":"https:\/\/www.bellunopress.it\/fr\/wp-json\/wp\/v2\/media\/89760"}],"wp:attachment":[{"href":"https:\/\/www.bellunopress.it\/fr\/wp-json\/wp\/v2\/media?parent=171941"}],"wp:term":[{"taxonomy":"category","embeddable":true,"href":"https:\/\/www.bellunopress.it\/fr\/wp-json\/wp\/v2\/categories?post=171941"},{"taxonomy":"post_tag","embeddable":true,"href":"https:\/\/www.bellunopress.it\/fr\/wp-json\/wp\/v2\/tags?post=171941"}],"curies":[{"name":"wp","href":"https:\/\/api.w.org\/{rel}","templated":true}]}}