{"id":171939,"date":"2026-07-15T19:04:12","date_gmt":"2026-07-15T17:04:12","guid":{"rendered":"https:\/\/www.bellunopress.it\/?p=171939"},"modified":"2026-07-15T19:04:12","modified_gmt":"2026-07-15T17:04:12","slug":"al-via-il-41-trofeo-internazionale-guarnieri-meteo-favorevole-per-la-prima-giornata-di-volo-sul-monte-avena","status":"publish","type":"post","link":"https:\/\/www.bellunopress.it\/fr\/2026\/07\/15\/al-via-il-41-trofeo-internazionale-guarnieri-meteo-favorevole-per-la-prima-giornata-di-volo-sul-monte-avena\/","title":{"rendered":"Al via il 41\u00b0 Trofeo Internazionale Guarnieri: meteo favorevole per la prima giornata di volo sul Monte Avena"},"content":{"rendered":"<p><strong>Gioved\u00ec 16 luglio scatta la prima giornata di gara. Piloti pronti al decollo dalle ore 12:00 per una prova di cross-country stimata tra i 60 e i 70 km verso Sedico<\/strong><\/p>\n<p>Pedavena (Belluno), 15 luglio 2026 \u2013 Dopo la giornata odierna dedicata alle registrazioni e al Training Day di ambientamento, entra ufficialmente nel vivo il 41\u00b0 Trofeo Internazionale Guarnieri e Alpen Cup 2026. I motori del centro operativo di Boscherai a Pedavena sono pienamente avviati per accogliere i 120 piloti selezionati da tutto il mondo, pronti a darsi battaglia nei cieli del Monte Avena e delle Dolomiti Bellunesi in una delle competizioni di volo libero pi\u00f9 attese e prestigiose del panorama internazionale.<\/p>\n<p>Le previsioni meteorologiche per la prima giornata di gara, gioved\u00ec 16 luglio, annunciano condizioni decisamente buone per volare, ideali per inaugurare al meglio la manifestazione.<br \/>\n\u00abPer la giornata di domani le condizioni saranno buone e non si prevedono problemi per il volo, &#8211; spiega Pino Aiello, responsabile meteo dell&#8217;evento &#8211; solo verso sera \u00e8 atteso un peggioramento con il passaggio di precipitazioni, localizzate principalmente sul settore alpino, dalla Valbelluna verso nord. Nella notte, invece, \u00e8 previsto un transito pi\u00f9 intenso di fenomeni temporaleschi che coinvolgeranno tutti i settori. Le condizioni torneranno comunque a migliorare gi\u00e0 dalla prima mattina di venerd\u00ec, garantendo la prosecuzione ottimale del programma\u00bb.<br \/>\nSulla base di questo quadro meteorologico positivo, la direzione di gara ha gi\u00e0 delineato la tabella di marcia e la strategia per la prima prova.<\/p>\n<p>\u00abDomani avremo una meteo buona che ci permetter\u00e0 di disputare una bella prova, &#8211; dichiara il direttore di gara Fabio Loro &#8211; il briefing di sicurezza si terr\u00e0 a Boscherai alle ore 8, dopodich\u00e9 i piloti saranno portati in decollo sul Monte Avena con gli autobus messi a disposizione dall&#8217;organizzazione. La task di giornata sar\u00e0 definita nei dettagli verso le 11:00, mentre i decolli dovrebbero iniziare intorno a mezzogiorno. In base al vento e alle termiche previste, il percorso si svilupper\u00e0 indicativamente tra Feltre e Sedico, per una distanza complessiva stimata intorno ai 60 o 70 chilometri\u00bb.<\/p>\n<p>Gli atterraggi dei primi piloti sono attesi nel pomeriggio a partire dalle ore 15 nella piana verde di Boscherai, dove appassionati, visitatori e turisti potranno seguire le spettacolari fasi finali della gara da terra e usufruire dell&#8217;ospitalit\u00e0 della tradizionale &#8220;Frasca del Pilota&#8221;.<\/p>\n<p>&nbsp;<\/p>","protected":false},"excerpt":{"rendered":"<p>Gioved\u00ec 16 luglio scatta la prima giornata di gara. Piloti pronti al decollo dalle ore 12:00 per una prova di cross-country stimata tra i 60 e i 70 km verso Sedico Pedavena (Belluno), 15 luglio 2026 \u2013 Dopo la giornata odierna dedicata alle registrazioni e al Training Day di ambientamento, entra ufficialmente nel vivo il [&hellip;]<\/p>\n","protected":false},"author":2,"featured_media":161491,"comment_status":"closed","ping_status":"open","sticky":false,"template":"","format":"standard","meta":{"footnotes":""},"categories":[26,4],"tags":[],"class_list":["post-171939","post","type-post","status-publish","format-standard","has-post-thumbnail","category-prima-pagina","category-sport"],"yoast_head":"<!-- This site is optimized with the Yoast SEO plugin v28.4 - https:\/\/yoast.com\/product\/yoast-seo-wordpress\/ -->\n<title>Al via il 41\u00b0 Trofeo Internazionale Guarnieri: meteo favorevole per la prima giornata di volo sul Monte Avena - Bellunopress - Dolomiti<\/title>\n<meta name=\"robots\" content=\"index, follow, max-snippet:-1, max-image-preview:large, max-video-preview:-1\" \/>\n<link rel=\"canonical\" href=\"https:\/\/www.bellunopress.it\/fr\/2026\/07\/15\/al-via-il-41-trofeo-internazionale-guarnieri-meteo-favorevole-per-la-prima-giornata-di-volo-sul-monte-avena\/\" \/>\n<meta property=\"og:locale\" content=\"fr_FR\" \/>\n<meta property=\"og:type\" content=\"article\" \/>\n<meta property=\"og:title\" content=\"Al via il 41\u00b0 Trofeo Internazionale Guarnieri: meteo favorevole per la prima giornata di volo sul Monte Avena - Bellunopress - Dolomiti\" \/>\n<meta property=\"og:description\" content=\"Gioved\u00ec 16 luglio scatta la prima giornata di gara. Piloti pronti al decollo dalle ore 12:00 per una prova di cross-country stimata tra i 60 e i 70 km verso Sedico Pedavena (Belluno), 15 luglio 2026 \u2013 Dopo la giornata odierna dedicata alle registrazioni e al Training Day di ambientamento, entra ufficialmente nel vivo il [&hellip;]\" \/>\n<meta property=\"og:url\" content=\"https:\/\/www.bellunopress.it\/fr\/2026\/07\/15\/al-via-il-41-trofeo-internazionale-guarnieri-meteo-favorevole-per-la-prima-giornata-di-volo-sul-monte-avena\/\" \/>\n<meta property=\"og:site_name\" content=\"Bellunopress - Dolomiti\" \/>\n<meta property=\"article:publisher\" content=\"https:\/\/www.facebook.com\/profile.php?id=100008943462799\" \/>\n<meta property=\"article:published_time\" content=\"2026-07-15T17:04:12+00:00\" \/>\n<meta property=\"og:image\" content=\"https:\/\/www.bellunopress.it\/wp-content\/uploads\/2025\/07\/Parapendio-Monte-Avena-foto-Martin-Scheel.jpg\" \/>\n\t<meta property=\"og:image:width\" content=\"1000\" \/>\n\t<meta property=\"og:image:height\" content=\"563\" \/>\n\t<meta property=\"og:image:type\" content=\"image\/jpeg\" \/>\n<meta name=\"author\" content=\"redazione\" \/>\n<meta name=\"twitter:card\" content=\"summary_large_image\" \/>\n<meta name=\"twitter:creator\" content=\"@bellunopress\" \/>\n<meta name=\"twitter:site\" content=\"@bellunopress\" \/>\n<meta name=\"twitter:label1\" content=\"\u00c9crit par\" \/>\n\t<meta name=\"twitter:data1\" content=\"redazione\" \/>\n\t<meta name=\"twitter:label2\" content=\"Dur\u00e9e de lecture estim\u00e9e\" \/>\n\t<meta name=\"twitter:data2\" content=\"3 minutes\" \/>\n<script type=\"application\/ld+json\" class=\"yoast-schema-graph\">{\"@context\":\"https:\\\/\\\/schema.org\",\"@graph\":[{\"@type\":\"Article\",\"@id\":\"https:\\\/\\\/www.bellunopress.it\\\/2026\\\/07\\\/15\\\/al-via-il-41-trofeo-internazionale-guarnieri-meteo-favorevole-per-la-prima-giornata-di-volo-sul-monte-avena\\\/#article\",\"isPartOf\":{\"@id\":\"https:\\\/\\\/www.bellunopress.it\\\/2026\\\/07\\\/15\\\/al-via-il-41-trofeo-internazionale-guarnieri-meteo-favorevole-per-la-prima-giornata-di-volo-sul-monte-avena\\\/\"},\"author\":{\"name\":\"redazione\",\"@id\":\"https:\\\/\\\/www.bellunopress.it\\\/#\\\/schema\\\/person\\\/79bb06722b37ece1c03d3e94beb30d73\"},\"headline\":\"Al via il 41\u00b0 Trofeo Internazionale Guarnieri: meteo favorevole per la prima giornata di volo sul Monte Avena\",\"datePublished\":\"2026-07-15T17:04:12+00:00\",\"mainEntityOfPage\":{\"@id\":\"https:\\\/\\\/www.bellunopress.it\\\/2026\\\/07\\\/15\\\/al-via-il-41-trofeo-internazionale-guarnieri-meteo-favorevole-per-la-prima-giornata-di-volo-sul-monte-avena\\\/\"},\"wordCount\":385,\"publisher\":{\"@id\":\"https:\\\/\\\/www.bellunopress.it\\\/#organization\"},\"image\":{\"@id\":\"https:\\\/\\\/www.bellunopress.it\\\/2026\\\/07\\\/15\\\/al-via-il-41-trofeo-internazionale-guarnieri-meteo-favorevole-per-la-prima-giornata-di-volo-sul-monte-avena\\\/#primaryimage\"},\"thumbnailUrl\":\"https:\\\/\\\/www.bellunopress.it\\\/wp-content\\\/uploads\\\/2025\\\/07\\\/Parapendio-Monte-Avena-foto-Martin-Scheel.jpg\",\"articleSection\":[\"Prima Pagina\",\"Sport, tempo libero\"],\"inLanguage\":\"fr-FR\"},{\"@type\":\"WebPage\",\"@id\":\"https:\\\/\\\/www.bellunopress.it\\\/2026\\\/07\\\/15\\\/al-via-il-41-trofeo-internazionale-guarnieri-meteo-favorevole-per-la-prima-giornata-di-volo-sul-monte-avena\\\/\",\"url\":\"https:\\\/\\\/www.bellunopress.it\\\/2026\\\/07\\\/15\\\/al-via-il-41-trofeo-internazionale-guarnieri-meteo-favorevole-per-la-prima-giornata-di-volo-sul-monte-avena\\\/\",\"name\":\"Al via il 41\u00b0 Trofeo Internazionale Guarnieri: meteo favorevole per la prima giornata di volo sul Monte Avena - Bellunopress - Dolomiti\",\"isPartOf\":{\"@id\":\"https:\\\/\\\/www.bellunopress.it\\\/#website\"},\"primaryImageOfPage\":{\"@id\":\"https:\\\/\\\/www.bellunopress.it\\\/2026\\\/07\\\/15\\\/al-via-il-41-trofeo-internazionale-guarnieri-meteo-favorevole-per-la-prima-giornata-di-volo-sul-monte-avena\\\/#primaryimage\"},\"image\":{\"@id\":\"https:\\\/\\\/www.bellunopress.it\\\/2026\\\/07\\\/15\\\/al-via-il-41-trofeo-internazionale-guarnieri-meteo-favorevole-per-la-prima-giornata-di-volo-sul-monte-avena\\\/#primaryimage\"},\"thumbnailUrl\":\"https:\\\/\\\/www.bellunopress.it\\\/wp-content\\\/uploads\\\/2025\\\/07\\\/Parapendio-Monte-Avena-foto-Martin-Scheel.jpg\",\"datePublished\":\"2026-07-15T17:04:12+00:00\",\"breadcrumb\":{\"@id\":\"https:\\\/\\\/www.bellunopress.it\\\/2026\\\/07\\\/15\\\/al-via-il-41-trofeo-internazionale-guarnieri-meteo-favorevole-per-la-prima-giornata-di-volo-sul-monte-avena\\\/#breadcrumb\"},\"inLanguage\":\"fr-FR\",\"potentialAction\":[{\"@type\":\"ReadAction\",\"target\":[\"https:\\\/\\\/www.bellunopress.it\\\/2026\\\/07\\\/15\\\/al-via-il-41-trofeo-internazionale-guarnieri-meteo-favorevole-per-la-prima-giornata-di-volo-sul-monte-avena\\\/\"]}]},{\"@type\":\"ImageObject\",\"inLanguage\":\"fr-FR\",\"@id\":\"https:\\\/\\\/www.bellunopress.it\\\/2026\\\/07\\\/15\\\/al-via-il-41-trofeo-internazionale-guarnieri-meteo-favorevole-per-la-prima-giornata-di-volo-sul-monte-avena\\\/#primaryimage\",\"url\":\"https:\\\/\\\/www.bellunopress.it\\\/wp-content\\\/uploads\\\/2025\\\/07\\\/Parapendio-Monte-Avena-foto-Martin-Scheel.jpg\",\"contentUrl\":\"https:\\\/\\\/www.bellunopress.it\\\/wp-content\\\/uploads\\\/2025\\\/07\\\/Parapendio-Monte-Avena-foto-Martin-Scheel.jpg\",\"width\":1000,\"height\":563,\"caption\":\"Trofeo Internazionale Guarnieri. Monte Avena. (Foto: Martin Scheel)\"},{\"@type\":\"BreadcrumbList\",\"@id\":\"https:\\\/\\\/www.bellunopress.it\\\/2026\\\/07\\\/15\\\/al-via-il-41-trofeo-internazionale-guarnieri-meteo-favorevole-per-la-prima-giornata-di-volo-sul-monte-avena\\\/#breadcrumb\",\"itemListElement\":[{\"@type\":\"ListItem\",\"position\":1,\"name\":\"Home\",\"item\":\"https:\\\/\\\/www.bellunopress.it\\\/\"},{\"@type\":\"ListItem\",\"position\":2,\"name\":\"Al via il 41\u00b0 Trofeo Internazionale Guarnieri: meteo favorevole per la prima giornata di volo sul Monte Avena\"}]},{\"@type\":\"WebSite\",\"@id\":\"https:\\\/\\\/www.bellunopress.it\\\/#website\",\"url\":\"https:\\\/\\\/www.bellunopress.it\\\/\",\"name\":\"Bellunopress - Dolomiti\",\"description\":\"e-mail: redazione@bellunopress.it\",\"publisher\":{\"@id\":\"https:\\\/\\\/www.bellunopress.it\\\/#organization\"},\"potentialAction\":[{\"@type\":\"SearchAction\",\"target\":{\"@type\":\"EntryPoint\",\"urlTemplate\":\"https:\\\/\\\/www.bellunopress.it\\\/?s={search_term_string}\"},\"query-input\":{\"@type\":\"PropertyValueSpecification\",\"valueRequired\":true,\"valueName\":\"search_term_string\"}}],\"inLanguage\":\"fr-FR\"},{\"@type\":\"Organization\",\"@id\":\"https:\\\/\\\/www.bellunopress.it\\\/#organization\",\"name\":\"Bellunopress\",\"url\":\"https:\\\/\\\/www.bellunopress.it\\\/\",\"logo\":{\"@type\":\"ImageObject\",\"inLanguage\":\"fr-FR\",\"@id\":\"https:\\\/\\\/www.bellunopress.it\\\/#\\\/schema\\\/logo\\\/image\\\/\",\"url\":\"https:\\\/\\\/www.bellunopress.it\\\/wp-content\\\/uploads\\\/2011\\\/05\\\/cropped-logo-bellunopress-.jpg\",\"contentUrl\":\"https:\\\/\\\/www.bellunopress.it\\\/wp-content\\\/uploads\\\/2011\\\/05\\\/cropped-logo-bellunopress-.jpg\",\"width\":512,\"height\":512,\"caption\":\"Bellunopress\"},\"image\":{\"@id\":\"https:\\\/\\\/www.bellunopress.it\\\/#\\\/schema\\\/logo\\\/image\\\/\"},\"sameAs\":[\"https:\\\/\\\/www.facebook.com\\\/profile.php?id=100008943462799\",\"https:\\\/\\\/x.com\\\/bellunopress\",\"https:\\\/\\\/www.linkedin.com\\\/hp\\\/?dnr=JBzUWaJfMUw8vbXJJ2tVW5-I3jZKvC4wsoxE&amp;amp;amp;amp;amp;amp;trk=nav_responsive_tab_home\",\"https:\\\/\\\/www.youtube.com\\\/channel\\\/UCxL0wu1uN0_3_7hGG0306cw\"]},{\"@type\":\"Person\",\"@id\":\"https:\\\/\\\/www.bellunopress.it\\\/#\\\/schema\\\/person\\\/79bb06722b37ece1c03d3e94beb30d73\",\"name\":\"redazione\",\"image\":{\"@type\":\"ImageObject\",\"inLanguage\":\"fr-FR\",\"@id\":\"https:\\\/\\\/secure.gravatar.com\\\/avatar\\\/37d968a2e67a6fd04c169c4bdef102d0bc5d31b2546345219e348575eb80e9a0?s=96&d=mm&r=g\",\"url\":\"https:\\\/\\\/secure.gravatar.com\\\/avatar\\\/37d968a2e67a6fd04c169c4bdef102d0bc5d31b2546345219e348575eb80e9a0?s=96&d=mm&r=g\",\"contentUrl\":\"https:\\\/\\\/secure.gravatar.com\\\/avatar\\\/37d968a2e67a6fd04c169c4bdef102d0bc5d31b2546345219e348575eb80e9a0?s=96&d=mm&r=g\",\"caption\":\"redazione\"},\"sameAs\":[\"http:\\\/\\\/www.bellunopress.it\",\"https:\\\/\\\/x.com\\\/bellunopress\"],\"url\":\"https:\\\/\\\/www.bellunopress.it\\\/fr\\\/author\\\/redazione\\\/\"}]}<\/script>\n<!-- \/ Yoast SEO plugin. -->","yoast_head_json":{"title":"Al via il 41\u00b0 Trofeo Internazionale Guarnieri: meteo favorevole per la prima giornata di volo sul Monte Avena - Bellunopress - Dolomiti","robots":{"index":"index","follow":"follow","max-snippet":"max-snippet:-1","max-image-preview":"max-image-preview:large","max-video-preview":"max-video-preview:-1"},"canonical":"https:\/\/www.bellunopress.it\/fr\/2026\/07\/15\/al-via-il-41-trofeo-internazionale-guarnieri-meteo-favorevole-per-la-prima-giornata-di-volo-sul-monte-avena\/","og_locale":"fr_FR","og_type":"article","og_title":"Al via il 41\u00b0 Trofeo Internazionale Guarnieri: meteo favorevole per la prima giornata di volo sul Monte Avena - Bellunopress - Dolomiti","og_description":"Gioved\u00ec 16 luglio scatta la prima giornata di gara. Piloti pronti al decollo dalle ore 12:00 per una prova di cross-country stimata tra i 60 e i 70 km verso Sedico Pedavena (Belluno), 15 luglio 2026 \u2013 Dopo la giornata odierna dedicata alle registrazioni e al Training Day di ambientamento, entra ufficialmente nel vivo il [&hellip;]","og_url":"https:\/\/www.bellunopress.it\/fr\/2026\/07\/15\/al-via-il-41-trofeo-internazionale-guarnieri-meteo-favorevole-per-la-prima-giornata-di-volo-sul-monte-avena\/","og_site_name":"Bellunopress - Dolomiti","article_publisher":"https:\/\/www.facebook.com\/profile.php?id=100008943462799","article_published_time":"2026-07-15T17:04:12+00:00","og_image":[{"width":1000,"height":563,"url":"https:\/\/www.bellunopress.it\/wp-content\/uploads\/2025\/07\/Parapendio-Monte-Avena-foto-Martin-Scheel.jpg","type":"image\/jpeg"}],"author":"redazione","twitter_card":"summary_large_image","twitter_creator":"@bellunopress","twitter_site":"@bellunopress","twitter_misc":{"\u00c9crit par":"redazione","Dur\u00e9e de lecture estim\u00e9e":"3 minutes"},"schema":{"@context":"https:\/\/schema.org","@graph":[{"@type":"Article","@id":"https:\/\/www.bellunopress.it\/2026\/07\/15\/al-via-il-41-trofeo-internazionale-guarnieri-meteo-favorevole-per-la-prima-giornata-di-volo-sul-monte-avena\/#article","isPartOf":{"@id":"https:\/\/www.bellunopress.it\/2026\/07\/15\/al-via-il-41-trofeo-internazionale-guarnieri-meteo-favorevole-per-la-prima-giornata-di-volo-sul-monte-avena\/"},"author":{"name":"redazione","@id":"https:\/\/www.bellunopress.it\/#\/schema\/person\/79bb06722b37ece1c03d3e94beb30d73"},"headline":"Al via il 41\u00b0 Trofeo Internazionale Guarnieri: meteo favorevole per la prima giornata di volo sul Monte Avena","datePublished":"2026-07-15T17:04:12+00:00","mainEntityOfPage":{"@id":"https:\/\/www.bellunopress.it\/2026\/07\/15\/al-via-il-41-trofeo-internazionale-guarnieri-meteo-favorevole-per-la-prima-giornata-di-volo-sul-monte-avena\/"},"wordCount":385,"publisher":{"@id":"https:\/\/www.bellunopress.it\/#organization"},"image":{"@id":"https:\/\/www.bellunopress.it\/2026\/07\/15\/al-via-il-41-trofeo-internazionale-guarnieri-meteo-favorevole-per-la-prima-giornata-di-volo-sul-monte-avena\/#primaryimage"},"thumbnailUrl":"https:\/\/www.bellunopress.it\/wp-content\/uploads\/2025\/07\/Parapendio-Monte-Avena-foto-Martin-Scheel.jpg","articleSection":["Prima Pagina","Sport, tempo libero"],"inLanguage":"fr-FR"},{"@type":"WebPage","@id":"https:\/\/www.bellunopress.it\/2026\/07\/15\/al-via-il-41-trofeo-internazionale-guarnieri-meteo-favorevole-per-la-prima-giornata-di-volo-sul-monte-avena\/","url":"https:\/\/www.bellunopress.it\/2026\/07\/15\/al-via-il-41-trofeo-internazionale-guarnieri-meteo-favorevole-per-la-prima-giornata-di-volo-sul-monte-avena\/","name":"Al via il 41\u00b0 Trofeo Internazionale Guarnieri: meteo favorevole per la prima giornata di volo sul Monte Avena - Bellunopress - Dolomiti","isPartOf":{"@id":"https:\/\/www.bellunopress.it\/#website"},"primaryImageOfPage":{"@id":"https:\/\/www.bellunopress.it\/2026\/07\/15\/al-via-il-41-trofeo-internazionale-guarnieri-meteo-favorevole-per-la-prima-giornata-di-volo-sul-monte-avena\/#primaryimage"},"image":{"@id":"https:\/\/www.bellunopress.it\/2026\/07\/15\/al-via-il-41-trofeo-internazionale-guarnieri-meteo-favorevole-per-la-prima-giornata-di-volo-sul-monte-avena\/#primaryimage"},"thumbnailUrl":"https:\/\/www.bellunopress.it\/wp-content\/uploads\/2025\/07\/Parapendio-Monte-Avena-foto-Martin-Scheel.jpg","datePublished":"2026-07-15T17:04:12+00:00","breadcrumb":{"@id":"https:\/\/www.bellunopress.it\/2026\/07\/15\/al-via-il-41-trofeo-internazionale-guarnieri-meteo-favorevole-per-la-prima-giornata-di-volo-sul-monte-avena\/#breadcrumb"},"inLanguage":"fr-FR","potentialAction":[{"@type":"ReadAction","target":["https:\/\/www.bellunopress.it\/2026\/07\/15\/al-via-il-41-trofeo-internazionale-guarnieri-meteo-favorevole-per-la-prima-giornata-di-volo-sul-monte-avena\/"]}]},{"@type":"ImageObject","inLanguage":"fr-FR","@id":"https:\/\/www.bellunopress.it\/2026\/07\/15\/al-via-il-41-trofeo-internazionale-guarnieri-meteo-favorevole-per-la-prima-giornata-di-volo-sul-monte-avena\/#primaryimage","url":"https:\/\/www.bellunopress.it\/wp-content\/uploads\/2025\/07\/Parapendio-Monte-Avena-foto-Martin-Scheel.jpg","contentUrl":"https:\/\/www.bellunopress.it\/wp-content\/uploads\/2025\/07\/Parapendio-Monte-Avena-foto-Martin-Scheel.jpg","width":1000,"height":563,"caption":"Trofeo Internazionale Guarnieri. Monte Avena. (Foto: Martin Scheel)"},{"@type":"BreadcrumbList","@id":"https:\/\/www.bellunopress.it\/2026\/07\/15\/al-via-il-41-trofeo-internazionale-guarnieri-meteo-favorevole-per-la-prima-giornata-di-volo-sul-monte-avena\/#breadcrumb","itemListElement":[{"@type":"ListItem","position":1,"name":"Home","item":"https:\/\/www.bellunopress.it\/"},{"@type":"ListItem","position":2,"name":"Al via il 41\u00b0 Trofeo Internazionale Guarnieri: meteo favorevole per la prima giornata di volo sul Monte Avena"}]},{"@type":"WebSite","@id":"https:\/\/www.bellunopress.it\/#website","url":"https:\/\/www.bellunopress.it\/","name":"Bellunopress - Dolomiti","description":"e-mail: redazione@bellunopress.it","publisher":{"@id":"https:\/\/www.bellunopress.it\/#organization"},"potentialAction":[{"@type":"SearchAction","target":{"@type":"EntryPoint","urlTemplate":"https:\/\/www.bellunopress.it\/?s={search_term_string}"},"query-input":{"@type":"PropertyValueSpecification","valueRequired":true,"valueName":"search_term_string"}}],"inLanguage":"fr-FR"},{"@type":"Organization","@id":"https:\/\/www.bellunopress.it\/#organization","name":"Bellunopress","url":"https:\/\/www.bellunopress.it\/","logo":{"@type":"ImageObject","inLanguage":"fr-FR","@id":"https:\/\/www.bellunopress.it\/#\/schema\/logo\/image\/","url":"https:\/\/www.bellunopress.it\/wp-content\/uploads\/2011\/05\/cropped-logo-bellunopress-.jpg","contentUrl":"https:\/\/www.bellunopress.it\/wp-content\/uploads\/2011\/05\/cropped-logo-bellunopress-.jpg","width":512,"height":512,"caption":"Bellunopress"},"image":{"@id":"https:\/\/www.bellunopress.it\/#\/schema\/logo\/image\/"},"sameAs":["https:\/\/www.facebook.com\/profile.php?id=100008943462799","https:\/\/x.com\/bellunopress","https:\/\/www.linkedin.com\/hp\/?dnr=JBzUWaJfMUw8vbXJJ2tVW5-I3jZKvC4wsoxE&amp;amp;amp;amp;amp;amp;trk=nav_responsive_tab_home","https:\/\/www.youtube.com\/channel\/UCxL0wu1uN0_3_7hGG0306cw"]},{"@type":"Person","@id":"https:\/\/www.bellunopress.it\/#\/schema\/person\/79bb06722b37ece1c03d3e94beb30d73","name":"r\u00e9daction","image":{"@type":"ImageObject","inLanguage":"fr-FR","@id":"https:\/\/secure.gravatar.com\/avatar\/37d968a2e67a6fd04c169c4bdef102d0bc5d31b2546345219e348575eb80e9a0?s=96&d=mm&r=g","url":"https:\/\/secure.gravatar.com\/avatar\/37d968a2e67a6fd04c169c4bdef102d0bc5d31b2546345219e348575eb80e9a0?s=96&d=mm&r=g","contentUrl":"https:\/\/secure.gravatar.com\/avatar\/37d968a2e67a6fd04c169c4bdef102d0bc5d31b2546345219e348575eb80e9a0?s=96&d=mm&r=g","caption":"redazione"},"sameAs":["http:\/\/www.bellunopress.it","https:\/\/x.com\/bellunopress"],"url":"https:\/\/www.bellunopress.it\/fr\/author\/redazione\/"}]}},"_links":{"self":[{"href":"https:\/\/www.bellunopress.it\/fr\/wp-json\/wp\/v2\/posts\/171939","targetHints":{"allow":["GET"]}}],"collection":[{"href":"https:\/\/www.bellunopress.it\/fr\/wp-json\/wp\/v2\/posts"}],"about":[{"href":"https:\/\/www.bellunopress.it\/fr\/wp-json\/wp\/v2\/types\/post"}],"author":[{"embeddable":true,"href":"https:\/\/www.bellunopress.it\/fr\/wp-json\/wp\/v2\/users\/2"}],"replies":[{"embeddable":true,"href":"https:\/\/www.bellunopress.it\/fr\/wp-json\/wp\/v2\/comments?post=171939"}],"version-history":[{"count":1,"href":"https:\/\/www.bellunopress.it\/fr\/wp-json\/wp\/v2\/posts\/171939\/revisions"}],"predecessor-version":[{"id":171940,"href":"https:\/\/www.bellunopress.it\/fr\/wp-json\/wp\/v2\/posts\/171939\/revisions\/171940"}],"wp:featuredmedia":[{"embeddable":true,"href":"https:\/\/www.bellunopress.it\/fr\/wp-json\/wp\/v2\/media\/161491"}],"wp:attachment":[{"href":"https:\/\/www.bellunopress.it\/fr\/wp-json\/wp\/v2\/media?parent=171939"}],"wp:term":[{"taxonomy":"category","embeddable":true,"href":"https:\/\/www.bellunopress.it\/fr\/wp-json\/wp\/v2\/categories?post=171939"},{"taxonomy":"post_tag","embeddable":true,"href":"https:\/\/www.bellunopress.it\/fr\/wp-json\/wp\/v2\/tags?post=171939"}],"curies":[{"name":"wp","href":"https:\/\/api.w.org\/{rel}","templated":true}]}}