{"id":171936,"date":"2026-07-15T15:23:51","date_gmt":"2026-07-15T13:23:51","guid":{"rendered":"https:\/\/www.bellunopress.it\/?p=171936"},"modified":"2026-07-15T15:23:51","modified_gmt":"2026-07-15T13:23:51","slug":"alleghe-celebra-la-civetta-giovedi-sera-manrico-dellagnola-inaugura-la-rassegna-la-montagna-nel-cuore","status":"publish","type":"post","link":"https:\/\/www.bellunopress.it\/fr\/2026\/07\/15\/alleghe-celebra-la-civetta-giovedi-sera-manrico-dellagnola-inaugura-la-rassegna-la-montagna-nel-cuore\/","title":{"rendered":"Alleghe celebra la Civetta: Gioved\u00ec sera Manrico Dell\u2019Agnola inaugura la rassegna \u201cLa Montagna nel Cuore\u201d"},"content":{"rendered":"<p data-path-to-node=\"1\">Alleghe\u00a0\u2013 Il legame profondo tra la comunit\u00e0 locale e la sua montagna simbolo, la Civetta, si rinnova in un appuntamento di grande prestigio. Gioved\u00ec 16 luglio, alle ore 21:00, la Sala Stoppani di Alleghe ospiter\u00e0 il primo atto di &#8220;La Montagna nel Cuore&#8221;, l\u2019attesa rassegna di conferenze dedicata alle vette che definiscono l&#8217;identit\u00e0 del territorio.<\/p>\n<p data-path-to-node=\"2\">A dare il via a questo ricco cartellone di incontri sar\u00e0 Manrico Dell\u2019Agnola, alpinista, fotografo di fama internazionale e profondo conoscitore delle Dolomiti, che presenter\u00e0 al pubblico la sua ultima fatica editoriale: <i data-path-to-node=\"2\" data-index-in-node=\"221\">Civetta. Versante Sud. Cantoni di Pelsa cresta ovest, cantoni della Busazza cresta est<\/i> (Edizioni Versante Sud).<\/p>\n<p data-path-to-node=\"4\">L\u2019opera di Dell\u2019Agnola si propone come un volume imprescindibile per ogni appassionato, superando la tradizionale concezione di guida alpinistica. Il libro si configura come un affascinante mosaico che intreccia descrizioni tecniche puntuali \u2013 fondamentali per chi intende misurarsi con le linee di salita dei Cantoni di Pelsa \u2013 con preziosi approfondimenti geologici, memorie storiche e i racconti inediti dei protagonisti che, nel tempo, hanno sfidato queste pareti leggendarie.<\/p>\n<p data-path-to-node=\"6\">Per Dell\u2019Agnola, scalare sui Cantoni \u00e8 un\u2019esperienza che trascende la pura prestazione sportiva. <i data-path-to-node=\"6\" data-index-in-node=\"97\"><span class=\"citation-21 citation-end-21\">&#8220;Significa sole, accessi relativamente brevi, mente libera da problemi come discese problematiche o cambiamenti climatici, arrampicata libera su roccia buona con protezioni quasi sempre naturali, vita sregolata fra l&#8217;una<\/span> e l&#8217;altra salita&#8221;<\/i>, racconta l&#8217;autore, sintetizzando lo spirito libero e avventuroso che caratterizza queste salite.<\/p>\n<p data-path-to-node=\"7\">Il volume analizza la complessit\u00e0 del massiccio della Civetta, descritto dall&#8217;autore come un &#8220;immenso artiglio&#8221;. L&#8217;attenzione si focalizza in particolare sul versante meridionale, caratterizzato da strutture di quota inferiore ma di straordinaria verticalit\u00e0, dove svettano capolavori naturali come i settecento metri della Torre Trieste o gli iconici millecento metri dello spigolo della Busazza.<\/p>\n<p data-path-to-node=\"9\">La serata non sar\u00e0 solo una presentazione editoriale, ma un vero e proprio viaggio visivo. La narrazione di Dell\u2019Agnola sar\u00e0 accompagnata dalla proiezione delle sue immagini spettacolari, che lo hanno consacrato come uno dei fotografi di montagna pi\u00f9 apprezzati a livello internazionale.<\/p>\n<p data-path-to-node=\"10\">L\u2019appuntamento \u00e8 dunque per gioved\u00ec 16, ore 21:00, presso la Sala Stoppani di Alleghe. Un\u2019occasione unica per immergersi nelle storie e nelle rocce del &#8220;Regno della Civetta&#8221; attraverso lo sguardo di chi queste pareti le ha vissute, studiate e immortalate.<img loading=\"lazy\" decoding=\"async\" class=\"aligncenter size-full wp-image-171937\" src=\"https:\/\/www.bellunopress.it\/wp-content\/uploads\/2026\/07\/la-montagna-nel-cuore.jpeg\" alt=\"\" width=\"353\" height=\"500\" srcset=\"https:\/\/www.bellunopress.it\/wp-content\/uploads\/2026\/07\/la-montagna-nel-cuore.jpeg 353w, https:\/\/www.bellunopress.it\/wp-content\/uploads\/2026\/07\/la-montagna-nel-cuore-297x420.jpeg 297w, https:\/\/www.bellunopress.it\/wp-content\/uploads\/2026\/07\/la-montagna-nel-cuore-150x212.jpeg 150w, https:\/\/www.bellunopress.it\/wp-content\/uploads\/2026\/07\/la-montagna-nel-cuore-300x425.jpeg 300w\" sizes=\"auto, (max-width: 353px) 100vw, 353px\" \/><\/p>","protected":false},"excerpt":{"rendered":"<p>Alleghe\u00a0\u2013 Il legame profondo tra la comunit\u00e0 locale e la sua montagna simbolo, la Civetta, si rinnova in un appuntamento di grande prestigio. Gioved\u00ec 16 luglio, alle ore 21:00, la Sala Stoppani di Alleghe ospiter\u00e0 il primo atto di &#8220;La Montagna nel Cuore&#8221;, l\u2019attesa rassegna di conferenze dedicata alle vette che definiscono l&#8217;identit\u00e0 del territorio. [&hellip;]<\/p>\n","protected":false},"author":2,"featured_media":151767,"comment_status":"closed","ping_status":"open","sticky":false,"template":"","format":"standard","meta":{"footnotes":""},"categories":[27,3,25],"tags":[],"class_list":["post-171936","post","type-post","status-publish","format-standard","has-post-thumbnail","category-appuntamenti","category-arte-cultura-spettacoli-scienza-archivi","category-pausa-caffe"],"yoast_head":"<!-- This site is optimized with the Yoast SEO plugin v28.4 - https:\/\/yoast.com\/product\/yoast-seo-wordpress\/ -->\n<title>Alleghe celebra la Civetta: Gioved\u00ec sera Manrico Dell\u2019Agnola inaugura la rassegna \u201cLa Montagna nel Cuore\u201d - Bellunopress - Dolomiti<\/title>\n<meta name=\"robots\" content=\"index, follow, max-snippet:-1, max-image-preview:large, max-video-preview:-1\" \/>\n<link rel=\"canonical\" href=\"https:\/\/www.bellunopress.it\/fr\/2026\/07\/15\/alleghe-celebra-la-civetta-giovedi-sera-manrico-dellagnola-inaugura-la-rassegna-la-montagna-nel-cuore\/\" \/>\n<meta property=\"og:locale\" content=\"fr_FR\" \/>\n<meta property=\"og:type\" content=\"article\" \/>\n<meta property=\"og:title\" content=\"Alleghe celebra la Civetta: Gioved\u00ec sera Manrico Dell\u2019Agnola inaugura la rassegna \u201cLa Montagna nel Cuore\u201d - Bellunopress - Dolomiti\" \/>\n<meta property=\"og:description\" content=\"Alleghe\u00a0\u2013 Il legame profondo tra la comunit\u00e0 locale e la sua montagna simbolo, la Civetta, si rinnova in un appuntamento di grande prestigio. Gioved\u00ec 16 luglio, alle ore 21:00, la Sala Stoppani di Alleghe ospiter\u00e0 il primo atto di &#8220;La Montagna nel Cuore&#8221;, l\u2019attesa rassegna di conferenze dedicata alle vette che definiscono l&#8217;identit\u00e0 del territorio. [&hellip;]\" \/>\n<meta property=\"og:url\" content=\"https:\/\/www.bellunopress.it\/fr\/2026\/07\/15\/alleghe-celebra-la-civetta-giovedi-sera-manrico-dellagnola-inaugura-la-rassegna-la-montagna-nel-cuore\/\" \/>\n<meta property=\"og:site_name\" content=\"Bellunopress - Dolomiti\" \/>\n<meta property=\"article:publisher\" content=\"https:\/\/www.facebook.com\/profile.php?id=100008943462799\" \/>\n<meta property=\"article:published_time\" content=\"2026-07-15T13:23:51+00:00\" \/>\n<meta property=\"og:image\" content=\"https:\/\/www.bellunopress.it\/wp-content\/uploads\/2024\/06\/Manrico-DellAgnola-regista-del-film-Donnafugata_edited.jpg\" \/>\n\t<meta property=\"og:image:width\" content=\"1000\" \/>\n\t<meta property=\"og:image:height\" content=\"633\" \/>\n\t<meta property=\"og:image:type\" content=\"image\/jpeg\" \/>\n<meta name=\"author\" content=\"redazione\" \/>\n<meta name=\"twitter:card\" content=\"summary_large_image\" \/>\n<meta name=\"twitter:creator\" content=\"@bellunopress\" \/>\n<meta name=\"twitter:site\" content=\"@bellunopress\" \/>\n<meta name=\"twitter:label1\" content=\"\u00c9crit par\" \/>\n\t<meta name=\"twitter:data1\" content=\"redazione\" \/>\n\t<meta name=\"twitter:label2\" content=\"Dur\u00e9e de lecture estim\u00e9e\" \/>\n\t<meta name=\"twitter:data2\" content=\"3 minutes\" \/>\n<script type=\"application\/ld+json\" class=\"yoast-schema-graph\">{\"@context\":\"https:\\\/\\\/schema.org\",\"@graph\":[{\"@type\":\"Article\",\"@id\":\"https:\\\/\\\/www.bellunopress.it\\\/2026\\\/07\\\/15\\\/alleghe-celebra-la-civetta-giovedi-sera-manrico-dellagnola-inaugura-la-rassegna-la-montagna-nel-cuore\\\/#article\",\"isPartOf\":{\"@id\":\"https:\\\/\\\/www.bellunopress.it\\\/2026\\\/07\\\/15\\\/alleghe-celebra-la-civetta-giovedi-sera-manrico-dellagnola-inaugura-la-rassegna-la-montagna-nel-cuore\\\/\"},\"author\":{\"name\":\"redazione\",\"@id\":\"https:\\\/\\\/www.bellunopress.it\\\/#\\\/schema\\\/person\\\/79bb06722b37ece1c03d3e94beb30d73\"},\"headline\":\"Alleghe celebra la Civetta: Gioved\u00ec sera Manrico Dell\u2019Agnola inaugura la rassegna \u201cLa Montagna nel Cuore\u201d\",\"datePublished\":\"2026-07-15T13:23:51+00:00\",\"mainEntityOfPage\":{\"@id\":\"https:\\\/\\\/www.bellunopress.it\\\/2026\\\/07\\\/15\\\/alleghe-celebra-la-civetta-giovedi-sera-manrico-dellagnola-inaugura-la-rassegna-la-montagna-nel-cuore\\\/\"},\"wordCount\":386,\"publisher\":{\"@id\":\"https:\\\/\\\/www.bellunopress.it\\\/#organization\"},\"image\":{\"@id\":\"https:\\\/\\\/www.bellunopress.it\\\/2026\\\/07\\\/15\\\/alleghe-celebra-la-civetta-giovedi-sera-manrico-dellagnola-inaugura-la-rassegna-la-montagna-nel-cuore\\\/#primaryimage\"},\"thumbnailUrl\":\"https:\\\/\\\/www.bellunopress.it\\\/wp-content\\\/uploads\\\/2024\\\/06\\\/Manrico-DellAgnola-regista-del-film-Donnafugata_edited.jpg\",\"articleSection\":[\"Appuntamenti, Eventi\",\"Arte, Cultura, Spettacoli, Scienza\",\"Pausa Caff\u00e8\"],\"inLanguage\":\"fr-FR\"},{\"@type\":\"WebPage\",\"@id\":\"https:\\\/\\\/www.bellunopress.it\\\/2026\\\/07\\\/15\\\/alleghe-celebra-la-civetta-giovedi-sera-manrico-dellagnola-inaugura-la-rassegna-la-montagna-nel-cuore\\\/\",\"url\":\"https:\\\/\\\/www.bellunopress.it\\\/2026\\\/07\\\/15\\\/alleghe-celebra-la-civetta-giovedi-sera-manrico-dellagnola-inaugura-la-rassegna-la-montagna-nel-cuore\\\/\",\"name\":\"Alleghe celebra la Civetta: Gioved\u00ec sera Manrico Dell\u2019Agnola inaugura la rassegna \u201cLa Montagna nel Cuore\u201d - Bellunopress - Dolomiti\",\"isPartOf\":{\"@id\":\"https:\\\/\\\/www.bellunopress.it\\\/#website\"},\"primaryImageOfPage\":{\"@id\":\"https:\\\/\\\/www.bellunopress.it\\\/2026\\\/07\\\/15\\\/alleghe-celebra-la-civetta-giovedi-sera-manrico-dellagnola-inaugura-la-rassegna-la-montagna-nel-cuore\\\/#primaryimage\"},\"image\":{\"@id\":\"https:\\\/\\\/www.bellunopress.it\\\/2026\\\/07\\\/15\\\/alleghe-celebra-la-civetta-giovedi-sera-manrico-dellagnola-inaugura-la-rassegna-la-montagna-nel-cuore\\\/#primaryimage\"},\"thumbnailUrl\":\"https:\\\/\\\/www.bellunopress.it\\\/wp-content\\\/uploads\\\/2024\\\/06\\\/Manrico-DellAgnola-regista-del-film-Donnafugata_edited.jpg\",\"datePublished\":\"2026-07-15T13:23:51+00:00\",\"breadcrumb\":{\"@id\":\"https:\\\/\\\/www.bellunopress.it\\\/2026\\\/07\\\/15\\\/alleghe-celebra-la-civetta-giovedi-sera-manrico-dellagnola-inaugura-la-rassegna-la-montagna-nel-cuore\\\/#breadcrumb\"},\"inLanguage\":\"fr-FR\",\"potentialAction\":[{\"@type\":\"ReadAction\",\"target\":[\"https:\\\/\\\/www.bellunopress.it\\\/2026\\\/07\\\/15\\\/alleghe-celebra-la-civetta-giovedi-sera-manrico-dellagnola-inaugura-la-rassegna-la-montagna-nel-cuore\\\/\"]}]},{\"@type\":\"ImageObject\",\"inLanguage\":\"fr-FR\",\"@id\":\"https:\\\/\\\/www.bellunopress.it\\\/2026\\\/07\\\/15\\\/alleghe-celebra-la-civetta-giovedi-sera-manrico-dellagnola-inaugura-la-rassegna-la-montagna-nel-cuore\\\/#primaryimage\",\"url\":\"https:\\\/\\\/www.bellunopress.it\\\/wp-content\\\/uploads\\\/2024\\\/06\\\/Manrico-DellAgnola-regista-del-film-Donnafugata_edited.jpg\",\"contentUrl\":\"https:\\\/\\\/www.bellunopress.it\\\/wp-content\\\/uploads\\\/2024\\\/06\\\/Manrico-DellAgnola-regista-del-film-Donnafugata_edited.jpg\",\"width\":1000,\"height\":633,\"caption\":\"Manrico Dell'Agnola, regista\"},{\"@type\":\"BreadcrumbList\",\"@id\":\"https:\\\/\\\/www.bellunopress.it\\\/2026\\\/07\\\/15\\\/alleghe-celebra-la-civetta-giovedi-sera-manrico-dellagnola-inaugura-la-rassegna-la-montagna-nel-cuore\\\/#breadcrumb\",\"itemListElement\":[{\"@type\":\"ListItem\",\"position\":1,\"name\":\"Home\",\"item\":\"https:\\\/\\\/www.bellunopress.it\\\/\"},{\"@type\":\"ListItem\",\"position\":2,\"name\":\"Alleghe celebra la Civetta: Gioved\u00ec sera Manrico Dell\u2019Agnola inaugura la rassegna \u201cLa Montagna nel Cuore\u201d\"}]},{\"@type\":\"WebSite\",\"@id\":\"https:\\\/\\\/www.bellunopress.it\\\/#website\",\"url\":\"https:\\\/\\\/www.bellunopress.it\\\/\",\"name\":\"Bellunopress - Dolomiti\",\"description\":\"e-mail: redazione@bellunopress.it\",\"publisher\":{\"@id\":\"https:\\\/\\\/www.bellunopress.it\\\/#organization\"},\"potentialAction\":[{\"@type\":\"SearchAction\",\"target\":{\"@type\":\"EntryPoint\",\"urlTemplate\":\"https:\\\/\\\/www.bellunopress.it\\\/?s={search_term_string}\"},\"query-input\":{\"@type\":\"PropertyValueSpecification\",\"valueRequired\":true,\"valueName\":\"search_term_string\"}}],\"inLanguage\":\"fr-FR\"},{\"@type\":\"Organization\",\"@id\":\"https:\\\/\\\/www.bellunopress.it\\\/#organization\",\"name\":\"Bellunopress\",\"url\":\"https:\\\/\\\/www.bellunopress.it\\\/\",\"logo\":{\"@type\":\"ImageObject\",\"inLanguage\":\"fr-FR\",\"@id\":\"https:\\\/\\\/www.bellunopress.it\\\/#\\\/schema\\\/logo\\\/image\\\/\",\"url\":\"https:\\\/\\\/www.bellunopress.it\\\/wp-content\\\/uploads\\\/2011\\\/05\\\/cropped-logo-bellunopress-.jpg\",\"contentUrl\":\"https:\\\/\\\/www.bellunopress.it\\\/wp-content\\\/uploads\\\/2011\\\/05\\\/cropped-logo-bellunopress-.jpg\",\"width\":512,\"height\":512,\"caption\":\"Bellunopress\"},\"image\":{\"@id\":\"https:\\\/\\\/www.bellunopress.it\\\/#\\\/schema\\\/logo\\\/image\\\/\"},\"sameAs\":[\"https:\\\/\\\/www.facebook.com\\\/profile.php?id=100008943462799\",\"https:\\\/\\\/x.com\\\/bellunopress\",\"https:\\\/\\\/www.linkedin.com\\\/hp\\\/?dnr=JBzUWaJfMUw8vbXJJ2tVW5-I3jZKvC4wsoxE&amp;amp;amp;amp;amp;amp;trk=nav_responsive_tab_home\",\"https:\\\/\\\/www.youtube.com\\\/channel\\\/UCxL0wu1uN0_3_7hGG0306cw\"]},{\"@type\":\"Person\",\"@id\":\"https:\\\/\\\/www.bellunopress.it\\\/#\\\/schema\\\/person\\\/79bb06722b37ece1c03d3e94beb30d73\",\"name\":\"redazione\",\"image\":{\"@type\":\"ImageObject\",\"inLanguage\":\"fr-FR\",\"@id\":\"https:\\\/\\\/secure.gravatar.com\\\/avatar\\\/37d968a2e67a6fd04c169c4bdef102d0bc5d31b2546345219e348575eb80e9a0?s=96&d=mm&r=g\",\"url\":\"https:\\\/\\\/secure.gravatar.com\\\/avatar\\\/37d968a2e67a6fd04c169c4bdef102d0bc5d31b2546345219e348575eb80e9a0?s=96&d=mm&r=g\",\"contentUrl\":\"https:\\\/\\\/secure.gravatar.com\\\/avatar\\\/37d968a2e67a6fd04c169c4bdef102d0bc5d31b2546345219e348575eb80e9a0?s=96&d=mm&r=g\",\"caption\":\"redazione\"},\"sameAs\":[\"http:\\\/\\\/www.bellunopress.it\",\"https:\\\/\\\/x.com\\\/bellunopress\"],\"url\":\"https:\\\/\\\/www.bellunopress.it\\\/fr\\\/author\\\/redazione\\\/\"}]}<\/script>\n<!-- \/ Yoast SEO plugin. -->","yoast_head_json":{"title":"Alleghe celebra la Civetta: Gioved\u00ec sera Manrico Dell\u2019Agnola inaugura la rassegna \u201cLa Montagna nel Cuore\u201d - Bellunopress - Dolomiti","robots":{"index":"index","follow":"follow","max-snippet":"max-snippet:-1","max-image-preview":"max-image-preview:large","max-video-preview":"max-video-preview:-1"},"canonical":"https:\/\/www.bellunopress.it\/fr\/2026\/07\/15\/alleghe-celebra-la-civetta-giovedi-sera-manrico-dellagnola-inaugura-la-rassegna-la-montagna-nel-cuore\/","og_locale":"fr_FR","og_type":"article","og_title":"Alleghe celebra la Civetta: Gioved\u00ec sera Manrico Dell\u2019Agnola inaugura la rassegna \u201cLa Montagna nel Cuore\u201d - Bellunopress - Dolomiti","og_description":"Alleghe\u00a0\u2013 Il legame profondo tra la comunit\u00e0 locale e la sua montagna simbolo, la Civetta, si rinnova in un appuntamento di grande prestigio. Gioved\u00ec 16 luglio, alle ore 21:00, la Sala Stoppani di Alleghe ospiter\u00e0 il primo atto di &#8220;La Montagna nel Cuore&#8221;, l\u2019attesa rassegna di conferenze dedicata alle vette che definiscono l&#8217;identit\u00e0 del territorio. [&hellip;]","og_url":"https:\/\/www.bellunopress.it\/fr\/2026\/07\/15\/alleghe-celebra-la-civetta-giovedi-sera-manrico-dellagnola-inaugura-la-rassegna-la-montagna-nel-cuore\/","og_site_name":"Bellunopress - Dolomiti","article_publisher":"https:\/\/www.facebook.com\/profile.php?id=100008943462799","article_published_time":"2026-07-15T13:23:51+00:00","og_image":[{"width":1000,"height":633,"url":"https:\/\/www.bellunopress.it\/wp-content\/uploads\/2024\/06\/Manrico-DellAgnola-regista-del-film-Donnafugata_edited.jpg","type":"image\/jpeg"}],"author":"redazione","twitter_card":"summary_large_image","twitter_creator":"@bellunopress","twitter_site":"@bellunopress","twitter_misc":{"\u00c9crit par":"redazione","Dur\u00e9e de lecture estim\u00e9e":"3 minutes"},"schema":{"@context":"https:\/\/schema.org","@graph":[{"@type":"Article","@id":"https:\/\/www.bellunopress.it\/2026\/07\/15\/alleghe-celebra-la-civetta-giovedi-sera-manrico-dellagnola-inaugura-la-rassegna-la-montagna-nel-cuore\/#article","isPartOf":{"@id":"https:\/\/www.bellunopress.it\/2026\/07\/15\/alleghe-celebra-la-civetta-giovedi-sera-manrico-dellagnola-inaugura-la-rassegna-la-montagna-nel-cuore\/"},"author":{"name":"redazione","@id":"https:\/\/www.bellunopress.it\/#\/schema\/person\/79bb06722b37ece1c03d3e94beb30d73"},"headline":"Alleghe celebra la Civetta: Gioved\u00ec sera Manrico Dell\u2019Agnola inaugura la rassegna \u201cLa Montagna nel Cuore\u201d","datePublished":"2026-07-15T13:23:51+00:00","mainEntityOfPage":{"@id":"https:\/\/www.bellunopress.it\/2026\/07\/15\/alleghe-celebra-la-civetta-giovedi-sera-manrico-dellagnola-inaugura-la-rassegna-la-montagna-nel-cuore\/"},"wordCount":386,"publisher":{"@id":"https:\/\/www.bellunopress.it\/#organization"},"image":{"@id":"https:\/\/www.bellunopress.it\/2026\/07\/15\/alleghe-celebra-la-civetta-giovedi-sera-manrico-dellagnola-inaugura-la-rassegna-la-montagna-nel-cuore\/#primaryimage"},"thumbnailUrl":"https:\/\/www.bellunopress.it\/wp-content\/uploads\/2024\/06\/Manrico-DellAgnola-regista-del-film-Donnafugata_edited.jpg","articleSection":["Appuntamenti, Eventi","Arte, Cultura, Spettacoli, Scienza","Pausa Caff\u00e8"],"inLanguage":"fr-FR"},{"@type":"WebPage","@id":"https:\/\/www.bellunopress.it\/2026\/07\/15\/alleghe-celebra-la-civetta-giovedi-sera-manrico-dellagnola-inaugura-la-rassegna-la-montagna-nel-cuore\/","url":"https:\/\/www.bellunopress.it\/2026\/07\/15\/alleghe-celebra-la-civetta-giovedi-sera-manrico-dellagnola-inaugura-la-rassegna-la-montagna-nel-cuore\/","name":"Alleghe celebra la Civetta: Gioved\u00ec sera Manrico Dell\u2019Agnola inaugura la rassegna \u201cLa Montagna nel Cuore\u201d - Bellunopress - Dolomiti","isPartOf":{"@id":"https:\/\/www.bellunopress.it\/#website"},"primaryImageOfPage":{"@id":"https:\/\/www.bellunopress.it\/2026\/07\/15\/alleghe-celebra-la-civetta-giovedi-sera-manrico-dellagnola-inaugura-la-rassegna-la-montagna-nel-cuore\/#primaryimage"},"image":{"@id":"https:\/\/www.bellunopress.it\/2026\/07\/15\/alleghe-celebra-la-civetta-giovedi-sera-manrico-dellagnola-inaugura-la-rassegna-la-montagna-nel-cuore\/#primaryimage"},"thumbnailUrl":"https:\/\/www.bellunopress.it\/wp-content\/uploads\/2024\/06\/Manrico-DellAgnola-regista-del-film-Donnafugata_edited.jpg","datePublished":"2026-07-15T13:23:51+00:00","breadcrumb":{"@id":"https:\/\/www.bellunopress.it\/2026\/07\/15\/alleghe-celebra-la-civetta-giovedi-sera-manrico-dellagnola-inaugura-la-rassegna-la-montagna-nel-cuore\/#breadcrumb"},"inLanguage":"fr-FR","potentialAction":[{"@type":"ReadAction","target":["https:\/\/www.bellunopress.it\/2026\/07\/15\/alleghe-celebra-la-civetta-giovedi-sera-manrico-dellagnola-inaugura-la-rassegna-la-montagna-nel-cuore\/"]}]},{"@type":"ImageObject","inLanguage":"fr-FR","@id":"https:\/\/www.bellunopress.it\/2026\/07\/15\/alleghe-celebra-la-civetta-giovedi-sera-manrico-dellagnola-inaugura-la-rassegna-la-montagna-nel-cuore\/#primaryimage","url":"https:\/\/www.bellunopress.it\/wp-content\/uploads\/2024\/06\/Manrico-DellAgnola-regista-del-film-Donnafugata_edited.jpg","contentUrl":"https:\/\/www.bellunopress.it\/wp-content\/uploads\/2024\/06\/Manrico-DellAgnola-regista-del-film-Donnafugata_edited.jpg","width":1000,"height":633,"caption":"Manrico Dell'Agnola, regista"},{"@type":"BreadcrumbList","@id":"https:\/\/www.bellunopress.it\/2026\/07\/15\/alleghe-celebra-la-civetta-giovedi-sera-manrico-dellagnola-inaugura-la-rassegna-la-montagna-nel-cuore\/#breadcrumb","itemListElement":[{"@type":"ListItem","position":1,"name":"Home","item":"https:\/\/www.bellunopress.it\/"},{"@type":"ListItem","position":2,"name":"Alleghe celebra la Civetta: Gioved\u00ec sera Manrico Dell\u2019Agnola inaugura la rassegna \u201cLa Montagna nel Cuore\u201d"}]},{"@type":"WebSite","@id":"https:\/\/www.bellunopress.it\/#website","url":"https:\/\/www.bellunopress.it\/","name":"Bellunopress - Dolomiti","description":"e-mail: redazione@bellunopress.it","publisher":{"@id":"https:\/\/www.bellunopress.it\/#organization"},"potentialAction":[{"@type":"SearchAction","target":{"@type":"EntryPoint","urlTemplate":"https:\/\/www.bellunopress.it\/?s={search_term_string}"},"query-input":{"@type":"PropertyValueSpecification","valueRequired":true,"valueName":"search_term_string"}}],"inLanguage":"fr-FR"},{"@type":"Organization","@id":"https:\/\/www.bellunopress.it\/#organization","name":"Bellunopress","url":"https:\/\/www.bellunopress.it\/","logo":{"@type":"ImageObject","inLanguage":"fr-FR","@id":"https:\/\/www.bellunopress.it\/#\/schema\/logo\/image\/","url":"https:\/\/www.bellunopress.it\/wp-content\/uploads\/2011\/05\/cropped-logo-bellunopress-.jpg","contentUrl":"https:\/\/www.bellunopress.it\/wp-content\/uploads\/2011\/05\/cropped-logo-bellunopress-.jpg","width":512,"height":512,"caption":"Bellunopress"},"image":{"@id":"https:\/\/www.bellunopress.it\/#\/schema\/logo\/image\/"},"sameAs":["https:\/\/www.facebook.com\/profile.php?id=100008943462799","https:\/\/x.com\/bellunopress","https:\/\/www.linkedin.com\/hp\/?dnr=JBzUWaJfMUw8vbXJJ2tVW5-I3jZKvC4wsoxE&amp;amp;amp;amp;amp;amp;trk=nav_responsive_tab_home","https:\/\/www.youtube.com\/channel\/UCxL0wu1uN0_3_7hGG0306cw"]},{"@type":"Person","@id":"https:\/\/www.bellunopress.it\/#\/schema\/person\/79bb06722b37ece1c03d3e94beb30d73","name":"r\u00e9daction","image":{"@type":"ImageObject","inLanguage":"fr-FR","@id":"https:\/\/secure.gravatar.com\/avatar\/37d968a2e67a6fd04c169c4bdef102d0bc5d31b2546345219e348575eb80e9a0?s=96&d=mm&r=g","url":"https:\/\/secure.gravatar.com\/avatar\/37d968a2e67a6fd04c169c4bdef102d0bc5d31b2546345219e348575eb80e9a0?s=96&d=mm&r=g","contentUrl":"https:\/\/secure.gravatar.com\/avatar\/37d968a2e67a6fd04c169c4bdef102d0bc5d31b2546345219e348575eb80e9a0?s=96&d=mm&r=g","caption":"redazione"},"sameAs":["http:\/\/www.bellunopress.it","https:\/\/x.com\/bellunopress"],"url":"https:\/\/www.bellunopress.it\/fr\/author\/redazione\/"}]}},"_links":{"self":[{"href":"https:\/\/www.bellunopress.it\/fr\/wp-json\/wp\/v2\/posts\/171936","targetHints":{"allow":["GET"]}}],"collection":[{"href":"https:\/\/www.bellunopress.it\/fr\/wp-json\/wp\/v2\/posts"}],"about":[{"href":"https:\/\/www.bellunopress.it\/fr\/wp-json\/wp\/v2\/types\/post"}],"author":[{"embeddable":true,"href":"https:\/\/www.bellunopress.it\/fr\/wp-json\/wp\/v2\/users\/2"}],"replies":[{"embeddable":true,"href":"https:\/\/www.bellunopress.it\/fr\/wp-json\/wp\/v2\/comments?post=171936"}],"version-history":[{"count":1,"href":"https:\/\/www.bellunopress.it\/fr\/wp-json\/wp\/v2\/posts\/171936\/revisions"}],"predecessor-version":[{"id":171938,"href":"https:\/\/www.bellunopress.it\/fr\/wp-json\/wp\/v2\/posts\/171936\/revisions\/171938"}],"wp:featuredmedia":[{"embeddable":true,"href":"https:\/\/www.bellunopress.it\/fr\/wp-json\/wp\/v2\/media\/151767"}],"wp:attachment":[{"href":"https:\/\/www.bellunopress.it\/fr\/wp-json\/wp\/v2\/media?parent=171936"}],"wp:term":[{"taxonomy":"category","embeddable":true,"href":"https:\/\/www.bellunopress.it\/fr\/wp-json\/wp\/v2\/categories?post=171936"},{"taxonomy":"post_tag","embeddable":true,"href":"https:\/\/www.bellunopress.it\/fr\/wp-json\/wp\/v2\/tags?post=171936"}],"curies":[{"name":"wp","href":"https:\/\/api.w.org\/{rel}","templated":true}]}}