{"id":171933,"date":"2026-07-15T15:10:04","date_gmt":"2026-07-15T13:10:04","guid":{"rendered":"https:\/\/www.bellunopress.it\/?p=171933"},"modified":"2026-07-18T07:00:32","modified_gmt":"2026-07-18T05:00:32","slug":"la-coppa-doro-delle-dolomiti-torna-a-splendere-cortina-pronta-ad-accogliere-lelite-dellautomobilismo-storico","status":"publish","type":"post","link":"https:\/\/www.bellunopress.it\/fr\/2026\/07\/15\/la-coppa-doro-delle-dolomiti-torna-a-splendere-cortina-pronta-ad-accogliere-lelite-dellautomobilismo-storico\/","title":{"rendered":"La Coppa d\u2019Oro delle Dolomiti torna a splendere: Cortina pronta ad accogliere l\u2019\u00e9lite dell\u2019automobilismo storico"},"content":{"rendered":"<p data-path-to-node=\"3\"><b data-path-to-node=\"3\" data-index-in-node=\"0\">Dal 16 al 19 luglio 2026, le vette patrimonio dell\u2019Unesco diventano il palcoscenico naturale per la prestigiosa manifestazione organizzata da ACI Belluno, Automobile Club d\u2019Italia e Club ACI Storico.<\/b><\/p>\n<p data-path-to-node=\"3\"><strong>Sabato 18 luglio dalle ore 12:30 alle 13:00 il passaggio a Belluno in Piazza dei Martiri<\/strong><\/p>\n<p data-path-to-node=\"4\">Belluno, 15\/07\/2026 \u2013 Si \u00e8 tenuta stamane nella rinnovata sede dell&#8217;Aci in piazza dei Martiri a Belluno, la presentazione della Coppa d&#8217;Oro delle Dolomiri. Il rombo dei motori torna torna dunque a risuonare tra i tornanti pi\u00f9 iconici d\u2019Italia. Cortina d\u2019Ampezzo e Belluno sono pronte per l\u2019edizione 2026 della prestigiosa manifestazione, appuntamento clou del <i data-path-to-node=\"4\" data-index-in-node=\"206\">Campionato Italiano Grandi Eventi ACI Sport<\/i>. Quattro giorni all\u2019insegna della passione, della storia motoristica e dell\u2019eleganza, che vedranno scendere in pista 50 vetture esclusive, pronte a sfidarsi in una gara di regolarit\u00e0 tra le pi\u00f9 selettive e affascinanti del panorama internazionale.<\/p>\n<p data-path-to-node=\"6\">Non si tratta di una semplice sfilata, ma di un autentico banco di prova per piloti e navigatori. Il percorso si snoda tra i passi dolomitici che hanno fatto la storia dello sport, inclusi quelli che hanno ospitato le Olimpiadi invernali del 2026 e del 1956, come il Falzarego e il Passo Giau. La precisione millesimale sui pressostati sar\u00e0 il fattore decisivo per determinare i vincitori, in un contesto paesaggistico unico al mondo.<\/p>\n<p data-path-to-node=\"7\">L\u2019evento si articola su tre diverse validit\u00e0, abbracciando oltre un secolo di storia dell\u2019automobile:<\/p>\n<ul data-path-to-node=\"8\">\n<li>\n<p data-path-to-node=\"8,0,0\">Coppa d\u2019Oro delle Dolomiti: dedicata alle icone prodotte fino al 1971.<\/p>\n<\/li>\n<li>\n<p data-path-to-node=\"8,1,0\">Coppa d\u2019Oro delle Dolomiti Legend: riservata alle \u201cgiovani\u201d storiche costruite dal 1972 al 2000.<\/p>\n<\/li>\n<li>\n<p data-path-to-node=\"8,2,0\">Tributo Coppa d\u2019Oro delle Dolomiti: per le moderne GT stradali prodotte dal 2001 in poi.<\/p>\n<\/li>\n<\/ul>\n<p data-path-to-node=\"10\">Il cuore pulsante dell\u2019evento sar\u00e0 il prestigioso Grand Hotel Savoia di Cortina, che funger\u00e0 da quartier generale per verifiche, direzione gara e premiazioni. La competizione si svilupper\u00e0 su un totale di 523 chilometri suddivisi in tre tappe: dopo il prologo di gioved\u00ec 16 luglio a Cortina, venerd\u00ec la carovana affronter\u00e0 dieci passi alpini, mentre sabato 18 si concluder\u00e0 con il passaggio a Belluno, in Piazza dei Martiri, dalle 12:30 alle 13, prima del gran finale a Cortina nel tardo pomeriggio.<\/p>\n<p data-path-to-node=\"12\">Il parterre degli iscritti vanta nomi di spicco. Tra le auto pi\u00f9 anziane, spicca la Lancia Lambda Spider Casaro del 1927, mentre a caccia del bis nel Campionato Italiano troviamo i leader Francesco e Giuseppe Di Pietra su Fiat 508 C. La vocazione internazionale dell\u2019evento \u00e8 confermata dalla presenza di equipaggi provenienti da Argentina, Slovenia, Austria, Germania, Svizzera e Australia, a dimostrazione del fascino globale di questa manifestazione.<\/p>\n<p data-path-to-node=\"13\">Anche il fronte delle auto moderne e delle &#8220;Legend&#8221; promette scintille: dai duelli tra Ferrari (con la 296 GTS dei leader di campionato Gasparini e la performante 812 GTS dei fratelli Sangiovanni) alla passione per le icone degli anni &#8217;70 come la Lancia Fulvia Montecarlo o la Porsche 911.<\/p>\n<p data-path-to-node=\"15\"><i data-path-to-node=\"15\" data-index-in-node=\"0\">\u00abAC Belluno e ACI Italia organizzano un evento di alto profilo \u2013 commenta il presidente di ACI Belluno, Lucio De Mori \u2013 che unisce partecipanti di diverse nazionalit\u00e0 e vetture straordinarie. \u00c8 un orgoglio vedere come la passione continui a muovere questo evento, sostenuto da sponsor, media e autorit\u00e0 locali\u00bb.<\/i><\/p>\n<p data-path-to-node=\"16\">Sulla stessa linea il sindaco di Cortina d\u2019Ampezzo, Gianluca Lorenzi: <i data-path-to-node=\"16\" data-index-in-node=\"70\">\u00abCortina accoglie con grande piacere la Coppa d\u2019Oro. Manifestazioni come questa arricchiscono la nostra offerta estiva, confermando la vocazione della nostra conca a ospitare eventi che uniscono sport, tradizione e valorizzazione del territorio\u00bb.<\/i><\/p>\n<p data-path-to-node=\"17\">Le Dolomiti si preparano ad applaudire i protagonisti di questa edizione che, ancora una volta, si candida a rimanere impressa nella storia del motorismo internazionale.<\/p>\n<p data-path-to-node=\"0\">Ecco l&#8217;elenco completo dei partecipanti alla Coppa d&#8217;Oro delle Dolomiti 2026, suddiviso per le rispettive categorie.<\/p>\n<h3 data-path-to-node=\"1\">Coppa d&#8217;Oro delle Dolomiti (Auto storiche)<\/h3>\n<table data-path-to-node=\"2\">\n<thead>\n<tr>\n<td><strong>N\u00b0<\/strong><\/td>\n<td><strong>Driver<\/strong><\/td>\n<td><strong>Codriver<\/strong><\/td>\n<td><strong>Auto<\/strong><\/td>\n<td><strong>Anno<\/strong><\/td>\n<\/tr>\n<\/thead>\n<tbody>\n<tr>\n<td><span data-path-to-node=\"2,1,0,0\">1<\/span><\/td>\n<td><span data-path-to-node=\"2,1,1,0\">G. Fontanella<\/span><\/td>\n<td><span data-path-to-node=\"2,1,2,0\">G. Scarabelli<\/span><\/td>\n<td><span data-path-to-node=\"2,1,3,0\">Lancia Lambda Spider Casaro<\/span><\/td>\n<td><span data-path-to-node=\"2,1,4,0\">1927<\/span><\/td>\n<\/tr>\n<tr>\n<td><span data-path-to-node=\"2,2,0,0\">2<\/span><\/td>\n<td><span data-path-to-node=\"2,2,1,0\">C. Beccalossi<\/span><\/td>\n<td><span data-path-to-node=\"2,2,2,0\">M. Marchioni<\/span><\/td>\n<td><span data-path-to-node=\"2,2,3,0\">Lancia Lambda Spider Casaro<\/span><\/td>\n<td><span data-path-to-node=\"2,2,4,0\">1928<\/span><\/td>\n<\/tr>\n<tr>\n<td><span data-path-to-node=\"2,3,0,0\">3<\/span><\/td>\n<td><span data-path-to-node=\"2,3,1,0\">A. Gamberini<\/span><\/td>\n<td><span data-path-to-node=\"2,3,2,0\">A. Camosci<\/span><\/td>\n<td><span data-path-to-node=\"2,3,3,0\">Fiat 514 MM<\/span><\/td>\n<td><span data-path-to-node=\"2,3,4,0\">1930<\/span><\/td>\n<\/tr>\n<tr>\n<td><span data-path-to-node=\"2,4,0,0\">4<\/span><\/td>\n<td><span data-path-to-node=\"2,4,1,0\">O. Peli<\/span><\/td>\n<td><span data-path-to-node=\"2,4,2,0\">A. Peli<\/span><\/td>\n<td><span data-path-to-node=\"2,4,3,0\">Fiat 508 Balilla Coppa Oro<\/span><\/td>\n<td><span data-path-to-node=\"2,4,4,0\">1934<\/span><\/td>\n<\/tr>\n<tr>\n<td><span data-path-to-node=\"2,5,0,0\">5<\/span><\/td>\n<td><span data-path-to-node=\"2,5,1,0\">M. Passanante<\/span><\/td>\n<td><span data-path-to-node=\"2,5,2,0\">R. Riboldi<\/span><\/td>\n<td><span data-path-to-node=\"2,5,3,0\">Fiat 508C<\/span><\/td>\n<td><span data-path-to-node=\"2,5,4,0\">1937<\/span><\/td>\n<\/tr>\n<tr>\n<td><span data-path-to-node=\"2,6,0,0\">6<\/span><\/td>\n<td><span data-path-to-node=\"2,6,1,0\">F. Di Pietra<\/span><\/td>\n<td><span data-path-to-node=\"2,6,2,0\">G. Di Pietra<\/span><\/td>\n<td><span data-path-to-node=\"2,6,3,0\">Fiat 508C<\/span><\/td>\n<td><span data-path-to-node=\"2,6,4,0\">1938<\/span><\/td>\n<\/tr>\n<tr>\n<td><span data-path-to-node=\"2,7,0,0\">7<\/span><\/td>\n<td><span data-path-to-node=\"2,7,1,0\">C. Sangiovanni<\/span><\/td>\n<td><span data-path-to-node=\"2,7,2,0\">O. Sangiovanni<\/span><\/td>\n<td><span data-path-to-node=\"2,7,3,0\">Porsche 356 A<\/span><\/td>\n<td><span data-path-to-node=\"2,7,4,0\">1959<\/span><\/td>\n<\/tr>\n<tr>\n<td><span data-path-to-node=\"2,8,0,0\">8<\/span><\/td>\n<td><span data-path-to-node=\"2,8,1,0\">R. Crugnola<\/span><\/td>\n<td><span data-path-to-node=\"2,8,2,0\">D. Morcombe<\/span><\/td>\n<td><span data-path-to-node=\"2,8,3,0\">Lancia Fulvia HF<\/span><\/td>\n<td><span data-path-to-node=\"2,8,4,0\">1971<\/span><\/td>\n<\/tr>\n<tr>\n<td><span data-path-to-node=\"2,9,0,0\">9<\/span><\/td>\n<td><span data-path-to-node=\"2,9,1,0\">A. Virdis<\/span><\/td>\n<td><span data-path-to-node=\"2,9,2,0\">S. Giordo<\/span><\/td>\n<td><span data-path-to-node=\"2,9,3,0\">Porsche 356 A Speedster<\/span><\/td>\n<td><span data-path-to-node=\"2,9,4,0\">1956<\/span><\/td>\n<\/tr>\n<tr>\n<td><span data-path-to-node=\"2,10,0,0\">10<\/span><\/td>\n<td><span data-path-to-node=\"2,10,1,0\">T. Talamini<\/span><\/td>\n<td><span data-path-to-node=\"2,10,2,0\">D. Soldan<\/span><\/td>\n<td><span data-path-to-node=\"2,10,3,0\">Fiat 508SS Coppa Oro<\/span><\/td>\n<td><span data-path-to-node=\"2,10,4,0\">1933<\/span><\/td>\n<\/tr>\n<tr>\n<td><span data-path-to-node=\"2,11,0,0\">11<\/span><\/td>\n<td><span data-path-to-node=\"2,11,1,0\">F. Galassi<\/span><\/td>\n<td><span data-path-to-node=\"2,11,2,0\">M. Liverani<\/span><\/td>\n<td><span data-path-to-node=\"2,11,3,0\">VW Porsche 914<\/span><\/td>\n<td><span data-path-to-node=\"2,11,4,0\">1970<\/span><\/td>\n<\/tr>\n<tr>\n<td><span data-path-to-node=\"2,12,0,0\">12<\/span><\/td>\n<td><span data-path-to-node=\"2,12,1,0\">P. Hatas<\/span><\/td>\n<td><span data-path-to-node=\"2,12,2,0\">A. Smolinska<\/span><\/td>\n<td><span data-path-to-node=\"2,12,3,0\">Fiat 508S Coppa Oro<\/span><\/td>\n<td><span data-path-to-node=\"2,12,4,0\">1933<\/span><\/td>\n<\/tr>\n<tr>\n<td><span data-path-to-node=\"2,13,0,0\">14<\/span><\/td>\n<td><span data-path-to-node=\"2,13,1,0\">A. Schacherleitner<\/span><\/td>\n<td><span data-path-to-node=\"2,13,2,0\">E. Majerus<\/span><\/td>\n<td><span data-path-to-node=\"2,13,3,0\">Lagonda 3 Litre Tourer<\/span><\/td>\n<td><span data-path-to-node=\"2,13,4,0\">1933<\/span><\/td>\n<\/tr>\n<tr>\n<td><span data-path-to-node=\"2,14,0,0\">15<\/span><\/td>\n<td><span data-path-to-node=\"2,14,1,0\">S. Feuerstein<\/span><\/td>\n<td><span data-path-to-node=\"2,14,2,0\">I. Goebel<\/span><\/td>\n<td><span data-path-to-node=\"2,14,3,0\">Lagonda LG 45<\/span><\/td>\n<td><span data-path-to-node=\"2,14,4,0\">1936<\/span><\/td>\n<\/tr>\n<tr>\n<td><span data-path-to-node=\"2,15,0,0\">16<\/span><\/td>\n<td><span data-path-to-node=\"2,15,1,0\">L. A. Zerbini<\/span><\/td>\n<td><span data-path-to-node=\"2,15,2,0\">S. S. De La Iglesia<\/span><\/td>\n<td><span data-path-to-node=\"2,15,3,0\">BMW 328 Roadster<\/span><\/td>\n<td><span data-path-to-node=\"2,15,4,0\">1938<\/span><\/td>\n<\/tr>\n<tr>\n<td><span data-path-to-node=\"2,16,0,0\">18<\/span><\/td>\n<td><span data-path-to-node=\"2,16,1,0\">T. Eberhard<\/span><\/td>\n<td><span data-path-to-node=\"2,16,2,0\">S. Radolf<\/span><\/td>\n<td><span data-path-to-node=\"2,16,3,0\">Lagonda Rapide Drophead Coupe<\/span><\/td>\n<td><span data-path-to-node=\"2,16,4,0\">1939<\/span><\/td>\n<\/tr>\n<tr>\n<td><span data-path-to-node=\"2,17,0,0\">19<\/span><\/td>\n<td><span data-path-to-node=\"2,17,1,0\">M. Vecchi<\/span><\/td>\n<td><span data-path-to-node=\"2,17,2,0\">F. Forzi<\/span><\/td>\n<td><span data-path-to-node=\"2,17,3,0\">Lancia Appia C10S<\/span><\/td>\n<td><span data-path-to-node=\"2,17,4,0\">1951<\/span><\/td>\n<\/tr>\n<tr>\n<td><span data-path-to-node=\"2,18,0,0\">20<\/span><\/td>\n<td><span data-path-to-node=\"2,18,1,0\">J. Reed<\/span><\/td>\n<td><span data-path-to-node=\"2,18,2,0\">F. Hoang<\/span><\/td>\n<td><span data-path-to-node=\"2,18,3,0\">Jaguar XK120<\/span><\/td>\n<td><span data-path-to-node=\"2,18,4,0\">1952<\/span><\/td>\n<\/tr>\n<tr>\n<td><span data-path-to-node=\"2,19,0,0\">21<\/span><\/td>\n<td><span data-path-to-node=\"2,19,1,0\">S. Gronkowski<\/span><\/td>\n<td><span data-path-to-node=\"2,19,2,0\">W. Landschulze<\/span><\/td>\n<td><span data-path-to-node=\"2,19,3,0\">Jaguar XK 120C Type<\/span><\/td>\n<td><span data-path-to-node=\"2,19,4,0\">1952<\/span><\/td>\n<\/tr>\n<tr>\n<td><span data-path-to-node=\"2,20,0,0\">22<\/span><\/td>\n<td><span data-path-to-node=\"2,20,1,0\">W. Graf<\/span><\/td>\n<td><span data-path-to-node=\"2,20,2,0\">J. Kraft<\/span><\/td>\n<td><span data-path-to-node=\"2,20,3,0\">Jaguar XK120 FHC<\/span><\/td>\n<td><span data-path-to-node=\"2,20,4,0\">1953<\/span><\/td>\n<\/tr>\n<tr>\n<td><span data-path-to-node=\"2,21,0,0\">23<\/span><\/td>\n<td><span data-path-to-node=\"2,21,1,0\">M. Pe\u2019<\/span><\/td>\n<td><span data-path-to-node=\"2,21,2,0\">M. Gasperi<\/span><\/td>\n<td><span data-path-to-node=\"2,21,3,0\">Triumph TR2<\/span><\/td>\n<td><span data-path-to-node=\"2,21,4,0\">1954<\/span><\/td>\n<\/tr>\n<tr>\n<td><span data-path-to-node=\"2,22,0,0\">24<\/span><\/td>\n<td><span data-path-to-node=\"2,22,1,0\">A. Zanotti<\/span><\/td>\n<td><span data-path-to-node=\"2,22,2,0\">A. Bianchini<\/span><\/td>\n<td><span data-path-to-node=\"2,22,3,0\">Fiat 1100TV Trasformabile<\/span><\/td>\n<td><span data-path-to-node=\"2,22,4,0\">1955<\/span><\/td>\n<\/tr>\n<tr>\n<td><span data-path-to-node=\"2,23,0,0\">25<\/span><\/td>\n<td><span data-path-to-node=\"2,23,1,0\">G. Sgarbossa<\/span><\/td>\n<td><span data-path-to-node=\"2,23,2,0\">A. Bonato<\/span><\/td>\n<td><span data-path-to-node=\"2,23,3,0\">Porsche 356 Pre A<\/span><\/td>\n<td><span data-path-to-node=\"2,23,4,0\">1955<\/span><\/td>\n<\/tr>\n<tr>\n<td><span data-path-to-node=\"2,24,0,0\">26<\/span><\/td>\n<td><span data-path-to-node=\"2,24,1,0\">M. Wotzka<\/span><\/td>\n<td><span data-path-to-node=\"2,24,2,0\">S. Wotzka<\/span><\/td>\n<td><span data-path-to-node=\"2,24,3,0\">Jaguar XK 140<\/span><\/td>\n<td><span data-path-to-node=\"2,24,4,0\">1955<\/span><\/td>\n<\/tr>\n<tr>\n<td><span data-path-to-node=\"2,25,0,0\">27<\/span><\/td>\n<td><span data-path-to-node=\"2,25,1,0\">G. Concilio<\/span><\/td>\n<td><span data-path-to-node=\"2,25,2,0\">M. Piccioni<\/span><\/td>\n<td><span data-path-to-node=\"2,25,3,0\">MG A<\/span><\/td>\n<td><span data-path-to-node=\"2,25,4,0\">1959<\/span><\/td>\n<\/tr>\n<tr>\n<td><span data-path-to-node=\"2,26,0,0\">28<\/span><\/td>\n<td><span data-path-to-node=\"2,26,1,0\">A. Corti<\/span><\/td>\n<td><span data-path-to-node=\"2,26,2,0\">M. Omodei<\/span><\/td>\n<td><span data-path-to-node=\"2,26,3,0\">MG A<\/span><\/td>\n<td><span data-path-to-node=\"2,26,4,0\">1959<\/span><\/td>\n<\/tr>\n<tr>\n<td><span data-path-to-node=\"2,27,0,0\">29<\/span><\/td>\n<td><span data-path-to-node=\"2,27,1,0\">C. Filius<\/span><\/td>\n<td><span data-path-to-node=\"2,27,2,0\">M. Van Straalen<\/span><\/td>\n<td><span data-path-to-node=\"2,27,3,0\">Fiat 1500S OSCA Cabrio<\/span><\/td>\n<td><span data-path-to-node=\"2,27,4,0\">1960<\/span><\/td>\n<\/tr>\n<tr>\n<td><span data-path-to-node=\"2,28,0,0\">30<\/span><\/td>\n<td><span data-path-to-node=\"2,28,1,0\">L. Baiocchi<\/span><\/td>\n<td><span data-path-to-node=\"2,28,2,0\">A. Ceccardi<\/span><\/td>\n<td><span data-path-to-node=\"2,28,3,0\">Porsche 356B Cabrio<\/span><\/td>\n<td><span data-path-to-node=\"2,28,4,0\">1961<\/span><\/td>\n<\/tr>\n<tr>\n<td><span data-path-to-node=\"2,29,0,0\">31<\/span><\/td>\n<td><span data-path-to-node=\"2,29,1,0\">L. Bellinello<\/span><\/td>\n<td><span data-path-to-node=\"2,29,2,0\">G. Bellinello<\/span><\/td>\n<td><span data-path-to-node=\"2,29,3,0\">Mercedes Benz 190SL<\/span><\/td>\n<td><span data-path-to-node=\"2,29,4,0\">1962<\/span><\/td>\n<\/tr>\n<tr>\n<td><span data-path-to-node=\"2,30,0,0\">32<\/span><\/td>\n<td><span data-path-to-node=\"2,30,1,0\">S. Breoni<\/span><\/td>\n<td><span data-path-to-node=\"2,30,2,0\">A. Cordioli<\/span><\/td>\n<td><span data-path-to-node=\"2,30,3,0\">Porsche 356B 1600S<\/span><\/td>\n<td><span data-path-to-node=\"2,30,4,0\">1963<\/span><\/td>\n<\/tr>\n<tr>\n<td><span data-path-to-node=\"2,31,0,0\">33<\/span><\/td>\n<td><span data-path-to-node=\"2,31,1,0\">M. Decremer<\/span><\/td>\n<td><span data-path-to-node=\"2,31,2,0\">M. C. Martens<\/span><\/td>\n<td><span data-path-to-node=\"2,31,3,0\">Alfa Romeo Giulia Sprint GT<\/span><\/td>\n<td><span data-path-to-node=\"2,31,4,0\">1964<\/span><\/td>\n<\/tr>\n<tr>\n<td><span data-path-to-node=\"2,32,0,0\">34<\/span><\/td>\n<td><span data-path-to-node=\"2,32,1,0\">M. Floris<\/span><\/td>\n<td><span data-path-to-node=\"2,32,2,0\">J. Holstein<\/span><\/td>\n<td><span data-path-to-node=\"2,32,3,0\">Jaguar E-Type<\/span><\/td>\n<td><span data-path-to-node=\"2,32,4,0\">1969<\/span><\/td>\n<\/tr>\n<tr>\n<td><span data-path-to-node=\"2,33,0,0\">35<\/span><\/td>\n<td><span data-path-to-node=\"2,33,1,0\">L. Vigna<\/span><\/td>\n<td><span data-path-to-node=\"2,33,2,0\">F. M. Vigna<\/span><\/td>\n<td><span data-path-to-node=\"2,33,3,0\">Porsche 911<\/span><\/td>\n<td><span data-path-to-node=\"2,33,4,0\">1969<\/span><\/td>\n<\/tr>\n<tr>\n<td><span data-path-to-node=\"2,34,0,0\">36<\/span><\/td>\n<td><span data-path-to-node=\"2,34,1,0\">W. Barbieri<\/span><\/td>\n<td><span data-path-to-node=\"2,34,2,0\">O. Colombo<\/span><\/td>\n<td><span data-path-to-node=\"2,34,3,0\">Jaguar E-Type 4.2<\/span><\/td>\n<td><span data-path-to-node=\"2,34,4,0\">1970<\/span><\/td>\n<\/tr>\n<\/tbody>\n<\/table>\n<h3 data-path-to-node=\"4\">Coppa d&#8217;Oro delle Dolomiti Legend<\/h3>\n<table data-path-to-node=\"5\">\n<thead>\n<tr>\n<td><strong>N\u00b0<\/strong><\/td>\n<td><strong>Driver<\/strong><\/td>\n<td><strong>Codriver<\/strong><\/td>\n<td><strong>Auto<\/strong><\/td>\n<td><strong>Anno<\/strong><\/td>\n<\/tr>\n<\/thead>\n<tbody>\n<tr>\n<td><span data-path-to-node=\"5,1,0,0\">51<\/span><\/td>\n<td><span data-path-to-node=\"5,1,1,0\">R. Roversi<\/span><\/td>\n<td><span data-path-to-node=\"5,1,2,0\">S. Miglioli<\/span><\/td>\n<td><span data-path-to-node=\"5,1,3,0\">Mercedes Benz SL 450<\/span><\/td>\n<td><span data-path-to-node=\"5,1,4,0\">1978<\/span><\/td>\n<\/tr>\n<tr>\n<td><span data-path-to-node=\"5,2,0,0\">52<\/span><\/td>\n<td><span data-path-to-node=\"5,2,1,0\">D. Converso<\/span><\/td>\n<td><span data-path-to-node=\"5,2,2,0\">F. Ameglio<\/span><\/td>\n<td><span data-path-to-node=\"5,2,3,0\">Innocenti Mini Cooper<\/span><\/td>\n<td><span data-path-to-node=\"5,2,4,0\">1972<\/span><\/td>\n<\/tr>\n<tr>\n<td><span data-path-to-node=\"5,3,0,0\">53<\/span><\/td>\n<td><span data-path-to-node=\"5,3,1,0\">V. Parolaro<\/span><\/td>\n<td><span data-path-to-node=\"5,3,2,0\">O. Pietropaolo<\/span><\/td>\n<td><span data-path-to-node=\"5,3,3,0\">Porsche 993 4S<\/span><\/td>\n<td><span data-path-to-node=\"5,3,4,0\">1996<\/span><\/td>\n<\/tr>\n<tr>\n<td><span data-path-to-node=\"5,4,0,0\">54<\/span><\/td>\n<td><span data-path-to-node=\"5,4,1,0\">G. Zanone<\/span><\/td>\n<td><span data-path-to-node=\"5,4,2,0\">G. Pastorello<\/span><\/td>\n<td><span data-path-to-node=\"5,4,3,0\">Alfa Romeo Giulia GT Junior<\/span><\/td>\n<td><span data-path-to-node=\"5,4,4,0\">1972<\/span><\/td>\n<\/tr>\n<tr>\n<td><span data-path-to-node=\"5,5,0,0\">55<\/span><\/td>\n<td><span data-path-to-node=\"5,5,1,0\">M. Ratti<\/span><\/td>\n<td><span data-path-to-node=\"5,5,2,0\">G. P. Lastrucci<\/span><\/td>\n<td><span data-path-to-node=\"5,5,3,0\">Porsche 911 Carrera RS<\/span><\/td>\n<td><span data-path-to-node=\"5,5,4,0\">1973<\/span><\/td>\n<\/tr>\n<tr>\n<td><span data-path-to-node=\"5,6,0,0\">56<\/span><\/td>\n<td><span data-path-to-node=\"5,6,1,0\">G. Scarpari<\/span><\/td>\n<td><span data-path-to-node=\"5,6,2,0\">A. Tonon<\/span><\/td>\n<td><span data-path-to-node=\"5,6,3,0\">Lancia Fulvia Montecarlo<\/span><\/td>\n<td><span data-path-to-node=\"5,6,4,0\">1975<\/span><\/td>\n<\/tr>\n<\/tbody>\n<\/table>\n<h3 data-path-to-node=\"7\">Tributo Coppa d&#8217;Oro delle Dolomiti<\/h3>\n<table data-path-to-node=\"8\">\n<thead>\n<tr>\n<td><strong>N\u00b0<\/strong><\/td>\n<td><strong>Driver<\/strong><\/td>\n<td><strong>Codriver<\/strong><\/td>\n<td><strong>Auto<\/strong><\/td>\n<td><strong>Anno<\/strong><\/td>\n<\/tr>\n<\/thead>\n<tbody>\n<tr>\n<td><span data-path-to-node=\"8,1,0,0\">101<\/span><\/td>\n<td><span data-path-to-node=\"8,1,1,0\">F. P. Romano<\/span><\/td>\n<td><span data-path-to-node=\"8,1,2,0\">S. Caruso<\/span><\/td>\n<td><span data-path-to-node=\"8,1,3,0\">BMW Z4 Cabrio<\/span><\/td>\n<td><span data-path-to-node=\"8,1,4,0\">2003<\/span><\/td>\n<\/tr>\n<tr>\n<td><span data-path-to-node=\"8,2,0,0\">102<\/span><\/td>\n<td><span data-path-to-node=\"8,2,1,0\">R. Rogiers<\/span><\/td>\n<td><span data-path-to-node=\"8,2,2,0\">D. Sini<\/span><\/td>\n<td><span data-path-to-node=\"8,2,3,0\">Ferrari Roma<\/span><\/td>\n<td><span data-path-to-node=\"8,2,4,0\">2022<\/span><\/td>\n<\/tr>\n<tr>\n<td><span data-path-to-node=\"8,3,0,0\">103<\/span><\/td>\n<td><span data-path-to-node=\"8,3,1,0\">E. Tonoli<\/span><\/td>\n<td><span data-path-to-node=\"8,3,2,0\">E. Merenda<\/span><\/td>\n<td><span data-path-to-node=\"8,3,3,0\">Porsche 911 Targa 4GTS<\/span><\/td>\n<td><span data-path-to-node=\"8,3,4,0\">2022<\/span><\/td>\n<\/tr>\n<tr>\n<td><span data-path-to-node=\"8,4,0,0\">104<\/span><\/td>\n<td><span data-path-to-node=\"8,4,1,0\">G. Gasparini<\/span><\/td>\n<td><span data-path-to-node=\"8,4,2,0\">E. Gasparini<\/span><\/td>\n<td><span data-path-to-node=\"8,4,3,0\">Ferrari 296 GTS<\/span><\/td>\n<td><span data-path-to-node=\"8,4,4,0\">2024<\/span><\/td>\n<\/tr>\n<tr>\n<td><span data-path-to-node=\"8,5,0,0\">105<\/span><\/td>\n<td><span data-path-to-node=\"8,5,1,0\">F. Bongiovanni<\/span><\/td>\n<td><span data-path-to-node=\"8,5,2,0\">N. Gringeri<\/span><\/td>\n<td><span data-path-to-node=\"8,5,3,0\">Ferrari Amalfi<\/span><\/td>\n<td><span data-path-to-node=\"8,5,4,0\">2026<\/span><\/td>\n<\/tr>\n<tr>\n<td><span data-path-to-node=\"8,6,0,0\">106<\/span><\/td>\n<td><span data-path-to-node=\"8,6,1,0\">E. Corten<\/span><\/td>\n<td><span data-path-to-node=\"8,6,2,0\">H. Van Den Bergh<\/span><\/td>\n<td><span data-path-to-node=\"8,6,3,0\">Ferrari 12 Cilindri Spider<\/span><\/td>\n<td><span data-path-to-node=\"8,6,4,0\">2026<\/span><\/td>\n<\/tr>\n<tr>\n<td><span data-path-to-node=\"8,7,0,0\">107<\/span><\/td>\n<td><span data-path-to-node=\"8,7,1,0\">R. Perletti<\/span><\/td>\n<td><span data-path-to-node=\"8,7,2,0\">F. Bachechi<\/span><\/td>\n<td><span data-path-to-node=\"8,7,3,0\">Porsche 992 Turbo S Cabrio<\/span><\/td>\n<td><span data-path-to-node=\"8,7,4,0\">2026<\/span><\/td>\n<\/tr>\n<\/tbody>\n<\/table>\n<h3 data-path-to-node=\"10\">Coppa d&#8217;Oro delle Dolomiti Guest<\/h3>\n<table data-path-to-node=\"11\">\n<thead>\n<tr>\n<td><strong>N\u00b0<\/strong><\/td>\n<td><strong>Driver<\/strong><\/td>\n<td><strong>Codriver<\/strong><\/td>\n<td><strong>Auto<\/strong><\/td>\n<td><strong>Anno<\/strong><\/td>\n<\/tr>\n<\/thead>\n<tbody>\n<tr>\n<td><span data-path-to-node=\"11,1,0,0\">G<\/span><\/td>\n<td><span data-path-to-node=\"11,1,1,0\">C. Lopresto<\/span><\/td>\n<td><span data-path-to-node=\"11,1,2,0\">E. Maggiore<\/span><\/td>\n<td><span data-path-to-node=\"11,1,3,0\">Alfa Romeo 6C 1750 GS Spider Aprile<\/span><\/td>\n<td><span data-path-to-node=\"11,1,4,0\">1931<\/span><\/td>\n<\/tr>\n<tr>\n<td><span data-path-to-node=\"11,2,0,0\">G<\/span><\/td>\n<td><span data-path-to-node=\"11,2,1,0\">P. Reessing<\/span><\/td>\n<td><span data-path-to-node=\"11,2,2,0\">L. Nentwig<\/span><\/td>\n<td><span data-path-to-node=\"11,2,3,0\">Mercedes Benz 300S Cabriolet A<\/span><\/td>\n<td><span data-path-to-node=\"11,2,4,0\">1952<\/span><\/td>\n<\/tr>\n<tr>\n<td><span data-path-to-node=\"11,3,0,0\">G<\/span><\/td>\n<td><span data-path-to-node=\"11,3,1,0\">G. Consolati<\/span><\/td>\n<td><span data-path-to-node=\"11,3,2,0\">R. Spada<\/span><\/td>\n<td><span data-path-to-node=\"11,3,3,0\">Ferrari 12 Cilindri Spider<\/span><\/td>\n<td><span data-path-to-node=\"11,3,4,0\">2026<\/span><\/td>\n<\/tr>\n<\/tbody>\n<\/table>","protected":false},"excerpt":{"rendered":"<p>Dal 16 al 19 luglio 2026, le vette patrimonio dell\u2019Unesco diventano il palcoscenico naturale per la prestigiosa manifestazione organizzata da ACI Belluno, Automobile Club d\u2019Italia e Club ACI Storico. Sabato 18 luglio dalle ore 12:30 alle 13:00 il passaggio a Belluno in Piazza dei Martiri Belluno, 15\/07\/2026 \u2013 Si \u00e8 tenuta stamane nella rinnovata sede [&hellip;]<\/p>\n","protected":false},"author":2,"featured_media":135109,"comment_status":"closed","ping_status":"open","sticky":false,"template":"","format":"standard","meta":{"footnotes":""},"categories":[25,4],"tags":[],"class_list":["post-171933","post","type-post","status-publish","format-standard","has-post-thumbnail","category-pausa-caffe","category-sport"],"yoast_head":"<!-- This site is optimized with the Yoast SEO plugin v28.4 - https:\/\/yoast.com\/product\/yoast-seo-wordpress\/ -->\n<title>La Coppa d\u2019Oro delle Dolomiti torna a splendere: Cortina pronta ad accogliere l\u2019\u00e9lite dell\u2019automobilismo storico - Bellunopress - Dolomiti<\/title>\n<meta name=\"robots\" content=\"index, follow, max-snippet:-1, max-image-preview:large, max-video-preview:-1\" \/>\n<link rel=\"canonical\" href=\"https:\/\/www.bellunopress.it\/fr\/2026\/07\/15\/la-coppa-doro-delle-dolomiti-torna-a-splendere-cortina-pronta-ad-accogliere-lelite-dellautomobilismo-storico\/\" \/>\n<meta property=\"og:locale\" content=\"fr_FR\" \/>\n<meta property=\"og:type\" content=\"article\" \/>\n<meta property=\"og:title\" content=\"La Coppa d\u2019Oro delle Dolomiti torna a splendere: Cortina pronta ad accogliere l\u2019\u00e9lite dell\u2019automobilismo storico - Bellunopress - Dolomiti\" \/>\n<meta property=\"og:description\" content=\"Dal 16 al 19 luglio 2026, le vette patrimonio dell\u2019Unesco diventano il palcoscenico naturale per la prestigiosa manifestazione organizzata da ACI Belluno, Automobile Club d\u2019Italia e Club ACI Storico. Sabato 18 luglio dalle ore 12:30 alle 13:00 il passaggio a Belluno in Piazza dei Martiri Belluno, 15\/07\/2026 \u2013 Si \u00e8 tenuta stamane nella rinnovata sede [&hellip;]\" \/>\n<meta property=\"og:url\" content=\"https:\/\/www.bellunopress.it\/fr\/2026\/07\/15\/la-coppa-doro-delle-dolomiti-torna-a-splendere-cortina-pronta-ad-accogliere-lelite-dellautomobilismo-storico\/\" \/>\n<meta property=\"og:site_name\" content=\"Bellunopress - Dolomiti\" \/>\n<meta property=\"article:publisher\" content=\"https:\/\/www.facebook.com\/profile.php?id=100008943462799\" \/>\n<meta property=\"article:published_time\" content=\"2026-07-15T13:10:04+00:00\" \/>\n<meta property=\"article:modified_time\" content=\"2026-07-18T05:00:32+00:00\" \/>\n<meta property=\"og:image\" content=\"https:\/\/www.bellunopress.it\/wp-content\/uploads\/2022\/07\/Fiat-508-C-1938-Di-Pietra-Coppa-dOro-2022_edited.jpg\" \/>\n\t<meta property=\"og:image:width\" content=\"1000\" \/>\n\t<meta property=\"og:image:height\" content=\"903\" \/>\n\t<meta property=\"og:image:type\" content=\"image\/jpeg\" \/>\n<meta name=\"author\" content=\"redazione\" \/>\n<meta name=\"twitter:card\" content=\"summary_large_image\" \/>\n<meta name=\"twitter:creator\" content=\"@bellunopress\" \/>\n<meta name=\"twitter:site\" content=\"@bellunopress\" \/>\n<meta name=\"twitter:label1\" content=\"\u00c9crit par\" \/>\n\t<meta name=\"twitter:data1\" content=\"redazione\" \/>\n\t<meta name=\"twitter:label2\" content=\"Dur\u00e9e de lecture estim\u00e9e\" \/>\n\t<meta name=\"twitter:data2\" content=\"7 minutes\" \/>\n<script type=\"application\/ld+json\" class=\"yoast-schema-graph\">{\"@context\":\"https:\\\/\\\/schema.org\",\"@graph\":[{\"@type\":\"Article\",\"@id\":\"https:\\\/\\\/www.bellunopress.it\\\/2026\\\/07\\\/15\\\/la-coppa-doro-delle-dolomiti-torna-a-splendere-cortina-pronta-ad-accogliere-lelite-dellautomobilismo-storico\\\/#article\",\"isPartOf\":{\"@id\":\"https:\\\/\\\/www.bellunopress.it\\\/2026\\\/07\\\/15\\\/la-coppa-doro-delle-dolomiti-torna-a-splendere-cortina-pronta-ad-accogliere-lelite-dellautomobilismo-storico\\\/\"},\"author\":{\"name\":\"redazione\",\"@id\":\"https:\\\/\\\/www.bellunopress.it\\\/#\\\/schema\\\/person\\\/79bb06722b37ece1c03d3e94beb30d73\"},\"headline\":\"La Coppa d\u2019Oro delle Dolomiti torna a splendere: Cortina pronta ad accogliere l\u2019\u00e9lite dell\u2019automobilismo storico\",\"datePublished\":\"2026-07-15T13:10:04+00:00\",\"dateModified\":\"2026-07-18T05:00:32+00:00\",\"mainEntityOfPage\":{\"@id\":\"https:\\\/\\\/www.bellunopress.it\\\/2026\\\/07\\\/15\\\/la-coppa-doro-delle-dolomiti-torna-a-splendere-cortina-pronta-ad-accogliere-lelite-dellautomobilismo-storico\\\/\"},\"wordCount\":1013,\"publisher\":{\"@id\":\"https:\\\/\\\/www.bellunopress.it\\\/#organization\"},\"image\":{\"@id\":\"https:\\\/\\\/www.bellunopress.it\\\/2026\\\/07\\\/15\\\/la-coppa-doro-delle-dolomiti-torna-a-splendere-cortina-pronta-ad-accogliere-lelite-dellautomobilismo-storico\\\/#primaryimage\"},\"thumbnailUrl\":\"https:\\\/\\\/www.bellunopress.it\\\/wp-content\\\/uploads\\\/2022\\\/07\\\/Fiat-508-C-1938-Di-Pietra-Coppa-dOro-2022_edited.jpg\",\"articleSection\":[\"Pausa Caff\u00e8\",\"Sport, tempo libero\"],\"inLanguage\":\"fr-FR\"},{\"@type\":\"WebPage\",\"@id\":\"https:\\\/\\\/www.bellunopress.it\\\/2026\\\/07\\\/15\\\/la-coppa-doro-delle-dolomiti-torna-a-splendere-cortina-pronta-ad-accogliere-lelite-dellautomobilismo-storico\\\/\",\"url\":\"https:\\\/\\\/www.bellunopress.it\\\/2026\\\/07\\\/15\\\/la-coppa-doro-delle-dolomiti-torna-a-splendere-cortina-pronta-ad-accogliere-lelite-dellautomobilismo-storico\\\/\",\"name\":\"La Coppa d\u2019Oro delle Dolomiti torna a splendere: Cortina pronta ad accogliere l\u2019\u00e9lite dell\u2019automobilismo storico - Bellunopress - Dolomiti\",\"isPartOf\":{\"@id\":\"https:\\\/\\\/www.bellunopress.it\\\/#website\"},\"primaryImageOfPage\":{\"@id\":\"https:\\\/\\\/www.bellunopress.it\\\/2026\\\/07\\\/15\\\/la-coppa-doro-delle-dolomiti-torna-a-splendere-cortina-pronta-ad-accogliere-lelite-dellautomobilismo-storico\\\/#primaryimage\"},\"image\":{\"@id\":\"https:\\\/\\\/www.bellunopress.it\\\/2026\\\/07\\\/15\\\/la-coppa-doro-delle-dolomiti-torna-a-splendere-cortina-pronta-ad-accogliere-lelite-dellautomobilismo-storico\\\/#primaryimage\"},\"thumbnailUrl\":\"https:\\\/\\\/www.bellunopress.it\\\/wp-content\\\/uploads\\\/2022\\\/07\\\/Fiat-508-C-1938-Di-Pietra-Coppa-dOro-2022_edited.jpg\",\"datePublished\":\"2026-07-15T13:10:04+00:00\",\"dateModified\":\"2026-07-18T05:00:32+00:00\",\"breadcrumb\":{\"@id\":\"https:\\\/\\\/www.bellunopress.it\\\/2026\\\/07\\\/15\\\/la-coppa-doro-delle-dolomiti-torna-a-splendere-cortina-pronta-ad-accogliere-lelite-dellautomobilismo-storico\\\/#breadcrumb\"},\"inLanguage\":\"fr-FR\",\"potentialAction\":[{\"@type\":\"ReadAction\",\"target\":[\"https:\\\/\\\/www.bellunopress.it\\\/2026\\\/07\\\/15\\\/la-coppa-doro-delle-dolomiti-torna-a-splendere-cortina-pronta-ad-accogliere-lelite-dellautomobilismo-storico\\\/\"]}]},{\"@type\":\"ImageObject\",\"inLanguage\":\"fr-FR\",\"@id\":\"https:\\\/\\\/www.bellunopress.it\\\/2026\\\/07\\\/15\\\/la-coppa-doro-delle-dolomiti-torna-a-splendere-cortina-pronta-ad-accogliere-lelite-dellautomobilismo-storico\\\/#primaryimage\",\"url\":\"https:\\\/\\\/www.bellunopress.it\\\/wp-content\\\/uploads\\\/2022\\\/07\\\/Fiat-508-C-1938-Di-Pietra-Coppa-dOro-2022_edited.jpg\",\"contentUrl\":\"https:\\\/\\\/www.bellunopress.it\\\/wp-content\\\/uploads\\\/2022\\\/07\\\/Fiat-508-C-1938-Di-Pietra-Coppa-dOro-2022_edited.jpg\",\"width\":1000,\"height\":903,\"caption\":\"Fiat 508 C 1938 Di Pietra Coppa d'Oro delle Dolomiti 2022\"},{\"@type\":\"BreadcrumbList\",\"@id\":\"https:\\\/\\\/www.bellunopress.it\\\/2026\\\/07\\\/15\\\/la-coppa-doro-delle-dolomiti-torna-a-splendere-cortina-pronta-ad-accogliere-lelite-dellautomobilismo-storico\\\/#breadcrumb\",\"itemListElement\":[{\"@type\":\"ListItem\",\"position\":1,\"name\":\"Home\",\"item\":\"https:\\\/\\\/www.bellunopress.it\\\/\"},{\"@type\":\"ListItem\",\"position\":2,\"name\":\"La Coppa d\u2019Oro delle Dolomiti torna a splendere: Cortina pronta ad accogliere l\u2019\u00e9lite dell\u2019automobilismo storico\"}]},{\"@type\":\"WebSite\",\"@id\":\"https:\\\/\\\/www.bellunopress.it\\\/#website\",\"url\":\"https:\\\/\\\/www.bellunopress.it\\\/\",\"name\":\"Bellunopress - Dolomiti\",\"description\":\"e-mail: redazione@bellunopress.it\",\"publisher\":{\"@id\":\"https:\\\/\\\/www.bellunopress.it\\\/#organization\"},\"potentialAction\":[{\"@type\":\"SearchAction\",\"target\":{\"@type\":\"EntryPoint\",\"urlTemplate\":\"https:\\\/\\\/www.bellunopress.it\\\/?s={search_term_string}\"},\"query-input\":{\"@type\":\"PropertyValueSpecification\",\"valueRequired\":true,\"valueName\":\"search_term_string\"}}],\"inLanguage\":\"fr-FR\"},{\"@type\":\"Organization\",\"@id\":\"https:\\\/\\\/www.bellunopress.it\\\/#organization\",\"name\":\"Bellunopress\",\"url\":\"https:\\\/\\\/www.bellunopress.it\\\/\",\"logo\":{\"@type\":\"ImageObject\",\"inLanguage\":\"fr-FR\",\"@id\":\"https:\\\/\\\/www.bellunopress.it\\\/#\\\/schema\\\/logo\\\/image\\\/\",\"url\":\"https:\\\/\\\/www.bellunopress.it\\\/wp-content\\\/uploads\\\/2011\\\/05\\\/cropped-logo-bellunopress-.jpg\",\"contentUrl\":\"https:\\\/\\\/www.bellunopress.it\\\/wp-content\\\/uploads\\\/2011\\\/05\\\/cropped-logo-bellunopress-.jpg\",\"width\":512,\"height\":512,\"caption\":\"Bellunopress\"},\"image\":{\"@id\":\"https:\\\/\\\/www.bellunopress.it\\\/#\\\/schema\\\/logo\\\/image\\\/\"},\"sameAs\":[\"https:\\\/\\\/www.facebook.com\\\/profile.php?id=100008943462799\",\"https:\\\/\\\/x.com\\\/bellunopress\",\"https:\\\/\\\/www.linkedin.com\\\/hp\\\/?dnr=JBzUWaJfMUw8vbXJJ2tVW5-I3jZKvC4wsoxE&amp;amp;amp;amp;amp;amp;trk=nav_responsive_tab_home\",\"https:\\\/\\\/www.youtube.com\\\/channel\\\/UCxL0wu1uN0_3_7hGG0306cw\"]},{\"@type\":\"Person\",\"@id\":\"https:\\\/\\\/www.bellunopress.it\\\/#\\\/schema\\\/person\\\/79bb06722b37ece1c03d3e94beb30d73\",\"name\":\"redazione\",\"image\":{\"@type\":\"ImageObject\",\"inLanguage\":\"fr-FR\",\"@id\":\"https:\\\/\\\/secure.gravatar.com\\\/avatar\\\/37d968a2e67a6fd04c169c4bdef102d0bc5d31b2546345219e348575eb80e9a0?s=96&d=mm&r=g\",\"url\":\"https:\\\/\\\/secure.gravatar.com\\\/avatar\\\/37d968a2e67a6fd04c169c4bdef102d0bc5d31b2546345219e348575eb80e9a0?s=96&d=mm&r=g\",\"contentUrl\":\"https:\\\/\\\/secure.gravatar.com\\\/avatar\\\/37d968a2e67a6fd04c169c4bdef102d0bc5d31b2546345219e348575eb80e9a0?s=96&d=mm&r=g\",\"caption\":\"redazione\"},\"sameAs\":[\"http:\\\/\\\/www.bellunopress.it\",\"https:\\\/\\\/x.com\\\/bellunopress\"],\"url\":\"https:\\\/\\\/www.bellunopress.it\\\/fr\\\/author\\\/redazione\\\/\"}]}<\/script>\n<!-- \/ Yoast SEO plugin. -->","yoast_head_json":{"title":"La Coppa d\u2019Oro delle Dolomiti torna a splendere: Cortina pronta ad accogliere l\u2019\u00e9lite dell\u2019automobilismo storico - Bellunopress - Dolomiti","robots":{"index":"index","follow":"follow","max-snippet":"max-snippet:-1","max-image-preview":"max-image-preview:large","max-video-preview":"max-video-preview:-1"},"canonical":"https:\/\/www.bellunopress.it\/fr\/2026\/07\/15\/la-coppa-doro-delle-dolomiti-torna-a-splendere-cortina-pronta-ad-accogliere-lelite-dellautomobilismo-storico\/","og_locale":"fr_FR","og_type":"article","og_title":"La Coppa d\u2019Oro delle Dolomiti torna a splendere: Cortina pronta ad accogliere l\u2019\u00e9lite dell\u2019automobilismo storico - Bellunopress - Dolomiti","og_description":"Dal 16 al 19 luglio 2026, le vette patrimonio dell\u2019Unesco diventano il palcoscenico naturale per la prestigiosa manifestazione organizzata da ACI Belluno, Automobile Club d\u2019Italia e Club ACI Storico. Sabato 18 luglio dalle ore 12:30 alle 13:00 il passaggio a Belluno in Piazza dei Martiri Belluno, 15\/07\/2026 \u2013 Si \u00e8 tenuta stamane nella rinnovata sede [&hellip;]","og_url":"https:\/\/www.bellunopress.it\/fr\/2026\/07\/15\/la-coppa-doro-delle-dolomiti-torna-a-splendere-cortina-pronta-ad-accogliere-lelite-dellautomobilismo-storico\/","og_site_name":"Bellunopress - Dolomiti","article_publisher":"https:\/\/www.facebook.com\/profile.php?id=100008943462799","article_published_time":"2026-07-15T13:10:04+00:00","article_modified_time":"2026-07-18T05:00:32+00:00","og_image":[{"width":1000,"height":903,"url":"https:\/\/www.bellunopress.it\/wp-content\/uploads\/2022\/07\/Fiat-508-C-1938-Di-Pietra-Coppa-dOro-2022_edited.jpg","type":"image\/jpeg"}],"author":"redazione","twitter_card":"summary_large_image","twitter_creator":"@bellunopress","twitter_site":"@bellunopress","twitter_misc":{"\u00c9crit par":"redazione","Dur\u00e9e de lecture estim\u00e9e":"7 minutes"},"schema":{"@context":"https:\/\/schema.org","@graph":[{"@type":"Article","@id":"https:\/\/www.bellunopress.it\/2026\/07\/15\/la-coppa-doro-delle-dolomiti-torna-a-splendere-cortina-pronta-ad-accogliere-lelite-dellautomobilismo-storico\/#article","isPartOf":{"@id":"https:\/\/www.bellunopress.it\/2026\/07\/15\/la-coppa-doro-delle-dolomiti-torna-a-splendere-cortina-pronta-ad-accogliere-lelite-dellautomobilismo-storico\/"},"author":{"name":"redazione","@id":"https:\/\/www.bellunopress.it\/#\/schema\/person\/79bb06722b37ece1c03d3e94beb30d73"},"headline":"La Coppa d\u2019Oro delle Dolomiti torna a splendere: Cortina pronta ad accogliere l\u2019\u00e9lite dell\u2019automobilismo storico","datePublished":"2026-07-15T13:10:04+00:00","dateModified":"2026-07-18T05:00:32+00:00","mainEntityOfPage":{"@id":"https:\/\/www.bellunopress.it\/2026\/07\/15\/la-coppa-doro-delle-dolomiti-torna-a-splendere-cortina-pronta-ad-accogliere-lelite-dellautomobilismo-storico\/"},"wordCount":1013,"publisher":{"@id":"https:\/\/www.bellunopress.it\/#organization"},"image":{"@id":"https:\/\/www.bellunopress.it\/2026\/07\/15\/la-coppa-doro-delle-dolomiti-torna-a-splendere-cortina-pronta-ad-accogliere-lelite-dellautomobilismo-storico\/#primaryimage"},"thumbnailUrl":"https:\/\/www.bellunopress.it\/wp-content\/uploads\/2022\/07\/Fiat-508-C-1938-Di-Pietra-Coppa-dOro-2022_edited.jpg","articleSection":["Pausa Caff\u00e8","Sport, tempo libero"],"inLanguage":"fr-FR"},{"@type":"WebPage","@id":"https:\/\/www.bellunopress.it\/2026\/07\/15\/la-coppa-doro-delle-dolomiti-torna-a-splendere-cortina-pronta-ad-accogliere-lelite-dellautomobilismo-storico\/","url":"https:\/\/www.bellunopress.it\/2026\/07\/15\/la-coppa-doro-delle-dolomiti-torna-a-splendere-cortina-pronta-ad-accogliere-lelite-dellautomobilismo-storico\/","name":"La Coppa d\u2019Oro delle Dolomiti torna a splendere: Cortina pronta ad accogliere l\u2019\u00e9lite dell\u2019automobilismo storico - Bellunopress - Dolomiti","isPartOf":{"@id":"https:\/\/www.bellunopress.it\/#website"},"primaryImageOfPage":{"@id":"https:\/\/www.bellunopress.it\/2026\/07\/15\/la-coppa-doro-delle-dolomiti-torna-a-splendere-cortina-pronta-ad-accogliere-lelite-dellautomobilismo-storico\/#primaryimage"},"image":{"@id":"https:\/\/www.bellunopress.it\/2026\/07\/15\/la-coppa-doro-delle-dolomiti-torna-a-splendere-cortina-pronta-ad-accogliere-lelite-dellautomobilismo-storico\/#primaryimage"},"thumbnailUrl":"https:\/\/www.bellunopress.it\/wp-content\/uploads\/2022\/07\/Fiat-508-C-1938-Di-Pietra-Coppa-dOro-2022_edited.jpg","datePublished":"2026-07-15T13:10:04+00:00","dateModified":"2026-07-18T05:00:32+00:00","breadcrumb":{"@id":"https:\/\/www.bellunopress.it\/2026\/07\/15\/la-coppa-doro-delle-dolomiti-torna-a-splendere-cortina-pronta-ad-accogliere-lelite-dellautomobilismo-storico\/#breadcrumb"},"inLanguage":"fr-FR","potentialAction":[{"@type":"ReadAction","target":["https:\/\/www.bellunopress.it\/2026\/07\/15\/la-coppa-doro-delle-dolomiti-torna-a-splendere-cortina-pronta-ad-accogliere-lelite-dellautomobilismo-storico\/"]}]},{"@type":"ImageObject","inLanguage":"fr-FR","@id":"https:\/\/www.bellunopress.it\/2026\/07\/15\/la-coppa-doro-delle-dolomiti-torna-a-splendere-cortina-pronta-ad-accogliere-lelite-dellautomobilismo-storico\/#primaryimage","url":"https:\/\/www.bellunopress.it\/wp-content\/uploads\/2022\/07\/Fiat-508-C-1938-Di-Pietra-Coppa-dOro-2022_edited.jpg","contentUrl":"https:\/\/www.bellunopress.it\/wp-content\/uploads\/2022\/07\/Fiat-508-C-1938-Di-Pietra-Coppa-dOro-2022_edited.jpg","width":1000,"height":903,"caption":"Fiat 508 C 1938 Di Pietra Coppa d'Oro delle Dolomiti 2022"},{"@type":"BreadcrumbList","@id":"https:\/\/www.bellunopress.it\/2026\/07\/15\/la-coppa-doro-delle-dolomiti-torna-a-splendere-cortina-pronta-ad-accogliere-lelite-dellautomobilismo-storico\/#breadcrumb","itemListElement":[{"@type":"ListItem","position":1,"name":"Home","item":"https:\/\/www.bellunopress.it\/"},{"@type":"ListItem","position":2,"name":"La Coppa d\u2019Oro delle Dolomiti torna a splendere: Cortina pronta ad accogliere l\u2019\u00e9lite dell\u2019automobilismo storico"}]},{"@type":"WebSite","@id":"https:\/\/www.bellunopress.it\/#website","url":"https:\/\/www.bellunopress.it\/","name":"Bellunopress - Dolomiti","description":"e-mail: redazione@bellunopress.it","publisher":{"@id":"https:\/\/www.bellunopress.it\/#organization"},"potentialAction":[{"@type":"SearchAction","target":{"@type":"EntryPoint","urlTemplate":"https:\/\/www.bellunopress.it\/?s={search_term_string}"},"query-input":{"@type":"PropertyValueSpecification","valueRequired":true,"valueName":"search_term_string"}}],"inLanguage":"fr-FR"},{"@type":"Organization","@id":"https:\/\/www.bellunopress.it\/#organization","name":"Bellunopress","url":"https:\/\/www.bellunopress.it\/","logo":{"@type":"ImageObject","inLanguage":"fr-FR","@id":"https:\/\/www.bellunopress.it\/#\/schema\/logo\/image\/","url":"https:\/\/www.bellunopress.it\/wp-content\/uploads\/2011\/05\/cropped-logo-bellunopress-.jpg","contentUrl":"https:\/\/www.bellunopress.it\/wp-content\/uploads\/2011\/05\/cropped-logo-bellunopress-.jpg","width":512,"height":512,"caption":"Bellunopress"},"image":{"@id":"https:\/\/www.bellunopress.it\/#\/schema\/logo\/image\/"},"sameAs":["https:\/\/www.facebook.com\/profile.php?id=100008943462799","https:\/\/x.com\/bellunopress","https:\/\/www.linkedin.com\/hp\/?dnr=JBzUWaJfMUw8vbXJJ2tVW5-I3jZKvC4wsoxE&amp;amp;amp;amp;amp;amp;trk=nav_responsive_tab_home","https:\/\/www.youtube.com\/channel\/UCxL0wu1uN0_3_7hGG0306cw"]},{"@type":"Person","@id":"https:\/\/www.bellunopress.it\/#\/schema\/person\/79bb06722b37ece1c03d3e94beb30d73","name":"r\u00e9daction","image":{"@type":"ImageObject","inLanguage":"fr-FR","@id":"https:\/\/secure.gravatar.com\/avatar\/37d968a2e67a6fd04c169c4bdef102d0bc5d31b2546345219e348575eb80e9a0?s=96&d=mm&r=g","url":"https:\/\/secure.gravatar.com\/avatar\/37d968a2e67a6fd04c169c4bdef102d0bc5d31b2546345219e348575eb80e9a0?s=96&d=mm&r=g","contentUrl":"https:\/\/secure.gravatar.com\/avatar\/37d968a2e67a6fd04c169c4bdef102d0bc5d31b2546345219e348575eb80e9a0?s=96&d=mm&r=g","caption":"redazione"},"sameAs":["http:\/\/www.bellunopress.it","https:\/\/x.com\/bellunopress"],"url":"https:\/\/www.bellunopress.it\/fr\/author\/redazione\/"}]}},"_links":{"self":[{"href":"https:\/\/www.bellunopress.it\/fr\/wp-json\/wp\/v2\/posts\/171933","targetHints":{"allow":["GET"]}}],"collection":[{"href":"https:\/\/www.bellunopress.it\/fr\/wp-json\/wp\/v2\/posts"}],"about":[{"href":"https:\/\/www.bellunopress.it\/fr\/wp-json\/wp\/v2\/types\/post"}],"author":[{"embeddable":true,"href":"https:\/\/www.bellunopress.it\/fr\/wp-json\/wp\/v2\/users\/2"}],"replies":[{"embeddable":true,"href":"https:\/\/www.bellunopress.it\/fr\/wp-json\/wp\/v2\/comments?post=171933"}],"version-history":[{"count":2,"href":"https:\/\/www.bellunopress.it\/fr\/wp-json\/wp\/v2\/posts\/171933\/revisions"}],"predecessor-version":[{"id":171935,"href":"https:\/\/www.bellunopress.it\/fr\/wp-json\/wp\/v2\/posts\/171933\/revisions\/171935"}],"wp:featuredmedia":[{"embeddable":true,"href":"https:\/\/www.bellunopress.it\/fr\/wp-json\/wp\/v2\/media\/135109"}],"wp:attachment":[{"href":"https:\/\/www.bellunopress.it\/fr\/wp-json\/wp\/v2\/media?parent=171933"}],"wp:term":[{"taxonomy":"category","embeddable":true,"href":"https:\/\/www.bellunopress.it\/fr\/wp-json\/wp\/v2\/categories?post=171933"},{"taxonomy":"post_tag","embeddable":true,"href":"https:\/\/www.bellunopress.it\/fr\/wp-json\/wp\/v2\/tags?post=171933"}],"curies":[{"name":"wp","href":"https:\/\/api.w.org\/{rel}","templated":true}]}}