{"id":171929,"date":"2026-07-15T07:38:28","date_gmt":"2026-07-15T05:38:28","guid":{"rendered":"https:\/\/www.bellunopress.it\/?p=171929"},"modified":"2026-07-15T07:38:28","modified_gmt":"2026-07-15T05:38:28","slug":"elezioni-a-belluno-giovanifuturo-scende-in-campo-con-una-lista-civica","status":"publish","type":"post","link":"https:\/\/www.bellunopress.it\/fr\/2026\/07\/15\/elezioni-a-belluno-giovanifuturo-scende-in-campo-con-una-lista-civica\/","title":{"rendered":"Elezioni a Belluno: Giovani&#038;Futuro scende in campo con una lista civica"},"content":{"rendered":"<p data-path-to-node=\"0\">Belluno, 15\/07\/2026 &#8211;\u00a0BELLUNO \u2013 La politica bellunese si prepara a una novit\u00e0 in vista delle prossime elezioni comunali. Nella giornata di ieri, marted\u00ec, la terrazza dell\u2019Hotel Astor ha fatto da cornice alla conferenza stampa dell\u2019associazione Giovani&amp;Futuro, che ha ufficializzato la propria intenzione di partecipare alla prossima tornata elettorale con una lista civica dedicata.<\/p>\n<p data-path-to-node=\"2\">L\u2019annuncio \u00e8 stato dato dai vertici del sodalizio: il presidente nazionale Luca Frescura, il vicepresidente nazionale Thomas Menia Corbanese e il presidente della sezione cittadina di Belluno, Alfredo Moro.<\/p>\n<p data-path-to-node=\"4\">Il progetto non nasce dal nulla, ma da un percorso di ascolto strutturato. L\u2019associazione ha infatti promosso nelle scorse settimane il questionario &#8220;Che futuro vuoi per Belluno?&#8221;, capace di raccogliere oltre 1.000 adesioni.<\/p>\n<p data-path-to-node=\"5\">\u00abSi tratta di una base di partenza importante\u00bb, ha dichiarato il Presidente nazionale Luca Frescura, sottolineando la volont\u00e0 di superare l\u2019attuale stallo amministrativo del capoluogo. \u00abVogliamo lavorare sui problemi concreti della quotidianit\u00e0, lontani dalle contrapposizioni ideologiche e dalle logiche di partito che poco hanno contribuito alla crescita della nostra provincia\u00bb.<\/p>\n<p data-path-to-node=\"7\">Il tema della marginalit\u00e0 di Belluno \u00e8 stato al centro dell\u2019intervento di Alfredo Moro, presidente della sezione cittadina, che pu\u00f2 gi\u00e0 contare su un gruppo di circa quaranta giovani attivi. \u00abSiamo stanchi di vedere Belluno relegata a un ruolo marginale. Vogliamo lavorare perch\u00e9 torni a essere il vero capoluogo, capace di guidare lo sviluppo e rappresentare gli interessi del territorio\u00bb, ha affermato Moro, rivolgendo un appello alla cittadinanza per un percorso partecipato.<\/p>\n<p data-path-to-node=\"9\">Un valore aggiunto alla proposta di Giovani&amp;Futuro arriva dalla dimensione internazionale dell\u2019associazione. Il vicepresidente nazionale Thomas Menia Corbanese ha evidenziato come l\u2019organizzazione sia entrata recentemente a far parte della Task Force della Commissione europea dedicata all&#8217;edilizia abitativa.<\/p>\n<p data-path-to-node=\"10\">Proprio la carenza di alloggi \u00e8 emersa dal questionario come una delle emergenze pi\u00f9 sentite dai bellunesi. \u00abQuesta opportunit\u00e0 ci consentir\u00e0 di portare la voce del nostro territorio nei tavoli europei\u00bb, ha spiegato Menia Corbanese, ribadendo la disponibilit\u00e0 al confronto con tutte le forze che abbiano come obiettivo il bene della comunit\u00e0, al di fuori degli interessi delle segreterie nazionali.<\/p>\n<p data-path-to-node=\"12\">In chiusura, Frescura ha definito Giovani&amp;Futuro come una \u00abcasa aperta\u00bb a chiunque non intenda rassegnarsi al declino. L\u2019associazione ha gi\u00e0 annunciato che, dopo la fase del questionario, il percorso di ascolto continuer\u00e0 attraverso il dialogo costante con cittadini, altre realt\u00e0 associative e le forze vive del territorio, confermando la volont\u00e0 di costruire una proposta politica basata sull&#8217;ascolto e non sulle logiche centraliste.<\/p>","protected":false},"excerpt":{"rendered":"<p>Belluno, 15\/07\/2026 &#8211;\u00a0BELLUNO \u2013 La politica bellunese si prepara a una novit\u00e0 in vista delle prossime elezioni comunali. Nella giornata di ieri, marted\u00ec, la terrazza dell\u2019Hotel Astor ha fatto da cornice alla conferenza stampa dell\u2019associazione Giovani&amp;Futuro, che ha ufficializzato la propria intenzione di partecipare alla prossima tornata elettorale con una lista civica dedicata. L\u2019annuncio \u00e8 [&hellip;]<\/p>\n","protected":false},"author":2,"featured_media":171930,"comment_status":"closed","ping_status":"open","sticky":false,"template":"","format":"standard","meta":{"footnotes":""},"categories":[5,26],"tags":[],"class_list":["post-171929","post","type-post","status-publish","format-standard","has-post-thumbnail","category-cronaca","category-prima-pagina"],"yoast_head":"<!-- This site is optimized with the Yoast SEO plugin v28.4 - https:\/\/yoast.com\/product\/yoast-seo-wordpress\/ -->\n<title>Elezioni a Belluno: Giovani&amp;Futuro scende in campo con una lista civica - Bellunopress - Dolomiti<\/title>\n<meta name=\"robots\" content=\"index, follow, max-snippet:-1, max-image-preview:large, max-video-preview:-1\" \/>\n<link rel=\"canonical\" href=\"https:\/\/www.bellunopress.it\/fr\/2026\/07\/15\/elezioni-a-belluno-giovanifuturo-scende-in-campo-con-una-lista-civica\/\" \/>\n<meta property=\"og:locale\" content=\"fr_FR\" \/>\n<meta property=\"og:type\" content=\"article\" \/>\n<meta property=\"og:title\" content=\"Elezioni a Belluno: Giovani&amp;Futuro scende in campo con una lista civica - Bellunopress - Dolomiti\" \/>\n<meta property=\"og:description\" content=\"Belluno, 15\/07\/2026 &#8211;\u00a0BELLUNO \u2013 La politica bellunese si prepara a una novit\u00e0 in vista delle prossime elezioni comunali. Nella giornata di ieri, marted\u00ec, la terrazza dell\u2019Hotel Astor ha fatto da cornice alla conferenza stampa dell\u2019associazione Giovani&amp;Futuro, che ha ufficializzato la propria intenzione di partecipare alla prossima tornata elettorale con una lista civica dedicata. L\u2019annuncio \u00e8 [&hellip;]\" \/>\n<meta property=\"og:url\" content=\"https:\/\/www.bellunopress.it\/fr\/2026\/07\/15\/elezioni-a-belluno-giovanifuturo-scende-in-campo-con-una-lista-civica\/\" \/>\n<meta property=\"og:site_name\" content=\"Bellunopress - Dolomiti\" \/>\n<meta property=\"article:publisher\" content=\"https:\/\/www.facebook.com\/profile.php?id=100008943462799\" \/>\n<meta property=\"article:published_time\" content=\"2026-07-15T05:38:28+00:00\" \/>\n<meta property=\"og:image\" content=\"https:\/\/www.bellunopress.it\/wp-content\/uploads\/2026\/07\/Luca-Frescura-Thomas-Menia-Corbanese-Alfredo-Moro.jpg\" \/>\n\t<meta property=\"og:image:width\" content=\"600\" \/>\n\t<meta property=\"og:image:height\" content=\"386\" \/>\n\t<meta property=\"og:image:type\" content=\"image\/jpeg\" \/>\n<meta name=\"author\" content=\"redazione\" \/>\n<meta name=\"twitter:card\" content=\"summary_large_image\" \/>\n<meta name=\"twitter:creator\" content=\"@bellunopress\" \/>\n<meta name=\"twitter:site\" content=\"@bellunopress\" \/>\n<meta name=\"twitter:label1\" content=\"\u00c9crit par\" \/>\n\t<meta name=\"twitter:data1\" content=\"redazione\" \/>\n\t<meta name=\"twitter:label2\" content=\"Dur\u00e9e de lecture estim\u00e9e\" \/>\n\t<meta name=\"twitter:data2\" content=\"3 minutes\" \/>\n<script type=\"application\/ld+json\" class=\"yoast-schema-graph\">{\"@context\":\"https:\\\/\\\/schema.org\",\"@graph\":[{\"@type\":\"Article\",\"@id\":\"https:\\\/\\\/www.bellunopress.it\\\/2026\\\/07\\\/15\\\/elezioni-a-belluno-giovanifuturo-scende-in-campo-con-una-lista-civica\\\/#article\",\"isPartOf\":{\"@id\":\"https:\\\/\\\/www.bellunopress.it\\\/2026\\\/07\\\/15\\\/elezioni-a-belluno-giovanifuturo-scende-in-campo-con-una-lista-civica\\\/\"},\"author\":{\"name\":\"redazione\",\"@id\":\"https:\\\/\\\/www.bellunopress.it\\\/#\\\/schema\\\/person\\\/79bb06722b37ece1c03d3e94beb30d73\"},\"headline\":\"Elezioni a Belluno: Giovani&#038;Futuro scende in campo con una lista civica\",\"datePublished\":\"2026-07-15T05:38:28+00:00\",\"mainEntityOfPage\":{\"@id\":\"https:\\\/\\\/www.bellunopress.it\\\/2026\\\/07\\\/15\\\/elezioni-a-belluno-giovanifuturo-scende-in-campo-con-una-lista-civica\\\/\"},\"wordCount\":420,\"publisher\":{\"@id\":\"https:\\\/\\\/www.bellunopress.it\\\/#organization\"},\"image\":{\"@id\":\"https:\\\/\\\/www.bellunopress.it\\\/2026\\\/07\\\/15\\\/elezioni-a-belluno-giovanifuturo-scende-in-campo-con-una-lista-civica\\\/#primaryimage\"},\"thumbnailUrl\":\"https:\\\/\\\/www.bellunopress.it\\\/wp-content\\\/uploads\\\/2026\\\/07\\\/Luca-Frescura-Thomas-Menia-Corbanese-Alfredo-Moro.jpg\",\"articleSection\":[\"Cronaca\\\/Politica\",\"Prima Pagina\"],\"inLanguage\":\"fr-FR\"},{\"@type\":\"WebPage\",\"@id\":\"https:\\\/\\\/www.bellunopress.it\\\/2026\\\/07\\\/15\\\/elezioni-a-belluno-giovanifuturo-scende-in-campo-con-una-lista-civica\\\/\",\"url\":\"https:\\\/\\\/www.bellunopress.it\\\/2026\\\/07\\\/15\\\/elezioni-a-belluno-giovanifuturo-scende-in-campo-con-una-lista-civica\\\/\",\"name\":\"Elezioni a Belluno: Giovani&Futuro scende in campo con una lista civica - Bellunopress - Dolomiti\",\"isPartOf\":{\"@id\":\"https:\\\/\\\/www.bellunopress.it\\\/#website\"},\"primaryImageOfPage\":{\"@id\":\"https:\\\/\\\/www.bellunopress.it\\\/2026\\\/07\\\/15\\\/elezioni-a-belluno-giovanifuturo-scende-in-campo-con-una-lista-civica\\\/#primaryimage\"},\"image\":{\"@id\":\"https:\\\/\\\/www.bellunopress.it\\\/2026\\\/07\\\/15\\\/elezioni-a-belluno-giovanifuturo-scende-in-campo-con-una-lista-civica\\\/#primaryimage\"},\"thumbnailUrl\":\"https:\\\/\\\/www.bellunopress.it\\\/wp-content\\\/uploads\\\/2026\\\/07\\\/Luca-Frescura-Thomas-Menia-Corbanese-Alfredo-Moro.jpg\",\"datePublished\":\"2026-07-15T05:38:28+00:00\",\"breadcrumb\":{\"@id\":\"https:\\\/\\\/www.bellunopress.it\\\/2026\\\/07\\\/15\\\/elezioni-a-belluno-giovanifuturo-scende-in-campo-con-una-lista-civica\\\/#breadcrumb\"},\"inLanguage\":\"fr-FR\",\"potentialAction\":[{\"@type\":\"ReadAction\",\"target\":[\"https:\\\/\\\/www.bellunopress.it\\\/2026\\\/07\\\/15\\\/elezioni-a-belluno-giovanifuturo-scende-in-campo-con-una-lista-civica\\\/\"]}]},{\"@type\":\"ImageObject\",\"inLanguage\":\"fr-FR\",\"@id\":\"https:\\\/\\\/www.bellunopress.it\\\/2026\\\/07\\\/15\\\/elezioni-a-belluno-giovanifuturo-scende-in-campo-con-una-lista-civica\\\/#primaryimage\",\"url\":\"https:\\\/\\\/www.bellunopress.it\\\/wp-content\\\/uploads\\\/2026\\\/07\\\/Luca-Frescura-Thomas-Menia-Corbanese-Alfredo-Moro.jpg\",\"contentUrl\":\"https:\\\/\\\/www.bellunopress.it\\\/wp-content\\\/uploads\\\/2026\\\/07\\\/Luca-Frescura-Thomas-Menia-Corbanese-Alfredo-Moro.jpg\",\"width\":600,\"height\":386,\"caption\":\"Giovani&Futuro: il presidente nazionale Luca Frescura (al centro), il vicepresidente nazionale Thomas Menia Corbanese (sulla destra) e il presidente della sezione cittadina di Belluno, Alfredo Moro (alla sinistra).\"},{\"@type\":\"BreadcrumbList\",\"@id\":\"https:\\\/\\\/www.bellunopress.it\\\/2026\\\/07\\\/15\\\/elezioni-a-belluno-giovanifuturo-scende-in-campo-con-una-lista-civica\\\/#breadcrumb\",\"itemListElement\":[{\"@type\":\"ListItem\",\"position\":1,\"name\":\"Home\",\"item\":\"https:\\\/\\\/www.bellunopress.it\\\/\"},{\"@type\":\"ListItem\",\"position\":2,\"name\":\"Elezioni a Belluno: Giovani&#038;Futuro scende in campo con una lista civica\"}]},{\"@type\":\"WebSite\",\"@id\":\"https:\\\/\\\/www.bellunopress.it\\\/#website\",\"url\":\"https:\\\/\\\/www.bellunopress.it\\\/\",\"name\":\"Bellunopress - Dolomiti\",\"description\":\"e-mail: redazione@bellunopress.it\",\"publisher\":{\"@id\":\"https:\\\/\\\/www.bellunopress.it\\\/#organization\"},\"potentialAction\":[{\"@type\":\"SearchAction\",\"target\":{\"@type\":\"EntryPoint\",\"urlTemplate\":\"https:\\\/\\\/www.bellunopress.it\\\/?s={search_term_string}\"},\"query-input\":{\"@type\":\"PropertyValueSpecification\",\"valueRequired\":true,\"valueName\":\"search_term_string\"}}],\"inLanguage\":\"fr-FR\"},{\"@type\":\"Organization\",\"@id\":\"https:\\\/\\\/www.bellunopress.it\\\/#organization\",\"name\":\"Bellunopress\",\"url\":\"https:\\\/\\\/www.bellunopress.it\\\/\",\"logo\":{\"@type\":\"ImageObject\",\"inLanguage\":\"fr-FR\",\"@id\":\"https:\\\/\\\/www.bellunopress.it\\\/#\\\/schema\\\/logo\\\/image\\\/\",\"url\":\"https:\\\/\\\/www.bellunopress.it\\\/wp-content\\\/uploads\\\/2011\\\/05\\\/cropped-logo-bellunopress-.jpg\",\"contentUrl\":\"https:\\\/\\\/www.bellunopress.it\\\/wp-content\\\/uploads\\\/2011\\\/05\\\/cropped-logo-bellunopress-.jpg\",\"width\":512,\"height\":512,\"caption\":\"Bellunopress\"},\"image\":{\"@id\":\"https:\\\/\\\/www.bellunopress.it\\\/#\\\/schema\\\/logo\\\/image\\\/\"},\"sameAs\":[\"https:\\\/\\\/www.facebook.com\\\/profile.php?id=100008943462799\",\"https:\\\/\\\/x.com\\\/bellunopress\",\"https:\\\/\\\/www.linkedin.com\\\/hp\\\/?dnr=JBzUWaJfMUw8vbXJJ2tVW5-I3jZKvC4wsoxE&amp;amp;amp;amp;amp;amp;trk=nav_responsive_tab_home\",\"https:\\\/\\\/www.youtube.com\\\/channel\\\/UCxL0wu1uN0_3_7hGG0306cw\"]},{\"@type\":\"Person\",\"@id\":\"https:\\\/\\\/www.bellunopress.it\\\/#\\\/schema\\\/person\\\/79bb06722b37ece1c03d3e94beb30d73\",\"name\":\"redazione\",\"image\":{\"@type\":\"ImageObject\",\"inLanguage\":\"fr-FR\",\"@id\":\"https:\\\/\\\/secure.gravatar.com\\\/avatar\\\/37d968a2e67a6fd04c169c4bdef102d0bc5d31b2546345219e348575eb80e9a0?s=96&d=mm&r=g\",\"url\":\"https:\\\/\\\/secure.gravatar.com\\\/avatar\\\/37d968a2e67a6fd04c169c4bdef102d0bc5d31b2546345219e348575eb80e9a0?s=96&d=mm&r=g\",\"contentUrl\":\"https:\\\/\\\/secure.gravatar.com\\\/avatar\\\/37d968a2e67a6fd04c169c4bdef102d0bc5d31b2546345219e348575eb80e9a0?s=96&d=mm&r=g\",\"caption\":\"redazione\"},\"sameAs\":[\"http:\\\/\\\/www.bellunopress.it\",\"https:\\\/\\\/x.com\\\/bellunopress\"],\"url\":\"https:\\\/\\\/www.bellunopress.it\\\/fr\\\/author\\\/redazione\\\/\"}]}<\/script>\n<!-- \/ Yoast SEO plugin. -->","yoast_head_json":{"title":"Elezioni a Belluno: Giovani&Futuro scende in campo con una lista civica - Bellunopress - Dolomiti","robots":{"index":"index","follow":"follow","max-snippet":"max-snippet:-1","max-image-preview":"max-image-preview:large","max-video-preview":"max-video-preview:-1"},"canonical":"https:\/\/www.bellunopress.it\/fr\/2026\/07\/15\/elezioni-a-belluno-giovanifuturo-scende-in-campo-con-una-lista-civica\/","og_locale":"fr_FR","og_type":"article","og_title":"Elezioni a Belluno: Giovani&Futuro scende in campo con una lista civica - Bellunopress - Dolomiti","og_description":"Belluno, 15\/07\/2026 &#8211;\u00a0BELLUNO \u2013 La politica bellunese si prepara a una novit\u00e0 in vista delle prossime elezioni comunali. Nella giornata di ieri, marted\u00ec, la terrazza dell\u2019Hotel Astor ha fatto da cornice alla conferenza stampa dell\u2019associazione Giovani&amp;Futuro, che ha ufficializzato la propria intenzione di partecipare alla prossima tornata elettorale con una lista civica dedicata. L\u2019annuncio \u00e8 [&hellip;]","og_url":"https:\/\/www.bellunopress.it\/fr\/2026\/07\/15\/elezioni-a-belluno-giovanifuturo-scende-in-campo-con-una-lista-civica\/","og_site_name":"Bellunopress - Dolomiti","article_publisher":"https:\/\/www.facebook.com\/profile.php?id=100008943462799","article_published_time":"2026-07-15T05:38:28+00:00","og_image":[{"width":600,"height":386,"url":"https:\/\/www.bellunopress.it\/wp-content\/uploads\/2026\/07\/Luca-Frescura-Thomas-Menia-Corbanese-Alfredo-Moro.jpg","type":"image\/jpeg"}],"author":"redazione","twitter_card":"summary_large_image","twitter_creator":"@bellunopress","twitter_site":"@bellunopress","twitter_misc":{"\u00c9crit par":"redazione","Dur\u00e9e de lecture estim\u00e9e":"3 minutes"},"schema":{"@context":"https:\/\/schema.org","@graph":[{"@type":"Article","@id":"https:\/\/www.bellunopress.it\/2026\/07\/15\/elezioni-a-belluno-giovanifuturo-scende-in-campo-con-una-lista-civica\/#article","isPartOf":{"@id":"https:\/\/www.bellunopress.it\/2026\/07\/15\/elezioni-a-belluno-giovanifuturo-scende-in-campo-con-una-lista-civica\/"},"author":{"name":"redazione","@id":"https:\/\/www.bellunopress.it\/#\/schema\/person\/79bb06722b37ece1c03d3e94beb30d73"},"headline":"Elezioni a Belluno: Giovani&#038;Futuro scende in campo con una lista civica","datePublished":"2026-07-15T05:38:28+00:00","mainEntityOfPage":{"@id":"https:\/\/www.bellunopress.it\/2026\/07\/15\/elezioni-a-belluno-giovanifuturo-scende-in-campo-con-una-lista-civica\/"},"wordCount":420,"publisher":{"@id":"https:\/\/www.bellunopress.it\/#organization"},"image":{"@id":"https:\/\/www.bellunopress.it\/2026\/07\/15\/elezioni-a-belluno-giovanifuturo-scende-in-campo-con-una-lista-civica\/#primaryimage"},"thumbnailUrl":"https:\/\/www.bellunopress.it\/wp-content\/uploads\/2026\/07\/Luca-Frescura-Thomas-Menia-Corbanese-Alfredo-Moro.jpg","articleSection":["Cronaca\/Politica","Prima Pagina"],"inLanguage":"fr-FR"},{"@type":"WebPage","@id":"https:\/\/www.bellunopress.it\/2026\/07\/15\/elezioni-a-belluno-giovanifuturo-scende-in-campo-con-una-lista-civica\/","url":"https:\/\/www.bellunopress.it\/2026\/07\/15\/elezioni-a-belluno-giovanifuturo-scende-in-campo-con-una-lista-civica\/","name":"Elezioni a Belluno: Giovani&Futuro scende in campo con una lista civica - Bellunopress - Dolomiti","isPartOf":{"@id":"https:\/\/www.bellunopress.it\/#website"},"primaryImageOfPage":{"@id":"https:\/\/www.bellunopress.it\/2026\/07\/15\/elezioni-a-belluno-giovanifuturo-scende-in-campo-con-una-lista-civica\/#primaryimage"},"image":{"@id":"https:\/\/www.bellunopress.it\/2026\/07\/15\/elezioni-a-belluno-giovanifuturo-scende-in-campo-con-una-lista-civica\/#primaryimage"},"thumbnailUrl":"https:\/\/www.bellunopress.it\/wp-content\/uploads\/2026\/07\/Luca-Frescura-Thomas-Menia-Corbanese-Alfredo-Moro.jpg","datePublished":"2026-07-15T05:38:28+00:00","breadcrumb":{"@id":"https:\/\/www.bellunopress.it\/2026\/07\/15\/elezioni-a-belluno-giovanifuturo-scende-in-campo-con-una-lista-civica\/#breadcrumb"},"inLanguage":"fr-FR","potentialAction":[{"@type":"ReadAction","target":["https:\/\/www.bellunopress.it\/2026\/07\/15\/elezioni-a-belluno-giovanifuturo-scende-in-campo-con-una-lista-civica\/"]}]},{"@type":"ImageObject","inLanguage":"fr-FR","@id":"https:\/\/www.bellunopress.it\/2026\/07\/15\/elezioni-a-belluno-giovanifuturo-scende-in-campo-con-una-lista-civica\/#primaryimage","url":"https:\/\/www.bellunopress.it\/wp-content\/uploads\/2026\/07\/Luca-Frescura-Thomas-Menia-Corbanese-Alfredo-Moro.jpg","contentUrl":"https:\/\/www.bellunopress.it\/wp-content\/uploads\/2026\/07\/Luca-Frescura-Thomas-Menia-Corbanese-Alfredo-Moro.jpg","width":600,"height":386,"caption":"Giovani&Futuro: il presidente nazionale Luca Frescura (al centro), il vicepresidente nazionale Thomas Menia Corbanese (sulla destra) e il presidente della sezione cittadina di Belluno, Alfredo Moro (alla sinistra)."},{"@type":"BreadcrumbList","@id":"https:\/\/www.bellunopress.it\/2026\/07\/15\/elezioni-a-belluno-giovanifuturo-scende-in-campo-con-una-lista-civica\/#breadcrumb","itemListElement":[{"@type":"ListItem","position":1,"name":"Home","item":"https:\/\/www.bellunopress.it\/"},{"@type":"ListItem","position":2,"name":"Elezioni a Belluno: Giovani&#038;Futuro scende in campo con una lista civica"}]},{"@type":"WebSite","@id":"https:\/\/www.bellunopress.it\/#website","url":"https:\/\/www.bellunopress.it\/","name":"Bellunopress - Dolomiti","description":"e-mail: redazione@bellunopress.it","publisher":{"@id":"https:\/\/www.bellunopress.it\/#organization"},"potentialAction":[{"@type":"SearchAction","target":{"@type":"EntryPoint","urlTemplate":"https:\/\/www.bellunopress.it\/?s={search_term_string}"},"query-input":{"@type":"PropertyValueSpecification","valueRequired":true,"valueName":"search_term_string"}}],"inLanguage":"fr-FR"},{"@type":"Organization","@id":"https:\/\/www.bellunopress.it\/#organization","name":"Bellunopress","url":"https:\/\/www.bellunopress.it\/","logo":{"@type":"ImageObject","inLanguage":"fr-FR","@id":"https:\/\/www.bellunopress.it\/#\/schema\/logo\/image\/","url":"https:\/\/www.bellunopress.it\/wp-content\/uploads\/2011\/05\/cropped-logo-bellunopress-.jpg","contentUrl":"https:\/\/www.bellunopress.it\/wp-content\/uploads\/2011\/05\/cropped-logo-bellunopress-.jpg","width":512,"height":512,"caption":"Bellunopress"},"image":{"@id":"https:\/\/www.bellunopress.it\/#\/schema\/logo\/image\/"},"sameAs":["https:\/\/www.facebook.com\/profile.php?id=100008943462799","https:\/\/x.com\/bellunopress","https:\/\/www.linkedin.com\/hp\/?dnr=JBzUWaJfMUw8vbXJJ2tVW5-I3jZKvC4wsoxE&amp;amp;amp;amp;amp;amp;trk=nav_responsive_tab_home","https:\/\/www.youtube.com\/channel\/UCxL0wu1uN0_3_7hGG0306cw"]},{"@type":"Person","@id":"https:\/\/www.bellunopress.it\/#\/schema\/person\/79bb06722b37ece1c03d3e94beb30d73","name":"r\u00e9daction","image":{"@type":"ImageObject","inLanguage":"fr-FR","@id":"https:\/\/secure.gravatar.com\/avatar\/37d968a2e67a6fd04c169c4bdef102d0bc5d31b2546345219e348575eb80e9a0?s=96&d=mm&r=g","url":"https:\/\/secure.gravatar.com\/avatar\/37d968a2e67a6fd04c169c4bdef102d0bc5d31b2546345219e348575eb80e9a0?s=96&d=mm&r=g","contentUrl":"https:\/\/secure.gravatar.com\/avatar\/37d968a2e67a6fd04c169c4bdef102d0bc5d31b2546345219e348575eb80e9a0?s=96&d=mm&r=g","caption":"redazione"},"sameAs":["http:\/\/www.bellunopress.it","https:\/\/x.com\/bellunopress"],"url":"https:\/\/www.bellunopress.it\/fr\/author\/redazione\/"}]}},"_links":{"self":[{"href":"https:\/\/www.bellunopress.it\/fr\/wp-json\/wp\/v2\/posts\/171929","targetHints":{"allow":["GET"]}}],"collection":[{"href":"https:\/\/www.bellunopress.it\/fr\/wp-json\/wp\/v2\/posts"}],"about":[{"href":"https:\/\/www.bellunopress.it\/fr\/wp-json\/wp\/v2\/types\/post"}],"author":[{"embeddable":true,"href":"https:\/\/www.bellunopress.it\/fr\/wp-json\/wp\/v2\/users\/2"}],"replies":[{"embeddable":true,"href":"https:\/\/www.bellunopress.it\/fr\/wp-json\/wp\/v2\/comments?post=171929"}],"version-history":[{"count":1,"href":"https:\/\/www.bellunopress.it\/fr\/wp-json\/wp\/v2\/posts\/171929\/revisions"}],"predecessor-version":[{"id":171931,"href":"https:\/\/www.bellunopress.it\/fr\/wp-json\/wp\/v2\/posts\/171929\/revisions\/171931"}],"wp:featuredmedia":[{"embeddable":true,"href":"https:\/\/www.bellunopress.it\/fr\/wp-json\/wp\/v2\/media\/171930"}],"wp:attachment":[{"href":"https:\/\/www.bellunopress.it\/fr\/wp-json\/wp\/v2\/media?parent=171929"}],"wp:term":[{"taxonomy":"category","embeddable":true,"href":"https:\/\/www.bellunopress.it\/fr\/wp-json\/wp\/v2\/categories?post=171929"},{"taxonomy":"post_tag","embeddable":true,"href":"https:\/\/www.bellunopress.it\/fr\/wp-json\/wp\/v2\/tags?post=171929"}],"curies":[{"name":"wp","href":"https:\/\/api.w.org\/{rel}","templated":true}]}}