{"id":171925,"date":"2026-07-14T20:32:36","date_gmt":"2026-07-14T18:32:36","guid":{"rendered":"https:\/\/www.bellunopress.it\/?p=171925"},"modified":"2026-07-14T20:32:36","modified_gmt":"2026-07-14T18:32:36","slug":"il-palio-di-feltre-sbarca-nelle-istituzioni-presentazione-al-senato-e-a-palazzo-balbi","status":"publish","type":"post","link":"https:\/\/www.bellunopress.it\/fr\/2026\/07\/14\/il-palio-di-feltre-sbarca-nelle-istituzioni-presentazione-al-senato-e-a-palazzo-balbi\/","title":{"rendered":"Il Palio di Feltre sbarca nelle istituzioni: presentazione al Senato e a Palazzo Balbi"},"content":{"rendered":"<p>Roma\/Venezia, 14 luglio 2026\u00a0 &#8211;\u00a0 Il Palio di Feltre si prepara a vivere una quarantasettesima edizione di grande respiro istituzionale. La storica manifestazione, simbolo dell&#8217;identit\u00e0 e della tradizione feltrina, godr\u00e0 infatti di una ribalta<br \/>\nd&#8217;eccezione, venendo presentata ufficialmente nei cuori pulsanti delle istituzioni nazionali e regionali.<\/p>\n<p>Il primo appuntamento \u00e8 fissato per gioved\u00ec 16 luglio, alle ore 15.00, presso la prestigiosa Sala dell&#8217;Istituto di Santa Maria in Aquiro del Senato della Repubblica, a Roma. L&#8217;iniziativa, promossa dal Senatore Luca De Carlo, Presidente della IX Commissione Industria, commercio, turismo, agricoltura e produzione agroalimentare, vedr\u00e0 la partecipazione di figure di rilievo del mondo istituzionale e culturale.<br \/>\nInterverranno all&#8217;incontro, oltre al Senatore De Carlo, l&#8217;Assessore al Palio del Comune di Feltre Matteo Titton, la storica e archivista Lucia Andreina, il Ten. Col. Alessandro Brunetti del IV Reggimento Carabinieri a cavallo, la Presidente di Confartigianato Belluno Claudia Scarzanella, insieme al Vicepresidente Manuel Sacchet e al Presidente del Palio Eugenio Tamburrino. L&#8217;evento sar\u00e0 trasmesso in diretta sulla webtv del Senato.<\/p>\n<p>Le celebrazioni per il lancio della manifestazione proseguiranno la settimana successiva a Venezia, presso Palazzo Balbi, sede della Giunta regionale del Veneto. Su iniziativa dell&#8217;Assessore regionale alla Montagna Dario Bond, il Palio sar\u00e0 presentato nuovamente, questa volta con l&#8217;intervento dello stesso Bond, dell&#8217;Assessore regionale Valeria Mantovan e del Presidente del Palio Eugenio Tamburrino.<\/p>\n<p>\u00abIl fatto che il Palio di Feltre venga presentato prima al Senato della Repubblica e poi a Palazzo Balbi \u00e8 un segnale importante del prestigio che la nostra manifestazione ha saputo conquistare negli anni\u00bb, dichiara Eugenio Tamburrino. \u00abPer noi non \u00e8 soltanto un motivo di\u00a0orgoglio, ma anche una responsabilit\u00e0: quella di rappresentare al meglio una tradizione che<br \/>\nda quasi cinquant&#8217;anni coinvolge centinaia di volontari e racconta la storia, l&#8217;identit\u00e0 e i valori della nostra citt\u00e0.\u00bb<\/p>\n<p>Queste presentazioni istituzionali confermano il Palio di Feltre come uno dei pilastri culturali e turistici del Veneto. Grazie al sostegno del senatore De Carlo e dell&#8217;assessore regionale Bond, la manifestazione si prepara ad accogliere il pubblico con un&#8217;edizione che promette di coniugare il valore storico con uno sguardo fiducioso verso il futuro, celebrando quasi mezzo secolo di passione e volontariato.<\/p>","protected":false},"excerpt":{"rendered":"<p>Roma\/Venezia, 14 luglio 2026\u00a0 &#8211;\u00a0 Il Palio di Feltre si prepara a vivere una quarantasettesima edizione di grande respiro istituzionale. La storica manifestazione, simbolo dell&#8217;identit\u00e0 e della tradizione feltrina, godr\u00e0 infatti di una ribalta d&#8217;eccezione, venendo presentata ufficialmente nei cuori pulsanti delle istituzioni nazionali e regionali. Il primo appuntamento \u00e8 fissato per gioved\u00ec 16 luglio, [&hellip;]<\/p>\n","protected":false},"author":2,"featured_media":162352,"comment_status":"closed","ping_status":"open","sticky":false,"template":"","format":"standard","meta":{"footnotes":""},"categories":[26,8],"tags":[],"class_list":["post-171925","post","type-post","status-publish","format-standard","has-post-thumbnail","category-prima-pagina","category-societa-istituzioni"],"yoast_head":"<!-- This site is optimized with the Yoast SEO plugin v28.4 - https:\/\/yoast.com\/product\/yoast-seo-wordpress\/ -->\n<title>Il Palio di Feltre sbarca nelle istituzioni: presentazione al Senato e a Palazzo Balbi - Bellunopress - Dolomiti<\/title>\n<meta name=\"robots\" content=\"index, follow, max-snippet:-1, max-image-preview:large, max-video-preview:-1\" \/>\n<link rel=\"canonical\" href=\"https:\/\/www.bellunopress.it\/fr\/2026\/07\/14\/il-palio-di-feltre-sbarca-nelle-istituzioni-presentazione-al-senato-e-a-palazzo-balbi\/\" \/>\n<meta property=\"og:locale\" content=\"fr_FR\" \/>\n<meta property=\"og:type\" content=\"article\" \/>\n<meta property=\"og:title\" content=\"Il Palio di Feltre sbarca nelle istituzioni: presentazione al Senato e a Palazzo Balbi - Bellunopress - Dolomiti\" \/>\n<meta property=\"og:description\" content=\"Roma\/Venezia, 14 luglio 2026\u00a0 &#8211;\u00a0 Il Palio di Feltre si prepara a vivere una quarantasettesima edizione di grande respiro istituzionale. La storica manifestazione, simbolo dell&#8217;identit\u00e0 e della tradizione feltrina, godr\u00e0 infatti di una ribalta d&#8217;eccezione, venendo presentata ufficialmente nei cuori pulsanti delle istituzioni nazionali e regionali. Il primo appuntamento \u00e8 fissato per gioved\u00ec 16 luglio, [&hellip;]\" \/>\n<meta property=\"og:url\" content=\"https:\/\/www.bellunopress.it\/fr\/2026\/07\/14\/il-palio-di-feltre-sbarca-nelle-istituzioni-presentazione-al-senato-e-a-palazzo-balbi\/\" \/>\n<meta property=\"og:site_name\" content=\"Bellunopress - Dolomiti\" \/>\n<meta property=\"article:publisher\" content=\"https:\/\/www.facebook.com\/profile.php?id=100008943462799\" \/>\n<meta property=\"article:published_time\" content=\"2026-07-14T18:32:36+00:00\" \/>\n<meta property=\"og:image\" content=\"https:\/\/www.bellunopress.it\/wp-content\/uploads\/2025\/08\/Palio-di-Feltre.jpg\" \/>\n\t<meta property=\"og:image:width\" content=\"800\" \/>\n\t<meta property=\"og:image:height\" content=\"600\" \/>\n\t<meta property=\"og:image:type\" content=\"image\/jpeg\" \/>\n<meta name=\"author\" content=\"redazione\" \/>\n<meta name=\"twitter:card\" content=\"summary_large_image\" \/>\n<meta name=\"twitter:creator\" content=\"@bellunopress\" \/>\n<meta name=\"twitter:site\" content=\"@bellunopress\" \/>\n<meta name=\"twitter:label1\" content=\"\u00c9crit par\" \/>\n\t<meta name=\"twitter:data1\" content=\"redazione\" \/>\n\t<meta name=\"twitter:label2\" content=\"Dur\u00e9e de lecture estim\u00e9e\" \/>\n\t<meta name=\"twitter:data2\" content=\"3 minutes\" \/>\n<script type=\"application\/ld+json\" class=\"yoast-schema-graph\">{\"@context\":\"https:\\\/\\\/schema.org\",\"@graph\":[{\"@type\":\"Article\",\"@id\":\"https:\\\/\\\/www.bellunopress.it\\\/2026\\\/07\\\/14\\\/il-palio-di-feltre-sbarca-nelle-istituzioni-presentazione-al-senato-e-a-palazzo-balbi\\\/#article\",\"isPartOf\":{\"@id\":\"https:\\\/\\\/www.bellunopress.it\\\/2026\\\/07\\\/14\\\/il-palio-di-feltre-sbarca-nelle-istituzioni-presentazione-al-senato-e-a-palazzo-balbi\\\/\"},\"author\":{\"name\":\"redazione\",\"@id\":\"https:\\\/\\\/www.bellunopress.it\\\/#\\\/schema\\\/person\\\/79bb06722b37ece1c03d3e94beb30d73\"},\"headline\":\"Il Palio di Feltre sbarca nelle istituzioni: presentazione al Senato e a Palazzo Balbi\",\"datePublished\":\"2026-07-14T18:32:36+00:00\",\"mainEntityOfPage\":{\"@id\":\"https:\\\/\\\/www.bellunopress.it\\\/2026\\\/07\\\/14\\\/il-palio-di-feltre-sbarca-nelle-istituzioni-presentazione-al-senato-e-a-palazzo-balbi\\\/\"},\"wordCount\":376,\"publisher\":{\"@id\":\"https:\\\/\\\/www.bellunopress.it\\\/#organization\"},\"image\":{\"@id\":\"https:\\\/\\\/www.bellunopress.it\\\/2026\\\/07\\\/14\\\/il-palio-di-feltre-sbarca-nelle-istituzioni-presentazione-al-senato-e-a-palazzo-balbi\\\/#primaryimage\"},\"thumbnailUrl\":\"https:\\\/\\\/www.bellunopress.it\\\/wp-content\\\/uploads\\\/2025\\\/08\\\/Palio-di-Feltre.jpg\",\"articleSection\":[\"Prima Pagina\",\"Societ\u00e0, Associazioni, Istituzioni\"],\"inLanguage\":\"fr-FR\"},{\"@type\":\"WebPage\",\"@id\":\"https:\\\/\\\/www.bellunopress.it\\\/2026\\\/07\\\/14\\\/il-palio-di-feltre-sbarca-nelle-istituzioni-presentazione-al-senato-e-a-palazzo-balbi\\\/\",\"url\":\"https:\\\/\\\/www.bellunopress.it\\\/2026\\\/07\\\/14\\\/il-palio-di-feltre-sbarca-nelle-istituzioni-presentazione-al-senato-e-a-palazzo-balbi\\\/\",\"name\":\"Il Palio di Feltre sbarca nelle istituzioni: presentazione al Senato e a Palazzo Balbi - Bellunopress - Dolomiti\",\"isPartOf\":{\"@id\":\"https:\\\/\\\/www.bellunopress.it\\\/#website\"},\"primaryImageOfPage\":{\"@id\":\"https:\\\/\\\/www.bellunopress.it\\\/2026\\\/07\\\/14\\\/il-palio-di-feltre-sbarca-nelle-istituzioni-presentazione-al-senato-e-a-palazzo-balbi\\\/#primaryimage\"},\"image\":{\"@id\":\"https:\\\/\\\/www.bellunopress.it\\\/2026\\\/07\\\/14\\\/il-palio-di-feltre-sbarca-nelle-istituzioni-presentazione-al-senato-e-a-palazzo-balbi\\\/#primaryimage\"},\"thumbnailUrl\":\"https:\\\/\\\/www.bellunopress.it\\\/wp-content\\\/uploads\\\/2025\\\/08\\\/Palio-di-Feltre.jpg\",\"datePublished\":\"2026-07-14T18:32:36+00:00\",\"breadcrumb\":{\"@id\":\"https:\\\/\\\/www.bellunopress.it\\\/2026\\\/07\\\/14\\\/il-palio-di-feltre-sbarca-nelle-istituzioni-presentazione-al-senato-e-a-palazzo-balbi\\\/#breadcrumb\"},\"inLanguage\":\"fr-FR\",\"potentialAction\":[{\"@type\":\"ReadAction\",\"target\":[\"https:\\\/\\\/www.bellunopress.it\\\/2026\\\/07\\\/14\\\/il-palio-di-feltre-sbarca-nelle-istituzioni-presentazione-al-senato-e-a-palazzo-balbi\\\/\"]}]},{\"@type\":\"ImageObject\",\"inLanguage\":\"fr-FR\",\"@id\":\"https:\\\/\\\/www.bellunopress.it\\\/2026\\\/07\\\/14\\\/il-palio-di-feltre-sbarca-nelle-istituzioni-presentazione-al-senato-e-a-palazzo-balbi\\\/#primaryimage\",\"url\":\"https:\\\/\\\/www.bellunopress.it\\\/wp-content\\\/uploads\\\/2025\\\/08\\\/Palio-di-Feltre.jpg\",\"contentUrl\":\"https:\\\/\\\/www.bellunopress.it\\\/wp-content\\\/uploads\\\/2025\\\/08\\\/Palio-di-Feltre.jpg\",\"width\":800,\"height\":600},{\"@type\":\"BreadcrumbList\",\"@id\":\"https:\\\/\\\/www.bellunopress.it\\\/2026\\\/07\\\/14\\\/il-palio-di-feltre-sbarca-nelle-istituzioni-presentazione-al-senato-e-a-palazzo-balbi\\\/#breadcrumb\",\"itemListElement\":[{\"@type\":\"ListItem\",\"position\":1,\"name\":\"Home\",\"item\":\"https:\\\/\\\/www.bellunopress.it\\\/\"},{\"@type\":\"ListItem\",\"position\":2,\"name\":\"Il Palio di Feltre sbarca nelle istituzioni: presentazione al Senato e a Palazzo Balbi\"}]},{\"@type\":\"WebSite\",\"@id\":\"https:\\\/\\\/www.bellunopress.it\\\/#website\",\"url\":\"https:\\\/\\\/www.bellunopress.it\\\/\",\"name\":\"Bellunopress - Dolomiti\",\"description\":\"e-mail: redazione@bellunopress.it\",\"publisher\":{\"@id\":\"https:\\\/\\\/www.bellunopress.it\\\/#organization\"},\"potentialAction\":[{\"@type\":\"SearchAction\",\"target\":{\"@type\":\"EntryPoint\",\"urlTemplate\":\"https:\\\/\\\/www.bellunopress.it\\\/?s={search_term_string}\"},\"query-input\":{\"@type\":\"PropertyValueSpecification\",\"valueRequired\":true,\"valueName\":\"search_term_string\"}}],\"inLanguage\":\"fr-FR\"},{\"@type\":\"Organization\",\"@id\":\"https:\\\/\\\/www.bellunopress.it\\\/#organization\",\"name\":\"Bellunopress\",\"url\":\"https:\\\/\\\/www.bellunopress.it\\\/\",\"logo\":{\"@type\":\"ImageObject\",\"inLanguage\":\"fr-FR\",\"@id\":\"https:\\\/\\\/www.bellunopress.it\\\/#\\\/schema\\\/logo\\\/image\\\/\",\"url\":\"https:\\\/\\\/www.bellunopress.it\\\/wp-content\\\/uploads\\\/2011\\\/05\\\/cropped-logo-bellunopress-.jpg\",\"contentUrl\":\"https:\\\/\\\/www.bellunopress.it\\\/wp-content\\\/uploads\\\/2011\\\/05\\\/cropped-logo-bellunopress-.jpg\",\"width\":512,\"height\":512,\"caption\":\"Bellunopress\"},\"image\":{\"@id\":\"https:\\\/\\\/www.bellunopress.it\\\/#\\\/schema\\\/logo\\\/image\\\/\"},\"sameAs\":[\"https:\\\/\\\/www.facebook.com\\\/profile.php?id=100008943462799\",\"https:\\\/\\\/x.com\\\/bellunopress\",\"https:\\\/\\\/www.linkedin.com\\\/hp\\\/?dnr=JBzUWaJfMUw8vbXJJ2tVW5-I3jZKvC4wsoxE&amp;amp;amp;amp;amp;amp;trk=nav_responsive_tab_home\",\"https:\\\/\\\/www.youtube.com\\\/channel\\\/UCxL0wu1uN0_3_7hGG0306cw\"]},{\"@type\":\"Person\",\"@id\":\"https:\\\/\\\/www.bellunopress.it\\\/#\\\/schema\\\/person\\\/79bb06722b37ece1c03d3e94beb30d73\",\"name\":\"redazione\",\"image\":{\"@type\":\"ImageObject\",\"inLanguage\":\"fr-FR\",\"@id\":\"https:\\\/\\\/secure.gravatar.com\\\/avatar\\\/37d968a2e67a6fd04c169c4bdef102d0bc5d31b2546345219e348575eb80e9a0?s=96&d=mm&r=g\",\"url\":\"https:\\\/\\\/secure.gravatar.com\\\/avatar\\\/37d968a2e67a6fd04c169c4bdef102d0bc5d31b2546345219e348575eb80e9a0?s=96&d=mm&r=g\",\"contentUrl\":\"https:\\\/\\\/secure.gravatar.com\\\/avatar\\\/37d968a2e67a6fd04c169c4bdef102d0bc5d31b2546345219e348575eb80e9a0?s=96&d=mm&r=g\",\"caption\":\"redazione\"},\"sameAs\":[\"http:\\\/\\\/www.bellunopress.it\",\"https:\\\/\\\/x.com\\\/bellunopress\"],\"url\":\"https:\\\/\\\/www.bellunopress.it\\\/fr\\\/author\\\/redazione\\\/\"}]}<\/script>\n<!-- \/ Yoast SEO plugin. -->","yoast_head_json":{"title":"Il Palio di Feltre sbarca nelle istituzioni: presentazione al Senato e a Palazzo Balbi - Bellunopress - Dolomiti","robots":{"index":"index","follow":"follow","max-snippet":"max-snippet:-1","max-image-preview":"max-image-preview:large","max-video-preview":"max-video-preview:-1"},"canonical":"https:\/\/www.bellunopress.it\/fr\/2026\/07\/14\/il-palio-di-feltre-sbarca-nelle-istituzioni-presentazione-al-senato-e-a-palazzo-balbi\/","og_locale":"fr_FR","og_type":"article","og_title":"Il Palio di Feltre sbarca nelle istituzioni: presentazione al Senato e a Palazzo Balbi - Bellunopress - Dolomiti","og_description":"Roma\/Venezia, 14 luglio 2026\u00a0 &#8211;\u00a0 Il Palio di Feltre si prepara a vivere una quarantasettesima edizione di grande respiro istituzionale. La storica manifestazione, simbolo dell&#8217;identit\u00e0 e della tradizione feltrina, godr\u00e0 infatti di una ribalta d&#8217;eccezione, venendo presentata ufficialmente nei cuori pulsanti delle istituzioni nazionali e regionali. Il primo appuntamento \u00e8 fissato per gioved\u00ec 16 luglio, [&hellip;]","og_url":"https:\/\/www.bellunopress.it\/fr\/2026\/07\/14\/il-palio-di-feltre-sbarca-nelle-istituzioni-presentazione-al-senato-e-a-palazzo-balbi\/","og_site_name":"Bellunopress - Dolomiti","article_publisher":"https:\/\/www.facebook.com\/profile.php?id=100008943462799","article_published_time":"2026-07-14T18:32:36+00:00","og_image":[{"width":800,"height":600,"url":"https:\/\/www.bellunopress.it\/wp-content\/uploads\/2025\/08\/Palio-di-Feltre.jpg","type":"image\/jpeg"}],"author":"redazione","twitter_card":"summary_large_image","twitter_creator":"@bellunopress","twitter_site":"@bellunopress","twitter_misc":{"\u00c9crit par":"redazione","Dur\u00e9e de lecture estim\u00e9e":"3 minutes"},"schema":{"@context":"https:\/\/schema.org","@graph":[{"@type":"Article","@id":"https:\/\/www.bellunopress.it\/2026\/07\/14\/il-palio-di-feltre-sbarca-nelle-istituzioni-presentazione-al-senato-e-a-palazzo-balbi\/#article","isPartOf":{"@id":"https:\/\/www.bellunopress.it\/2026\/07\/14\/il-palio-di-feltre-sbarca-nelle-istituzioni-presentazione-al-senato-e-a-palazzo-balbi\/"},"author":{"name":"redazione","@id":"https:\/\/www.bellunopress.it\/#\/schema\/person\/79bb06722b37ece1c03d3e94beb30d73"},"headline":"Il Palio di Feltre sbarca nelle istituzioni: presentazione al Senato e a Palazzo Balbi","datePublished":"2026-07-14T18:32:36+00:00","mainEntityOfPage":{"@id":"https:\/\/www.bellunopress.it\/2026\/07\/14\/il-palio-di-feltre-sbarca-nelle-istituzioni-presentazione-al-senato-e-a-palazzo-balbi\/"},"wordCount":376,"publisher":{"@id":"https:\/\/www.bellunopress.it\/#organization"},"image":{"@id":"https:\/\/www.bellunopress.it\/2026\/07\/14\/il-palio-di-feltre-sbarca-nelle-istituzioni-presentazione-al-senato-e-a-palazzo-balbi\/#primaryimage"},"thumbnailUrl":"https:\/\/www.bellunopress.it\/wp-content\/uploads\/2025\/08\/Palio-di-Feltre.jpg","articleSection":["Prima Pagina","Societ\u00e0, Associazioni, Istituzioni"],"inLanguage":"fr-FR"},{"@type":"WebPage","@id":"https:\/\/www.bellunopress.it\/2026\/07\/14\/il-palio-di-feltre-sbarca-nelle-istituzioni-presentazione-al-senato-e-a-palazzo-balbi\/","url":"https:\/\/www.bellunopress.it\/2026\/07\/14\/il-palio-di-feltre-sbarca-nelle-istituzioni-presentazione-al-senato-e-a-palazzo-balbi\/","name":"Il Palio di Feltre sbarca nelle istituzioni: presentazione al Senato e a Palazzo Balbi - Bellunopress - Dolomiti","isPartOf":{"@id":"https:\/\/www.bellunopress.it\/#website"},"primaryImageOfPage":{"@id":"https:\/\/www.bellunopress.it\/2026\/07\/14\/il-palio-di-feltre-sbarca-nelle-istituzioni-presentazione-al-senato-e-a-palazzo-balbi\/#primaryimage"},"image":{"@id":"https:\/\/www.bellunopress.it\/2026\/07\/14\/il-palio-di-feltre-sbarca-nelle-istituzioni-presentazione-al-senato-e-a-palazzo-balbi\/#primaryimage"},"thumbnailUrl":"https:\/\/www.bellunopress.it\/wp-content\/uploads\/2025\/08\/Palio-di-Feltre.jpg","datePublished":"2026-07-14T18:32:36+00:00","breadcrumb":{"@id":"https:\/\/www.bellunopress.it\/2026\/07\/14\/il-palio-di-feltre-sbarca-nelle-istituzioni-presentazione-al-senato-e-a-palazzo-balbi\/#breadcrumb"},"inLanguage":"fr-FR","potentialAction":[{"@type":"ReadAction","target":["https:\/\/www.bellunopress.it\/2026\/07\/14\/il-palio-di-feltre-sbarca-nelle-istituzioni-presentazione-al-senato-e-a-palazzo-balbi\/"]}]},{"@type":"ImageObject","inLanguage":"fr-FR","@id":"https:\/\/www.bellunopress.it\/2026\/07\/14\/il-palio-di-feltre-sbarca-nelle-istituzioni-presentazione-al-senato-e-a-palazzo-balbi\/#primaryimage","url":"https:\/\/www.bellunopress.it\/wp-content\/uploads\/2025\/08\/Palio-di-Feltre.jpg","contentUrl":"https:\/\/www.bellunopress.it\/wp-content\/uploads\/2025\/08\/Palio-di-Feltre.jpg","width":800,"height":600},{"@type":"BreadcrumbList","@id":"https:\/\/www.bellunopress.it\/2026\/07\/14\/il-palio-di-feltre-sbarca-nelle-istituzioni-presentazione-al-senato-e-a-palazzo-balbi\/#breadcrumb","itemListElement":[{"@type":"ListItem","position":1,"name":"Home","item":"https:\/\/www.bellunopress.it\/"},{"@type":"ListItem","position":2,"name":"Il Palio di Feltre sbarca nelle istituzioni: presentazione al Senato e a Palazzo Balbi"}]},{"@type":"WebSite","@id":"https:\/\/www.bellunopress.it\/#website","url":"https:\/\/www.bellunopress.it\/","name":"Bellunopress - Dolomiti","description":"e-mail: redazione@bellunopress.it","publisher":{"@id":"https:\/\/www.bellunopress.it\/#organization"},"potentialAction":[{"@type":"SearchAction","target":{"@type":"EntryPoint","urlTemplate":"https:\/\/www.bellunopress.it\/?s={search_term_string}"},"query-input":{"@type":"PropertyValueSpecification","valueRequired":true,"valueName":"search_term_string"}}],"inLanguage":"fr-FR"},{"@type":"Organization","@id":"https:\/\/www.bellunopress.it\/#organization","name":"Bellunopress","url":"https:\/\/www.bellunopress.it\/","logo":{"@type":"ImageObject","inLanguage":"fr-FR","@id":"https:\/\/www.bellunopress.it\/#\/schema\/logo\/image\/","url":"https:\/\/www.bellunopress.it\/wp-content\/uploads\/2011\/05\/cropped-logo-bellunopress-.jpg","contentUrl":"https:\/\/www.bellunopress.it\/wp-content\/uploads\/2011\/05\/cropped-logo-bellunopress-.jpg","width":512,"height":512,"caption":"Bellunopress"},"image":{"@id":"https:\/\/www.bellunopress.it\/#\/schema\/logo\/image\/"},"sameAs":["https:\/\/www.facebook.com\/profile.php?id=100008943462799","https:\/\/x.com\/bellunopress","https:\/\/www.linkedin.com\/hp\/?dnr=JBzUWaJfMUw8vbXJJ2tVW5-I3jZKvC4wsoxE&amp;amp;amp;amp;amp;amp;trk=nav_responsive_tab_home","https:\/\/www.youtube.com\/channel\/UCxL0wu1uN0_3_7hGG0306cw"]},{"@type":"Person","@id":"https:\/\/www.bellunopress.it\/#\/schema\/person\/79bb06722b37ece1c03d3e94beb30d73","name":"r\u00e9daction","image":{"@type":"ImageObject","inLanguage":"fr-FR","@id":"https:\/\/secure.gravatar.com\/avatar\/37d968a2e67a6fd04c169c4bdef102d0bc5d31b2546345219e348575eb80e9a0?s=96&d=mm&r=g","url":"https:\/\/secure.gravatar.com\/avatar\/37d968a2e67a6fd04c169c4bdef102d0bc5d31b2546345219e348575eb80e9a0?s=96&d=mm&r=g","contentUrl":"https:\/\/secure.gravatar.com\/avatar\/37d968a2e67a6fd04c169c4bdef102d0bc5d31b2546345219e348575eb80e9a0?s=96&d=mm&r=g","caption":"redazione"},"sameAs":["http:\/\/www.bellunopress.it","https:\/\/x.com\/bellunopress"],"url":"https:\/\/www.bellunopress.it\/fr\/author\/redazione\/"}]}},"_links":{"self":[{"href":"https:\/\/www.bellunopress.it\/fr\/wp-json\/wp\/v2\/posts\/171925","targetHints":{"allow":["GET"]}}],"collection":[{"href":"https:\/\/www.bellunopress.it\/fr\/wp-json\/wp\/v2\/posts"}],"about":[{"href":"https:\/\/www.bellunopress.it\/fr\/wp-json\/wp\/v2\/types\/post"}],"author":[{"embeddable":true,"href":"https:\/\/www.bellunopress.it\/fr\/wp-json\/wp\/v2\/users\/2"}],"replies":[{"embeddable":true,"href":"https:\/\/www.bellunopress.it\/fr\/wp-json\/wp\/v2\/comments?post=171925"}],"version-history":[{"count":1,"href":"https:\/\/www.bellunopress.it\/fr\/wp-json\/wp\/v2\/posts\/171925\/revisions"}],"predecessor-version":[{"id":171926,"href":"https:\/\/www.bellunopress.it\/fr\/wp-json\/wp\/v2\/posts\/171925\/revisions\/171926"}],"wp:featuredmedia":[{"embeddable":true,"href":"https:\/\/www.bellunopress.it\/fr\/wp-json\/wp\/v2\/media\/162352"}],"wp:attachment":[{"href":"https:\/\/www.bellunopress.it\/fr\/wp-json\/wp\/v2\/media?parent=171925"}],"wp:term":[{"taxonomy":"category","embeddable":true,"href":"https:\/\/www.bellunopress.it\/fr\/wp-json\/wp\/v2\/categories?post=171925"},{"taxonomy":"post_tag","embeddable":true,"href":"https:\/\/www.bellunopress.it\/fr\/wp-json\/wp\/v2\/tags?post=171925"}],"curies":[{"name":"wp","href":"https:\/\/api.w.org\/{rel}","templated":true}]}}