{"id":171919,"date":"2026-07-15T07:18:13","date_gmt":"2026-07-15T05:18:13","guid":{"rendered":"https:\/\/www.bellunopress.it\/?p=171919"},"modified":"2026-07-14T16:31:02","modified_gmt":"2026-07-14T14:31:02","slug":"villa-buzzati-un-palcoscenico-di-poesia-e-teatro","status":"publish","type":"post","link":"https:\/\/www.bellunopress.it\/fr\/2026\/07\/15\/villa-buzzati-un-palcoscenico-di-poesia-e-teatro\/","title":{"rendered":"Villa Buzzati: un palcoscenico di poesia e teatro"},"content":{"rendered":"<p>L\u2019estate bellunese si arricchisce di nuovi, intensi appuntamenti culturali. La rassegna \u201cGiardino Buzzati 20 anni\u201d, nata per celebrare il ventennio dell\u2019Associazione Villa Buzzati S. Pellegrino e i 120 anni dalla nascita dell&#8217;illustre scrittore, continua a riscuotere successo, trasformando l\u2019iconico giardino della villa in un crocevia di arte, riflessione e convivialit\u00e0.<br \/>\nIl cartellone dei prossimi giorni promette di incantare il pubblico, spaziando dalla profondit\u00e0 della poesia contemporanea alla magia del teatro d&#8217;autore.<\/p>\n<p><strong>Gioved\u00ec 16 luglio: il rito sonoro di Amelia Rosselli<\/strong><br \/>\nSi apre con la poesia gioved\u00ec 16 luglio, alle ore 19.00, con lo spettacolo \u201cParliamo di Amelia\u201d. Le autrici Roberta Lanave e Camilla Sandri Bellezza guideranno gli spettatori in un\u2019indagine intima sull\u2019opera di Amelia Rosselli, una delle voci pi\u00f9 complesse e affascinanti del Novecento. Non una semplice lezione, ma un coinvolgente rito collettivo che invita a<br \/>\nriscoprire la magia e il dolore racchiusi nella sua penna.<\/p>\n<p><strong>Il weekend: tra formazione, teatro e musica<\/strong><br \/>\nIl fine settimana si apre all&#8217;insegna della formazione: sabato 18 e domenica 19 luglio, dalle 14.00 alle 18.00, l\u2019attrice Antonella Morassutti terr\u00e0 il laboratorio \u201cLa voce che incanta\u201d, un\u2019occasione preziosa per approfondire le tecniche di lettura espressiva.<br \/>\nLa serata di sabato 18 luglio, alle 20.45, vedr\u00e0 il ritorno a Belluno di Giuseppe Nitti con \u201cIl reggimento parte all\u2019alba\u201d, regia di Alessio Pizzech. L\u2019adattamento teatrale dell\u2019omonimo racconto di Dino Buzzati rappresenta un vero gioiello: un testamento spirituale dello scrittore che, attraverso il viaggio di Ottavio Sebasti\u00e0n, esplora temi universali come la morte, il senso della vita e la riscoperta del S\u00e9.<\/p>\n<p>La rassegna si chiuder\u00e0 domenica 19 luglio alle 19.00 con \u201cCantastorie (prove di&#8230;)\u201d, un suggestivo viaggio tra parole e note curato da Max Solinas e Nicola Pilat Spina, dedicato ai temi del silenzio, della guerra, del cambiamento e della libert\u00e0.<\/p>\n<p><strong>Non solo cultura: vivere il giardino<\/strong><br \/>\nRicordiamo che il giardino apre le porte a partire dalle 18.00. Grazie alla collaborazione con Ex Primo &#8211; Ex Piloni, \u00e8 disponibile un&#8217;area food per cenare o gustare un calice di vino immersi nella bellezza, con la splendida cornice della Schiara a fare da sfondo ideale a queste serate di fine luglio.<\/p>","protected":false},"excerpt":{"rendered":"<p>L\u2019estate bellunese si arricchisce di nuovi, intensi appuntamenti culturali. La rassegna \u201cGiardino Buzzati 20 anni\u201d, nata per celebrare il ventennio dell\u2019Associazione Villa Buzzati S. Pellegrino e i 120 anni dalla nascita dell&#8217;illustre scrittore, continua a riscuotere successo, trasformando l\u2019iconico giardino della villa in un crocevia di arte, riflessione e convivialit\u00e0. Il cartellone dei prossimi giorni [&hellip;]<\/p>\n","protected":false},"author":2,"featured_media":133955,"comment_status":"closed","ping_status":"open","sticky":false,"template":"","format":"standard","meta":{"footnotes":""},"categories":[27,3,25],"tags":[],"class_list":["post-171919","post","type-post","status-publish","format-standard","has-post-thumbnail","category-appuntamenti","category-arte-cultura-spettacoli-scienza-archivi","category-pausa-caffe"],"yoast_head":"<!-- This site is optimized with the Yoast SEO plugin v28.4 - https:\/\/yoast.com\/product\/yoast-seo-wordpress\/ -->\n<title>Villa Buzzati: un palcoscenico di poesia e teatro - Bellunopress - Dolomiti<\/title>\n<meta name=\"robots\" content=\"index, follow, max-snippet:-1, max-image-preview:large, max-video-preview:-1\" \/>\n<link rel=\"canonical\" href=\"https:\/\/www.bellunopress.it\/fr\/2026\/07\/15\/villa-buzzati-un-palcoscenico-di-poesia-e-teatro\/\" \/>\n<meta property=\"og:locale\" content=\"fr_FR\" \/>\n<meta property=\"og:type\" content=\"article\" \/>\n<meta property=\"og:title\" content=\"Villa Buzzati: un palcoscenico di poesia e teatro - Bellunopress - Dolomiti\" \/>\n<meta property=\"og:description\" content=\"L\u2019estate bellunese si arricchisce di nuovi, intensi appuntamenti culturali. La rassegna \u201cGiardino Buzzati 20 anni\u201d, nata per celebrare il ventennio dell\u2019Associazione Villa Buzzati S. Pellegrino e i 120 anni dalla nascita dell&#8217;illustre scrittore, continua a riscuotere successo, trasformando l\u2019iconico giardino della villa in un crocevia di arte, riflessione e convivialit\u00e0. Il cartellone dei prossimi giorni [&hellip;]\" \/>\n<meta property=\"og:url\" content=\"https:\/\/www.bellunopress.it\/fr\/2026\/07\/15\/villa-buzzati-un-palcoscenico-di-poesia-e-teatro\/\" \/>\n<meta property=\"og:site_name\" content=\"Bellunopress - Dolomiti\" \/>\n<meta property=\"article:publisher\" content=\"https:\/\/www.facebook.com\/profile.php?id=100008943462799\" \/>\n<meta property=\"article:published_time\" content=\"2026-07-15T05:18:13+00:00\" \/>\n<meta property=\"og:image\" content=\"https:\/\/www.bellunopress.it\/wp-content\/uploads\/2022\/05\/giardino-villa-buzzatti_edited.jpg\" \/>\n\t<meta property=\"og:image:width\" content=\"1000\" \/>\n\t<meta property=\"og:image:height\" content=\"621\" \/>\n\t<meta property=\"og:image:type\" content=\"image\/jpeg\" \/>\n<meta name=\"author\" content=\"redazione\" \/>\n<meta name=\"twitter:card\" content=\"summary_large_image\" \/>\n<meta name=\"twitter:creator\" content=\"@bellunopress\" \/>\n<meta name=\"twitter:site\" content=\"@bellunopress\" \/>\n<meta name=\"twitter:label1\" content=\"\u00c9crit par\" \/>\n\t<meta name=\"twitter:data1\" content=\"redazione\" \/>\n\t<meta name=\"twitter:label2\" content=\"Dur\u00e9e de lecture estim\u00e9e\" \/>\n\t<meta name=\"twitter:data2\" content=\"3 minutes\" \/>\n<script type=\"application\/ld+json\" class=\"yoast-schema-graph\">{\"@context\":\"https:\\\/\\\/schema.org\",\"@graph\":[{\"@type\":\"Article\",\"@id\":\"https:\\\/\\\/www.bellunopress.it\\\/2026\\\/07\\\/15\\\/villa-buzzati-un-palcoscenico-di-poesia-e-teatro\\\/#article\",\"isPartOf\":{\"@id\":\"https:\\\/\\\/www.bellunopress.it\\\/2026\\\/07\\\/15\\\/villa-buzzati-un-palcoscenico-di-poesia-e-teatro\\\/\"},\"author\":{\"name\":\"redazione\",\"@id\":\"https:\\\/\\\/www.bellunopress.it\\\/#\\\/schema\\\/person\\\/79bb06722b37ece1c03d3e94beb30d73\"},\"headline\":\"Villa Buzzati: un palcoscenico di poesia e teatro\",\"datePublished\":\"2026-07-15T05:18:13+00:00\",\"mainEntityOfPage\":{\"@id\":\"https:\\\/\\\/www.bellunopress.it\\\/2026\\\/07\\\/15\\\/villa-buzzati-un-palcoscenico-di-poesia-e-teatro\\\/\"},\"wordCount\":359,\"publisher\":{\"@id\":\"https:\\\/\\\/www.bellunopress.it\\\/#organization\"},\"image\":{\"@id\":\"https:\\\/\\\/www.bellunopress.it\\\/2026\\\/07\\\/15\\\/villa-buzzati-un-palcoscenico-di-poesia-e-teatro\\\/#primaryimage\"},\"thumbnailUrl\":\"https:\\\/\\\/www.bellunopress.it\\\/wp-content\\\/uploads\\\/2022\\\/05\\\/giardino-villa-buzzatti_edited.jpg\",\"articleSection\":[\"Appuntamenti, Eventi\",\"Arte, Cultura, Spettacoli, Scienza\",\"Pausa Caff\u00e8\"],\"inLanguage\":\"fr-FR\"},{\"@type\":\"WebPage\",\"@id\":\"https:\\\/\\\/www.bellunopress.it\\\/2026\\\/07\\\/15\\\/villa-buzzati-un-palcoscenico-di-poesia-e-teatro\\\/\",\"url\":\"https:\\\/\\\/www.bellunopress.it\\\/2026\\\/07\\\/15\\\/villa-buzzati-un-palcoscenico-di-poesia-e-teatro\\\/\",\"name\":\"Villa Buzzati: un palcoscenico di poesia e teatro - Bellunopress - Dolomiti\",\"isPartOf\":{\"@id\":\"https:\\\/\\\/www.bellunopress.it\\\/#website\"},\"primaryImageOfPage\":{\"@id\":\"https:\\\/\\\/www.bellunopress.it\\\/2026\\\/07\\\/15\\\/villa-buzzati-un-palcoscenico-di-poesia-e-teatro\\\/#primaryimage\"},\"image\":{\"@id\":\"https:\\\/\\\/www.bellunopress.it\\\/2026\\\/07\\\/15\\\/villa-buzzati-un-palcoscenico-di-poesia-e-teatro\\\/#primaryimage\"},\"thumbnailUrl\":\"https:\\\/\\\/www.bellunopress.it\\\/wp-content\\\/uploads\\\/2022\\\/05\\\/giardino-villa-buzzatti_edited.jpg\",\"datePublished\":\"2026-07-15T05:18:13+00:00\",\"breadcrumb\":{\"@id\":\"https:\\\/\\\/www.bellunopress.it\\\/2026\\\/07\\\/15\\\/villa-buzzati-un-palcoscenico-di-poesia-e-teatro\\\/#breadcrumb\"},\"inLanguage\":\"fr-FR\",\"potentialAction\":[{\"@type\":\"ReadAction\",\"target\":[\"https:\\\/\\\/www.bellunopress.it\\\/2026\\\/07\\\/15\\\/villa-buzzati-un-palcoscenico-di-poesia-e-teatro\\\/\"]}]},{\"@type\":\"ImageObject\",\"inLanguage\":\"fr-FR\",\"@id\":\"https:\\\/\\\/www.bellunopress.it\\\/2026\\\/07\\\/15\\\/villa-buzzati-un-palcoscenico-di-poesia-e-teatro\\\/#primaryimage\",\"url\":\"https:\\\/\\\/www.bellunopress.it\\\/wp-content\\\/uploads\\\/2022\\\/05\\\/giardino-villa-buzzatti_edited.jpg\",\"contentUrl\":\"https:\\\/\\\/www.bellunopress.it\\\/wp-content\\\/uploads\\\/2022\\\/05\\\/giardino-villa-buzzatti_edited.jpg\",\"width\":1000,\"height\":621,\"caption\":\"Giardino Villa Buzzatti\"},{\"@type\":\"BreadcrumbList\",\"@id\":\"https:\\\/\\\/www.bellunopress.it\\\/2026\\\/07\\\/15\\\/villa-buzzati-un-palcoscenico-di-poesia-e-teatro\\\/#breadcrumb\",\"itemListElement\":[{\"@type\":\"ListItem\",\"position\":1,\"name\":\"Home\",\"item\":\"https:\\\/\\\/www.bellunopress.it\\\/\"},{\"@type\":\"ListItem\",\"position\":2,\"name\":\"Villa Buzzati: un palcoscenico di poesia e teatro\"}]},{\"@type\":\"WebSite\",\"@id\":\"https:\\\/\\\/www.bellunopress.it\\\/#website\",\"url\":\"https:\\\/\\\/www.bellunopress.it\\\/\",\"name\":\"Bellunopress - Dolomiti\",\"description\":\"e-mail: redazione@bellunopress.it\",\"publisher\":{\"@id\":\"https:\\\/\\\/www.bellunopress.it\\\/#organization\"},\"potentialAction\":[{\"@type\":\"SearchAction\",\"target\":{\"@type\":\"EntryPoint\",\"urlTemplate\":\"https:\\\/\\\/www.bellunopress.it\\\/?s={search_term_string}\"},\"query-input\":{\"@type\":\"PropertyValueSpecification\",\"valueRequired\":true,\"valueName\":\"search_term_string\"}}],\"inLanguage\":\"fr-FR\"},{\"@type\":\"Organization\",\"@id\":\"https:\\\/\\\/www.bellunopress.it\\\/#organization\",\"name\":\"Bellunopress\",\"url\":\"https:\\\/\\\/www.bellunopress.it\\\/\",\"logo\":{\"@type\":\"ImageObject\",\"inLanguage\":\"fr-FR\",\"@id\":\"https:\\\/\\\/www.bellunopress.it\\\/#\\\/schema\\\/logo\\\/image\\\/\",\"url\":\"https:\\\/\\\/www.bellunopress.it\\\/wp-content\\\/uploads\\\/2011\\\/05\\\/cropped-logo-bellunopress-.jpg\",\"contentUrl\":\"https:\\\/\\\/www.bellunopress.it\\\/wp-content\\\/uploads\\\/2011\\\/05\\\/cropped-logo-bellunopress-.jpg\",\"width\":512,\"height\":512,\"caption\":\"Bellunopress\"},\"image\":{\"@id\":\"https:\\\/\\\/www.bellunopress.it\\\/#\\\/schema\\\/logo\\\/image\\\/\"},\"sameAs\":[\"https:\\\/\\\/www.facebook.com\\\/profile.php?id=100008943462799\",\"https:\\\/\\\/x.com\\\/bellunopress\",\"https:\\\/\\\/www.linkedin.com\\\/hp\\\/?dnr=JBzUWaJfMUw8vbXJJ2tVW5-I3jZKvC4wsoxE&amp;amp;amp;amp;amp;amp;trk=nav_responsive_tab_home\",\"https:\\\/\\\/www.youtube.com\\\/channel\\\/UCxL0wu1uN0_3_7hGG0306cw\"]},{\"@type\":\"Person\",\"@id\":\"https:\\\/\\\/www.bellunopress.it\\\/#\\\/schema\\\/person\\\/79bb06722b37ece1c03d3e94beb30d73\",\"name\":\"redazione\",\"image\":{\"@type\":\"ImageObject\",\"inLanguage\":\"fr-FR\",\"@id\":\"https:\\\/\\\/secure.gravatar.com\\\/avatar\\\/37d968a2e67a6fd04c169c4bdef102d0bc5d31b2546345219e348575eb80e9a0?s=96&d=mm&r=g\",\"url\":\"https:\\\/\\\/secure.gravatar.com\\\/avatar\\\/37d968a2e67a6fd04c169c4bdef102d0bc5d31b2546345219e348575eb80e9a0?s=96&d=mm&r=g\",\"contentUrl\":\"https:\\\/\\\/secure.gravatar.com\\\/avatar\\\/37d968a2e67a6fd04c169c4bdef102d0bc5d31b2546345219e348575eb80e9a0?s=96&d=mm&r=g\",\"caption\":\"redazione\"},\"sameAs\":[\"http:\\\/\\\/www.bellunopress.it\",\"https:\\\/\\\/x.com\\\/bellunopress\"],\"url\":\"https:\\\/\\\/www.bellunopress.it\\\/fr\\\/author\\\/redazione\\\/\"}]}<\/script>\n<!-- \/ Yoast SEO plugin. -->","yoast_head_json":{"title":"Villa Buzzati: un palcoscenico di poesia e teatro - Bellunopress - Dolomiti","robots":{"index":"index","follow":"follow","max-snippet":"max-snippet:-1","max-image-preview":"max-image-preview:large","max-video-preview":"max-video-preview:-1"},"canonical":"https:\/\/www.bellunopress.it\/fr\/2026\/07\/15\/villa-buzzati-un-palcoscenico-di-poesia-e-teatro\/","og_locale":"fr_FR","og_type":"article","og_title":"Villa Buzzati: un palcoscenico di poesia e teatro - Bellunopress - Dolomiti","og_description":"L\u2019estate bellunese si arricchisce di nuovi, intensi appuntamenti culturali. La rassegna \u201cGiardino Buzzati 20 anni\u201d, nata per celebrare il ventennio dell\u2019Associazione Villa Buzzati S. Pellegrino e i 120 anni dalla nascita dell&#8217;illustre scrittore, continua a riscuotere successo, trasformando l\u2019iconico giardino della villa in un crocevia di arte, riflessione e convivialit\u00e0. Il cartellone dei prossimi giorni [&hellip;]","og_url":"https:\/\/www.bellunopress.it\/fr\/2026\/07\/15\/villa-buzzati-un-palcoscenico-di-poesia-e-teatro\/","og_site_name":"Bellunopress - Dolomiti","article_publisher":"https:\/\/www.facebook.com\/profile.php?id=100008943462799","article_published_time":"2026-07-15T05:18:13+00:00","og_image":[{"width":1000,"height":621,"url":"https:\/\/www.bellunopress.it\/wp-content\/uploads\/2022\/05\/giardino-villa-buzzatti_edited.jpg","type":"image\/jpeg"}],"author":"redazione","twitter_card":"summary_large_image","twitter_creator":"@bellunopress","twitter_site":"@bellunopress","twitter_misc":{"\u00c9crit par":"redazione","Dur\u00e9e de lecture estim\u00e9e":"3 minutes"},"schema":{"@context":"https:\/\/schema.org","@graph":[{"@type":"Article","@id":"https:\/\/www.bellunopress.it\/2026\/07\/15\/villa-buzzati-un-palcoscenico-di-poesia-e-teatro\/#article","isPartOf":{"@id":"https:\/\/www.bellunopress.it\/2026\/07\/15\/villa-buzzati-un-palcoscenico-di-poesia-e-teatro\/"},"author":{"name":"redazione","@id":"https:\/\/www.bellunopress.it\/#\/schema\/person\/79bb06722b37ece1c03d3e94beb30d73"},"headline":"Villa Buzzati: un palcoscenico di poesia e teatro","datePublished":"2026-07-15T05:18:13+00:00","mainEntityOfPage":{"@id":"https:\/\/www.bellunopress.it\/2026\/07\/15\/villa-buzzati-un-palcoscenico-di-poesia-e-teatro\/"},"wordCount":359,"publisher":{"@id":"https:\/\/www.bellunopress.it\/#organization"},"image":{"@id":"https:\/\/www.bellunopress.it\/2026\/07\/15\/villa-buzzati-un-palcoscenico-di-poesia-e-teatro\/#primaryimage"},"thumbnailUrl":"https:\/\/www.bellunopress.it\/wp-content\/uploads\/2022\/05\/giardino-villa-buzzatti_edited.jpg","articleSection":["Appuntamenti, Eventi","Arte, Cultura, Spettacoli, Scienza","Pausa Caff\u00e8"],"inLanguage":"fr-FR"},{"@type":"WebPage","@id":"https:\/\/www.bellunopress.it\/2026\/07\/15\/villa-buzzati-un-palcoscenico-di-poesia-e-teatro\/","url":"https:\/\/www.bellunopress.it\/2026\/07\/15\/villa-buzzati-un-palcoscenico-di-poesia-e-teatro\/","name":"Villa Buzzati: un palcoscenico di poesia e teatro - Bellunopress - Dolomiti","isPartOf":{"@id":"https:\/\/www.bellunopress.it\/#website"},"primaryImageOfPage":{"@id":"https:\/\/www.bellunopress.it\/2026\/07\/15\/villa-buzzati-un-palcoscenico-di-poesia-e-teatro\/#primaryimage"},"image":{"@id":"https:\/\/www.bellunopress.it\/2026\/07\/15\/villa-buzzati-un-palcoscenico-di-poesia-e-teatro\/#primaryimage"},"thumbnailUrl":"https:\/\/www.bellunopress.it\/wp-content\/uploads\/2022\/05\/giardino-villa-buzzatti_edited.jpg","datePublished":"2026-07-15T05:18:13+00:00","breadcrumb":{"@id":"https:\/\/www.bellunopress.it\/2026\/07\/15\/villa-buzzati-un-palcoscenico-di-poesia-e-teatro\/#breadcrumb"},"inLanguage":"fr-FR","potentialAction":[{"@type":"ReadAction","target":["https:\/\/www.bellunopress.it\/2026\/07\/15\/villa-buzzati-un-palcoscenico-di-poesia-e-teatro\/"]}]},{"@type":"ImageObject","inLanguage":"fr-FR","@id":"https:\/\/www.bellunopress.it\/2026\/07\/15\/villa-buzzati-un-palcoscenico-di-poesia-e-teatro\/#primaryimage","url":"https:\/\/www.bellunopress.it\/wp-content\/uploads\/2022\/05\/giardino-villa-buzzatti_edited.jpg","contentUrl":"https:\/\/www.bellunopress.it\/wp-content\/uploads\/2022\/05\/giardino-villa-buzzatti_edited.jpg","width":1000,"height":621,"caption":"Giardino Villa Buzzatti"},{"@type":"BreadcrumbList","@id":"https:\/\/www.bellunopress.it\/2026\/07\/15\/villa-buzzati-un-palcoscenico-di-poesia-e-teatro\/#breadcrumb","itemListElement":[{"@type":"ListItem","position":1,"name":"Home","item":"https:\/\/www.bellunopress.it\/"},{"@type":"ListItem","position":2,"name":"Villa Buzzati: un palcoscenico di poesia e teatro"}]},{"@type":"WebSite","@id":"https:\/\/www.bellunopress.it\/#website","url":"https:\/\/www.bellunopress.it\/","name":"Bellunopress - Dolomiti","description":"e-mail: redazione@bellunopress.it","publisher":{"@id":"https:\/\/www.bellunopress.it\/#organization"},"potentialAction":[{"@type":"SearchAction","target":{"@type":"EntryPoint","urlTemplate":"https:\/\/www.bellunopress.it\/?s={search_term_string}"},"query-input":{"@type":"PropertyValueSpecification","valueRequired":true,"valueName":"search_term_string"}}],"inLanguage":"fr-FR"},{"@type":"Organization","@id":"https:\/\/www.bellunopress.it\/#organization","name":"Bellunopress","url":"https:\/\/www.bellunopress.it\/","logo":{"@type":"ImageObject","inLanguage":"fr-FR","@id":"https:\/\/www.bellunopress.it\/#\/schema\/logo\/image\/","url":"https:\/\/www.bellunopress.it\/wp-content\/uploads\/2011\/05\/cropped-logo-bellunopress-.jpg","contentUrl":"https:\/\/www.bellunopress.it\/wp-content\/uploads\/2011\/05\/cropped-logo-bellunopress-.jpg","width":512,"height":512,"caption":"Bellunopress"},"image":{"@id":"https:\/\/www.bellunopress.it\/#\/schema\/logo\/image\/"},"sameAs":["https:\/\/www.facebook.com\/profile.php?id=100008943462799","https:\/\/x.com\/bellunopress","https:\/\/www.linkedin.com\/hp\/?dnr=JBzUWaJfMUw8vbXJJ2tVW5-I3jZKvC4wsoxE&amp;amp;amp;amp;amp;amp;trk=nav_responsive_tab_home","https:\/\/www.youtube.com\/channel\/UCxL0wu1uN0_3_7hGG0306cw"]},{"@type":"Person","@id":"https:\/\/www.bellunopress.it\/#\/schema\/person\/79bb06722b37ece1c03d3e94beb30d73","name":"r\u00e9daction","image":{"@type":"ImageObject","inLanguage":"fr-FR","@id":"https:\/\/secure.gravatar.com\/avatar\/37d968a2e67a6fd04c169c4bdef102d0bc5d31b2546345219e348575eb80e9a0?s=96&d=mm&r=g","url":"https:\/\/secure.gravatar.com\/avatar\/37d968a2e67a6fd04c169c4bdef102d0bc5d31b2546345219e348575eb80e9a0?s=96&d=mm&r=g","contentUrl":"https:\/\/secure.gravatar.com\/avatar\/37d968a2e67a6fd04c169c4bdef102d0bc5d31b2546345219e348575eb80e9a0?s=96&d=mm&r=g","caption":"redazione"},"sameAs":["http:\/\/www.bellunopress.it","https:\/\/x.com\/bellunopress"],"url":"https:\/\/www.bellunopress.it\/fr\/author\/redazione\/"}]}},"_links":{"self":[{"href":"https:\/\/www.bellunopress.it\/fr\/wp-json\/wp\/v2\/posts\/171919","targetHints":{"allow":["GET"]}}],"collection":[{"href":"https:\/\/www.bellunopress.it\/fr\/wp-json\/wp\/v2\/posts"}],"about":[{"href":"https:\/\/www.bellunopress.it\/fr\/wp-json\/wp\/v2\/types\/post"}],"author":[{"embeddable":true,"href":"https:\/\/www.bellunopress.it\/fr\/wp-json\/wp\/v2\/users\/2"}],"replies":[{"embeddable":true,"href":"https:\/\/www.bellunopress.it\/fr\/wp-json\/wp\/v2\/comments?post=171919"}],"version-history":[{"count":1,"href":"https:\/\/www.bellunopress.it\/fr\/wp-json\/wp\/v2\/posts\/171919\/revisions"}],"predecessor-version":[{"id":171920,"href":"https:\/\/www.bellunopress.it\/fr\/wp-json\/wp\/v2\/posts\/171919\/revisions\/171920"}],"wp:featuredmedia":[{"embeddable":true,"href":"https:\/\/www.bellunopress.it\/fr\/wp-json\/wp\/v2\/media\/133955"}],"wp:attachment":[{"href":"https:\/\/www.bellunopress.it\/fr\/wp-json\/wp\/v2\/media?parent=171919"}],"wp:term":[{"taxonomy":"category","embeddable":true,"href":"https:\/\/www.bellunopress.it\/fr\/wp-json\/wp\/v2\/categories?post=171919"},{"taxonomy":"post_tag","embeddable":true,"href":"https:\/\/www.bellunopress.it\/fr\/wp-json\/wp\/v2\/tags?post=171919"}],"curies":[{"name":"wp","href":"https:\/\/api.w.org\/{rel}","templated":true}]}}