{"id":171916,"date":"2026-07-14T15:22:26","date_gmt":"2026-07-14T13:22:26","guid":{"rendered":"https:\/\/www.bellunopress.it\/?p=171916"},"modified":"2026-07-14T15:22:26","modified_gmt":"2026-07-14T13:22:26","slug":"laltraitalia-una-sfida-editoriale-che-nasce-dalla-passione-e-dal-coraggio-di-stefania-mafalda","status":"publish","type":"post","link":"https:\/\/www.bellunopress.it\/fr\/2026\/07\/14\/laltraitalia-una-sfida-editoriale-che-nasce-dalla-passione-e-dal-coraggio-di-stefania-mafalda\/","title":{"rendered":"L\u2019AltraItalia: una sfida editoriale che nasce dalla passione e dal coraggio di Stefania Mafalda"},"content":{"rendered":"<p data-path-to-node=\"3\">Belluno, 14 luglio 2026 &#8211; Nasce L&#8217;AltraItalia, un progetto editoriale che promette di portare una ventata di freschezza nel panorama della carta stampata. Fortemente voluto da Stefania Mafalda, direttrice responsabile, con Chiara Vannini nel ruolo di caporedattrice, la rivista si propone come uno strumento di informazione unico, capace di unire attualit\u00e0, costume, lifestyle e una narrazione del Belpaese che va oltre le rotte consuete. La nuova rivista \u00e8 stata presentata stamane alla stampa all&#8217;Astor di Belluno.<\/p>\n<p data-path-to-node=\"5\">Distribuita inizialmente attraverso canali privilegiati &#8211; dai contesti alberghieri alle rassegne di prestigio, fino alle biblioteche nazionali di Belluno, Firenze, Roma e Milano &#8211; <i data-path-to-node=\"5\" data-index-in-node=\"167\">L&#8217;AltraItalia<\/i> punta su un\u2019estetica curata e una qualit\u00e0 editoriale che non lascia nulla al caso. La scelta della carta lucida non \u00e8 solo un fatto estetico, ma un manifesto di intenti: dare visibilit\u00e0 e importanza ai contenuti, in un\u2019epoca in cui la velocit\u00e0 del digitale rischia spesso di appiattire la qualit\u00e0 del racconto.<\/p>\n<p data-path-to-node=\"7\">Il cuore pulsante de <i data-path-to-node=\"7\" data-index-in-node=\"21\">L&#8217;AltraItalia<\/i> \u00e8 il rapporto diretto con i suoi protagonisti. Come sottolineato dalla sua fondatrice Stefania Mafalda, la testata si propone di essere una piattaforma di ascolto e valorizzazione di piccole e grandi realt\u00e0, imprenditoriali e umane, che contribuiscono al tessuto vitale del nostro Paese. In linea con questo spirito, la rivista dedica una parte significativa dello spazio redazionale alle interviste, che costituiranno circa l&#8217;85% dei contenuti.<\/p>\n<p data-path-to-node=\"9\"><i data-path-to-node=\"9\" data-index-in-node=\"0\">L&#8217;AltraItalia<\/i> si articola attraverso una pluralit\u00e0 di rubriche che spaziano dai <b data-path-to-node=\"9\" data-index-in-node=\"80\">S<\/b>ocial Trends ed Enogastronomia (nella sezione <i data-path-to-node=\"9\" data-index-in-node=\"127\">L&#8217;Altro Gusto<\/i>), fino al Benessere \u2014 che abbraccia non solo l&#8217;estetica, ma anche la psicologia. Non mancano i Consigli di lettura, la sezione dedicata ai Viaggi \u2014 per raccontare non solo le mete turistiche, ma anche i trend del settore \u2014 e la parte Lifestyle che indaga cinema, musica e tendenze culturali. Si occuper\u00e0 altres\u00ec di attualit\u00e0 e cronaca. La rivista non si sottrae a un\u2019analisi attenta dei fatti, cercando sempre di trovare messaggi positivi e chiavi di lettura diverse, anche nelle vicende pi\u00f9 complesse. Oltre a mantenere il legame col territorio. La redazione infatti vanta un legame speciale con la realt\u00e0 bellunese, sottolineando l\u2019importanza di radici forti come presupposto per una visione editoriale aperta al mondo.<\/p>\n<p data-path-to-node=\"12\">Il progetto di <i data-path-to-node=\"12\" data-index-in-node=\"15\">L&#8217;AltraItalia<\/i> \u00e8 ambizioso e, come suggerisce la redazione, \u00e8 in continua evoluzione. &#8220;Lasciamo una porta aperta&#8221;, afferma Mafalda, riflettendo sulla volont\u00e0 di adattarsi ai cambiamenti e di continuare a intercettare le storie pi\u00f9 autentiche dell&#8217;Italia contemporanea. L\u2019invito \u00e8 quello di seguire la rivista nei suoi prossimi appuntamenti, con l&#8217;obiettivo chiaro di continuare a promuovere un&#8217;editoria di qualit\u00e0, coraggiosa e, soprattutto, diversa.<\/p>\n<p data-path-to-node=\"3\">&#8220;L\u2019AltraItalia&#8221; dunque, non \u00e8 solo una rivista, \u00e8 una missione. Un progetto nato dalla determinazione di Stefania Mafalda, che ne \u00e8 l&#8217;anima.<\/p>\n<p data-path-to-node=\"5\">La veste grafica della rivista, curata dall&#8217;artista Fabio Vettori, \u00e8 un vero e proprio manifesto. La scelta di Vettori, noto per le sue celebri formiche, non \u00e8 casuale: le sue opere rappresentano la societ\u00e0 con una prospettiva sempre positiva e propositiva. La copertina del primo numero \u2013 che celebra il tema della cooperazione con un&#8217;immagine della Torre di Babele costruita proprio dalle operose formiche \u2013 \u00e8 una dichiarazione d&#8217;intenti: <i data-path-to-node=\"5\" data-index-in-node=\"441\">L&#8217;AltraItalia<\/i> intende guardare verso l&#8217;alto, un messaggio di speranza e costruzione. Il primo numero ospita gli scatti di Luca Zanfron, l&#8217;intervista a Federico Strag\u00e0 e la cronaca del Dolomiti Fantasy di Borgo Valbelluna.<\/p>\n<p data-path-to-node=\"7\">Il progetto, pur essendo ora una realt\u00e0 editoriale cartacea su carta lucida, affonda le sue radici 12 anni fa, quando nacque la testata giornalistica online \u2013 la prima nel suo genere a occuparsi di buone notizie \u2013 iscritta al Tribunale di Belluno. Dopo anni di attivit\u00e0, a tratti rallentata dai numerosi impegni professionali di Stefania Mafalda, il progetto \u00e8 rinato con forza grazie all&#8217;appello fatto dalla direttrice alle persone che hanno sempre sostenuto questa visione, tra i quali spicca Alessandro De Faveri, titolare dell&#8217;agenzia Nodopiano, che ha contribuito al rilancio della testata.<\/p>\n<p data-path-to-node=\"9\">Come spiega Chiara Vannini, <i data-path-to-node=\"9\" data-index-in-node=\"28\">L&#8217;AltraItalia<\/i> non vuole limitarsi alla mera cronaca. La testata si propone come uno strumento di approfondimento culturale e di <i data-path-to-node=\"9\" data-index-in-node=\"156\">lifestyle<\/i>, dove la notizia \u00e8 il risultato di un percorso di riflessione. Le rubriche sono pensate per offrire spunti costruttivi, e la sezione dedicata ai Consigli di lettura, curata in collaborazione con l&#8217;ufficio stampa del Salone del Libro di Torino, \u00e8 un esempio di questa volont\u00e0 di offrire ai lettori contenuti di qualit\u00e0, capaci di trasmettere valori positivi.<\/p>\n<p data-path-to-node=\"11\">La rivista \u00e8 pensata per dialogare con un pubblico ampio, inclusi i giovani. Ecco perch\u00e9 <i data-path-to-node=\"11\" data-index-in-node=\"89\">L&#8217;AltraItalia<\/i> non \u00e8 un monolite cartaceo, ma un ecosistema che vive su pi\u00f9 canali:<\/p>\n<ul data-path-to-node=\"12\">\n<li>\n<p data-path-to-node=\"12,0,0\">Sito Web: Rilanciato con una grafica <i data-path-to-node=\"12,0,0\" data-index-in-node=\"37\">pop<\/i> e un <i data-path-to-node=\"12,0,0\" data-index-in-node=\"46\">restyling<\/i> curato, punto di riferimento per l&#8217;informazione quotidiana.<\/p>\n<\/li>\n<li>\n<p data-path-to-node=\"12,1,0\">Social Network: Una presenza dinamica su Instagram e Facebook, con l&#8217;imminente lancio di un canale YouTube dedicato alle &#8220;storie del buon Paese&#8221; condotto da Chiara Vannini.<\/p>\n<\/li>\n<li>\n<p data-path-to-node=\"12,2,0\">Podcast: Contenuti audio disponibili su Spotify per chi preferisce un ascolto approfondito e tematico.<\/p>\n<\/li>\n<\/ul>\n<p data-path-to-node=\"13\">Un esempio emblematico di questo approccio \u00e8 l&#8217;intervista al <i data-path-to-node=\"13\" data-index-in-node=\"61\">web streamer<\/i> Fabrizio Cellupica, che in <i data-path-to-node=\"13\" data-index-in-node=\"101\">L&#8217;AltraItalia<\/i> ha potuto raccontare la sua professione, offrendo una panoramica autentica e fuori dai clich\u00e9 sul mondo della comunicazione digitale del vino.<\/p>\n<p data-path-to-node=\"15\">Nonostante il coinvolgimento di figure come Oscar Farinetti \u2013 da sempre sostenitore della rubrica delle &#8220;cose buone&#8221; che sar\u00e0 presente anche nel magazine \u2013 il motore di <i data-path-to-node=\"15\" data-index-in-node=\"181\">L&#8217;AltraItalia<\/i> non \u00e8 commerciale. &#8220;Siamo stati presi per pazzi&#8221;, confessa Stefania Mafalda, ma la passione ha prevalso. Il progetto \u00e8 autofinanziato e mira a creare una <i data-path-to-node=\"15\" data-index-in-node=\"349\">community<\/i> di lettori che abbiano voglia di trovare &#8220;il buono&#8221; anche nei momenti complessi della nostra quotidianit\u00e0.<\/p>\n<p data-path-to-node=\"16\">Il futuro della rivista punta alla creazione di appuntamenti dal vivo nelle piazze e nei teatri, dove affrontare temi complessi con il supporto di esperti e del pubblico. <i data-path-to-node=\"16\" data-index-in-node=\"171\">L&#8217;AltraItalia<\/i> si prepara cos\u00ec a scrivere una nuova pagina del giornalismo italiano, invitando i propri lettori a non limitarsi alla superficie, ma a scoprire le tante storie di eccellenza e bellezza che rendono l&#8217;Italia un Paese unico.<\/p>\n<p data-path-to-node=\"16\">In bocca al lupo alle colleghe e ai colleghi<\/p>\n<p data-path-to-node=\"16\">(rdn)<\/p>","protected":false},"excerpt":{"rendered":"<p>Belluno, 14 luglio 2026 &#8211; Nasce L&#8217;AltraItalia, un progetto editoriale che promette di portare una ventata di freschezza nel panorama della carta stampata. Fortemente voluto da Stefania Mafalda, direttrice responsabile, con Chiara Vannini nel ruolo di caporedattrice, la rivista si propone come uno strumento di informazione unico, capace di unire attualit\u00e0, costume, lifestyle e una [&hellip;]<\/p>\n","protected":false},"author":2,"featured_media":171917,"comment_status":"closed","ping_status":"open","sticky":false,"template":"","format":"standard","meta":{"footnotes":""},"categories":[3,26],"tags":[],"class_list":["post-171916","post","type-post","status-publish","format-standard","has-post-thumbnail","category-arte-cultura-spettacoli-scienza-archivi","category-prima-pagina"],"yoast_head":"<!-- This site is optimized with the Yoast SEO plugin v28.4 - https:\/\/yoast.com\/product\/yoast-seo-wordpress\/ -->\n<title>L\u2019AltraItalia: una sfida editoriale che nasce dalla passione e dal coraggio di Stefania Mafalda - Bellunopress - Dolomiti<\/title>\n<meta name=\"robots\" content=\"index, follow, max-snippet:-1, max-image-preview:large, max-video-preview:-1\" \/>\n<link rel=\"canonical\" href=\"https:\/\/www.bellunopress.it\/fr\/2026\/07\/14\/laltraitalia-una-sfida-editoriale-che-nasce-dalla-passione-e-dal-coraggio-di-stefania-mafalda\/\" \/>\n<meta property=\"og:locale\" content=\"fr_FR\" \/>\n<meta property=\"og:type\" content=\"article\" \/>\n<meta property=\"og:title\" content=\"L\u2019AltraItalia: una sfida editoriale che nasce dalla passione e dal coraggio di Stefania Mafalda - Bellunopress - Dolomiti\" \/>\n<meta property=\"og:description\" content=\"Belluno, 14 luglio 2026 &#8211; Nasce L&#8217;AltraItalia, un progetto editoriale che promette di portare una ventata di freschezza nel panorama della carta stampata. Fortemente voluto da Stefania Mafalda, direttrice responsabile, con Chiara Vannini nel ruolo di caporedattrice, la rivista si propone come uno strumento di informazione unico, capace di unire attualit\u00e0, costume, lifestyle e una [&hellip;]\" \/>\n<meta property=\"og:url\" content=\"https:\/\/www.bellunopress.it\/fr\/2026\/07\/14\/laltraitalia-una-sfida-editoriale-che-nasce-dalla-passione-e-dal-coraggio-di-stefania-mafalda\/\" \/>\n<meta property=\"og:site_name\" content=\"Bellunopress - Dolomiti\" \/>\n<meta property=\"article:publisher\" content=\"https:\/\/www.facebook.com\/profile.php?id=100008943462799\" \/>\n<meta property=\"article:published_time\" content=\"2026-07-14T13:22:26+00:00\" \/>\n<meta property=\"og:image\" content=\"https:\/\/www.bellunopress.it\/wp-content\/uploads\/2026\/07\/Stefania-Mafalda-e-Chiara-Vannini.jpg\" \/>\n\t<meta property=\"og:image:width\" content=\"600\" \/>\n\t<meta property=\"og:image:height\" content=\"510\" \/>\n\t<meta property=\"og:image:type\" content=\"image\/jpeg\" \/>\n<meta name=\"author\" content=\"redazione\" \/>\n<meta name=\"twitter:card\" content=\"summary_large_image\" \/>\n<meta name=\"twitter:creator\" content=\"@bellunopress\" \/>\n<meta name=\"twitter:site\" content=\"@bellunopress\" \/>\n<meta name=\"twitter:label1\" content=\"Written by\" \/>\n\t<meta name=\"twitter:data1\" content=\"redazione\" \/>\n\t<meta name=\"twitter:label2\" content=\"Est. reading time\" \/>\n\t<meta name=\"twitter:data2\" content=\"6 minutes\" \/>\n<script type=\"application\/ld+json\" class=\"yoast-schema-graph\">{\"@context\":\"https:\\\/\\\/schema.org\",\"@graph\":[{\"@type\":\"Article\",\"@id\":\"https:\\\/\\\/www.bellunopress.it\\\/2026\\\/07\\\/14\\\/laltraitalia-una-sfida-editoriale-che-nasce-dalla-passione-e-dal-coraggio-di-stefania-mafalda\\\/#article\",\"isPartOf\":{\"@id\":\"https:\\\/\\\/www.bellunopress.it\\\/2026\\\/07\\\/14\\\/laltraitalia-una-sfida-editoriale-che-nasce-dalla-passione-e-dal-coraggio-di-stefania-mafalda\\\/\"},\"author\":{\"name\":\"redazione\",\"@id\":\"https:\\\/\\\/www.bellunopress.it\\\/#\\\/schema\\\/person\\\/79bb06722b37ece1c03d3e94beb30d73\"},\"headline\":\"L\u2019AltraItalia: una sfida editoriale che nasce dalla passione e dal coraggio di Stefania Mafalda\",\"datePublished\":\"2026-07-14T13:22:26+00:00\",\"mainEntityOfPage\":{\"@id\":\"https:\\\/\\\/www.bellunopress.it\\\/2026\\\/07\\\/14\\\/laltraitalia-una-sfida-editoriale-che-nasce-dalla-passione-e-dal-coraggio-di-stefania-mafalda\\\/\"},\"wordCount\":1005,\"publisher\":{\"@id\":\"https:\\\/\\\/www.bellunopress.it\\\/#organization\"},\"image\":{\"@id\":\"https:\\\/\\\/www.bellunopress.it\\\/2026\\\/07\\\/14\\\/laltraitalia-una-sfida-editoriale-che-nasce-dalla-passione-e-dal-coraggio-di-stefania-mafalda\\\/#primaryimage\"},\"thumbnailUrl\":\"https:\\\/\\\/www.bellunopress.it\\\/wp-content\\\/uploads\\\/2026\\\/07\\\/Stefania-Mafalda-e-Chiara-Vannini.jpg\",\"articleSection\":[\"Arte, Cultura, Spettacoli, Scienza\",\"Prima Pagina\"],\"inLanguage\":\"fr-FR\"},{\"@type\":\"WebPage\",\"@id\":\"https:\\\/\\\/www.bellunopress.it\\\/2026\\\/07\\\/14\\\/laltraitalia-una-sfida-editoriale-che-nasce-dalla-passione-e-dal-coraggio-di-stefania-mafalda\\\/\",\"url\":\"https:\\\/\\\/www.bellunopress.it\\\/2026\\\/07\\\/14\\\/laltraitalia-una-sfida-editoriale-che-nasce-dalla-passione-e-dal-coraggio-di-stefania-mafalda\\\/\",\"name\":\"L\u2019AltraItalia: una sfida editoriale che nasce dalla passione e dal coraggio di Stefania Mafalda - Bellunopress - Dolomiti\",\"isPartOf\":{\"@id\":\"https:\\\/\\\/www.bellunopress.it\\\/#website\"},\"primaryImageOfPage\":{\"@id\":\"https:\\\/\\\/www.bellunopress.it\\\/2026\\\/07\\\/14\\\/laltraitalia-una-sfida-editoriale-che-nasce-dalla-passione-e-dal-coraggio-di-stefania-mafalda\\\/#primaryimage\"},\"image\":{\"@id\":\"https:\\\/\\\/www.bellunopress.it\\\/2026\\\/07\\\/14\\\/laltraitalia-una-sfida-editoriale-che-nasce-dalla-passione-e-dal-coraggio-di-stefania-mafalda\\\/#primaryimage\"},\"thumbnailUrl\":\"https:\\\/\\\/www.bellunopress.it\\\/wp-content\\\/uploads\\\/2026\\\/07\\\/Stefania-Mafalda-e-Chiara-Vannini.jpg\",\"datePublished\":\"2026-07-14T13:22:26+00:00\",\"breadcrumb\":{\"@id\":\"https:\\\/\\\/www.bellunopress.it\\\/2026\\\/07\\\/14\\\/laltraitalia-una-sfida-editoriale-che-nasce-dalla-passione-e-dal-coraggio-di-stefania-mafalda\\\/#breadcrumb\"},\"inLanguage\":\"fr-FR\",\"potentialAction\":[{\"@type\":\"ReadAction\",\"target\":[\"https:\\\/\\\/www.bellunopress.it\\\/2026\\\/07\\\/14\\\/laltraitalia-una-sfida-editoriale-che-nasce-dalla-passione-e-dal-coraggio-di-stefania-mafalda\\\/\"]}]},{\"@type\":\"ImageObject\",\"inLanguage\":\"fr-FR\",\"@id\":\"https:\\\/\\\/www.bellunopress.it\\\/2026\\\/07\\\/14\\\/laltraitalia-una-sfida-editoriale-che-nasce-dalla-passione-e-dal-coraggio-di-stefania-mafalda\\\/#primaryimage\",\"url\":\"https:\\\/\\\/www.bellunopress.it\\\/wp-content\\\/uploads\\\/2026\\\/07\\\/Stefania-Mafalda-e-Chiara-Vannini.jpg\",\"contentUrl\":\"https:\\\/\\\/www.bellunopress.it\\\/wp-content\\\/uploads\\\/2026\\\/07\\\/Stefania-Mafalda-e-Chiara-Vannini.jpg\",\"width\":600,\"height\":510,\"caption\":\"Stefania Mafalda e Chiara Vannini al lancio della rivista L'AltraItalia all'Astor di Belluno\"},{\"@type\":\"BreadcrumbList\",\"@id\":\"https:\\\/\\\/www.bellunopress.it\\\/2026\\\/07\\\/14\\\/laltraitalia-una-sfida-editoriale-che-nasce-dalla-passione-e-dal-coraggio-di-stefania-mafalda\\\/#breadcrumb\",\"itemListElement\":[{\"@type\":\"ListItem\",\"position\":1,\"name\":\"Home\",\"item\":\"https:\\\/\\\/www.bellunopress.it\\\/\"},{\"@type\":\"ListItem\",\"position\":2,\"name\":\"L\u2019AltraItalia: una sfida editoriale che nasce dalla passione e dal coraggio di Stefania Mafalda\"}]},{\"@type\":\"WebSite\",\"@id\":\"https:\\\/\\\/www.bellunopress.it\\\/#website\",\"url\":\"https:\\\/\\\/www.bellunopress.it\\\/\",\"name\":\"Bellunopress - Dolomiti\",\"description\":\"e-mail: redazione@bellunopress.it\",\"publisher\":{\"@id\":\"https:\\\/\\\/www.bellunopress.it\\\/#organization\"},\"potentialAction\":[{\"@type\":\"SearchAction\",\"target\":{\"@type\":\"EntryPoint\",\"urlTemplate\":\"https:\\\/\\\/www.bellunopress.it\\\/?s={search_term_string}\"},\"query-input\":{\"@type\":\"PropertyValueSpecification\",\"valueRequired\":true,\"valueName\":\"search_term_string\"}}],\"inLanguage\":\"fr-FR\"},{\"@type\":\"Organization\",\"@id\":\"https:\\\/\\\/www.bellunopress.it\\\/#organization\",\"name\":\"Bellunopress\",\"url\":\"https:\\\/\\\/www.bellunopress.it\\\/\",\"logo\":{\"@type\":\"ImageObject\",\"inLanguage\":\"fr-FR\",\"@id\":\"https:\\\/\\\/www.bellunopress.it\\\/#\\\/schema\\\/logo\\\/image\\\/\",\"url\":\"https:\\\/\\\/www.bellunopress.it\\\/wp-content\\\/uploads\\\/2011\\\/05\\\/cropped-logo-bellunopress-.jpg\",\"contentUrl\":\"https:\\\/\\\/www.bellunopress.it\\\/wp-content\\\/uploads\\\/2011\\\/05\\\/cropped-logo-bellunopress-.jpg\",\"width\":512,\"height\":512,\"caption\":\"Bellunopress\"},\"image\":{\"@id\":\"https:\\\/\\\/www.bellunopress.it\\\/#\\\/schema\\\/logo\\\/image\\\/\"},\"sameAs\":[\"https:\\\/\\\/www.facebook.com\\\/profile.php?id=100008943462799\",\"https:\\\/\\\/x.com\\\/bellunopress\",\"https:\\\/\\\/www.linkedin.com\\\/hp\\\/?dnr=JBzUWaJfMUw8vbXJJ2tVW5-I3jZKvC4wsoxE&amp;amp;amp;amp;amp;amp;trk=nav_responsive_tab_home\",\"https:\\\/\\\/www.youtube.com\\\/channel\\\/UCxL0wu1uN0_3_7hGG0306cw\"]},{\"@type\":\"Person\",\"@id\":\"https:\\\/\\\/www.bellunopress.it\\\/#\\\/schema\\\/person\\\/79bb06722b37ece1c03d3e94beb30d73\",\"name\":\"redazione\",\"image\":{\"@type\":\"ImageObject\",\"inLanguage\":\"fr-FR\",\"@id\":\"https:\\\/\\\/secure.gravatar.com\\\/avatar\\\/37d968a2e67a6fd04c169c4bdef102d0bc5d31b2546345219e348575eb80e9a0?s=96&d=mm&r=g\",\"url\":\"https:\\\/\\\/secure.gravatar.com\\\/avatar\\\/37d968a2e67a6fd04c169c4bdef102d0bc5d31b2546345219e348575eb80e9a0?s=96&d=mm&r=g\",\"contentUrl\":\"https:\\\/\\\/secure.gravatar.com\\\/avatar\\\/37d968a2e67a6fd04c169c4bdef102d0bc5d31b2546345219e348575eb80e9a0?s=96&d=mm&r=g\",\"caption\":\"redazione\"},\"sameAs\":[\"http:\\\/\\\/www.bellunopress.it\",\"https:\\\/\\\/x.com\\\/bellunopress\"],\"url\":\"https:\\\/\\\/www.bellunopress.it\\\/fr\\\/author\\\/redazione\\\/\"}]}<\/script>\n<!-- \/ Yoast SEO plugin. -->","yoast_head_json":{"title":"L\u2019AltraItalia: una sfida editoriale che nasce dalla passione e dal coraggio di Stefania Mafalda - Bellunopress - Dolomiti","robots":{"index":"index","follow":"follow","max-snippet":"max-snippet:-1","max-image-preview":"max-image-preview:large","max-video-preview":"max-video-preview:-1"},"canonical":"https:\/\/www.bellunopress.it\/fr\/2026\/07\/14\/laltraitalia-una-sfida-editoriale-che-nasce-dalla-passione-e-dal-coraggio-di-stefania-mafalda\/","og_locale":"fr_FR","og_type":"article","og_title":"L\u2019AltraItalia: una sfida editoriale che nasce dalla passione e dal coraggio di Stefania Mafalda - Bellunopress - Dolomiti","og_description":"Belluno, 14 luglio 2026 &#8211; Nasce L&#8217;AltraItalia, un progetto editoriale che promette di portare una ventata di freschezza nel panorama della carta stampata. Fortemente voluto da Stefania Mafalda, direttrice responsabile, con Chiara Vannini nel ruolo di caporedattrice, la rivista si propone come uno strumento di informazione unico, capace di unire attualit\u00e0, costume, lifestyle e una [&hellip;]","og_url":"https:\/\/www.bellunopress.it\/fr\/2026\/07\/14\/laltraitalia-una-sfida-editoriale-che-nasce-dalla-passione-e-dal-coraggio-di-stefania-mafalda\/","og_site_name":"Bellunopress - Dolomiti","article_publisher":"https:\/\/www.facebook.com\/profile.php?id=100008943462799","article_published_time":"2026-07-14T13:22:26+00:00","og_image":[{"width":600,"height":510,"url":"https:\/\/www.bellunopress.it\/wp-content\/uploads\/2026\/07\/Stefania-Mafalda-e-Chiara-Vannini.jpg","type":"image\/jpeg"}],"author":"redazione","twitter_card":"summary_large_image","twitter_creator":"@bellunopress","twitter_site":"@bellunopress","twitter_misc":{"Written by":"redazione","Est. reading time":"6 minutes"},"schema":{"@context":"https:\/\/schema.org","@graph":[{"@type":"Article","@id":"https:\/\/www.bellunopress.it\/2026\/07\/14\/laltraitalia-una-sfida-editoriale-che-nasce-dalla-passione-e-dal-coraggio-di-stefania-mafalda\/#article","isPartOf":{"@id":"https:\/\/www.bellunopress.it\/2026\/07\/14\/laltraitalia-una-sfida-editoriale-che-nasce-dalla-passione-e-dal-coraggio-di-stefania-mafalda\/"},"author":{"name":"redazione","@id":"https:\/\/www.bellunopress.it\/#\/schema\/person\/79bb06722b37ece1c03d3e94beb30d73"},"headline":"L\u2019AltraItalia: una sfida editoriale che nasce dalla passione e dal coraggio di Stefania Mafalda","datePublished":"2026-07-14T13:22:26+00:00","mainEntityOfPage":{"@id":"https:\/\/www.bellunopress.it\/2026\/07\/14\/laltraitalia-una-sfida-editoriale-che-nasce-dalla-passione-e-dal-coraggio-di-stefania-mafalda\/"},"wordCount":1005,"publisher":{"@id":"https:\/\/www.bellunopress.it\/#organization"},"image":{"@id":"https:\/\/www.bellunopress.it\/2026\/07\/14\/laltraitalia-una-sfida-editoriale-che-nasce-dalla-passione-e-dal-coraggio-di-stefania-mafalda\/#primaryimage"},"thumbnailUrl":"https:\/\/www.bellunopress.it\/wp-content\/uploads\/2026\/07\/Stefania-Mafalda-e-Chiara-Vannini.jpg","articleSection":["Arte, Cultura, Spettacoli, Scienza","Prima Pagina"],"inLanguage":"fr-FR"},{"@type":"WebPage","@id":"https:\/\/www.bellunopress.it\/2026\/07\/14\/laltraitalia-una-sfida-editoriale-che-nasce-dalla-passione-e-dal-coraggio-di-stefania-mafalda\/","url":"https:\/\/www.bellunopress.it\/2026\/07\/14\/laltraitalia-una-sfida-editoriale-che-nasce-dalla-passione-e-dal-coraggio-di-stefania-mafalda\/","name":"L\u2019AltraItalia: una sfida editoriale che nasce dalla passione e dal coraggio di Stefania Mafalda - Bellunopress - Dolomiti","isPartOf":{"@id":"https:\/\/www.bellunopress.it\/#website"},"primaryImageOfPage":{"@id":"https:\/\/www.bellunopress.it\/2026\/07\/14\/laltraitalia-una-sfida-editoriale-che-nasce-dalla-passione-e-dal-coraggio-di-stefania-mafalda\/#primaryimage"},"image":{"@id":"https:\/\/www.bellunopress.it\/2026\/07\/14\/laltraitalia-una-sfida-editoriale-che-nasce-dalla-passione-e-dal-coraggio-di-stefania-mafalda\/#primaryimage"},"thumbnailUrl":"https:\/\/www.bellunopress.it\/wp-content\/uploads\/2026\/07\/Stefania-Mafalda-e-Chiara-Vannini.jpg","datePublished":"2026-07-14T13:22:26+00:00","breadcrumb":{"@id":"https:\/\/www.bellunopress.it\/2026\/07\/14\/laltraitalia-una-sfida-editoriale-che-nasce-dalla-passione-e-dal-coraggio-di-stefania-mafalda\/#breadcrumb"},"inLanguage":"fr-FR","potentialAction":[{"@type":"ReadAction","target":["https:\/\/www.bellunopress.it\/2026\/07\/14\/laltraitalia-una-sfida-editoriale-che-nasce-dalla-passione-e-dal-coraggio-di-stefania-mafalda\/"]}]},{"@type":"ImageObject","inLanguage":"fr-FR","@id":"https:\/\/www.bellunopress.it\/2026\/07\/14\/laltraitalia-una-sfida-editoriale-che-nasce-dalla-passione-e-dal-coraggio-di-stefania-mafalda\/#primaryimage","url":"https:\/\/www.bellunopress.it\/wp-content\/uploads\/2026\/07\/Stefania-Mafalda-e-Chiara-Vannini.jpg","contentUrl":"https:\/\/www.bellunopress.it\/wp-content\/uploads\/2026\/07\/Stefania-Mafalda-e-Chiara-Vannini.jpg","width":600,"height":510,"caption":"Stefania Mafalda e Chiara Vannini al lancio della rivista L'AltraItalia all'Astor di Belluno"},{"@type":"BreadcrumbList","@id":"https:\/\/www.bellunopress.it\/2026\/07\/14\/laltraitalia-una-sfida-editoriale-che-nasce-dalla-passione-e-dal-coraggio-di-stefania-mafalda\/#breadcrumb","itemListElement":[{"@type":"ListItem","position":1,"name":"Home","item":"https:\/\/www.bellunopress.it\/"},{"@type":"ListItem","position":2,"name":"L\u2019AltraItalia: una sfida editoriale che nasce dalla passione e dal coraggio di Stefania Mafalda"}]},{"@type":"WebSite","@id":"https:\/\/www.bellunopress.it\/#website","url":"https:\/\/www.bellunopress.it\/","name":"Bellunopress - Dolomiti","description":"e-mail: redazione@bellunopress.it","publisher":{"@id":"https:\/\/www.bellunopress.it\/#organization"},"potentialAction":[{"@type":"SearchAction","target":{"@type":"EntryPoint","urlTemplate":"https:\/\/www.bellunopress.it\/?s={search_term_string}"},"query-input":{"@type":"PropertyValueSpecification","valueRequired":true,"valueName":"search_term_string"}}],"inLanguage":"fr-FR"},{"@type":"Organization","@id":"https:\/\/www.bellunopress.it\/#organization","name":"Bellunopress","url":"https:\/\/www.bellunopress.it\/","logo":{"@type":"ImageObject","inLanguage":"fr-FR","@id":"https:\/\/www.bellunopress.it\/#\/schema\/logo\/image\/","url":"https:\/\/www.bellunopress.it\/wp-content\/uploads\/2011\/05\/cropped-logo-bellunopress-.jpg","contentUrl":"https:\/\/www.bellunopress.it\/wp-content\/uploads\/2011\/05\/cropped-logo-bellunopress-.jpg","width":512,"height":512,"caption":"Bellunopress"},"image":{"@id":"https:\/\/www.bellunopress.it\/#\/schema\/logo\/image\/"},"sameAs":["https:\/\/www.facebook.com\/profile.php?id=100008943462799","https:\/\/x.com\/bellunopress","https:\/\/www.linkedin.com\/hp\/?dnr=JBzUWaJfMUw8vbXJJ2tVW5-I3jZKvC4wsoxE&amp;amp;amp;amp;amp;amp;trk=nav_responsive_tab_home","https:\/\/www.youtube.com\/channel\/UCxL0wu1uN0_3_7hGG0306cw"]},{"@type":"Person","@id":"https:\/\/www.bellunopress.it\/#\/schema\/person\/79bb06722b37ece1c03d3e94beb30d73","name":"r\u00e9daction","image":{"@type":"ImageObject","inLanguage":"fr-FR","@id":"https:\/\/secure.gravatar.com\/avatar\/37d968a2e67a6fd04c169c4bdef102d0bc5d31b2546345219e348575eb80e9a0?s=96&d=mm&r=g","url":"https:\/\/secure.gravatar.com\/avatar\/37d968a2e67a6fd04c169c4bdef102d0bc5d31b2546345219e348575eb80e9a0?s=96&d=mm&r=g","contentUrl":"https:\/\/secure.gravatar.com\/avatar\/37d968a2e67a6fd04c169c4bdef102d0bc5d31b2546345219e348575eb80e9a0?s=96&d=mm&r=g","caption":"redazione"},"sameAs":["http:\/\/www.bellunopress.it","https:\/\/x.com\/bellunopress"],"url":"https:\/\/www.bellunopress.it\/fr\/author\/redazione\/"}]}},"_links":{"self":[{"href":"https:\/\/www.bellunopress.it\/fr\/wp-json\/wp\/v2\/posts\/171916","targetHints":{"allow":["GET"]}}],"collection":[{"href":"https:\/\/www.bellunopress.it\/fr\/wp-json\/wp\/v2\/posts"}],"about":[{"href":"https:\/\/www.bellunopress.it\/fr\/wp-json\/wp\/v2\/types\/post"}],"author":[{"embeddable":true,"href":"https:\/\/www.bellunopress.it\/fr\/wp-json\/wp\/v2\/users\/2"}],"replies":[{"embeddable":true,"href":"https:\/\/www.bellunopress.it\/fr\/wp-json\/wp\/v2\/comments?post=171916"}],"version-history":[{"count":1,"href":"https:\/\/www.bellunopress.it\/fr\/wp-json\/wp\/v2\/posts\/171916\/revisions"}],"predecessor-version":[{"id":171918,"href":"https:\/\/www.bellunopress.it\/fr\/wp-json\/wp\/v2\/posts\/171916\/revisions\/171918"}],"wp:featuredmedia":[{"embeddable":true,"href":"https:\/\/www.bellunopress.it\/fr\/wp-json\/wp\/v2\/media\/171917"}],"wp:attachment":[{"href":"https:\/\/www.bellunopress.it\/fr\/wp-json\/wp\/v2\/media?parent=171916"}],"wp:term":[{"taxonomy":"category","embeddable":true,"href":"https:\/\/www.bellunopress.it\/fr\/wp-json\/wp\/v2\/categories?post=171916"},{"taxonomy":"post_tag","embeddable":true,"href":"https:\/\/www.bellunopress.it\/fr\/wp-json\/wp\/v2\/tags?post=171916"}],"curies":[{"name":"wp","href":"https:\/\/api.w.org\/{rel}","templated":true}]}}