{"id":171914,"date":"2026-07-14T10:52:44","date_gmt":"2026-07-14T08:52:44","guid":{"rendered":"https:\/\/www.bellunopress.it\/?p=171914"},"modified":"2026-07-14T10:52:44","modified_gmt":"2026-07-14T08:52:44","slug":"hydro-feltre-sindaco-fusaro-ora-servono-risposte-concrete-per-garantire-un-futuro-allo-stabilimento","status":"publish","type":"post","link":"https:\/\/www.bellunopress.it\/fr\/2026\/07\/14\/hydro-feltre-sindaco-fusaro-ora-servono-risposte-concrete-per-garantire-un-futuro-allo-stabilimento\/","title":{"rendered":"Hydro Feltre. Sindaco Fusaro: \u201cOra servono risposte concrete per garantire un futuro allo stabilimento\u201d"},"content":{"rendered":"<p>&#8220;La proroga della cassa integrazione rappresenta certamente una notizia positiva, perch\u00e9 offre ai lavoratori e alle loro famiglie una tutela importante in una fase che continua a essere caratterizzata da grande incertezza. Si tratta per\u00f2 di una misura temporanea, mentre l&#8217;obiettivo che tutti dobbiamo continuare a perseguire \u00e8 quello di garantire continuit\u00e0 produttiva e occupazionale allo stabilimento Hydro di Feltre\u201d.<\/p>\n<p>Cos\u00ec il sindaco di Feltre, Viviana Fusaro, nel commentare gli ultimi sviluppo della vertenza Hydro.<\/p>\n<p>\u201cL&#8217;incontro convocato il prossimo 20 luglio al Ministero delle Imprese e del Made in Italy e dove l\u2019Amministrazione sar\u00e0 senz\u2019altro presente, rappresenta un passaggio fondamentale. L&#8217;auspicio \u00e8 che le manifestazioni di interesse emerse negli ultimi mesi possano finalmente tradursi in un progetto industriale concreto, capace di dare prospettive reali ai lavoratori e al territorio. Come Amministrazione continueremo a collaborare con tutte le istituzioni coinvolte, nella convinzione che sia necessario fare ogni sforzo possibile per accompagnare una soluzione positiva della vertenza. Hydro, non mi stanco di ripeterlo, rappresenta una realt\u00e0 industriale di grande importanza per Feltre e per tutto il territorio e la priorit\u00e0 deve restare quella di salvaguardarne il futuro, le competenze e i posti di lavoro.&#8221;<\/p>","protected":false},"excerpt":{"rendered":"<p>&#8220;La proroga della cassa integrazione rappresenta certamente una notizia positiva, perch\u00e9 offre ai lavoratori e alle loro famiglie una tutela importante in una fase che continua a essere caratterizzata da grande incertezza. Si tratta per\u00f2 di una misura temporanea, mentre l&#8217;obiettivo che tutti dobbiamo continuare a perseguire \u00e8 quello di garantire continuit\u00e0 produttiva e occupazionale [&hellip;]<\/p>\n","protected":false},"author":2,"featured_media":156504,"comment_status":"closed","ping_status":"open","sticky":false,"template":"","format":"standard","meta":{"footnotes":""},"categories":[36,26],"tags":[],"class_list":["post-171914","post","type-post","status-publish","format-standard","has-post-thumbnail","category-lavoro-economia","category-prima-pagina"],"yoast_head":"<!-- This site is optimized with the Yoast SEO plugin v28.4 - https:\/\/yoast.com\/product\/yoast-seo-wordpress\/ -->\n<title>Hydro Feltre. Sindaco Fusaro: \u201cOra servono risposte concrete per garantire un futuro allo stabilimento\u201d - Bellunopress - Dolomiti<\/title>\n<meta name=\"robots\" content=\"index, follow, max-snippet:-1, max-image-preview:large, max-video-preview:-1\" \/>\n<link rel=\"canonical\" href=\"https:\/\/www.bellunopress.it\/fr\/2026\/07\/14\/hydro-feltre-sindaco-fusaro-ora-servono-risposte-concrete-per-garantire-un-futuro-allo-stabilimento\/\" \/>\n<meta property=\"og:locale\" content=\"fr_FR\" \/>\n<meta property=\"og:type\" content=\"article\" \/>\n<meta property=\"og:title\" content=\"Hydro Feltre. Sindaco Fusaro: \u201cOra servono risposte concrete per garantire un futuro allo stabilimento\u201d - Bellunopress - Dolomiti\" \/>\n<meta property=\"og:description\" content=\"&#8220;La proroga della cassa integrazione rappresenta certamente una notizia positiva, perch\u00e9 offre ai lavoratori e alle loro famiglie una tutela importante in una fase che continua a essere caratterizzata da grande incertezza. Si tratta per\u00f2 di una misura temporanea, mentre l&#8217;obiettivo che tutti dobbiamo continuare a perseguire \u00e8 quello di garantire continuit\u00e0 produttiva e occupazionale [&hellip;]\" \/>\n<meta property=\"og:url\" content=\"https:\/\/www.bellunopress.it\/fr\/2026\/07\/14\/hydro-feltre-sindaco-fusaro-ora-servono-risposte-concrete-per-garantire-un-futuro-allo-stabilimento\/\" \/>\n<meta property=\"og:site_name\" content=\"Bellunopress - Dolomiti\" \/>\n<meta property=\"article:publisher\" content=\"https:\/\/www.facebook.com\/profile.php?id=100008943462799\" \/>\n<meta property=\"article:published_time\" content=\"2026-07-14T08:52:44+00:00\" \/>\n<meta property=\"og:image\" content=\"https:\/\/www.bellunopress.it\/wp-content\/uploads\/2024\/12\/Viviana-Fusaro-sindco-di-Feltre-in-Piazza-Maggiore_edited.jpg\" \/>\n\t<meta property=\"og:image:width\" content=\"1000\" \/>\n\t<meta property=\"og:image:height\" content=\"750\" \/>\n\t<meta property=\"og:image:type\" content=\"image\/jpeg\" \/>\n<meta name=\"author\" content=\"redazione\" \/>\n<meta name=\"twitter:card\" content=\"summary_large_image\" \/>\n<meta name=\"twitter:creator\" content=\"@bellunopress\" \/>\n<meta name=\"twitter:site\" content=\"@bellunopress\" \/>\n<meta name=\"twitter:label1\" content=\"\u00c9crit par\" \/>\n\t<meta name=\"twitter:data1\" content=\"redazione\" \/>\n\t<meta name=\"twitter:label2\" content=\"Dur\u00e9e de lecture estim\u00e9e\" \/>\n\t<meta name=\"twitter:data2\" content=\"2 minutes\" \/>\n<script type=\"application\/ld+json\" class=\"yoast-schema-graph\">{\"@context\":\"https:\\\/\\\/schema.org\",\"@graph\":[{\"@type\":\"Article\",\"@id\":\"https:\\\/\\\/www.bellunopress.it\\\/2026\\\/07\\\/14\\\/hydro-feltre-sindaco-fusaro-ora-servono-risposte-concrete-per-garantire-un-futuro-allo-stabilimento\\\/#article\",\"isPartOf\":{\"@id\":\"https:\\\/\\\/www.bellunopress.it\\\/2026\\\/07\\\/14\\\/hydro-feltre-sindaco-fusaro-ora-servono-risposte-concrete-per-garantire-un-futuro-allo-stabilimento\\\/\"},\"author\":{\"name\":\"redazione\",\"@id\":\"https:\\\/\\\/www.bellunopress.it\\\/#\\\/schema\\\/person\\\/79bb06722b37ece1c03d3e94beb30d73\"},\"headline\":\"Hydro Feltre. Sindaco Fusaro: \u201cOra servono risposte concrete per garantire un futuro allo stabilimento\u201d\",\"datePublished\":\"2026-07-14T08:52:44+00:00\",\"mainEntityOfPage\":{\"@id\":\"https:\\\/\\\/www.bellunopress.it\\\/2026\\\/07\\\/14\\\/hydro-feltre-sindaco-fusaro-ora-servono-risposte-concrete-per-garantire-un-futuro-allo-stabilimento\\\/\"},\"wordCount\":208,\"publisher\":{\"@id\":\"https:\\\/\\\/www.bellunopress.it\\\/#organization\"},\"image\":{\"@id\":\"https:\\\/\\\/www.bellunopress.it\\\/2026\\\/07\\\/14\\\/hydro-feltre-sindaco-fusaro-ora-servono-risposte-concrete-per-garantire-un-futuro-allo-stabilimento\\\/#primaryimage\"},\"thumbnailUrl\":\"https:\\\/\\\/www.bellunopress.it\\\/wp-content\\\/uploads\\\/2024\\\/12\\\/Viviana-Fusaro-sindco-di-Feltre-in-Piazza-Maggiore_edited.jpg\",\"articleSection\":[\"Lavoro, Economia, Turismo\",\"Prima Pagina\"],\"inLanguage\":\"fr-FR\"},{\"@type\":\"WebPage\",\"@id\":\"https:\\\/\\\/www.bellunopress.it\\\/2026\\\/07\\\/14\\\/hydro-feltre-sindaco-fusaro-ora-servono-risposte-concrete-per-garantire-un-futuro-allo-stabilimento\\\/\",\"url\":\"https:\\\/\\\/www.bellunopress.it\\\/2026\\\/07\\\/14\\\/hydro-feltre-sindaco-fusaro-ora-servono-risposte-concrete-per-garantire-un-futuro-allo-stabilimento\\\/\",\"name\":\"Hydro Feltre. Sindaco Fusaro: \u201cOra servono risposte concrete per garantire un futuro allo stabilimento\u201d - Bellunopress - Dolomiti\",\"isPartOf\":{\"@id\":\"https:\\\/\\\/www.bellunopress.it\\\/#website\"},\"primaryImageOfPage\":{\"@id\":\"https:\\\/\\\/www.bellunopress.it\\\/2026\\\/07\\\/14\\\/hydro-feltre-sindaco-fusaro-ora-servono-risposte-concrete-per-garantire-un-futuro-allo-stabilimento\\\/#primaryimage\"},\"image\":{\"@id\":\"https:\\\/\\\/www.bellunopress.it\\\/2026\\\/07\\\/14\\\/hydro-feltre-sindaco-fusaro-ora-servono-risposte-concrete-per-garantire-un-futuro-allo-stabilimento\\\/#primaryimage\"},\"thumbnailUrl\":\"https:\\\/\\\/www.bellunopress.it\\\/wp-content\\\/uploads\\\/2024\\\/12\\\/Viviana-Fusaro-sindco-di-Feltre-in-Piazza-Maggiore_edited.jpg\",\"datePublished\":\"2026-07-14T08:52:44+00:00\",\"breadcrumb\":{\"@id\":\"https:\\\/\\\/www.bellunopress.it\\\/2026\\\/07\\\/14\\\/hydro-feltre-sindaco-fusaro-ora-servono-risposte-concrete-per-garantire-un-futuro-allo-stabilimento\\\/#breadcrumb\"},\"inLanguage\":\"fr-FR\",\"potentialAction\":[{\"@type\":\"ReadAction\",\"target\":[\"https:\\\/\\\/www.bellunopress.it\\\/2026\\\/07\\\/14\\\/hydro-feltre-sindaco-fusaro-ora-servono-risposte-concrete-per-garantire-un-futuro-allo-stabilimento\\\/\"]}]},{\"@type\":\"ImageObject\",\"inLanguage\":\"fr-FR\",\"@id\":\"https:\\\/\\\/www.bellunopress.it\\\/2026\\\/07\\\/14\\\/hydro-feltre-sindaco-fusaro-ora-servono-risposte-concrete-per-garantire-un-futuro-allo-stabilimento\\\/#primaryimage\",\"url\":\"https:\\\/\\\/www.bellunopress.it\\\/wp-content\\\/uploads\\\/2024\\\/12\\\/Viviana-Fusaro-sindco-di-Feltre-in-Piazza-Maggiore_edited.jpg\",\"contentUrl\":\"https:\\\/\\\/www.bellunopress.it\\\/wp-content\\\/uploads\\\/2024\\\/12\\\/Viviana-Fusaro-sindco-di-Feltre-in-Piazza-Maggiore_edited.jpg\",\"width\":1000,\"height\":750,\"caption\":\"Viviana Fusaro, sindaco di Feltre - Piazza Maggiore, Feltre\"},{\"@type\":\"BreadcrumbList\",\"@id\":\"https:\\\/\\\/www.bellunopress.it\\\/2026\\\/07\\\/14\\\/hydro-feltre-sindaco-fusaro-ora-servono-risposte-concrete-per-garantire-un-futuro-allo-stabilimento\\\/#breadcrumb\",\"itemListElement\":[{\"@type\":\"ListItem\",\"position\":1,\"name\":\"Home\",\"item\":\"https:\\\/\\\/www.bellunopress.it\\\/\"},{\"@type\":\"ListItem\",\"position\":2,\"name\":\"Hydro Feltre. Sindaco Fusaro: \u201cOra servono risposte concrete per garantire un futuro allo stabilimento\u201d\"}]},{\"@type\":\"WebSite\",\"@id\":\"https:\\\/\\\/www.bellunopress.it\\\/#website\",\"url\":\"https:\\\/\\\/www.bellunopress.it\\\/\",\"name\":\"Bellunopress - Dolomiti\",\"description\":\"e-mail: redazione@bellunopress.it\",\"publisher\":{\"@id\":\"https:\\\/\\\/www.bellunopress.it\\\/#organization\"},\"potentialAction\":[{\"@type\":\"SearchAction\",\"target\":{\"@type\":\"EntryPoint\",\"urlTemplate\":\"https:\\\/\\\/www.bellunopress.it\\\/?s={search_term_string}\"},\"query-input\":{\"@type\":\"PropertyValueSpecification\",\"valueRequired\":true,\"valueName\":\"search_term_string\"}}],\"inLanguage\":\"fr-FR\"},{\"@type\":\"Organization\",\"@id\":\"https:\\\/\\\/www.bellunopress.it\\\/#organization\",\"name\":\"Bellunopress\",\"url\":\"https:\\\/\\\/www.bellunopress.it\\\/\",\"logo\":{\"@type\":\"ImageObject\",\"inLanguage\":\"fr-FR\",\"@id\":\"https:\\\/\\\/www.bellunopress.it\\\/#\\\/schema\\\/logo\\\/image\\\/\",\"url\":\"https:\\\/\\\/www.bellunopress.it\\\/wp-content\\\/uploads\\\/2011\\\/05\\\/cropped-logo-bellunopress-.jpg\",\"contentUrl\":\"https:\\\/\\\/www.bellunopress.it\\\/wp-content\\\/uploads\\\/2011\\\/05\\\/cropped-logo-bellunopress-.jpg\",\"width\":512,\"height\":512,\"caption\":\"Bellunopress\"},\"image\":{\"@id\":\"https:\\\/\\\/www.bellunopress.it\\\/#\\\/schema\\\/logo\\\/image\\\/\"},\"sameAs\":[\"https:\\\/\\\/www.facebook.com\\\/profile.php?id=100008943462799\",\"https:\\\/\\\/x.com\\\/bellunopress\",\"https:\\\/\\\/www.linkedin.com\\\/hp\\\/?dnr=JBzUWaJfMUw8vbXJJ2tVW5-I3jZKvC4wsoxE&amp;amp;amp;amp;amp;amp;trk=nav_responsive_tab_home\",\"https:\\\/\\\/www.youtube.com\\\/channel\\\/UCxL0wu1uN0_3_7hGG0306cw\"]},{\"@type\":\"Person\",\"@id\":\"https:\\\/\\\/www.bellunopress.it\\\/#\\\/schema\\\/person\\\/79bb06722b37ece1c03d3e94beb30d73\",\"name\":\"redazione\",\"image\":{\"@type\":\"ImageObject\",\"inLanguage\":\"fr-FR\",\"@id\":\"https:\\\/\\\/secure.gravatar.com\\\/avatar\\\/37d968a2e67a6fd04c169c4bdef102d0bc5d31b2546345219e348575eb80e9a0?s=96&d=mm&r=g\",\"url\":\"https:\\\/\\\/secure.gravatar.com\\\/avatar\\\/37d968a2e67a6fd04c169c4bdef102d0bc5d31b2546345219e348575eb80e9a0?s=96&d=mm&r=g\",\"contentUrl\":\"https:\\\/\\\/secure.gravatar.com\\\/avatar\\\/37d968a2e67a6fd04c169c4bdef102d0bc5d31b2546345219e348575eb80e9a0?s=96&d=mm&r=g\",\"caption\":\"redazione\"},\"sameAs\":[\"http:\\\/\\\/www.bellunopress.it\",\"https:\\\/\\\/x.com\\\/bellunopress\"],\"url\":\"https:\\\/\\\/www.bellunopress.it\\\/fr\\\/author\\\/redazione\\\/\"}]}<\/script>\n<!-- \/ Yoast SEO plugin. -->","yoast_head_json":{"title":"Hydro Feltre. Sindaco Fusaro: \u201cOra servono risposte concrete per garantire un futuro allo stabilimento\u201d - Bellunopress - Dolomiti","robots":{"index":"index","follow":"follow","max-snippet":"max-snippet:-1","max-image-preview":"max-image-preview:large","max-video-preview":"max-video-preview:-1"},"canonical":"https:\/\/www.bellunopress.it\/fr\/2026\/07\/14\/hydro-feltre-sindaco-fusaro-ora-servono-risposte-concrete-per-garantire-un-futuro-allo-stabilimento\/","og_locale":"fr_FR","og_type":"article","og_title":"Hydro Feltre. Sindaco Fusaro: \u201cOra servono risposte concrete per garantire un futuro allo stabilimento\u201d - Bellunopress - Dolomiti","og_description":"&#8220;La proroga della cassa integrazione rappresenta certamente una notizia positiva, perch\u00e9 offre ai lavoratori e alle loro famiglie una tutela importante in una fase che continua a essere caratterizzata da grande incertezza. Si tratta per\u00f2 di una misura temporanea, mentre l&#8217;obiettivo che tutti dobbiamo continuare a perseguire \u00e8 quello di garantire continuit\u00e0 produttiva e occupazionale [&hellip;]","og_url":"https:\/\/www.bellunopress.it\/fr\/2026\/07\/14\/hydro-feltre-sindaco-fusaro-ora-servono-risposte-concrete-per-garantire-un-futuro-allo-stabilimento\/","og_site_name":"Bellunopress - Dolomiti","article_publisher":"https:\/\/www.facebook.com\/profile.php?id=100008943462799","article_published_time":"2026-07-14T08:52:44+00:00","og_image":[{"width":1000,"height":750,"url":"https:\/\/www.bellunopress.it\/wp-content\/uploads\/2024\/12\/Viviana-Fusaro-sindco-di-Feltre-in-Piazza-Maggiore_edited.jpg","type":"image\/jpeg"}],"author":"redazione","twitter_card":"summary_large_image","twitter_creator":"@bellunopress","twitter_site":"@bellunopress","twitter_misc":{"\u00c9crit par":"redazione","Dur\u00e9e de lecture estim\u00e9e":"2 minutes"},"schema":{"@context":"https:\/\/schema.org","@graph":[{"@type":"Article","@id":"https:\/\/www.bellunopress.it\/2026\/07\/14\/hydro-feltre-sindaco-fusaro-ora-servono-risposte-concrete-per-garantire-un-futuro-allo-stabilimento\/#article","isPartOf":{"@id":"https:\/\/www.bellunopress.it\/2026\/07\/14\/hydro-feltre-sindaco-fusaro-ora-servono-risposte-concrete-per-garantire-un-futuro-allo-stabilimento\/"},"author":{"name":"redazione","@id":"https:\/\/www.bellunopress.it\/#\/schema\/person\/79bb06722b37ece1c03d3e94beb30d73"},"headline":"Hydro Feltre. Sindaco Fusaro: \u201cOra servono risposte concrete per garantire un futuro allo stabilimento\u201d","datePublished":"2026-07-14T08:52:44+00:00","mainEntityOfPage":{"@id":"https:\/\/www.bellunopress.it\/2026\/07\/14\/hydro-feltre-sindaco-fusaro-ora-servono-risposte-concrete-per-garantire-un-futuro-allo-stabilimento\/"},"wordCount":208,"publisher":{"@id":"https:\/\/www.bellunopress.it\/#organization"},"image":{"@id":"https:\/\/www.bellunopress.it\/2026\/07\/14\/hydro-feltre-sindaco-fusaro-ora-servono-risposte-concrete-per-garantire-un-futuro-allo-stabilimento\/#primaryimage"},"thumbnailUrl":"https:\/\/www.bellunopress.it\/wp-content\/uploads\/2024\/12\/Viviana-Fusaro-sindco-di-Feltre-in-Piazza-Maggiore_edited.jpg","articleSection":["Lavoro, Economia, Turismo","Prima Pagina"],"inLanguage":"fr-FR"},{"@type":"WebPage","@id":"https:\/\/www.bellunopress.it\/2026\/07\/14\/hydro-feltre-sindaco-fusaro-ora-servono-risposte-concrete-per-garantire-un-futuro-allo-stabilimento\/","url":"https:\/\/www.bellunopress.it\/2026\/07\/14\/hydro-feltre-sindaco-fusaro-ora-servono-risposte-concrete-per-garantire-un-futuro-allo-stabilimento\/","name":"Hydro Feltre. Sindaco Fusaro: \u201cOra servono risposte concrete per garantire un futuro allo stabilimento\u201d - Bellunopress - Dolomiti","isPartOf":{"@id":"https:\/\/www.bellunopress.it\/#website"},"primaryImageOfPage":{"@id":"https:\/\/www.bellunopress.it\/2026\/07\/14\/hydro-feltre-sindaco-fusaro-ora-servono-risposte-concrete-per-garantire-un-futuro-allo-stabilimento\/#primaryimage"},"image":{"@id":"https:\/\/www.bellunopress.it\/2026\/07\/14\/hydro-feltre-sindaco-fusaro-ora-servono-risposte-concrete-per-garantire-un-futuro-allo-stabilimento\/#primaryimage"},"thumbnailUrl":"https:\/\/www.bellunopress.it\/wp-content\/uploads\/2024\/12\/Viviana-Fusaro-sindco-di-Feltre-in-Piazza-Maggiore_edited.jpg","datePublished":"2026-07-14T08:52:44+00:00","breadcrumb":{"@id":"https:\/\/www.bellunopress.it\/2026\/07\/14\/hydro-feltre-sindaco-fusaro-ora-servono-risposte-concrete-per-garantire-un-futuro-allo-stabilimento\/#breadcrumb"},"inLanguage":"fr-FR","potentialAction":[{"@type":"ReadAction","target":["https:\/\/www.bellunopress.it\/2026\/07\/14\/hydro-feltre-sindaco-fusaro-ora-servono-risposte-concrete-per-garantire-un-futuro-allo-stabilimento\/"]}]},{"@type":"ImageObject","inLanguage":"fr-FR","@id":"https:\/\/www.bellunopress.it\/2026\/07\/14\/hydro-feltre-sindaco-fusaro-ora-servono-risposte-concrete-per-garantire-un-futuro-allo-stabilimento\/#primaryimage","url":"https:\/\/www.bellunopress.it\/wp-content\/uploads\/2024\/12\/Viviana-Fusaro-sindco-di-Feltre-in-Piazza-Maggiore_edited.jpg","contentUrl":"https:\/\/www.bellunopress.it\/wp-content\/uploads\/2024\/12\/Viviana-Fusaro-sindco-di-Feltre-in-Piazza-Maggiore_edited.jpg","width":1000,"height":750,"caption":"Viviana Fusaro, sindaco di Feltre - Piazza Maggiore, Feltre"},{"@type":"BreadcrumbList","@id":"https:\/\/www.bellunopress.it\/2026\/07\/14\/hydro-feltre-sindaco-fusaro-ora-servono-risposte-concrete-per-garantire-un-futuro-allo-stabilimento\/#breadcrumb","itemListElement":[{"@type":"ListItem","position":1,"name":"Home","item":"https:\/\/www.bellunopress.it\/"},{"@type":"ListItem","position":2,"name":"Hydro Feltre. Sindaco Fusaro: \u201cOra servono risposte concrete per garantire un futuro allo stabilimento\u201d"}]},{"@type":"WebSite","@id":"https:\/\/www.bellunopress.it\/#website","url":"https:\/\/www.bellunopress.it\/","name":"Bellunopress - Dolomiti","description":"e-mail: redazione@bellunopress.it","publisher":{"@id":"https:\/\/www.bellunopress.it\/#organization"},"potentialAction":[{"@type":"SearchAction","target":{"@type":"EntryPoint","urlTemplate":"https:\/\/www.bellunopress.it\/?s={search_term_string}"},"query-input":{"@type":"PropertyValueSpecification","valueRequired":true,"valueName":"search_term_string"}}],"inLanguage":"fr-FR"},{"@type":"Organization","@id":"https:\/\/www.bellunopress.it\/#organization","name":"Bellunopress","url":"https:\/\/www.bellunopress.it\/","logo":{"@type":"ImageObject","inLanguage":"fr-FR","@id":"https:\/\/www.bellunopress.it\/#\/schema\/logo\/image\/","url":"https:\/\/www.bellunopress.it\/wp-content\/uploads\/2011\/05\/cropped-logo-bellunopress-.jpg","contentUrl":"https:\/\/www.bellunopress.it\/wp-content\/uploads\/2011\/05\/cropped-logo-bellunopress-.jpg","width":512,"height":512,"caption":"Bellunopress"},"image":{"@id":"https:\/\/www.bellunopress.it\/#\/schema\/logo\/image\/"},"sameAs":["https:\/\/www.facebook.com\/profile.php?id=100008943462799","https:\/\/x.com\/bellunopress","https:\/\/www.linkedin.com\/hp\/?dnr=JBzUWaJfMUw8vbXJJ2tVW5-I3jZKvC4wsoxE&amp;amp;amp;amp;amp;amp;trk=nav_responsive_tab_home","https:\/\/www.youtube.com\/channel\/UCxL0wu1uN0_3_7hGG0306cw"]},{"@type":"Person","@id":"https:\/\/www.bellunopress.it\/#\/schema\/person\/79bb06722b37ece1c03d3e94beb30d73","name":"r\u00e9daction","image":{"@type":"ImageObject","inLanguage":"fr-FR","@id":"https:\/\/secure.gravatar.com\/avatar\/37d968a2e67a6fd04c169c4bdef102d0bc5d31b2546345219e348575eb80e9a0?s=96&d=mm&r=g","url":"https:\/\/secure.gravatar.com\/avatar\/37d968a2e67a6fd04c169c4bdef102d0bc5d31b2546345219e348575eb80e9a0?s=96&d=mm&r=g","contentUrl":"https:\/\/secure.gravatar.com\/avatar\/37d968a2e67a6fd04c169c4bdef102d0bc5d31b2546345219e348575eb80e9a0?s=96&d=mm&r=g","caption":"redazione"},"sameAs":["http:\/\/www.bellunopress.it","https:\/\/x.com\/bellunopress"],"url":"https:\/\/www.bellunopress.it\/fr\/author\/redazione\/"}]}},"_links":{"self":[{"href":"https:\/\/www.bellunopress.it\/fr\/wp-json\/wp\/v2\/posts\/171914","targetHints":{"allow":["GET"]}}],"collection":[{"href":"https:\/\/www.bellunopress.it\/fr\/wp-json\/wp\/v2\/posts"}],"about":[{"href":"https:\/\/www.bellunopress.it\/fr\/wp-json\/wp\/v2\/types\/post"}],"author":[{"embeddable":true,"href":"https:\/\/www.bellunopress.it\/fr\/wp-json\/wp\/v2\/users\/2"}],"replies":[{"embeddable":true,"href":"https:\/\/www.bellunopress.it\/fr\/wp-json\/wp\/v2\/comments?post=171914"}],"version-history":[{"count":1,"href":"https:\/\/www.bellunopress.it\/fr\/wp-json\/wp\/v2\/posts\/171914\/revisions"}],"predecessor-version":[{"id":171915,"href":"https:\/\/www.bellunopress.it\/fr\/wp-json\/wp\/v2\/posts\/171914\/revisions\/171915"}],"wp:featuredmedia":[{"embeddable":true,"href":"https:\/\/www.bellunopress.it\/fr\/wp-json\/wp\/v2\/media\/156504"}],"wp:attachment":[{"href":"https:\/\/www.bellunopress.it\/fr\/wp-json\/wp\/v2\/media?parent=171914"}],"wp:term":[{"taxonomy":"category","embeddable":true,"href":"https:\/\/www.bellunopress.it\/fr\/wp-json\/wp\/v2\/categories?post=171914"},{"taxonomy":"post_tag","embeddable":true,"href":"https:\/\/www.bellunopress.it\/fr\/wp-json\/wp\/v2\/tags?post=171914"}],"curies":[{"name":"wp","href":"https:\/\/api.w.org\/{rel}","templated":true}]}}