{"id":171908,"date":"2026-07-14T07:39:07","date_gmt":"2026-07-14T05:39:07","guid":{"rendered":"https:\/\/www.bellunopress.it\/?p=171908"},"modified":"2026-07-14T07:39:07","modified_gmt":"2026-07-14T05:39:07","slug":"forgialluminio-la-forza-della-comunita-le-persone-sono-la-nostra-risposta-alla-crisi","status":"publish","type":"post","link":"https:\/\/www.bellunopress.it\/fr\/2026\/07\/14\/forgialluminio-la-forza-della-comunita-le-persone-sono-la-nostra-risposta-alla-crisi\/","title":{"rendered":"Forgialluminio, la forza della comunit\u00e0: &#8220;Le persone sono la nostra risposta alla crisi&#8221;"},"content":{"rendered":"<p>Pedavena, 14\/07\/2026 &#8211; Nonostante le nubi che continuano ad addensarsi sul settore dell&#8217;automotive europeo, c\u2019\u00e8 chi sceglie di non fermarsi e di puntare tutto su quello che definisce il suo &#8220;patrimonio inestimabile&#8221;: le persone. \u00c8 il messaggio lanciato da Forgialluminio, storica realt\u00e0 di Pedavena specializzata negli stampati a caldo in leghe di alluminio, che venerd\u00ec scorso ha riunito collaboratori e famiglie in Birreria Pedavena per un momento di condivisione e riflessione.<\/p>\n<p>La serata, che ha visto la partecipazione di circa 180 lavoratori, non \u00e8 stata solo una cena conviviale, ma un\u2019occasione per ribadire la coesione interna in un periodo segnato da volumi produttivi in calo e dalla necessit\u00e0 di ricorrere agli ammortizzatori sociali. Un contesto difficile, che per\u00f2 non ha scalfito la volont\u00e0 dell&#8217;azienda di guardare al futuro con determinazione.<\/p>\n<p>\u00abLe difficolt\u00e0 del mercato non dipendono da noi, ci\u00f2 che dipende da noi \u00e8 come le affrontiamo. E la risposta di Forgialluminio sono le sue persone: la loro professionalit\u00e0, la loro tenacia, il loro attaccamento all&#8217;azienda. \u00c8 un patrimonio che nessuna congiuntura potr\u00e0 toglierci\u00bb, ha dichiarato l&#8217;amministratore unico, Pierluigi Cortese.<\/p>\n<p>L&#8217;incontro ha offerto anche lo spunto per un bilancio sul percorso intrapreso: \u00abUn anno fa ci eravamo detti che insieme avremmo costruito una nuova fase di rilancio \u2013 ha ricordato Cortese \u2013. Quella promessa la stiamo onorando giorno dopo giorno, con impegno e con la consapevolezza di avere solide radici e competenze riconosciute\u00bb.<\/p>\n<p>In un panorama industriale che spesso guarda solo ai freddi numeri di mercato, Forgialluminio sceglie una strada diversa, fatta di legami e presenza costante. Per la propriet\u00e0, investire sulla comunit\u00e0 interna rimane la leva strategica principale per superare la tempesta attuale e farsi trovare pronti quando si presenteranno le nuove opportunit\u00e0 di ripresa.<\/p>","protected":false},"excerpt":{"rendered":"<p>Pedavena, 14\/07\/2026 &#8211; Nonostante le nubi che continuano ad addensarsi sul settore dell&#8217;automotive europeo, c\u2019\u00e8 chi sceglie di non fermarsi e di puntare tutto su quello che definisce il suo &#8220;patrimonio inestimabile&#8221;: le persone. \u00c8 il messaggio lanciato da Forgialluminio, storica realt\u00e0 di Pedavena specializzata negli stampati a caldo in leghe di alluminio, che venerd\u00ec [&hellip;]<\/p>\n","protected":false},"author":2,"featured_media":171909,"comment_status":"closed","ping_status":"open","sticky":false,"template":"","format":"standard","meta":{"footnotes":""},"categories":[36],"tags":[],"class_list":["post-171908","post","type-post","status-publish","format-standard","has-post-thumbnail","category-lavoro-economia"],"yoast_head":"<!-- This site is optimized with the Yoast SEO plugin v28.4 - https:\/\/yoast.com\/product\/yoast-seo-wordpress\/ -->\n<title>Forgialluminio, la forza della comunit\u00e0: &quot;Le persone sono la nostra risposta alla crisi&quot; - Bellunopress - Dolomiti<\/title>\n<meta name=\"robots\" content=\"index, follow, max-snippet:-1, max-image-preview:large, max-video-preview:-1\" \/>\n<link rel=\"canonical\" href=\"https:\/\/www.bellunopress.it\/fr\/2026\/07\/14\/forgialluminio-la-forza-della-comunita-le-persone-sono-la-nostra-risposta-alla-crisi\/\" \/>\n<meta property=\"og:locale\" content=\"fr_FR\" \/>\n<meta property=\"og:type\" content=\"article\" \/>\n<meta property=\"og:title\" content=\"Forgialluminio, la forza della comunit\u00e0: &quot;Le persone sono la nostra risposta alla crisi&quot; - Bellunopress - Dolomiti\" \/>\n<meta property=\"og:description\" content=\"Pedavena, 14\/07\/2026 &#8211; Nonostante le nubi che continuano ad addensarsi sul settore dell&#8217;automotive europeo, c\u2019\u00e8 chi sceglie di non fermarsi e di puntare tutto su quello che definisce il suo &#8220;patrimonio inestimabile&#8221;: le persone. \u00c8 il messaggio lanciato da Forgialluminio, storica realt\u00e0 di Pedavena specializzata negli stampati a caldo in leghe di alluminio, che venerd\u00ec [&hellip;]\" \/>\n<meta property=\"og:url\" content=\"https:\/\/www.bellunopress.it\/fr\/2026\/07\/14\/forgialluminio-la-forza-della-comunita-le-persone-sono-la-nostra-risposta-alla-crisi\/\" \/>\n<meta property=\"og:site_name\" content=\"Bellunopress - Dolomiti\" \/>\n<meta property=\"article:publisher\" content=\"https:\/\/www.facebook.com\/profile.php?id=100008943462799\" \/>\n<meta property=\"article:published_time\" content=\"2026-07-14T05:39:07+00:00\" \/>\n<meta property=\"og:image\" content=\"https:\/\/www.bellunopress.it\/wp-content\/uploads\/2026\/07\/Serata-Forgialluminio-2026.jpeg\" \/>\n\t<meta property=\"og:image:width\" content=\"500\" \/>\n\t<meta property=\"og:image:height\" content=\"375\" \/>\n\t<meta property=\"og:image:type\" content=\"image\/jpeg\" \/>\n<meta name=\"author\" content=\"redazione\" \/>\n<meta name=\"twitter:card\" content=\"summary_large_image\" \/>\n<meta name=\"twitter:creator\" content=\"@bellunopress\" \/>\n<meta name=\"twitter:site\" content=\"@bellunopress\" \/>\n<meta name=\"twitter:label1\" content=\"Written by\" \/>\n\t<meta name=\"twitter:data1\" content=\"redazione\" \/>\n\t<meta name=\"twitter:label2\" content=\"Est. reading time\" \/>\n\t<meta name=\"twitter:data2\" content=\"2 minutes\" \/>\n<script type=\"application\/ld+json\" class=\"yoast-schema-graph\">{\"@context\":\"https:\\\/\\\/schema.org\",\"@graph\":[{\"@type\":\"Article\",\"@id\":\"https:\\\/\\\/www.bellunopress.it\\\/2026\\\/07\\\/14\\\/forgialluminio-la-forza-della-comunita-le-persone-sono-la-nostra-risposta-alla-crisi\\\/#article\",\"isPartOf\":{\"@id\":\"https:\\\/\\\/www.bellunopress.it\\\/2026\\\/07\\\/14\\\/forgialluminio-la-forza-della-comunita-le-persone-sono-la-nostra-risposta-alla-crisi\\\/\"},\"author\":{\"name\":\"redazione\",\"@id\":\"https:\\\/\\\/www.bellunopress.it\\\/#\\\/schema\\\/person\\\/79bb06722b37ece1c03d3e94beb30d73\"},\"headline\":\"Forgialluminio, la forza della comunit\u00e0: &#8220;Le persone sono la nostra risposta alla crisi&#8221;\",\"datePublished\":\"2026-07-14T05:39:07+00:00\",\"mainEntityOfPage\":{\"@id\":\"https:\\\/\\\/www.bellunopress.it\\\/2026\\\/07\\\/14\\\/forgialluminio-la-forza-della-comunita-le-persone-sono-la-nostra-risposta-alla-crisi\\\/\"},\"wordCount\":297,\"publisher\":{\"@id\":\"https:\\\/\\\/www.bellunopress.it\\\/#organization\"},\"image\":{\"@id\":\"https:\\\/\\\/www.bellunopress.it\\\/2026\\\/07\\\/14\\\/forgialluminio-la-forza-della-comunita-le-persone-sono-la-nostra-risposta-alla-crisi\\\/#primaryimage\"},\"thumbnailUrl\":\"https:\\\/\\\/www.bellunopress.it\\\/wp-content\\\/uploads\\\/2026\\\/07\\\/Serata-Forgialluminio-2026.jpeg\",\"articleSection\":[\"Lavoro, Economia, Turismo\"],\"inLanguage\":\"fr-FR\"},{\"@type\":\"WebPage\",\"@id\":\"https:\\\/\\\/www.bellunopress.it\\\/2026\\\/07\\\/14\\\/forgialluminio-la-forza-della-comunita-le-persone-sono-la-nostra-risposta-alla-crisi\\\/\",\"url\":\"https:\\\/\\\/www.bellunopress.it\\\/2026\\\/07\\\/14\\\/forgialluminio-la-forza-della-comunita-le-persone-sono-la-nostra-risposta-alla-crisi\\\/\",\"name\":\"Forgialluminio, la forza della comunit\u00e0: \\\"Le persone sono la nostra risposta alla crisi\\\" - Bellunopress - Dolomiti\",\"isPartOf\":{\"@id\":\"https:\\\/\\\/www.bellunopress.it\\\/#website\"},\"primaryImageOfPage\":{\"@id\":\"https:\\\/\\\/www.bellunopress.it\\\/2026\\\/07\\\/14\\\/forgialluminio-la-forza-della-comunita-le-persone-sono-la-nostra-risposta-alla-crisi\\\/#primaryimage\"},\"image\":{\"@id\":\"https:\\\/\\\/www.bellunopress.it\\\/2026\\\/07\\\/14\\\/forgialluminio-la-forza-della-comunita-le-persone-sono-la-nostra-risposta-alla-crisi\\\/#primaryimage\"},\"thumbnailUrl\":\"https:\\\/\\\/www.bellunopress.it\\\/wp-content\\\/uploads\\\/2026\\\/07\\\/Serata-Forgialluminio-2026.jpeg\",\"datePublished\":\"2026-07-14T05:39:07+00:00\",\"breadcrumb\":{\"@id\":\"https:\\\/\\\/www.bellunopress.it\\\/2026\\\/07\\\/14\\\/forgialluminio-la-forza-della-comunita-le-persone-sono-la-nostra-risposta-alla-crisi\\\/#breadcrumb\"},\"inLanguage\":\"fr-FR\",\"potentialAction\":[{\"@type\":\"ReadAction\",\"target\":[\"https:\\\/\\\/www.bellunopress.it\\\/2026\\\/07\\\/14\\\/forgialluminio-la-forza-della-comunita-le-persone-sono-la-nostra-risposta-alla-crisi\\\/\"]}]},{\"@type\":\"ImageObject\",\"inLanguage\":\"fr-FR\",\"@id\":\"https:\\\/\\\/www.bellunopress.it\\\/2026\\\/07\\\/14\\\/forgialluminio-la-forza-della-comunita-le-persone-sono-la-nostra-risposta-alla-crisi\\\/#primaryimage\",\"url\":\"https:\\\/\\\/www.bellunopress.it\\\/wp-content\\\/uploads\\\/2026\\\/07\\\/Serata-Forgialluminio-2026.jpeg\",\"contentUrl\":\"https:\\\/\\\/www.bellunopress.it\\\/wp-content\\\/uploads\\\/2026\\\/07\\\/Serata-Forgialluminio-2026.jpeg\",\"width\":500,\"height\":375},{\"@type\":\"BreadcrumbList\",\"@id\":\"https:\\\/\\\/www.bellunopress.it\\\/2026\\\/07\\\/14\\\/forgialluminio-la-forza-della-comunita-le-persone-sono-la-nostra-risposta-alla-crisi\\\/#breadcrumb\",\"itemListElement\":[{\"@type\":\"ListItem\",\"position\":1,\"name\":\"Home\",\"item\":\"https:\\\/\\\/www.bellunopress.it\\\/\"},{\"@type\":\"ListItem\",\"position\":2,\"name\":\"Forgialluminio, la forza della comunit\u00e0: &#8220;Le persone sono la nostra risposta alla crisi&#8221;\"}]},{\"@type\":\"WebSite\",\"@id\":\"https:\\\/\\\/www.bellunopress.it\\\/#website\",\"url\":\"https:\\\/\\\/www.bellunopress.it\\\/\",\"name\":\"Bellunopress - Dolomiti\",\"description\":\"e-mail: redazione@bellunopress.it\",\"publisher\":{\"@id\":\"https:\\\/\\\/www.bellunopress.it\\\/#organization\"},\"potentialAction\":[{\"@type\":\"SearchAction\",\"target\":{\"@type\":\"EntryPoint\",\"urlTemplate\":\"https:\\\/\\\/www.bellunopress.it\\\/?s={search_term_string}\"},\"query-input\":{\"@type\":\"PropertyValueSpecification\",\"valueRequired\":true,\"valueName\":\"search_term_string\"}}],\"inLanguage\":\"fr-FR\"},{\"@type\":\"Organization\",\"@id\":\"https:\\\/\\\/www.bellunopress.it\\\/#organization\",\"name\":\"Bellunopress\",\"url\":\"https:\\\/\\\/www.bellunopress.it\\\/\",\"logo\":{\"@type\":\"ImageObject\",\"inLanguage\":\"fr-FR\",\"@id\":\"https:\\\/\\\/www.bellunopress.it\\\/#\\\/schema\\\/logo\\\/image\\\/\",\"url\":\"https:\\\/\\\/www.bellunopress.it\\\/wp-content\\\/uploads\\\/2011\\\/05\\\/cropped-logo-bellunopress-.jpg\",\"contentUrl\":\"https:\\\/\\\/www.bellunopress.it\\\/wp-content\\\/uploads\\\/2011\\\/05\\\/cropped-logo-bellunopress-.jpg\",\"width\":512,\"height\":512,\"caption\":\"Bellunopress\"},\"image\":{\"@id\":\"https:\\\/\\\/www.bellunopress.it\\\/#\\\/schema\\\/logo\\\/image\\\/\"},\"sameAs\":[\"https:\\\/\\\/www.facebook.com\\\/profile.php?id=100008943462799\",\"https:\\\/\\\/x.com\\\/bellunopress\",\"https:\\\/\\\/www.linkedin.com\\\/hp\\\/?dnr=JBzUWaJfMUw8vbXJJ2tVW5-I3jZKvC4wsoxE&amp;amp;amp;amp;amp;amp;trk=nav_responsive_tab_home\",\"https:\\\/\\\/www.youtube.com\\\/channel\\\/UCxL0wu1uN0_3_7hGG0306cw\"]},{\"@type\":\"Person\",\"@id\":\"https:\\\/\\\/www.bellunopress.it\\\/#\\\/schema\\\/person\\\/79bb06722b37ece1c03d3e94beb30d73\",\"name\":\"redazione\",\"image\":{\"@type\":\"ImageObject\",\"inLanguage\":\"fr-FR\",\"@id\":\"https:\\\/\\\/secure.gravatar.com\\\/avatar\\\/37d968a2e67a6fd04c169c4bdef102d0bc5d31b2546345219e348575eb80e9a0?s=96&d=mm&r=g\",\"url\":\"https:\\\/\\\/secure.gravatar.com\\\/avatar\\\/37d968a2e67a6fd04c169c4bdef102d0bc5d31b2546345219e348575eb80e9a0?s=96&d=mm&r=g\",\"contentUrl\":\"https:\\\/\\\/secure.gravatar.com\\\/avatar\\\/37d968a2e67a6fd04c169c4bdef102d0bc5d31b2546345219e348575eb80e9a0?s=96&d=mm&r=g\",\"caption\":\"redazione\"},\"sameAs\":[\"http:\\\/\\\/www.bellunopress.it\",\"https:\\\/\\\/x.com\\\/bellunopress\"],\"url\":\"https:\\\/\\\/www.bellunopress.it\\\/fr\\\/author\\\/redazione\\\/\"}]}<\/script>\n<!-- \/ Yoast SEO plugin. -->","yoast_head_json":{"title":"Forgialluminio, la forza della comunit\u00e0: \"Le persone sono la nostra risposta alla crisi\" - Bellunopress - Dolomiti","robots":{"index":"index","follow":"follow","max-snippet":"max-snippet:-1","max-image-preview":"max-image-preview:large","max-video-preview":"max-video-preview:-1"},"canonical":"https:\/\/www.bellunopress.it\/fr\/2026\/07\/14\/forgialluminio-la-forza-della-comunita-le-persone-sono-la-nostra-risposta-alla-crisi\/","og_locale":"fr_FR","og_type":"article","og_title":"Forgialluminio, la forza della comunit\u00e0: \"Le persone sono la nostra risposta alla crisi\" - Bellunopress - Dolomiti","og_description":"Pedavena, 14\/07\/2026 &#8211; Nonostante le nubi che continuano ad addensarsi sul settore dell&#8217;automotive europeo, c\u2019\u00e8 chi sceglie di non fermarsi e di puntare tutto su quello che definisce il suo &#8220;patrimonio inestimabile&#8221;: le persone. \u00c8 il messaggio lanciato da Forgialluminio, storica realt\u00e0 di Pedavena specializzata negli stampati a caldo in leghe di alluminio, che venerd\u00ec [&hellip;]","og_url":"https:\/\/www.bellunopress.it\/fr\/2026\/07\/14\/forgialluminio-la-forza-della-comunita-le-persone-sono-la-nostra-risposta-alla-crisi\/","og_site_name":"Bellunopress - Dolomiti","article_publisher":"https:\/\/www.facebook.com\/profile.php?id=100008943462799","article_published_time":"2026-07-14T05:39:07+00:00","og_image":[{"width":500,"height":375,"url":"https:\/\/www.bellunopress.it\/wp-content\/uploads\/2026\/07\/Serata-Forgialluminio-2026.jpeg","type":"image\/jpeg"}],"author":"redazione","twitter_card":"summary_large_image","twitter_creator":"@bellunopress","twitter_site":"@bellunopress","twitter_misc":{"Written by":"redazione","Est. reading time":"2 minutes"},"schema":{"@context":"https:\/\/schema.org","@graph":[{"@type":"Article","@id":"https:\/\/www.bellunopress.it\/2026\/07\/14\/forgialluminio-la-forza-della-comunita-le-persone-sono-la-nostra-risposta-alla-crisi\/#article","isPartOf":{"@id":"https:\/\/www.bellunopress.it\/2026\/07\/14\/forgialluminio-la-forza-della-comunita-le-persone-sono-la-nostra-risposta-alla-crisi\/"},"author":{"name":"redazione","@id":"https:\/\/www.bellunopress.it\/#\/schema\/person\/79bb06722b37ece1c03d3e94beb30d73"},"headline":"Forgialluminio, la forza della comunit\u00e0: &#8220;Le persone sono la nostra risposta alla crisi&#8221;","datePublished":"2026-07-14T05:39:07+00:00","mainEntityOfPage":{"@id":"https:\/\/www.bellunopress.it\/2026\/07\/14\/forgialluminio-la-forza-della-comunita-le-persone-sono-la-nostra-risposta-alla-crisi\/"},"wordCount":297,"publisher":{"@id":"https:\/\/www.bellunopress.it\/#organization"},"image":{"@id":"https:\/\/www.bellunopress.it\/2026\/07\/14\/forgialluminio-la-forza-della-comunita-le-persone-sono-la-nostra-risposta-alla-crisi\/#primaryimage"},"thumbnailUrl":"https:\/\/www.bellunopress.it\/wp-content\/uploads\/2026\/07\/Serata-Forgialluminio-2026.jpeg","articleSection":["Lavoro, Economia, Turismo"],"inLanguage":"fr-FR"},{"@type":"WebPage","@id":"https:\/\/www.bellunopress.it\/2026\/07\/14\/forgialluminio-la-forza-della-comunita-le-persone-sono-la-nostra-risposta-alla-crisi\/","url":"https:\/\/www.bellunopress.it\/2026\/07\/14\/forgialluminio-la-forza-della-comunita-le-persone-sono-la-nostra-risposta-alla-crisi\/","name":"Forgialluminio, la forza della comunit\u00e0: \"Le persone sono la nostra risposta alla crisi\" - Bellunopress - Dolomiti","isPartOf":{"@id":"https:\/\/www.bellunopress.it\/#website"},"primaryImageOfPage":{"@id":"https:\/\/www.bellunopress.it\/2026\/07\/14\/forgialluminio-la-forza-della-comunita-le-persone-sono-la-nostra-risposta-alla-crisi\/#primaryimage"},"image":{"@id":"https:\/\/www.bellunopress.it\/2026\/07\/14\/forgialluminio-la-forza-della-comunita-le-persone-sono-la-nostra-risposta-alla-crisi\/#primaryimage"},"thumbnailUrl":"https:\/\/www.bellunopress.it\/wp-content\/uploads\/2026\/07\/Serata-Forgialluminio-2026.jpeg","datePublished":"2026-07-14T05:39:07+00:00","breadcrumb":{"@id":"https:\/\/www.bellunopress.it\/2026\/07\/14\/forgialluminio-la-forza-della-comunita-le-persone-sono-la-nostra-risposta-alla-crisi\/#breadcrumb"},"inLanguage":"fr-FR","potentialAction":[{"@type":"ReadAction","target":["https:\/\/www.bellunopress.it\/2026\/07\/14\/forgialluminio-la-forza-della-comunita-le-persone-sono-la-nostra-risposta-alla-crisi\/"]}]},{"@type":"ImageObject","inLanguage":"fr-FR","@id":"https:\/\/www.bellunopress.it\/2026\/07\/14\/forgialluminio-la-forza-della-comunita-le-persone-sono-la-nostra-risposta-alla-crisi\/#primaryimage","url":"https:\/\/www.bellunopress.it\/wp-content\/uploads\/2026\/07\/Serata-Forgialluminio-2026.jpeg","contentUrl":"https:\/\/www.bellunopress.it\/wp-content\/uploads\/2026\/07\/Serata-Forgialluminio-2026.jpeg","width":500,"height":375},{"@type":"BreadcrumbList","@id":"https:\/\/www.bellunopress.it\/2026\/07\/14\/forgialluminio-la-forza-della-comunita-le-persone-sono-la-nostra-risposta-alla-crisi\/#breadcrumb","itemListElement":[{"@type":"ListItem","position":1,"name":"Home","item":"https:\/\/www.bellunopress.it\/"},{"@type":"ListItem","position":2,"name":"Forgialluminio, la forza della comunit\u00e0: &#8220;Le persone sono la nostra risposta alla crisi&#8221;"}]},{"@type":"WebSite","@id":"https:\/\/www.bellunopress.it\/#website","url":"https:\/\/www.bellunopress.it\/","name":"Bellunopress - Dolomiti","description":"e-mail: redazione@bellunopress.it","publisher":{"@id":"https:\/\/www.bellunopress.it\/#organization"},"potentialAction":[{"@type":"SearchAction","target":{"@type":"EntryPoint","urlTemplate":"https:\/\/www.bellunopress.it\/?s={search_term_string}"},"query-input":{"@type":"PropertyValueSpecification","valueRequired":true,"valueName":"search_term_string"}}],"inLanguage":"fr-FR"},{"@type":"Organization","@id":"https:\/\/www.bellunopress.it\/#organization","name":"Bellunopress","url":"https:\/\/www.bellunopress.it\/","logo":{"@type":"ImageObject","inLanguage":"fr-FR","@id":"https:\/\/www.bellunopress.it\/#\/schema\/logo\/image\/","url":"https:\/\/www.bellunopress.it\/wp-content\/uploads\/2011\/05\/cropped-logo-bellunopress-.jpg","contentUrl":"https:\/\/www.bellunopress.it\/wp-content\/uploads\/2011\/05\/cropped-logo-bellunopress-.jpg","width":512,"height":512,"caption":"Bellunopress"},"image":{"@id":"https:\/\/www.bellunopress.it\/#\/schema\/logo\/image\/"},"sameAs":["https:\/\/www.facebook.com\/profile.php?id=100008943462799","https:\/\/x.com\/bellunopress","https:\/\/www.linkedin.com\/hp\/?dnr=JBzUWaJfMUw8vbXJJ2tVW5-I3jZKvC4wsoxE&amp;amp;amp;amp;amp;amp;trk=nav_responsive_tab_home","https:\/\/www.youtube.com\/channel\/UCxL0wu1uN0_3_7hGG0306cw"]},{"@type":"Person","@id":"https:\/\/www.bellunopress.it\/#\/schema\/person\/79bb06722b37ece1c03d3e94beb30d73","name":"r\u00e9daction","image":{"@type":"ImageObject","inLanguage":"fr-FR","@id":"https:\/\/secure.gravatar.com\/avatar\/37d968a2e67a6fd04c169c4bdef102d0bc5d31b2546345219e348575eb80e9a0?s=96&d=mm&r=g","url":"https:\/\/secure.gravatar.com\/avatar\/37d968a2e67a6fd04c169c4bdef102d0bc5d31b2546345219e348575eb80e9a0?s=96&d=mm&r=g","contentUrl":"https:\/\/secure.gravatar.com\/avatar\/37d968a2e67a6fd04c169c4bdef102d0bc5d31b2546345219e348575eb80e9a0?s=96&d=mm&r=g","caption":"redazione"},"sameAs":["http:\/\/www.bellunopress.it","https:\/\/x.com\/bellunopress"],"url":"https:\/\/www.bellunopress.it\/fr\/author\/redazione\/"}]}},"_links":{"self":[{"href":"https:\/\/www.bellunopress.it\/fr\/wp-json\/wp\/v2\/posts\/171908","targetHints":{"allow":["GET"]}}],"collection":[{"href":"https:\/\/www.bellunopress.it\/fr\/wp-json\/wp\/v2\/posts"}],"about":[{"href":"https:\/\/www.bellunopress.it\/fr\/wp-json\/wp\/v2\/types\/post"}],"author":[{"embeddable":true,"href":"https:\/\/www.bellunopress.it\/fr\/wp-json\/wp\/v2\/users\/2"}],"replies":[{"embeddable":true,"href":"https:\/\/www.bellunopress.it\/fr\/wp-json\/wp\/v2\/comments?post=171908"}],"version-history":[{"count":1,"href":"https:\/\/www.bellunopress.it\/fr\/wp-json\/wp\/v2\/posts\/171908\/revisions"}],"predecessor-version":[{"id":171910,"href":"https:\/\/www.bellunopress.it\/fr\/wp-json\/wp\/v2\/posts\/171908\/revisions\/171910"}],"wp:featuredmedia":[{"embeddable":true,"href":"https:\/\/www.bellunopress.it\/fr\/wp-json\/wp\/v2\/media\/171909"}],"wp:attachment":[{"href":"https:\/\/www.bellunopress.it\/fr\/wp-json\/wp\/v2\/media?parent=171908"}],"wp:term":[{"taxonomy":"category","embeddable":true,"href":"https:\/\/www.bellunopress.it\/fr\/wp-json\/wp\/v2\/categories?post=171908"},{"taxonomy":"post_tag","embeddable":true,"href":"https:\/\/www.bellunopress.it\/fr\/wp-json\/wp\/v2\/tags?post=171908"}],"curies":[{"name":"wp","href":"https:\/\/api.w.org\/{rel}","templated":true}]}}