{"id":171901,"date":"2026-07-13T22:06:22","date_gmt":"2026-07-13T20:06:22","guid":{"rendered":"https:\/\/www.bellunopress.it\/?p=171901"},"modified":"2026-07-13T22:06:22","modified_gmt":"2026-07-13T20:06:22","slug":"estate-dautore-allagora-di-feltre-dieci-appuntamenti-per-fare-della-libreria-un-luogo-di-incontro-e-dialogo","status":"publish","type":"post","link":"https:\/\/www.bellunopress.it\/fr\/2026\/07\/13\/estate-dautore-allagora-di-feltre-dieci-appuntamenti-per-fare-della-libreria-un-luogo-di-incontro-e-dialogo\/","title":{"rendered":"Estate d&#8217;autore all&#8217;Agor\u00e0 di Feltre. Dieci appuntamenti per fare della libreria un luogo di incontro e dialogo"},"content":{"rendered":"<p>Proseguono gli Incontri in libreria organizzati dalla Libreria Agor\u00e0 di Feltre, un appuntamento che negli ultimi tre anni \u00e8 tornato ad animare il panorama culturale cittadino. Per l&#8217;estata la Libreria ha voluto raggruppare gli incontri in un unico cartellone di 10 incontri che dal 18 luglio al 23 settembre porter\u00e0 in libreria scrittori, giornalisti e studiosi di punta del panorama italiano e non solo; un cartellone capace di intrecciare narrativa, storia, memoria, saggistica e terriorio, tenendo sempre un occhio di riguardo alla qualit\u00e0 della scrittura.<\/p>\n<p>\u00abL&#8217;obbiettivo \u2013 spiega Alessandro Dalla Gasperina, titolare della libreria \u2013 \u00e8 creare occasioni in cui i lettori possano trovarsi, confrontarsi e dialogare con autrici e autori. Da sempre sosteniamo che le librerie sono dei pres\u00ecdi territoriali indispensabili: luoghi capaci di contrastare la solitudine, alimentare la curiosit\u00e0 e favorire il libero scambio di idee\u00bb.<br \/>\nTutti gli incontri si svolgeranno alle 18.30, la durata prevista sar\u00e0 di circa un&#8217;ora e si sviluppa con l&#8217;ormai consolidata formula della conversazione informale tra autore e libraio. \u00abSpesso invitiamo anche altre persone, amici o professionisti, a dialogare con gli autori nostri ospiti. Crediamo che questa pluralit\u00e0 di voci sia un ulteriore elemento di arricchimento per il pubblico\u00bb. Al termine del dialogo c&#8217;\u00e8 sempre la possibilit\u00e0 per tutti di fermarsi e scambiare due parole con l&#8217;autore.<\/p>\n<p>La rassegna prender\u00e0 il via sabato 18 luglio con Mariapia Veladiano, che presenter\u00e0 il suo nuovo romanzo, \u201cDio della polvere\u201d (Guanda, 2025), in dialogo con la giornalista, docente e scrittrice Michela Fregona. Nel romanzo, l&#8217;autrice affronta con coraggio il tema degli abusi nella Chiesa.<\/p>\n<p>Sabato 25 luglio sar\u00e0 la volta dell&#8217;autrice statunitense Jennifer Anton, che nel suo libro \u201cUnder the light of the italian moon\u201d, da poco tradotto anche in Italiano, ha raccontato la storia delle sue origini fonzasine toccando il tema delle grandi migrazioni Oltreocenao di inizio &#8216;900.<\/p>\n<p>Mercoled\u00ec 5 agosto la libreria festegger\u00e0 i dieci anni dall&#8217;uscita de \u201cLa via di Schen\u00e8r\u201d di Matteo Melchiorre. L&#8217;autore, in dialogo con Gianfranco Bettega e Giacomo Bonan, ci illustere\u00e0 come questo libro, da pochi mesi ripubblicato da Einaudi, abbia ancora molto da raccontarci.<\/p>\n<p>Gioved\u00ec 13 agosto a essere protagonista sar\u00e0 l&#8217;ultimo lavoro editoriale di Gigi Corazzol \u201c&#8217;627 col morto \u2013 fumisterIA\u201d, a parlarne saranno Pietro De Marchi, doecente di Letteratura Italiana all&#8217;Universit\u00e0 di Zurtigo, e Fabio Bortoluzzi, direttore dell&#8217;Archivio di Stato di Belluno.<\/p>\n<p>Sempre in ambito storcico, mercoled\u00ec 19 agosto sar\u00e0 ospite Danilo Gasparini che assieme a Marina Scopel ci parler\u00e0 del suo saggio \u201cDal banchetto alla sagra. Mangiare e bere nelle Venezie tra Medioevo ed et\u00e0 Contemporanea\u201d, un libro che intreccia con competenza la ricerca storica alla passione culinaria.<\/p>\n<p>A chiudere il mese di agosto, sabato 29, ci sar\u00e0 Alessandro Carlini, con il libro \u201cI battiti della montagna. Una storia vera di rinascita\u201d, dove si racconta di un cammino fisico e interiore a un tempo, attaverso la malattia ma soprattuto attraverso il percorso di guarigione e rinascita.<\/p>\n<p>Gioved\u00ec 3 settembre sar\u00e0 presente Lorenza Gentile, una delle finaliste del Premio Bancarella con il suo romanzo \u201cLa volta giusta\u201d (Feltrinelli, 2025).<\/p>\n<p>Sempre edito da Feltrinelli \u00e8 il libro che verr\u00e0 presentato sabato 12 settembre \u201cCome farfalla a luglio\u201d di Stefano Valenti, un romanzo crudo e diretto che ripercorre cosa furono le giornate del G8 di Genova del 2001.<\/p>\n<p>Mercoled\u00ec 16 settembre con \u201cLibraio, il mestiere di fare il cavallo\u201d si parler\u00e0 proprio di libri, librerie e librai grazie all&#8217;ironica pungente di Enrico Ragazzi che per molti anni ha osservato da vicino le grandi trasformazioni dell&#8217;editoria contemporanea. A chiudere la rassegna sar\u00e0 il giornalista Gigi Riva che, a trent&#8217;anni dal terribile assedio di Sarajevo, assieme a Giovanni Pelosio, torner\u00e0 a parlarci dell&#8217;anima di quel luogo, irrimediabilmente tradito.<\/p>\n<p>Tutti gli incontri, che si svolgeranno all&#8217;interno della libreria sita in via Garibaldi 22 di Feltre, sono a ingresso libero fino a esaurimento posti. Per qualunque ulteriore informazione \u00e8 possibile telefonare allo 043983487 o inviare una mail a libreria.agora@libero.it . Gli appuntamenti saranno pubblicizzati anche attraverso le pagine social della libreria (Facebook e Instagram).<\/p>","protected":false},"excerpt":{"rendered":"<p>Proseguono gli Incontri in libreria organizzati dalla Libreria Agor\u00e0 di Feltre, un appuntamento che negli ultimi tre anni \u00e8 tornato ad animare il panorama culturale cittadino. Per l&#8217;estata la Libreria ha voluto raggruppare gli incontri in un unico cartellone di 10 incontri che dal 18 luglio al 23 settembre porter\u00e0 in libreria scrittori, giornalisti e [&hellip;]<\/p>\n","protected":false},"author":2,"featured_media":171902,"comment_status":"closed","ping_status":"open","sticky":false,"template":"","format":"standard","meta":{"footnotes":""},"categories":[27,25],"tags":[],"class_list":["post-171901","post","type-post","status-publish","format-standard","has-post-thumbnail","category-appuntamenti","category-pausa-caffe"],"yoast_head":"<!-- This site is optimized with the Yoast SEO plugin v28.4 - https:\/\/yoast.com\/product\/yoast-seo-wordpress\/ -->\n<title>Estate d&#039;autore all&#039;Agor\u00e0 di Feltre. Dieci appuntamenti per fare della libreria un luogo di incontro e dialogo - Bellunopress - Dolomiti<\/title>\n<meta name=\"robots\" content=\"index, follow, max-snippet:-1, max-image-preview:large, max-video-preview:-1\" \/>\n<link rel=\"canonical\" href=\"https:\/\/www.bellunopress.it\/fr\/2026\/07\/13\/estate-dautore-allagora-di-feltre-dieci-appuntamenti-per-fare-della-libreria-un-luogo-di-incontro-e-dialogo\/\" \/>\n<meta property=\"og:locale\" content=\"fr_FR\" \/>\n<meta property=\"og:type\" content=\"article\" \/>\n<meta property=\"og:title\" content=\"Estate d&#039;autore all&#039;Agor\u00e0 di Feltre. Dieci appuntamenti per fare della libreria un luogo di incontro e dialogo - Bellunopress - Dolomiti\" \/>\n<meta property=\"og:description\" content=\"Proseguono gli Incontri in libreria organizzati dalla Libreria Agor\u00e0 di Feltre, un appuntamento che negli ultimi tre anni \u00e8 tornato ad animare il panorama culturale cittadino. Per l&#8217;estata la Libreria ha voluto raggruppare gli incontri in un unico cartellone di 10 incontri che dal 18 luglio al 23 settembre porter\u00e0 in libreria scrittori, giornalisti e [&hellip;]\" \/>\n<meta property=\"og:url\" content=\"https:\/\/www.bellunopress.it\/fr\/2026\/07\/13\/estate-dautore-allagora-di-feltre-dieci-appuntamenti-per-fare-della-libreria-un-luogo-di-incontro-e-dialogo\/\" \/>\n<meta property=\"og:site_name\" content=\"Bellunopress - Dolomiti\" \/>\n<meta property=\"article:publisher\" content=\"https:\/\/www.facebook.com\/profile.php?id=100008943462799\" \/>\n<meta property=\"article:published_time\" content=\"2026-07-13T20:06:22+00:00\" \/>\n<meta property=\"og:image\" content=\"https:\/\/www.bellunopress.it\/wp-content\/uploads\/2026\/07\/alessandro-dalla-gasperina.jpg\" \/>\n\t<meta property=\"og:image:width\" content=\"477\" \/>\n\t<meta property=\"og:image:height\" content=\"549\" \/>\n\t<meta property=\"og:image:type\" content=\"image\/jpeg\" \/>\n<meta name=\"author\" content=\"redazione\" \/>\n<meta name=\"twitter:card\" content=\"summary_large_image\" \/>\n<meta name=\"twitter:creator\" content=\"@bellunopress\" \/>\n<meta name=\"twitter:site\" content=\"@bellunopress\" \/>\n<meta name=\"twitter:label1\" content=\"\u00c9crit par\" \/>\n\t<meta name=\"twitter:data1\" content=\"redazione\" \/>\n\t<meta name=\"twitter:label2\" content=\"Dur\u00e9e de lecture estim\u00e9e\" \/>\n\t<meta name=\"twitter:data2\" content=\"4 minutes\" \/>\n<script type=\"application\/ld+json\" class=\"yoast-schema-graph\">{\"@context\":\"https:\\\/\\\/schema.org\",\"@graph\":[{\"@type\":\"Article\",\"@id\":\"https:\\\/\\\/www.bellunopress.it\\\/2026\\\/07\\\/13\\\/estate-dautore-allagora-di-feltre-dieci-appuntamenti-per-fare-della-libreria-un-luogo-di-incontro-e-dialogo\\\/#article\",\"isPartOf\":{\"@id\":\"https:\\\/\\\/www.bellunopress.it\\\/2026\\\/07\\\/13\\\/estate-dautore-allagora-di-feltre-dieci-appuntamenti-per-fare-della-libreria-un-luogo-di-incontro-e-dialogo\\\/\"},\"author\":{\"name\":\"redazione\",\"@id\":\"https:\\\/\\\/www.bellunopress.it\\\/#\\\/schema\\\/person\\\/79bb06722b37ece1c03d3e94beb30d73\"},\"headline\":\"Estate d&#8217;autore all&#8217;Agor\u00e0 di Feltre. Dieci appuntamenti per fare della libreria un luogo di incontro e dialogo\",\"datePublished\":\"2026-07-13T20:06:22+00:00\",\"mainEntityOfPage\":{\"@id\":\"https:\\\/\\\/www.bellunopress.it\\\/2026\\\/07\\\/13\\\/estate-dautore-allagora-di-feltre-dieci-appuntamenti-per-fare-della-libreria-un-luogo-di-incontro-e-dialogo\\\/\"},\"wordCount\":675,\"publisher\":{\"@id\":\"https:\\\/\\\/www.bellunopress.it\\\/#organization\"},\"image\":{\"@id\":\"https:\\\/\\\/www.bellunopress.it\\\/2026\\\/07\\\/13\\\/estate-dautore-allagora-di-feltre-dieci-appuntamenti-per-fare-della-libreria-un-luogo-di-incontro-e-dialogo\\\/#primaryimage\"},\"thumbnailUrl\":\"https:\\\/\\\/www.bellunopress.it\\\/wp-content\\\/uploads\\\/2026\\\/07\\\/alessandro-dalla-gasperina.jpg\",\"articleSection\":[\"Appuntamenti, Eventi\",\"Pausa Caff\u00e8\"],\"inLanguage\":\"fr-FR\"},{\"@type\":\"WebPage\",\"@id\":\"https:\\\/\\\/www.bellunopress.it\\\/2026\\\/07\\\/13\\\/estate-dautore-allagora-di-feltre-dieci-appuntamenti-per-fare-della-libreria-un-luogo-di-incontro-e-dialogo\\\/\",\"url\":\"https:\\\/\\\/www.bellunopress.it\\\/2026\\\/07\\\/13\\\/estate-dautore-allagora-di-feltre-dieci-appuntamenti-per-fare-della-libreria-un-luogo-di-incontro-e-dialogo\\\/\",\"name\":\"Estate d'autore all'Agor\u00e0 di Feltre. Dieci appuntamenti per fare della libreria un luogo di incontro e dialogo - Bellunopress - Dolomiti\",\"isPartOf\":{\"@id\":\"https:\\\/\\\/www.bellunopress.it\\\/#website\"},\"primaryImageOfPage\":{\"@id\":\"https:\\\/\\\/www.bellunopress.it\\\/2026\\\/07\\\/13\\\/estate-dautore-allagora-di-feltre-dieci-appuntamenti-per-fare-della-libreria-un-luogo-di-incontro-e-dialogo\\\/#primaryimage\"},\"image\":{\"@id\":\"https:\\\/\\\/www.bellunopress.it\\\/2026\\\/07\\\/13\\\/estate-dautore-allagora-di-feltre-dieci-appuntamenti-per-fare-della-libreria-un-luogo-di-incontro-e-dialogo\\\/#primaryimage\"},\"thumbnailUrl\":\"https:\\\/\\\/www.bellunopress.it\\\/wp-content\\\/uploads\\\/2026\\\/07\\\/alessandro-dalla-gasperina.jpg\",\"datePublished\":\"2026-07-13T20:06:22+00:00\",\"breadcrumb\":{\"@id\":\"https:\\\/\\\/www.bellunopress.it\\\/2026\\\/07\\\/13\\\/estate-dautore-allagora-di-feltre-dieci-appuntamenti-per-fare-della-libreria-un-luogo-di-incontro-e-dialogo\\\/#breadcrumb\"},\"inLanguage\":\"fr-FR\",\"potentialAction\":[{\"@type\":\"ReadAction\",\"target\":[\"https:\\\/\\\/www.bellunopress.it\\\/2026\\\/07\\\/13\\\/estate-dautore-allagora-di-feltre-dieci-appuntamenti-per-fare-della-libreria-un-luogo-di-incontro-e-dialogo\\\/\"]}]},{\"@type\":\"ImageObject\",\"inLanguage\":\"fr-FR\",\"@id\":\"https:\\\/\\\/www.bellunopress.it\\\/2026\\\/07\\\/13\\\/estate-dautore-allagora-di-feltre-dieci-appuntamenti-per-fare-della-libreria-un-luogo-di-incontro-e-dialogo\\\/#primaryimage\",\"url\":\"https:\\\/\\\/www.bellunopress.it\\\/wp-content\\\/uploads\\\/2026\\\/07\\\/alessandro-dalla-gasperina.jpg\",\"contentUrl\":\"https:\\\/\\\/www.bellunopress.it\\\/wp-content\\\/uploads\\\/2026\\\/07\\\/alessandro-dalla-gasperina.jpg\",\"width\":477,\"height\":549,\"caption\":\"Alessandro Dalla Gasperina, titolare della Libreria Agor\u00e0 di Feltre\"},{\"@type\":\"BreadcrumbList\",\"@id\":\"https:\\\/\\\/www.bellunopress.it\\\/2026\\\/07\\\/13\\\/estate-dautore-allagora-di-feltre-dieci-appuntamenti-per-fare-della-libreria-un-luogo-di-incontro-e-dialogo\\\/#breadcrumb\",\"itemListElement\":[{\"@type\":\"ListItem\",\"position\":1,\"name\":\"Home\",\"item\":\"https:\\\/\\\/www.bellunopress.it\\\/\"},{\"@type\":\"ListItem\",\"position\":2,\"name\":\"Estate d&#8217;autore all&#8217;Agor\u00e0 di Feltre. Dieci appuntamenti per fare della libreria un luogo di incontro e dialogo\"}]},{\"@type\":\"WebSite\",\"@id\":\"https:\\\/\\\/www.bellunopress.it\\\/#website\",\"url\":\"https:\\\/\\\/www.bellunopress.it\\\/\",\"name\":\"Bellunopress - Dolomiti\",\"description\":\"e-mail: redazione@bellunopress.it\",\"publisher\":{\"@id\":\"https:\\\/\\\/www.bellunopress.it\\\/#organization\"},\"potentialAction\":[{\"@type\":\"SearchAction\",\"target\":{\"@type\":\"EntryPoint\",\"urlTemplate\":\"https:\\\/\\\/www.bellunopress.it\\\/?s={search_term_string}\"},\"query-input\":{\"@type\":\"PropertyValueSpecification\",\"valueRequired\":true,\"valueName\":\"search_term_string\"}}],\"inLanguage\":\"fr-FR\"},{\"@type\":\"Organization\",\"@id\":\"https:\\\/\\\/www.bellunopress.it\\\/#organization\",\"name\":\"Bellunopress\",\"url\":\"https:\\\/\\\/www.bellunopress.it\\\/\",\"logo\":{\"@type\":\"ImageObject\",\"inLanguage\":\"fr-FR\",\"@id\":\"https:\\\/\\\/www.bellunopress.it\\\/#\\\/schema\\\/logo\\\/image\\\/\",\"url\":\"https:\\\/\\\/www.bellunopress.it\\\/wp-content\\\/uploads\\\/2011\\\/05\\\/cropped-logo-bellunopress-.jpg\",\"contentUrl\":\"https:\\\/\\\/www.bellunopress.it\\\/wp-content\\\/uploads\\\/2011\\\/05\\\/cropped-logo-bellunopress-.jpg\",\"width\":512,\"height\":512,\"caption\":\"Bellunopress\"},\"image\":{\"@id\":\"https:\\\/\\\/www.bellunopress.it\\\/#\\\/schema\\\/logo\\\/image\\\/\"},\"sameAs\":[\"https:\\\/\\\/www.facebook.com\\\/profile.php?id=100008943462799\",\"https:\\\/\\\/x.com\\\/bellunopress\",\"https:\\\/\\\/www.linkedin.com\\\/hp\\\/?dnr=JBzUWaJfMUw8vbXJJ2tVW5-I3jZKvC4wsoxE&amp;amp;amp;amp;amp;amp;trk=nav_responsive_tab_home\",\"https:\\\/\\\/www.youtube.com\\\/channel\\\/UCxL0wu1uN0_3_7hGG0306cw\"]},{\"@type\":\"Person\",\"@id\":\"https:\\\/\\\/www.bellunopress.it\\\/#\\\/schema\\\/person\\\/79bb06722b37ece1c03d3e94beb30d73\",\"name\":\"redazione\",\"image\":{\"@type\":\"ImageObject\",\"inLanguage\":\"fr-FR\",\"@id\":\"https:\\\/\\\/secure.gravatar.com\\\/avatar\\\/37d968a2e67a6fd04c169c4bdef102d0bc5d31b2546345219e348575eb80e9a0?s=96&d=mm&r=g\",\"url\":\"https:\\\/\\\/secure.gravatar.com\\\/avatar\\\/37d968a2e67a6fd04c169c4bdef102d0bc5d31b2546345219e348575eb80e9a0?s=96&d=mm&r=g\",\"contentUrl\":\"https:\\\/\\\/secure.gravatar.com\\\/avatar\\\/37d968a2e67a6fd04c169c4bdef102d0bc5d31b2546345219e348575eb80e9a0?s=96&d=mm&r=g\",\"caption\":\"redazione\"},\"sameAs\":[\"http:\\\/\\\/www.bellunopress.it\",\"https:\\\/\\\/x.com\\\/bellunopress\"],\"url\":\"https:\\\/\\\/www.bellunopress.it\\\/fr\\\/author\\\/redazione\\\/\"}]}<\/script>\n<!-- \/ Yoast SEO plugin. -->","yoast_head_json":{"title":"Estate d'autore all'Agor\u00e0 di Feltre. Dieci appuntamenti per fare della libreria un luogo di incontro e dialogo - Bellunopress - Dolomiti","robots":{"index":"index","follow":"follow","max-snippet":"max-snippet:-1","max-image-preview":"max-image-preview:large","max-video-preview":"max-video-preview:-1"},"canonical":"https:\/\/www.bellunopress.it\/fr\/2026\/07\/13\/estate-dautore-allagora-di-feltre-dieci-appuntamenti-per-fare-della-libreria-un-luogo-di-incontro-e-dialogo\/","og_locale":"fr_FR","og_type":"article","og_title":"Estate d'autore all'Agor\u00e0 di Feltre. Dieci appuntamenti per fare della libreria un luogo di incontro e dialogo - Bellunopress - Dolomiti","og_description":"Proseguono gli Incontri in libreria organizzati dalla Libreria Agor\u00e0 di Feltre, un appuntamento che negli ultimi tre anni \u00e8 tornato ad animare il panorama culturale cittadino. Per l&#8217;estata la Libreria ha voluto raggruppare gli incontri in un unico cartellone di 10 incontri che dal 18 luglio al 23 settembre porter\u00e0 in libreria scrittori, giornalisti e [&hellip;]","og_url":"https:\/\/www.bellunopress.it\/fr\/2026\/07\/13\/estate-dautore-allagora-di-feltre-dieci-appuntamenti-per-fare-della-libreria-un-luogo-di-incontro-e-dialogo\/","og_site_name":"Bellunopress - Dolomiti","article_publisher":"https:\/\/www.facebook.com\/profile.php?id=100008943462799","article_published_time":"2026-07-13T20:06:22+00:00","og_image":[{"width":477,"height":549,"url":"https:\/\/www.bellunopress.it\/wp-content\/uploads\/2026\/07\/alessandro-dalla-gasperina.jpg","type":"image\/jpeg"}],"author":"redazione","twitter_card":"summary_large_image","twitter_creator":"@bellunopress","twitter_site":"@bellunopress","twitter_misc":{"\u00c9crit par":"redazione","Dur\u00e9e de lecture estim\u00e9e":"4 minutes"},"schema":{"@context":"https:\/\/schema.org","@graph":[{"@type":"Article","@id":"https:\/\/www.bellunopress.it\/2026\/07\/13\/estate-dautore-allagora-di-feltre-dieci-appuntamenti-per-fare-della-libreria-un-luogo-di-incontro-e-dialogo\/#article","isPartOf":{"@id":"https:\/\/www.bellunopress.it\/2026\/07\/13\/estate-dautore-allagora-di-feltre-dieci-appuntamenti-per-fare-della-libreria-un-luogo-di-incontro-e-dialogo\/"},"author":{"name":"redazione","@id":"https:\/\/www.bellunopress.it\/#\/schema\/person\/79bb06722b37ece1c03d3e94beb30d73"},"headline":"Estate d&#8217;autore all&#8217;Agor\u00e0 di Feltre. Dieci appuntamenti per fare della libreria un luogo di incontro e dialogo","datePublished":"2026-07-13T20:06:22+00:00","mainEntityOfPage":{"@id":"https:\/\/www.bellunopress.it\/2026\/07\/13\/estate-dautore-allagora-di-feltre-dieci-appuntamenti-per-fare-della-libreria-un-luogo-di-incontro-e-dialogo\/"},"wordCount":675,"publisher":{"@id":"https:\/\/www.bellunopress.it\/#organization"},"image":{"@id":"https:\/\/www.bellunopress.it\/2026\/07\/13\/estate-dautore-allagora-di-feltre-dieci-appuntamenti-per-fare-della-libreria-un-luogo-di-incontro-e-dialogo\/#primaryimage"},"thumbnailUrl":"https:\/\/www.bellunopress.it\/wp-content\/uploads\/2026\/07\/alessandro-dalla-gasperina.jpg","articleSection":["Appuntamenti, Eventi","Pausa Caff\u00e8"],"inLanguage":"fr-FR"},{"@type":"WebPage","@id":"https:\/\/www.bellunopress.it\/2026\/07\/13\/estate-dautore-allagora-di-feltre-dieci-appuntamenti-per-fare-della-libreria-un-luogo-di-incontro-e-dialogo\/","url":"https:\/\/www.bellunopress.it\/2026\/07\/13\/estate-dautore-allagora-di-feltre-dieci-appuntamenti-per-fare-della-libreria-un-luogo-di-incontro-e-dialogo\/","name":"Estate d'autore all'Agor\u00e0 di Feltre. Dieci appuntamenti per fare della libreria un luogo di incontro e dialogo - Bellunopress - Dolomiti","isPartOf":{"@id":"https:\/\/www.bellunopress.it\/#website"},"primaryImageOfPage":{"@id":"https:\/\/www.bellunopress.it\/2026\/07\/13\/estate-dautore-allagora-di-feltre-dieci-appuntamenti-per-fare-della-libreria-un-luogo-di-incontro-e-dialogo\/#primaryimage"},"image":{"@id":"https:\/\/www.bellunopress.it\/2026\/07\/13\/estate-dautore-allagora-di-feltre-dieci-appuntamenti-per-fare-della-libreria-un-luogo-di-incontro-e-dialogo\/#primaryimage"},"thumbnailUrl":"https:\/\/www.bellunopress.it\/wp-content\/uploads\/2026\/07\/alessandro-dalla-gasperina.jpg","datePublished":"2026-07-13T20:06:22+00:00","breadcrumb":{"@id":"https:\/\/www.bellunopress.it\/2026\/07\/13\/estate-dautore-allagora-di-feltre-dieci-appuntamenti-per-fare-della-libreria-un-luogo-di-incontro-e-dialogo\/#breadcrumb"},"inLanguage":"fr-FR","potentialAction":[{"@type":"ReadAction","target":["https:\/\/www.bellunopress.it\/2026\/07\/13\/estate-dautore-allagora-di-feltre-dieci-appuntamenti-per-fare-della-libreria-un-luogo-di-incontro-e-dialogo\/"]}]},{"@type":"ImageObject","inLanguage":"fr-FR","@id":"https:\/\/www.bellunopress.it\/2026\/07\/13\/estate-dautore-allagora-di-feltre-dieci-appuntamenti-per-fare-della-libreria-un-luogo-di-incontro-e-dialogo\/#primaryimage","url":"https:\/\/www.bellunopress.it\/wp-content\/uploads\/2026\/07\/alessandro-dalla-gasperina.jpg","contentUrl":"https:\/\/www.bellunopress.it\/wp-content\/uploads\/2026\/07\/alessandro-dalla-gasperina.jpg","width":477,"height":549,"caption":"Alessandro Dalla Gasperina, titolare della Libreria Agor\u00e0 di Feltre"},{"@type":"BreadcrumbList","@id":"https:\/\/www.bellunopress.it\/2026\/07\/13\/estate-dautore-allagora-di-feltre-dieci-appuntamenti-per-fare-della-libreria-un-luogo-di-incontro-e-dialogo\/#breadcrumb","itemListElement":[{"@type":"ListItem","position":1,"name":"Home","item":"https:\/\/www.bellunopress.it\/"},{"@type":"ListItem","position":2,"name":"Estate d&#8217;autore all&#8217;Agor\u00e0 di Feltre. Dieci appuntamenti per fare della libreria un luogo di incontro e dialogo"}]},{"@type":"WebSite","@id":"https:\/\/www.bellunopress.it\/#website","url":"https:\/\/www.bellunopress.it\/","name":"Bellunopress - Dolomiti","description":"e-mail: redazione@bellunopress.it","publisher":{"@id":"https:\/\/www.bellunopress.it\/#organization"},"potentialAction":[{"@type":"SearchAction","target":{"@type":"EntryPoint","urlTemplate":"https:\/\/www.bellunopress.it\/?s={search_term_string}"},"query-input":{"@type":"PropertyValueSpecification","valueRequired":true,"valueName":"search_term_string"}}],"inLanguage":"fr-FR"},{"@type":"Organization","@id":"https:\/\/www.bellunopress.it\/#organization","name":"Bellunopress","url":"https:\/\/www.bellunopress.it\/","logo":{"@type":"ImageObject","inLanguage":"fr-FR","@id":"https:\/\/www.bellunopress.it\/#\/schema\/logo\/image\/","url":"https:\/\/www.bellunopress.it\/wp-content\/uploads\/2011\/05\/cropped-logo-bellunopress-.jpg","contentUrl":"https:\/\/www.bellunopress.it\/wp-content\/uploads\/2011\/05\/cropped-logo-bellunopress-.jpg","width":512,"height":512,"caption":"Bellunopress"},"image":{"@id":"https:\/\/www.bellunopress.it\/#\/schema\/logo\/image\/"},"sameAs":["https:\/\/www.facebook.com\/profile.php?id=100008943462799","https:\/\/x.com\/bellunopress","https:\/\/www.linkedin.com\/hp\/?dnr=JBzUWaJfMUw8vbXJJ2tVW5-I3jZKvC4wsoxE&amp;amp;amp;amp;amp;amp;trk=nav_responsive_tab_home","https:\/\/www.youtube.com\/channel\/UCxL0wu1uN0_3_7hGG0306cw"]},{"@type":"Person","@id":"https:\/\/www.bellunopress.it\/#\/schema\/person\/79bb06722b37ece1c03d3e94beb30d73","name":"r\u00e9daction","image":{"@type":"ImageObject","inLanguage":"fr-FR","@id":"https:\/\/secure.gravatar.com\/avatar\/37d968a2e67a6fd04c169c4bdef102d0bc5d31b2546345219e348575eb80e9a0?s=96&d=mm&r=g","url":"https:\/\/secure.gravatar.com\/avatar\/37d968a2e67a6fd04c169c4bdef102d0bc5d31b2546345219e348575eb80e9a0?s=96&d=mm&r=g","contentUrl":"https:\/\/secure.gravatar.com\/avatar\/37d968a2e67a6fd04c169c4bdef102d0bc5d31b2546345219e348575eb80e9a0?s=96&d=mm&r=g","caption":"redazione"},"sameAs":["http:\/\/www.bellunopress.it","https:\/\/x.com\/bellunopress"],"url":"https:\/\/www.bellunopress.it\/fr\/author\/redazione\/"}]}},"_links":{"self":[{"href":"https:\/\/www.bellunopress.it\/fr\/wp-json\/wp\/v2\/posts\/171901","targetHints":{"allow":["GET"]}}],"collection":[{"href":"https:\/\/www.bellunopress.it\/fr\/wp-json\/wp\/v2\/posts"}],"about":[{"href":"https:\/\/www.bellunopress.it\/fr\/wp-json\/wp\/v2\/types\/post"}],"author":[{"embeddable":true,"href":"https:\/\/www.bellunopress.it\/fr\/wp-json\/wp\/v2\/users\/2"}],"replies":[{"embeddable":true,"href":"https:\/\/www.bellunopress.it\/fr\/wp-json\/wp\/v2\/comments?post=171901"}],"version-history":[{"count":1,"href":"https:\/\/www.bellunopress.it\/fr\/wp-json\/wp\/v2\/posts\/171901\/revisions"}],"predecessor-version":[{"id":171903,"href":"https:\/\/www.bellunopress.it\/fr\/wp-json\/wp\/v2\/posts\/171901\/revisions\/171903"}],"wp:featuredmedia":[{"embeddable":true,"href":"https:\/\/www.bellunopress.it\/fr\/wp-json\/wp\/v2\/media\/171902"}],"wp:attachment":[{"href":"https:\/\/www.bellunopress.it\/fr\/wp-json\/wp\/v2\/media?parent=171901"}],"wp:term":[{"taxonomy":"category","embeddable":true,"href":"https:\/\/www.bellunopress.it\/fr\/wp-json\/wp\/v2\/categories?post=171901"},{"taxonomy":"post_tag","embeddable":true,"href":"https:\/\/www.bellunopress.it\/fr\/wp-json\/wp\/v2\/tags?post=171901"}],"curies":[{"name":"wp","href":"https:\/\/api.w.org\/{rel}","templated":true}]}}