{"id":171899,"date":"2026-07-13T21:38:21","date_gmt":"2026-07-13T19:38:21","guid":{"rendered":"https:\/\/www.bellunopress.it\/?p=171899"},"modified":"2026-07-13T21:38:21","modified_gmt":"2026-07-13T19:38:21","slug":"alberi-abbattuti-la-frenesia-delle-motoseghe-che-coinvolge-tutta-italia","status":"publish","type":"post","link":"https:\/\/www.bellunopress.it\/fr\/2026\/07\/13\/alberi-abbattuti-la-frenesia-delle-motoseghe-che-coinvolge-tutta-italia\/","title":{"rendered":"Alberi abbattuti, la frenesia delle motoseghe che coinvolge tutta Italia"},"content":{"rendered":"<p data-path-to-node=\"3\">30.000 alberi abbattuti solo a Roma. \u00c8 questo il dato allarmante emerso negli ultimi tempi: intere piazze devastate e parchi rasi al suolo in tutta Italia. Il fenomeno, che ora ha iniziato a colpire persino boschi storici, solleva interrogativi urgenti su cosa stia accadendo e perch\u00e9.<\/p>\n<p data-path-to-node=\"5\">Finora, si credeva che tali azioni non avessero una spiegazione logica. Tuttavia, ora sta emergendo una possibile e amara situazione. Il motivo esisterebbe e, come spesso accade, coinvolgerebbe le strategie di gestione locale. Sebbene Roberto Gualtieri, sindaco di Roma, affermi che siano stati ripiantati 60.000 alberi, le cronache descrivono situazioni ben diverse: si piantano alberelli piccoli e fragili, che spesso non vengono annaffiati e muoiono, mentre le motoseghe continuano a lavorare in orari impensabili, come alle 4 del mattino, quando nessuno pu\u00f2 notare l&#8217;entit\u00e0 del danno.<\/p>\n<p data-path-to-node=\"7\">Casi simili sono stati registrati anche a Bologna e, soprattutto, a Firenze, dove \u00e8 stato raso al suolo il &#8220;bosco di citt\u00e0&#8221;, una risorsa paesaggistica e ambientale fondamentale, paragonabile al Central Park per la sua importanza. Non \u00e8 pi\u00f9 una questione locale: \u00e8 una tendenza che colpisce diverse citt\u00e0, dove vengono abbattuti viali storici e alberi simbolo, spesso giustificando tali azioni con la cura dell&#8217;arredo urbano.<\/p>\n<p data-path-to-node=\"9\">Alla base di questa &#8220;frenesia&#8221; delle motoseghe si celano alcune cause:<\/p>\n<ul data-path-to-node=\"10\">\n<li>\n<p data-path-to-node=\"10,0,0\">Sentenze della Cassazione: recenti delibere stabiliscono che in caso di disastri naturali, come tempeste che abbattono alberi, la responsabilit\u00e0 ricade sul sindaco e sul Comune. Questo spinge le amministrazioni a procedere preventivamente con gli abbattimenti per evitare futuri costi di risarcimento, che ammontano spesso a cifre elevate.<\/p>\n<\/li>\n<li>\n<p data-path-to-node=\"10,1,0\">Gestione dei fondi: dopo il Covid, i comuni si sono trovati con le casse vuote. Le norme impongono la rendicontazione delle spese future e della manutenzione. Per risparmiare, i comuni tagliano proprio la manutenzione ordinaria, rendendo pi\u00f9 conveniente l&#8217;abbattimento rispetto alla cura del verde esistente.<\/p>\n<\/li>\n<\/ul>\n<p data-path-to-node=\"12\">Altro elemento che spingerebbe al taglio degli alberi \u00e8 rappresentato dai fondi del PNRR. Sono stati stanziati miliardi per la riqualificazione urbanistica e ambientale, ma tali fondi non possono coprire le spese di manutenzione ordinaria. Di conseguenza, i comuni si rivolgono alle multi-utility del verde. Queste, tramite bandi da milioni di euro, gestiscono gli interventi ma richiedono capitolati che spesso favoriscono interventi di nuova costruzione o ripristino, piuttosto che la cura costante del patrimonio esistente.<\/p>\n<p data-path-to-node=\"14\">Le aziende di consulenza che redigono i capitolati per conto dei comuni, troverebbero pi\u00f9 conveniente indirizzare i fondi verso il taglio degli alberi, supportate dal fatto che tale attivit\u00e0 risulta pi\u00f9 economica e rapida rispetto alla gestione a lungo termine del verde cittadino.<\/p>\n<p data-path-to-node=\"14\">Infine, una volta tagliati, i tronchi e i rami non vengono smaltiti come semplici rifiuti, ma inviati alle centrali a biomasse. Queste strutture, presentate come soluzioni &#8220;green&#8221; perch\u00e9 utilizzano energia da fonti rinnovabili, richiedono enormi quantit\u00e0 di legname per mantenere il funzionamento continuo (24 ore su 24, 7 giorni su 7). Ovviamente le centrali a biomasse pagano per avere tale combustibile necessario alla produzione di energia elettrica green.<\/p>\n<p data-path-to-node=\"14\">","protected":false},"excerpt":{"rendered":"<p>30.000 alberi abbattuti solo a Roma. \u00c8 questo il dato allarmante emerso negli ultimi tempi: intere piazze devastate e parchi rasi al suolo in tutta Italia. Il fenomeno, che ora ha iniziato a colpire persino boschi storici, solleva interrogativi urgenti su cosa stia accadendo e perch\u00e9. Finora, si credeva che tali azioni non avessero una [&hellip;]<\/p>\n","protected":false},"author":2,"featured_media":171097,"comment_status":"closed","ping_status":"open","sticky":false,"template":"","format":"standard","meta":{"footnotes":""},"categories":[5],"tags":[],"class_list":["post-171899","post","type-post","status-publish","format-standard","has-post-thumbnail","category-cronaca"],"yoast_head":"<!-- This site is optimized with the Yoast SEO plugin v28.4 - https:\/\/yoast.com\/product\/yoast-seo-wordpress\/ -->\n<title>Alberi abbattuti, la frenesia delle motoseghe che coinvolge tutta Italia - Bellunopress - Dolomiti<\/title>\n<meta name=\"robots\" content=\"index, follow, max-snippet:-1, max-image-preview:large, max-video-preview:-1\" \/>\n<link rel=\"canonical\" href=\"https:\/\/www.bellunopress.it\/fr\/2026\/07\/13\/alberi-abbattuti-la-frenesia-delle-motoseghe-che-coinvolge-tutta-italia\/\" \/>\n<meta property=\"og:locale\" content=\"fr_FR\" \/>\n<meta property=\"og:type\" content=\"article\" \/>\n<meta property=\"og:title\" content=\"Alberi abbattuti, la frenesia delle motoseghe che coinvolge tutta Italia - Bellunopress - Dolomiti\" \/>\n<meta property=\"og:description\" content=\"30.000 alberi abbattuti solo a Roma. \u00c8 questo il dato allarmante emerso negli ultimi tempi: intere piazze devastate e parchi rasi al suolo in tutta Italia. Il fenomeno, che ora ha iniziato a colpire persino boschi storici, solleva interrogativi urgenti su cosa stia accadendo e perch\u00e9. Finora, si credeva che tali azioni non avessero una [&hellip;]\" \/>\n<meta property=\"og:url\" content=\"https:\/\/www.bellunopress.it\/fr\/2026\/07\/13\/alberi-abbattuti-la-frenesia-delle-motoseghe-che-coinvolge-tutta-italia\/\" \/>\n<meta property=\"og:site_name\" content=\"Bellunopress - Dolomiti\" \/>\n<meta property=\"article:publisher\" content=\"https:\/\/www.facebook.com\/profile.php?id=100008943462799\" \/>\n<meta property=\"article:published_time\" content=\"2026-07-13T19:38:21+00:00\" \/>\n<meta property=\"og:image\" content=\"https:\/\/www.bellunopress.it\/wp-content\/uploads\/2026\/06\/viale-alberato-mare.jpg\" \/>\n\t<meta property=\"og:image:width\" content=\"600\" \/>\n\t<meta property=\"og:image:height\" content=\"450\" \/>\n\t<meta property=\"og:image:type\" content=\"image\/jpeg\" \/>\n<meta name=\"author\" content=\"redazione\" \/>\n<meta name=\"twitter:card\" content=\"summary_large_image\" \/>\n<meta name=\"twitter:creator\" content=\"@bellunopress\" \/>\n<meta name=\"twitter:site\" content=\"@bellunopress\" \/>\n<meta name=\"twitter:label1\" content=\"\u00c9crit par\" \/>\n\t<meta name=\"twitter:data1\" content=\"redazione\" \/>\n\t<meta name=\"twitter:label2\" content=\"Dur\u00e9e de lecture estim\u00e9e\" \/>\n\t<meta name=\"twitter:data2\" content=\"3 minutes\" \/>\n<script type=\"application\/ld+json\" class=\"yoast-schema-graph\">{\"@context\":\"https:\\\/\\\/schema.org\",\"@graph\":[{\"@type\":\"Article\",\"@id\":\"https:\\\/\\\/www.bellunopress.it\\\/2026\\\/07\\\/13\\\/alberi-abbattuti-la-frenesia-delle-motoseghe-che-coinvolge-tutta-italia\\\/#article\",\"isPartOf\":{\"@id\":\"https:\\\/\\\/www.bellunopress.it\\\/2026\\\/07\\\/13\\\/alberi-abbattuti-la-frenesia-delle-motoseghe-che-coinvolge-tutta-italia\\\/\"},\"author\":{\"name\":\"redazione\",\"@id\":\"https:\\\/\\\/www.bellunopress.it\\\/#\\\/schema\\\/person\\\/79bb06722b37ece1c03d3e94beb30d73\"},\"headline\":\"Alberi abbattuti, la frenesia delle motoseghe che coinvolge tutta Italia\",\"datePublished\":\"2026-07-13T19:38:21+00:00\",\"mainEntityOfPage\":{\"@id\":\"https:\\\/\\\/www.bellunopress.it\\\/2026\\\/07\\\/13\\\/alberi-abbattuti-la-frenesia-delle-motoseghe-che-coinvolge-tutta-italia\\\/\"},\"wordCount\":488,\"publisher\":{\"@id\":\"https:\\\/\\\/www.bellunopress.it\\\/#organization\"},\"image\":{\"@id\":\"https:\\\/\\\/www.bellunopress.it\\\/2026\\\/07\\\/13\\\/alberi-abbattuti-la-frenesia-delle-motoseghe-che-coinvolge-tutta-italia\\\/#primaryimage\"},\"thumbnailUrl\":\"https:\\\/\\\/www.bellunopress.it\\\/wp-content\\\/uploads\\\/2026\\\/06\\\/viale-alberato-mare.jpg\",\"articleSection\":[\"Cronaca\\\/Politica\"],\"inLanguage\":\"fr-FR\"},{\"@type\":\"WebPage\",\"@id\":\"https:\\\/\\\/www.bellunopress.it\\\/2026\\\/07\\\/13\\\/alberi-abbattuti-la-frenesia-delle-motoseghe-che-coinvolge-tutta-italia\\\/\",\"url\":\"https:\\\/\\\/www.bellunopress.it\\\/2026\\\/07\\\/13\\\/alberi-abbattuti-la-frenesia-delle-motoseghe-che-coinvolge-tutta-italia\\\/\",\"name\":\"Alberi abbattuti, la frenesia delle motoseghe che coinvolge tutta Italia - Bellunopress - Dolomiti\",\"isPartOf\":{\"@id\":\"https:\\\/\\\/www.bellunopress.it\\\/#website\"},\"primaryImageOfPage\":{\"@id\":\"https:\\\/\\\/www.bellunopress.it\\\/2026\\\/07\\\/13\\\/alberi-abbattuti-la-frenesia-delle-motoseghe-che-coinvolge-tutta-italia\\\/#primaryimage\"},\"image\":{\"@id\":\"https:\\\/\\\/www.bellunopress.it\\\/2026\\\/07\\\/13\\\/alberi-abbattuti-la-frenesia-delle-motoseghe-che-coinvolge-tutta-italia\\\/#primaryimage\"},\"thumbnailUrl\":\"https:\\\/\\\/www.bellunopress.it\\\/wp-content\\\/uploads\\\/2026\\\/06\\\/viale-alberato-mare.jpg\",\"datePublished\":\"2026-07-13T19:38:21+00:00\",\"breadcrumb\":{\"@id\":\"https:\\\/\\\/www.bellunopress.it\\\/2026\\\/07\\\/13\\\/alberi-abbattuti-la-frenesia-delle-motoseghe-che-coinvolge-tutta-italia\\\/#breadcrumb\"},\"inLanguage\":\"fr-FR\",\"potentialAction\":[{\"@type\":\"ReadAction\",\"target\":[\"https:\\\/\\\/www.bellunopress.it\\\/2026\\\/07\\\/13\\\/alberi-abbattuti-la-frenesia-delle-motoseghe-che-coinvolge-tutta-italia\\\/\"]}]},{\"@type\":\"ImageObject\",\"inLanguage\":\"fr-FR\",\"@id\":\"https:\\\/\\\/www.bellunopress.it\\\/2026\\\/07\\\/13\\\/alberi-abbattuti-la-frenesia-delle-motoseghe-che-coinvolge-tutta-italia\\\/#primaryimage\",\"url\":\"https:\\\/\\\/www.bellunopress.it\\\/wp-content\\\/uploads\\\/2026\\\/06\\\/viale-alberato-mare.jpg\",\"contentUrl\":\"https:\\\/\\\/www.bellunopress.it\\\/wp-content\\\/uploads\\\/2026\\\/06\\\/viale-alberato-mare.jpg\",\"width\":600,\"height\":450},{\"@type\":\"BreadcrumbList\",\"@id\":\"https:\\\/\\\/www.bellunopress.it\\\/2026\\\/07\\\/13\\\/alberi-abbattuti-la-frenesia-delle-motoseghe-che-coinvolge-tutta-italia\\\/#breadcrumb\",\"itemListElement\":[{\"@type\":\"ListItem\",\"position\":1,\"name\":\"Home\",\"item\":\"https:\\\/\\\/www.bellunopress.it\\\/\"},{\"@type\":\"ListItem\",\"position\":2,\"name\":\"Alberi abbattuti, la frenesia delle motoseghe che coinvolge tutta Italia\"}]},{\"@type\":\"WebSite\",\"@id\":\"https:\\\/\\\/www.bellunopress.it\\\/#website\",\"url\":\"https:\\\/\\\/www.bellunopress.it\\\/\",\"name\":\"Bellunopress - Dolomiti\",\"description\":\"e-mail: redazione@bellunopress.it\",\"publisher\":{\"@id\":\"https:\\\/\\\/www.bellunopress.it\\\/#organization\"},\"potentialAction\":[{\"@type\":\"SearchAction\",\"target\":{\"@type\":\"EntryPoint\",\"urlTemplate\":\"https:\\\/\\\/www.bellunopress.it\\\/?s={search_term_string}\"},\"query-input\":{\"@type\":\"PropertyValueSpecification\",\"valueRequired\":true,\"valueName\":\"search_term_string\"}}],\"inLanguage\":\"fr-FR\"},{\"@type\":\"Organization\",\"@id\":\"https:\\\/\\\/www.bellunopress.it\\\/#organization\",\"name\":\"Bellunopress\",\"url\":\"https:\\\/\\\/www.bellunopress.it\\\/\",\"logo\":{\"@type\":\"ImageObject\",\"inLanguage\":\"fr-FR\",\"@id\":\"https:\\\/\\\/www.bellunopress.it\\\/#\\\/schema\\\/logo\\\/image\\\/\",\"url\":\"https:\\\/\\\/www.bellunopress.it\\\/wp-content\\\/uploads\\\/2011\\\/05\\\/cropped-logo-bellunopress-.jpg\",\"contentUrl\":\"https:\\\/\\\/www.bellunopress.it\\\/wp-content\\\/uploads\\\/2011\\\/05\\\/cropped-logo-bellunopress-.jpg\",\"width\":512,\"height\":512,\"caption\":\"Bellunopress\"},\"image\":{\"@id\":\"https:\\\/\\\/www.bellunopress.it\\\/#\\\/schema\\\/logo\\\/image\\\/\"},\"sameAs\":[\"https:\\\/\\\/www.facebook.com\\\/profile.php?id=100008943462799\",\"https:\\\/\\\/x.com\\\/bellunopress\",\"https:\\\/\\\/www.linkedin.com\\\/hp\\\/?dnr=JBzUWaJfMUw8vbXJJ2tVW5-I3jZKvC4wsoxE&amp;amp;amp;amp;amp;amp;trk=nav_responsive_tab_home\",\"https:\\\/\\\/www.youtube.com\\\/channel\\\/UCxL0wu1uN0_3_7hGG0306cw\"]},{\"@type\":\"Person\",\"@id\":\"https:\\\/\\\/www.bellunopress.it\\\/#\\\/schema\\\/person\\\/79bb06722b37ece1c03d3e94beb30d73\",\"name\":\"redazione\",\"image\":{\"@type\":\"ImageObject\",\"inLanguage\":\"fr-FR\",\"@id\":\"https:\\\/\\\/secure.gravatar.com\\\/avatar\\\/37d968a2e67a6fd04c169c4bdef102d0bc5d31b2546345219e348575eb80e9a0?s=96&d=mm&r=g\",\"url\":\"https:\\\/\\\/secure.gravatar.com\\\/avatar\\\/37d968a2e67a6fd04c169c4bdef102d0bc5d31b2546345219e348575eb80e9a0?s=96&d=mm&r=g\",\"contentUrl\":\"https:\\\/\\\/secure.gravatar.com\\\/avatar\\\/37d968a2e67a6fd04c169c4bdef102d0bc5d31b2546345219e348575eb80e9a0?s=96&d=mm&r=g\",\"caption\":\"redazione\"},\"sameAs\":[\"http:\\\/\\\/www.bellunopress.it\",\"https:\\\/\\\/x.com\\\/bellunopress\"],\"url\":\"https:\\\/\\\/www.bellunopress.it\\\/fr\\\/author\\\/redazione\\\/\"}]}<\/script>\n<!-- \/ Yoast SEO plugin. -->","yoast_head_json":{"title":"Alberi abbattuti, la frenesia delle motoseghe che coinvolge tutta Italia - Bellunopress - Dolomiti","robots":{"index":"index","follow":"follow","max-snippet":"max-snippet:-1","max-image-preview":"max-image-preview:large","max-video-preview":"max-video-preview:-1"},"canonical":"https:\/\/www.bellunopress.it\/fr\/2026\/07\/13\/alberi-abbattuti-la-frenesia-delle-motoseghe-che-coinvolge-tutta-italia\/","og_locale":"fr_FR","og_type":"article","og_title":"Alberi abbattuti, la frenesia delle motoseghe che coinvolge tutta Italia - Bellunopress - Dolomiti","og_description":"30.000 alberi abbattuti solo a Roma. \u00c8 questo il dato allarmante emerso negli ultimi tempi: intere piazze devastate e parchi rasi al suolo in tutta Italia. Il fenomeno, che ora ha iniziato a colpire persino boschi storici, solleva interrogativi urgenti su cosa stia accadendo e perch\u00e9. Finora, si credeva che tali azioni non avessero una [&hellip;]","og_url":"https:\/\/www.bellunopress.it\/fr\/2026\/07\/13\/alberi-abbattuti-la-frenesia-delle-motoseghe-che-coinvolge-tutta-italia\/","og_site_name":"Bellunopress - Dolomiti","article_publisher":"https:\/\/www.facebook.com\/profile.php?id=100008943462799","article_published_time":"2026-07-13T19:38:21+00:00","og_image":[{"width":600,"height":450,"url":"https:\/\/www.bellunopress.it\/wp-content\/uploads\/2026\/06\/viale-alberato-mare.jpg","type":"image\/jpeg"}],"author":"redazione","twitter_card":"summary_large_image","twitter_creator":"@bellunopress","twitter_site":"@bellunopress","twitter_misc":{"\u00c9crit par":"redazione","Dur\u00e9e de lecture estim\u00e9e":"3 minutes"},"schema":{"@context":"https:\/\/schema.org","@graph":[{"@type":"Article","@id":"https:\/\/www.bellunopress.it\/2026\/07\/13\/alberi-abbattuti-la-frenesia-delle-motoseghe-che-coinvolge-tutta-italia\/#article","isPartOf":{"@id":"https:\/\/www.bellunopress.it\/2026\/07\/13\/alberi-abbattuti-la-frenesia-delle-motoseghe-che-coinvolge-tutta-italia\/"},"author":{"name":"redazione","@id":"https:\/\/www.bellunopress.it\/#\/schema\/person\/79bb06722b37ece1c03d3e94beb30d73"},"headline":"Alberi abbattuti, la frenesia delle motoseghe che coinvolge tutta Italia","datePublished":"2026-07-13T19:38:21+00:00","mainEntityOfPage":{"@id":"https:\/\/www.bellunopress.it\/2026\/07\/13\/alberi-abbattuti-la-frenesia-delle-motoseghe-che-coinvolge-tutta-italia\/"},"wordCount":488,"publisher":{"@id":"https:\/\/www.bellunopress.it\/#organization"},"image":{"@id":"https:\/\/www.bellunopress.it\/2026\/07\/13\/alberi-abbattuti-la-frenesia-delle-motoseghe-che-coinvolge-tutta-italia\/#primaryimage"},"thumbnailUrl":"https:\/\/www.bellunopress.it\/wp-content\/uploads\/2026\/06\/viale-alberato-mare.jpg","articleSection":["Cronaca\/Politica"],"inLanguage":"fr-FR"},{"@type":"WebPage","@id":"https:\/\/www.bellunopress.it\/2026\/07\/13\/alberi-abbattuti-la-frenesia-delle-motoseghe-che-coinvolge-tutta-italia\/","url":"https:\/\/www.bellunopress.it\/2026\/07\/13\/alberi-abbattuti-la-frenesia-delle-motoseghe-che-coinvolge-tutta-italia\/","name":"Alberi abbattuti, la frenesia delle motoseghe che coinvolge tutta Italia - Bellunopress - Dolomiti","isPartOf":{"@id":"https:\/\/www.bellunopress.it\/#website"},"primaryImageOfPage":{"@id":"https:\/\/www.bellunopress.it\/2026\/07\/13\/alberi-abbattuti-la-frenesia-delle-motoseghe-che-coinvolge-tutta-italia\/#primaryimage"},"image":{"@id":"https:\/\/www.bellunopress.it\/2026\/07\/13\/alberi-abbattuti-la-frenesia-delle-motoseghe-che-coinvolge-tutta-italia\/#primaryimage"},"thumbnailUrl":"https:\/\/www.bellunopress.it\/wp-content\/uploads\/2026\/06\/viale-alberato-mare.jpg","datePublished":"2026-07-13T19:38:21+00:00","breadcrumb":{"@id":"https:\/\/www.bellunopress.it\/2026\/07\/13\/alberi-abbattuti-la-frenesia-delle-motoseghe-che-coinvolge-tutta-italia\/#breadcrumb"},"inLanguage":"fr-FR","potentialAction":[{"@type":"ReadAction","target":["https:\/\/www.bellunopress.it\/2026\/07\/13\/alberi-abbattuti-la-frenesia-delle-motoseghe-che-coinvolge-tutta-italia\/"]}]},{"@type":"ImageObject","inLanguage":"fr-FR","@id":"https:\/\/www.bellunopress.it\/2026\/07\/13\/alberi-abbattuti-la-frenesia-delle-motoseghe-che-coinvolge-tutta-italia\/#primaryimage","url":"https:\/\/www.bellunopress.it\/wp-content\/uploads\/2026\/06\/viale-alberato-mare.jpg","contentUrl":"https:\/\/www.bellunopress.it\/wp-content\/uploads\/2026\/06\/viale-alberato-mare.jpg","width":600,"height":450},{"@type":"BreadcrumbList","@id":"https:\/\/www.bellunopress.it\/2026\/07\/13\/alberi-abbattuti-la-frenesia-delle-motoseghe-che-coinvolge-tutta-italia\/#breadcrumb","itemListElement":[{"@type":"ListItem","position":1,"name":"Home","item":"https:\/\/www.bellunopress.it\/"},{"@type":"ListItem","position":2,"name":"Alberi abbattuti, la frenesia delle motoseghe che coinvolge tutta Italia"}]},{"@type":"WebSite","@id":"https:\/\/www.bellunopress.it\/#website","url":"https:\/\/www.bellunopress.it\/","name":"Bellunopress - Dolomiti","description":"e-mail: redazione@bellunopress.it","publisher":{"@id":"https:\/\/www.bellunopress.it\/#organization"},"potentialAction":[{"@type":"SearchAction","target":{"@type":"EntryPoint","urlTemplate":"https:\/\/www.bellunopress.it\/?s={search_term_string}"},"query-input":{"@type":"PropertyValueSpecification","valueRequired":true,"valueName":"search_term_string"}}],"inLanguage":"fr-FR"},{"@type":"Organization","@id":"https:\/\/www.bellunopress.it\/#organization","name":"Bellunopress","url":"https:\/\/www.bellunopress.it\/","logo":{"@type":"ImageObject","inLanguage":"fr-FR","@id":"https:\/\/www.bellunopress.it\/#\/schema\/logo\/image\/","url":"https:\/\/www.bellunopress.it\/wp-content\/uploads\/2011\/05\/cropped-logo-bellunopress-.jpg","contentUrl":"https:\/\/www.bellunopress.it\/wp-content\/uploads\/2011\/05\/cropped-logo-bellunopress-.jpg","width":512,"height":512,"caption":"Bellunopress"},"image":{"@id":"https:\/\/www.bellunopress.it\/#\/schema\/logo\/image\/"},"sameAs":["https:\/\/www.facebook.com\/profile.php?id=100008943462799","https:\/\/x.com\/bellunopress","https:\/\/www.linkedin.com\/hp\/?dnr=JBzUWaJfMUw8vbXJJ2tVW5-I3jZKvC4wsoxE&amp;amp;amp;amp;amp;amp;trk=nav_responsive_tab_home","https:\/\/www.youtube.com\/channel\/UCxL0wu1uN0_3_7hGG0306cw"]},{"@type":"Person","@id":"https:\/\/www.bellunopress.it\/#\/schema\/person\/79bb06722b37ece1c03d3e94beb30d73","name":"r\u00e9daction","image":{"@type":"ImageObject","inLanguage":"fr-FR","@id":"https:\/\/secure.gravatar.com\/avatar\/37d968a2e67a6fd04c169c4bdef102d0bc5d31b2546345219e348575eb80e9a0?s=96&d=mm&r=g","url":"https:\/\/secure.gravatar.com\/avatar\/37d968a2e67a6fd04c169c4bdef102d0bc5d31b2546345219e348575eb80e9a0?s=96&d=mm&r=g","contentUrl":"https:\/\/secure.gravatar.com\/avatar\/37d968a2e67a6fd04c169c4bdef102d0bc5d31b2546345219e348575eb80e9a0?s=96&d=mm&r=g","caption":"redazione"},"sameAs":["http:\/\/www.bellunopress.it","https:\/\/x.com\/bellunopress"],"url":"https:\/\/www.bellunopress.it\/fr\/author\/redazione\/"}]}},"_links":{"self":[{"href":"https:\/\/www.bellunopress.it\/fr\/wp-json\/wp\/v2\/posts\/171899","targetHints":{"allow":["GET"]}}],"collection":[{"href":"https:\/\/www.bellunopress.it\/fr\/wp-json\/wp\/v2\/posts"}],"about":[{"href":"https:\/\/www.bellunopress.it\/fr\/wp-json\/wp\/v2\/types\/post"}],"author":[{"embeddable":true,"href":"https:\/\/www.bellunopress.it\/fr\/wp-json\/wp\/v2\/users\/2"}],"replies":[{"embeddable":true,"href":"https:\/\/www.bellunopress.it\/fr\/wp-json\/wp\/v2\/comments?post=171899"}],"version-history":[{"count":1,"href":"https:\/\/www.bellunopress.it\/fr\/wp-json\/wp\/v2\/posts\/171899\/revisions"}],"predecessor-version":[{"id":171900,"href":"https:\/\/www.bellunopress.it\/fr\/wp-json\/wp\/v2\/posts\/171899\/revisions\/171900"}],"wp:featuredmedia":[{"embeddable":true,"href":"https:\/\/www.bellunopress.it\/fr\/wp-json\/wp\/v2\/media\/171097"}],"wp:attachment":[{"href":"https:\/\/www.bellunopress.it\/fr\/wp-json\/wp\/v2\/media?parent=171899"}],"wp:term":[{"taxonomy":"category","embeddable":true,"href":"https:\/\/www.bellunopress.it\/fr\/wp-json\/wp\/v2\/categories?post=171899"},{"taxonomy":"post_tag","embeddable":true,"href":"https:\/\/www.bellunopress.it\/fr\/wp-json\/wp\/v2\/tags?post=171899"}],"curies":[{"name":"wp","href":"https:\/\/api.w.org\/{rel}","templated":true}]}}