{"id":171894,"date":"2026-07-13T20:44:10","date_gmt":"2026-07-13T18:44:10","guid":{"rendered":"https:\/\/www.bellunopress.it\/?p=171894"},"modified":"2026-07-13T20:44:10","modified_gmt":"2026-07-13T18:44:10","slug":"hydro-feltre-prolungata-la-cassa-integrazione","status":"publish","type":"post","link":"https:\/\/www.bellunopress.it\/fr\/2026\/07\/13\/hydro-feltre-prolungata-la-cassa-integrazione\/","title":{"rendered":"Hydro Feltre: prolungata la cassa integrazione"},"content":{"rendered":"<p>In Hydro Extrusion \u00e8 stato raggiunto l&#8217;accordo per la proroga della Cassa Integrazione. Nel corso dell&#8217;incontro odierno \u00e8 stato sottoscritto un accordo tra le parti per la proroga della Cassa Integrazione per ulteriori quattro settimane, alle medesime condizioni gi\u00e0 concordate.<br \/>\nL&#8217;intesa prevede, inoltre, l&#8217;integrazione economica da parte dell&#8217;azienda e la piena maturazione dei ratei di tredicesima, quattordicesima, ferie e PAR per l&#8217;intero periodo di proroga.<br \/>\nLa Cassa Integrazione sar\u00e0 in vigore fino al 5 agosto, dopodich\u00e9 seguir\u00e0 il periodo di ferie collettive della durata di tre settimane.<\/p>\n<p>Nel corso dell&#8217;incontro l&#8217;azienda ha presentato anche un cronoprogramma relativo al ripristino delle attivit\u00e0 produttive, illustrando gli interventi di riparazione della sottostazione elettrica, gravemente danneggiata dall&#8217;incendio. Il piano prevede il completo ripristino degli impianti entro la fine del mese di agosto, consentendo cos\u00ec la graduale ripresa delle attivit\u00e0 produttive.<br \/>\nResta centrale, in ogni caso, il tema del futuro dello stabilimento e, per questo motivo, \u00e8 stato confermato un incontro presso il Ministero delle Imprese e del Made in Italy (MIMIT) per la giornata di luned\u00ec 20 luglio, durante il quale verr\u00e0 verificato lo stato di avanzamento della trattativa per la cessione dello stabilimento da parte di Hydro a un nuovo operatore industriale.<br \/>\nLa FIOM CGIL di Belluno continuer\u00e0 a seguire con la massima attenzione tutti gli sviluppi della vertenza, mantenendo alta la vigilanza affinch\u00e9 siano garantite la continuit\u00e0 industriale, la salvaguardia occupazionale e le prospettive produttive del sito.<\/p>","protected":false},"excerpt":{"rendered":"<p>In Hydro Extrusion \u00e8 stato raggiunto l&#8217;accordo per la proroga della Cassa Integrazione. Nel corso dell&#8217;incontro odierno \u00e8 stato sottoscritto un accordo tra le parti per la proroga della Cassa Integrazione per ulteriori quattro settimane, alle medesime condizioni gi\u00e0 concordate. L&#8217;intesa prevede, inoltre, l&#8217;integrazione economica da parte dell&#8217;azienda e la piena maturazione dei ratei di [&hellip;]<\/p>\n","protected":false},"author":2,"featured_media":171895,"comment_status":"closed","ping_status":"open","sticky":false,"template":"","format":"standard","meta":{"footnotes":""},"categories":[36,26],"tags":[],"class_list":["post-171894","post","type-post","status-publish","format-standard","has-post-thumbnail","category-lavoro-economia","category-prima-pagina"],"yoast_head":"<!-- This site is optimized with the Yoast SEO plugin v28.4 - https:\/\/yoast.com\/product\/yoast-seo-wordpress\/ -->\n<title>Hydro Feltre: prolungata la cassa integrazione - Bellunopress - Dolomiti<\/title>\n<meta name=\"robots\" content=\"index, follow, max-snippet:-1, max-image-preview:large, max-video-preview:-1\" \/>\n<link rel=\"canonical\" href=\"https:\/\/www.bellunopress.it\/fr\/2026\/07\/13\/hydro-feltre-prolungata-la-cassa-integrazione\/\" \/>\n<meta property=\"og:locale\" content=\"fr_FR\" \/>\n<meta property=\"og:type\" content=\"article\" \/>\n<meta property=\"og:title\" content=\"Hydro Feltre: prolungata la cassa integrazione - Bellunopress - Dolomiti\" \/>\n<meta property=\"og:description\" content=\"In Hydro Extrusion \u00e8 stato raggiunto l&#8217;accordo per la proroga della Cassa Integrazione. Nel corso dell&#8217;incontro odierno \u00e8 stato sottoscritto un accordo tra le parti per la proroga della Cassa Integrazione per ulteriori quattro settimane, alle medesime condizioni gi\u00e0 concordate. L&#8217;intesa prevede, inoltre, l&#8217;integrazione economica da parte dell&#8217;azienda e la piena maturazione dei ratei di [&hellip;]\" \/>\n<meta property=\"og:url\" content=\"https:\/\/www.bellunopress.it\/fr\/2026\/07\/13\/hydro-feltre-prolungata-la-cassa-integrazione\/\" \/>\n<meta property=\"og:site_name\" content=\"Bellunopress - Dolomiti\" \/>\n<meta property=\"article:publisher\" content=\"https:\/\/www.facebook.com\/profile.php?id=100008943462799\" \/>\n<meta property=\"article:published_time\" content=\"2026-07-13T18:44:10+00:00\" \/>\n<meta property=\"og:image\" content=\"https:\/\/www.bellunopress.it\/wp-content\/uploads\/2026\/07\/hydro-feltre.jpg\" \/>\n\t<meta property=\"og:image:width\" content=\"589\" \/>\n\t<meta property=\"og:image:height\" content=\"383\" \/>\n\t<meta property=\"og:image:type\" content=\"image\/jpeg\" \/>\n<meta name=\"author\" content=\"redazione\" \/>\n<meta name=\"twitter:card\" content=\"summary_large_image\" \/>\n<meta name=\"twitter:creator\" content=\"@bellunopress\" \/>\n<meta name=\"twitter:site\" content=\"@bellunopress\" \/>\n<meta name=\"twitter:label1\" content=\"\u00c9crit par\" \/>\n\t<meta name=\"twitter:data1\" content=\"redazione\" \/>\n\t<meta name=\"twitter:label2\" content=\"Dur\u00e9e de lecture estim\u00e9e\" \/>\n\t<meta name=\"twitter:data2\" content=\"2 minutes\" \/>\n<script type=\"application\/ld+json\" class=\"yoast-schema-graph\">{\"@context\":\"https:\\\/\\\/schema.org\",\"@graph\":[{\"@type\":\"Article\",\"@id\":\"https:\\\/\\\/www.bellunopress.it\\\/2026\\\/07\\\/13\\\/hydro-feltre-prolungata-la-cassa-integrazione\\\/#article\",\"isPartOf\":{\"@id\":\"https:\\\/\\\/www.bellunopress.it\\\/2026\\\/07\\\/13\\\/hydro-feltre-prolungata-la-cassa-integrazione\\\/\"},\"author\":{\"name\":\"redazione\",\"@id\":\"https:\\\/\\\/www.bellunopress.it\\\/#\\\/schema\\\/person\\\/79bb06722b37ece1c03d3e94beb30d73\"},\"headline\":\"Hydro Feltre: prolungata la cassa integrazione\",\"datePublished\":\"2026-07-13T18:44:10+00:00\",\"mainEntityOfPage\":{\"@id\":\"https:\\\/\\\/www.bellunopress.it\\\/2026\\\/07\\\/13\\\/hydro-feltre-prolungata-la-cassa-integrazione\\\/\"},\"wordCount\":245,\"publisher\":{\"@id\":\"https:\\\/\\\/www.bellunopress.it\\\/#organization\"},\"image\":{\"@id\":\"https:\\\/\\\/www.bellunopress.it\\\/2026\\\/07\\\/13\\\/hydro-feltre-prolungata-la-cassa-integrazione\\\/#primaryimage\"},\"thumbnailUrl\":\"https:\\\/\\\/www.bellunopress.it\\\/wp-content\\\/uploads\\\/2026\\\/07\\\/hydro-feltre.jpg\",\"articleSection\":[\"Lavoro, Economia, Turismo\",\"Prima Pagina\"],\"inLanguage\":\"fr-FR\"},{\"@type\":\"WebPage\",\"@id\":\"https:\\\/\\\/www.bellunopress.it\\\/2026\\\/07\\\/13\\\/hydro-feltre-prolungata-la-cassa-integrazione\\\/\",\"url\":\"https:\\\/\\\/www.bellunopress.it\\\/2026\\\/07\\\/13\\\/hydro-feltre-prolungata-la-cassa-integrazione\\\/\",\"name\":\"Hydro Feltre: prolungata la cassa integrazione - Bellunopress - Dolomiti\",\"isPartOf\":{\"@id\":\"https:\\\/\\\/www.bellunopress.it\\\/#website\"},\"primaryImageOfPage\":{\"@id\":\"https:\\\/\\\/www.bellunopress.it\\\/2026\\\/07\\\/13\\\/hydro-feltre-prolungata-la-cassa-integrazione\\\/#primaryimage\"},\"image\":{\"@id\":\"https:\\\/\\\/www.bellunopress.it\\\/2026\\\/07\\\/13\\\/hydro-feltre-prolungata-la-cassa-integrazione\\\/#primaryimage\"},\"thumbnailUrl\":\"https:\\\/\\\/www.bellunopress.it\\\/wp-content\\\/uploads\\\/2026\\\/07\\\/hydro-feltre.jpg\",\"datePublished\":\"2026-07-13T18:44:10+00:00\",\"breadcrumb\":{\"@id\":\"https:\\\/\\\/www.bellunopress.it\\\/2026\\\/07\\\/13\\\/hydro-feltre-prolungata-la-cassa-integrazione\\\/#breadcrumb\"},\"inLanguage\":\"fr-FR\",\"potentialAction\":[{\"@type\":\"ReadAction\",\"target\":[\"https:\\\/\\\/www.bellunopress.it\\\/2026\\\/07\\\/13\\\/hydro-feltre-prolungata-la-cassa-integrazione\\\/\"]}]},{\"@type\":\"ImageObject\",\"inLanguage\":\"fr-FR\",\"@id\":\"https:\\\/\\\/www.bellunopress.it\\\/2026\\\/07\\\/13\\\/hydro-feltre-prolungata-la-cassa-integrazione\\\/#primaryimage\",\"url\":\"https:\\\/\\\/www.bellunopress.it\\\/wp-content\\\/uploads\\\/2026\\\/07\\\/hydro-feltre.jpg\",\"contentUrl\":\"https:\\\/\\\/www.bellunopress.it\\\/wp-content\\\/uploads\\\/2026\\\/07\\\/hydro-feltre.jpg\",\"width\":589,\"height\":383},{\"@type\":\"BreadcrumbList\",\"@id\":\"https:\\\/\\\/www.bellunopress.it\\\/2026\\\/07\\\/13\\\/hydro-feltre-prolungata-la-cassa-integrazione\\\/#breadcrumb\",\"itemListElement\":[{\"@type\":\"ListItem\",\"position\":1,\"name\":\"Home\",\"item\":\"https:\\\/\\\/www.bellunopress.it\\\/\"},{\"@type\":\"ListItem\",\"position\":2,\"name\":\"Hydro Feltre: prolungata la cassa integrazione\"}]},{\"@type\":\"WebSite\",\"@id\":\"https:\\\/\\\/www.bellunopress.it\\\/#website\",\"url\":\"https:\\\/\\\/www.bellunopress.it\\\/\",\"name\":\"Bellunopress - Dolomiti\",\"description\":\"e-mail: redazione@bellunopress.it\",\"publisher\":{\"@id\":\"https:\\\/\\\/www.bellunopress.it\\\/#organization\"},\"potentialAction\":[{\"@type\":\"SearchAction\",\"target\":{\"@type\":\"EntryPoint\",\"urlTemplate\":\"https:\\\/\\\/www.bellunopress.it\\\/?s={search_term_string}\"},\"query-input\":{\"@type\":\"PropertyValueSpecification\",\"valueRequired\":true,\"valueName\":\"search_term_string\"}}],\"inLanguage\":\"fr-FR\"},{\"@type\":\"Organization\",\"@id\":\"https:\\\/\\\/www.bellunopress.it\\\/#organization\",\"name\":\"Bellunopress\",\"url\":\"https:\\\/\\\/www.bellunopress.it\\\/\",\"logo\":{\"@type\":\"ImageObject\",\"inLanguage\":\"fr-FR\",\"@id\":\"https:\\\/\\\/www.bellunopress.it\\\/#\\\/schema\\\/logo\\\/image\\\/\",\"url\":\"https:\\\/\\\/www.bellunopress.it\\\/wp-content\\\/uploads\\\/2011\\\/05\\\/cropped-logo-bellunopress-.jpg\",\"contentUrl\":\"https:\\\/\\\/www.bellunopress.it\\\/wp-content\\\/uploads\\\/2011\\\/05\\\/cropped-logo-bellunopress-.jpg\",\"width\":512,\"height\":512,\"caption\":\"Bellunopress\"},\"image\":{\"@id\":\"https:\\\/\\\/www.bellunopress.it\\\/#\\\/schema\\\/logo\\\/image\\\/\"},\"sameAs\":[\"https:\\\/\\\/www.facebook.com\\\/profile.php?id=100008943462799\",\"https:\\\/\\\/x.com\\\/bellunopress\",\"https:\\\/\\\/www.linkedin.com\\\/hp\\\/?dnr=JBzUWaJfMUw8vbXJJ2tVW5-I3jZKvC4wsoxE&amp;amp;amp;amp;amp;amp;trk=nav_responsive_tab_home\",\"https:\\\/\\\/www.youtube.com\\\/channel\\\/UCxL0wu1uN0_3_7hGG0306cw\"]},{\"@type\":\"Person\",\"@id\":\"https:\\\/\\\/www.bellunopress.it\\\/#\\\/schema\\\/person\\\/79bb06722b37ece1c03d3e94beb30d73\",\"name\":\"redazione\",\"image\":{\"@type\":\"ImageObject\",\"inLanguage\":\"fr-FR\",\"@id\":\"https:\\\/\\\/secure.gravatar.com\\\/avatar\\\/37d968a2e67a6fd04c169c4bdef102d0bc5d31b2546345219e348575eb80e9a0?s=96&d=mm&r=g\",\"url\":\"https:\\\/\\\/secure.gravatar.com\\\/avatar\\\/37d968a2e67a6fd04c169c4bdef102d0bc5d31b2546345219e348575eb80e9a0?s=96&d=mm&r=g\",\"contentUrl\":\"https:\\\/\\\/secure.gravatar.com\\\/avatar\\\/37d968a2e67a6fd04c169c4bdef102d0bc5d31b2546345219e348575eb80e9a0?s=96&d=mm&r=g\",\"caption\":\"redazione\"},\"sameAs\":[\"http:\\\/\\\/www.bellunopress.it\",\"https:\\\/\\\/x.com\\\/bellunopress\"],\"url\":\"https:\\\/\\\/www.bellunopress.it\\\/fr\\\/author\\\/redazione\\\/\"}]}<\/script>\n<!-- \/ Yoast SEO plugin. -->","yoast_head_json":{"title":"Hydro Feltre: prolungata la cassa integrazione - Bellunopress - Dolomiti","robots":{"index":"index","follow":"follow","max-snippet":"max-snippet:-1","max-image-preview":"max-image-preview:large","max-video-preview":"max-video-preview:-1"},"canonical":"https:\/\/www.bellunopress.it\/fr\/2026\/07\/13\/hydro-feltre-prolungata-la-cassa-integrazione\/","og_locale":"fr_FR","og_type":"article","og_title":"Hydro Feltre: prolungata la cassa integrazione - Bellunopress - Dolomiti","og_description":"In Hydro Extrusion \u00e8 stato raggiunto l&#8217;accordo per la proroga della Cassa Integrazione. Nel corso dell&#8217;incontro odierno \u00e8 stato sottoscritto un accordo tra le parti per la proroga della Cassa Integrazione per ulteriori quattro settimane, alle medesime condizioni gi\u00e0 concordate. L&#8217;intesa prevede, inoltre, l&#8217;integrazione economica da parte dell&#8217;azienda e la piena maturazione dei ratei di [&hellip;]","og_url":"https:\/\/www.bellunopress.it\/fr\/2026\/07\/13\/hydro-feltre-prolungata-la-cassa-integrazione\/","og_site_name":"Bellunopress - Dolomiti","article_publisher":"https:\/\/www.facebook.com\/profile.php?id=100008943462799","article_published_time":"2026-07-13T18:44:10+00:00","og_image":[{"width":589,"height":383,"url":"https:\/\/www.bellunopress.it\/wp-content\/uploads\/2026\/07\/hydro-feltre.jpg","type":"image\/jpeg"}],"author":"redazione","twitter_card":"summary_large_image","twitter_creator":"@bellunopress","twitter_site":"@bellunopress","twitter_misc":{"\u00c9crit par":"redazione","Dur\u00e9e de lecture estim\u00e9e":"2 minutes"},"schema":{"@context":"https:\/\/schema.org","@graph":[{"@type":"Article","@id":"https:\/\/www.bellunopress.it\/2026\/07\/13\/hydro-feltre-prolungata-la-cassa-integrazione\/#article","isPartOf":{"@id":"https:\/\/www.bellunopress.it\/2026\/07\/13\/hydro-feltre-prolungata-la-cassa-integrazione\/"},"author":{"name":"redazione","@id":"https:\/\/www.bellunopress.it\/#\/schema\/person\/79bb06722b37ece1c03d3e94beb30d73"},"headline":"Hydro Feltre: prolungata la cassa integrazione","datePublished":"2026-07-13T18:44:10+00:00","mainEntityOfPage":{"@id":"https:\/\/www.bellunopress.it\/2026\/07\/13\/hydro-feltre-prolungata-la-cassa-integrazione\/"},"wordCount":245,"publisher":{"@id":"https:\/\/www.bellunopress.it\/#organization"},"image":{"@id":"https:\/\/www.bellunopress.it\/2026\/07\/13\/hydro-feltre-prolungata-la-cassa-integrazione\/#primaryimage"},"thumbnailUrl":"https:\/\/www.bellunopress.it\/wp-content\/uploads\/2026\/07\/hydro-feltre.jpg","articleSection":["Lavoro, Economia, Turismo","Prima Pagina"],"inLanguage":"fr-FR"},{"@type":"WebPage","@id":"https:\/\/www.bellunopress.it\/2026\/07\/13\/hydro-feltre-prolungata-la-cassa-integrazione\/","url":"https:\/\/www.bellunopress.it\/2026\/07\/13\/hydro-feltre-prolungata-la-cassa-integrazione\/","name":"Hydro Feltre: prolungata la cassa integrazione - Bellunopress - Dolomiti","isPartOf":{"@id":"https:\/\/www.bellunopress.it\/#website"},"primaryImageOfPage":{"@id":"https:\/\/www.bellunopress.it\/2026\/07\/13\/hydro-feltre-prolungata-la-cassa-integrazione\/#primaryimage"},"image":{"@id":"https:\/\/www.bellunopress.it\/2026\/07\/13\/hydro-feltre-prolungata-la-cassa-integrazione\/#primaryimage"},"thumbnailUrl":"https:\/\/www.bellunopress.it\/wp-content\/uploads\/2026\/07\/hydro-feltre.jpg","datePublished":"2026-07-13T18:44:10+00:00","breadcrumb":{"@id":"https:\/\/www.bellunopress.it\/2026\/07\/13\/hydro-feltre-prolungata-la-cassa-integrazione\/#breadcrumb"},"inLanguage":"fr-FR","potentialAction":[{"@type":"ReadAction","target":["https:\/\/www.bellunopress.it\/2026\/07\/13\/hydro-feltre-prolungata-la-cassa-integrazione\/"]}]},{"@type":"ImageObject","inLanguage":"fr-FR","@id":"https:\/\/www.bellunopress.it\/2026\/07\/13\/hydro-feltre-prolungata-la-cassa-integrazione\/#primaryimage","url":"https:\/\/www.bellunopress.it\/wp-content\/uploads\/2026\/07\/hydro-feltre.jpg","contentUrl":"https:\/\/www.bellunopress.it\/wp-content\/uploads\/2026\/07\/hydro-feltre.jpg","width":589,"height":383},{"@type":"BreadcrumbList","@id":"https:\/\/www.bellunopress.it\/2026\/07\/13\/hydro-feltre-prolungata-la-cassa-integrazione\/#breadcrumb","itemListElement":[{"@type":"ListItem","position":1,"name":"Home","item":"https:\/\/www.bellunopress.it\/"},{"@type":"ListItem","position":2,"name":"Hydro Feltre: prolungata la cassa integrazione"}]},{"@type":"WebSite","@id":"https:\/\/www.bellunopress.it\/#website","url":"https:\/\/www.bellunopress.it\/","name":"Bellunopress - Dolomiti","description":"e-mail: redazione@bellunopress.it","publisher":{"@id":"https:\/\/www.bellunopress.it\/#organization"},"potentialAction":[{"@type":"SearchAction","target":{"@type":"EntryPoint","urlTemplate":"https:\/\/www.bellunopress.it\/?s={search_term_string}"},"query-input":{"@type":"PropertyValueSpecification","valueRequired":true,"valueName":"search_term_string"}}],"inLanguage":"fr-FR"},{"@type":"Organization","@id":"https:\/\/www.bellunopress.it\/#organization","name":"Bellunopress","url":"https:\/\/www.bellunopress.it\/","logo":{"@type":"ImageObject","inLanguage":"fr-FR","@id":"https:\/\/www.bellunopress.it\/#\/schema\/logo\/image\/","url":"https:\/\/www.bellunopress.it\/wp-content\/uploads\/2011\/05\/cropped-logo-bellunopress-.jpg","contentUrl":"https:\/\/www.bellunopress.it\/wp-content\/uploads\/2011\/05\/cropped-logo-bellunopress-.jpg","width":512,"height":512,"caption":"Bellunopress"},"image":{"@id":"https:\/\/www.bellunopress.it\/#\/schema\/logo\/image\/"},"sameAs":["https:\/\/www.facebook.com\/profile.php?id=100008943462799","https:\/\/x.com\/bellunopress","https:\/\/www.linkedin.com\/hp\/?dnr=JBzUWaJfMUw8vbXJJ2tVW5-I3jZKvC4wsoxE&amp;amp;amp;amp;amp;amp;trk=nav_responsive_tab_home","https:\/\/www.youtube.com\/channel\/UCxL0wu1uN0_3_7hGG0306cw"]},{"@type":"Person","@id":"https:\/\/www.bellunopress.it\/#\/schema\/person\/79bb06722b37ece1c03d3e94beb30d73","name":"r\u00e9daction","image":{"@type":"ImageObject","inLanguage":"fr-FR","@id":"https:\/\/secure.gravatar.com\/avatar\/37d968a2e67a6fd04c169c4bdef102d0bc5d31b2546345219e348575eb80e9a0?s=96&d=mm&r=g","url":"https:\/\/secure.gravatar.com\/avatar\/37d968a2e67a6fd04c169c4bdef102d0bc5d31b2546345219e348575eb80e9a0?s=96&d=mm&r=g","contentUrl":"https:\/\/secure.gravatar.com\/avatar\/37d968a2e67a6fd04c169c4bdef102d0bc5d31b2546345219e348575eb80e9a0?s=96&d=mm&r=g","caption":"redazione"},"sameAs":["http:\/\/www.bellunopress.it","https:\/\/x.com\/bellunopress"],"url":"https:\/\/www.bellunopress.it\/fr\/author\/redazione\/"}]}},"_links":{"self":[{"href":"https:\/\/www.bellunopress.it\/fr\/wp-json\/wp\/v2\/posts\/171894","targetHints":{"allow":["GET"]}}],"collection":[{"href":"https:\/\/www.bellunopress.it\/fr\/wp-json\/wp\/v2\/posts"}],"about":[{"href":"https:\/\/www.bellunopress.it\/fr\/wp-json\/wp\/v2\/types\/post"}],"author":[{"embeddable":true,"href":"https:\/\/www.bellunopress.it\/fr\/wp-json\/wp\/v2\/users\/2"}],"replies":[{"embeddable":true,"href":"https:\/\/www.bellunopress.it\/fr\/wp-json\/wp\/v2\/comments?post=171894"}],"version-history":[{"count":1,"href":"https:\/\/www.bellunopress.it\/fr\/wp-json\/wp\/v2\/posts\/171894\/revisions"}],"predecessor-version":[{"id":171896,"href":"https:\/\/www.bellunopress.it\/fr\/wp-json\/wp\/v2\/posts\/171894\/revisions\/171896"}],"wp:featuredmedia":[{"embeddable":true,"href":"https:\/\/www.bellunopress.it\/fr\/wp-json\/wp\/v2\/media\/171895"}],"wp:attachment":[{"href":"https:\/\/www.bellunopress.it\/fr\/wp-json\/wp\/v2\/media?parent=171894"}],"wp:term":[{"taxonomy":"category","embeddable":true,"href":"https:\/\/www.bellunopress.it\/fr\/wp-json\/wp\/v2\/categories?post=171894"},{"taxonomy":"post_tag","embeddable":true,"href":"https:\/\/www.bellunopress.it\/fr\/wp-json\/wp\/v2\/tags?post=171894"}],"curies":[{"name":"wp","href":"https:\/\/api.w.org\/{rel}","templated":true}]}}