{"id":171888,"date":"2026-07-13T17:15:48","date_gmt":"2026-07-13T15:15:48","guid":{"rendered":"https:\/\/www.bellunopress.it\/?p=171888"},"modified":"2026-07-13T17:15:48","modified_gmt":"2026-07-13T15:15:48","slug":"i-voli-del-corvo-nanni-de-biasi-in-mostra-a-san-vito-di-cadore","status":"publish","type":"post","link":"https:\/\/www.bellunopress.it\/fr\/2026\/07\/13\/i-voli-del-corvo-nanni-de-biasi-in-mostra-a-san-vito-di-cadore\/","title":{"rendered":"&#8220;I voli del corvo&#8221;: Nanni De Biasi in mostra a San Vito di Cadore"},"content":{"rendered":"<p>L&#8217;arte torna protagonista nel cuore delle Dolomiti con la nuova mostra dedicata all&#8217;artista Nanni De Biasi, dal titolo suggestivo ed evocativo: &#8220;I voli del corvo&#8221;.<br \/>\nL&#8217;esposizione trover\u00e0 casa presso l&#8217;Area Espositiva Asilo Vecio di San Vito di Cadore, offrendo al pubblico un&#8217;immersione profonda nel paesaggio montano visto attraverso gli occhi e la sensibilit\u00e0 dell&#8217;artista.<\/p>\n<p>Dettagli dell&#8217;evento<br \/>\nTitolo: I voli del corvo<br \/>\nArtista: Nanni De Biasi<br \/>\nDate: Dal 25 luglio al 9 agosto 2026<br \/>\nLuogo: Area Espositiva Asilo Vecio, San Vito di Cadore<br \/>\nInaugurazione: 25 luglio, ore 17:00<br \/>\nOrari di apertura: Tutti i giorni, dalle 17:30 alle 19:30<\/p>\n<p>La mostra rappresenta un&#8217;occasione imperdibile per scoprire il legame intimo tra l&#8217;arte pittorica e le maestose vette bellunesi. Il tema scelto, &#8220;I voli del corvo&#8221;, richiama la natura selvatica e l&#8217;atmosfera austera e affascinante delle Dolomiti, elementi centrali che Nanni De Biasi sa trasporre sulla tela con maestria.<br \/>\nInvitiamo cittadini, turisti e appassionati d&#8217;arte a partecipare all&#8217;inaugurazione prevista per il 25 luglio alle ore 17:00, o a visitare la mostra nei giorni successivi per lasciarsi ispirare dalle opere in esposizione.<\/p>","protected":false},"excerpt":{"rendered":"<p>L&#8217;arte torna protagonista nel cuore delle Dolomiti con la nuova mostra dedicata all&#8217;artista Nanni De Biasi, dal titolo suggestivo ed evocativo: &#8220;I voli del corvo&#8221;. L&#8217;esposizione trover\u00e0 casa presso l&#8217;Area Espositiva Asilo Vecio di San Vito di Cadore, offrendo al pubblico un&#8217;immersione profonda nel paesaggio montano visto attraverso gli occhi e la sensibilit\u00e0 dell&#8217;artista. Dettagli [&hellip;]<\/p>\n","protected":false},"author":2,"featured_media":171889,"comment_status":"closed","ping_status":"open","sticky":false,"template":"","format":"standard","meta":{"footnotes":""},"categories":[27,3,25],"tags":[],"class_list":["post-171888","post","type-post","status-publish","format-standard","has-post-thumbnail","category-appuntamenti","category-arte-cultura-spettacoli-scienza-archivi","category-pausa-caffe"],"yoast_head":"<!-- This site is optimized with the Yoast SEO plugin v28.4 - https:\/\/yoast.com\/product\/yoast-seo-wordpress\/ -->\n<title>&quot;I voli del corvo&quot;: Nanni De Biasi in mostra a San Vito di Cadore - Bellunopress - Dolomiti<\/title>\n<meta name=\"robots\" content=\"index, follow, max-snippet:-1, max-image-preview:large, max-video-preview:-1\" \/>\n<link rel=\"canonical\" href=\"https:\/\/www.bellunopress.it\/fr\/2026\/07\/13\/i-voli-del-corvo-nanni-de-biasi-in-mostra-a-san-vito-di-cadore\/\" \/>\n<meta property=\"og:locale\" content=\"fr_FR\" \/>\n<meta property=\"og:type\" content=\"article\" \/>\n<meta property=\"og:title\" content=\"&quot;I voli del corvo&quot;: Nanni De Biasi in mostra a San Vito di Cadore - Bellunopress - Dolomiti\" \/>\n<meta property=\"og:description\" content=\"L&#8217;arte torna protagonista nel cuore delle Dolomiti con la nuova mostra dedicata all&#8217;artista Nanni De Biasi, dal titolo suggestivo ed evocativo: &#8220;I voli del corvo&#8221;. L&#8217;esposizione trover\u00e0 casa presso l&#8217;Area Espositiva Asilo Vecio di San Vito di Cadore, offrendo al pubblico un&#8217;immersione profonda nel paesaggio montano visto attraverso gli occhi e la sensibilit\u00e0 dell&#8217;artista. Dettagli [&hellip;]\" \/>\n<meta property=\"og:url\" content=\"https:\/\/www.bellunopress.it\/fr\/2026\/07\/13\/i-voli-del-corvo-nanni-de-biasi-in-mostra-a-san-vito-di-cadore\/\" \/>\n<meta property=\"og:site_name\" content=\"Bellunopress - Dolomiti\" \/>\n<meta property=\"article:publisher\" content=\"https:\/\/www.facebook.com\/profile.php?id=100008943462799\" \/>\n<meta property=\"article:published_time\" content=\"2026-07-13T15:15:48+00:00\" \/>\n<meta property=\"og:image\" content=\"https:\/\/www.bellunopress.it\/wp-content\/uploads\/2026\/07\/Nanni-de-biasi-i-voli-del-corvo.jpeg\" \/>\n\t<meta property=\"og:image:width\" content=\"424\" \/>\n\t<meta property=\"og:image:height\" content=\"600\" \/>\n\t<meta property=\"og:image:type\" content=\"image\/jpeg\" \/>\n<meta name=\"author\" content=\"redazione\" \/>\n<meta name=\"twitter:card\" content=\"summary_large_image\" \/>\n<meta name=\"twitter:creator\" content=\"@bellunopress\" \/>\n<meta name=\"twitter:site\" content=\"@bellunopress\" \/>\n<meta name=\"twitter:label1\" content=\"\u00c9crit par\" \/>\n\t<meta name=\"twitter:data1\" content=\"redazione\" \/>\n\t<meta name=\"twitter:label2\" content=\"Dur\u00e9e de lecture estim\u00e9e\" \/>\n\t<meta name=\"twitter:data2\" content=\"2 minutes\" \/>\n<script type=\"application\/ld+json\" class=\"yoast-schema-graph\">{\"@context\":\"https:\\\/\\\/schema.org\",\"@graph\":[{\"@type\":\"Article\",\"@id\":\"https:\\\/\\\/www.bellunopress.it\\\/2026\\\/07\\\/13\\\/i-voli-del-corvo-nanni-de-biasi-in-mostra-a-san-vito-di-cadore\\\/#article\",\"isPartOf\":{\"@id\":\"https:\\\/\\\/www.bellunopress.it\\\/2026\\\/07\\\/13\\\/i-voli-del-corvo-nanni-de-biasi-in-mostra-a-san-vito-di-cadore\\\/\"},\"author\":{\"name\":\"redazione\",\"@id\":\"https:\\\/\\\/www.bellunopress.it\\\/#\\\/schema\\\/person\\\/79bb06722b37ece1c03d3e94beb30d73\"},\"headline\":\"&#8220;I voli del corvo&#8221;: Nanni De Biasi in mostra a San Vito di Cadore\",\"datePublished\":\"2026-07-13T15:15:48+00:00\",\"mainEntityOfPage\":{\"@id\":\"https:\\\/\\\/www.bellunopress.it\\\/2026\\\/07\\\/13\\\/i-voli-del-corvo-nanni-de-biasi-in-mostra-a-san-vito-di-cadore\\\/\"},\"wordCount\":194,\"publisher\":{\"@id\":\"https:\\\/\\\/www.bellunopress.it\\\/#organization\"},\"image\":{\"@id\":\"https:\\\/\\\/www.bellunopress.it\\\/2026\\\/07\\\/13\\\/i-voli-del-corvo-nanni-de-biasi-in-mostra-a-san-vito-di-cadore\\\/#primaryimage\"},\"thumbnailUrl\":\"https:\\\/\\\/www.bellunopress.it\\\/wp-content\\\/uploads\\\/2026\\\/07\\\/Nanni-de-biasi-i-voli-del-corvo.jpeg\",\"articleSection\":[\"Appuntamenti, Eventi\",\"Arte, Cultura, Spettacoli, Scienza\",\"Pausa Caff\u00e8\"],\"inLanguage\":\"fr-FR\"},{\"@type\":\"WebPage\",\"@id\":\"https:\\\/\\\/www.bellunopress.it\\\/2026\\\/07\\\/13\\\/i-voli-del-corvo-nanni-de-biasi-in-mostra-a-san-vito-di-cadore\\\/\",\"url\":\"https:\\\/\\\/www.bellunopress.it\\\/2026\\\/07\\\/13\\\/i-voli-del-corvo-nanni-de-biasi-in-mostra-a-san-vito-di-cadore\\\/\",\"name\":\"\\\"I voli del corvo\\\": Nanni De Biasi in mostra a San Vito di Cadore - Bellunopress - Dolomiti\",\"isPartOf\":{\"@id\":\"https:\\\/\\\/www.bellunopress.it\\\/#website\"},\"primaryImageOfPage\":{\"@id\":\"https:\\\/\\\/www.bellunopress.it\\\/2026\\\/07\\\/13\\\/i-voli-del-corvo-nanni-de-biasi-in-mostra-a-san-vito-di-cadore\\\/#primaryimage\"},\"image\":{\"@id\":\"https:\\\/\\\/www.bellunopress.it\\\/2026\\\/07\\\/13\\\/i-voli-del-corvo-nanni-de-biasi-in-mostra-a-san-vito-di-cadore\\\/#primaryimage\"},\"thumbnailUrl\":\"https:\\\/\\\/www.bellunopress.it\\\/wp-content\\\/uploads\\\/2026\\\/07\\\/Nanni-de-biasi-i-voli-del-corvo.jpeg\",\"datePublished\":\"2026-07-13T15:15:48+00:00\",\"breadcrumb\":{\"@id\":\"https:\\\/\\\/www.bellunopress.it\\\/2026\\\/07\\\/13\\\/i-voli-del-corvo-nanni-de-biasi-in-mostra-a-san-vito-di-cadore\\\/#breadcrumb\"},\"inLanguage\":\"fr-FR\",\"potentialAction\":[{\"@type\":\"ReadAction\",\"target\":[\"https:\\\/\\\/www.bellunopress.it\\\/2026\\\/07\\\/13\\\/i-voli-del-corvo-nanni-de-biasi-in-mostra-a-san-vito-di-cadore\\\/\"]}]},{\"@type\":\"ImageObject\",\"inLanguage\":\"fr-FR\",\"@id\":\"https:\\\/\\\/www.bellunopress.it\\\/2026\\\/07\\\/13\\\/i-voli-del-corvo-nanni-de-biasi-in-mostra-a-san-vito-di-cadore\\\/#primaryimage\",\"url\":\"https:\\\/\\\/www.bellunopress.it\\\/wp-content\\\/uploads\\\/2026\\\/07\\\/Nanni-de-biasi-i-voli-del-corvo.jpeg\",\"contentUrl\":\"https:\\\/\\\/www.bellunopress.it\\\/wp-content\\\/uploads\\\/2026\\\/07\\\/Nanni-de-biasi-i-voli-del-corvo.jpeg\",\"width\":424,\"height\":600},{\"@type\":\"BreadcrumbList\",\"@id\":\"https:\\\/\\\/www.bellunopress.it\\\/2026\\\/07\\\/13\\\/i-voli-del-corvo-nanni-de-biasi-in-mostra-a-san-vito-di-cadore\\\/#breadcrumb\",\"itemListElement\":[{\"@type\":\"ListItem\",\"position\":1,\"name\":\"Home\",\"item\":\"https:\\\/\\\/www.bellunopress.it\\\/\"},{\"@type\":\"ListItem\",\"position\":2,\"name\":\"&#8220;I voli del corvo&#8221;: Nanni De Biasi in mostra a San Vito di Cadore\"}]},{\"@type\":\"WebSite\",\"@id\":\"https:\\\/\\\/www.bellunopress.it\\\/#website\",\"url\":\"https:\\\/\\\/www.bellunopress.it\\\/\",\"name\":\"Bellunopress - Dolomiti\",\"description\":\"e-mail: redazione@bellunopress.it\",\"publisher\":{\"@id\":\"https:\\\/\\\/www.bellunopress.it\\\/#organization\"},\"potentialAction\":[{\"@type\":\"SearchAction\",\"target\":{\"@type\":\"EntryPoint\",\"urlTemplate\":\"https:\\\/\\\/www.bellunopress.it\\\/?s={search_term_string}\"},\"query-input\":{\"@type\":\"PropertyValueSpecification\",\"valueRequired\":true,\"valueName\":\"search_term_string\"}}],\"inLanguage\":\"fr-FR\"},{\"@type\":\"Organization\",\"@id\":\"https:\\\/\\\/www.bellunopress.it\\\/#organization\",\"name\":\"Bellunopress\",\"url\":\"https:\\\/\\\/www.bellunopress.it\\\/\",\"logo\":{\"@type\":\"ImageObject\",\"inLanguage\":\"fr-FR\",\"@id\":\"https:\\\/\\\/www.bellunopress.it\\\/#\\\/schema\\\/logo\\\/image\\\/\",\"url\":\"https:\\\/\\\/www.bellunopress.it\\\/wp-content\\\/uploads\\\/2011\\\/05\\\/cropped-logo-bellunopress-.jpg\",\"contentUrl\":\"https:\\\/\\\/www.bellunopress.it\\\/wp-content\\\/uploads\\\/2011\\\/05\\\/cropped-logo-bellunopress-.jpg\",\"width\":512,\"height\":512,\"caption\":\"Bellunopress\"},\"image\":{\"@id\":\"https:\\\/\\\/www.bellunopress.it\\\/#\\\/schema\\\/logo\\\/image\\\/\"},\"sameAs\":[\"https:\\\/\\\/www.facebook.com\\\/profile.php?id=100008943462799\",\"https:\\\/\\\/x.com\\\/bellunopress\",\"https:\\\/\\\/www.linkedin.com\\\/hp\\\/?dnr=JBzUWaJfMUw8vbXJJ2tVW5-I3jZKvC4wsoxE&amp;amp;amp;amp;amp;amp;trk=nav_responsive_tab_home\",\"https:\\\/\\\/www.youtube.com\\\/channel\\\/UCxL0wu1uN0_3_7hGG0306cw\"]},{\"@type\":\"Person\",\"@id\":\"https:\\\/\\\/www.bellunopress.it\\\/#\\\/schema\\\/person\\\/79bb06722b37ece1c03d3e94beb30d73\",\"name\":\"redazione\",\"image\":{\"@type\":\"ImageObject\",\"inLanguage\":\"fr-FR\",\"@id\":\"https:\\\/\\\/secure.gravatar.com\\\/avatar\\\/37d968a2e67a6fd04c169c4bdef102d0bc5d31b2546345219e348575eb80e9a0?s=96&d=mm&r=g\",\"url\":\"https:\\\/\\\/secure.gravatar.com\\\/avatar\\\/37d968a2e67a6fd04c169c4bdef102d0bc5d31b2546345219e348575eb80e9a0?s=96&d=mm&r=g\",\"contentUrl\":\"https:\\\/\\\/secure.gravatar.com\\\/avatar\\\/37d968a2e67a6fd04c169c4bdef102d0bc5d31b2546345219e348575eb80e9a0?s=96&d=mm&r=g\",\"caption\":\"redazione\"},\"sameAs\":[\"http:\\\/\\\/www.bellunopress.it\",\"https:\\\/\\\/x.com\\\/bellunopress\"],\"url\":\"https:\\\/\\\/www.bellunopress.it\\\/fr\\\/author\\\/redazione\\\/\"}]}<\/script>\n<!-- \/ Yoast SEO plugin. -->","yoast_head_json":{"title":"\"I voli del corvo\": Nanni De Biasi in mostra a San Vito di Cadore - Bellunopress - Dolomiti","robots":{"index":"index","follow":"follow","max-snippet":"max-snippet:-1","max-image-preview":"max-image-preview:large","max-video-preview":"max-video-preview:-1"},"canonical":"https:\/\/www.bellunopress.it\/fr\/2026\/07\/13\/i-voli-del-corvo-nanni-de-biasi-in-mostra-a-san-vito-di-cadore\/","og_locale":"fr_FR","og_type":"article","og_title":"\"I voli del corvo\": Nanni De Biasi in mostra a San Vito di Cadore - Bellunopress - Dolomiti","og_description":"L&#8217;arte torna protagonista nel cuore delle Dolomiti con la nuova mostra dedicata all&#8217;artista Nanni De Biasi, dal titolo suggestivo ed evocativo: &#8220;I voli del corvo&#8221;. L&#8217;esposizione trover\u00e0 casa presso l&#8217;Area Espositiva Asilo Vecio di San Vito di Cadore, offrendo al pubblico un&#8217;immersione profonda nel paesaggio montano visto attraverso gli occhi e la sensibilit\u00e0 dell&#8217;artista. Dettagli [&hellip;]","og_url":"https:\/\/www.bellunopress.it\/fr\/2026\/07\/13\/i-voli-del-corvo-nanni-de-biasi-in-mostra-a-san-vito-di-cadore\/","og_site_name":"Bellunopress - Dolomiti","article_publisher":"https:\/\/www.facebook.com\/profile.php?id=100008943462799","article_published_time":"2026-07-13T15:15:48+00:00","og_image":[{"width":424,"height":600,"url":"https:\/\/www.bellunopress.it\/wp-content\/uploads\/2026\/07\/Nanni-de-biasi-i-voli-del-corvo.jpeg","type":"image\/jpeg"}],"author":"redazione","twitter_card":"summary_large_image","twitter_creator":"@bellunopress","twitter_site":"@bellunopress","twitter_misc":{"\u00c9crit par":"redazione","Dur\u00e9e de lecture estim\u00e9e":"2 minutes"},"schema":{"@context":"https:\/\/schema.org","@graph":[{"@type":"Article","@id":"https:\/\/www.bellunopress.it\/2026\/07\/13\/i-voli-del-corvo-nanni-de-biasi-in-mostra-a-san-vito-di-cadore\/#article","isPartOf":{"@id":"https:\/\/www.bellunopress.it\/2026\/07\/13\/i-voli-del-corvo-nanni-de-biasi-in-mostra-a-san-vito-di-cadore\/"},"author":{"name":"redazione","@id":"https:\/\/www.bellunopress.it\/#\/schema\/person\/79bb06722b37ece1c03d3e94beb30d73"},"headline":"&#8220;I voli del corvo&#8221;: Nanni De Biasi in mostra a San Vito di Cadore","datePublished":"2026-07-13T15:15:48+00:00","mainEntityOfPage":{"@id":"https:\/\/www.bellunopress.it\/2026\/07\/13\/i-voli-del-corvo-nanni-de-biasi-in-mostra-a-san-vito-di-cadore\/"},"wordCount":194,"publisher":{"@id":"https:\/\/www.bellunopress.it\/#organization"},"image":{"@id":"https:\/\/www.bellunopress.it\/2026\/07\/13\/i-voli-del-corvo-nanni-de-biasi-in-mostra-a-san-vito-di-cadore\/#primaryimage"},"thumbnailUrl":"https:\/\/www.bellunopress.it\/wp-content\/uploads\/2026\/07\/Nanni-de-biasi-i-voli-del-corvo.jpeg","articleSection":["Appuntamenti, Eventi","Arte, Cultura, Spettacoli, Scienza","Pausa Caff\u00e8"],"inLanguage":"fr-FR"},{"@type":"WebPage","@id":"https:\/\/www.bellunopress.it\/2026\/07\/13\/i-voli-del-corvo-nanni-de-biasi-in-mostra-a-san-vito-di-cadore\/","url":"https:\/\/www.bellunopress.it\/2026\/07\/13\/i-voli-del-corvo-nanni-de-biasi-in-mostra-a-san-vito-di-cadore\/","name":"\"I voli del corvo\": Nanni De Biasi in mostra a San Vito di Cadore - Bellunopress - Dolomiti","isPartOf":{"@id":"https:\/\/www.bellunopress.it\/#website"},"primaryImageOfPage":{"@id":"https:\/\/www.bellunopress.it\/2026\/07\/13\/i-voli-del-corvo-nanni-de-biasi-in-mostra-a-san-vito-di-cadore\/#primaryimage"},"image":{"@id":"https:\/\/www.bellunopress.it\/2026\/07\/13\/i-voli-del-corvo-nanni-de-biasi-in-mostra-a-san-vito-di-cadore\/#primaryimage"},"thumbnailUrl":"https:\/\/www.bellunopress.it\/wp-content\/uploads\/2026\/07\/Nanni-de-biasi-i-voli-del-corvo.jpeg","datePublished":"2026-07-13T15:15:48+00:00","breadcrumb":{"@id":"https:\/\/www.bellunopress.it\/2026\/07\/13\/i-voli-del-corvo-nanni-de-biasi-in-mostra-a-san-vito-di-cadore\/#breadcrumb"},"inLanguage":"fr-FR","potentialAction":[{"@type":"ReadAction","target":["https:\/\/www.bellunopress.it\/2026\/07\/13\/i-voli-del-corvo-nanni-de-biasi-in-mostra-a-san-vito-di-cadore\/"]}]},{"@type":"ImageObject","inLanguage":"fr-FR","@id":"https:\/\/www.bellunopress.it\/2026\/07\/13\/i-voli-del-corvo-nanni-de-biasi-in-mostra-a-san-vito-di-cadore\/#primaryimage","url":"https:\/\/www.bellunopress.it\/wp-content\/uploads\/2026\/07\/Nanni-de-biasi-i-voli-del-corvo.jpeg","contentUrl":"https:\/\/www.bellunopress.it\/wp-content\/uploads\/2026\/07\/Nanni-de-biasi-i-voli-del-corvo.jpeg","width":424,"height":600},{"@type":"BreadcrumbList","@id":"https:\/\/www.bellunopress.it\/2026\/07\/13\/i-voli-del-corvo-nanni-de-biasi-in-mostra-a-san-vito-di-cadore\/#breadcrumb","itemListElement":[{"@type":"ListItem","position":1,"name":"Home","item":"https:\/\/www.bellunopress.it\/"},{"@type":"ListItem","position":2,"name":"&#8220;I voli del corvo&#8221;: Nanni De Biasi in mostra a San Vito di Cadore"}]},{"@type":"WebSite","@id":"https:\/\/www.bellunopress.it\/#website","url":"https:\/\/www.bellunopress.it\/","name":"Bellunopress - Dolomiti","description":"e-mail: redazione@bellunopress.it","publisher":{"@id":"https:\/\/www.bellunopress.it\/#organization"},"potentialAction":[{"@type":"SearchAction","target":{"@type":"EntryPoint","urlTemplate":"https:\/\/www.bellunopress.it\/?s={search_term_string}"},"query-input":{"@type":"PropertyValueSpecification","valueRequired":true,"valueName":"search_term_string"}}],"inLanguage":"fr-FR"},{"@type":"Organization","@id":"https:\/\/www.bellunopress.it\/#organization","name":"Bellunopress","url":"https:\/\/www.bellunopress.it\/","logo":{"@type":"ImageObject","inLanguage":"fr-FR","@id":"https:\/\/www.bellunopress.it\/#\/schema\/logo\/image\/","url":"https:\/\/www.bellunopress.it\/wp-content\/uploads\/2011\/05\/cropped-logo-bellunopress-.jpg","contentUrl":"https:\/\/www.bellunopress.it\/wp-content\/uploads\/2011\/05\/cropped-logo-bellunopress-.jpg","width":512,"height":512,"caption":"Bellunopress"},"image":{"@id":"https:\/\/www.bellunopress.it\/#\/schema\/logo\/image\/"},"sameAs":["https:\/\/www.facebook.com\/profile.php?id=100008943462799","https:\/\/x.com\/bellunopress","https:\/\/www.linkedin.com\/hp\/?dnr=JBzUWaJfMUw8vbXJJ2tVW5-I3jZKvC4wsoxE&amp;amp;amp;amp;amp;amp;trk=nav_responsive_tab_home","https:\/\/www.youtube.com\/channel\/UCxL0wu1uN0_3_7hGG0306cw"]},{"@type":"Person","@id":"https:\/\/www.bellunopress.it\/#\/schema\/person\/79bb06722b37ece1c03d3e94beb30d73","name":"r\u00e9daction","image":{"@type":"ImageObject","inLanguage":"fr-FR","@id":"https:\/\/secure.gravatar.com\/avatar\/37d968a2e67a6fd04c169c4bdef102d0bc5d31b2546345219e348575eb80e9a0?s=96&d=mm&r=g","url":"https:\/\/secure.gravatar.com\/avatar\/37d968a2e67a6fd04c169c4bdef102d0bc5d31b2546345219e348575eb80e9a0?s=96&d=mm&r=g","contentUrl":"https:\/\/secure.gravatar.com\/avatar\/37d968a2e67a6fd04c169c4bdef102d0bc5d31b2546345219e348575eb80e9a0?s=96&d=mm&r=g","caption":"redazione"},"sameAs":["http:\/\/www.bellunopress.it","https:\/\/x.com\/bellunopress"],"url":"https:\/\/www.bellunopress.it\/fr\/author\/redazione\/"}]}},"_links":{"self":[{"href":"https:\/\/www.bellunopress.it\/fr\/wp-json\/wp\/v2\/posts\/171888","targetHints":{"allow":["GET"]}}],"collection":[{"href":"https:\/\/www.bellunopress.it\/fr\/wp-json\/wp\/v2\/posts"}],"about":[{"href":"https:\/\/www.bellunopress.it\/fr\/wp-json\/wp\/v2\/types\/post"}],"author":[{"embeddable":true,"href":"https:\/\/www.bellunopress.it\/fr\/wp-json\/wp\/v2\/users\/2"}],"replies":[{"embeddable":true,"href":"https:\/\/www.bellunopress.it\/fr\/wp-json\/wp\/v2\/comments?post=171888"}],"version-history":[{"count":1,"href":"https:\/\/www.bellunopress.it\/fr\/wp-json\/wp\/v2\/posts\/171888\/revisions"}],"predecessor-version":[{"id":171890,"href":"https:\/\/www.bellunopress.it\/fr\/wp-json\/wp\/v2\/posts\/171888\/revisions\/171890"}],"wp:featuredmedia":[{"embeddable":true,"href":"https:\/\/www.bellunopress.it\/fr\/wp-json\/wp\/v2\/media\/171889"}],"wp:attachment":[{"href":"https:\/\/www.bellunopress.it\/fr\/wp-json\/wp\/v2\/media?parent=171888"}],"wp:term":[{"taxonomy":"category","embeddable":true,"href":"https:\/\/www.bellunopress.it\/fr\/wp-json\/wp\/v2\/categories?post=171888"},{"taxonomy":"post_tag","embeddable":true,"href":"https:\/\/www.bellunopress.it\/fr\/wp-json\/wp\/v2\/tags?post=171888"}],"curies":[{"name":"wp","href":"https:\/\/api.w.org\/{rel}","templated":true}]}}