{"id":171885,"date":"2026-07-13T16:33:19","date_gmt":"2026-07-13T14:33:19","guid":{"rendered":"https:\/\/www.bellunopress.it\/?p=171885"},"modified":"2026-07-13T16:33:19","modified_gmt":"2026-07-13T14:33:19","slug":"tre-medaglie-doro-al-concorso-enologico-internazionale-citta-del-vino-2026-per-podere-aurin-di-fonzaso","status":"publish","type":"post","link":"https:\/\/www.bellunopress.it\/fr\/2026\/07\/13\/tre-medaglie-doro-al-concorso-enologico-internazionale-citta-del-vino-2026-per-podere-aurin-di-fonzaso\/","title":{"rendered":"Tre medaglie d&#8217;oro al Concorso Enologico Internazionale \u201cCitt\u00e0 del Vino\u201d 2026 per Podere Aurin di Fonzaso"},"content":{"rendered":"<p><strong>Premiati il Prosecco Brut, il Prosecco Extra Dry e il Grillo di Sicilia. La cerimonia di consegna dei riconoscimenti si \u00e8 svolta in Campidoglio a Roma<\/strong><\/p>\n<p>Fonzaso, 13 luglio 2026 &#8211;\u00a0Tre medaglie d&#8217;oro premiano la qualit\u00e0 dei vini di Podere Aurin di Fonzaso alla XXIV edizione del Concorso Enologico Internazionale Citt\u00e0 del Vino\u201d 2026, tra i principali appuntamenti dedicati alla valorizzazione delle produzioni vitivinicole italiane. La cerimonia di premiazione si \u00e8 svolta sabato scorso, 11 luglio, in Campidoglio, a Roma, alla presenza del ministro dell&#8217;Agricoltura, della Sovranit\u00e0 alimentare e delle Foreste, Francesco Lollobrigida.<br \/>\nL&#8217;azienda bellunese conquista il massimo riconoscimento con tre etichette: Prosecco Brut, Prosecco Extra Dry e Grillo di Sicilia, confermando la qualit\u00e0 di una produzione che unisce l&#8217;esperienza maturata in Veneto alla valorizzazione di uno dei vitigni simbolo della Sicilia.<\/p>\n<p>Il Prosecco Brut si distingue per freschezza, eleganza e vivace mineralit\u00e0, caratteristiche che lo rendono ideale come aperitivo e in abbinamento a piatti delicati. Il Prosecco Extra Dry offre un profilo pi\u00f9 morbido e aromatico, con note di mela, pera e fiori bianchi, mantenendo un ottimo equilibrio gustativo. Il Grillo di Sicilia, infine, esprime profumi intensi di agrumi e frutta a polpa gialla, accompagnati da una piacevole sapidit\u00e0 e da una buona struttura, qualit\u00e0 che ne fanno uno dei bianchi pi\u00f9 rappresentativi dell&#8217;enologia siciliana.<br \/>\nOrganizzato dall&#8217;Associazione Nazionale Citt\u00e0 del Vino con l&#8217;autorizzazione del Masaf e il supporto scientifico dell&#8217;Organizzazione Internazionale della Vite e del Vino (OIV), il concorso vede i vini in gara valutati da una commissione internazionale composta da enologi, buyer, giornalisti ed esperti del settore.<br \/>\n\u201cRicevere tre medaglie d&#8217;oro in un concorso di questo livello ci rende particolarmente orgogliosi\u00bb, afferma Gianni Gorza, titolare di Podere Aurin, presente alla cerimonia di premiazione con la moglie Maria Teresa. \u00ab\u00c8 un risultato che premia il lavoro quotidiano svolto da tutta la squadra e conferma la scelta di investire sulla qualit\u00e0, sul rispetto dei territori e sulla cura di ogni fase della produzione. Questo riconoscimento appartiene ai nostri collaboratori, ai partner commerciali e a tutti i clienti che continuano a darci fiducia\u201d.<\/p>\n<p>Soddisfazione esprime anche il sindaco di Fonzaso, Christian Pasa. \u201cQuesto straordinario riconoscimento nazionale ed internazionale ci riempie di orgoglio e dimostra la vivacit\u00e0 e la qualit\u00e0 assoluta del nostro comparto produttivo vitivinicolo. Quando un&#8217;azienda locale come Podere Aurin della famiglia Gorza raggiunge i massimi livelli in sedi come quella del Campidoglio, a beneficiare \u00e8 l&#8217;intera comunit\u00e0 di Fonzaso, che si conferma terra capace di esprimere eccellenze e di dialogare con i grandi mercati. Come amministrazione, siamo fieri di questo connubio virtuoso tra impresa, passione e identit\u00e0 locale, e continueremo a sostenere i nostri produttori che portano il nome di Fonzaso nel mondo\u201d.<br \/>\nAlle congratulazioni si unisce anche l&#8217;assessore regionale all&#8217;Agricoltura e alla Montagna del Veneto, Dario Bond. \u201cLe tre medaglie conquistate da Podere Aurin rappresentano un importante riconoscimento per un&#8217;azienda che investe nella qualit\u00e0 e nell&#8217;innovazione. Successi come questo rafforzano il prestigio del comparto vitivinicolo veneto, feltrino e bellunese e dimostrano quanto il legame tra impresa e territorio possa generare valore e nuove opportunit\u00e0 di promozione\u201d.<\/p>","protected":false},"excerpt":{"rendered":"<p>Premiati il Prosecco Brut, il Prosecco Extra Dry e il Grillo di Sicilia. La cerimonia di consegna dei riconoscimenti si \u00e8 svolta in Campidoglio a Roma Fonzaso, 13 luglio 2026 &#8211;\u00a0Tre medaglie d&#8217;oro premiano la qualit\u00e0 dei vini di Podere Aurin di Fonzaso alla XXIV edizione del Concorso Enologico Internazionale Citt\u00e0 del Vino\u201d 2026, tra [&hellip;]<\/p>\n","protected":false},"author":2,"featured_media":171886,"comment_status":"closed","ping_status":"open","sticky":false,"template":"","format":"standard","meta":{"footnotes":""},"categories":[3393],"tags":[],"class_list":["post-171885","post","type-post","status-publish","format-standard","has-post-thumbnail","category-eventi-enogastronomici"],"yoast_head":"<!-- This site is optimized with the Yoast SEO plugin v28.4 - https:\/\/yoast.com\/product\/yoast-seo-wordpress\/ -->\n<title>Tre medaglie d&#039;oro al Concorso Enologico Internazionale \u201cCitt\u00e0 del Vino\u201d 2026 per Podere Aurin di Fonzaso - Bellunopress - Dolomiti<\/title>\n<meta name=\"robots\" content=\"index, follow, max-snippet:-1, max-image-preview:large, max-video-preview:-1\" \/>\n<link rel=\"canonical\" href=\"https:\/\/www.bellunopress.it\/fr\/2026\/07\/13\/tre-medaglie-doro-al-concorso-enologico-internazionale-citta-del-vino-2026-per-podere-aurin-di-fonzaso\/\" \/>\n<meta property=\"og:locale\" content=\"fr_FR\" \/>\n<meta property=\"og:type\" content=\"article\" \/>\n<meta property=\"og:title\" content=\"Tre medaglie d&#039;oro al Concorso Enologico Internazionale \u201cCitt\u00e0 del Vino\u201d 2026 per Podere Aurin di Fonzaso - Bellunopress - Dolomiti\" \/>\n<meta property=\"og:description\" content=\"Premiati il Prosecco Brut, il Prosecco Extra Dry e il Grillo di Sicilia. La cerimonia di consegna dei riconoscimenti si \u00e8 svolta in Campidoglio a Roma Fonzaso, 13 luglio 2026 &#8211;\u00a0Tre medaglie d&#8217;oro premiano la qualit\u00e0 dei vini di Podere Aurin di Fonzaso alla XXIV edizione del Concorso Enologico Internazionale Citt\u00e0 del Vino\u201d 2026, tra [&hellip;]\" \/>\n<meta property=\"og:url\" content=\"https:\/\/www.bellunopress.it\/fr\/2026\/07\/13\/tre-medaglie-doro-al-concorso-enologico-internazionale-citta-del-vino-2026-per-podere-aurin-di-fonzaso\/\" \/>\n<meta property=\"og:site_name\" content=\"Bellunopress - Dolomiti\" \/>\n<meta property=\"article:publisher\" content=\"https:\/\/www.facebook.com\/profile.php?id=100008943462799\" \/>\n<meta property=\"article:published_time\" content=\"2026-07-13T14:33:19+00:00\" \/>\n<meta property=\"og:image\" content=\"https:\/\/www.bellunopress.it\/wp-content\/uploads\/2026\/07\/Premiazioni-Concorso-Citta-del-Vino-Podere-Aurin-Fonzaso.jpg\" \/>\n\t<meta property=\"og:image:width\" content=\"500\" \/>\n\t<meta property=\"og:image:height\" content=\"372\" \/>\n\t<meta property=\"og:image:type\" content=\"image\/jpeg\" \/>\n<meta name=\"author\" content=\"redazione\" \/>\n<meta name=\"twitter:card\" content=\"summary_large_image\" \/>\n<meta name=\"twitter:creator\" content=\"@bellunopress\" \/>\n<meta name=\"twitter:site\" content=\"@bellunopress\" \/>\n<meta name=\"twitter:label1\" content=\"Written by\" \/>\n\t<meta name=\"twitter:data1\" content=\"redazione\" \/>\n\t<meta name=\"twitter:label2\" content=\"Est. reading time\" \/>\n\t<meta name=\"twitter:data2\" content=\"3 minutes\" \/>\n<script type=\"application\/ld+json\" class=\"yoast-schema-graph\">{\"@context\":\"https:\\\/\\\/schema.org\",\"@graph\":[{\"@type\":\"Article\",\"@id\":\"https:\\\/\\\/www.bellunopress.it\\\/2026\\\/07\\\/13\\\/tre-medaglie-doro-al-concorso-enologico-internazionale-citta-del-vino-2026-per-podere-aurin-di-fonzaso\\\/#article\",\"isPartOf\":{\"@id\":\"https:\\\/\\\/www.bellunopress.it\\\/2026\\\/07\\\/13\\\/tre-medaglie-doro-al-concorso-enologico-internazionale-citta-del-vino-2026-per-podere-aurin-di-fonzaso\\\/\"},\"author\":{\"name\":\"redazione\",\"@id\":\"https:\\\/\\\/www.bellunopress.it\\\/#\\\/schema\\\/person\\\/79bb06722b37ece1c03d3e94beb30d73\"},\"headline\":\"Tre medaglie d&#8217;oro al Concorso Enologico Internazionale \u201cCitt\u00e0 del Vino\u201d 2026 per Podere Aurin di Fonzaso\",\"datePublished\":\"2026-07-13T14:33:19+00:00\",\"mainEntityOfPage\":{\"@id\":\"https:\\\/\\\/www.bellunopress.it\\\/2026\\\/07\\\/13\\\/tre-medaglie-doro-al-concorso-enologico-internazionale-citta-del-vino-2026-per-podere-aurin-di-fonzaso\\\/\"},\"wordCount\":532,\"publisher\":{\"@id\":\"https:\\\/\\\/www.bellunopress.it\\\/#organization\"},\"image\":{\"@id\":\"https:\\\/\\\/www.bellunopress.it\\\/2026\\\/07\\\/13\\\/tre-medaglie-doro-al-concorso-enologico-internazionale-citta-del-vino-2026-per-podere-aurin-di-fonzaso\\\/#primaryimage\"},\"thumbnailUrl\":\"https:\\\/\\\/www.bellunopress.it\\\/wp-content\\\/uploads\\\/2026\\\/07\\\/Premiazioni-Concorso-Citta-del-Vino-Podere-Aurin-Fonzaso.jpg\",\"articleSection\":[\"Eventi enogastronomici\"],\"inLanguage\":\"fr-FR\"},{\"@type\":\"WebPage\",\"@id\":\"https:\\\/\\\/www.bellunopress.it\\\/2026\\\/07\\\/13\\\/tre-medaglie-doro-al-concorso-enologico-internazionale-citta-del-vino-2026-per-podere-aurin-di-fonzaso\\\/\",\"url\":\"https:\\\/\\\/www.bellunopress.it\\\/2026\\\/07\\\/13\\\/tre-medaglie-doro-al-concorso-enologico-internazionale-citta-del-vino-2026-per-podere-aurin-di-fonzaso\\\/\",\"name\":\"Tre medaglie d'oro al Concorso Enologico Internazionale \u201cCitt\u00e0 del Vino\u201d 2026 per Podere Aurin di Fonzaso - Bellunopress - Dolomiti\",\"isPartOf\":{\"@id\":\"https:\\\/\\\/www.bellunopress.it\\\/#website\"},\"primaryImageOfPage\":{\"@id\":\"https:\\\/\\\/www.bellunopress.it\\\/2026\\\/07\\\/13\\\/tre-medaglie-doro-al-concorso-enologico-internazionale-citta-del-vino-2026-per-podere-aurin-di-fonzaso\\\/#primaryimage\"},\"image\":{\"@id\":\"https:\\\/\\\/www.bellunopress.it\\\/2026\\\/07\\\/13\\\/tre-medaglie-doro-al-concorso-enologico-internazionale-citta-del-vino-2026-per-podere-aurin-di-fonzaso\\\/#primaryimage\"},\"thumbnailUrl\":\"https:\\\/\\\/www.bellunopress.it\\\/wp-content\\\/uploads\\\/2026\\\/07\\\/Premiazioni-Concorso-Citta-del-Vino-Podere-Aurin-Fonzaso.jpg\",\"datePublished\":\"2026-07-13T14:33:19+00:00\",\"breadcrumb\":{\"@id\":\"https:\\\/\\\/www.bellunopress.it\\\/2026\\\/07\\\/13\\\/tre-medaglie-doro-al-concorso-enologico-internazionale-citta-del-vino-2026-per-podere-aurin-di-fonzaso\\\/#breadcrumb\"},\"inLanguage\":\"fr-FR\",\"potentialAction\":[{\"@type\":\"ReadAction\",\"target\":[\"https:\\\/\\\/www.bellunopress.it\\\/2026\\\/07\\\/13\\\/tre-medaglie-doro-al-concorso-enologico-internazionale-citta-del-vino-2026-per-podere-aurin-di-fonzaso\\\/\"]}]},{\"@type\":\"ImageObject\",\"inLanguage\":\"fr-FR\",\"@id\":\"https:\\\/\\\/www.bellunopress.it\\\/2026\\\/07\\\/13\\\/tre-medaglie-doro-al-concorso-enologico-internazionale-citta-del-vino-2026-per-podere-aurin-di-fonzaso\\\/#primaryimage\",\"url\":\"https:\\\/\\\/www.bellunopress.it\\\/wp-content\\\/uploads\\\/2026\\\/07\\\/Premiazioni-Concorso-Citta-del-Vino-Podere-Aurin-Fonzaso.jpg\",\"contentUrl\":\"https:\\\/\\\/www.bellunopress.it\\\/wp-content\\\/uploads\\\/2026\\\/07\\\/Premiazioni-Concorso-Citta-del-Vino-Podere-Aurin-Fonzaso.jpg\",\"width\":500,\"height\":372},{\"@type\":\"BreadcrumbList\",\"@id\":\"https:\\\/\\\/www.bellunopress.it\\\/2026\\\/07\\\/13\\\/tre-medaglie-doro-al-concorso-enologico-internazionale-citta-del-vino-2026-per-podere-aurin-di-fonzaso\\\/#breadcrumb\",\"itemListElement\":[{\"@type\":\"ListItem\",\"position\":1,\"name\":\"Home\",\"item\":\"https:\\\/\\\/www.bellunopress.it\\\/\"},{\"@type\":\"ListItem\",\"position\":2,\"name\":\"Tre medaglie d&#8217;oro al Concorso Enologico Internazionale \u201cCitt\u00e0 del Vino\u201d 2026 per Podere Aurin di Fonzaso\"}]},{\"@type\":\"WebSite\",\"@id\":\"https:\\\/\\\/www.bellunopress.it\\\/#website\",\"url\":\"https:\\\/\\\/www.bellunopress.it\\\/\",\"name\":\"Bellunopress - Dolomiti\",\"description\":\"e-mail: redazione@bellunopress.it\",\"publisher\":{\"@id\":\"https:\\\/\\\/www.bellunopress.it\\\/#organization\"},\"potentialAction\":[{\"@type\":\"SearchAction\",\"target\":{\"@type\":\"EntryPoint\",\"urlTemplate\":\"https:\\\/\\\/www.bellunopress.it\\\/?s={search_term_string}\"},\"query-input\":{\"@type\":\"PropertyValueSpecification\",\"valueRequired\":true,\"valueName\":\"search_term_string\"}}],\"inLanguage\":\"fr-FR\"},{\"@type\":\"Organization\",\"@id\":\"https:\\\/\\\/www.bellunopress.it\\\/#organization\",\"name\":\"Bellunopress\",\"url\":\"https:\\\/\\\/www.bellunopress.it\\\/\",\"logo\":{\"@type\":\"ImageObject\",\"inLanguage\":\"fr-FR\",\"@id\":\"https:\\\/\\\/www.bellunopress.it\\\/#\\\/schema\\\/logo\\\/image\\\/\",\"url\":\"https:\\\/\\\/www.bellunopress.it\\\/wp-content\\\/uploads\\\/2011\\\/05\\\/cropped-logo-bellunopress-.jpg\",\"contentUrl\":\"https:\\\/\\\/www.bellunopress.it\\\/wp-content\\\/uploads\\\/2011\\\/05\\\/cropped-logo-bellunopress-.jpg\",\"width\":512,\"height\":512,\"caption\":\"Bellunopress\"},\"image\":{\"@id\":\"https:\\\/\\\/www.bellunopress.it\\\/#\\\/schema\\\/logo\\\/image\\\/\"},\"sameAs\":[\"https:\\\/\\\/www.facebook.com\\\/profile.php?id=100008943462799\",\"https:\\\/\\\/x.com\\\/bellunopress\",\"https:\\\/\\\/www.linkedin.com\\\/hp\\\/?dnr=JBzUWaJfMUw8vbXJJ2tVW5-I3jZKvC4wsoxE&amp;amp;amp;amp;amp;amp;trk=nav_responsive_tab_home\",\"https:\\\/\\\/www.youtube.com\\\/channel\\\/UCxL0wu1uN0_3_7hGG0306cw\"]},{\"@type\":\"Person\",\"@id\":\"https:\\\/\\\/www.bellunopress.it\\\/#\\\/schema\\\/person\\\/79bb06722b37ece1c03d3e94beb30d73\",\"name\":\"redazione\",\"image\":{\"@type\":\"ImageObject\",\"inLanguage\":\"fr-FR\",\"@id\":\"https:\\\/\\\/secure.gravatar.com\\\/avatar\\\/37d968a2e67a6fd04c169c4bdef102d0bc5d31b2546345219e348575eb80e9a0?s=96&d=mm&r=g\",\"url\":\"https:\\\/\\\/secure.gravatar.com\\\/avatar\\\/37d968a2e67a6fd04c169c4bdef102d0bc5d31b2546345219e348575eb80e9a0?s=96&d=mm&r=g\",\"contentUrl\":\"https:\\\/\\\/secure.gravatar.com\\\/avatar\\\/37d968a2e67a6fd04c169c4bdef102d0bc5d31b2546345219e348575eb80e9a0?s=96&d=mm&r=g\",\"caption\":\"redazione\"},\"sameAs\":[\"http:\\\/\\\/www.bellunopress.it\",\"https:\\\/\\\/x.com\\\/bellunopress\"],\"url\":\"https:\\\/\\\/www.bellunopress.it\\\/fr\\\/author\\\/redazione\\\/\"}]}<\/script>\n<!-- \/ Yoast SEO plugin. -->","yoast_head_json":{"title":"Tre medaglie d'oro al Concorso Enologico Internazionale \u201cCitt\u00e0 del Vino\u201d 2026 per Podere Aurin di Fonzaso - Bellunopress - Dolomiti","robots":{"index":"index","follow":"follow","max-snippet":"max-snippet:-1","max-image-preview":"max-image-preview:large","max-video-preview":"max-video-preview:-1"},"canonical":"https:\/\/www.bellunopress.it\/fr\/2026\/07\/13\/tre-medaglie-doro-al-concorso-enologico-internazionale-citta-del-vino-2026-per-podere-aurin-di-fonzaso\/","og_locale":"fr_FR","og_type":"article","og_title":"Tre medaglie d'oro al Concorso Enologico Internazionale \u201cCitt\u00e0 del Vino\u201d 2026 per Podere Aurin di Fonzaso - Bellunopress - Dolomiti","og_description":"Premiati il Prosecco Brut, il Prosecco Extra Dry e il Grillo di Sicilia. La cerimonia di consegna dei riconoscimenti si \u00e8 svolta in Campidoglio a Roma Fonzaso, 13 luglio 2026 &#8211;\u00a0Tre medaglie d&#8217;oro premiano la qualit\u00e0 dei vini di Podere Aurin di Fonzaso alla XXIV edizione del Concorso Enologico Internazionale Citt\u00e0 del Vino\u201d 2026, tra [&hellip;]","og_url":"https:\/\/www.bellunopress.it\/fr\/2026\/07\/13\/tre-medaglie-doro-al-concorso-enologico-internazionale-citta-del-vino-2026-per-podere-aurin-di-fonzaso\/","og_site_name":"Bellunopress - Dolomiti","article_publisher":"https:\/\/www.facebook.com\/profile.php?id=100008943462799","article_published_time":"2026-07-13T14:33:19+00:00","og_image":[{"width":500,"height":372,"url":"https:\/\/www.bellunopress.it\/wp-content\/uploads\/2026\/07\/Premiazioni-Concorso-Citta-del-Vino-Podere-Aurin-Fonzaso.jpg","type":"image\/jpeg"}],"author":"redazione","twitter_card":"summary_large_image","twitter_creator":"@bellunopress","twitter_site":"@bellunopress","twitter_misc":{"Written by":"redazione","Est. reading time":"3 minutes"},"schema":{"@context":"https:\/\/schema.org","@graph":[{"@type":"Article","@id":"https:\/\/www.bellunopress.it\/2026\/07\/13\/tre-medaglie-doro-al-concorso-enologico-internazionale-citta-del-vino-2026-per-podere-aurin-di-fonzaso\/#article","isPartOf":{"@id":"https:\/\/www.bellunopress.it\/2026\/07\/13\/tre-medaglie-doro-al-concorso-enologico-internazionale-citta-del-vino-2026-per-podere-aurin-di-fonzaso\/"},"author":{"name":"redazione","@id":"https:\/\/www.bellunopress.it\/#\/schema\/person\/79bb06722b37ece1c03d3e94beb30d73"},"headline":"Tre medaglie d&#8217;oro al Concorso Enologico Internazionale \u201cCitt\u00e0 del Vino\u201d 2026 per Podere Aurin di Fonzaso","datePublished":"2026-07-13T14:33:19+00:00","mainEntityOfPage":{"@id":"https:\/\/www.bellunopress.it\/2026\/07\/13\/tre-medaglie-doro-al-concorso-enologico-internazionale-citta-del-vino-2026-per-podere-aurin-di-fonzaso\/"},"wordCount":532,"publisher":{"@id":"https:\/\/www.bellunopress.it\/#organization"},"image":{"@id":"https:\/\/www.bellunopress.it\/2026\/07\/13\/tre-medaglie-doro-al-concorso-enologico-internazionale-citta-del-vino-2026-per-podere-aurin-di-fonzaso\/#primaryimage"},"thumbnailUrl":"https:\/\/www.bellunopress.it\/wp-content\/uploads\/2026\/07\/Premiazioni-Concorso-Citta-del-Vino-Podere-Aurin-Fonzaso.jpg","articleSection":["Eventi enogastronomici"],"inLanguage":"fr-FR"},{"@type":"WebPage","@id":"https:\/\/www.bellunopress.it\/2026\/07\/13\/tre-medaglie-doro-al-concorso-enologico-internazionale-citta-del-vino-2026-per-podere-aurin-di-fonzaso\/","url":"https:\/\/www.bellunopress.it\/2026\/07\/13\/tre-medaglie-doro-al-concorso-enologico-internazionale-citta-del-vino-2026-per-podere-aurin-di-fonzaso\/","name":"Tre medaglie d'oro al Concorso Enologico Internazionale \u201cCitt\u00e0 del Vino\u201d 2026 per Podere Aurin di Fonzaso - Bellunopress - Dolomiti","isPartOf":{"@id":"https:\/\/www.bellunopress.it\/#website"},"primaryImageOfPage":{"@id":"https:\/\/www.bellunopress.it\/2026\/07\/13\/tre-medaglie-doro-al-concorso-enologico-internazionale-citta-del-vino-2026-per-podere-aurin-di-fonzaso\/#primaryimage"},"image":{"@id":"https:\/\/www.bellunopress.it\/2026\/07\/13\/tre-medaglie-doro-al-concorso-enologico-internazionale-citta-del-vino-2026-per-podere-aurin-di-fonzaso\/#primaryimage"},"thumbnailUrl":"https:\/\/www.bellunopress.it\/wp-content\/uploads\/2026\/07\/Premiazioni-Concorso-Citta-del-Vino-Podere-Aurin-Fonzaso.jpg","datePublished":"2026-07-13T14:33:19+00:00","breadcrumb":{"@id":"https:\/\/www.bellunopress.it\/2026\/07\/13\/tre-medaglie-doro-al-concorso-enologico-internazionale-citta-del-vino-2026-per-podere-aurin-di-fonzaso\/#breadcrumb"},"inLanguage":"fr-FR","potentialAction":[{"@type":"ReadAction","target":["https:\/\/www.bellunopress.it\/2026\/07\/13\/tre-medaglie-doro-al-concorso-enologico-internazionale-citta-del-vino-2026-per-podere-aurin-di-fonzaso\/"]}]},{"@type":"ImageObject","inLanguage":"fr-FR","@id":"https:\/\/www.bellunopress.it\/2026\/07\/13\/tre-medaglie-doro-al-concorso-enologico-internazionale-citta-del-vino-2026-per-podere-aurin-di-fonzaso\/#primaryimage","url":"https:\/\/www.bellunopress.it\/wp-content\/uploads\/2026\/07\/Premiazioni-Concorso-Citta-del-Vino-Podere-Aurin-Fonzaso.jpg","contentUrl":"https:\/\/www.bellunopress.it\/wp-content\/uploads\/2026\/07\/Premiazioni-Concorso-Citta-del-Vino-Podere-Aurin-Fonzaso.jpg","width":500,"height":372},{"@type":"BreadcrumbList","@id":"https:\/\/www.bellunopress.it\/2026\/07\/13\/tre-medaglie-doro-al-concorso-enologico-internazionale-citta-del-vino-2026-per-podere-aurin-di-fonzaso\/#breadcrumb","itemListElement":[{"@type":"ListItem","position":1,"name":"Home","item":"https:\/\/www.bellunopress.it\/"},{"@type":"ListItem","position":2,"name":"Tre medaglie d&#8217;oro al Concorso Enologico Internazionale \u201cCitt\u00e0 del Vino\u201d 2026 per Podere Aurin di Fonzaso"}]},{"@type":"WebSite","@id":"https:\/\/www.bellunopress.it\/#website","url":"https:\/\/www.bellunopress.it\/","name":"Bellunopress - Dolomiti","description":"e-mail: redazione@bellunopress.it","publisher":{"@id":"https:\/\/www.bellunopress.it\/#organization"},"potentialAction":[{"@type":"SearchAction","target":{"@type":"EntryPoint","urlTemplate":"https:\/\/www.bellunopress.it\/?s={search_term_string}"},"query-input":{"@type":"PropertyValueSpecification","valueRequired":true,"valueName":"search_term_string"}}],"inLanguage":"fr-FR"},{"@type":"Organization","@id":"https:\/\/www.bellunopress.it\/#organization","name":"Bellunopress","url":"https:\/\/www.bellunopress.it\/","logo":{"@type":"ImageObject","inLanguage":"fr-FR","@id":"https:\/\/www.bellunopress.it\/#\/schema\/logo\/image\/","url":"https:\/\/www.bellunopress.it\/wp-content\/uploads\/2011\/05\/cropped-logo-bellunopress-.jpg","contentUrl":"https:\/\/www.bellunopress.it\/wp-content\/uploads\/2011\/05\/cropped-logo-bellunopress-.jpg","width":512,"height":512,"caption":"Bellunopress"},"image":{"@id":"https:\/\/www.bellunopress.it\/#\/schema\/logo\/image\/"},"sameAs":["https:\/\/www.facebook.com\/profile.php?id=100008943462799","https:\/\/x.com\/bellunopress","https:\/\/www.linkedin.com\/hp\/?dnr=JBzUWaJfMUw8vbXJJ2tVW5-I3jZKvC4wsoxE&amp;amp;amp;amp;amp;amp;trk=nav_responsive_tab_home","https:\/\/www.youtube.com\/channel\/UCxL0wu1uN0_3_7hGG0306cw"]},{"@type":"Person","@id":"https:\/\/www.bellunopress.it\/#\/schema\/person\/79bb06722b37ece1c03d3e94beb30d73","name":"r\u00e9daction","image":{"@type":"ImageObject","inLanguage":"fr-FR","@id":"https:\/\/secure.gravatar.com\/avatar\/37d968a2e67a6fd04c169c4bdef102d0bc5d31b2546345219e348575eb80e9a0?s=96&d=mm&r=g","url":"https:\/\/secure.gravatar.com\/avatar\/37d968a2e67a6fd04c169c4bdef102d0bc5d31b2546345219e348575eb80e9a0?s=96&d=mm&r=g","contentUrl":"https:\/\/secure.gravatar.com\/avatar\/37d968a2e67a6fd04c169c4bdef102d0bc5d31b2546345219e348575eb80e9a0?s=96&d=mm&r=g","caption":"redazione"},"sameAs":["http:\/\/www.bellunopress.it","https:\/\/x.com\/bellunopress"],"url":"https:\/\/www.bellunopress.it\/fr\/author\/redazione\/"}]}},"_links":{"self":[{"href":"https:\/\/www.bellunopress.it\/fr\/wp-json\/wp\/v2\/posts\/171885","targetHints":{"allow":["GET"]}}],"collection":[{"href":"https:\/\/www.bellunopress.it\/fr\/wp-json\/wp\/v2\/posts"}],"about":[{"href":"https:\/\/www.bellunopress.it\/fr\/wp-json\/wp\/v2\/types\/post"}],"author":[{"embeddable":true,"href":"https:\/\/www.bellunopress.it\/fr\/wp-json\/wp\/v2\/users\/2"}],"replies":[{"embeddable":true,"href":"https:\/\/www.bellunopress.it\/fr\/wp-json\/wp\/v2\/comments?post=171885"}],"version-history":[{"count":1,"href":"https:\/\/www.bellunopress.it\/fr\/wp-json\/wp\/v2\/posts\/171885\/revisions"}],"predecessor-version":[{"id":171887,"href":"https:\/\/www.bellunopress.it\/fr\/wp-json\/wp\/v2\/posts\/171885\/revisions\/171887"}],"wp:featuredmedia":[{"embeddable":true,"href":"https:\/\/www.bellunopress.it\/fr\/wp-json\/wp\/v2\/media\/171886"}],"wp:attachment":[{"href":"https:\/\/www.bellunopress.it\/fr\/wp-json\/wp\/v2\/media?parent=171885"}],"wp:term":[{"taxonomy":"category","embeddable":true,"href":"https:\/\/www.bellunopress.it\/fr\/wp-json\/wp\/v2\/categories?post=171885"},{"taxonomy":"post_tag","embeddable":true,"href":"https:\/\/www.bellunopress.it\/fr\/wp-json\/wp\/v2\/tags?post=171885"}],"curies":[{"name":"wp","href":"https:\/\/api.w.org\/{rel}","templated":true}]}}