{"id":171880,"date":"2026-07-13T16:09:09","date_gmt":"2026-07-13T14:09:09","guid":{"rendered":"https:\/\/www.bellunopress.it\/?p=171880"},"modified":"2026-07-13T21:03:33","modified_gmt":"2026-07-13T19:03:33","slug":"belluno-ricerca-in-corso-ponte-mariano","status":"publish","type":"post","link":"https:\/\/www.bellunopress.it\/fr\/2026\/07\/13\/belluno-ricerca-in-corso-ponte-mariano\/","title":{"rendered":"Belluno: ritrovato senza vita l&#8217;escursionista disperso in zona Case Bortot"},"content":{"rendered":"<p>Belluno, 13 &#8211; 07 &#8211; 2026\u00a0 \u00a0 \u00c8 stato purtroppo ritrovato senza vita l&#8217;escursionista cercato gi\u00e0 ieri in mattinata e poi tutta la notte fino al primo pomeriggio di oggi. Ieri mattina verso le 8 la segnalazione di reiterate richieste di aiuto era stata fatta da due escursionisti, che si trovavano sulla strada sterrata delle gallerie del Serva, in localit\u00e0 Conturela, il punto panoramico pi\u00f9 alto, e che avevano sentito le grida provenire da una zona non facilmente individuabile tra Col di Roanza e Ponte Mariano di fronte a loro. Falco 2 aveva sorvolato l&#8217;area, ricoperta da una fitta vegetazione, calando il tecnico di elisoccorso nel punto pi\u00f9 probabile sul versante di fronte. Dall&#8217;arrivo dell&#8217;eliambulanza nessuna voce si era pi\u00f9 udita, n\u00e9 alcuna persona aveva risposto ai richiami del soccorritore, salvo altri escursionisti di passaggio. Le squadre a terra del Soccorso alpino avevano perlustrato i sentieri principali e i troi secondari, affiancate dai Vigili del fuoco, in ricognizione dall&#8217;alto anche con il proprio elicottero.<\/p>\n<p>Dopo alcune ore senza riscontro e in assenza di ulteriori indizi, la ricerca si era fermata, salvo riprendere attorno a mezzanotte e mezza, quando il figlio aveva denunciato il mancato rientro di G.P.F., 74 anni da compiere, di Conegliano, la cui auto era stata poi rinvenuta parcheggiata alle Case Bortot. Nella notte le squadre si sono nuovamente distribuite nell&#8217;area, che i droni hanno sorvolato, sia con i visori notturni che poi di giorno, e il Gruppo forre ha ridisceso il torrente Ardo. Alle prime luci le persone in ricerca erano una trentina, di Soccorso alpino, Vigili del fuoco, Guardia di finanza, Polizia, con droni e unit\u00e0 cinofile, e sono state effettuate calate nei tratti pi\u00f9 ripidi. Attorno alle 14.30 una squadra del Soccorso alpino, e della Guardia di finanza assieme a un&#8217;unit\u00e0 cinofila della Polizia ha purtroppo rinvenuto il corpo senza vita. L&#8217;uomo stava percorrendo il vecchio sentiero dismesso che collega Case Bortot al Bus del Buson, ancora presente in alcune vecchie guide. Seguendo la vecchia traccia, 80 metri pi\u00f9 bassa rispetto al sentiero nuovo, i soccorritori si sono imbattuti proprio in una guida e sotto, sulla verticale, era caduto l&#8217;uomo riportando traumi fatali. La salma, ottenuto il nulla osta per la rimozione dalla magistratura, verr\u00e0 recuperata dall&#8217;elicottero dei Vigili del fuoco, gi\u00e0 sul posto, per essere affidata al carro funebre.<\/p>\n<p>Oggi erano presenti una trentina di persone del Soccorso alpino di Belluno, Feltre e Longarone, della Guardia di finanza, della Polizia.<\/p>\n<p>*******************************************************************************************<\/p>\n<p>Belluno, 13 &#8211; 07 &#8211; 2026\u00a0 \u00a0 \u00a0 Ieri mattina verso le 8 la Centrale del 118 \u00e8 stata attivata da alcuni escursionisti che avevano sentito una voce che chiedeva aiuto provenire da un luogo imprecisato tra il Col di Roanza e Ponte Mariano. Sul posto \u00e8 stato inviato Falco 2, che ha effettuato una ricognizione, sbarcando il tecnico di elisoccorso, che ha chiamato senza per\u00f2 ricevere alcuna risposta Le squadre a terra del Soccorso alpino di Belluno hanno quindi percorso i principali sentieri, i Troi dei scalet e di Vaus, Bus del Buson, mentre i Vigili del fuoco perlustravano la zona di Casera ai Pez con il loro elicottero in ricognizione. Dal momento che dall&#8217;inizio delle ricerche in poi non erano pi\u00f9 state sentite grida, essendo il luogo in quel momento molto frequentato, dopo aver verificato le zone possibili senza alcun riscontro, verso le 11.30 in accordo tra gli enti le ricerche si sono fermate. Questa notte \u00e8 arrivata la segnalazione del mancato rientro di un 74enne di Conegliano, la cui auto \u00e8 poi stata rinvenuta parcheggiata alle Case Bortot. Le ricerche sono quindi riprese ed \u00e8 arrivata la segnalazione di una donna che avrebbe visto l&#8217;uomo, che non ha il cellulare, alle 7 al parcheggio. Le squadre si stanno muovendo in tutta l&#8217;area.<\/p>","protected":false},"excerpt":{"rendered":"<p>Belluno, 13 &#8211; 07 &#8211; 2026\u00a0 \u00a0 \u00c8 stato purtroppo ritrovato senza vita l&#8217;escursionista cercato gi\u00e0 ieri in mattinata e poi tutta la notte fino al primo pomeriggio di oggi. Ieri mattina verso le 8 la segnalazione di reiterate richieste di aiuto era stata fatta da due escursionisti, che si trovavano sulla strada sterrata delle [&hellip;]<\/p>\n","protected":false},"author":2,"featured_media":119120,"comment_status":"closed","ping_status":"open","sticky":false,"template":"","format":"standard","meta":{"footnotes":""},"categories":[5],"tags":[],"class_list":["post-171880","post","type-post","status-publish","format-standard","has-post-thumbnail","category-cronaca"],"yoast_head":"<!-- This site is optimized with the Yoast SEO plugin v28.4 - https:\/\/yoast.com\/product\/yoast-seo-wordpress\/ -->\n<title>Belluno: ritrovato senza vita l&#039;escursionista disperso in zona Case Bortot - Bellunopress - Dolomiti<\/title>\n<meta name=\"robots\" content=\"index, follow, max-snippet:-1, max-image-preview:large, max-video-preview:-1\" \/>\n<link rel=\"canonical\" href=\"https:\/\/www.bellunopress.it\/fr\/2026\/07\/13\/belluno-ricerca-in-corso-ponte-mariano\/\" \/>\n<meta property=\"og:locale\" content=\"fr_FR\" \/>\n<meta property=\"og:type\" content=\"article\" \/>\n<meta property=\"og:title\" content=\"Belluno: ritrovato senza vita l&#039;escursionista disperso in zona Case Bortot - Bellunopress - Dolomiti\" \/>\n<meta property=\"og:description\" content=\"Belluno, 13 &#8211; 07 &#8211; 2026\u00a0 \u00a0 \u00c8 stato purtroppo ritrovato senza vita l&#8217;escursionista cercato gi\u00e0 ieri in mattinata e poi tutta la notte fino al primo pomeriggio di oggi. Ieri mattina verso le 8 la segnalazione di reiterate richieste di aiuto era stata fatta da due escursionisti, che si trovavano sulla strada sterrata delle [&hellip;]\" \/>\n<meta property=\"og:url\" content=\"https:\/\/www.bellunopress.it\/fr\/2026\/07\/13\/belluno-ricerca-in-corso-ponte-mariano\/\" \/>\n<meta property=\"og:site_name\" content=\"Bellunopress - Dolomiti\" \/>\n<meta property=\"article:publisher\" content=\"https:\/\/www.facebook.com\/profile.php?id=100008943462799\" \/>\n<meta property=\"article:published_time\" content=\"2026-07-13T14:09:09+00:00\" \/>\n<meta property=\"article:modified_time\" content=\"2026-07-13T19:03:33+00:00\" \/>\n<meta property=\"og:image\" content=\"https:\/\/www.bellunopress.it\/wp-content\/uploads\/2020\/11\/cnsas-corpo-nazionale-soccorso-alpino-e-speleologico_edited.jpg\" \/>\n\t<meta property=\"og:image:width\" content=\"790\" \/>\n\t<meta property=\"og:image:height\" content=\"423\" \/>\n\t<meta property=\"og:image:type\" content=\"image\/jpeg\" \/>\n<meta name=\"author\" content=\"redazione\" \/>\n<meta name=\"twitter:card\" content=\"summary_large_image\" \/>\n<meta name=\"twitter:creator\" content=\"@bellunopress\" \/>\n<meta name=\"twitter:site\" content=\"@bellunopress\" \/>\n<meta name=\"twitter:label1\" content=\"Written by\" \/>\n\t<meta name=\"twitter:data1\" content=\"redazione\" \/>\n\t<meta name=\"twitter:label2\" content=\"Est. reading time\" \/>\n\t<meta name=\"twitter:data2\" content=\"4 minutes\" \/>\n<script type=\"application\/ld+json\" class=\"yoast-schema-graph\">{\"@context\":\"https:\\\/\\\/schema.org\",\"@graph\":[{\"@type\":\"Article\",\"@id\":\"https:\\\/\\\/www.bellunopress.it\\\/2026\\\/07\\\/13\\\/belluno-ricerca-in-corso-ponte-mariano\\\/#article\",\"isPartOf\":{\"@id\":\"https:\\\/\\\/www.bellunopress.it\\\/2026\\\/07\\\/13\\\/belluno-ricerca-in-corso-ponte-mariano\\\/\"},\"author\":{\"name\":\"redazione\",\"@id\":\"https:\\\/\\\/www.bellunopress.it\\\/#\\\/schema\\\/person\\\/79bb06722b37ece1c03d3e94beb30d73\"},\"headline\":\"Belluno: ritrovato senza vita l&#8217;escursionista disperso in zona Case Bortot\",\"datePublished\":\"2026-07-13T14:09:09+00:00\",\"dateModified\":\"2026-07-13T19:03:33+00:00\",\"mainEntityOfPage\":{\"@id\":\"https:\\\/\\\/www.bellunopress.it\\\/2026\\\/07\\\/13\\\/belluno-ricerca-in-corso-ponte-mariano\\\/\"},\"wordCount\":622,\"publisher\":{\"@id\":\"https:\\\/\\\/www.bellunopress.it\\\/#organization\"},\"image\":{\"@id\":\"https:\\\/\\\/www.bellunopress.it\\\/2026\\\/07\\\/13\\\/belluno-ricerca-in-corso-ponte-mariano\\\/#primaryimage\"},\"thumbnailUrl\":\"https:\\\/\\\/www.bellunopress.it\\\/wp-content\\\/uploads\\\/2020\\\/11\\\/cnsas-corpo-nazionale-soccorso-alpino-e-speleologico_edited.jpg\",\"articleSection\":[\"Cronaca\\\/Politica\"],\"inLanguage\":\"fr-FR\"},{\"@type\":\"WebPage\",\"@id\":\"https:\\\/\\\/www.bellunopress.it\\\/2026\\\/07\\\/13\\\/belluno-ricerca-in-corso-ponte-mariano\\\/\",\"url\":\"https:\\\/\\\/www.bellunopress.it\\\/2026\\\/07\\\/13\\\/belluno-ricerca-in-corso-ponte-mariano\\\/\",\"name\":\"Belluno: ritrovato senza vita l'escursionista disperso in zona Case Bortot - Bellunopress - Dolomiti\",\"isPartOf\":{\"@id\":\"https:\\\/\\\/www.bellunopress.it\\\/#website\"},\"primaryImageOfPage\":{\"@id\":\"https:\\\/\\\/www.bellunopress.it\\\/2026\\\/07\\\/13\\\/belluno-ricerca-in-corso-ponte-mariano\\\/#primaryimage\"},\"image\":{\"@id\":\"https:\\\/\\\/www.bellunopress.it\\\/2026\\\/07\\\/13\\\/belluno-ricerca-in-corso-ponte-mariano\\\/#primaryimage\"},\"thumbnailUrl\":\"https:\\\/\\\/www.bellunopress.it\\\/wp-content\\\/uploads\\\/2020\\\/11\\\/cnsas-corpo-nazionale-soccorso-alpino-e-speleologico_edited.jpg\",\"datePublished\":\"2026-07-13T14:09:09+00:00\",\"dateModified\":\"2026-07-13T19:03:33+00:00\",\"breadcrumb\":{\"@id\":\"https:\\\/\\\/www.bellunopress.it\\\/2026\\\/07\\\/13\\\/belluno-ricerca-in-corso-ponte-mariano\\\/#breadcrumb\"},\"inLanguage\":\"fr-FR\",\"potentialAction\":[{\"@type\":\"ReadAction\",\"target\":[\"https:\\\/\\\/www.bellunopress.it\\\/2026\\\/07\\\/13\\\/belluno-ricerca-in-corso-ponte-mariano\\\/\"]}]},{\"@type\":\"ImageObject\",\"inLanguage\":\"fr-FR\",\"@id\":\"https:\\\/\\\/www.bellunopress.it\\\/2026\\\/07\\\/13\\\/belluno-ricerca-in-corso-ponte-mariano\\\/#primaryimage\",\"url\":\"https:\\\/\\\/www.bellunopress.it\\\/wp-content\\\/uploads\\\/2020\\\/11\\\/cnsas-corpo-nazionale-soccorso-alpino-e-speleologico_edited.jpg\",\"contentUrl\":\"https:\\\/\\\/www.bellunopress.it\\\/wp-content\\\/uploads\\\/2020\\\/11\\\/cnsas-corpo-nazionale-soccorso-alpino-e-speleologico_edited.jpg\",\"width\":790,\"height\":423,\"caption\":\"Soccorso 118\"},{\"@type\":\"BreadcrumbList\",\"@id\":\"https:\\\/\\\/www.bellunopress.it\\\/2026\\\/07\\\/13\\\/belluno-ricerca-in-corso-ponte-mariano\\\/#breadcrumb\",\"itemListElement\":[{\"@type\":\"ListItem\",\"position\":1,\"name\":\"Home\",\"item\":\"https:\\\/\\\/www.bellunopress.it\\\/\"},{\"@type\":\"ListItem\",\"position\":2,\"name\":\"Belluno: ritrovato senza vita l&#8217;escursionista disperso in zona Case Bortot\"}]},{\"@type\":\"WebSite\",\"@id\":\"https:\\\/\\\/www.bellunopress.it\\\/#website\",\"url\":\"https:\\\/\\\/www.bellunopress.it\\\/\",\"name\":\"Bellunopress - Dolomiti\",\"description\":\"e-mail: redazione@bellunopress.it\",\"publisher\":{\"@id\":\"https:\\\/\\\/www.bellunopress.it\\\/#organization\"},\"potentialAction\":[{\"@type\":\"SearchAction\",\"target\":{\"@type\":\"EntryPoint\",\"urlTemplate\":\"https:\\\/\\\/www.bellunopress.it\\\/?s={search_term_string}\"},\"query-input\":{\"@type\":\"PropertyValueSpecification\",\"valueRequired\":true,\"valueName\":\"search_term_string\"}}],\"inLanguage\":\"fr-FR\"},{\"@type\":\"Organization\",\"@id\":\"https:\\\/\\\/www.bellunopress.it\\\/#organization\",\"name\":\"Bellunopress\",\"url\":\"https:\\\/\\\/www.bellunopress.it\\\/\",\"logo\":{\"@type\":\"ImageObject\",\"inLanguage\":\"fr-FR\",\"@id\":\"https:\\\/\\\/www.bellunopress.it\\\/#\\\/schema\\\/logo\\\/image\\\/\",\"url\":\"https:\\\/\\\/www.bellunopress.it\\\/wp-content\\\/uploads\\\/2011\\\/05\\\/cropped-logo-bellunopress-.jpg\",\"contentUrl\":\"https:\\\/\\\/www.bellunopress.it\\\/wp-content\\\/uploads\\\/2011\\\/05\\\/cropped-logo-bellunopress-.jpg\",\"width\":512,\"height\":512,\"caption\":\"Bellunopress\"},\"image\":{\"@id\":\"https:\\\/\\\/www.bellunopress.it\\\/#\\\/schema\\\/logo\\\/image\\\/\"},\"sameAs\":[\"https:\\\/\\\/www.facebook.com\\\/profile.php?id=100008943462799\",\"https:\\\/\\\/x.com\\\/bellunopress\",\"https:\\\/\\\/www.linkedin.com\\\/hp\\\/?dnr=JBzUWaJfMUw8vbXJJ2tVW5-I3jZKvC4wsoxE&amp;amp;amp;amp;amp;amp;trk=nav_responsive_tab_home\",\"https:\\\/\\\/www.youtube.com\\\/channel\\\/UCxL0wu1uN0_3_7hGG0306cw\"]},{\"@type\":\"Person\",\"@id\":\"https:\\\/\\\/www.bellunopress.it\\\/#\\\/schema\\\/person\\\/79bb06722b37ece1c03d3e94beb30d73\",\"name\":\"redazione\",\"image\":{\"@type\":\"ImageObject\",\"inLanguage\":\"fr-FR\",\"@id\":\"https:\\\/\\\/secure.gravatar.com\\\/avatar\\\/37d968a2e67a6fd04c169c4bdef102d0bc5d31b2546345219e348575eb80e9a0?s=96&d=mm&r=g\",\"url\":\"https:\\\/\\\/secure.gravatar.com\\\/avatar\\\/37d968a2e67a6fd04c169c4bdef102d0bc5d31b2546345219e348575eb80e9a0?s=96&d=mm&r=g\",\"contentUrl\":\"https:\\\/\\\/secure.gravatar.com\\\/avatar\\\/37d968a2e67a6fd04c169c4bdef102d0bc5d31b2546345219e348575eb80e9a0?s=96&d=mm&r=g\",\"caption\":\"redazione\"},\"sameAs\":[\"http:\\\/\\\/www.bellunopress.it\",\"https:\\\/\\\/x.com\\\/bellunopress\"],\"url\":\"https:\\\/\\\/www.bellunopress.it\\\/fr\\\/author\\\/redazione\\\/\"}]}<\/script>\n<!-- \/ Yoast SEO plugin. -->","yoast_head_json":{"title":"Belluno: ritrovato senza vita l'escursionista disperso in zona Case Bortot - Bellunopress - Dolomiti","robots":{"index":"index","follow":"follow","max-snippet":"max-snippet:-1","max-image-preview":"max-image-preview:large","max-video-preview":"max-video-preview:-1"},"canonical":"https:\/\/www.bellunopress.it\/fr\/2026\/07\/13\/belluno-ricerca-in-corso-ponte-mariano\/","og_locale":"fr_FR","og_type":"article","og_title":"Belluno: ritrovato senza vita l'escursionista disperso in zona Case Bortot - Bellunopress - Dolomiti","og_description":"Belluno, 13 &#8211; 07 &#8211; 2026\u00a0 \u00a0 \u00c8 stato purtroppo ritrovato senza vita l&#8217;escursionista cercato gi\u00e0 ieri in mattinata e poi tutta la notte fino al primo pomeriggio di oggi. Ieri mattina verso le 8 la segnalazione di reiterate richieste di aiuto era stata fatta da due escursionisti, che si trovavano sulla strada sterrata delle [&hellip;]","og_url":"https:\/\/www.bellunopress.it\/fr\/2026\/07\/13\/belluno-ricerca-in-corso-ponte-mariano\/","og_site_name":"Bellunopress - Dolomiti","article_publisher":"https:\/\/www.facebook.com\/profile.php?id=100008943462799","article_published_time":"2026-07-13T14:09:09+00:00","article_modified_time":"2026-07-13T19:03:33+00:00","og_image":[{"width":790,"height":423,"url":"https:\/\/www.bellunopress.it\/wp-content\/uploads\/2020\/11\/cnsas-corpo-nazionale-soccorso-alpino-e-speleologico_edited.jpg","type":"image\/jpeg"}],"author":"redazione","twitter_card":"summary_large_image","twitter_creator":"@bellunopress","twitter_site":"@bellunopress","twitter_misc":{"Written by":"redazione","Est. reading time":"4 minutes"},"schema":{"@context":"https:\/\/schema.org","@graph":[{"@type":"Article","@id":"https:\/\/www.bellunopress.it\/2026\/07\/13\/belluno-ricerca-in-corso-ponte-mariano\/#article","isPartOf":{"@id":"https:\/\/www.bellunopress.it\/2026\/07\/13\/belluno-ricerca-in-corso-ponte-mariano\/"},"author":{"name":"redazione","@id":"https:\/\/www.bellunopress.it\/#\/schema\/person\/79bb06722b37ece1c03d3e94beb30d73"},"headline":"Belluno: ritrovato senza vita l&#8217;escursionista disperso in zona Case Bortot","datePublished":"2026-07-13T14:09:09+00:00","dateModified":"2026-07-13T19:03:33+00:00","mainEntityOfPage":{"@id":"https:\/\/www.bellunopress.it\/2026\/07\/13\/belluno-ricerca-in-corso-ponte-mariano\/"},"wordCount":622,"publisher":{"@id":"https:\/\/www.bellunopress.it\/#organization"},"image":{"@id":"https:\/\/www.bellunopress.it\/2026\/07\/13\/belluno-ricerca-in-corso-ponte-mariano\/#primaryimage"},"thumbnailUrl":"https:\/\/www.bellunopress.it\/wp-content\/uploads\/2020\/11\/cnsas-corpo-nazionale-soccorso-alpino-e-speleologico_edited.jpg","articleSection":["Cronaca\/Politica"],"inLanguage":"fr-FR"},{"@type":"WebPage","@id":"https:\/\/www.bellunopress.it\/2026\/07\/13\/belluno-ricerca-in-corso-ponte-mariano\/","url":"https:\/\/www.bellunopress.it\/2026\/07\/13\/belluno-ricerca-in-corso-ponte-mariano\/","name":"Belluno: ritrovato senza vita l'escursionista disperso in zona Case Bortot - Bellunopress - Dolomiti","isPartOf":{"@id":"https:\/\/www.bellunopress.it\/#website"},"primaryImageOfPage":{"@id":"https:\/\/www.bellunopress.it\/2026\/07\/13\/belluno-ricerca-in-corso-ponte-mariano\/#primaryimage"},"image":{"@id":"https:\/\/www.bellunopress.it\/2026\/07\/13\/belluno-ricerca-in-corso-ponte-mariano\/#primaryimage"},"thumbnailUrl":"https:\/\/www.bellunopress.it\/wp-content\/uploads\/2020\/11\/cnsas-corpo-nazionale-soccorso-alpino-e-speleologico_edited.jpg","datePublished":"2026-07-13T14:09:09+00:00","dateModified":"2026-07-13T19:03:33+00:00","breadcrumb":{"@id":"https:\/\/www.bellunopress.it\/2026\/07\/13\/belluno-ricerca-in-corso-ponte-mariano\/#breadcrumb"},"inLanguage":"fr-FR","potentialAction":[{"@type":"ReadAction","target":["https:\/\/www.bellunopress.it\/2026\/07\/13\/belluno-ricerca-in-corso-ponte-mariano\/"]}]},{"@type":"ImageObject","inLanguage":"fr-FR","@id":"https:\/\/www.bellunopress.it\/2026\/07\/13\/belluno-ricerca-in-corso-ponte-mariano\/#primaryimage","url":"https:\/\/www.bellunopress.it\/wp-content\/uploads\/2020\/11\/cnsas-corpo-nazionale-soccorso-alpino-e-speleologico_edited.jpg","contentUrl":"https:\/\/www.bellunopress.it\/wp-content\/uploads\/2020\/11\/cnsas-corpo-nazionale-soccorso-alpino-e-speleologico_edited.jpg","width":790,"height":423,"caption":"Soccorso 118"},{"@type":"BreadcrumbList","@id":"https:\/\/www.bellunopress.it\/2026\/07\/13\/belluno-ricerca-in-corso-ponte-mariano\/#breadcrumb","itemListElement":[{"@type":"ListItem","position":1,"name":"Home","item":"https:\/\/www.bellunopress.it\/"},{"@type":"ListItem","position":2,"name":"Belluno: ritrovato senza vita l&#8217;escursionista disperso in zona Case Bortot"}]},{"@type":"WebSite","@id":"https:\/\/www.bellunopress.it\/#website","url":"https:\/\/www.bellunopress.it\/","name":"Bellunopress - Dolomiti","description":"e-mail: redazione@bellunopress.it","publisher":{"@id":"https:\/\/www.bellunopress.it\/#organization"},"potentialAction":[{"@type":"SearchAction","target":{"@type":"EntryPoint","urlTemplate":"https:\/\/www.bellunopress.it\/?s={search_term_string}"},"query-input":{"@type":"PropertyValueSpecification","valueRequired":true,"valueName":"search_term_string"}}],"inLanguage":"fr-FR"},{"@type":"Organization","@id":"https:\/\/www.bellunopress.it\/#organization","name":"Bellunopress","url":"https:\/\/www.bellunopress.it\/","logo":{"@type":"ImageObject","inLanguage":"fr-FR","@id":"https:\/\/www.bellunopress.it\/#\/schema\/logo\/image\/","url":"https:\/\/www.bellunopress.it\/wp-content\/uploads\/2011\/05\/cropped-logo-bellunopress-.jpg","contentUrl":"https:\/\/www.bellunopress.it\/wp-content\/uploads\/2011\/05\/cropped-logo-bellunopress-.jpg","width":512,"height":512,"caption":"Bellunopress"},"image":{"@id":"https:\/\/www.bellunopress.it\/#\/schema\/logo\/image\/"},"sameAs":["https:\/\/www.facebook.com\/profile.php?id=100008943462799","https:\/\/x.com\/bellunopress","https:\/\/www.linkedin.com\/hp\/?dnr=JBzUWaJfMUw8vbXJJ2tVW5-I3jZKvC4wsoxE&amp;amp;amp;amp;amp;amp;trk=nav_responsive_tab_home","https:\/\/www.youtube.com\/channel\/UCxL0wu1uN0_3_7hGG0306cw"]},{"@type":"Person","@id":"https:\/\/www.bellunopress.it\/#\/schema\/person\/79bb06722b37ece1c03d3e94beb30d73","name":"r\u00e9daction","image":{"@type":"ImageObject","inLanguage":"fr-FR","@id":"https:\/\/secure.gravatar.com\/avatar\/37d968a2e67a6fd04c169c4bdef102d0bc5d31b2546345219e348575eb80e9a0?s=96&d=mm&r=g","url":"https:\/\/secure.gravatar.com\/avatar\/37d968a2e67a6fd04c169c4bdef102d0bc5d31b2546345219e348575eb80e9a0?s=96&d=mm&r=g","contentUrl":"https:\/\/secure.gravatar.com\/avatar\/37d968a2e67a6fd04c169c4bdef102d0bc5d31b2546345219e348575eb80e9a0?s=96&d=mm&r=g","caption":"redazione"},"sameAs":["http:\/\/www.bellunopress.it","https:\/\/x.com\/bellunopress"],"url":"https:\/\/www.bellunopress.it\/fr\/author\/redazione\/"}]}},"_links":{"self":[{"href":"https:\/\/www.bellunopress.it\/fr\/wp-json\/wp\/v2\/posts\/171880","targetHints":{"allow":["GET"]}}],"collection":[{"href":"https:\/\/www.bellunopress.it\/fr\/wp-json\/wp\/v2\/posts"}],"about":[{"href":"https:\/\/www.bellunopress.it\/fr\/wp-json\/wp\/v2\/types\/post"}],"author":[{"embeddable":true,"href":"https:\/\/www.bellunopress.it\/fr\/wp-json\/wp\/v2\/users\/2"}],"replies":[{"embeddable":true,"href":"https:\/\/www.bellunopress.it\/fr\/wp-json\/wp\/v2\/comments?post=171880"}],"version-history":[{"count":3,"href":"https:\/\/www.bellunopress.it\/fr\/wp-json\/wp\/v2\/posts\/171880\/revisions"}],"predecessor-version":[{"id":171898,"href":"https:\/\/www.bellunopress.it\/fr\/wp-json\/wp\/v2\/posts\/171880\/revisions\/171898"}],"wp:featuredmedia":[{"embeddable":true,"href":"https:\/\/www.bellunopress.it\/fr\/wp-json\/wp\/v2\/media\/119120"}],"wp:attachment":[{"href":"https:\/\/www.bellunopress.it\/fr\/wp-json\/wp\/v2\/media?parent=171880"}],"wp:term":[{"taxonomy":"category","embeddable":true,"href":"https:\/\/www.bellunopress.it\/fr\/wp-json\/wp\/v2\/categories?post=171880"},{"taxonomy":"post_tag","embeddable":true,"href":"https:\/\/www.bellunopress.it\/fr\/wp-json\/wp\/v2\/tags?post=171880"}],"curies":[{"name":"wp","href":"https:\/\/api.w.org\/{rel}","templated":true}]}}