{"id":171866,"date":"2026-07-12T19:44:43","date_gmt":"2026-07-12T17:44:43","guid":{"rendered":"https:\/\/www.bellunopress.it\/?p=171866"},"modified":"2026-07-12T19:44:43","modified_gmt":"2026-07-12T17:44:43","slug":"vinovip-cortina-premiata-marilisa-allegrini-con-il-premio-khail-2026","status":"publish","type":"post","link":"https:\/\/www.bellunopress.it\/fr\/2026\/07\/12\/vinovip-cortina-premiata-marilisa-allegrini-con-il-premio-khail-2026\/","title":{"rendered":"VinoVip Cortina: premiata Marilisa Allegrini con il Premio Khail 2026"},"content":{"rendered":"<p><strong>La quindicesima edizione si \u00e8 aperta con il confronto tra i tenori del vino italiano Piero Antinori, Sandro Boscaini, Angelo Gaja e Fausto Maculan sugli scenari passati e futuri.<\/strong><\/p>\n<p><strong>A seguire il riconoscimento all&#8217;imprenditrice Marilisa Allegrini e il focus sul Conegliano Valdobbiadene Prosecco Superiore Docg con una degustazione di 23 aziende.<\/strong><\/p>\n<p>Cortina d&#8217;Ampezzo, 12 luglio 2026 \u2013 Si apre nel segno dei grandi protagonisti dell&#8217;enologia italiana la quindicesima edizione di VinoVip Cortina, l&#8217;appuntamento biennale ideato da Civilt\u00e0 del bere che oggi domenica 12 luglio e luned\u00ec 13 luglio riunir\u00e0 nella Regina delle Dolomiti il meglio del vino italiano.<\/p>\n<p>Ad aprire ufficialmente la manifestazione \u00e8 stato il talk show I tenori del vino italiano, condotto da Alessandro Torcoli, direttore di Civilt\u00e0 del bere. Sul palco dell&#8217;Alexander Girardi Hall si sono confrontati quattro protagonisti che hanno contribuito a costruire il prestigio internazionale del vino italiano: Piero Antinori, Sandro Boscaini, Angelo Gaja e Fausto Maculan. Il confronto ha offerto una lettura autorevole delle sfide che attendono il comparto. Tra i maggiori pericoli che minacciano il settore sono emersi l&#8217;impatto del climate change sottolineato da Angelo Gaja e Fausto Maculan, il cambiamento dei modelli di consumo citato da Sandro Boscaini, l&#8217;instabilit\u00e0 dei mercati, l&#8217;aumento dei costi di produzione e gli ostacoli burocratici evidenziati Piero Antinori.<\/p>\n<p>Tra i momenti pi\u00f9 attesi della giornata, la consegna del Premio Khail 2026, riconoscimento riservato alle personalit\u00e0 che hanno contribuito in modo determinante alla crescita e all&#8217;affermazione dell&#8217;enologia italiana nel mondo. L&#8217;edizione 2026 ha visto premiata l&#8217;imprenditrice Marilisa Allegrini: Lady Amarone simbolo della Valpolicella e protagonista dell&#8217;internazionalizzazione del vino italiano. Entrata nel settore nel 1983, ha guidato lo sviluppo del Gruppo Allegrini con investimenti anche a Bolgheri e Montalcino. Prima donna italiana a conquistare la copertina di Wine Spectator nel 2017, tre anni dopo \u00e8 stata nominata Cavaliere del Lavoro dal Presidente della Repubblica.<\/p>\n<p>&#8220;Marilisa Allegrini \u00e8 una figura che ha saputo affermarsi come celebrit\u00e0 internazionale del vino. Con instancabile passione ha promosso non solo i territori in cui opera, ma ha anche contribuito a elevare il livello della comunicazione del vino italiano nel mondo. Attraverso iniziative curate con straordinaria attenzione ai dettagli, ha saputo trasmettere quell&#8217;eleganza ricca di contenuti che rappresenta uno dei tratti distintivi dello stile italiano&#8221; ha spiegato Alessandro Torcoli, direttore di Civilt\u00e0 del bere.<\/p>\n<p>La giornata inaugurale si \u00e8 conclusa con un focus dedicato al Conegliano Valdobbiadene Prosecco Superiore Docg. Alessandro Torcoli ha dialogato con Diego Tomasi, direttore del Consorzio di Tutela, sulle prospettive della denominazione, cui ha fatto seguito la degustazione di 23 aziende rappresentative del territorio.<\/p>\n<p>Il programma proseguir\u00e0 domani 13 luglio: dalle 9.30 l&#8217;Hotel de La Poste ospiter\u00e0 l&#8217;approfondimento dedicato a I tre volti del Pinot e le loro espressioni, con una degustazione libera dedicata alle tre maggiori variet\u00e0 di Pinot: nero, grigio e bianco.<\/p>\n<p>Nel pomeriggio si apriranno le porte del Grand Tasting, la degustazione che a Chalet Tofane riunir\u00e0 54 tra le pi\u00f9 importanti aziende italiane, in programma dalle 16.00 alle 20.00. Oltre 150 vini in assaggio, tra grandi classici e ultime novit\u00e0, in un&#8217;occasione unica per conoscere da vicino il meglio della produzione vitivinicola italiana.<\/p>\n<p>&nbsp;<\/p>\n<p>VinoVip 2026: i Protagonisti<\/p>\n<p>Marilisa Allegrini \u2022 Andreola \u2022 Marchesi Antinori \u2022 Argiolas \u2022 Banfi \u2022 Berlucchi Franciacorta \u2022 Bortolomiol \u2022 Le Caniette \u2022 Castello di Querceto \u2022 Cesarini Sforza \u2022 Cleto Chiarli \u2022 Colli Ripani \u2022 Il Colombaio di Santa Chiara \u2022 Costa Ar\u00e8nte \u2022 Marco Felluga &#8211; Russiz Superiore \u2022 F\u00e8lsina \u2022 Tenute Folonari \u2022 Fontanafredda \u2022 Fonzone \u2022 Nino Franco \u2022 Gabe Tenute \u2022 Isole e Olena \u2022 Kettmeir \u2022 Lamole di Lamole \u2022 Cantine Lvnae \u2022 Maculan \u2022 Le Manzane \u2022 Masciarelli \u2022 Masi Agricola \u2022 Mezzacorona \u2022 Monte Zovo \u2022 Pasqua Vini \u2022 Pio Cesare \u2022 Planeta \u2022 PuntoZero \u2022 Rottensteiner \u2022 Ruggeri \u2022 Tenuta San Guido \u2022 Tenuta Sant&#8217;Antonio \u2022 Sartori di Verona \u2022 Tedeschi \u2022 Cantina Terlano \u2022 Terra Moretti \u2022 Tinazzi \u2022 Tommasi \u2022 Cantina Tramin \u2022 Umani Ronchi \u2022 Varvaglione 1921 \u2022 Velenosi \u2022 Villa Bogdano 1880 \u2022 Villa Sandi \u2022 Vite Colte \u2022 Zorzettig \u2022 spirits: Castagner<\/p>\n<p>Info e biglietti: https:\/\/vinovipcortina.it<\/p>","protected":false},"excerpt":{"rendered":"<p>La quindicesima edizione si \u00e8 aperta con il confronto tra i tenori del vino italiano Piero Antinori, Sandro Boscaini, Angelo Gaja e Fausto Maculan sugli scenari passati e futuri. A seguire il riconoscimento all&#8217;imprenditrice Marilisa Allegrini e il focus sul Conegliano Valdobbiadene Prosecco Superiore Docg con una degustazione di 23 aziende. Cortina d&#8217;Ampezzo, 12 luglio [&hellip;]<\/p>\n","protected":false},"author":2,"featured_media":171867,"comment_status":"closed","ping_status":"open","sticky":false,"template":"","format":"standard","meta":{"footnotes":""},"categories":[3393],"tags":[],"class_list":["post-171866","post","type-post","status-publish","format-standard","has-post-thumbnail","category-eventi-enogastronomici"],"yoast_head":"<!-- This site is optimized with the Yoast SEO plugin v28.4 - https:\/\/yoast.com\/product\/yoast-seo-wordpress\/ -->\n<title>VinoVip Cortina: premiata Marilisa Allegrini con il Premio Khail 2026 - Bellunopress - Dolomiti<\/title>\n<meta name=\"robots\" content=\"index, follow, max-snippet:-1, max-image-preview:large, max-video-preview:-1\" \/>\n<link rel=\"canonical\" href=\"https:\/\/www.bellunopress.it\/fr\/2026\/07\/12\/vinovip-cortina-premiata-marilisa-allegrini-con-il-premio-khail-2026\/\" \/>\n<meta property=\"og:locale\" content=\"fr_FR\" \/>\n<meta property=\"og:type\" content=\"article\" \/>\n<meta property=\"og:title\" content=\"VinoVip Cortina: premiata Marilisa Allegrini con il Premio Khail 2026 - Bellunopress - Dolomiti\" \/>\n<meta property=\"og:description\" content=\"La quindicesima edizione si \u00e8 aperta con il confronto tra i tenori del vino italiano Piero Antinori, Sandro Boscaini, Angelo Gaja e Fausto Maculan sugli scenari passati e futuri. A seguire il riconoscimento all&#8217;imprenditrice Marilisa Allegrini e il focus sul Conegliano Valdobbiadene Prosecco Superiore Docg con una degustazione di 23 aziende. Cortina d&#8217;Ampezzo, 12 luglio [&hellip;]\" \/>\n<meta property=\"og:url\" content=\"https:\/\/www.bellunopress.it\/fr\/2026\/07\/12\/vinovip-cortina-premiata-marilisa-allegrini-con-il-premio-khail-2026\/\" \/>\n<meta property=\"og:site_name\" content=\"Bellunopress - Dolomiti\" \/>\n<meta property=\"article:publisher\" content=\"https:\/\/www.facebook.com\/profile.php?id=100008943462799\" \/>\n<meta property=\"article:published_time\" content=\"2026-07-12T17:44:43+00:00\" \/>\n<meta property=\"og:image\" content=\"https:\/\/www.bellunopress.it\/wp-content\/uploads\/2026\/07\/vinovip-cortina.jpg\" \/>\n\t<meta property=\"og:image:width\" content=\"600\" \/>\n\t<meta property=\"og:image:height\" content=\"399\" \/>\n\t<meta property=\"og:image:type\" content=\"image\/jpeg\" \/>\n<meta name=\"author\" content=\"redazione\" \/>\n<meta name=\"twitter:card\" content=\"summary_large_image\" \/>\n<meta name=\"twitter:creator\" content=\"@bellunopress\" \/>\n<meta name=\"twitter:site\" content=\"@bellunopress\" \/>\n<meta name=\"twitter:label1\" content=\"\u00c9crit par\" \/>\n\t<meta name=\"twitter:data1\" content=\"redazione\" \/>\n\t<meta name=\"twitter:label2\" content=\"Dur\u00e9e de lecture estim\u00e9e\" \/>\n\t<meta name=\"twitter:data2\" content=\"4 minutes\" \/>\n<script type=\"application\/ld+json\" class=\"yoast-schema-graph\">{\"@context\":\"https:\\\/\\\/schema.org\",\"@graph\":[{\"@type\":\"Article\",\"@id\":\"https:\\\/\\\/www.bellunopress.it\\\/2026\\\/07\\\/12\\\/vinovip-cortina-premiata-marilisa-allegrini-con-il-premio-khail-2026\\\/#article\",\"isPartOf\":{\"@id\":\"https:\\\/\\\/www.bellunopress.it\\\/2026\\\/07\\\/12\\\/vinovip-cortina-premiata-marilisa-allegrini-con-il-premio-khail-2026\\\/\"},\"author\":{\"name\":\"redazione\",\"@id\":\"https:\\\/\\\/www.bellunopress.it\\\/#\\\/schema\\\/person\\\/79bb06722b37ece1c03d3e94beb30d73\"},\"headline\":\"VinoVip Cortina: premiata Marilisa Allegrini con il Premio Khail 2026\",\"datePublished\":\"2026-07-12T17:44:43+00:00\",\"mainEntityOfPage\":{\"@id\":\"https:\\\/\\\/www.bellunopress.it\\\/2026\\\/07\\\/12\\\/vinovip-cortina-premiata-marilisa-allegrini-con-il-premio-khail-2026\\\/\"},\"wordCount\":631,\"publisher\":{\"@id\":\"https:\\\/\\\/www.bellunopress.it\\\/#organization\"},\"image\":{\"@id\":\"https:\\\/\\\/www.bellunopress.it\\\/2026\\\/07\\\/12\\\/vinovip-cortina-premiata-marilisa-allegrini-con-il-premio-khail-2026\\\/#primaryimage\"},\"thumbnailUrl\":\"https:\\\/\\\/www.bellunopress.it\\\/wp-content\\\/uploads\\\/2026\\\/07\\\/vinovip-cortina.jpg\",\"articleSection\":[\"Eventi enogastronomici\"],\"inLanguage\":\"fr-FR\"},{\"@type\":\"WebPage\",\"@id\":\"https:\\\/\\\/www.bellunopress.it\\\/2026\\\/07\\\/12\\\/vinovip-cortina-premiata-marilisa-allegrini-con-il-premio-khail-2026\\\/\",\"url\":\"https:\\\/\\\/www.bellunopress.it\\\/2026\\\/07\\\/12\\\/vinovip-cortina-premiata-marilisa-allegrini-con-il-premio-khail-2026\\\/\",\"name\":\"VinoVip Cortina: premiata Marilisa Allegrini con il Premio Khail 2026 - Bellunopress - Dolomiti\",\"isPartOf\":{\"@id\":\"https:\\\/\\\/www.bellunopress.it\\\/#website\"},\"primaryImageOfPage\":{\"@id\":\"https:\\\/\\\/www.bellunopress.it\\\/2026\\\/07\\\/12\\\/vinovip-cortina-premiata-marilisa-allegrini-con-il-premio-khail-2026\\\/#primaryimage\"},\"image\":{\"@id\":\"https:\\\/\\\/www.bellunopress.it\\\/2026\\\/07\\\/12\\\/vinovip-cortina-premiata-marilisa-allegrini-con-il-premio-khail-2026\\\/#primaryimage\"},\"thumbnailUrl\":\"https:\\\/\\\/www.bellunopress.it\\\/wp-content\\\/uploads\\\/2026\\\/07\\\/vinovip-cortina.jpg\",\"datePublished\":\"2026-07-12T17:44:43+00:00\",\"breadcrumb\":{\"@id\":\"https:\\\/\\\/www.bellunopress.it\\\/2026\\\/07\\\/12\\\/vinovip-cortina-premiata-marilisa-allegrini-con-il-premio-khail-2026\\\/#breadcrumb\"},\"inLanguage\":\"fr-FR\",\"potentialAction\":[{\"@type\":\"ReadAction\",\"target\":[\"https:\\\/\\\/www.bellunopress.it\\\/2026\\\/07\\\/12\\\/vinovip-cortina-premiata-marilisa-allegrini-con-il-premio-khail-2026\\\/\"]}]},{\"@type\":\"ImageObject\",\"inLanguage\":\"fr-FR\",\"@id\":\"https:\\\/\\\/www.bellunopress.it\\\/2026\\\/07\\\/12\\\/vinovip-cortina-premiata-marilisa-allegrini-con-il-premio-khail-2026\\\/#primaryimage\",\"url\":\"https:\\\/\\\/www.bellunopress.it\\\/wp-content\\\/uploads\\\/2026\\\/07\\\/vinovip-cortina.jpg\",\"contentUrl\":\"https:\\\/\\\/www.bellunopress.it\\\/wp-content\\\/uploads\\\/2026\\\/07\\\/vinovip-cortina.jpg\",\"width\":600,\"height\":399,\"caption\":\"Marilisa Allegrini - Premio Khail 2026\"},{\"@type\":\"BreadcrumbList\",\"@id\":\"https:\\\/\\\/www.bellunopress.it\\\/2026\\\/07\\\/12\\\/vinovip-cortina-premiata-marilisa-allegrini-con-il-premio-khail-2026\\\/#breadcrumb\",\"itemListElement\":[{\"@type\":\"ListItem\",\"position\":1,\"name\":\"Home\",\"item\":\"https:\\\/\\\/www.bellunopress.it\\\/\"},{\"@type\":\"ListItem\",\"position\":2,\"name\":\"VinoVip Cortina: premiata Marilisa Allegrini con il Premio Khail 2026\"}]},{\"@type\":\"WebSite\",\"@id\":\"https:\\\/\\\/www.bellunopress.it\\\/#website\",\"url\":\"https:\\\/\\\/www.bellunopress.it\\\/\",\"name\":\"Bellunopress - Dolomiti\",\"description\":\"e-mail: redazione@bellunopress.it\",\"publisher\":{\"@id\":\"https:\\\/\\\/www.bellunopress.it\\\/#organization\"},\"potentialAction\":[{\"@type\":\"SearchAction\",\"target\":{\"@type\":\"EntryPoint\",\"urlTemplate\":\"https:\\\/\\\/www.bellunopress.it\\\/?s={search_term_string}\"},\"query-input\":{\"@type\":\"PropertyValueSpecification\",\"valueRequired\":true,\"valueName\":\"search_term_string\"}}],\"inLanguage\":\"fr-FR\"},{\"@type\":\"Organization\",\"@id\":\"https:\\\/\\\/www.bellunopress.it\\\/#organization\",\"name\":\"Bellunopress\",\"url\":\"https:\\\/\\\/www.bellunopress.it\\\/\",\"logo\":{\"@type\":\"ImageObject\",\"inLanguage\":\"fr-FR\",\"@id\":\"https:\\\/\\\/www.bellunopress.it\\\/#\\\/schema\\\/logo\\\/image\\\/\",\"url\":\"https:\\\/\\\/www.bellunopress.it\\\/wp-content\\\/uploads\\\/2011\\\/05\\\/cropped-logo-bellunopress-.jpg\",\"contentUrl\":\"https:\\\/\\\/www.bellunopress.it\\\/wp-content\\\/uploads\\\/2011\\\/05\\\/cropped-logo-bellunopress-.jpg\",\"width\":512,\"height\":512,\"caption\":\"Bellunopress\"},\"image\":{\"@id\":\"https:\\\/\\\/www.bellunopress.it\\\/#\\\/schema\\\/logo\\\/image\\\/\"},\"sameAs\":[\"https:\\\/\\\/www.facebook.com\\\/profile.php?id=100008943462799\",\"https:\\\/\\\/x.com\\\/bellunopress\",\"https:\\\/\\\/www.linkedin.com\\\/hp\\\/?dnr=JBzUWaJfMUw8vbXJJ2tVW5-I3jZKvC4wsoxE&amp;amp;amp;amp;amp;amp;trk=nav_responsive_tab_home\",\"https:\\\/\\\/www.youtube.com\\\/channel\\\/UCxL0wu1uN0_3_7hGG0306cw\"]},{\"@type\":\"Person\",\"@id\":\"https:\\\/\\\/www.bellunopress.it\\\/#\\\/schema\\\/person\\\/79bb06722b37ece1c03d3e94beb30d73\",\"name\":\"redazione\",\"image\":{\"@type\":\"ImageObject\",\"inLanguage\":\"fr-FR\",\"@id\":\"https:\\\/\\\/secure.gravatar.com\\\/avatar\\\/37d968a2e67a6fd04c169c4bdef102d0bc5d31b2546345219e348575eb80e9a0?s=96&d=mm&r=g\",\"url\":\"https:\\\/\\\/secure.gravatar.com\\\/avatar\\\/37d968a2e67a6fd04c169c4bdef102d0bc5d31b2546345219e348575eb80e9a0?s=96&d=mm&r=g\",\"contentUrl\":\"https:\\\/\\\/secure.gravatar.com\\\/avatar\\\/37d968a2e67a6fd04c169c4bdef102d0bc5d31b2546345219e348575eb80e9a0?s=96&d=mm&r=g\",\"caption\":\"redazione\"},\"sameAs\":[\"http:\\\/\\\/www.bellunopress.it\",\"https:\\\/\\\/x.com\\\/bellunopress\"],\"url\":\"https:\\\/\\\/www.bellunopress.it\\\/fr\\\/author\\\/redazione\\\/\"}]}<\/script>\n<!-- \/ Yoast SEO plugin. -->","yoast_head_json":{"title":"VinoVip Cortina: premiata Marilisa Allegrini con il Premio Khail 2026 - Bellunopress - Dolomiti","robots":{"index":"index","follow":"follow","max-snippet":"max-snippet:-1","max-image-preview":"max-image-preview:large","max-video-preview":"max-video-preview:-1"},"canonical":"https:\/\/www.bellunopress.it\/fr\/2026\/07\/12\/vinovip-cortina-premiata-marilisa-allegrini-con-il-premio-khail-2026\/","og_locale":"fr_FR","og_type":"article","og_title":"VinoVip Cortina: premiata Marilisa Allegrini con il Premio Khail 2026 - Bellunopress - Dolomiti","og_description":"La quindicesima edizione si \u00e8 aperta con il confronto tra i tenori del vino italiano Piero Antinori, Sandro Boscaini, Angelo Gaja e Fausto Maculan sugli scenari passati e futuri. A seguire il riconoscimento all&#8217;imprenditrice Marilisa Allegrini e il focus sul Conegliano Valdobbiadene Prosecco Superiore Docg con una degustazione di 23 aziende. Cortina d&#8217;Ampezzo, 12 luglio [&hellip;]","og_url":"https:\/\/www.bellunopress.it\/fr\/2026\/07\/12\/vinovip-cortina-premiata-marilisa-allegrini-con-il-premio-khail-2026\/","og_site_name":"Bellunopress - Dolomiti","article_publisher":"https:\/\/www.facebook.com\/profile.php?id=100008943462799","article_published_time":"2026-07-12T17:44:43+00:00","og_image":[{"width":600,"height":399,"url":"https:\/\/www.bellunopress.it\/wp-content\/uploads\/2026\/07\/vinovip-cortina.jpg","type":"image\/jpeg"}],"author":"redazione","twitter_card":"summary_large_image","twitter_creator":"@bellunopress","twitter_site":"@bellunopress","twitter_misc":{"\u00c9crit par":"redazione","Dur\u00e9e de lecture estim\u00e9e":"4 minutes"},"schema":{"@context":"https:\/\/schema.org","@graph":[{"@type":"Article","@id":"https:\/\/www.bellunopress.it\/2026\/07\/12\/vinovip-cortina-premiata-marilisa-allegrini-con-il-premio-khail-2026\/#article","isPartOf":{"@id":"https:\/\/www.bellunopress.it\/2026\/07\/12\/vinovip-cortina-premiata-marilisa-allegrini-con-il-premio-khail-2026\/"},"author":{"name":"redazione","@id":"https:\/\/www.bellunopress.it\/#\/schema\/person\/79bb06722b37ece1c03d3e94beb30d73"},"headline":"VinoVip Cortina: premiata Marilisa Allegrini con il Premio Khail 2026","datePublished":"2026-07-12T17:44:43+00:00","mainEntityOfPage":{"@id":"https:\/\/www.bellunopress.it\/2026\/07\/12\/vinovip-cortina-premiata-marilisa-allegrini-con-il-premio-khail-2026\/"},"wordCount":631,"publisher":{"@id":"https:\/\/www.bellunopress.it\/#organization"},"image":{"@id":"https:\/\/www.bellunopress.it\/2026\/07\/12\/vinovip-cortina-premiata-marilisa-allegrini-con-il-premio-khail-2026\/#primaryimage"},"thumbnailUrl":"https:\/\/www.bellunopress.it\/wp-content\/uploads\/2026\/07\/vinovip-cortina.jpg","articleSection":["Eventi enogastronomici"],"inLanguage":"fr-FR"},{"@type":"WebPage","@id":"https:\/\/www.bellunopress.it\/2026\/07\/12\/vinovip-cortina-premiata-marilisa-allegrini-con-il-premio-khail-2026\/","url":"https:\/\/www.bellunopress.it\/2026\/07\/12\/vinovip-cortina-premiata-marilisa-allegrini-con-il-premio-khail-2026\/","name":"VinoVip Cortina: premiata Marilisa Allegrini con il Premio Khail 2026 - Bellunopress - Dolomiti","isPartOf":{"@id":"https:\/\/www.bellunopress.it\/#website"},"primaryImageOfPage":{"@id":"https:\/\/www.bellunopress.it\/2026\/07\/12\/vinovip-cortina-premiata-marilisa-allegrini-con-il-premio-khail-2026\/#primaryimage"},"image":{"@id":"https:\/\/www.bellunopress.it\/2026\/07\/12\/vinovip-cortina-premiata-marilisa-allegrini-con-il-premio-khail-2026\/#primaryimage"},"thumbnailUrl":"https:\/\/www.bellunopress.it\/wp-content\/uploads\/2026\/07\/vinovip-cortina.jpg","datePublished":"2026-07-12T17:44:43+00:00","breadcrumb":{"@id":"https:\/\/www.bellunopress.it\/2026\/07\/12\/vinovip-cortina-premiata-marilisa-allegrini-con-il-premio-khail-2026\/#breadcrumb"},"inLanguage":"fr-FR","potentialAction":[{"@type":"ReadAction","target":["https:\/\/www.bellunopress.it\/2026\/07\/12\/vinovip-cortina-premiata-marilisa-allegrini-con-il-premio-khail-2026\/"]}]},{"@type":"ImageObject","inLanguage":"fr-FR","@id":"https:\/\/www.bellunopress.it\/2026\/07\/12\/vinovip-cortina-premiata-marilisa-allegrini-con-il-premio-khail-2026\/#primaryimage","url":"https:\/\/www.bellunopress.it\/wp-content\/uploads\/2026\/07\/vinovip-cortina.jpg","contentUrl":"https:\/\/www.bellunopress.it\/wp-content\/uploads\/2026\/07\/vinovip-cortina.jpg","width":600,"height":399,"caption":"Marilisa Allegrini - Premio Khail 2026"},{"@type":"BreadcrumbList","@id":"https:\/\/www.bellunopress.it\/2026\/07\/12\/vinovip-cortina-premiata-marilisa-allegrini-con-il-premio-khail-2026\/#breadcrumb","itemListElement":[{"@type":"ListItem","position":1,"name":"Home","item":"https:\/\/www.bellunopress.it\/"},{"@type":"ListItem","position":2,"name":"VinoVip Cortina: premiata Marilisa Allegrini con il Premio Khail 2026"}]},{"@type":"WebSite","@id":"https:\/\/www.bellunopress.it\/#website","url":"https:\/\/www.bellunopress.it\/","name":"Bellunopress - Dolomiti","description":"e-mail: redazione@bellunopress.it","publisher":{"@id":"https:\/\/www.bellunopress.it\/#organization"},"potentialAction":[{"@type":"SearchAction","target":{"@type":"EntryPoint","urlTemplate":"https:\/\/www.bellunopress.it\/?s={search_term_string}"},"query-input":{"@type":"PropertyValueSpecification","valueRequired":true,"valueName":"search_term_string"}}],"inLanguage":"fr-FR"},{"@type":"Organization","@id":"https:\/\/www.bellunopress.it\/#organization","name":"Bellunopress","url":"https:\/\/www.bellunopress.it\/","logo":{"@type":"ImageObject","inLanguage":"fr-FR","@id":"https:\/\/www.bellunopress.it\/#\/schema\/logo\/image\/","url":"https:\/\/www.bellunopress.it\/wp-content\/uploads\/2011\/05\/cropped-logo-bellunopress-.jpg","contentUrl":"https:\/\/www.bellunopress.it\/wp-content\/uploads\/2011\/05\/cropped-logo-bellunopress-.jpg","width":512,"height":512,"caption":"Bellunopress"},"image":{"@id":"https:\/\/www.bellunopress.it\/#\/schema\/logo\/image\/"},"sameAs":["https:\/\/www.facebook.com\/profile.php?id=100008943462799","https:\/\/x.com\/bellunopress","https:\/\/www.linkedin.com\/hp\/?dnr=JBzUWaJfMUw8vbXJJ2tVW5-I3jZKvC4wsoxE&amp;amp;amp;amp;amp;amp;trk=nav_responsive_tab_home","https:\/\/www.youtube.com\/channel\/UCxL0wu1uN0_3_7hGG0306cw"]},{"@type":"Person","@id":"https:\/\/www.bellunopress.it\/#\/schema\/person\/79bb06722b37ece1c03d3e94beb30d73","name":"r\u00e9daction","image":{"@type":"ImageObject","inLanguage":"fr-FR","@id":"https:\/\/secure.gravatar.com\/avatar\/37d968a2e67a6fd04c169c4bdef102d0bc5d31b2546345219e348575eb80e9a0?s=96&d=mm&r=g","url":"https:\/\/secure.gravatar.com\/avatar\/37d968a2e67a6fd04c169c4bdef102d0bc5d31b2546345219e348575eb80e9a0?s=96&d=mm&r=g","contentUrl":"https:\/\/secure.gravatar.com\/avatar\/37d968a2e67a6fd04c169c4bdef102d0bc5d31b2546345219e348575eb80e9a0?s=96&d=mm&r=g","caption":"redazione"},"sameAs":["http:\/\/www.bellunopress.it","https:\/\/x.com\/bellunopress"],"url":"https:\/\/www.bellunopress.it\/fr\/author\/redazione\/"}]}},"_links":{"self":[{"href":"https:\/\/www.bellunopress.it\/fr\/wp-json\/wp\/v2\/posts\/171866","targetHints":{"allow":["GET"]}}],"collection":[{"href":"https:\/\/www.bellunopress.it\/fr\/wp-json\/wp\/v2\/posts"}],"about":[{"href":"https:\/\/www.bellunopress.it\/fr\/wp-json\/wp\/v2\/types\/post"}],"author":[{"embeddable":true,"href":"https:\/\/www.bellunopress.it\/fr\/wp-json\/wp\/v2\/users\/2"}],"replies":[{"embeddable":true,"href":"https:\/\/www.bellunopress.it\/fr\/wp-json\/wp\/v2\/comments?post=171866"}],"version-history":[{"count":1,"href":"https:\/\/www.bellunopress.it\/fr\/wp-json\/wp\/v2\/posts\/171866\/revisions"}],"predecessor-version":[{"id":171868,"href":"https:\/\/www.bellunopress.it\/fr\/wp-json\/wp\/v2\/posts\/171866\/revisions\/171868"}],"wp:featuredmedia":[{"embeddable":true,"href":"https:\/\/www.bellunopress.it\/fr\/wp-json\/wp\/v2\/media\/171867"}],"wp:attachment":[{"href":"https:\/\/www.bellunopress.it\/fr\/wp-json\/wp\/v2\/media?parent=171866"}],"wp:term":[{"taxonomy":"category","embeddable":true,"href":"https:\/\/www.bellunopress.it\/fr\/wp-json\/wp\/v2\/categories?post=171866"},{"taxonomy":"post_tag","embeddable":true,"href":"https:\/\/www.bellunopress.it\/fr\/wp-json\/wp\/v2\/tags?post=171866"}],"curies":[{"name":"wp","href":"https:\/\/api.w.org\/{rel}","templated":true}]}}