{"id":171862,"date":"2026-07-12T18:09:32","date_gmt":"2026-07-12T16:09:32","guid":{"rendered":"https:\/\/www.bellunopress.it\/?p=171862"},"modified":"2026-07-12T18:09:32","modified_gmt":"2026-07-12T16:09:32","slug":"atic-porta-a-cortina-il-primo-grande-simposio-sullarchitettura-alpina-contemporanea","status":"publish","type":"post","link":"https:\/\/www.bellunopress.it\/fr\/2026\/07\/12\/atic-porta-a-cortina-il-primo-grande-simposio-sullarchitettura-alpina-contemporanea\/","title":{"rendered":"ATIC porta a Cortina il primo grande simposio sull&#8217;architettura alpina contemporanea"},"content":{"rendered":"<p>Gioved\u00ec 16 luglio 2026, dalle ore 15.00 alle 18.00, la Alexander Girardi Hall di Cortina d&#8217;Ampezzo ospita &#8220;Le Alpi da Oriente a Occidente. Simposio su Architettura, Ospitalit\u00e0 e nuovi modi di abitare la Montagna&#8221;, ideato e promosso dall&#8217;Ordine degli Architetti di Belluno, dalla Fondazione Architettura Belluno Dolomiti e da ATIC, Associazione Tecnici Integrati di Cortina d&#8217;Ampezzo. L&#8217;evento si svolge nell&#8217;ambito del Cortina Design Weekend 2026 e riunisce per la prima volta in un&#8217;unica tavola rotonda architetti e progettisti che operano lungo l&#8217;intero arco alpino italiano, dalle Dolomiti venete alla Valtellina. Iscrizioni sul sito www.cortinadesignweekend.cortinaforus.it<\/p>\n<p><strong>ATIC e il valore della rete territoriale<\/strong><\/p>\n<p>In un territorio come quello di Cortina d&#8217;Ampezzo, caratterizzato da un patrimonio paesaggistico e ambientale di straordinario valore e da una complessit\u00e0 progettuale che richiede competenze sempre pi\u00f9 integrate, ATIC svolge un ruolo centrale. L&#8217;Associazione crea opportunit\u00e0 di incontro tra professionisti che condividono la conoscenza del luogo e la consapevolezza delle sfide che esso pone: riunire competenze diverse significa favorire il confronto, mettere in comune esperienze e contribuire a una cultura della progettazione fondata sul dialogo.<\/p>\n<p>ATIC rappresenta l&#8217;esempio concreto di come la collaborazione tra professionisti possa diventare un valore aggiunto per l&#8217;intera comunit\u00e0. Quando chi opera quotidianamente sul territorio sceglie di fare rete, si genera un patrimonio di conoscenze capace di offrire una lettura pi\u00f9 ampia delle trasformazioni in corso e delle opportunit\u00e0 future. Condividere competenze e sviluppare una visione comune assume qui un valore strategico: dimostrare che un gruppo coeso, unito dall&#8217;attenzione per il proprio territorio, pu\u00f2 contribuire a promuovere una cultura della responsabilit\u00e0, della qualit\u00e0 e della collaborazione.<\/p>\n<p>L&#8217;Associazione \u00e8 rappresentata al Cortina Design Weekend dall&#8217;architetto Christian Siorpaes, presidente, e dall&#8217;architetto Ambra Piccin, vicepresidente, che assume la moderazione del simposio. &#8220;Avr\u00f2 il piacere di moderare questa prima edizione, che riunir\u00e0 professionisti, imprenditori, operatori dell&#8217;hospitality, amministratori e rappresentanti istituzionali per dialogare sul futuro della montagna, dell&#8217;accoglienza e dello sviluppo dei territori alpini in una giornata di confronto e approfondimento sui temi dell&#8217;architettura, dell&#8217;ospitalit\u00e0 e del futuro di questi territori&#8221;, afferma l&#8217;architetto Piccin.<\/p>\n<p><strong>Il simposio<\/strong><\/p>\n<p>Il simposio nasce con l&#8217;obiettivo di mettere in dialogo il sistema geografico e culturale dell&#8217;arco alpino, formato da territori di diverse identit\u00e0 ma accomunati dalle stesse grandi sfide: l&#8217;evoluzione del paesaggio, le nuove forme dell&#8217;abitare, il turismo, la qualit\u00e0 dell&#8217;architettura, lo spopolamento. Al centro del dibattito anche il tema dell&#8217;ospitalit\u00e0 alpina nella sua accezione pi\u00f9 ampia, dall&#8217;hotellerie alle nuove forme dell&#8217;abitare temporaneo, dal luxury living al turismo lento, fino agli spazi ibridi che ridefiniscono il rapporto tra residenza, accoglienza e servizi.<\/p>\n<p>&#8220;Credo che i temi che andremo ad affrontare possano offrire spunti concreti e interessanti per coloro i quali guardano con attenzione all&#8217;evoluzione del turismo, dell&#8217;ospitalit\u00e0, dell&#8217;architettura e degli investimenti in montagna, con la sensibilit\u00e0 di chi la montagna la vive, la rispetta e la ama&#8221;, aggiunge l&#8217;architetto Piccin.<\/p>\n<p>Il programma prevede l&#8217;apertura istituzionale a cura di Christian Siorpaes, presidente ATIC, seguita dalla proiezione del film &#8220;Il tempo della montagna. ArchitetturAlpinA in dieci storie&#8221;, presentato dall&#8217;architetto Alberto Alpago Novello, presidente dell&#8217;Ordine degli Architetti di Belluno. La tavola rotonda che segue \u00e8 articolata attorno ai tre assi geografici dell&#8217;arco alpino, orientale, centrale e occidentale, e moderata dall&#8217;architetto Ambra Piccin. L&#8217;evento \u00e8 accreditato per il rilascio di 3 CFP per Architetti.<\/p>\n<p>Il simposio si ispira e si ricollega idealmente al Manifesto dell&#8217;Associazione Architetti dell&#8217;Arco Alpino, di cui riprende lo spirito e le istanze fondamentali: la tutela dell&#8217;identit\u00e0 costruttiva alpina, il dialogo tra tradizione e innovazione, la responsabilit\u00e0 collettiva verso il paesaggio e le comunit\u00e0 che lo abitano.<br \/>\n&#8220;Costruire nelle Alpi \u00e8 diverso rispetto a qualsiasi altro luogo: le condizioni sono estreme, la memoria tenace, lo sviluppo impetuoso e disordinato. L&#8217;associazione Architetti Arco Alpino nasce con lo scopo di creare sinergie tra i propri componenti e di coordinare le iniziative legate alle tematiche culturali e professionali con rilevante caratterizzazione alpina. AAA agisce con la consapevolezza che le affinit\u00e0 delle caratteristiche geografiche delle montagne alpine hanno sempre determinato e determinano tutt&#8217;oggi problemi ed esigenze simili che superano ogni possibile distanza geografica, differenza linguistica o tradizione locale.&#8221;<br \/>\nNelle loro attivit\u00e0, evidenziano alcune direttive fondamentali:<br \/>\nPianificazione strategica: Richiedono agli enti locali di superare logiche frammentate e di adottare una visione d&#8217;insieme per tutto l&#8217;arco alpino, integrando le infrastrutture con la tutela paesaggistica e ambientale.<br \/>\nDialogo costante: Spingono per un rapporto pi\u00f9 continuativo tra amministratori, architetti, imprenditori e abitanti, sottolineando che le decisioni urbanistiche ed edilizie incidono direttamente sulla tenuta sociale dei piccoli comuni.<br \/>\nRiqualificazione contro il consumo di suolo: Incoraggiano le istituzioni a favorire il recupero e la rifunzionalizzazione del patrimonio storico ed edilizio esistente (evitando i &#8220;falsi storici&#8221;) piuttosto che promuovere nuove e indiscriminate cementificazioni.<br \/>\nFilm-manifesto: Attraverso il docufilm &#8220;Il tempo della montagna&#8221;, promosso proprio dall&#8217;associazione, hanno portato all&#8217;attenzione nazionale ed europea dieci storie virtuose, dimostrando alle istituzioni che un&#8217;architettura alpina contemporanea e rispettosa dell&#8217;identit\u00e0 locale non \u00e8 solo possibile, ma necessaria.<\/p>\n<p><strong>I relatori, provenienti da tutto l&#8217;arco alpino<\/strong><\/p>\n<p>Arch. Fabiola de Battista, ing. Hansj\u00f6rg Weger, arch. Alessandro Costanzia (Studio BlueArch), arch. Monica Gasperini, arch. Andrea Forni, arch. Alfredo Vanotti, arch. Paola Zannoni (Fondazione Architettura Belluno Dolomiti), Alessandro Maggioni (Arzan\u00e0 per gli eventi centenario IUAV Venezia), prof. arch. Tommaso Tommasi, prof. arch. Paolo Maria Fumagalli (Politecnico di Milano).<\/p>\n<p><strong>Chi \u00e8 ATIC<\/strong><\/p>\n<p>ATIC, Associazione Tecnici Integrati Cortina d&#8217;Ampezzo, riunisce professionisti di diverse discipline \u2014 architetti, ingegneri, geometri, periti edili, geologi, dottori forestali, urbanisti e designer d&#8217;interni \u2014 operanti nel territorio di Cortina d&#8217;Ampezzo. Associazione senza scopo di lucro e indipendente da ogni affiliazione politica, ATIC ha tra i suoi scopi fondamentali promuovere la collaborazione tra professionisti e i rispettivi Ordini e Collegi, favorire il confronto con le Pubbliche Amministrazioni per migliorare la qualit\u00e0 della pianificazione territoriale, e organizzare iniziative di formazione e approfondimento tecnico-scientifico. ATIC agisce inoltre per la tutela dello stile architettonico montano, dolomitico e ampezzano, per la protezione dell&#8217;ambiente montano, per l&#8217;efficienza energetica delle costruzioni, per la lotta allo spopolamento della montagna e per la promozione dell&#8217;economia montana. Il simposio &#8220;Le Alpi da Oriente a Occidente&#8221; \u00e8 la prima grande iniziativa pubblica dell&#8217;Associazione a scala nazionale, e incarna direttamente i valori che ne ispirano l&#8217;azione: dialogo, qualit\u00e0 progettuale, responsabilit\u00e0 verso il territorio e le comunit\u00e0 che lo abitano.<\/p>\n<p><strong>NOTE E APPROFONDIMENTI<\/strong><\/p>\n<p>Il Film &#8220;Il tempo della montagna. ArchitetturAlpinA in dieci storie&#8221;: Ideato e promosso dall&#8217;Associazione Architetti Arco Alpino e prodotto da Muse Factory of Projects, il film \u00e8 diretto da Francesca Molteni e Davide Fois.<br \/>\nL&#8217;opera \u00e8 un viaggio corale lungo oltre 1.200 km attraverso l&#8217;arco alpino, che racconta 10 progetti di architettura in 10 territori diversi. Attraverso le storie di abitanti, amministratori, studenti e artigiani, il documentario esplora il rapporto tra uomo e natura, lo spopolamento dei territori montani e le pratiche di rigenerazione sostenibile.<\/p>\n<p>ATIC \u2013 Associazione Tecnici Integrati Cortina: \u00e8 rappresentata dagli Architetti Christian Siorpaes e Ambra Piccin di Cortina d&#8217;Ampezzo, rispettivamente presidente e vicepresidente dell&#8217;Associazione.<\/p>\n<p>CORTINA DESIGN WEEKEND 2026 &#8211; 16 19 luglio 2026 | Cortina d&#8217;Ampezzo<br \/>\nIL PROGETTO: Cortina Design Weekend nasce come uno dei primi appuntamenti dedicati alla riflessione sulla legacy di Milano Cortina 2026. Realizzato in co-organizzazione con il Comune di Cortina d&#8217;Ampezzo, Cortina ForUs e con il supporto editoriale di The Plan, l&#8217;evento riunisce professionisti, aziende, istituzioni e stakeholder del territorio per confrontarsi sui temi del design, dell&#8217;innovazione, dell&#8217;ospitalit\u00e0 e del futuro della montagna contemporanea. Attraverso un programma di talk, visite esclusive, installazioni e momenti di networking, Cortina Design Weekend intende promuovere una visione condivisa delle trasformazioni che stanno interessando il territorio alpino, valorizzando le eccellenze progettuali e imprenditoriali che ne stanno guidando l&#8217;evoluzione.<\/p>\n<p>Il Cortina Design Weekend 2026 si svolge dal 16 al 19 luglio a Cortina d&#8217;Ampezzo, in co-organizzazione con il Comune di Cortina d&#8217;Ampezzo e con il supporto editoriale di The Plan. Info e iscrizioni su cortinadesignweekend.it<\/p>","protected":false},"excerpt":{"rendered":"<p>Gioved\u00ec 16 luglio 2026, dalle ore 15.00 alle 18.00, la Alexander Girardi Hall di Cortina d&#8217;Ampezzo ospita &#8220;Le Alpi da Oriente a Occidente. Simposio su Architettura, Ospitalit\u00e0 e nuovi modi di abitare la Montagna&#8221;, ideato e promosso dall&#8217;Ordine degli Architetti di Belluno, dalla Fondazione Architettura Belluno Dolomiti e da ATIC, Associazione Tecnici Integrati di Cortina [&hellip;]<\/p>\n","protected":false},"author":2,"featured_media":171863,"comment_status":"closed","ping_status":"open","sticky":false,"template":"","format":"standard","meta":{"footnotes":""},"categories":[27,36,25],"tags":[],"class_list":["post-171862","post","type-post","status-publish","format-standard","has-post-thumbnail","category-appuntamenti","category-lavoro-economia","category-pausa-caffe"],"yoast_head":"<!-- This site is optimized with the Yoast SEO plugin v28.4 - https:\/\/yoast.com\/product\/yoast-seo-wordpress\/ -->\n<title>ATIC porta a Cortina il primo grande simposio sull&#039;architettura alpina contemporanea - Bellunopress - Dolomiti<\/title>\n<meta name=\"robots\" content=\"index, follow, max-snippet:-1, max-image-preview:large, max-video-preview:-1\" \/>\n<link rel=\"canonical\" href=\"https:\/\/www.bellunopress.it\/fr\/2026\/07\/12\/atic-porta-a-cortina-il-primo-grande-simposio-sullarchitettura-alpina-contemporanea\/\" \/>\n<meta property=\"og:locale\" content=\"fr_FR\" \/>\n<meta property=\"og:type\" content=\"article\" \/>\n<meta property=\"og:title\" content=\"ATIC porta a Cortina il primo grande simposio sull&#039;architettura alpina contemporanea - Bellunopress - Dolomiti\" \/>\n<meta property=\"og:description\" content=\"Gioved\u00ec 16 luglio 2026, dalle ore 15.00 alle 18.00, la Alexander Girardi Hall di Cortina d&#8217;Ampezzo ospita &#8220;Le Alpi da Oriente a Occidente. Simposio su Architettura, Ospitalit\u00e0 e nuovi modi di abitare la Montagna&#8221;, ideato e promosso dall&#8217;Ordine degli Architetti di Belluno, dalla Fondazione Architettura Belluno Dolomiti e da ATIC, Associazione Tecnici Integrati di Cortina [&hellip;]\" \/>\n<meta property=\"og:url\" content=\"https:\/\/www.bellunopress.it\/fr\/2026\/07\/12\/atic-porta-a-cortina-il-primo-grande-simposio-sullarchitettura-alpina-contemporanea\/\" \/>\n<meta property=\"og:site_name\" content=\"Bellunopress - Dolomiti\" \/>\n<meta property=\"article:publisher\" content=\"https:\/\/www.facebook.com\/profile.php?id=100008943462799\" \/>\n<meta property=\"article:published_time\" content=\"2026-07-12T16:09:32+00:00\" \/>\n<meta property=\"og:image\" content=\"https:\/\/www.bellunopress.it\/wp-content\/uploads\/2026\/07\/Ambra-Piccin-ATIC.jpg\" \/>\n\t<meta property=\"og:image:width\" content=\"477\" \/>\n\t<meta property=\"og:image:height\" content=\"600\" \/>\n\t<meta property=\"og:image:type\" content=\"image\/jpeg\" \/>\n<meta name=\"author\" content=\"redazione\" \/>\n<meta name=\"twitter:card\" content=\"summary_large_image\" \/>\n<meta name=\"twitter:creator\" content=\"@bellunopress\" \/>\n<meta name=\"twitter:site\" content=\"@bellunopress\" \/>\n<meta name=\"twitter:label1\" content=\"\u00c9crit par\" \/>\n\t<meta name=\"twitter:data1\" content=\"redazione\" \/>\n\t<meta name=\"twitter:label2\" content=\"Dur\u00e9e de lecture estim\u00e9e\" \/>\n\t<meta name=\"twitter:data2\" content=\"7 minutes\" \/>\n<script type=\"application\/ld+json\" class=\"yoast-schema-graph\">{\"@context\":\"https:\\\/\\\/schema.org\",\"@graph\":[{\"@type\":\"Article\",\"@id\":\"https:\\\/\\\/www.bellunopress.it\\\/2026\\\/07\\\/12\\\/atic-porta-a-cortina-il-primo-grande-simposio-sullarchitettura-alpina-contemporanea\\\/#article\",\"isPartOf\":{\"@id\":\"https:\\\/\\\/www.bellunopress.it\\\/2026\\\/07\\\/12\\\/atic-porta-a-cortina-il-primo-grande-simposio-sullarchitettura-alpina-contemporanea\\\/\"},\"author\":{\"name\":\"redazione\",\"@id\":\"https:\\\/\\\/www.bellunopress.it\\\/#\\\/schema\\\/person\\\/79bb06722b37ece1c03d3e94beb30d73\"},\"headline\":\"ATIC porta a Cortina il primo grande simposio sull&#8217;architettura alpina contemporanea\",\"datePublished\":\"2026-07-12T16:09:32+00:00\",\"mainEntityOfPage\":{\"@id\":\"https:\\\/\\\/www.bellunopress.it\\\/2026\\\/07\\\/12\\\/atic-porta-a-cortina-il-primo-grande-simposio-sullarchitettura-alpina-contemporanea\\\/\"},\"wordCount\":1338,\"publisher\":{\"@id\":\"https:\\\/\\\/www.bellunopress.it\\\/#organization\"},\"image\":{\"@id\":\"https:\\\/\\\/www.bellunopress.it\\\/2026\\\/07\\\/12\\\/atic-porta-a-cortina-il-primo-grande-simposio-sullarchitettura-alpina-contemporanea\\\/#primaryimage\"},\"thumbnailUrl\":\"https:\\\/\\\/www.bellunopress.it\\\/wp-content\\\/uploads\\\/2026\\\/07\\\/Ambra-Piccin-ATIC.jpg\",\"articleSection\":[\"Appuntamenti, Eventi\",\"Lavoro, Economia, Turismo\",\"Pausa Caff\u00e8\"],\"inLanguage\":\"fr-FR\"},{\"@type\":\"WebPage\",\"@id\":\"https:\\\/\\\/www.bellunopress.it\\\/2026\\\/07\\\/12\\\/atic-porta-a-cortina-il-primo-grande-simposio-sullarchitettura-alpina-contemporanea\\\/\",\"url\":\"https:\\\/\\\/www.bellunopress.it\\\/2026\\\/07\\\/12\\\/atic-porta-a-cortina-il-primo-grande-simposio-sullarchitettura-alpina-contemporanea\\\/\",\"name\":\"ATIC porta a Cortina il primo grande simposio sull'architettura alpina contemporanea - Bellunopress - Dolomiti\",\"isPartOf\":{\"@id\":\"https:\\\/\\\/www.bellunopress.it\\\/#website\"},\"primaryImageOfPage\":{\"@id\":\"https:\\\/\\\/www.bellunopress.it\\\/2026\\\/07\\\/12\\\/atic-porta-a-cortina-il-primo-grande-simposio-sullarchitettura-alpina-contemporanea\\\/#primaryimage\"},\"image\":{\"@id\":\"https:\\\/\\\/www.bellunopress.it\\\/2026\\\/07\\\/12\\\/atic-porta-a-cortina-il-primo-grande-simposio-sullarchitettura-alpina-contemporanea\\\/#primaryimage\"},\"thumbnailUrl\":\"https:\\\/\\\/www.bellunopress.it\\\/wp-content\\\/uploads\\\/2026\\\/07\\\/Ambra-Piccin-ATIC.jpg\",\"datePublished\":\"2026-07-12T16:09:32+00:00\",\"breadcrumb\":{\"@id\":\"https:\\\/\\\/www.bellunopress.it\\\/2026\\\/07\\\/12\\\/atic-porta-a-cortina-il-primo-grande-simposio-sullarchitettura-alpina-contemporanea\\\/#breadcrumb\"},\"inLanguage\":\"fr-FR\",\"potentialAction\":[{\"@type\":\"ReadAction\",\"target\":[\"https:\\\/\\\/www.bellunopress.it\\\/2026\\\/07\\\/12\\\/atic-porta-a-cortina-il-primo-grande-simposio-sullarchitettura-alpina-contemporanea\\\/\"]}]},{\"@type\":\"ImageObject\",\"inLanguage\":\"fr-FR\",\"@id\":\"https:\\\/\\\/www.bellunopress.it\\\/2026\\\/07\\\/12\\\/atic-porta-a-cortina-il-primo-grande-simposio-sullarchitettura-alpina-contemporanea\\\/#primaryimage\",\"url\":\"https:\\\/\\\/www.bellunopress.it\\\/wp-content\\\/uploads\\\/2026\\\/07\\\/Ambra-Piccin-ATIC.jpg\",\"contentUrl\":\"https:\\\/\\\/www.bellunopress.it\\\/wp-content\\\/uploads\\\/2026\\\/07\\\/Ambra-Piccin-ATIC.jpg\",\"width\":477,\"height\":600,\"caption\":\"Ambra Piccin - Architetto\"},{\"@type\":\"BreadcrumbList\",\"@id\":\"https:\\\/\\\/www.bellunopress.it\\\/2026\\\/07\\\/12\\\/atic-porta-a-cortina-il-primo-grande-simposio-sullarchitettura-alpina-contemporanea\\\/#breadcrumb\",\"itemListElement\":[{\"@type\":\"ListItem\",\"position\":1,\"name\":\"Home\",\"item\":\"https:\\\/\\\/www.bellunopress.it\\\/\"},{\"@type\":\"ListItem\",\"position\":2,\"name\":\"ATIC porta a Cortina il primo grande simposio sull&#8217;architettura alpina contemporanea\"}]},{\"@type\":\"WebSite\",\"@id\":\"https:\\\/\\\/www.bellunopress.it\\\/#website\",\"url\":\"https:\\\/\\\/www.bellunopress.it\\\/\",\"name\":\"Bellunopress - Dolomiti\",\"description\":\"e-mail: redazione@bellunopress.it\",\"publisher\":{\"@id\":\"https:\\\/\\\/www.bellunopress.it\\\/#organization\"},\"potentialAction\":[{\"@type\":\"SearchAction\",\"target\":{\"@type\":\"EntryPoint\",\"urlTemplate\":\"https:\\\/\\\/www.bellunopress.it\\\/?s={search_term_string}\"},\"query-input\":{\"@type\":\"PropertyValueSpecification\",\"valueRequired\":true,\"valueName\":\"search_term_string\"}}],\"inLanguage\":\"fr-FR\"},{\"@type\":\"Organization\",\"@id\":\"https:\\\/\\\/www.bellunopress.it\\\/#organization\",\"name\":\"Bellunopress\",\"url\":\"https:\\\/\\\/www.bellunopress.it\\\/\",\"logo\":{\"@type\":\"ImageObject\",\"inLanguage\":\"fr-FR\",\"@id\":\"https:\\\/\\\/www.bellunopress.it\\\/#\\\/schema\\\/logo\\\/image\\\/\",\"url\":\"https:\\\/\\\/www.bellunopress.it\\\/wp-content\\\/uploads\\\/2011\\\/05\\\/cropped-logo-bellunopress-.jpg\",\"contentUrl\":\"https:\\\/\\\/www.bellunopress.it\\\/wp-content\\\/uploads\\\/2011\\\/05\\\/cropped-logo-bellunopress-.jpg\",\"width\":512,\"height\":512,\"caption\":\"Bellunopress\"},\"image\":{\"@id\":\"https:\\\/\\\/www.bellunopress.it\\\/#\\\/schema\\\/logo\\\/image\\\/\"},\"sameAs\":[\"https:\\\/\\\/www.facebook.com\\\/profile.php?id=100008943462799\",\"https:\\\/\\\/x.com\\\/bellunopress\",\"https:\\\/\\\/www.linkedin.com\\\/hp\\\/?dnr=JBzUWaJfMUw8vbXJJ2tVW5-I3jZKvC4wsoxE&amp;amp;amp;amp;amp;amp;trk=nav_responsive_tab_home\",\"https:\\\/\\\/www.youtube.com\\\/channel\\\/UCxL0wu1uN0_3_7hGG0306cw\"]},{\"@type\":\"Person\",\"@id\":\"https:\\\/\\\/www.bellunopress.it\\\/#\\\/schema\\\/person\\\/79bb06722b37ece1c03d3e94beb30d73\",\"name\":\"redazione\",\"image\":{\"@type\":\"ImageObject\",\"inLanguage\":\"fr-FR\",\"@id\":\"https:\\\/\\\/secure.gravatar.com\\\/avatar\\\/37d968a2e67a6fd04c169c4bdef102d0bc5d31b2546345219e348575eb80e9a0?s=96&d=mm&r=g\",\"url\":\"https:\\\/\\\/secure.gravatar.com\\\/avatar\\\/37d968a2e67a6fd04c169c4bdef102d0bc5d31b2546345219e348575eb80e9a0?s=96&d=mm&r=g\",\"contentUrl\":\"https:\\\/\\\/secure.gravatar.com\\\/avatar\\\/37d968a2e67a6fd04c169c4bdef102d0bc5d31b2546345219e348575eb80e9a0?s=96&d=mm&r=g\",\"caption\":\"redazione\"},\"sameAs\":[\"http:\\\/\\\/www.bellunopress.it\",\"https:\\\/\\\/x.com\\\/bellunopress\"],\"url\":\"https:\\\/\\\/www.bellunopress.it\\\/fr\\\/author\\\/redazione\\\/\"}]}<\/script>\n<!-- \/ Yoast SEO plugin. -->","yoast_head_json":{"title":"ATIC porta a Cortina il primo grande simposio sull'architettura alpina contemporanea - Bellunopress - Dolomiti","robots":{"index":"index","follow":"follow","max-snippet":"max-snippet:-1","max-image-preview":"max-image-preview:large","max-video-preview":"max-video-preview:-1"},"canonical":"https:\/\/www.bellunopress.it\/fr\/2026\/07\/12\/atic-porta-a-cortina-il-primo-grande-simposio-sullarchitettura-alpina-contemporanea\/","og_locale":"fr_FR","og_type":"article","og_title":"ATIC porta a Cortina il primo grande simposio sull'architettura alpina contemporanea - Bellunopress - Dolomiti","og_description":"Gioved\u00ec 16 luglio 2026, dalle ore 15.00 alle 18.00, la Alexander Girardi Hall di Cortina d&#8217;Ampezzo ospita &#8220;Le Alpi da Oriente a Occidente. Simposio su Architettura, Ospitalit\u00e0 e nuovi modi di abitare la Montagna&#8221;, ideato e promosso dall&#8217;Ordine degli Architetti di Belluno, dalla Fondazione Architettura Belluno Dolomiti e da ATIC, Associazione Tecnici Integrati di Cortina [&hellip;]","og_url":"https:\/\/www.bellunopress.it\/fr\/2026\/07\/12\/atic-porta-a-cortina-il-primo-grande-simposio-sullarchitettura-alpina-contemporanea\/","og_site_name":"Bellunopress - Dolomiti","article_publisher":"https:\/\/www.facebook.com\/profile.php?id=100008943462799","article_published_time":"2026-07-12T16:09:32+00:00","og_image":[{"width":477,"height":600,"url":"https:\/\/www.bellunopress.it\/wp-content\/uploads\/2026\/07\/Ambra-Piccin-ATIC.jpg","type":"image\/jpeg"}],"author":"redazione","twitter_card":"summary_large_image","twitter_creator":"@bellunopress","twitter_site":"@bellunopress","twitter_misc":{"\u00c9crit par":"redazione","Dur\u00e9e de lecture estim\u00e9e":"7 minutes"},"schema":{"@context":"https:\/\/schema.org","@graph":[{"@type":"Article","@id":"https:\/\/www.bellunopress.it\/2026\/07\/12\/atic-porta-a-cortina-il-primo-grande-simposio-sullarchitettura-alpina-contemporanea\/#article","isPartOf":{"@id":"https:\/\/www.bellunopress.it\/2026\/07\/12\/atic-porta-a-cortina-il-primo-grande-simposio-sullarchitettura-alpina-contemporanea\/"},"author":{"name":"redazione","@id":"https:\/\/www.bellunopress.it\/#\/schema\/person\/79bb06722b37ece1c03d3e94beb30d73"},"headline":"ATIC porta a Cortina il primo grande simposio sull&#8217;architettura alpina contemporanea","datePublished":"2026-07-12T16:09:32+00:00","mainEntityOfPage":{"@id":"https:\/\/www.bellunopress.it\/2026\/07\/12\/atic-porta-a-cortina-il-primo-grande-simposio-sullarchitettura-alpina-contemporanea\/"},"wordCount":1338,"publisher":{"@id":"https:\/\/www.bellunopress.it\/#organization"},"image":{"@id":"https:\/\/www.bellunopress.it\/2026\/07\/12\/atic-porta-a-cortina-il-primo-grande-simposio-sullarchitettura-alpina-contemporanea\/#primaryimage"},"thumbnailUrl":"https:\/\/www.bellunopress.it\/wp-content\/uploads\/2026\/07\/Ambra-Piccin-ATIC.jpg","articleSection":["Appuntamenti, Eventi","Lavoro, Economia, Turismo","Pausa Caff\u00e8"],"inLanguage":"fr-FR"},{"@type":"WebPage","@id":"https:\/\/www.bellunopress.it\/2026\/07\/12\/atic-porta-a-cortina-il-primo-grande-simposio-sullarchitettura-alpina-contemporanea\/","url":"https:\/\/www.bellunopress.it\/2026\/07\/12\/atic-porta-a-cortina-il-primo-grande-simposio-sullarchitettura-alpina-contemporanea\/","name":"ATIC porta a Cortina il primo grande simposio sull'architettura alpina contemporanea - Bellunopress - Dolomiti","isPartOf":{"@id":"https:\/\/www.bellunopress.it\/#website"},"primaryImageOfPage":{"@id":"https:\/\/www.bellunopress.it\/2026\/07\/12\/atic-porta-a-cortina-il-primo-grande-simposio-sullarchitettura-alpina-contemporanea\/#primaryimage"},"image":{"@id":"https:\/\/www.bellunopress.it\/2026\/07\/12\/atic-porta-a-cortina-il-primo-grande-simposio-sullarchitettura-alpina-contemporanea\/#primaryimage"},"thumbnailUrl":"https:\/\/www.bellunopress.it\/wp-content\/uploads\/2026\/07\/Ambra-Piccin-ATIC.jpg","datePublished":"2026-07-12T16:09:32+00:00","breadcrumb":{"@id":"https:\/\/www.bellunopress.it\/2026\/07\/12\/atic-porta-a-cortina-il-primo-grande-simposio-sullarchitettura-alpina-contemporanea\/#breadcrumb"},"inLanguage":"fr-FR","potentialAction":[{"@type":"ReadAction","target":["https:\/\/www.bellunopress.it\/2026\/07\/12\/atic-porta-a-cortina-il-primo-grande-simposio-sullarchitettura-alpina-contemporanea\/"]}]},{"@type":"ImageObject","inLanguage":"fr-FR","@id":"https:\/\/www.bellunopress.it\/2026\/07\/12\/atic-porta-a-cortina-il-primo-grande-simposio-sullarchitettura-alpina-contemporanea\/#primaryimage","url":"https:\/\/www.bellunopress.it\/wp-content\/uploads\/2026\/07\/Ambra-Piccin-ATIC.jpg","contentUrl":"https:\/\/www.bellunopress.it\/wp-content\/uploads\/2026\/07\/Ambra-Piccin-ATIC.jpg","width":477,"height":600,"caption":"Ambra Piccin - Architetto"},{"@type":"BreadcrumbList","@id":"https:\/\/www.bellunopress.it\/2026\/07\/12\/atic-porta-a-cortina-il-primo-grande-simposio-sullarchitettura-alpina-contemporanea\/#breadcrumb","itemListElement":[{"@type":"ListItem","position":1,"name":"Home","item":"https:\/\/www.bellunopress.it\/"},{"@type":"ListItem","position":2,"name":"ATIC porta a Cortina il primo grande simposio sull&#8217;architettura alpina contemporanea"}]},{"@type":"WebSite","@id":"https:\/\/www.bellunopress.it\/#website","url":"https:\/\/www.bellunopress.it\/","name":"Bellunopress - Dolomiti","description":"e-mail: redazione@bellunopress.it","publisher":{"@id":"https:\/\/www.bellunopress.it\/#organization"},"potentialAction":[{"@type":"SearchAction","target":{"@type":"EntryPoint","urlTemplate":"https:\/\/www.bellunopress.it\/?s={search_term_string}"},"query-input":{"@type":"PropertyValueSpecification","valueRequired":true,"valueName":"search_term_string"}}],"inLanguage":"fr-FR"},{"@type":"Organization","@id":"https:\/\/www.bellunopress.it\/#organization","name":"Bellunopress","url":"https:\/\/www.bellunopress.it\/","logo":{"@type":"ImageObject","inLanguage":"fr-FR","@id":"https:\/\/www.bellunopress.it\/#\/schema\/logo\/image\/","url":"https:\/\/www.bellunopress.it\/wp-content\/uploads\/2011\/05\/cropped-logo-bellunopress-.jpg","contentUrl":"https:\/\/www.bellunopress.it\/wp-content\/uploads\/2011\/05\/cropped-logo-bellunopress-.jpg","width":512,"height":512,"caption":"Bellunopress"},"image":{"@id":"https:\/\/www.bellunopress.it\/#\/schema\/logo\/image\/"},"sameAs":["https:\/\/www.facebook.com\/profile.php?id=100008943462799","https:\/\/x.com\/bellunopress","https:\/\/www.linkedin.com\/hp\/?dnr=JBzUWaJfMUw8vbXJJ2tVW5-I3jZKvC4wsoxE&amp;amp;amp;amp;amp;amp;trk=nav_responsive_tab_home","https:\/\/www.youtube.com\/channel\/UCxL0wu1uN0_3_7hGG0306cw"]},{"@type":"Person","@id":"https:\/\/www.bellunopress.it\/#\/schema\/person\/79bb06722b37ece1c03d3e94beb30d73","name":"r\u00e9daction","image":{"@type":"ImageObject","inLanguage":"fr-FR","@id":"https:\/\/secure.gravatar.com\/avatar\/37d968a2e67a6fd04c169c4bdef102d0bc5d31b2546345219e348575eb80e9a0?s=96&d=mm&r=g","url":"https:\/\/secure.gravatar.com\/avatar\/37d968a2e67a6fd04c169c4bdef102d0bc5d31b2546345219e348575eb80e9a0?s=96&d=mm&r=g","contentUrl":"https:\/\/secure.gravatar.com\/avatar\/37d968a2e67a6fd04c169c4bdef102d0bc5d31b2546345219e348575eb80e9a0?s=96&d=mm&r=g","caption":"redazione"},"sameAs":["http:\/\/www.bellunopress.it","https:\/\/x.com\/bellunopress"],"url":"https:\/\/www.bellunopress.it\/fr\/author\/redazione\/"}]}},"_links":{"self":[{"href":"https:\/\/www.bellunopress.it\/fr\/wp-json\/wp\/v2\/posts\/171862","targetHints":{"allow":["GET"]}}],"collection":[{"href":"https:\/\/www.bellunopress.it\/fr\/wp-json\/wp\/v2\/posts"}],"about":[{"href":"https:\/\/www.bellunopress.it\/fr\/wp-json\/wp\/v2\/types\/post"}],"author":[{"embeddable":true,"href":"https:\/\/www.bellunopress.it\/fr\/wp-json\/wp\/v2\/users\/2"}],"replies":[{"embeddable":true,"href":"https:\/\/www.bellunopress.it\/fr\/wp-json\/wp\/v2\/comments?post=171862"}],"version-history":[{"count":1,"href":"https:\/\/www.bellunopress.it\/fr\/wp-json\/wp\/v2\/posts\/171862\/revisions"}],"predecessor-version":[{"id":171864,"href":"https:\/\/www.bellunopress.it\/fr\/wp-json\/wp\/v2\/posts\/171862\/revisions\/171864"}],"wp:featuredmedia":[{"embeddable":true,"href":"https:\/\/www.bellunopress.it\/fr\/wp-json\/wp\/v2\/media\/171863"}],"wp:attachment":[{"href":"https:\/\/www.bellunopress.it\/fr\/wp-json\/wp\/v2\/media?parent=171862"}],"wp:term":[{"taxonomy":"category","embeddable":true,"href":"https:\/\/www.bellunopress.it\/fr\/wp-json\/wp\/v2\/categories?post=171862"},{"taxonomy":"post_tag","embeddable":true,"href":"https:\/\/www.bellunopress.it\/fr\/wp-json\/wp\/v2\/tags?post=171862"}],"curies":[{"name":"wp","href":"https:\/\/api.w.org\/{rel}","templated":true}]}}