{"id":171859,"date":"2026-07-12T13:55:16","date_gmt":"2026-07-12T11:55:16","guid":{"rendered":"https:\/\/www.bellunopress.it\/?p=171859"},"modified":"2026-07-12T13:55:16","modified_gmt":"2026-07-12T11:55:16","slug":"olimpiadi-in-veneto-il-caso-dei-150-milioni-bloccati-nel-bilancio-regionale","status":"publish","type":"post","link":"https:\/\/www.bellunopress.it\/fr\/2026\/07\/12\/olimpiadi-in-veneto-il-caso-dei-150-milioni-bloccati-nel-bilancio-regionale\/","title":{"rendered":"Olimpiadi in Veneto: il caso dei 150 milioni &#8220;bloccati&#8221; nel bilancio regionale"},"content":{"rendered":"<p>Venezia, 12\/07\/2026 \u2013 Si accende lo scontro politico in Consiglio regionale del Veneto attorno a una cifra che, nelle parole dell&#8217;opposizione, rischia di compromettere il futuro dei servizi pubblici regionali: 152.971.830,92 euro. Questa \u00e8 la somma che, secondo la consigliera regionale Elena Ostanel, risulta attualmente accantonata e &#8220;inutilizzabile&#8221; nel bilancio regionale per coprire il deficit legato all&#8217;organizzazione delle Olimpiadi.<\/p>\n<p>&#8220;Oggi in Veneto abbiamo pi\u00f9 di 150 milioni di euro nel bilancio che sono fermi, inutilizzabili:<br \/>\naccantonati per coprire il deficit delle Olimpiadi&#8221;, dichiara la consigliera Ostanel (Gruppo Consiliare: Allenza Verdi e Sinistra)<\/p>\n<p>La denuncia della consigliera \u00e8 netta: la gestione economica di un grande evento sportivo starebbe sottraendo risorse vitali al welfare, alla sanit\u00e0 e all&#8217;istruzione. Ostanel non usa mezzi termini nel collegare direttamente questa gestione finanziaria alle criticit\u00e0 quotidiane vissute dai cittadini veneti: &#8220;Significa che per pagare la gestione fallimentare di un grande evento, noi<br \/>\nperdiamo servizi. Se aspettate troppo per una visita o se manca personale nei pronto soccorso \u00e8 anche per questo&#8221;.<br \/>\nUn confronto eloquente<\/p>\n<p>Per dare concretezza a una cifra di oltre 150 milioni di euro, Ostanel propone un parallelo di forte impatto sociale: &#8220;Per metterla in prospettiva, ci basti pensare che con quei soldi si potrebbero pagare ogni anno tutte le borse di studio degli universitari della nostra Regione. E avanzerebbero ancora 60 milioni di euro&#8221;.<br \/>\nVerso l&#8217;assestamento di bilancio<\/p>\n<p>La questione \u00e8 destinata a dominare il dibattito politico nelle prossime settimane. Entro la fine di luglio, il Consiglio regionale sar\u00e0 chiamato al voto sull&#8217;assestamento di bilancio. In quell&#8217;occasione, la minoranza chieder\u00e0 conto al Presidente della Regione e alla giunta, sollecitando un bilancio critico non solo sull&#8217;operato attuale, ma sull&#8217;intera linea politica degli ultimi vent&#8217;anni, accusata di aver privilegiato le grandi opere a scapito del tessuto sociale.<br \/>\n&#8220;Siamo di fronte al peso di scelte sbagliate \u2013 conclude Ostanel \u2013 ed \u00e8 tempo di dire basta&#8221;.<\/p>","protected":false},"excerpt":{"rendered":"<p>Venezia, 12\/07\/2026 \u2013 Si accende lo scontro politico in Consiglio regionale del Veneto attorno a una cifra che, nelle parole dell&#8217;opposizione, rischia di compromettere il futuro dei servizi pubblici regionali: 152.971.830,92 euro. Questa \u00e8 la somma che, secondo la consigliera regionale Elena Ostanel, risulta attualmente accantonata e &#8220;inutilizzabile&#8221; nel bilancio regionale per coprire il deficit [&hellip;]<\/p>\n","protected":false},"author":2,"featured_media":124634,"comment_status":"closed","ping_status":"open","sticky":false,"template":"","format":"standard","meta":{"footnotes":""},"categories":[5,26],"tags":[],"class_list":["post-171859","post","type-post","status-publish","format-standard","has-post-thumbnail","category-cronaca","category-prima-pagina"],"yoast_head":"<!-- This site is optimized with the Yoast SEO plugin v28.4 - https:\/\/yoast.com\/product\/yoast-seo-wordpress\/ -->\n<title>Olimpiadi in Veneto: il caso dei 150 milioni &quot;bloccati&quot; nel bilancio regionale - Bellunopress - Dolomiti<\/title>\n<meta name=\"robots\" content=\"index, follow, max-snippet:-1, max-image-preview:large, max-video-preview:-1\" \/>\n<link rel=\"canonical\" href=\"https:\/\/www.bellunopress.it\/fr\/2026\/07\/12\/olimpiadi-in-veneto-il-caso-dei-150-milioni-bloccati-nel-bilancio-regionale\/\" \/>\n<meta property=\"og:locale\" content=\"fr_FR\" \/>\n<meta property=\"og:type\" content=\"article\" \/>\n<meta property=\"og:title\" content=\"Olimpiadi in Veneto: il caso dei 150 milioni &quot;bloccati&quot; nel bilancio regionale - Bellunopress - Dolomiti\" \/>\n<meta property=\"og:description\" content=\"Venezia, 12\/07\/2026 \u2013 Si accende lo scontro politico in Consiglio regionale del Veneto attorno a una cifra che, nelle parole dell&#8217;opposizione, rischia di compromettere il futuro dei servizi pubblici regionali: 152.971.830,92 euro. Questa \u00e8 la somma che, secondo la consigliera regionale Elena Ostanel, risulta attualmente accantonata e &#8220;inutilizzabile&#8221; nel bilancio regionale per coprire il deficit [&hellip;]\" \/>\n<meta property=\"og:url\" content=\"https:\/\/www.bellunopress.it\/fr\/2026\/07\/12\/olimpiadi-in-veneto-il-caso-dei-150-milioni-bloccati-nel-bilancio-regionale\/\" \/>\n<meta property=\"og:site_name\" content=\"Bellunopress - Dolomiti\" \/>\n<meta property=\"article:publisher\" content=\"https:\/\/www.facebook.com\/profile.php?id=100008943462799\" \/>\n<meta property=\"article:published_time\" content=\"2026-07-12T11:55:16+00:00\" \/>\n<meta property=\"og:image\" content=\"https:\/\/www.bellunopress.it\/wp-content\/uploads\/2021\/05\/Elena-Ostanel_edited.jpg\" \/>\n\t<meta property=\"og:image:width\" content=\"980\" \/>\n\t<meta property=\"og:image:height\" content=\"980\" \/>\n\t<meta property=\"og:image:type\" content=\"image\/jpeg\" \/>\n<meta name=\"author\" content=\"redazione\" \/>\n<meta name=\"twitter:card\" content=\"summary_large_image\" \/>\n<meta name=\"twitter:creator\" content=\"@bellunopress\" \/>\n<meta name=\"twitter:site\" content=\"@bellunopress\" \/>\n<meta name=\"twitter:label1\" content=\"\u00c9crit par\" \/>\n\t<meta name=\"twitter:data1\" content=\"redazione\" \/>\n\t<meta name=\"twitter:label2\" content=\"Dur\u00e9e de lecture estim\u00e9e\" \/>\n\t<meta name=\"twitter:data2\" content=\"2 minutes\" \/>\n<script type=\"application\/ld+json\" class=\"yoast-schema-graph\">{\"@context\":\"https:\\\/\\\/schema.org\",\"@graph\":[{\"@type\":\"Article\",\"@id\":\"https:\\\/\\\/www.bellunopress.it\\\/2026\\\/07\\\/12\\\/olimpiadi-in-veneto-il-caso-dei-150-milioni-bloccati-nel-bilancio-regionale\\\/#article\",\"isPartOf\":{\"@id\":\"https:\\\/\\\/www.bellunopress.it\\\/2026\\\/07\\\/12\\\/olimpiadi-in-veneto-il-caso-dei-150-milioni-bloccati-nel-bilancio-regionale\\\/\"},\"author\":{\"name\":\"redazione\",\"@id\":\"https:\\\/\\\/www.bellunopress.it\\\/#\\\/schema\\\/person\\\/79bb06722b37ece1c03d3e94beb30d73\"},\"headline\":\"Olimpiadi in Veneto: il caso dei 150 milioni &#8220;bloccati&#8221; nel bilancio regionale\",\"datePublished\":\"2026-07-12T11:55:16+00:00\",\"mainEntityOfPage\":{\"@id\":\"https:\\\/\\\/www.bellunopress.it\\\/2026\\\/07\\\/12\\\/olimpiadi-in-veneto-il-caso-dei-150-milioni-bloccati-nel-bilancio-regionale\\\/\"},\"wordCount\":317,\"publisher\":{\"@id\":\"https:\\\/\\\/www.bellunopress.it\\\/#organization\"},\"image\":{\"@id\":\"https:\\\/\\\/www.bellunopress.it\\\/2026\\\/07\\\/12\\\/olimpiadi-in-veneto-il-caso-dei-150-milioni-bloccati-nel-bilancio-regionale\\\/#primaryimage\"},\"thumbnailUrl\":\"https:\\\/\\\/www.bellunopress.it\\\/wp-content\\\/uploads\\\/2021\\\/05\\\/Elena-Ostanel_edited.jpg\",\"articleSection\":[\"Cronaca\\\/Politica\",\"Prima Pagina\"],\"inLanguage\":\"fr-FR\"},{\"@type\":\"WebPage\",\"@id\":\"https:\\\/\\\/www.bellunopress.it\\\/2026\\\/07\\\/12\\\/olimpiadi-in-veneto-il-caso-dei-150-milioni-bloccati-nel-bilancio-regionale\\\/\",\"url\":\"https:\\\/\\\/www.bellunopress.it\\\/2026\\\/07\\\/12\\\/olimpiadi-in-veneto-il-caso-dei-150-milioni-bloccati-nel-bilancio-regionale\\\/\",\"name\":\"Olimpiadi in Veneto: il caso dei 150 milioni \\\"bloccati\\\" nel bilancio regionale - Bellunopress - Dolomiti\",\"isPartOf\":{\"@id\":\"https:\\\/\\\/www.bellunopress.it\\\/#website\"},\"primaryImageOfPage\":{\"@id\":\"https:\\\/\\\/www.bellunopress.it\\\/2026\\\/07\\\/12\\\/olimpiadi-in-veneto-il-caso-dei-150-milioni-bloccati-nel-bilancio-regionale\\\/#primaryimage\"},\"image\":{\"@id\":\"https:\\\/\\\/www.bellunopress.it\\\/2026\\\/07\\\/12\\\/olimpiadi-in-veneto-il-caso-dei-150-milioni-bloccati-nel-bilancio-regionale\\\/#primaryimage\"},\"thumbnailUrl\":\"https:\\\/\\\/www.bellunopress.it\\\/wp-content\\\/uploads\\\/2021\\\/05\\\/Elena-Ostanel_edited.jpg\",\"datePublished\":\"2026-07-12T11:55:16+00:00\",\"breadcrumb\":{\"@id\":\"https:\\\/\\\/www.bellunopress.it\\\/2026\\\/07\\\/12\\\/olimpiadi-in-veneto-il-caso-dei-150-milioni-bloccati-nel-bilancio-regionale\\\/#breadcrumb\"},\"inLanguage\":\"fr-FR\",\"potentialAction\":[{\"@type\":\"ReadAction\",\"target\":[\"https:\\\/\\\/www.bellunopress.it\\\/2026\\\/07\\\/12\\\/olimpiadi-in-veneto-il-caso-dei-150-milioni-bloccati-nel-bilancio-regionale\\\/\"]}]},{\"@type\":\"ImageObject\",\"inLanguage\":\"fr-FR\",\"@id\":\"https:\\\/\\\/www.bellunopress.it\\\/2026\\\/07\\\/12\\\/olimpiadi-in-veneto-il-caso-dei-150-milioni-bloccati-nel-bilancio-regionale\\\/#primaryimage\",\"url\":\"https:\\\/\\\/www.bellunopress.it\\\/wp-content\\\/uploads\\\/2021\\\/05\\\/Elena-Ostanel_edited.jpg\",\"contentUrl\":\"https:\\\/\\\/www.bellunopress.it\\\/wp-content\\\/uploads\\\/2021\\\/05\\\/Elena-Ostanel_edited.jpg\",\"width\":980,\"height\":980,\"caption\":\"Elena Ostanel - Consigliera regionale Veneto che vogliamo\"},{\"@type\":\"BreadcrumbList\",\"@id\":\"https:\\\/\\\/www.bellunopress.it\\\/2026\\\/07\\\/12\\\/olimpiadi-in-veneto-il-caso-dei-150-milioni-bloccati-nel-bilancio-regionale\\\/#breadcrumb\",\"itemListElement\":[{\"@type\":\"ListItem\",\"position\":1,\"name\":\"Home\",\"item\":\"https:\\\/\\\/www.bellunopress.it\\\/\"},{\"@type\":\"ListItem\",\"position\":2,\"name\":\"Olimpiadi in Veneto: il caso dei 150 milioni &#8220;bloccati&#8221; nel bilancio regionale\"}]},{\"@type\":\"WebSite\",\"@id\":\"https:\\\/\\\/www.bellunopress.it\\\/#website\",\"url\":\"https:\\\/\\\/www.bellunopress.it\\\/\",\"name\":\"Bellunopress - Dolomiti\",\"description\":\"e-mail: redazione@bellunopress.it\",\"publisher\":{\"@id\":\"https:\\\/\\\/www.bellunopress.it\\\/#organization\"},\"potentialAction\":[{\"@type\":\"SearchAction\",\"target\":{\"@type\":\"EntryPoint\",\"urlTemplate\":\"https:\\\/\\\/www.bellunopress.it\\\/?s={search_term_string}\"},\"query-input\":{\"@type\":\"PropertyValueSpecification\",\"valueRequired\":true,\"valueName\":\"search_term_string\"}}],\"inLanguage\":\"fr-FR\"},{\"@type\":\"Organization\",\"@id\":\"https:\\\/\\\/www.bellunopress.it\\\/#organization\",\"name\":\"Bellunopress\",\"url\":\"https:\\\/\\\/www.bellunopress.it\\\/\",\"logo\":{\"@type\":\"ImageObject\",\"inLanguage\":\"fr-FR\",\"@id\":\"https:\\\/\\\/www.bellunopress.it\\\/#\\\/schema\\\/logo\\\/image\\\/\",\"url\":\"https:\\\/\\\/www.bellunopress.it\\\/wp-content\\\/uploads\\\/2011\\\/05\\\/cropped-logo-bellunopress-.jpg\",\"contentUrl\":\"https:\\\/\\\/www.bellunopress.it\\\/wp-content\\\/uploads\\\/2011\\\/05\\\/cropped-logo-bellunopress-.jpg\",\"width\":512,\"height\":512,\"caption\":\"Bellunopress\"},\"image\":{\"@id\":\"https:\\\/\\\/www.bellunopress.it\\\/#\\\/schema\\\/logo\\\/image\\\/\"},\"sameAs\":[\"https:\\\/\\\/www.facebook.com\\\/profile.php?id=100008943462799\",\"https:\\\/\\\/x.com\\\/bellunopress\",\"https:\\\/\\\/www.linkedin.com\\\/hp\\\/?dnr=JBzUWaJfMUw8vbXJJ2tVW5-I3jZKvC4wsoxE&amp;amp;amp;amp;amp;amp;trk=nav_responsive_tab_home\",\"https:\\\/\\\/www.youtube.com\\\/channel\\\/UCxL0wu1uN0_3_7hGG0306cw\"]},{\"@type\":\"Person\",\"@id\":\"https:\\\/\\\/www.bellunopress.it\\\/#\\\/schema\\\/person\\\/79bb06722b37ece1c03d3e94beb30d73\",\"name\":\"redazione\",\"image\":{\"@type\":\"ImageObject\",\"inLanguage\":\"fr-FR\",\"@id\":\"https:\\\/\\\/secure.gravatar.com\\\/avatar\\\/37d968a2e67a6fd04c169c4bdef102d0bc5d31b2546345219e348575eb80e9a0?s=96&d=mm&r=g\",\"url\":\"https:\\\/\\\/secure.gravatar.com\\\/avatar\\\/37d968a2e67a6fd04c169c4bdef102d0bc5d31b2546345219e348575eb80e9a0?s=96&d=mm&r=g\",\"contentUrl\":\"https:\\\/\\\/secure.gravatar.com\\\/avatar\\\/37d968a2e67a6fd04c169c4bdef102d0bc5d31b2546345219e348575eb80e9a0?s=96&d=mm&r=g\",\"caption\":\"redazione\"},\"sameAs\":[\"http:\\\/\\\/www.bellunopress.it\",\"https:\\\/\\\/x.com\\\/bellunopress\"],\"url\":\"https:\\\/\\\/www.bellunopress.it\\\/fr\\\/author\\\/redazione\\\/\"}]}<\/script>\n<!-- \/ Yoast SEO plugin. -->","yoast_head_json":{"title":"Olimpiadi in Veneto: il caso dei 150 milioni \"bloccati\" nel bilancio regionale - Bellunopress - Dolomiti","robots":{"index":"index","follow":"follow","max-snippet":"max-snippet:-1","max-image-preview":"max-image-preview:large","max-video-preview":"max-video-preview:-1"},"canonical":"https:\/\/www.bellunopress.it\/fr\/2026\/07\/12\/olimpiadi-in-veneto-il-caso-dei-150-milioni-bloccati-nel-bilancio-regionale\/","og_locale":"fr_FR","og_type":"article","og_title":"Olimpiadi in Veneto: il caso dei 150 milioni \"bloccati\" nel bilancio regionale - Bellunopress - Dolomiti","og_description":"Venezia, 12\/07\/2026 \u2013 Si accende lo scontro politico in Consiglio regionale del Veneto attorno a una cifra che, nelle parole dell&#8217;opposizione, rischia di compromettere il futuro dei servizi pubblici regionali: 152.971.830,92 euro. Questa \u00e8 la somma che, secondo la consigliera regionale Elena Ostanel, risulta attualmente accantonata e &#8220;inutilizzabile&#8221; nel bilancio regionale per coprire il deficit [&hellip;]","og_url":"https:\/\/www.bellunopress.it\/fr\/2026\/07\/12\/olimpiadi-in-veneto-il-caso-dei-150-milioni-bloccati-nel-bilancio-regionale\/","og_site_name":"Bellunopress - Dolomiti","article_publisher":"https:\/\/www.facebook.com\/profile.php?id=100008943462799","article_published_time":"2026-07-12T11:55:16+00:00","og_image":[{"width":980,"height":980,"url":"https:\/\/www.bellunopress.it\/wp-content\/uploads\/2021\/05\/Elena-Ostanel_edited.jpg","type":"image\/jpeg"}],"author":"redazione","twitter_card":"summary_large_image","twitter_creator":"@bellunopress","twitter_site":"@bellunopress","twitter_misc":{"\u00c9crit par":"redazione","Dur\u00e9e de lecture estim\u00e9e":"2 minutes"},"schema":{"@context":"https:\/\/schema.org","@graph":[{"@type":"Article","@id":"https:\/\/www.bellunopress.it\/2026\/07\/12\/olimpiadi-in-veneto-il-caso-dei-150-milioni-bloccati-nel-bilancio-regionale\/#article","isPartOf":{"@id":"https:\/\/www.bellunopress.it\/2026\/07\/12\/olimpiadi-in-veneto-il-caso-dei-150-milioni-bloccati-nel-bilancio-regionale\/"},"author":{"name":"redazione","@id":"https:\/\/www.bellunopress.it\/#\/schema\/person\/79bb06722b37ece1c03d3e94beb30d73"},"headline":"Olimpiadi in Veneto: il caso dei 150 milioni &#8220;bloccati&#8221; nel bilancio regionale","datePublished":"2026-07-12T11:55:16+00:00","mainEntityOfPage":{"@id":"https:\/\/www.bellunopress.it\/2026\/07\/12\/olimpiadi-in-veneto-il-caso-dei-150-milioni-bloccati-nel-bilancio-regionale\/"},"wordCount":317,"publisher":{"@id":"https:\/\/www.bellunopress.it\/#organization"},"image":{"@id":"https:\/\/www.bellunopress.it\/2026\/07\/12\/olimpiadi-in-veneto-il-caso-dei-150-milioni-bloccati-nel-bilancio-regionale\/#primaryimage"},"thumbnailUrl":"https:\/\/www.bellunopress.it\/wp-content\/uploads\/2021\/05\/Elena-Ostanel_edited.jpg","articleSection":["Cronaca\/Politica","Prima Pagina"],"inLanguage":"fr-FR"},{"@type":"WebPage","@id":"https:\/\/www.bellunopress.it\/2026\/07\/12\/olimpiadi-in-veneto-il-caso-dei-150-milioni-bloccati-nel-bilancio-regionale\/","url":"https:\/\/www.bellunopress.it\/2026\/07\/12\/olimpiadi-in-veneto-il-caso-dei-150-milioni-bloccati-nel-bilancio-regionale\/","name":"Olimpiadi in Veneto: il caso dei 150 milioni \"bloccati\" nel bilancio regionale - Bellunopress - Dolomiti","isPartOf":{"@id":"https:\/\/www.bellunopress.it\/#website"},"primaryImageOfPage":{"@id":"https:\/\/www.bellunopress.it\/2026\/07\/12\/olimpiadi-in-veneto-il-caso-dei-150-milioni-bloccati-nel-bilancio-regionale\/#primaryimage"},"image":{"@id":"https:\/\/www.bellunopress.it\/2026\/07\/12\/olimpiadi-in-veneto-il-caso-dei-150-milioni-bloccati-nel-bilancio-regionale\/#primaryimage"},"thumbnailUrl":"https:\/\/www.bellunopress.it\/wp-content\/uploads\/2021\/05\/Elena-Ostanel_edited.jpg","datePublished":"2026-07-12T11:55:16+00:00","breadcrumb":{"@id":"https:\/\/www.bellunopress.it\/2026\/07\/12\/olimpiadi-in-veneto-il-caso-dei-150-milioni-bloccati-nel-bilancio-regionale\/#breadcrumb"},"inLanguage":"fr-FR","potentialAction":[{"@type":"ReadAction","target":["https:\/\/www.bellunopress.it\/2026\/07\/12\/olimpiadi-in-veneto-il-caso-dei-150-milioni-bloccati-nel-bilancio-regionale\/"]}]},{"@type":"ImageObject","inLanguage":"fr-FR","@id":"https:\/\/www.bellunopress.it\/2026\/07\/12\/olimpiadi-in-veneto-il-caso-dei-150-milioni-bloccati-nel-bilancio-regionale\/#primaryimage","url":"https:\/\/www.bellunopress.it\/wp-content\/uploads\/2021\/05\/Elena-Ostanel_edited.jpg","contentUrl":"https:\/\/www.bellunopress.it\/wp-content\/uploads\/2021\/05\/Elena-Ostanel_edited.jpg","width":980,"height":980,"caption":"Elena Ostanel - Consigliera regionale Veneto che vogliamo"},{"@type":"BreadcrumbList","@id":"https:\/\/www.bellunopress.it\/2026\/07\/12\/olimpiadi-in-veneto-il-caso-dei-150-milioni-bloccati-nel-bilancio-regionale\/#breadcrumb","itemListElement":[{"@type":"ListItem","position":1,"name":"Home","item":"https:\/\/www.bellunopress.it\/"},{"@type":"ListItem","position":2,"name":"Olimpiadi in Veneto: il caso dei 150 milioni &#8220;bloccati&#8221; nel bilancio regionale"}]},{"@type":"WebSite","@id":"https:\/\/www.bellunopress.it\/#website","url":"https:\/\/www.bellunopress.it\/","name":"Bellunopress - Dolomiti","description":"e-mail: redazione@bellunopress.it","publisher":{"@id":"https:\/\/www.bellunopress.it\/#organization"},"potentialAction":[{"@type":"SearchAction","target":{"@type":"EntryPoint","urlTemplate":"https:\/\/www.bellunopress.it\/?s={search_term_string}"},"query-input":{"@type":"PropertyValueSpecification","valueRequired":true,"valueName":"search_term_string"}}],"inLanguage":"fr-FR"},{"@type":"Organization","@id":"https:\/\/www.bellunopress.it\/#organization","name":"Bellunopress","url":"https:\/\/www.bellunopress.it\/","logo":{"@type":"ImageObject","inLanguage":"fr-FR","@id":"https:\/\/www.bellunopress.it\/#\/schema\/logo\/image\/","url":"https:\/\/www.bellunopress.it\/wp-content\/uploads\/2011\/05\/cropped-logo-bellunopress-.jpg","contentUrl":"https:\/\/www.bellunopress.it\/wp-content\/uploads\/2011\/05\/cropped-logo-bellunopress-.jpg","width":512,"height":512,"caption":"Bellunopress"},"image":{"@id":"https:\/\/www.bellunopress.it\/#\/schema\/logo\/image\/"},"sameAs":["https:\/\/www.facebook.com\/profile.php?id=100008943462799","https:\/\/x.com\/bellunopress","https:\/\/www.linkedin.com\/hp\/?dnr=JBzUWaJfMUw8vbXJJ2tVW5-I3jZKvC4wsoxE&amp;amp;amp;amp;amp;amp;trk=nav_responsive_tab_home","https:\/\/www.youtube.com\/channel\/UCxL0wu1uN0_3_7hGG0306cw"]},{"@type":"Person","@id":"https:\/\/www.bellunopress.it\/#\/schema\/person\/79bb06722b37ece1c03d3e94beb30d73","name":"r\u00e9daction","image":{"@type":"ImageObject","inLanguage":"fr-FR","@id":"https:\/\/secure.gravatar.com\/avatar\/37d968a2e67a6fd04c169c4bdef102d0bc5d31b2546345219e348575eb80e9a0?s=96&d=mm&r=g","url":"https:\/\/secure.gravatar.com\/avatar\/37d968a2e67a6fd04c169c4bdef102d0bc5d31b2546345219e348575eb80e9a0?s=96&d=mm&r=g","contentUrl":"https:\/\/secure.gravatar.com\/avatar\/37d968a2e67a6fd04c169c4bdef102d0bc5d31b2546345219e348575eb80e9a0?s=96&d=mm&r=g","caption":"redazione"},"sameAs":["http:\/\/www.bellunopress.it","https:\/\/x.com\/bellunopress"],"url":"https:\/\/www.bellunopress.it\/fr\/author\/redazione\/"}]}},"_links":{"self":[{"href":"https:\/\/www.bellunopress.it\/fr\/wp-json\/wp\/v2\/posts\/171859","targetHints":{"allow":["GET"]}}],"collection":[{"href":"https:\/\/www.bellunopress.it\/fr\/wp-json\/wp\/v2\/posts"}],"about":[{"href":"https:\/\/www.bellunopress.it\/fr\/wp-json\/wp\/v2\/types\/post"}],"author":[{"embeddable":true,"href":"https:\/\/www.bellunopress.it\/fr\/wp-json\/wp\/v2\/users\/2"}],"replies":[{"embeddable":true,"href":"https:\/\/www.bellunopress.it\/fr\/wp-json\/wp\/v2\/comments?post=171859"}],"version-history":[{"count":1,"href":"https:\/\/www.bellunopress.it\/fr\/wp-json\/wp\/v2\/posts\/171859\/revisions"}],"predecessor-version":[{"id":171860,"href":"https:\/\/www.bellunopress.it\/fr\/wp-json\/wp\/v2\/posts\/171859\/revisions\/171860"}],"wp:featuredmedia":[{"embeddable":true,"href":"https:\/\/www.bellunopress.it\/fr\/wp-json\/wp\/v2\/media\/124634"}],"wp:attachment":[{"href":"https:\/\/www.bellunopress.it\/fr\/wp-json\/wp\/v2\/media?parent=171859"}],"wp:term":[{"taxonomy":"category","embeddable":true,"href":"https:\/\/www.bellunopress.it\/fr\/wp-json\/wp\/v2\/categories?post=171859"},{"taxonomy":"post_tag","embeddable":true,"href":"https:\/\/www.bellunopress.it\/fr\/wp-json\/wp\/v2\/tags?post=171859"}],"curies":[{"name":"wp","href":"https:\/\/api.w.org\/{rel}","templated":true}]}}