{"id":171856,"date":"2026-07-12T10:19:38","date_gmt":"2026-07-12T08:19:38","guid":{"rendered":"https:\/\/www.bellunopress.it\/?p=171856"},"modified":"2026-07-12T10:19:38","modified_gmt":"2026-07-12T08:19:38","slug":"proseguono-la-prossima-settimana-gli-eventi-a-villa-buzzati","status":"publish","type":"post","link":"https:\/\/www.bellunopress.it\/fr\/2026\/07\/12\/proseguono-la-prossima-settimana-gli-eventi-a-villa-buzzati\/","title":{"rendered":"Proseguono la prossima settimana gli eventi a Villa Buzzati"},"content":{"rendered":"<p><strong>Successo all&#8217;apertura della rassegna culturale Giardino Buzzati che celebra i vent\u2019anni dell\u2019associazione<\/strong><\/p>\n<p>Belluno, 12\/07\/2026 &#8211; Sabato sera la pioggia non ha fermato i tanti bellunesi, e non solo, amanti di Dino Buzzati che hanno comunque varcato i cancelli dell\u2019iconico cortile in occasione dell\u2019apertura della rassegna &#8220;Giardino Buzzati. 20 anni&#8221;.<\/p>\n<figure id=\"attachment_171857\" aria-describedby=\"caption-attachment-171857\" style=\"width: 550px\" class=\"wp-caption aligncenter\"><img loading=\"lazy\" decoding=\"async\" class=\"size-full wp-image-171857\" src=\"https:\/\/www.bellunopress.it\/wp-content\/uploads\/2026\/07\/Valentina-Morassutti-Virgilio-Villoresi.jpeg\" alt=\"\" width=\"550\" height=\"412\" srcset=\"https:\/\/www.bellunopress.it\/wp-content\/uploads\/2026\/07\/Valentina-Morassutti-Virgilio-Villoresi.jpeg 550w, https:\/\/www.bellunopress.it\/wp-content\/uploads\/2026\/07\/Valentina-Morassutti-Virgilio-Villoresi-500x375.jpeg 500w, https:\/\/www.bellunopress.it\/wp-content\/uploads\/2026\/07\/Valentina-Morassutti-Virgilio-Villoresi-80x60.jpeg 80w, https:\/\/www.bellunopress.it\/wp-content\/uploads\/2026\/07\/Valentina-Morassutti-Virgilio-Villoresi-150x112.jpeg 150w, https:\/\/www.bellunopress.it\/wp-content\/uploads\/2026\/07\/Valentina-Morassutti-Virgilio-Villoresi-300x225.jpeg 300w\" sizes=\"auto, (max-width: 550px) 100vw, 550px\" \/><figcaption id=\"caption-attachment-171857\" class=\"wp-caption-text\">Valentina Morassutti e Virgilio Villoresi<\/figcaption><\/figure>\n<p>Il giardino, tanto amato dai bellunesi, e soprattutto il famoso granaio, ambientazione di affascinanti racconti, recentemente divenuto Centro Culturale, ha fatto da scenario a una intensa serata di teatro e musica con la proiezione del film Orfeo di Virgilio Villoresi, liberamente tratto da Poema a Fumetti di Dino Buzzati, preceduta da una coinvolgente esecuzione in live del compositore Angelo Trabace, autore della colonna sonora. Entrambi gli artisti si sono poi intrattenuti con i curiosi di scoprire che cosa si cela dietro la realizzazione di opere di questo genere.<\/p>\n<p>Dopo la pausa domenicale la rassegna riprende luned\u00ec 13 alle 19.00 con la presentazione del libro di Danilo Giordano Ma le dolomiti, cosa sono? interpretazione geologica degli scritti di Dino Buzzati ispirata a Bruno Castiglioni. Geologo, studioso, ricercatore presso CNR e ENEA e docente all\u2019Istituto Minerario di Agordo, Giordano \u00e8 un esperto conoscitore e frequentatore delle Dolomiti.<br \/>\nCon questa originalissima pubblicazione tra letteratura e scienza, l\u2019autore risponde in modo esaustivo, ma semplice, alla domanda che gi\u00e0 si era posto Buzzati in uno dei suoi celebri scritti accompagnando i presenti in un viaggio straordinario nella geologia dolomitica. Lo spunto saranno proprio i brani, proposti dalle lettrici dell\u2019associazione, tratti dallo scritto buzzatiano. Un\u2019originale lezione di geologia, attraverso anche la letteratura, adatta a tutti.<\/p>\n<p>Si continua Marted\u00ec 14 luglio alle 20.45 con LeggereLeSere, la storica rassegna bellunese a cura delle Bretelle Lasce che quest\u2019anno si sposta per l\u2019occasione in Villa Buzzati, regalando una serata davvero speciale.<br \/>\n&#8220;Le muse, ancora!&#8221; letture tratte da &#8220;La vendetta delle muse&#8221; di Serena Dandini con accompagnamento musicale di Antonio Andrich, offrono una suggestiva riflessione su queste figure mitologiche.<br \/>\nSotto la generica definizione di &#8220;musa&#8221; si nasconde un universo che racconta la storia della creativit\u00e0 umana e, su questo campo di battaglia, le muse hanno giocato un ruolo pari a quello degli artisti che hanno ispirato.<br \/>\nQualsiasi atto creativo, e quindi vitale, si nutre di ci\u00f2 che si riesce a catturare fuori dalla propria comfort zone; per questo tutti &#8211; uomini e donne &#8211; hanno bisogno di muse che attraverso i loro segnali luminosi, invitino a uscire dal guscio delle proprie sicurezze.<\/p>\n<p>Gioved\u00ec 16 luglio alle 19.00 sar\u00e0 di scena la poesia con l\u2019originale spettacolo Parliamo di Amelia dedicato alla poetessa Amelia Rosselli, prodotto da Asterlizze Teatro in collaborazione con Il Men\u00f9 della Poesia.<br \/>\nLe due autrici e interpreti, Roberta Lanave e Camilla Sandri Bellezza, approfondiscono da anni la figura di una delle pi\u00f9 importanti e meno note poetesse del Novecento italiano.<\/p>\n<p>Cosa rende la sua penna cos\u00ec magica. La malattia? La sventura? Il dolore? La tecnica? Lo studio? Il genio? E cosa ci arriva oggi della sua poesia? Queste le domande che porranno per aprire un dialogo intimo con il pubblico. Non sar\u00e0 una lezione, ma un\u2019indagine collettiva per trovare insieme le chiavi d\u2019accesso all&#8217;opera dell\u2019artista. Gli spettatori saranno coinvolti, trasformando la poesia in un rito sonoro, vibrante e condiviso.<br \/>\nT<\/p>\n<p>ante le proposte originali di questa edizione, che celebra il ventennale, come l\u2019apertura del giardino a partire dalle 18.00 e l\u2019offerta di un\u2019area food gestita da Ex Primo &#8211; Ex Piloni.<br \/>\nQuesta interessante novit\u00e0 nasce dalla volont\u00e0 di offrire ai bellunesi il giardino di villa Buzzati non solo come luogo di scambi culturali, ma anche di semplici chiacchiere e incontri estivi, angoli freschi dove assaporare un buon calice con un libro in mano o semplicemente ammirando la Schiara incorniciata tra villa e granaio.<\/p>\n<p><strong>Il fine settimana dedicato al teatro<\/strong><br \/>\nSABATO 18 LUGLIO e DOMENICA 19 LUGLIO, dalle ore 14.00 alle ore 18.00 per tutti coloro che volessero cimentarsi nella lettura scenica Antonella Morassutti \u2013 attrice e formatrice propone La voce che incanta,<br \/>\nlaboratorio di tecniche di lettura espressiva per catturare chi ascolta. (info 328 0015659 antonellamorassutti@gmail.com)<\/p>\n<p>SABATO 18 LUGLIO alle 20.45 sar\u00e0 di scena IL REGGIMENTO PARTE ALL\u2019ALBA \u2013 Storia di Ottavio Sebasti\u00e0n con Giuseppe Nitti. Adattamento Teatrale di Giuseppe Nitti dal racconto di Dino Buzzati. Regia di Alessio Pizzech<br \/>\nMusiche originali di Alessandro Panatteri<\/p>\n<p>Si conclude DOMENICA 19 LUGLIO alle 19.00 con CANTASTORIE (prove di\u2026) di Max Solinas, scultore e scrittore e Nicola Pilat Spina, musicista.<br \/>\nUn viaggio attraverso quattro temi universali: silenzio, guerra, cambiamento, libert\u00e0.<\/p>\n<p>&nbsp;<\/p>","protected":false},"excerpt":{"rendered":"<p>Successo all&#8217;apertura della rassegna culturale Giardino Buzzati che celebra i vent\u2019anni dell\u2019associazione Belluno, 12\/07\/2026 &#8211; Sabato sera la pioggia non ha fermato i tanti bellunesi, e non solo, amanti di Dino Buzzati che hanno comunque varcato i cancelli dell\u2019iconico cortile in occasione dell\u2019apertura della rassegna &#8220;Giardino Buzzati. 20 anni&#8221;. Il giardino, tanto amato dai bellunesi, [&hellip;]<\/p>\n","protected":false},"author":2,"featured_media":164429,"comment_status":"closed","ping_status":"open","sticky":false,"template":"","format":"standard","meta":{"footnotes":""},"categories":[27,3,25],"tags":[],"class_list":["post-171856","post","type-post","status-publish","format-standard","has-post-thumbnail","category-appuntamenti","category-arte-cultura-spettacoli-scienza-archivi","category-pausa-caffe"],"yoast_head":"<!-- This site is optimized with the Yoast SEO plugin v28.4 - https:\/\/yoast.com\/product\/yoast-seo-wordpress\/ -->\n<title>Proseguono la prossima settimana gli eventi a Villa Buzzati - Bellunopress - Dolomiti<\/title>\n<meta name=\"robots\" content=\"index, follow, max-snippet:-1, max-image-preview:large, max-video-preview:-1\" \/>\n<link rel=\"canonical\" href=\"https:\/\/www.bellunopress.it\/fr\/2026\/07\/12\/proseguono-la-prossima-settimana-gli-eventi-a-villa-buzzati\/\" \/>\n<meta property=\"og:locale\" content=\"fr_FR\" \/>\n<meta property=\"og:type\" content=\"article\" \/>\n<meta property=\"og:title\" content=\"Proseguono la prossima settimana gli eventi a Villa Buzzati - Bellunopress - Dolomiti\" \/>\n<meta property=\"og:description\" content=\"Successo all&#8217;apertura della rassegna culturale Giardino Buzzati che celebra i vent\u2019anni dell\u2019associazione Belluno, 12\/07\/2026 &#8211; Sabato sera la pioggia non ha fermato i tanti bellunesi, e non solo, amanti di Dino Buzzati che hanno comunque varcato i cancelli dell\u2019iconico cortile in occasione dell\u2019apertura della rassegna &#8220;Giardino Buzzati. 20 anni&#8221;. Il giardino, tanto amato dai bellunesi, [&hellip;]\" \/>\n<meta property=\"og:url\" content=\"https:\/\/www.bellunopress.it\/fr\/2026\/07\/12\/proseguono-la-prossima-settimana-gli-eventi-a-villa-buzzati\/\" \/>\n<meta property=\"og:site_name\" content=\"Bellunopress - Dolomiti\" \/>\n<meta property=\"article:publisher\" content=\"https:\/\/www.facebook.com\/profile.php?id=100008943462799\" \/>\n<meta property=\"article:published_time\" content=\"2026-07-12T08:19:38+00:00\" \/>\n<meta property=\"og:image\" content=\"https:\/\/www.bellunopress.it\/wp-content\/uploads\/2025\/10\/granaio-villa-buzzati-1_edited.jpg\" \/>\n\t<meta property=\"og:image:width\" content=\"800\" \/>\n\t<meta property=\"og:image:height\" content=\"600\" \/>\n\t<meta property=\"og:image:type\" content=\"image\/jpeg\" \/>\n<meta name=\"author\" content=\"redazione\" \/>\n<meta name=\"twitter:card\" content=\"summary_large_image\" \/>\n<meta name=\"twitter:creator\" content=\"@bellunopress\" \/>\n<meta name=\"twitter:site\" content=\"@bellunopress\" \/>\n<meta name=\"twitter:label1\" content=\"\u00c9crit par\" \/>\n\t<meta name=\"twitter:data1\" content=\"redazione\" \/>\n\t<meta name=\"twitter:label2\" content=\"Dur\u00e9e de lecture estim\u00e9e\" \/>\n\t<meta name=\"twitter:data2\" content=\"5 minutes\" \/>\n<script type=\"application\/ld+json\" class=\"yoast-schema-graph\">{\"@context\":\"https:\\\/\\\/schema.org\",\"@graph\":[{\"@type\":\"Article\",\"@id\":\"https:\\\/\\\/www.bellunopress.it\\\/2026\\\/07\\\/12\\\/proseguono-la-prossima-settimana-gli-eventi-a-villa-buzzati\\\/#article\",\"isPartOf\":{\"@id\":\"https:\\\/\\\/www.bellunopress.it\\\/2026\\\/07\\\/12\\\/proseguono-la-prossima-settimana-gli-eventi-a-villa-buzzati\\\/\"},\"author\":{\"name\":\"redazione\",\"@id\":\"https:\\\/\\\/www.bellunopress.it\\\/#\\\/schema\\\/person\\\/79bb06722b37ece1c03d3e94beb30d73\"},\"headline\":\"Proseguono la prossima settimana gli eventi a Villa Buzzati\",\"datePublished\":\"2026-07-12T08:19:38+00:00\",\"mainEntityOfPage\":{\"@id\":\"https:\\\/\\\/www.bellunopress.it\\\/2026\\\/07\\\/12\\\/proseguono-la-prossima-settimana-gli-eventi-a-villa-buzzati\\\/\"},\"wordCount\":760,\"publisher\":{\"@id\":\"https:\\\/\\\/www.bellunopress.it\\\/#organization\"},\"image\":{\"@id\":\"https:\\\/\\\/www.bellunopress.it\\\/2026\\\/07\\\/12\\\/proseguono-la-prossima-settimana-gli-eventi-a-villa-buzzati\\\/#primaryimage\"},\"thumbnailUrl\":\"https:\\\/\\\/www.bellunopress.it\\\/wp-content\\\/uploads\\\/2025\\\/10\\\/granaio-villa-buzzati-1_edited.jpg\",\"articleSection\":[\"Appuntamenti, Eventi\",\"Arte, Cultura, Spettacoli, Scienza\",\"Pausa Caff\u00e8\"],\"inLanguage\":\"fr-FR\"},{\"@type\":\"WebPage\",\"@id\":\"https:\\\/\\\/www.bellunopress.it\\\/2026\\\/07\\\/12\\\/proseguono-la-prossima-settimana-gli-eventi-a-villa-buzzati\\\/\",\"url\":\"https:\\\/\\\/www.bellunopress.it\\\/2026\\\/07\\\/12\\\/proseguono-la-prossima-settimana-gli-eventi-a-villa-buzzati\\\/\",\"name\":\"Proseguono la prossima settimana gli eventi a Villa Buzzati - Bellunopress - Dolomiti\",\"isPartOf\":{\"@id\":\"https:\\\/\\\/www.bellunopress.it\\\/#website\"},\"primaryImageOfPage\":{\"@id\":\"https:\\\/\\\/www.bellunopress.it\\\/2026\\\/07\\\/12\\\/proseguono-la-prossima-settimana-gli-eventi-a-villa-buzzati\\\/#primaryimage\"},\"image\":{\"@id\":\"https:\\\/\\\/www.bellunopress.it\\\/2026\\\/07\\\/12\\\/proseguono-la-prossima-settimana-gli-eventi-a-villa-buzzati\\\/#primaryimage\"},\"thumbnailUrl\":\"https:\\\/\\\/www.bellunopress.it\\\/wp-content\\\/uploads\\\/2025\\\/10\\\/granaio-villa-buzzati-1_edited.jpg\",\"datePublished\":\"2026-07-12T08:19:38+00:00\",\"breadcrumb\":{\"@id\":\"https:\\\/\\\/www.bellunopress.it\\\/2026\\\/07\\\/12\\\/proseguono-la-prossima-settimana-gli-eventi-a-villa-buzzati\\\/#breadcrumb\"},\"inLanguage\":\"fr-FR\",\"potentialAction\":[{\"@type\":\"ReadAction\",\"target\":[\"https:\\\/\\\/www.bellunopress.it\\\/2026\\\/07\\\/12\\\/proseguono-la-prossima-settimana-gli-eventi-a-villa-buzzati\\\/\"]}]},{\"@type\":\"ImageObject\",\"inLanguage\":\"fr-FR\",\"@id\":\"https:\\\/\\\/www.bellunopress.it\\\/2026\\\/07\\\/12\\\/proseguono-la-prossima-settimana-gli-eventi-a-villa-buzzati\\\/#primaryimage\",\"url\":\"https:\\\/\\\/www.bellunopress.it\\\/wp-content\\\/uploads\\\/2025\\\/10\\\/granaio-villa-buzzati-1_edited.jpg\",\"contentUrl\":\"https:\\\/\\\/www.bellunopress.it\\\/wp-content\\\/uploads\\\/2025\\\/10\\\/granaio-villa-buzzati-1_edited.jpg\",\"width\":800,\"height\":600,\"caption\":\"Granaio Villa Buzzati - Belluno\"},{\"@type\":\"BreadcrumbList\",\"@id\":\"https:\\\/\\\/www.bellunopress.it\\\/2026\\\/07\\\/12\\\/proseguono-la-prossima-settimana-gli-eventi-a-villa-buzzati\\\/#breadcrumb\",\"itemListElement\":[{\"@type\":\"ListItem\",\"position\":1,\"name\":\"Home\",\"item\":\"https:\\\/\\\/www.bellunopress.it\\\/\"},{\"@type\":\"ListItem\",\"position\":2,\"name\":\"Proseguono la prossima settimana gli eventi a Villa Buzzati\"}]},{\"@type\":\"WebSite\",\"@id\":\"https:\\\/\\\/www.bellunopress.it\\\/#website\",\"url\":\"https:\\\/\\\/www.bellunopress.it\\\/\",\"name\":\"Bellunopress - Dolomiti\",\"description\":\"e-mail: redazione@bellunopress.it\",\"publisher\":{\"@id\":\"https:\\\/\\\/www.bellunopress.it\\\/#organization\"},\"potentialAction\":[{\"@type\":\"SearchAction\",\"target\":{\"@type\":\"EntryPoint\",\"urlTemplate\":\"https:\\\/\\\/www.bellunopress.it\\\/?s={search_term_string}\"},\"query-input\":{\"@type\":\"PropertyValueSpecification\",\"valueRequired\":true,\"valueName\":\"search_term_string\"}}],\"inLanguage\":\"fr-FR\"},{\"@type\":\"Organization\",\"@id\":\"https:\\\/\\\/www.bellunopress.it\\\/#organization\",\"name\":\"Bellunopress\",\"url\":\"https:\\\/\\\/www.bellunopress.it\\\/\",\"logo\":{\"@type\":\"ImageObject\",\"inLanguage\":\"fr-FR\",\"@id\":\"https:\\\/\\\/www.bellunopress.it\\\/#\\\/schema\\\/logo\\\/image\\\/\",\"url\":\"https:\\\/\\\/www.bellunopress.it\\\/wp-content\\\/uploads\\\/2011\\\/05\\\/cropped-logo-bellunopress-.jpg\",\"contentUrl\":\"https:\\\/\\\/www.bellunopress.it\\\/wp-content\\\/uploads\\\/2011\\\/05\\\/cropped-logo-bellunopress-.jpg\",\"width\":512,\"height\":512,\"caption\":\"Bellunopress\"},\"image\":{\"@id\":\"https:\\\/\\\/www.bellunopress.it\\\/#\\\/schema\\\/logo\\\/image\\\/\"},\"sameAs\":[\"https:\\\/\\\/www.facebook.com\\\/profile.php?id=100008943462799\",\"https:\\\/\\\/x.com\\\/bellunopress\",\"https:\\\/\\\/www.linkedin.com\\\/hp\\\/?dnr=JBzUWaJfMUw8vbXJJ2tVW5-I3jZKvC4wsoxE&amp;amp;amp;amp;amp;amp;trk=nav_responsive_tab_home\",\"https:\\\/\\\/www.youtube.com\\\/channel\\\/UCxL0wu1uN0_3_7hGG0306cw\"]},{\"@type\":\"Person\",\"@id\":\"https:\\\/\\\/www.bellunopress.it\\\/#\\\/schema\\\/person\\\/79bb06722b37ece1c03d3e94beb30d73\",\"name\":\"redazione\",\"image\":{\"@type\":\"ImageObject\",\"inLanguage\":\"fr-FR\",\"@id\":\"https:\\\/\\\/secure.gravatar.com\\\/avatar\\\/37d968a2e67a6fd04c169c4bdef102d0bc5d31b2546345219e348575eb80e9a0?s=96&d=mm&r=g\",\"url\":\"https:\\\/\\\/secure.gravatar.com\\\/avatar\\\/37d968a2e67a6fd04c169c4bdef102d0bc5d31b2546345219e348575eb80e9a0?s=96&d=mm&r=g\",\"contentUrl\":\"https:\\\/\\\/secure.gravatar.com\\\/avatar\\\/37d968a2e67a6fd04c169c4bdef102d0bc5d31b2546345219e348575eb80e9a0?s=96&d=mm&r=g\",\"caption\":\"redazione\"},\"sameAs\":[\"http:\\\/\\\/www.bellunopress.it\",\"https:\\\/\\\/x.com\\\/bellunopress\"],\"url\":\"https:\\\/\\\/www.bellunopress.it\\\/fr\\\/author\\\/redazione\\\/\"}]}<\/script>\n<!-- \/ Yoast SEO plugin. -->","yoast_head_json":{"title":"Proseguono la prossima settimana gli eventi a Villa Buzzati - Bellunopress - Dolomiti","robots":{"index":"index","follow":"follow","max-snippet":"max-snippet:-1","max-image-preview":"max-image-preview:large","max-video-preview":"max-video-preview:-1"},"canonical":"https:\/\/www.bellunopress.it\/fr\/2026\/07\/12\/proseguono-la-prossima-settimana-gli-eventi-a-villa-buzzati\/","og_locale":"fr_FR","og_type":"article","og_title":"Proseguono la prossima settimana gli eventi a Villa Buzzati - Bellunopress - Dolomiti","og_description":"Successo all&#8217;apertura della rassegna culturale Giardino Buzzati che celebra i vent\u2019anni dell\u2019associazione Belluno, 12\/07\/2026 &#8211; Sabato sera la pioggia non ha fermato i tanti bellunesi, e non solo, amanti di Dino Buzzati che hanno comunque varcato i cancelli dell\u2019iconico cortile in occasione dell\u2019apertura della rassegna &#8220;Giardino Buzzati. 20 anni&#8221;. Il giardino, tanto amato dai bellunesi, [&hellip;]","og_url":"https:\/\/www.bellunopress.it\/fr\/2026\/07\/12\/proseguono-la-prossima-settimana-gli-eventi-a-villa-buzzati\/","og_site_name":"Bellunopress - Dolomiti","article_publisher":"https:\/\/www.facebook.com\/profile.php?id=100008943462799","article_published_time":"2026-07-12T08:19:38+00:00","og_image":[{"width":800,"height":600,"url":"https:\/\/www.bellunopress.it\/wp-content\/uploads\/2025\/10\/granaio-villa-buzzati-1_edited.jpg","type":"image\/jpeg"}],"author":"redazione","twitter_card":"summary_large_image","twitter_creator":"@bellunopress","twitter_site":"@bellunopress","twitter_misc":{"\u00c9crit par":"redazione","Dur\u00e9e de lecture estim\u00e9e":"5 minutes"},"schema":{"@context":"https:\/\/schema.org","@graph":[{"@type":"Article","@id":"https:\/\/www.bellunopress.it\/2026\/07\/12\/proseguono-la-prossima-settimana-gli-eventi-a-villa-buzzati\/#article","isPartOf":{"@id":"https:\/\/www.bellunopress.it\/2026\/07\/12\/proseguono-la-prossima-settimana-gli-eventi-a-villa-buzzati\/"},"author":{"name":"redazione","@id":"https:\/\/www.bellunopress.it\/#\/schema\/person\/79bb06722b37ece1c03d3e94beb30d73"},"headline":"Proseguono la prossima settimana gli eventi a Villa Buzzati","datePublished":"2026-07-12T08:19:38+00:00","mainEntityOfPage":{"@id":"https:\/\/www.bellunopress.it\/2026\/07\/12\/proseguono-la-prossima-settimana-gli-eventi-a-villa-buzzati\/"},"wordCount":760,"publisher":{"@id":"https:\/\/www.bellunopress.it\/#organization"},"image":{"@id":"https:\/\/www.bellunopress.it\/2026\/07\/12\/proseguono-la-prossima-settimana-gli-eventi-a-villa-buzzati\/#primaryimage"},"thumbnailUrl":"https:\/\/www.bellunopress.it\/wp-content\/uploads\/2025\/10\/granaio-villa-buzzati-1_edited.jpg","articleSection":["Appuntamenti, Eventi","Arte, Cultura, Spettacoli, Scienza","Pausa Caff\u00e8"],"inLanguage":"fr-FR"},{"@type":"WebPage","@id":"https:\/\/www.bellunopress.it\/2026\/07\/12\/proseguono-la-prossima-settimana-gli-eventi-a-villa-buzzati\/","url":"https:\/\/www.bellunopress.it\/2026\/07\/12\/proseguono-la-prossima-settimana-gli-eventi-a-villa-buzzati\/","name":"Proseguono la prossima settimana gli eventi a Villa Buzzati - Bellunopress - Dolomiti","isPartOf":{"@id":"https:\/\/www.bellunopress.it\/#website"},"primaryImageOfPage":{"@id":"https:\/\/www.bellunopress.it\/2026\/07\/12\/proseguono-la-prossima-settimana-gli-eventi-a-villa-buzzati\/#primaryimage"},"image":{"@id":"https:\/\/www.bellunopress.it\/2026\/07\/12\/proseguono-la-prossima-settimana-gli-eventi-a-villa-buzzati\/#primaryimage"},"thumbnailUrl":"https:\/\/www.bellunopress.it\/wp-content\/uploads\/2025\/10\/granaio-villa-buzzati-1_edited.jpg","datePublished":"2026-07-12T08:19:38+00:00","breadcrumb":{"@id":"https:\/\/www.bellunopress.it\/2026\/07\/12\/proseguono-la-prossima-settimana-gli-eventi-a-villa-buzzati\/#breadcrumb"},"inLanguage":"fr-FR","potentialAction":[{"@type":"ReadAction","target":["https:\/\/www.bellunopress.it\/2026\/07\/12\/proseguono-la-prossima-settimana-gli-eventi-a-villa-buzzati\/"]}]},{"@type":"ImageObject","inLanguage":"fr-FR","@id":"https:\/\/www.bellunopress.it\/2026\/07\/12\/proseguono-la-prossima-settimana-gli-eventi-a-villa-buzzati\/#primaryimage","url":"https:\/\/www.bellunopress.it\/wp-content\/uploads\/2025\/10\/granaio-villa-buzzati-1_edited.jpg","contentUrl":"https:\/\/www.bellunopress.it\/wp-content\/uploads\/2025\/10\/granaio-villa-buzzati-1_edited.jpg","width":800,"height":600,"caption":"Granaio Villa Buzzati - Belluno"},{"@type":"BreadcrumbList","@id":"https:\/\/www.bellunopress.it\/2026\/07\/12\/proseguono-la-prossima-settimana-gli-eventi-a-villa-buzzati\/#breadcrumb","itemListElement":[{"@type":"ListItem","position":1,"name":"Home","item":"https:\/\/www.bellunopress.it\/"},{"@type":"ListItem","position":2,"name":"Proseguono la prossima settimana gli eventi a Villa Buzzati"}]},{"@type":"WebSite","@id":"https:\/\/www.bellunopress.it\/#website","url":"https:\/\/www.bellunopress.it\/","name":"Bellunopress - Dolomiti","description":"e-mail: redazione@bellunopress.it","publisher":{"@id":"https:\/\/www.bellunopress.it\/#organization"},"potentialAction":[{"@type":"SearchAction","target":{"@type":"EntryPoint","urlTemplate":"https:\/\/www.bellunopress.it\/?s={search_term_string}"},"query-input":{"@type":"PropertyValueSpecification","valueRequired":true,"valueName":"search_term_string"}}],"inLanguage":"fr-FR"},{"@type":"Organization","@id":"https:\/\/www.bellunopress.it\/#organization","name":"Bellunopress","url":"https:\/\/www.bellunopress.it\/","logo":{"@type":"ImageObject","inLanguage":"fr-FR","@id":"https:\/\/www.bellunopress.it\/#\/schema\/logo\/image\/","url":"https:\/\/www.bellunopress.it\/wp-content\/uploads\/2011\/05\/cropped-logo-bellunopress-.jpg","contentUrl":"https:\/\/www.bellunopress.it\/wp-content\/uploads\/2011\/05\/cropped-logo-bellunopress-.jpg","width":512,"height":512,"caption":"Bellunopress"},"image":{"@id":"https:\/\/www.bellunopress.it\/#\/schema\/logo\/image\/"},"sameAs":["https:\/\/www.facebook.com\/profile.php?id=100008943462799","https:\/\/x.com\/bellunopress","https:\/\/www.linkedin.com\/hp\/?dnr=JBzUWaJfMUw8vbXJJ2tVW5-I3jZKvC4wsoxE&amp;amp;amp;amp;amp;amp;trk=nav_responsive_tab_home","https:\/\/www.youtube.com\/channel\/UCxL0wu1uN0_3_7hGG0306cw"]},{"@type":"Person","@id":"https:\/\/www.bellunopress.it\/#\/schema\/person\/79bb06722b37ece1c03d3e94beb30d73","name":"r\u00e9daction","image":{"@type":"ImageObject","inLanguage":"fr-FR","@id":"https:\/\/secure.gravatar.com\/avatar\/37d968a2e67a6fd04c169c4bdef102d0bc5d31b2546345219e348575eb80e9a0?s=96&d=mm&r=g","url":"https:\/\/secure.gravatar.com\/avatar\/37d968a2e67a6fd04c169c4bdef102d0bc5d31b2546345219e348575eb80e9a0?s=96&d=mm&r=g","contentUrl":"https:\/\/secure.gravatar.com\/avatar\/37d968a2e67a6fd04c169c4bdef102d0bc5d31b2546345219e348575eb80e9a0?s=96&d=mm&r=g","caption":"redazione"},"sameAs":["http:\/\/www.bellunopress.it","https:\/\/x.com\/bellunopress"],"url":"https:\/\/www.bellunopress.it\/fr\/author\/redazione\/"}]}},"_links":{"self":[{"href":"https:\/\/www.bellunopress.it\/fr\/wp-json\/wp\/v2\/posts\/171856","targetHints":{"allow":["GET"]}}],"collection":[{"href":"https:\/\/www.bellunopress.it\/fr\/wp-json\/wp\/v2\/posts"}],"about":[{"href":"https:\/\/www.bellunopress.it\/fr\/wp-json\/wp\/v2\/types\/post"}],"author":[{"embeddable":true,"href":"https:\/\/www.bellunopress.it\/fr\/wp-json\/wp\/v2\/users\/2"}],"replies":[{"embeddable":true,"href":"https:\/\/www.bellunopress.it\/fr\/wp-json\/wp\/v2\/comments?post=171856"}],"version-history":[{"count":1,"href":"https:\/\/www.bellunopress.it\/fr\/wp-json\/wp\/v2\/posts\/171856\/revisions"}],"predecessor-version":[{"id":171858,"href":"https:\/\/www.bellunopress.it\/fr\/wp-json\/wp\/v2\/posts\/171856\/revisions\/171858"}],"wp:featuredmedia":[{"embeddable":true,"href":"https:\/\/www.bellunopress.it\/fr\/wp-json\/wp\/v2\/media\/164429"}],"wp:attachment":[{"href":"https:\/\/www.bellunopress.it\/fr\/wp-json\/wp\/v2\/media?parent=171856"}],"wp:term":[{"taxonomy":"category","embeddable":true,"href":"https:\/\/www.bellunopress.it\/fr\/wp-json\/wp\/v2\/categories?post=171856"},{"taxonomy":"post_tag","embeddable":true,"href":"https:\/\/www.bellunopress.it\/fr\/wp-json\/wp\/v2\/tags?post=171856"}],"curies":[{"name":"wp","href":"https:\/\/api.w.org\/{rel}","templated":true}]}}