{"id":171851,"date":"2026-07-12T06:54:07","date_gmt":"2026-07-12T04:54:07","guid":{"rendered":"https:\/\/www.bellunopress.it\/?p=171851"},"modified":"2026-07-12T06:54:07","modified_gmt":"2026-07-12T04:54:07","slug":"ah-volevo-il-mio-nome-il-teatro-civile-contro-lodio-fa-tappa-a-belluno","status":"publish","type":"post","link":"https:\/\/www.bellunopress.it\/fr\/2026\/07\/12\/ah-volevo-il-mio-nome-il-teatro-civile-contro-lodio-fa-tappa-a-belluno\/","title":{"rendered":"\u201cAH \u2013 Volevo il mio nome\u201d: il teatro civile contro l\u2019odio fa tappa a Belluno"},"content":{"rendered":"<p data-path-to-node=\"3\"><b data-path-to-node=\"3\" data-index-in-node=\"0\">Venerd\u00ec 17 luglio, all&#8217;Auditorium della Scuola di Musica A. Miari, va in scena un\u2019intensa riflessione sul passato per interrogare il nostro presente.<\/b><\/p>\n<p data-path-to-node=\"4\">Cosa spinge l\u2019essere umano verso l\u2019abisso dell\u2019odio? Come si pu\u00f2 decostruire un pensiero tossico per impedirgli di attecchire nuovamente? A queste domande scomode cerca di rispondere \u201cAH \u2013 Volevo il mio nome\u201d, lo spettacolo di teatro civile che, dopo un attento lavoro di preparazione, approda a Belluno venerd\u00ec 17 luglio (ore 21:00) nell\u2019Auditorium della Scuola di Musica A. Miari in Piazza del Duomo.<\/p>\n<p data-path-to-node=\"5\">L\u2019evento, a ingresso gratuito, \u00e8 promosso da CGIL Belluno e A.N.P.I. Belluno, segnando un momento di riflessione collettiva necessario e profondo.<\/p>\n<p data-path-to-node=\"7\">Lo spettacolo non \u00e8 una semplice messa in scena, ma un\u2019operazione di &#8220;smascheramento&#8221;. Il testo di partenza \u00e8 il <i data-path-to-node=\"7\" data-index-in-node=\"113\">Mein Kampf<\/i> di Adolf Hitler, rielaborato dalla drammaturgia di Stefano Massini. L\u2019obiettivo, spiegano gli interpreti, non \u00e8 dare spazio alle parole dell\u2019orrore, ma interrogarle, smontarle e analizzarle con rigore critico.<\/p>\n<p data-path-to-node=\"8\">A dar voce a questo percorso \u00e8 Fabio Sala, attore formatosi all\u2019Accademia Da Ponte, che con lucidit\u00e0 affronta la selezione dei passaggi per ricordare da dove pu\u00f2 nascere la negazione dell\u2019altro. La parola recitata si intreccia in modo indissolubile con il paesaggio sonoro di Roberto Mares (pianoforte ed elettronica): una musica che non si limita ad accompagnare, ma dialoga, commenta e crea tensioni emotive capaci di scuotere le coscienze. A completare questa immersione sensoriale intervengono le video-proiezioni di Alberto Montresor, che aggiungono una dimensione visiva, trasformando lo spettacolo in una vera e propria esperienza di teatro totale.<\/p>\n<p data-path-to-node=\"10\">Il progetto nasce dal talento e dalla sinergia di tre professionisti con percorsi artistici distinti ma complementari:<\/p>\n<ul data-path-to-node=\"11\">\n<li>\n<p data-path-to-node=\"11,0,0\">Fabio Sala: Attore e consulente, unisce la precisione del suo lavoro quotidiano alla passione per il teatro civile, la letteratura e la poesia. Un impegno artistico che vive con l&#8217;urgenza di chi crede che il teatro sia uno strumento indispensabile per la comprensione della realt\u00e0.<\/p>\n<\/li>\n<li>\n<p data-path-to-node=\"11,1,0\">Roberto Mares: Musicista e graphic designer, autore di lavori discografici apprezzati dalla critica come <i data-path-to-node=\"11,1,0\" data-index-in-node=\"105\">\u201cSomething\u2019s About to Happen\u201d<\/i> e <i data-path-to-node=\"11,1,0\" data-index-in-node=\"137\">\u201cNo Place on Earth\u201d<\/i>. La sua ricerca sonora, sospesa tra elettronica, ambient e minimalismo, costruisce la tensione emotiva necessaria per guidare lo spettatore attraverso i meandri oscuri della memoria.<\/p>\n<\/li>\n<li>\n<p data-path-to-node=\"11,2,0\">Alberto Montresor: Videomaker e fotografo professionista, capace di fondere il rigore tecnico della comunicazione corporate con la libert\u00e0 espressiva dell\u2019arte pura. La sua regia visiva \u00e8 una sintesi di estetica e racconto, fondamentale per rendere &#8220;visibile&#8221; l&#8217;orrore del passato e spingere lo spettatore a riconoscere i segnali del presente.<\/p>\n<\/li>\n<\/ul>\n<p data-path-to-node=\"13\">\u201cAH \u2013 Volevo il mio nome\u201d si presenta come uno spettacolo necessario. In un\u2019epoca in cui la memoria storica rischia di farsi sfocata, l\u2019incontro del 17 luglio a Belluno diventa un presidio di consapevolezza. Un atto teatrale che vuole &#8220;guardare in faccia l\u2019orrore&#8221; affinch\u00e9 le pagine pi\u00f9 buie della storia restino moniti viventi, e non soltanto capitoli di un libro dimenticato.<\/p>\n<p data-path-to-node=\"14\">L\u2019ingresso \u00e8 libero. La cittadinanza \u00e8 invitata a partecipare a un momento di teatro che, prima di tutto, \u00e8 un atto di responsabilit\u00e0 verso il nostro futuro.<\/p>\n<p data-path-to-node=\"16\"><b data-path-to-node=\"16\" data-index-in-node=\"0\">Informazioni in sintesi:<\/b><\/p>\n<ul data-path-to-node=\"17\">\n<li>\n<p data-path-to-node=\"17,0,0\">Spettacolo: <i data-path-to-node=\"17,0,0\" data-index-in-node=\"12\">AH \u2013 Volevo il mio nome<\/i><\/p>\n<\/li>\n<li>\n<p data-path-to-node=\"17,1,0\">Data: Venerd\u00ec 17 luglio<\/p>\n<\/li>\n<li>\n<p data-path-to-node=\"17,2,0\">Orario: Ore 21:00<\/p>\n<\/li>\n<li>\n<p data-path-to-node=\"17,3,0\">Luogo: Auditorium della Scuola di Musica A. Miari, Piazza del Duomo, Belluno<\/p>\n<\/li>\n<li>\n<p data-path-to-node=\"17,4,0\">Ingresso: Gratuito<\/p>\n<\/li>\n<li>\n<p data-path-to-node=\"17,5,0\">Promosso da: CGIL Belluno e A.N.P.I. Belluno<\/p>\n<\/li>\n<\/ul>","protected":false},"excerpt":{"rendered":"<p>Venerd\u00ec 17 luglio, all&#8217;Auditorium della Scuola di Musica A. Miari, va in scena un\u2019intensa riflessione sul passato per interrogare il nostro presente. Cosa spinge l\u2019essere umano verso l\u2019abisso dell\u2019odio? Come si pu\u00f2 decostruire un pensiero tossico per impedirgli di attecchire nuovamente? A queste domande scomode cerca di rispondere \u201cAH \u2013 Volevo il mio nome\u201d, lo [&hellip;]<\/p>\n","protected":false},"author":2,"featured_media":171852,"comment_status":"closed","ping_status":"open","sticky":false,"template":"","format":"standard","meta":{"footnotes":""},"categories":[27,3],"tags":[],"class_list":["post-171851","post","type-post","status-publish","format-standard","has-post-thumbnail","category-appuntamenti","category-arte-cultura-spettacoli-scienza-archivi"],"yoast_head":"<!-- This site is optimized with the Yoast SEO plugin v28.4 - https:\/\/yoast.com\/product\/yoast-seo-wordpress\/ -->\n<title>\u201cAH \u2013 Volevo il mio nome\u201d: il teatro civile contro l\u2019odio fa tappa a Belluno - Bellunopress - Dolomiti<\/title>\n<meta name=\"robots\" content=\"index, follow, max-snippet:-1, max-image-preview:large, max-video-preview:-1\" \/>\n<link rel=\"canonical\" href=\"https:\/\/www.bellunopress.it\/fr\/2026\/07\/12\/ah-volevo-il-mio-nome-il-teatro-civile-contro-lodio-fa-tappa-a-belluno\/\" \/>\n<meta property=\"og:locale\" content=\"fr_FR\" \/>\n<meta property=\"og:type\" content=\"article\" \/>\n<meta property=\"og:title\" content=\"\u201cAH \u2013 Volevo il mio nome\u201d: il teatro civile contro l\u2019odio fa tappa a Belluno - Bellunopress - Dolomiti\" \/>\n<meta property=\"og:description\" content=\"Venerd\u00ec 17 luglio, all&#8217;Auditorium della Scuola di Musica A. Miari, va in scena un\u2019intensa riflessione sul passato per interrogare il nostro presente. Cosa spinge l\u2019essere umano verso l\u2019abisso dell\u2019odio? Come si pu\u00f2 decostruire un pensiero tossico per impedirgli di attecchire nuovamente? A queste domande scomode cerca di rispondere \u201cAH \u2013 Volevo il mio nome\u201d, lo [&hellip;]\" \/>\n<meta property=\"og:url\" content=\"https:\/\/www.bellunopress.it\/fr\/2026\/07\/12\/ah-volevo-il-mio-nome-il-teatro-civile-contro-lodio-fa-tappa-a-belluno\/\" \/>\n<meta property=\"og:site_name\" content=\"Bellunopress - Dolomiti\" \/>\n<meta property=\"article:publisher\" content=\"https:\/\/www.facebook.com\/profile.php?id=100008943462799\" \/>\n<meta property=\"article:published_time\" content=\"2026-07-12T04:54:07+00:00\" \/>\n<meta property=\"og:image\" content=\"https:\/\/www.bellunopress.it\/wp-content\/uploads\/2026\/07\/Sala-Mares-Montresor.jpeg\" \/>\n\t<meta property=\"og:image:width\" content=\"372\" \/>\n\t<meta property=\"og:image:height\" content=\"500\" \/>\n\t<meta property=\"og:image:type\" content=\"image\/jpeg\" \/>\n<meta name=\"author\" content=\"redazione\" \/>\n<meta name=\"twitter:card\" content=\"summary_large_image\" \/>\n<meta name=\"twitter:creator\" content=\"@bellunopress\" \/>\n<meta name=\"twitter:site\" content=\"@bellunopress\" \/>\n<meta name=\"twitter:label1\" content=\"Written by\" \/>\n\t<meta name=\"twitter:data1\" content=\"redazione\" \/>\n\t<meta name=\"twitter:label2\" content=\"Est. reading time\" \/>\n\t<meta name=\"twitter:data2\" content=\"4 minutes\" \/>\n<script type=\"application\/ld+json\" class=\"yoast-schema-graph\">{\"@context\":\"https:\\\/\\\/schema.org\",\"@graph\":[{\"@type\":\"Article\",\"@id\":\"https:\\\/\\\/www.bellunopress.it\\\/2026\\\/07\\\/12\\\/ah-volevo-il-mio-nome-il-teatro-civile-contro-lodio-fa-tappa-a-belluno\\\/#article\",\"isPartOf\":{\"@id\":\"https:\\\/\\\/www.bellunopress.it\\\/2026\\\/07\\\/12\\\/ah-volevo-il-mio-nome-il-teatro-civile-contro-lodio-fa-tappa-a-belluno\\\/\"},\"author\":{\"name\":\"redazione\",\"@id\":\"https:\\\/\\\/www.bellunopress.it\\\/#\\\/schema\\\/person\\\/79bb06722b37ece1c03d3e94beb30d73\"},\"headline\":\"\u201cAH \u2013 Volevo il mio nome\u201d: il teatro civile contro l\u2019odio fa tappa a Belluno\",\"datePublished\":\"2026-07-12T04:54:07+00:00\",\"mainEntityOfPage\":{\"@id\":\"https:\\\/\\\/www.bellunopress.it\\\/2026\\\/07\\\/12\\\/ah-volevo-il-mio-nome-il-teatro-civile-contro-lodio-fa-tappa-a-belluno\\\/\"},\"wordCount\":560,\"publisher\":{\"@id\":\"https:\\\/\\\/www.bellunopress.it\\\/#organization\"},\"image\":{\"@id\":\"https:\\\/\\\/www.bellunopress.it\\\/2026\\\/07\\\/12\\\/ah-volevo-il-mio-nome-il-teatro-civile-contro-lodio-fa-tappa-a-belluno\\\/#primaryimage\"},\"thumbnailUrl\":\"https:\\\/\\\/www.bellunopress.it\\\/wp-content\\\/uploads\\\/2026\\\/07\\\/Sala-Mares-Montresor.jpeg\",\"articleSection\":[\"Appuntamenti, Eventi\",\"Arte, Cultura, Spettacoli, Scienza\"],\"inLanguage\":\"fr-FR\"},{\"@type\":\"WebPage\",\"@id\":\"https:\\\/\\\/www.bellunopress.it\\\/2026\\\/07\\\/12\\\/ah-volevo-il-mio-nome-il-teatro-civile-contro-lodio-fa-tappa-a-belluno\\\/\",\"url\":\"https:\\\/\\\/www.bellunopress.it\\\/2026\\\/07\\\/12\\\/ah-volevo-il-mio-nome-il-teatro-civile-contro-lodio-fa-tappa-a-belluno\\\/\",\"name\":\"\u201cAH \u2013 Volevo il mio nome\u201d: il teatro civile contro l\u2019odio fa tappa a Belluno - Bellunopress - Dolomiti\",\"isPartOf\":{\"@id\":\"https:\\\/\\\/www.bellunopress.it\\\/#website\"},\"primaryImageOfPage\":{\"@id\":\"https:\\\/\\\/www.bellunopress.it\\\/2026\\\/07\\\/12\\\/ah-volevo-il-mio-nome-il-teatro-civile-contro-lodio-fa-tappa-a-belluno\\\/#primaryimage\"},\"image\":{\"@id\":\"https:\\\/\\\/www.bellunopress.it\\\/2026\\\/07\\\/12\\\/ah-volevo-il-mio-nome-il-teatro-civile-contro-lodio-fa-tappa-a-belluno\\\/#primaryimage\"},\"thumbnailUrl\":\"https:\\\/\\\/www.bellunopress.it\\\/wp-content\\\/uploads\\\/2026\\\/07\\\/Sala-Mares-Montresor.jpeg\",\"datePublished\":\"2026-07-12T04:54:07+00:00\",\"breadcrumb\":{\"@id\":\"https:\\\/\\\/www.bellunopress.it\\\/2026\\\/07\\\/12\\\/ah-volevo-il-mio-nome-il-teatro-civile-contro-lodio-fa-tappa-a-belluno\\\/#breadcrumb\"},\"inLanguage\":\"fr-FR\",\"potentialAction\":[{\"@type\":\"ReadAction\",\"target\":[\"https:\\\/\\\/www.bellunopress.it\\\/2026\\\/07\\\/12\\\/ah-volevo-il-mio-nome-il-teatro-civile-contro-lodio-fa-tappa-a-belluno\\\/\"]}]},{\"@type\":\"ImageObject\",\"inLanguage\":\"fr-FR\",\"@id\":\"https:\\\/\\\/www.bellunopress.it\\\/2026\\\/07\\\/12\\\/ah-volevo-il-mio-nome-il-teatro-civile-contro-lodio-fa-tappa-a-belluno\\\/#primaryimage\",\"url\":\"https:\\\/\\\/www.bellunopress.it\\\/wp-content\\\/uploads\\\/2026\\\/07\\\/Sala-Mares-Montresor.jpeg\",\"contentUrl\":\"https:\\\/\\\/www.bellunopress.it\\\/wp-content\\\/uploads\\\/2026\\\/07\\\/Sala-Mares-Montresor.jpeg\",\"width\":372,\"height\":500},{\"@type\":\"BreadcrumbList\",\"@id\":\"https:\\\/\\\/www.bellunopress.it\\\/2026\\\/07\\\/12\\\/ah-volevo-il-mio-nome-il-teatro-civile-contro-lodio-fa-tappa-a-belluno\\\/#breadcrumb\",\"itemListElement\":[{\"@type\":\"ListItem\",\"position\":1,\"name\":\"Home\",\"item\":\"https:\\\/\\\/www.bellunopress.it\\\/\"},{\"@type\":\"ListItem\",\"position\":2,\"name\":\"\u201cAH \u2013 Volevo il mio nome\u201d: il teatro civile contro l\u2019odio fa tappa a Belluno\"}]},{\"@type\":\"WebSite\",\"@id\":\"https:\\\/\\\/www.bellunopress.it\\\/#website\",\"url\":\"https:\\\/\\\/www.bellunopress.it\\\/\",\"name\":\"Bellunopress - Dolomiti\",\"description\":\"e-mail: redazione@bellunopress.it\",\"publisher\":{\"@id\":\"https:\\\/\\\/www.bellunopress.it\\\/#organization\"},\"potentialAction\":[{\"@type\":\"SearchAction\",\"target\":{\"@type\":\"EntryPoint\",\"urlTemplate\":\"https:\\\/\\\/www.bellunopress.it\\\/?s={search_term_string}\"},\"query-input\":{\"@type\":\"PropertyValueSpecification\",\"valueRequired\":true,\"valueName\":\"search_term_string\"}}],\"inLanguage\":\"fr-FR\"},{\"@type\":\"Organization\",\"@id\":\"https:\\\/\\\/www.bellunopress.it\\\/#organization\",\"name\":\"Bellunopress\",\"url\":\"https:\\\/\\\/www.bellunopress.it\\\/\",\"logo\":{\"@type\":\"ImageObject\",\"inLanguage\":\"fr-FR\",\"@id\":\"https:\\\/\\\/www.bellunopress.it\\\/#\\\/schema\\\/logo\\\/image\\\/\",\"url\":\"https:\\\/\\\/www.bellunopress.it\\\/wp-content\\\/uploads\\\/2011\\\/05\\\/cropped-logo-bellunopress-.jpg\",\"contentUrl\":\"https:\\\/\\\/www.bellunopress.it\\\/wp-content\\\/uploads\\\/2011\\\/05\\\/cropped-logo-bellunopress-.jpg\",\"width\":512,\"height\":512,\"caption\":\"Bellunopress\"},\"image\":{\"@id\":\"https:\\\/\\\/www.bellunopress.it\\\/#\\\/schema\\\/logo\\\/image\\\/\"},\"sameAs\":[\"https:\\\/\\\/www.facebook.com\\\/profile.php?id=100008943462799\",\"https:\\\/\\\/x.com\\\/bellunopress\",\"https:\\\/\\\/www.linkedin.com\\\/hp\\\/?dnr=JBzUWaJfMUw8vbXJJ2tVW5-I3jZKvC4wsoxE&amp;amp;amp;amp;amp;amp;trk=nav_responsive_tab_home\",\"https:\\\/\\\/www.youtube.com\\\/channel\\\/UCxL0wu1uN0_3_7hGG0306cw\"]},{\"@type\":\"Person\",\"@id\":\"https:\\\/\\\/www.bellunopress.it\\\/#\\\/schema\\\/person\\\/79bb06722b37ece1c03d3e94beb30d73\",\"name\":\"redazione\",\"image\":{\"@type\":\"ImageObject\",\"inLanguage\":\"fr-FR\",\"@id\":\"https:\\\/\\\/secure.gravatar.com\\\/avatar\\\/37d968a2e67a6fd04c169c4bdef102d0bc5d31b2546345219e348575eb80e9a0?s=96&d=mm&r=g\",\"url\":\"https:\\\/\\\/secure.gravatar.com\\\/avatar\\\/37d968a2e67a6fd04c169c4bdef102d0bc5d31b2546345219e348575eb80e9a0?s=96&d=mm&r=g\",\"contentUrl\":\"https:\\\/\\\/secure.gravatar.com\\\/avatar\\\/37d968a2e67a6fd04c169c4bdef102d0bc5d31b2546345219e348575eb80e9a0?s=96&d=mm&r=g\",\"caption\":\"redazione\"},\"sameAs\":[\"http:\\\/\\\/www.bellunopress.it\",\"https:\\\/\\\/x.com\\\/bellunopress\"],\"url\":\"https:\\\/\\\/www.bellunopress.it\\\/fr\\\/author\\\/redazione\\\/\"}]}<\/script>\n<!-- \/ Yoast SEO plugin. -->","yoast_head_json":{"title":"\u201cAH \u2013 Volevo il mio nome\u201d: il teatro civile contro l\u2019odio fa tappa a Belluno - Bellunopress - Dolomiti","robots":{"index":"index","follow":"follow","max-snippet":"max-snippet:-1","max-image-preview":"max-image-preview:large","max-video-preview":"max-video-preview:-1"},"canonical":"https:\/\/www.bellunopress.it\/fr\/2026\/07\/12\/ah-volevo-il-mio-nome-il-teatro-civile-contro-lodio-fa-tappa-a-belluno\/","og_locale":"fr_FR","og_type":"article","og_title":"\u201cAH \u2013 Volevo il mio nome\u201d: il teatro civile contro l\u2019odio fa tappa a Belluno - Bellunopress - Dolomiti","og_description":"Venerd\u00ec 17 luglio, all&#8217;Auditorium della Scuola di Musica A. Miari, va in scena un\u2019intensa riflessione sul passato per interrogare il nostro presente. Cosa spinge l\u2019essere umano verso l\u2019abisso dell\u2019odio? Come si pu\u00f2 decostruire un pensiero tossico per impedirgli di attecchire nuovamente? A queste domande scomode cerca di rispondere \u201cAH \u2013 Volevo il mio nome\u201d, lo [&hellip;]","og_url":"https:\/\/www.bellunopress.it\/fr\/2026\/07\/12\/ah-volevo-il-mio-nome-il-teatro-civile-contro-lodio-fa-tappa-a-belluno\/","og_site_name":"Bellunopress - Dolomiti","article_publisher":"https:\/\/www.facebook.com\/profile.php?id=100008943462799","article_published_time":"2026-07-12T04:54:07+00:00","og_image":[{"width":372,"height":500,"url":"https:\/\/www.bellunopress.it\/wp-content\/uploads\/2026\/07\/Sala-Mares-Montresor.jpeg","type":"image\/jpeg"}],"author":"redazione","twitter_card":"summary_large_image","twitter_creator":"@bellunopress","twitter_site":"@bellunopress","twitter_misc":{"Written by":"redazione","Est. reading time":"4 minutes"},"schema":{"@context":"https:\/\/schema.org","@graph":[{"@type":"Article","@id":"https:\/\/www.bellunopress.it\/2026\/07\/12\/ah-volevo-il-mio-nome-il-teatro-civile-contro-lodio-fa-tappa-a-belluno\/#article","isPartOf":{"@id":"https:\/\/www.bellunopress.it\/2026\/07\/12\/ah-volevo-il-mio-nome-il-teatro-civile-contro-lodio-fa-tappa-a-belluno\/"},"author":{"name":"redazione","@id":"https:\/\/www.bellunopress.it\/#\/schema\/person\/79bb06722b37ece1c03d3e94beb30d73"},"headline":"\u201cAH \u2013 Volevo il mio nome\u201d: il teatro civile contro l\u2019odio fa tappa a Belluno","datePublished":"2026-07-12T04:54:07+00:00","mainEntityOfPage":{"@id":"https:\/\/www.bellunopress.it\/2026\/07\/12\/ah-volevo-il-mio-nome-il-teatro-civile-contro-lodio-fa-tappa-a-belluno\/"},"wordCount":560,"publisher":{"@id":"https:\/\/www.bellunopress.it\/#organization"},"image":{"@id":"https:\/\/www.bellunopress.it\/2026\/07\/12\/ah-volevo-il-mio-nome-il-teatro-civile-contro-lodio-fa-tappa-a-belluno\/#primaryimage"},"thumbnailUrl":"https:\/\/www.bellunopress.it\/wp-content\/uploads\/2026\/07\/Sala-Mares-Montresor.jpeg","articleSection":["Appuntamenti, Eventi","Arte, Cultura, Spettacoli, Scienza"],"inLanguage":"fr-FR"},{"@type":"WebPage","@id":"https:\/\/www.bellunopress.it\/2026\/07\/12\/ah-volevo-il-mio-nome-il-teatro-civile-contro-lodio-fa-tappa-a-belluno\/","url":"https:\/\/www.bellunopress.it\/2026\/07\/12\/ah-volevo-il-mio-nome-il-teatro-civile-contro-lodio-fa-tappa-a-belluno\/","name":"\u201cAH \u2013 Volevo il mio nome\u201d: il teatro civile contro l\u2019odio fa tappa a Belluno - Bellunopress - Dolomiti","isPartOf":{"@id":"https:\/\/www.bellunopress.it\/#website"},"primaryImageOfPage":{"@id":"https:\/\/www.bellunopress.it\/2026\/07\/12\/ah-volevo-il-mio-nome-il-teatro-civile-contro-lodio-fa-tappa-a-belluno\/#primaryimage"},"image":{"@id":"https:\/\/www.bellunopress.it\/2026\/07\/12\/ah-volevo-il-mio-nome-il-teatro-civile-contro-lodio-fa-tappa-a-belluno\/#primaryimage"},"thumbnailUrl":"https:\/\/www.bellunopress.it\/wp-content\/uploads\/2026\/07\/Sala-Mares-Montresor.jpeg","datePublished":"2026-07-12T04:54:07+00:00","breadcrumb":{"@id":"https:\/\/www.bellunopress.it\/2026\/07\/12\/ah-volevo-il-mio-nome-il-teatro-civile-contro-lodio-fa-tappa-a-belluno\/#breadcrumb"},"inLanguage":"fr-FR","potentialAction":[{"@type":"ReadAction","target":["https:\/\/www.bellunopress.it\/2026\/07\/12\/ah-volevo-il-mio-nome-il-teatro-civile-contro-lodio-fa-tappa-a-belluno\/"]}]},{"@type":"ImageObject","inLanguage":"fr-FR","@id":"https:\/\/www.bellunopress.it\/2026\/07\/12\/ah-volevo-il-mio-nome-il-teatro-civile-contro-lodio-fa-tappa-a-belluno\/#primaryimage","url":"https:\/\/www.bellunopress.it\/wp-content\/uploads\/2026\/07\/Sala-Mares-Montresor.jpeg","contentUrl":"https:\/\/www.bellunopress.it\/wp-content\/uploads\/2026\/07\/Sala-Mares-Montresor.jpeg","width":372,"height":500},{"@type":"BreadcrumbList","@id":"https:\/\/www.bellunopress.it\/2026\/07\/12\/ah-volevo-il-mio-nome-il-teatro-civile-contro-lodio-fa-tappa-a-belluno\/#breadcrumb","itemListElement":[{"@type":"ListItem","position":1,"name":"Home","item":"https:\/\/www.bellunopress.it\/"},{"@type":"ListItem","position":2,"name":"\u201cAH \u2013 Volevo il mio nome\u201d: il teatro civile contro l\u2019odio fa tappa a Belluno"}]},{"@type":"WebSite","@id":"https:\/\/www.bellunopress.it\/#website","url":"https:\/\/www.bellunopress.it\/","name":"Bellunopress - Dolomiti","description":"e-mail: redazione@bellunopress.it","publisher":{"@id":"https:\/\/www.bellunopress.it\/#organization"},"potentialAction":[{"@type":"SearchAction","target":{"@type":"EntryPoint","urlTemplate":"https:\/\/www.bellunopress.it\/?s={search_term_string}"},"query-input":{"@type":"PropertyValueSpecification","valueRequired":true,"valueName":"search_term_string"}}],"inLanguage":"fr-FR"},{"@type":"Organization","@id":"https:\/\/www.bellunopress.it\/#organization","name":"Bellunopress","url":"https:\/\/www.bellunopress.it\/","logo":{"@type":"ImageObject","inLanguage":"fr-FR","@id":"https:\/\/www.bellunopress.it\/#\/schema\/logo\/image\/","url":"https:\/\/www.bellunopress.it\/wp-content\/uploads\/2011\/05\/cropped-logo-bellunopress-.jpg","contentUrl":"https:\/\/www.bellunopress.it\/wp-content\/uploads\/2011\/05\/cropped-logo-bellunopress-.jpg","width":512,"height":512,"caption":"Bellunopress"},"image":{"@id":"https:\/\/www.bellunopress.it\/#\/schema\/logo\/image\/"},"sameAs":["https:\/\/www.facebook.com\/profile.php?id=100008943462799","https:\/\/x.com\/bellunopress","https:\/\/www.linkedin.com\/hp\/?dnr=JBzUWaJfMUw8vbXJJ2tVW5-I3jZKvC4wsoxE&amp;amp;amp;amp;amp;amp;trk=nav_responsive_tab_home","https:\/\/www.youtube.com\/channel\/UCxL0wu1uN0_3_7hGG0306cw"]},{"@type":"Person","@id":"https:\/\/www.bellunopress.it\/#\/schema\/person\/79bb06722b37ece1c03d3e94beb30d73","name":"r\u00e9daction","image":{"@type":"ImageObject","inLanguage":"fr-FR","@id":"https:\/\/secure.gravatar.com\/avatar\/37d968a2e67a6fd04c169c4bdef102d0bc5d31b2546345219e348575eb80e9a0?s=96&d=mm&r=g","url":"https:\/\/secure.gravatar.com\/avatar\/37d968a2e67a6fd04c169c4bdef102d0bc5d31b2546345219e348575eb80e9a0?s=96&d=mm&r=g","contentUrl":"https:\/\/secure.gravatar.com\/avatar\/37d968a2e67a6fd04c169c4bdef102d0bc5d31b2546345219e348575eb80e9a0?s=96&d=mm&r=g","caption":"redazione"},"sameAs":["http:\/\/www.bellunopress.it","https:\/\/x.com\/bellunopress"],"url":"https:\/\/www.bellunopress.it\/fr\/author\/redazione\/"}]}},"_links":{"self":[{"href":"https:\/\/www.bellunopress.it\/fr\/wp-json\/wp\/v2\/posts\/171851","targetHints":{"allow":["GET"]}}],"collection":[{"href":"https:\/\/www.bellunopress.it\/fr\/wp-json\/wp\/v2\/posts"}],"about":[{"href":"https:\/\/www.bellunopress.it\/fr\/wp-json\/wp\/v2\/types\/post"}],"author":[{"embeddable":true,"href":"https:\/\/www.bellunopress.it\/fr\/wp-json\/wp\/v2\/users\/2"}],"replies":[{"embeddable":true,"href":"https:\/\/www.bellunopress.it\/fr\/wp-json\/wp\/v2\/comments?post=171851"}],"version-history":[{"count":1,"href":"https:\/\/www.bellunopress.it\/fr\/wp-json\/wp\/v2\/posts\/171851\/revisions"}],"predecessor-version":[{"id":171853,"href":"https:\/\/www.bellunopress.it\/fr\/wp-json\/wp\/v2\/posts\/171851\/revisions\/171853"}],"wp:featuredmedia":[{"embeddable":true,"href":"https:\/\/www.bellunopress.it\/fr\/wp-json\/wp\/v2\/media\/171852"}],"wp:attachment":[{"href":"https:\/\/www.bellunopress.it\/fr\/wp-json\/wp\/v2\/media?parent=171851"}],"wp:term":[{"taxonomy":"category","embeddable":true,"href":"https:\/\/www.bellunopress.it\/fr\/wp-json\/wp\/v2\/categories?post=171851"},{"taxonomy":"post_tag","embeddable":true,"href":"https:\/\/www.bellunopress.it\/fr\/wp-json\/wp\/v2\/tags?post=171851"}],"curies":[{"name":"wp","href":"https:\/\/api.w.org\/{rel}","templated":true}]}}