{"id":171849,"date":"2026-07-12T06:23:40","date_gmt":"2026-07-12T04:23:40","guid":{"rendered":"https:\/\/www.bellunopress.it\/?p=171849"},"modified":"2026-07-12T06:23:40","modified_gmt":"2026-07-12T04:23:40","slug":"caccia-il-tar-veneto-da-ragione-agli-ambientalisti-e-sospende-il-calendario","status":"publish","type":"post","link":"https:\/\/www.bellunopress.it\/fr\/2026\/07\/12\/caccia-il-tar-veneto-da-ragione-agli-ambientalisti-e-sospende-il-calendario\/","title":{"rendered":"Caccia: il TAR Veneto d\u00e0 ragione agli ambientalisti e sospende il calendario"},"content":{"rendered":"<p><strong>Andrea Zanoni (Europa Verde): Grazie alle associazioni salvate migliaia di allodole e tordi. Fermeremo la follia della legge &#8220;sparatutto&#8221;<\/strong><\/p>\n<p>Roma, 11 luglio 2026 \u2013 Nuova pesante bocciatura per la politica venatoria della Regione Veneto. Il TAR ha parzialmente sospeso il calendario venatorio per la stagione 2026\/27, azzerando la concessione delle macro-deroghe che avrebbero permesso ai cacciatori di sparare nella provincia di Vicenza a Tordo bottaccio, Tordo sassello, Cesena, Merlo per pi\u00f9 di tre giorni a settimana nei mesi di ottobre e novembre 2026 e in tutto il territorio regionale all&#8217;allodola per pi\u00f9 di tre giorni a settimana nei mesi di ottobre e novembre 2026.<\/p>\n<p>&#8220;\u00c8 una splendida notizia per chiunque abbia a cuore la tutela degli animali&#8221;, commenta Andrea Zanoni, Coordinatore dell&#8217;Osservatorio Diritti Animali di Europa Verde. &#8220;Esprimo la mia profonda gratitudine a LAC, ENPA, LAV, LIPU e al grandissimo avvocato Claudio Linzola per aver promosso e vinto questo ricorso fondamentale. La magistratura ha ristabilito un briciolo di legalit\u00e0, proteggendo migliaia di esemplari di avifauna migratrice da un prelievo insostenibile&#8221;.<\/p>\n<p>Il prossimo appuntamento \u00e8 fissato per il 26 novembre in udienza pubblica, dove si affronteranno i temi caldi del munizionamento al piombo e della validit\u00e0 scientifica degli studi regionali.<\/p>\n<p>&#8220;Mentre i giudici confermano che la fauna va protetta, la destra a livello nazionale sta provando a smantellare le tutele con la proposta di legge n. 2984 alla Camera, ribattezzata &#8216;sparatutto'&#8221;, conclude Zanoni. &#8220;L&#8217;impegno dell&#8217;Osservatorio Diritti Animali di Europa Verde, con Alleanza Verdi Sinistra, sar\u00e0 totale per respingere questo assalto violento alla biodiversit\u00e0. Chi pensa di poter aggirare le direttive europee sulla pelle degli animali trover\u00e0 sempre un muro invalicabile. In questi giorni sto scrivendo centinaia di emendamenti al DDL Sparatutto, che saranno depositati dai nostri rappresentanti della Commissione Agricoltura della Camera entro gioved\u00ec prossimo, con l&#8217;intento di bloccare e insabbiare questo attentato nei confronti dei nostri animali selvatici tutelati dalla Costituzione italiana&#8221;.<\/p>","protected":false},"excerpt":{"rendered":"<p>Andrea Zanoni (Europa Verde): Grazie alle associazioni salvate migliaia di allodole e tordi. Fermeremo la follia della legge &#8220;sparatutto&#8221; Roma, 11 luglio 2026 \u2013 Nuova pesante bocciatura per la politica venatoria della Regione Veneto. Il TAR ha parzialmente sospeso il calendario venatorio per la stagione 2026\/27, azzerando la concessione delle macro-deroghe che avrebbero permesso ai [&hellip;]<\/p>\n","protected":false},"author":2,"featured_media":89853,"comment_status":"closed","ping_status":"open","sticky":false,"template":"","format":"standard","meta":{"footnotes":""},"categories":[5,38],"tags":[],"class_list":["post-171849","post","type-post","status-publish","format-standard","has-post-thumbnail","category-cronaca","category-natura-ambiente"],"yoast_head":"<!-- This site is optimized with the Yoast SEO plugin v28.4 - https:\/\/yoast.com\/product\/yoast-seo-wordpress\/ -->\n<title>Caccia: il TAR Veneto d\u00e0 ragione agli ambientalisti e sospende il calendario - Bellunopress - Dolomiti<\/title>\n<meta name=\"robots\" content=\"index, follow, max-snippet:-1, max-image-preview:large, max-video-preview:-1\" \/>\n<link rel=\"canonical\" href=\"https:\/\/www.bellunopress.it\/fr\/2026\/07\/12\/caccia-il-tar-veneto-da-ragione-agli-ambientalisti-e-sospende-il-calendario\/\" \/>\n<meta property=\"og:locale\" content=\"fr_FR\" \/>\n<meta property=\"og:type\" content=\"article\" \/>\n<meta property=\"og:title\" content=\"Caccia: il TAR Veneto d\u00e0 ragione agli ambientalisti e sospende il calendario - Bellunopress - Dolomiti\" \/>\n<meta property=\"og:description\" content=\"Andrea Zanoni (Europa Verde): Grazie alle associazioni salvate migliaia di allodole e tordi. Fermeremo la follia della legge &#8220;sparatutto&#8221; Roma, 11 luglio 2026 \u2013 Nuova pesante bocciatura per la politica venatoria della Regione Veneto. Il TAR ha parzialmente sospeso il calendario venatorio per la stagione 2026\/27, azzerando la concessione delle macro-deroghe che avrebbero permesso ai [&hellip;]\" \/>\n<meta property=\"og:url\" content=\"https:\/\/www.bellunopress.it\/fr\/2026\/07\/12\/caccia-il-tar-veneto-da-ragione-agli-ambientalisti-e-sospende-il-calendario\/\" \/>\n<meta property=\"og:site_name\" content=\"Bellunopress - Dolomiti\" \/>\n<meta property=\"article:publisher\" content=\"https:\/\/www.facebook.com\/profile.php?id=100008943462799\" \/>\n<meta property=\"article:published_time\" content=\"2026-07-12T04:23:40+00:00\" \/>\n<meta property=\"og:image\" content=\"https:\/\/www.bellunopress.it\/wp-content\/uploads\/2017\/10\/Andrea-Zanoni.jpg\" \/>\n\t<meta property=\"og:image:width\" content=\"469\" \/>\n\t<meta property=\"og:image:height\" content=\"389\" \/>\n\t<meta property=\"og:image:type\" content=\"image\/jpeg\" \/>\n<meta name=\"author\" content=\"redazione\" \/>\n<meta name=\"twitter:card\" content=\"summary_large_image\" \/>\n<meta name=\"twitter:creator\" content=\"@bellunopress\" \/>\n<meta name=\"twitter:site\" content=\"@bellunopress\" \/>\n<meta name=\"twitter:label1\" content=\"\u00c9crit par\" \/>\n\t<meta name=\"twitter:data1\" content=\"redazione\" \/>\n\t<meta name=\"twitter:label2\" content=\"Dur\u00e9e de lecture estim\u00e9e\" \/>\n\t<meta name=\"twitter:data2\" content=\"2 minutes\" \/>\n<script type=\"application\/ld+json\" class=\"yoast-schema-graph\">{\"@context\":\"https:\\\/\\\/schema.org\",\"@graph\":[{\"@type\":\"Article\",\"@id\":\"https:\\\/\\\/www.bellunopress.it\\\/2026\\\/07\\\/12\\\/caccia-il-tar-veneto-da-ragione-agli-ambientalisti-e-sospende-il-calendario\\\/#article\",\"isPartOf\":{\"@id\":\"https:\\\/\\\/www.bellunopress.it\\\/2026\\\/07\\\/12\\\/caccia-il-tar-veneto-da-ragione-agli-ambientalisti-e-sospende-il-calendario\\\/\"},\"author\":{\"name\":\"redazione\",\"@id\":\"https:\\\/\\\/www.bellunopress.it\\\/#\\\/schema\\\/person\\\/79bb06722b37ece1c03d3e94beb30d73\"},\"headline\":\"Caccia: il TAR Veneto d\u00e0 ragione agli ambientalisti e sospende il calendario\",\"datePublished\":\"2026-07-12T04:23:40+00:00\",\"mainEntityOfPage\":{\"@id\":\"https:\\\/\\\/www.bellunopress.it\\\/2026\\\/07\\\/12\\\/caccia-il-tar-veneto-da-ragione-agli-ambientalisti-e-sospende-il-calendario\\\/\"},\"wordCount\":319,\"publisher\":{\"@id\":\"https:\\\/\\\/www.bellunopress.it\\\/#organization\"},\"image\":{\"@id\":\"https:\\\/\\\/www.bellunopress.it\\\/2026\\\/07\\\/12\\\/caccia-il-tar-veneto-da-ragione-agli-ambientalisti-e-sospende-il-calendario\\\/#primaryimage\"},\"thumbnailUrl\":\"https:\\\/\\\/www.bellunopress.it\\\/wp-content\\\/uploads\\\/2017\\\/10\\\/Andrea-Zanoni.jpg\",\"articleSection\":[\"Cronaca\\\/Politica\",\"Meteo, natura, ambiente, animali\"],\"inLanguage\":\"fr-FR\"},{\"@type\":\"WebPage\",\"@id\":\"https:\\\/\\\/www.bellunopress.it\\\/2026\\\/07\\\/12\\\/caccia-il-tar-veneto-da-ragione-agli-ambientalisti-e-sospende-il-calendario\\\/\",\"url\":\"https:\\\/\\\/www.bellunopress.it\\\/2026\\\/07\\\/12\\\/caccia-il-tar-veneto-da-ragione-agli-ambientalisti-e-sospende-il-calendario\\\/\",\"name\":\"Caccia: il TAR Veneto d\u00e0 ragione agli ambientalisti e sospende il calendario - Bellunopress - Dolomiti\",\"isPartOf\":{\"@id\":\"https:\\\/\\\/www.bellunopress.it\\\/#website\"},\"primaryImageOfPage\":{\"@id\":\"https:\\\/\\\/www.bellunopress.it\\\/2026\\\/07\\\/12\\\/caccia-il-tar-veneto-da-ragione-agli-ambientalisti-e-sospende-il-calendario\\\/#primaryimage\"},\"image\":{\"@id\":\"https:\\\/\\\/www.bellunopress.it\\\/2026\\\/07\\\/12\\\/caccia-il-tar-veneto-da-ragione-agli-ambientalisti-e-sospende-il-calendario\\\/#primaryimage\"},\"thumbnailUrl\":\"https:\\\/\\\/www.bellunopress.it\\\/wp-content\\\/uploads\\\/2017\\\/10\\\/Andrea-Zanoni.jpg\",\"datePublished\":\"2026-07-12T04:23:40+00:00\",\"breadcrumb\":{\"@id\":\"https:\\\/\\\/www.bellunopress.it\\\/2026\\\/07\\\/12\\\/caccia-il-tar-veneto-da-ragione-agli-ambientalisti-e-sospende-il-calendario\\\/#breadcrumb\"},\"inLanguage\":\"fr-FR\",\"potentialAction\":[{\"@type\":\"ReadAction\",\"target\":[\"https:\\\/\\\/www.bellunopress.it\\\/2026\\\/07\\\/12\\\/caccia-il-tar-veneto-da-ragione-agli-ambientalisti-e-sospende-il-calendario\\\/\"]}]},{\"@type\":\"ImageObject\",\"inLanguage\":\"fr-FR\",\"@id\":\"https:\\\/\\\/www.bellunopress.it\\\/2026\\\/07\\\/12\\\/caccia-il-tar-veneto-da-ragione-agli-ambientalisti-e-sospende-il-calendario\\\/#primaryimage\",\"url\":\"https:\\\/\\\/www.bellunopress.it\\\/wp-content\\\/uploads\\\/2017\\\/10\\\/Andrea-Zanoni.jpg\",\"contentUrl\":\"https:\\\/\\\/www.bellunopress.it\\\/wp-content\\\/uploads\\\/2017\\\/10\\\/Andrea-Zanoni.jpg\",\"width\":469,\"height\":389,\"caption\":\"Andrea Zanoni - Coordinatore dell'Osservatorio Diritti Animali di Europa Verde\"},{\"@type\":\"BreadcrumbList\",\"@id\":\"https:\\\/\\\/www.bellunopress.it\\\/2026\\\/07\\\/12\\\/caccia-il-tar-veneto-da-ragione-agli-ambientalisti-e-sospende-il-calendario\\\/#breadcrumb\",\"itemListElement\":[{\"@type\":\"ListItem\",\"position\":1,\"name\":\"Home\",\"item\":\"https:\\\/\\\/www.bellunopress.it\\\/\"},{\"@type\":\"ListItem\",\"position\":2,\"name\":\"Caccia: il TAR Veneto d\u00e0 ragione agli ambientalisti e sospende il calendario\"}]},{\"@type\":\"WebSite\",\"@id\":\"https:\\\/\\\/www.bellunopress.it\\\/#website\",\"url\":\"https:\\\/\\\/www.bellunopress.it\\\/\",\"name\":\"Bellunopress - Dolomiti\",\"description\":\"e-mail: redazione@bellunopress.it\",\"publisher\":{\"@id\":\"https:\\\/\\\/www.bellunopress.it\\\/#organization\"},\"potentialAction\":[{\"@type\":\"SearchAction\",\"target\":{\"@type\":\"EntryPoint\",\"urlTemplate\":\"https:\\\/\\\/www.bellunopress.it\\\/?s={search_term_string}\"},\"query-input\":{\"@type\":\"PropertyValueSpecification\",\"valueRequired\":true,\"valueName\":\"search_term_string\"}}],\"inLanguage\":\"fr-FR\"},{\"@type\":\"Organization\",\"@id\":\"https:\\\/\\\/www.bellunopress.it\\\/#organization\",\"name\":\"Bellunopress\",\"url\":\"https:\\\/\\\/www.bellunopress.it\\\/\",\"logo\":{\"@type\":\"ImageObject\",\"inLanguage\":\"fr-FR\",\"@id\":\"https:\\\/\\\/www.bellunopress.it\\\/#\\\/schema\\\/logo\\\/image\\\/\",\"url\":\"https:\\\/\\\/www.bellunopress.it\\\/wp-content\\\/uploads\\\/2011\\\/05\\\/cropped-logo-bellunopress-.jpg\",\"contentUrl\":\"https:\\\/\\\/www.bellunopress.it\\\/wp-content\\\/uploads\\\/2011\\\/05\\\/cropped-logo-bellunopress-.jpg\",\"width\":512,\"height\":512,\"caption\":\"Bellunopress\"},\"image\":{\"@id\":\"https:\\\/\\\/www.bellunopress.it\\\/#\\\/schema\\\/logo\\\/image\\\/\"},\"sameAs\":[\"https:\\\/\\\/www.facebook.com\\\/profile.php?id=100008943462799\",\"https:\\\/\\\/x.com\\\/bellunopress\",\"https:\\\/\\\/www.linkedin.com\\\/hp\\\/?dnr=JBzUWaJfMUw8vbXJJ2tVW5-I3jZKvC4wsoxE&amp;amp;amp;amp;amp;amp;trk=nav_responsive_tab_home\",\"https:\\\/\\\/www.youtube.com\\\/channel\\\/UCxL0wu1uN0_3_7hGG0306cw\"]},{\"@type\":\"Person\",\"@id\":\"https:\\\/\\\/www.bellunopress.it\\\/#\\\/schema\\\/person\\\/79bb06722b37ece1c03d3e94beb30d73\",\"name\":\"redazione\",\"image\":{\"@type\":\"ImageObject\",\"inLanguage\":\"fr-FR\",\"@id\":\"https:\\\/\\\/secure.gravatar.com\\\/avatar\\\/37d968a2e67a6fd04c169c4bdef102d0bc5d31b2546345219e348575eb80e9a0?s=96&d=mm&r=g\",\"url\":\"https:\\\/\\\/secure.gravatar.com\\\/avatar\\\/37d968a2e67a6fd04c169c4bdef102d0bc5d31b2546345219e348575eb80e9a0?s=96&d=mm&r=g\",\"contentUrl\":\"https:\\\/\\\/secure.gravatar.com\\\/avatar\\\/37d968a2e67a6fd04c169c4bdef102d0bc5d31b2546345219e348575eb80e9a0?s=96&d=mm&r=g\",\"caption\":\"redazione\"},\"sameAs\":[\"http:\\\/\\\/www.bellunopress.it\",\"https:\\\/\\\/x.com\\\/bellunopress\"],\"url\":\"https:\\\/\\\/www.bellunopress.it\\\/fr\\\/author\\\/redazione\\\/\"}]}<\/script>\n<!-- \/ Yoast SEO plugin. -->","yoast_head_json":{"title":"Caccia: il TAR Veneto d\u00e0 ragione agli ambientalisti e sospende il calendario - Bellunopress - Dolomiti","robots":{"index":"index","follow":"follow","max-snippet":"max-snippet:-1","max-image-preview":"max-image-preview:large","max-video-preview":"max-video-preview:-1"},"canonical":"https:\/\/www.bellunopress.it\/fr\/2026\/07\/12\/caccia-il-tar-veneto-da-ragione-agli-ambientalisti-e-sospende-il-calendario\/","og_locale":"fr_FR","og_type":"article","og_title":"Caccia: il TAR Veneto d\u00e0 ragione agli ambientalisti e sospende il calendario - Bellunopress - Dolomiti","og_description":"Andrea Zanoni (Europa Verde): Grazie alle associazioni salvate migliaia di allodole e tordi. Fermeremo la follia della legge &#8220;sparatutto&#8221; Roma, 11 luglio 2026 \u2013 Nuova pesante bocciatura per la politica venatoria della Regione Veneto. Il TAR ha parzialmente sospeso il calendario venatorio per la stagione 2026\/27, azzerando la concessione delle macro-deroghe che avrebbero permesso ai [&hellip;]","og_url":"https:\/\/www.bellunopress.it\/fr\/2026\/07\/12\/caccia-il-tar-veneto-da-ragione-agli-ambientalisti-e-sospende-il-calendario\/","og_site_name":"Bellunopress - Dolomiti","article_publisher":"https:\/\/www.facebook.com\/profile.php?id=100008943462799","article_published_time":"2026-07-12T04:23:40+00:00","og_image":[{"width":469,"height":389,"url":"https:\/\/www.bellunopress.it\/wp-content\/uploads\/2017\/10\/Andrea-Zanoni.jpg","type":"image\/jpeg"}],"author":"redazione","twitter_card":"summary_large_image","twitter_creator":"@bellunopress","twitter_site":"@bellunopress","twitter_misc":{"\u00c9crit par":"redazione","Dur\u00e9e de lecture estim\u00e9e":"2 minutes"},"schema":{"@context":"https:\/\/schema.org","@graph":[{"@type":"Article","@id":"https:\/\/www.bellunopress.it\/2026\/07\/12\/caccia-il-tar-veneto-da-ragione-agli-ambientalisti-e-sospende-il-calendario\/#article","isPartOf":{"@id":"https:\/\/www.bellunopress.it\/2026\/07\/12\/caccia-il-tar-veneto-da-ragione-agli-ambientalisti-e-sospende-il-calendario\/"},"author":{"name":"redazione","@id":"https:\/\/www.bellunopress.it\/#\/schema\/person\/79bb06722b37ece1c03d3e94beb30d73"},"headline":"Caccia: il TAR Veneto d\u00e0 ragione agli ambientalisti e sospende il calendario","datePublished":"2026-07-12T04:23:40+00:00","mainEntityOfPage":{"@id":"https:\/\/www.bellunopress.it\/2026\/07\/12\/caccia-il-tar-veneto-da-ragione-agli-ambientalisti-e-sospende-il-calendario\/"},"wordCount":319,"publisher":{"@id":"https:\/\/www.bellunopress.it\/#organization"},"image":{"@id":"https:\/\/www.bellunopress.it\/2026\/07\/12\/caccia-il-tar-veneto-da-ragione-agli-ambientalisti-e-sospende-il-calendario\/#primaryimage"},"thumbnailUrl":"https:\/\/www.bellunopress.it\/wp-content\/uploads\/2017\/10\/Andrea-Zanoni.jpg","articleSection":["Cronaca\/Politica","Meteo, natura, ambiente, animali"],"inLanguage":"fr-FR"},{"@type":"WebPage","@id":"https:\/\/www.bellunopress.it\/2026\/07\/12\/caccia-il-tar-veneto-da-ragione-agli-ambientalisti-e-sospende-il-calendario\/","url":"https:\/\/www.bellunopress.it\/2026\/07\/12\/caccia-il-tar-veneto-da-ragione-agli-ambientalisti-e-sospende-il-calendario\/","name":"Caccia: il TAR Veneto d\u00e0 ragione agli ambientalisti e sospende il calendario - Bellunopress - Dolomiti","isPartOf":{"@id":"https:\/\/www.bellunopress.it\/#website"},"primaryImageOfPage":{"@id":"https:\/\/www.bellunopress.it\/2026\/07\/12\/caccia-il-tar-veneto-da-ragione-agli-ambientalisti-e-sospende-il-calendario\/#primaryimage"},"image":{"@id":"https:\/\/www.bellunopress.it\/2026\/07\/12\/caccia-il-tar-veneto-da-ragione-agli-ambientalisti-e-sospende-il-calendario\/#primaryimage"},"thumbnailUrl":"https:\/\/www.bellunopress.it\/wp-content\/uploads\/2017\/10\/Andrea-Zanoni.jpg","datePublished":"2026-07-12T04:23:40+00:00","breadcrumb":{"@id":"https:\/\/www.bellunopress.it\/2026\/07\/12\/caccia-il-tar-veneto-da-ragione-agli-ambientalisti-e-sospende-il-calendario\/#breadcrumb"},"inLanguage":"fr-FR","potentialAction":[{"@type":"ReadAction","target":["https:\/\/www.bellunopress.it\/2026\/07\/12\/caccia-il-tar-veneto-da-ragione-agli-ambientalisti-e-sospende-il-calendario\/"]}]},{"@type":"ImageObject","inLanguage":"fr-FR","@id":"https:\/\/www.bellunopress.it\/2026\/07\/12\/caccia-il-tar-veneto-da-ragione-agli-ambientalisti-e-sospende-il-calendario\/#primaryimage","url":"https:\/\/www.bellunopress.it\/wp-content\/uploads\/2017\/10\/Andrea-Zanoni.jpg","contentUrl":"https:\/\/www.bellunopress.it\/wp-content\/uploads\/2017\/10\/Andrea-Zanoni.jpg","width":469,"height":389,"caption":"Andrea Zanoni - Coordinatore dell'Osservatorio Diritti Animali di Europa Verde"},{"@type":"BreadcrumbList","@id":"https:\/\/www.bellunopress.it\/2026\/07\/12\/caccia-il-tar-veneto-da-ragione-agli-ambientalisti-e-sospende-il-calendario\/#breadcrumb","itemListElement":[{"@type":"ListItem","position":1,"name":"Home","item":"https:\/\/www.bellunopress.it\/"},{"@type":"ListItem","position":2,"name":"Caccia: il TAR Veneto d\u00e0 ragione agli ambientalisti e sospende il calendario"}]},{"@type":"WebSite","@id":"https:\/\/www.bellunopress.it\/#website","url":"https:\/\/www.bellunopress.it\/","name":"Bellunopress - Dolomiti","description":"e-mail: redazione@bellunopress.it","publisher":{"@id":"https:\/\/www.bellunopress.it\/#organization"},"potentialAction":[{"@type":"SearchAction","target":{"@type":"EntryPoint","urlTemplate":"https:\/\/www.bellunopress.it\/?s={search_term_string}"},"query-input":{"@type":"PropertyValueSpecification","valueRequired":true,"valueName":"search_term_string"}}],"inLanguage":"fr-FR"},{"@type":"Organization","@id":"https:\/\/www.bellunopress.it\/#organization","name":"Bellunopress","url":"https:\/\/www.bellunopress.it\/","logo":{"@type":"ImageObject","inLanguage":"fr-FR","@id":"https:\/\/www.bellunopress.it\/#\/schema\/logo\/image\/","url":"https:\/\/www.bellunopress.it\/wp-content\/uploads\/2011\/05\/cropped-logo-bellunopress-.jpg","contentUrl":"https:\/\/www.bellunopress.it\/wp-content\/uploads\/2011\/05\/cropped-logo-bellunopress-.jpg","width":512,"height":512,"caption":"Bellunopress"},"image":{"@id":"https:\/\/www.bellunopress.it\/#\/schema\/logo\/image\/"},"sameAs":["https:\/\/www.facebook.com\/profile.php?id=100008943462799","https:\/\/x.com\/bellunopress","https:\/\/www.linkedin.com\/hp\/?dnr=JBzUWaJfMUw8vbXJJ2tVW5-I3jZKvC4wsoxE&amp;amp;amp;amp;amp;amp;trk=nav_responsive_tab_home","https:\/\/www.youtube.com\/channel\/UCxL0wu1uN0_3_7hGG0306cw"]},{"@type":"Person","@id":"https:\/\/www.bellunopress.it\/#\/schema\/person\/79bb06722b37ece1c03d3e94beb30d73","name":"r\u00e9daction","image":{"@type":"ImageObject","inLanguage":"fr-FR","@id":"https:\/\/secure.gravatar.com\/avatar\/37d968a2e67a6fd04c169c4bdef102d0bc5d31b2546345219e348575eb80e9a0?s=96&d=mm&r=g","url":"https:\/\/secure.gravatar.com\/avatar\/37d968a2e67a6fd04c169c4bdef102d0bc5d31b2546345219e348575eb80e9a0?s=96&d=mm&r=g","contentUrl":"https:\/\/secure.gravatar.com\/avatar\/37d968a2e67a6fd04c169c4bdef102d0bc5d31b2546345219e348575eb80e9a0?s=96&d=mm&r=g","caption":"redazione"},"sameAs":["http:\/\/www.bellunopress.it","https:\/\/x.com\/bellunopress"],"url":"https:\/\/www.bellunopress.it\/fr\/author\/redazione\/"}]}},"_links":{"self":[{"href":"https:\/\/www.bellunopress.it\/fr\/wp-json\/wp\/v2\/posts\/171849","targetHints":{"allow":["GET"]}}],"collection":[{"href":"https:\/\/www.bellunopress.it\/fr\/wp-json\/wp\/v2\/posts"}],"about":[{"href":"https:\/\/www.bellunopress.it\/fr\/wp-json\/wp\/v2\/types\/post"}],"author":[{"embeddable":true,"href":"https:\/\/www.bellunopress.it\/fr\/wp-json\/wp\/v2\/users\/2"}],"replies":[{"embeddable":true,"href":"https:\/\/www.bellunopress.it\/fr\/wp-json\/wp\/v2\/comments?post=171849"}],"version-history":[{"count":1,"href":"https:\/\/www.bellunopress.it\/fr\/wp-json\/wp\/v2\/posts\/171849\/revisions"}],"predecessor-version":[{"id":171850,"href":"https:\/\/www.bellunopress.it\/fr\/wp-json\/wp\/v2\/posts\/171849\/revisions\/171850"}],"wp:featuredmedia":[{"embeddable":true,"href":"https:\/\/www.bellunopress.it\/fr\/wp-json\/wp\/v2\/media\/89853"}],"wp:attachment":[{"href":"https:\/\/www.bellunopress.it\/fr\/wp-json\/wp\/v2\/media?parent=171849"}],"wp:term":[{"taxonomy":"category","embeddable":true,"href":"https:\/\/www.bellunopress.it\/fr\/wp-json\/wp\/v2\/categories?post=171849"},{"taxonomy":"post_tag","embeddable":true,"href":"https:\/\/www.bellunopress.it\/fr\/wp-json\/wp\/v2\/tags?post=171849"}],"curies":[{"name":"wp","href":"https:\/\/api.w.org\/{rel}","templated":true}]}}