{"id":171839,"date":"2026-07-11T13:06:23","date_gmt":"2026-07-11T11:06:23","guid":{"rendered":"https:\/\/www.bellunopress.it\/?p=171839"},"modified":"2026-07-11T13:06:23","modified_gmt":"2026-07-11T11:06:23","slug":"prime-volte-a-feltre-il-successo-del-cinema-italiano-tra-confronto-e-futuro","status":"publish","type":"post","link":"https:\/\/www.bellunopress.it\/fr\/2026\/07\/11\/prime-volte-a-feltre-il-successo-del-cinema-italiano-tra-confronto-e-futuro\/","title":{"rendered":"Prime Volte a Feltre: il successo del cinema italiano tra confronto e futuro"},"content":{"rendered":"<p><strong>Cronaca dal festival: il punto di met\u00e0 percorso verso il gran finale.<\/strong><\/p>\n<p>Feltre si conferma cuore pulsante del cinema veneto. Il Festival &#8220;Prime Volte&#8221; ha raggiunto il suo giro di boa, trasformandosi in una presenza costante e vitale per la quotidianit\u00e0 del centro storico.<br \/>\nLa manifestazione non \u00e8 solo una rassegna cinematografica, ma un vero e proprio laboratorio di cultura che ha saputo attrarre spettatori da tutto il Veneto, desiderosi di incontrare autori di fama nazionale e scoprire le nuove frontiere del grande schermo.<br \/>\n&#8220;Mancava da tempo un appuntamento del genere a Feltre, capace di creare stimoli culturali e occasioni di confronto diretto con professionisti del settore.&#8221;<\/p>\n<p>Il cuore del festival ha vibrato durante l&#8217;incontro tra Jacopo Chessa, direttore della Veneto Film Commission, e il produttore Francesco Bonsembiante. Al centro del dibattito, la cosiddetta &#8220;Veneto Wave&#8221;: un fenomeno che sottolinea il crescente interesse nazionale verso gli autori veneti, capaci di raccontare la regione con uno sguardo nuovo e profondo.<br \/>\nIl pubblico, numeroso e partecipe, ha affollato le proiezioni, dall&#8217;Officinema di &#8220;Brotherhood&#8221; di Francesco Montagner, fino all&#8217;emozionante serata in Piazza Maggiore dedicata a &#8220;Gli Oceani sono i veri continenti&#8221; di Tommaso Santambrogio, presentato in apertura delle Giornate degli Autori a Venezia. L&#8217;entusiasmo della platea ha confermato una necessit\u00e0 latente: Feltre aveva bisogno di un palcoscenico che offrisse non solo intrattenimento, ma una reale opportunit\u00e0 di scambio culturale.<\/p>\n<p>Mentre cresce il timore che il sipario cali troppo in fretta, il festival non rallenta. La rassegna prosegue con tavole rotonde che vedono protagonisti i festival veneti e i produttori regionali, un momento cruciale per fare sistema. Il programma \u00e8 ricco: dai David di Donatello con Domenico Croce, alla ricercata poetica visiva di Michele Sammarco, fino all&#8217;atteso concerto di Massimo\u00a0Silverio. L&#8217;apice \u00e8 fissato per la serata in Piazza Maggiore, con l&#8217;ospite d&#8217;onore Claudio Cupellini, regista di &#8220;Gomorra &#8211; La serie&#8221;, che porter\u00e0 sul grande schermo &#8220;Una vita tranquilla&#8221;.<\/p>\n<p>L&#8217;auspicio degli organizzatori e del pubblico \u00e8 chiaro: &#8220;Prime Volte&#8221; non deve restare un episodio isolato, ma una boccata d&#8217;ossigeno che lasci un segno indelebile nel panorama culturale bellunese, gettando le basi per le edizioni future.<\/p>","protected":false},"excerpt":{"rendered":"<p>Cronaca dal festival: il punto di met\u00e0 percorso verso il gran finale. Feltre si conferma cuore pulsante del cinema veneto. Il Festival &#8220;Prime Volte&#8221; ha raggiunto il suo giro di boa, trasformandosi in una presenza costante e vitale per la quotidianit\u00e0 del centro storico. La manifestazione non \u00e8 solo una rassegna cinematografica, ma un vero [&hellip;]<\/p>\n","protected":false},"author":2,"featured_media":171840,"comment_status":"closed","ping_status":"open","sticky":false,"template":"","format":"standard","meta":{"footnotes":""},"categories":[3,25],"tags":[],"class_list":["post-171839","post","type-post","status-publish","format-standard","has-post-thumbnail","category-arte-cultura-spettacoli-scienza-archivi","category-pausa-caffe"],"yoast_head":"<!-- This site is optimized with the Yoast SEO plugin v28.4 - https:\/\/yoast.com\/product\/yoast-seo-wordpress\/ -->\n<title>Prime Volte a Feltre: il successo del cinema italiano tra confronto e futuro - Bellunopress - Dolomiti<\/title>\n<meta name=\"robots\" content=\"index, follow, max-snippet:-1, max-image-preview:large, max-video-preview:-1\" \/>\n<link rel=\"canonical\" href=\"https:\/\/www.bellunopress.it\/fr\/2026\/07\/11\/prime-volte-a-feltre-il-successo-del-cinema-italiano-tra-confronto-e-futuro\/\" \/>\n<meta property=\"og:locale\" content=\"fr_FR\" \/>\n<meta property=\"og:type\" content=\"article\" \/>\n<meta property=\"og:title\" content=\"Prime Volte a Feltre: il successo del cinema italiano tra confronto e futuro - Bellunopress - Dolomiti\" \/>\n<meta property=\"og:description\" content=\"Cronaca dal festival: il punto di met\u00e0 percorso verso il gran finale. Feltre si conferma cuore pulsante del cinema veneto. Il Festival &#8220;Prime Volte&#8221; ha raggiunto il suo giro di boa, trasformandosi in una presenza costante e vitale per la quotidianit\u00e0 del centro storico. La manifestazione non \u00e8 solo una rassegna cinematografica, ma un vero [&hellip;]\" \/>\n<meta property=\"og:url\" content=\"https:\/\/www.bellunopress.it\/fr\/2026\/07\/11\/prime-volte-a-feltre-il-successo-del-cinema-italiano-tra-confronto-e-futuro\/\" \/>\n<meta property=\"og:site_name\" content=\"Bellunopress - Dolomiti\" \/>\n<meta property=\"article:publisher\" content=\"https:\/\/www.facebook.com\/profile.php?id=100008943462799\" \/>\n<meta property=\"article:published_time\" content=\"2026-07-11T11:06:23+00:00\" \/>\n<meta property=\"og:image\" content=\"https:\/\/www.bellunopress.it\/wp-content\/uploads\/2026\/07\/Prime-Volte-Festival-Feltre.jpg\" \/>\n\t<meta property=\"og:image:width\" content=\"438\" \/>\n\t<meta property=\"og:image:height\" content=\"600\" \/>\n\t<meta property=\"og:image:type\" content=\"image\/jpeg\" \/>\n<meta name=\"author\" content=\"redazione\" \/>\n<meta name=\"twitter:card\" content=\"summary_large_image\" \/>\n<meta name=\"twitter:creator\" content=\"@bellunopress\" \/>\n<meta name=\"twitter:site\" content=\"@bellunopress\" \/>\n<meta name=\"twitter:label1\" content=\"\u00c9crit par\" \/>\n\t<meta name=\"twitter:data1\" content=\"redazione\" \/>\n\t<meta name=\"twitter:label2\" content=\"Dur\u00e9e de lecture estim\u00e9e\" \/>\n\t<meta name=\"twitter:data2\" content=\"3 minutes\" \/>\n<script type=\"application\/ld+json\" class=\"yoast-schema-graph\">{\"@context\":\"https:\\\/\\\/schema.org\",\"@graph\":[{\"@type\":\"Article\",\"@id\":\"https:\\\/\\\/www.bellunopress.it\\\/2026\\\/07\\\/11\\\/prime-volte-a-feltre-il-successo-del-cinema-italiano-tra-confronto-e-futuro\\\/#article\",\"isPartOf\":{\"@id\":\"https:\\\/\\\/www.bellunopress.it\\\/2026\\\/07\\\/11\\\/prime-volte-a-feltre-il-successo-del-cinema-italiano-tra-confronto-e-futuro\\\/\"},\"author\":{\"name\":\"redazione\",\"@id\":\"https:\\\/\\\/www.bellunopress.it\\\/#\\\/schema\\\/person\\\/79bb06722b37ece1c03d3e94beb30d73\"},\"headline\":\"Prime Volte a Feltre: il successo del cinema italiano tra confronto e futuro\",\"datePublished\":\"2026-07-11T11:06:23+00:00\",\"mainEntityOfPage\":{\"@id\":\"https:\\\/\\\/www.bellunopress.it\\\/2026\\\/07\\\/11\\\/prime-volte-a-feltre-il-successo-del-cinema-italiano-tra-confronto-e-futuro\\\/\"},\"wordCount\":370,\"publisher\":{\"@id\":\"https:\\\/\\\/www.bellunopress.it\\\/#organization\"},\"image\":{\"@id\":\"https:\\\/\\\/www.bellunopress.it\\\/2026\\\/07\\\/11\\\/prime-volte-a-feltre-il-successo-del-cinema-italiano-tra-confronto-e-futuro\\\/#primaryimage\"},\"thumbnailUrl\":\"https:\\\/\\\/www.bellunopress.it\\\/wp-content\\\/uploads\\\/2026\\\/07\\\/Prime-Volte-Festival-Feltre.jpg\",\"articleSection\":[\"Arte, Cultura, Spettacoli, Scienza\",\"Pausa Caff\u00e8\"],\"inLanguage\":\"fr-FR\"},{\"@type\":\"WebPage\",\"@id\":\"https:\\\/\\\/www.bellunopress.it\\\/2026\\\/07\\\/11\\\/prime-volte-a-feltre-il-successo-del-cinema-italiano-tra-confronto-e-futuro\\\/\",\"url\":\"https:\\\/\\\/www.bellunopress.it\\\/2026\\\/07\\\/11\\\/prime-volte-a-feltre-il-successo-del-cinema-italiano-tra-confronto-e-futuro\\\/\",\"name\":\"Prime Volte a Feltre: il successo del cinema italiano tra confronto e futuro - Bellunopress - Dolomiti\",\"isPartOf\":{\"@id\":\"https:\\\/\\\/www.bellunopress.it\\\/#website\"},\"primaryImageOfPage\":{\"@id\":\"https:\\\/\\\/www.bellunopress.it\\\/2026\\\/07\\\/11\\\/prime-volte-a-feltre-il-successo-del-cinema-italiano-tra-confronto-e-futuro\\\/#primaryimage\"},\"image\":{\"@id\":\"https:\\\/\\\/www.bellunopress.it\\\/2026\\\/07\\\/11\\\/prime-volte-a-feltre-il-successo-del-cinema-italiano-tra-confronto-e-futuro\\\/#primaryimage\"},\"thumbnailUrl\":\"https:\\\/\\\/www.bellunopress.it\\\/wp-content\\\/uploads\\\/2026\\\/07\\\/Prime-Volte-Festival-Feltre.jpg\",\"datePublished\":\"2026-07-11T11:06:23+00:00\",\"breadcrumb\":{\"@id\":\"https:\\\/\\\/www.bellunopress.it\\\/2026\\\/07\\\/11\\\/prime-volte-a-feltre-il-successo-del-cinema-italiano-tra-confronto-e-futuro\\\/#breadcrumb\"},\"inLanguage\":\"fr-FR\",\"potentialAction\":[{\"@type\":\"ReadAction\",\"target\":[\"https:\\\/\\\/www.bellunopress.it\\\/2026\\\/07\\\/11\\\/prime-volte-a-feltre-il-successo-del-cinema-italiano-tra-confronto-e-futuro\\\/\"]}]},{\"@type\":\"ImageObject\",\"inLanguage\":\"fr-FR\",\"@id\":\"https:\\\/\\\/www.bellunopress.it\\\/2026\\\/07\\\/11\\\/prime-volte-a-feltre-il-successo-del-cinema-italiano-tra-confronto-e-futuro\\\/#primaryimage\",\"url\":\"https:\\\/\\\/www.bellunopress.it\\\/wp-content\\\/uploads\\\/2026\\\/07\\\/Prime-Volte-Festival-Feltre.jpg\",\"contentUrl\":\"https:\\\/\\\/www.bellunopress.it\\\/wp-content\\\/uploads\\\/2026\\\/07\\\/Prime-Volte-Festival-Feltre.jpg\",\"width\":438,\"height\":600},{\"@type\":\"BreadcrumbList\",\"@id\":\"https:\\\/\\\/www.bellunopress.it\\\/2026\\\/07\\\/11\\\/prime-volte-a-feltre-il-successo-del-cinema-italiano-tra-confronto-e-futuro\\\/#breadcrumb\",\"itemListElement\":[{\"@type\":\"ListItem\",\"position\":1,\"name\":\"Home\",\"item\":\"https:\\\/\\\/www.bellunopress.it\\\/\"},{\"@type\":\"ListItem\",\"position\":2,\"name\":\"Prime Volte a Feltre: il successo del cinema italiano tra confronto e futuro\"}]},{\"@type\":\"WebSite\",\"@id\":\"https:\\\/\\\/www.bellunopress.it\\\/#website\",\"url\":\"https:\\\/\\\/www.bellunopress.it\\\/\",\"name\":\"Bellunopress - Dolomiti\",\"description\":\"e-mail: redazione@bellunopress.it\",\"publisher\":{\"@id\":\"https:\\\/\\\/www.bellunopress.it\\\/#organization\"},\"potentialAction\":[{\"@type\":\"SearchAction\",\"target\":{\"@type\":\"EntryPoint\",\"urlTemplate\":\"https:\\\/\\\/www.bellunopress.it\\\/?s={search_term_string}\"},\"query-input\":{\"@type\":\"PropertyValueSpecification\",\"valueRequired\":true,\"valueName\":\"search_term_string\"}}],\"inLanguage\":\"fr-FR\"},{\"@type\":\"Organization\",\"@id\":\"https:\\\/\\\/www.bellunopress.it\\\/#organization\",\"name\":\"Bellunopress\",\"url\":\"https:\\\/\\\/www.bellunopress.it\\\/\",\"logo\":{\"@type\":\"ImageObject\",\"inLanguage\":\"fr-FR\",\"@id\":\"https:\\\/\\\/www.bellunopress.it\\\/#\\\/schema\\\/logo\\\/image\\\/\",\"url\":\"https:\\\/\\\/www.bellunopress.it\\\/wp-content\\\/uploads\\\/2011\\\/05\\\/cropped-logo-bellunopress-.jpg\",\"contentUrl\":\"https:\\\/\\\/www.bellunopress.it\\\/wp-content\\\/uploads\\\/2011\\\/05\\\/cropped-logo-bellunopress-.jpg\",\"width\":512,\"height\":512,\"caption\":\"Bellunopress\"},\"image\":{\"@id\":\"https:\\\/\\\/www.bellunopress.it\\\/#\\\/schema\\\/logo\\\/image\\\/\"},\"sameAs\":[\"https:\\\/\\\/www.facebook.com\\\/profile.php?id=100008943462799\",\"https:\\\/\\\/x.com\\\/bellunopress\",\"https:\\\/\\\/www.linkedin.com\\\/hp\\\/?dnr=JBzUWaJfMUw8vbXJJ2tVW5-I3jZKvC4wsoxE&amp;amp;amp;amp;amp;amp;trk=nav_responsive_tab_home\",\"https:\\\/\\\/www.youtube.com\\\/channel\\\/UCxL0wu1uN0_3_7hGG0306cw\"]},{\"@type\":\"Person\",\"@id\":\"https:\\\/\\\/www.bellunopress.it\\\/#\\\/schema\\\/person\\\/79bb06722b37ece1c03d3e94beb30d73\",\"name\":\"redazione\",\"image\":{\"@type\":\"ImageObject\",\"inLanguage\":\"fr-FR\",\"@id\":\"https:\\\/\\\/secure.gravatar.com\\\/avatar\\\/37d968a2e67a6fd04c169c4bdef102d0bc5d31b2546345219e348575eb80e9a0?s=96&d=mm&r=g\",\"url\":\"https:\\\/\\\/secure.gravatar.com\\\/avatar\\\/37d968a2e67a6fd04c169c4bdef102d0bc5d31b2546345219e348575eb80e9a0?s=96&d=mm&r=g\",\"contentUrl\":\"https:\\\/\\\/secure.gravatar.com\\\/avatar\\\/37d968a2e67a6fd04c169c4bdef102d0bc5d31b2546345219e348575eb80e9a0?s=96&d=mm&r=g\",\"caption\":\"redazione\"},\"sameAs\":[\"http:\\\/\\\/www.bellunopress.it\",\"https:\\\/\\\/x.com\\\/bellunopress\"],\"url\":\"https:\\\/\\\/www.bellunopress.it\\\/fr\\\/author\\\/redazione\\\/\"}]}<\/script>\n<!-- \/ Yoast SEO plugin. -->","yoast_head_json":{"title":"Prime Volte a Feltre: il successo del cinema italiano tra confronto e futuro - Bellunopress - Dolomiti","robots":{"index":"index","follow":"follow","max-snippet":"max-snippet:-1","max-image-preview":"max-image-preview:large","max-video-preview":"max-video-preview:-1"},"canonical":"https:\/\/www.bellunopress.it\/fr\/2026\/07\/11\/prime-volte-a-feltre-il-successo-del-cinema-italiano-tra-confronto-e-futuro\/","og_locale":"fr_FR","og_type":"article","og_title":"Prime Volte a Feltre: il successo del cinema italiano tra confronto e futuro - Bellunopress - Dolomiti","og_description":"Cronaca dal festival: il punto di met\u00e0 percorso verso il gran finale. Feltre si conferma cuore pulsante del cinema veneto. Il Festival &#8220;Prime Volte&#8221; ha raggiunto il suo giro di boa, trasformandosi in una presenza costante e vitale per la quotidianit\u00e0 del centro storico. La manifestazione non \u00e8 solo una rassegna cinematografica, ma un vero [&hellip;]","og_url":"https:\/\/www.bellunopress.it\/fr\/2026\/07\/11\/prime-volte-a-feltre-il-successo-del-cinema-italiano-tra-confronto-e-futuro\/","og_site_name":"Bellunopress - Dolomiti","article_publisher":"https:\/\/www.facebook.com\/profile.php?id=100008943462799","article_published_time":"2026-07-11T11:06:23+00:00","og_image":[{"width":438,"height":600,"url":"https:\/\/www.bellunopress.it\/wp-content\/uploads\/2026\/07\/Prime-Volte-Festival-Feltre.jpg","type":"image\/jpeg"}],"author":"redazione","twitter_card":"summary_large_image","twitter_creator":"@bellunopress","twitter_site":"@bellunopress","twitter_misc":{"\u00c9crit par":"redazione","Dur\u00e9e de lecture estim\u00e9e":"3 minutes"},"schema":{"@context":"https:\/\/schema.org","@graph":[{"@type":"Article","@id":"https:\/\/www.bellunopress.it\/2026\/07\/11\/prime-volte-a-feltre-il-successo-del-cinema-italiano-tra-confronto-e-futuro\/#article","isPartOf":{"@id":"https:\/\/www.bellunopress.it\/2026\/07\/11\/prime-volte-a-feltre-il-successo-del-cinema-italiano-tra-confronto-e-futuro\/"},"author":{"name":"redazione","@id":"https:\/\/www.bellunopress.it\/#\/schema\/person\/79bb06722b37ece1c03d3e94beb30d73"},"headline":"Prime Volte a Feltre: il successo del cinema italiano tra confronto e futuro","datePublished":"2026-07-11T11:06:23+00:00","mainEntityOfPage":{"@id":"https:\/\/www.bellunopress.it\/2026\/07\/11\/prime-volte-a-feltre-il-successo-del-cinema-italiano-tra-confronto-e-futuro\/"},"wordCount":370,"publisher":{"@id":"https:\/\/www.bellunopress.it\/#organization"},"image":{"@id":"https:\/\/www.bellunopress.it\/2026\/07\/11\/prime-volte-a-feltre-il-successo-del-cinema-italiano-tra-confronto-e-futuro\/#primaryimage"},"thumbnailUrl":"https:\/\/www.bellunopress.it\/wp-content\/uploads\/2026\/07\/Prime-Volte-Festival-Feltre.jpg","articleSection":["Arte, Cultura, Spettacoli, Scienza","Pausa Caff\u00e8"],"inLanguage":"fr-FR"},{"@type":"WebPage","@id":"https:\/\/www.bellunopress.it\/2026\/07\/11\/prime-volte-a-feltre-il-successo-del-cinema-italiano-tra-confronto-e-futuro\/","url":"https:\/\/www.bellunopress.it\/2026\/07\/11\/prime-volte-a-feltre-il-successo-del-cinema-italiano-tra-confronto-e-futuro\/","name":"Prime Volte a Feltre: il successo del cinema italiano tra confronto e futuro - Bellunopress - Dolomiti","isPartOf":{"@id":"https:\/\/www.bellunopress.it\/#website"},"primaryImageOfPage":{"@id":"https:\/\/www.bellunopress.it\/2026\/07\/11\/prime-volte-a-feltre-il-successo-del-cinema-italiano-tra-confronto-e-futuro\/#primaryimage"},"image":{"@id":"https:\/\/www.bellunopress.it\/2026\/07\/11\/prime-volte-a-feltre-il-successo-del-cinema-italiano-tra-confronto-e-futuro\/#primaryimage"},"thumbnailUrl":"https:\/\/www.bellunopress.it\/wp-content\/uploads\/2026\/07\/Prime-Volte-Festival-Feltre.jpg","datePublished":"2026-07-11T11:06:23+00:00","breadcrumb":{"@id":"https:\/\/www.bellunopress.it\/2026\/07\/11\/prime-volte-a-feltre-il-successo-del-cinema-italiano-tra-confronto-e-futuro\/#breadcrumb"},"inLanguage":"fr-FR","potentialAction":[{"@type":"ReadAction","target":["https:\/\/www.bellunopress.it\/2026\/07\/11\/prime-volte-a-feltre-il-successo-del-cinema-italiano-tra-confronto-e-futuro\/"]}]},{"@type":"ImageObject","inLanguage":"fr-FR","@id":"https:\/\/www.bellunopress.it\/2026\/07\/11\/prime-volte-a-feltre-il-successo-del-cinema-italiano-tra-confronto-e-futuro\/#primaryimage","url":"https:\/\/www.bellunopress.it\/wp-content\/uploads\/2026\/07\/Prime-Volte-Festival-Feltre.jpg","contentUrl":"https:\/\/www.bellunopress.it\/wp-content\/uploads\/2026\/07\/Prime-Volte-Festival-Feltre.jpg","width":438,"height":600},{"@type":"BreadcrumbList","@id":"https:\/\/www.bellunopress.it\/2026\/07\/11\/prime-volte-a-feltre-il-successo-del-cinema-italiano-tra-confronto-e-futuro\/#breadcrumb","itemListElement":[{"@type":"ListItem","position":1,"name":"Home","item":"https:\/\/www.bellunopress.it\/"},{"@type":"ListItem","position":2,"name":"Prime Volte a Feltre: il successo del cinema italiano tra confronto e futuro"}]},{"@type":"WebSite","@id":"https:\/\/www.bellunopress.it\/#website","url":"https:\/\/www.bellunopress.it\/","name":"Bellunopress - Dolomiti","description":"e-mail: redazione@bellunopress.it","publisher":{"@id":"https:\/\/www.bellunopress.it\/#organization"},"potentialAction":[{"@type":"SearchAction","target":{"@type":"EntryPoint","urlTemplate":"https:\/\/www.bellunopress.it\/?s={search_term_string}"},"query-input":{"@type":"PropertyValueSpecification","valueRequired":true,"valueName":"search_term_string"}}],"inLanguage":"fr-FR"},{"@type":"Organization","@id":"https:\/\/www.bellunopress.it\/#organization","name":"Bellunopress","url":"https:\/\/www.bellunopress.it\/","logo":{"@type":"ImageObject","inLanguage":"fr-FR","@id":"https:\/\/www.bellunopress.it\/#\/schema\/logo\/image\/","url":"https:\/\/www.bellunopress.it\/wp-content\/uploads\/2011\/05\/cropped-logo-bellunopress-.jpg","contentUrl":"https:\/\/www.bellunopress.it\/wp-content\/uploads\/2011\/05\/cropped-logo-bellunopress-.jpg","width":512,"height":512,"caption":"Bellunopress"},"image":{"@id":"https:\/\/www.bellunopress.it\/#\/schema\/logo\/image\/"},"sameAs":["https:\/\/www.facebook.com\/profile.php?id=100008943462799","https:\/\/x.com\/bellunopress","https:\/\/www.linkedin.com\/hp\/?dnr=JBzUWaJfMUw8vbXJJ2tVW5-I3jZKvC4wsoxE&amp;amp;amp;amp;amp;amp;trk=nav_responsive_tab_home","https:\/\/www.youtube.com\/channel\/UCxL0wu1uN0_3_7hGG0306cw"]},{"@type":"Person","@id":"https:\/\/www.bellunopress.it\/#\/schema\/person\/79bb06722b37ece1c03d3e94beb30d73","name":"r\u00e9daction","image":{"@type":"ImageObject","inLanguage":"fr-FR","@id":"https:\/\/secure.gravatar.com\/avatar\/37d968a2e67a6fd04c169c4bdef102d0bc5d31b2546345219e348575eb80e9a0?s=96&d=mm&r=g","url":"https:\/\/secure.gravatar.com\/avatar\/37d968a2e67a6fd04c169c4bdef102d0bc5d31b2546345219e348575eb80e9a0?s=96&d=mm&r=g","contentUrl":"https:\/\/secure.gravatar.com\/avatar\/37d968a2e67a6fd04c169c4bdef102d0bc5d31b2546345219e348575eb80e9a0?s=96&d=mm&r=g","caption":"redazione"},"sameAs":["http:\/\/www.bellunopress.it","https:\/\/x.com\/bellunopress"],"url":"https:\/\/www.bellunopress.it\/fr\/author\/redazione\/"}]}},"_links":{"self":[{"href":"https:\/\/www.bellunopress.it\/fr\/wp-json\/wp\/v2\/posts\/171839","targetHints":{"allow":["GET"]}}],"collection":[{"href":"https:\/\/www.bellunopress.it\/fr\/wp-json\/wp\/v2\/posts"}],"about":[{"href":"https:\/\/www.bellunopress.it\/fr\/wp-json\/wp\/v2\/types\/post"}],"author":[{"embeddable":true,"href":"https:\/\/www.bellunopress.it\/fr\/wp-json\/wp\/v2\/users\/2"}],"replies":[{"embeddable":true,"href":"https:\/\/www.bellunopress.it\/fr\/wp-json\/wp\/v2\/comments?post=171839"}],"version-history":[{"count":1,"href":"https:\/\/www.bellunopress.it\/fr\/wp-json\/wp\/v2\/posts\/171839\/revisions"}],"predecessor-version":[{"id":171841,"href":"https:\/\/www.bellunopress.it\/fr\/wp-json\/wp\/v2\/posts\/171839\/revisions\/171841"}],"wp:featuredmedia":[{"embeddable":true,"href":"https:\/\/www.bellunopress.it\/fr\/wp-json\/wp\/v2\/media\/171840"}],"wp:attachment":[{"href":"https:\/\/www.bellunopress.it\/fr\/wp-json\/wp\/v2\/media?parent=171839"}],"wp:term":[{"taxonomy":"category","embeddable":true,"href":"https:\/\/www.bellunopress.it\/fr\/wp-json\/wp\/v2\/categories?post=171839"},{"taxonomy":"post_tag","embeddable":true,"href":"https:\/\/www.bellunopress.it\/fr\/wp-json\/wp\/v2\/tags?post=171839"}],"curies":[{"name":"wp","href":"https:\/\/api.w.org\/{rel}","templated":true}]}}