{"id":171837,"date":"2026-07-11T12:00:33","date_gmt":"2026-07-11T10:00:33","guid":{"rendered":"https:\/\/www.bellunopress.it\/?p=171837"},"modified":"2026-07-11T12:00:33","modified_gmt":"2026-07-11T10:00:33","slug":"il-teatro-sociale-di-belluno-si-racconta-nel-libro-di-mara-losso-e-francesca-penoni","status":"publish","type":"post","link":"https:\/\/www.bellunopress.it\/fr\/2026\/07\/11\/il-teatro-sociale-di-belluno-si-racconta-nel-libro-di-mara-losso-e-francesca-penoni\/","title":{"rendered":"Il Teatro Sociale di Belluno si racconta nel libro di Mara Losso e Francesca Penoni"},"content":{"rendered":"<p data-path-to-node=\"3\">Gioved\u00ec 16 luglio alle ore 20.00, al Museo della Pietra e degli Scalpellini di Castellavazzo, si terr\u00e0 la presentazione del volume &#8220;IL TEATRO SOCIALE DI BELLUNO. Un&#8217;indagine storico-artistica&#8221;, curato da Mara Losso e Francesca Penoni. L\u2019evento, promosso dall&#8217;Associazione Pietra e Scalpellini di Castellavazzo, offrir\u00e0 l\u2019occasione per immergersi nelle vicende di uno dei luoghi simbolo del capoluogo dolomitico.<\/p>\n<p data-path-to-node=\"5\">Era il 1835 quando Belluno inaugur\u00f2 il suo nuovo &#8220;teatro all\u2019italiana&#8221;: un edificio elegante, arricchito da palchetti decorati e una scenografia ambiziosa, nato per volere della Societ\u00e0 del Teatro. Da quel momento, il Teatro Sociale non \u00e8 stato solo un contenitore di spettacoli, ma un vero e proprio specchio della vita collettiva, capace di riflettere le aspirazioni, le trasformazioni e le vicende sociali di una citt\u00e0 ai piedi delle Dolomiti.<\/p>\n<p data-path-to-node=\"6\">Il libro ripercorre un arco temporale di due secoli, seguendo le trasformazioni architettoniche e funzionali dello spazio: dalla sede storica nella Caminata al raffinato edificio progettato dal celebre Giuseppe Segusini. Attraverso un\u2019attenta ricerca negli archivi della Societ\u00e0 del Teatro, le curatrici ricostruiscono la resilienza di un\u2019istituzione che ha saputo superare crisi, conflitti mondiali e terremoti, trasformandosi \u2014 come avvenuto nel secondo dopoguerra \u2014 in sala cinematografica, per poi tornare a vivere pienamente la sua vocazione originale.<\/p>\n<p data-path-to-node=\"8\">L\u2019opera non \u00e8 soltanto una cronaca storico-artistica, ma una testimonianza di come Belluno abbia saputo custodire e valorizzare il proprio patrimonio culturale. Attraverso le pagine del volume, i lettori potranno riscoprire il valore profondo di un luogo che ha segnato l\u2019identit\u00e0 di intere generazioni. Perch\u00e9\u00a0<i data-path-to-node=\"9,0\" data-index-in-node=\"0\">&#8220;Dove si fa teatro, si racconta una citt\u00e0&#8221;<\/i><\/p>\n<p data-path-to-node=\"10\">\n<p data-path-to-node=\"12\">","protected":false},"excerpt":{"rendered":"<p>Gioved\u00ec 16 luglio alle ore 20.00, al Museo della Pietra e degli Scalpellini di Castellavazzo, si terr\u00e0 la presentazione del volume &#8220;IL TEATRO SOCIALE DI BELLUNO. Un&#8217;indagine storico-artistica&#8221;, curato da Mara Losso e Francesca Penoni. L\u2019evento, promosso dall&#8217;Associazione Pietra e Scalpellini di Castellavazzo, offrir\u00e0 l\u2019occasione per immergersi nelle vicende di uno dei luoghi simbolo del [&hellip;]<\/p>\n","protected":false},"author":2,"featured_media":164389,"comment_status":"closed","ping_status":"open","sticky":false,"template":"","format":"standard","meta":{"footnotes":""},"categories":[27,3,25],"tags":[],"class_list":["post-171837","post","type-post","status-publish","format-standard","has-post-thumbnail","category-appuntamenti","category-arte-cultura-spettacoli-scienza-archivi","category-pausa-caffe"],"yoast_head":"<!-- This site is optimized with the Yoast SEO plugin v28.4 - https:\/\/yoast.com\/product\/yoast-seo-wordpress\/ -->\n<title>Il Teatro Sociale di Belluno si racconta nel libro di Mara Losso e Francesca Penoni - Bellunopress - Dolomiti<\/title>\n<meta name=\"robots\" content=\"index, follow, max-snippet:-1, max-image-preview:large, max-video-preview:-1\" \/>\n<link rel=\"canonical\" href=\"https:\/\/www.bellunopress.it\/fr\/2026\/07\/11\/il-teatro-sociale-di-belluno-si-racconta-nel-libro-di-mara-losso-e-francesca-penoni\/\" \/>\n<meta property=\"og:locale\" content=\"fr_FR\" \/>\n<meta property=\"og:type\" content=\"article\" \/>\n<meta property=\"og:title\" content=\"Il Teatro Sociale di Belluno si racconta nel libro di Mara Losso e Francesca Penoni - Bellunopress - Dolomiti\" \/>\n<meta property=\"og:description\" content=\"Gioved\u00ec 16 luglio alle ore 20.00, al Museo della Pietra e degli Scalpellini di Castellavazzo, si terr\u00e0 la presentazione del volume &#8220;IL TEATRO SOCIALE DI BELLUNO. Un&#8217;indagine storico-artistica&#8221;, curato da Mara Losso e Francesca Penoni. L\u2019evento, promosso dall&#8217;Associazione Pietra e Scalpellini di Castellavazzo, offrir\u00e0 l\u2019occasione per immergersi nelle vicende di uno dei luoghi simbolo del [&hellip;]\" \/>\n<meta property=\"og:url\" content=\"https:\/\/www.bellunopress.it\/fr\/2026\/07\/11\/il-teatro-sociale-di-belluno-si-racconta-nel-libro-di-mara-losso-e-francesca-penoni\/\" \/>\n<meta property=\"og:site_name\" content=\"Bellunopress - Dolomiti\" \/>\n<meta property=\"article:publisher\" content=\"https:\/\/www.facebook.com\/profile.php?id=100008943462799\" \/>\n<meta property=\"article:published_time\" content=\"2026-07-11T10:00:33+00:00\" \/>\n<meta property=\"og:image\" content=\"https:\/\/www.bellunopress.it\/wp-content\/uploads\/2025\/10\/Teatro-Comunale-Porta-Dojona-bianco-e-nero.jpg\" \/>\n\t<meta property=\"og:image:width\" content=\"943\" \/>\n\t<meta property=\"og:image:height\" content=\"597\" \/>\n\t<meta property=\"og:image:type\" content=\"image\/jpeg\" \/>\n<meta name=\"author\" content=\"redazione\" \/>\n<meta name=\"twitter:card\" content=\"summary_large_image\" \/>\n<meta name=\"twitter:creator\" content=\"@bellunopress\" \/>\n<meta name=\"twitter:site\" content=\"@bellunopress\" \/>\n<meta name=\"twitter:label1\" content=\"\u00c9crit par\" \/>\n\t<meta name=\"twitter:data1\" content=\"redazione\" \/>\n\t<meta name=\"twitter:label2\" content=\"Dur\u00e9e de lecture estim\u00e9e\" \/>\n\t<meta name=\"twitter:data2\" content=\"2 minutes\" \/>\n<script type=\"application\/ld+json\" class=\"yoast-schema-graph\">{\"@context\":\"https:\\\/\\\/schema.org\",\"@graph\":[{\"@type\":\"Article\",\"@id\":\"https:\\\/\\\/www.bellunopress.it\\\/2026\\\/07\\\/11\\\/il-teatro-sociale-di-belluno-si-racconta-nel-libro-di-mara-losso-e-francesca-penoni\\\/#article\",\"isPartOf\":{\"@id\":\"https:\\\/\\\/www.bellunopress.it\\\/2026\\\/07\\\/11\\\/il-teatro-sociale-di-belluno-si-racconta-nel-libro-di-mara-losso-e-francesca-penoni\\\/\"},\"author\":{\"name\":\"redazione\",\"@id\":\"https:\\\/\\\/www.bellunopress.it\\\/#\\\/schema\\\/person\\\/79bb06722b37ece1c03d3e94beb30d73\"},\"headline\":\"Il Teatro Sociale di Belluno si racconta nel libro di Mara Losso e Francesca Penoni\",\"datePublished\":\"2026-07-11T10:00:33+00:00\",\"mainEntityOfPage\":{\"@id\":\"https:\\\/\\\/www.bellunopress.it\\\/2026\\\/07\\\/11\\\/il-teatro-sociale-di-belluno-si-racconta-nel-libro-di-mara-losso-e-francesca-penoni\\\/\"},\"wordCount\":273,\"publisher\":{\"@id\":\"https:\\\/\\\/www.bellunopress.it\\\/#organization\"},\"image\":{\"@id\":\"https:\\\/\\\/www.bellunopress.it\\\/2026\\\/07\\\/11\\\/il-teatro-sociale-di-belluno-si-racconta-nel-libro-di-mara-losso-e-francesca-penoni\\\/#primaryimage\"},\"thumbnailUrl\":\"https:\\\/\\\/www.bellunopress.it\\\/wp-content\\\/uploads\\\/2025\\\/10\\\/Teatro-Comunale-Porta-Dojona-bianco-e-nero.jpg\",\"articleSection\":[\"Appuntamenti, Eventi\",\"Arte, Cultura, Spettacoli, Scienza\",\"Pausa Caff\u00e8\"],\"inLanguage\":\"fr-FR\"},{\"@type\":\"WebPage\",\"@id\":\"https:\\\/\\\/www.bellunopress.it\\\/2026\\\/07\\\/11\\\/il-teatro-sociale-di-belluno-si-racconta-nel-libro-di-mara-losso-e-francesca-penoni\\\/\",\"url\":\"https:\\\/\\\/www.bellunopress.it\\\/2026\\\/07\\\/11\\\/il-teatro-sociale-di-belluno-si-racconta-nel-libro-di-mara-losso-e-francesca-penoni\\\/\",\"name\":\"Il Teatro Sociale di Belluno si racconta nel libro di Mara Losso e Francesca Penoni - Bellunopress - Dolomiti\",\"isPartOf\":{\"@id\":\"https:\\\/\\\/www.bellunopress.it\\\/#website\"},\"primaryImageOfPage\":{\"@id\":\"https:\\\/\\\/www.bellunopress.it\\\/2026\\\/07\\\/11\\\/il-teatro-sociale-di-belluno-si-racconta-nel-libro-di-mara-losso-e-francesca-penoni\\\/#primaryimage\"},\"image\":{\"@id\":\"https:\\\/\\\/www.bellunopress.it\\\/2026\\\/07\\\/11\\\/il-teatro-sociale-di-belluno-si-racconta-nel-libro-di-mara-losso-e-francesca-penoni\\\/#primaryimage\"},\"thumbnailUrl\":\"https:\\\/\\\/www.bellunopress.it\\\/wp-content\\\/uploads\\\/2025\\\/10\\\/Teatro-Comunale-Porta-Dojona-bianco-e-nero.jpg\",\"datePublished\":\"2026-07-11T10:00:33+00:00\",\"breadcrumb\":{\"@id\":\"https:\\\/\\\/www.bellunopress.it\\\/2026\\\/07\\\/11\\\/il-teatro-sociale-di-belluno-si-racconta-nel-libro-di-mara-losso-e-francesca-penoni\\\/#breadcrumb\"},\"inLanguage\":\"fr-FR\",\"potentialAction\":[{\"@type\":\"ReadAction\",\"target\":[\"https:\\\/\\\/www.bellunopress.it\\\/2026\\\/07\\\/11\\\/il-teatro-sociale-di-belluno-si-racconta-nel-libro-di-mara-losso-e-francesca-penoni\\\/\"]}]},{\"@type\":\"ImageObject\",\"inLanguage\":\"fr-FR\",\"@id\":\"https:\\\/\\\/www.bellunopress.it\\\/2026\\\/07\\\/11\\\/il-teatro-sociale-di-belluno-si-racconta-nel-libro-di-mara-losso-e-francesca-penoni\\\/#primaryimage\",\"url\":\"https:\\\/\\\/www.bellunopress.it\\\/wp-content\\\/uploads\\\/2025\\\/10\\\/Teatro-Comunale-Porta-Dojona-bianco-e-nero.jpg\",\"contentUrl\":\"https:\\\/\\\/www.bellunopress.it\\\/wp-content\\\/uploads\\\/2025\\\/10\\\/Teatro-Comunale-Porta-Dojona-bianco-e-nero.jpg\",\"width\":943,\"height\":597},{\"@type\":\"BreadcrumbList\",\"@id\":\"https:\\\/\\\/www.bellunopress.it\\\/2026\\\/07\\\/11\\\/il-teatro-sociale-di-belluno-si-racconta-nel-libro-di-mara-losso-e-francesca-penoni\\\/#breadcrumb\",\"itemListElement\":[{\"@type\":\"ListItem\",\"position\":1,\"name\":\"Home\",\"item\":\"https:\\\/\\\/www.bellunopress.it\\\/\"},{\"@type\":\"ListItem\",\"position\":2,\"name\":\"Il Teatro Sociale di Belluno si racconta nel libro di Mara Losso e Francesca Penoni\"}]},{\"@type\":\"WebSite\",\"@id\":\"https:\\\/\\\/www.bellunopress.it\\\/#website\",\"url\":\"https:\\\/\\\/www.bellunopress.it\\\/\",\"name\":\"Bellunopress - Dolomiti\",\"description\":\"e-mail: redazione@bellunopress.it\",\"publisher\":{\"@id\":\"https:\\\/\\\/www.bellunopress.it\\\/#organization\"},\"potentialAction\":[{\"@type\":\"SearchAction\",\"target\":{\"@type\":\"EntryPoint\",\"urlTemplate\":\"https:\\\/\\\/www.bellunopress.it\\\/?s={search_term_string}\"},\"query-input\":{\"@type\":\"PropertyValueSpecification\",\"valueRequired\":true,\"valueName\":\"search_term_string\"}}],\"inLanguage\":\"fr-FR\"},{\"@type\":\"Organization\",\"@id\":\"https:\\\/\\\/www.bellunopress.it\\\/#organization\",\"name\":\"Bellunopress\",\"url\":\"https:\\\/\\\/www.bellunopress.it\\\/\",\"logo\":{\"@type\":\"ImageObject\",\"inLanguage\":\"fr-FR\",\"@id\":\"https:\\\/\\\/www.bellunopress.it\\\/#\\\/schema\\\/logo\\\/image\\\/\",\"url\":\"https:\\\/\\\/www.bellunopress.it\\\/wp-content\\\/uploads\\\/2011\\\/05\\\/cropped-logo-bellunopress-.jpg\",\"contentUrl\":\"https:\\\/\\\/www.bellunopress.it\\\/wp-content\\\/uploads\\\/2011\\\/05\\\/cropped-logo-bellunopress-.jpg\",\"width\":512,\"height\":512,\"caption\":\"Bellunopress\"},\"image\":{\"@id\":\"https:\\\/\\\/www.bellunopress.it\\\/#\\\/schema\\\/logo\\\/image\\\/\"},\"sameAs\":[\"https:\\\/\\\/www.facebook.com\\\/profile.php?id=100008943462799\",\"https:\\\/\\\/x.com\\\/bellunopress\",\"https:\\\/\\\/www.linkedin.com\\\/hp\\\/?dnr=JBzUWaJfMUw8vbXJJ2tVW5-I3jZKvC4wsoxE&amp;amp;amp;amp;amp;amp;trk=nav_responsive_tab_home\",\"https:\\\/\\\/www.youtube.com\\\/channel\\\/UCxL0wu1uN0_3_7hGG0306cw\"]},{\"@type\":\"Person\",\"@id\":\"https:\\\/\\\/www.bellunopress.it\\\/#\\\/schema\\\/person\\\/79bb06722b37ece1c03d3e94beb30d73\",\"name\":\"redazione\",\"image\":{\"@type\":\"ImageObject\",\"inLanguage\":\"fr-FR\",\"@id\":\"https:\\\/\\\/secure.gravatar.com\\\/avatar\\\/37d968a2e67a6fd04c169c4bdef102d0bc5d31b2546345219e348575eb80e9a0?s=96&d=mm&r=g\",\"url\":\"https:\\\/\\\/secure.gravatar.com\\\/avatar\\\/37d968a2e67a6fd04c169c4bdef102d0bc5d31b2546345219e348575eb80e9a0?s=96&d=mm&r=g\",\"contentUrl\":\"https:\\\/\\\/secure.gravatar.com\\\/avatar\\\/37d968a2e67a6fd04c169c4bdef102d0bc5d31b2546345219e348575eb80e9a0?s=96&d=mm&r=g\",\"caption\":\"redazione\"},\"sameAs\":[\"http:\\\/\\\/www.bellunopress.it\",\"https:\\\/\\\/x.com\\\/bellunopress\"],\"url\":\"https:\\\/\\\/www.bellunopress.it\\\/fr\\\/author\\\/redazione\\\/\"}]}<\/script>\n<!-- \/ Yoast SEO plugin. -->","yoast_head_json":{"title":"Il Teatro Sociale di Belluno si racconta nel libro di Mara Losso e Francesca Penoni - Bellunopress - Dolomiti","robots":{"index":"index","follow":"follow","max-snippet":"max-snippet:-1","max-image-preview":"max-image-preview:large","max-video-preview":"max-video-preview:-1"},"canonical":"https:\/\/www.bellunopress.it\/fr\/2026\/07\/11\/il-teatro-sociale-di-belluno-si-racconta-nel-libro-di-mara-losso-e-francesca-penoni\/","og_locale":"fr_FR","og_type":"article","og_title":"Il Teatro Sociale di Belluno si racconta nel libro di Mara Losso e Francesca Penoni - Bellunopress - Dolomiti","og_description":"Gioved\u00ec 16 luglio alle ore 20.00, al Museo della Pietra e degli Scalpellini di Castellavazzo, si terr\u00e0 la presentazione del volume &#8220;IL TEATRO SOCIALE DI BELLUNO. Un&#8217;indagine storico-artistica&#8221;, curato da Mara Losso e Francesca Penoni. L\u2019evento, promosso dall&#8217;Associazione Pietra e Scalpellini di Castellavazzo, offrir\u00e0 l\u2019occasione per immergersi nelle vicende di uno dei luoghi simbolo del [&hellip;]","og_url":"https:\/\/www.bellunopress.it\/fr\/2026\/07\/11\/il-teatro-sociale-di-belluno-si-racconta-nel-libro-di-mara-losso-e-francesca-penoni\/","og_site_name":"Bellunopress - Dolomiti","article_publisher":"https:\/\/www.facebook.com\/profile.php?id=100008943462799","article_published_time":"2026-07-11T10:00:33+00:00","og_image":[{"width":943,"height":597,"url":"https:\/\/www.bellunopress.it\/wp-content\/uploads\/2025\/10\/Teatro-Comunale-Porta-Dojona-bianco-e-nero.jpg","type":"image\/jpeg"}],"author":"redazione","twitter_card":"summary_large_image","twitter_creator":"@bellunopress","twitter_site":"@bellunopress","twitter_misc":{"\u00c9crit par":"redazione","Dur\u00e9e de lecture estim\u00e9e":"2 minutes"},"schema":{"@context":"https:\/\/schema.org","@graph":[{"@type":"Article","@id":"https:\/\/www.bellunopress.it\/2026\/07\/11\/il-teatro-sociale-di-belluno-si-racconta-nel-libro-di-mara-losso-e-francesca-penoni\/#article","isPartOf":{"@id":"https:\/\/www.bellunopress.it\/2026\/07\/11\/il-teatro-sociale-di-belluno-si-racconta-nel-libro-di-mara-losso-e-francesca-penoni\/"},"author":{"name":"redazione","@id":"https:\/\/www.bellunopress.it\/#\/schema\/person\/79bb06722b37ece1c03d3e94beb30d73"},"headline":"Il Teatro Sociale di Belluno si racconta nel libro di Mara Losso e Francesca Penoni","datePublished":"2026-07-11T10:00:33+00:00","mainEntityOfPage":{"@id":"https:\/\/www.bellunopress.it\/2026\/07\/11\/il-teatro-sociale-di-belluno-si-racconta-nel-libro-di-mara-losso-e-francesca-penoni\/"},"wordCount":273,"publisher":{"@id":"https:\/\/www.bellunopress.it\/#organization"},"image":{"@id":"https:\/\/www.bellunopress.it\/2026\/07\/11\/il-teatro-sociale-di-belluno-si-racconta-nel-libro-di-mara-losso-e-francesca-penoni\/#primaryimage"},"thumbnailUrl":"https:\/\/www.bellunopress.it\/wp-content\/uploads\/2025\/10\/Teatro-Comunale-Porta-Dojona-bianco-e-nero.jpg","articleSection":["Appuntamenti, Eventi","Arte, Cultura, Spettacoli, Scienza","Pausa Caff\u00e8"],"inLanguage":"fr-FR"},{"@type":"WebPage","@id":"https:\/\/www.bellunopress.it\/2026\/07\/11\/il-teatro-sociale-di-belluno-si-racconta-nel-libro-di-mara-losso-e-francesca-penoni\/","url":"https:\/\/www.bellunopress.it\/2026\/07\/11\/il-teatro-sociale-di-belluno-si-racconta-nel-libro-di-mara-losso-e-francesca-penoni\/","name":"Il Teatro Sociale di Belluno si racconta nel libro di Mara Losso e Francesca Penoni - Bellunopress - Dolomiti","isPartOf":{"@id":"https:\/\/www.bellunopress.it\/#website"},"primaryImageOfPage":{"@id":"https:\/\/www.bellunopress.it\/2026\/07\/11\/il-teatro-sociale-di-belluno-si-racconta-nel-libro-di-mara-losso-e-francesca-penoni\/#primaryimage"},"image":{"@id":"https:\/\/www.bellunopress.it\/2026\/07\/11\/il-teatro-sociale-di-belluno-si-racconta-nel-libro-di-mara-losso-e-francesca-penoni\/#primaryimage"},"thumbnailUrl":"https:\/\/www.bellunopress.it\/wp-content\/uploads\/2025\/10\/Teatro-Comunale-Porta-Dojona-bianco-e-nero.jpg","datePublished":"2026-07-11T10:00:33+00:00","breadcrumb":{"@id":"https:\/\/www.bellunopress.it\/2026\/07\/11\/il-teatro-sociale-di-belluno-si-racconta-nel-libro-di-mara-losso-e-francesca-penoni\/#breadcrumb"},"inLanguage":"fr-FR","potentialAction":[{"@type":"ReadAction","target":["https:\/\/www.bellunopress.it\/2026\/07\/11\/il-teatro-sociale-di-belluno-si-racconta-nel-libro-di-mara-losso-e-francesca-penoni\/"]}]},{"@type":"ImageObject","inLanguage":"fr-FR","@id":"https:\/\/www.bellunopress.it\/2026\/07\/11\/il-teatro-sociale-di-belluno-si-racconta-nel-libro-di-mara-losso-e-francesca-penoni\/#primaryimage","url":"https:\/\/www.bellunopress.it\/wp-content\/uploads\/2025\/10\/Teatro-Comunale-Porta-Dojona-bianco-e-nero.jpg","contentUrl":"https:\/\/www.bellunopress.it\/wp-content\/uploads\/2025\/10\/Teatro-Comunale-Porta-Dojona-bianco-e-nero.jpg","width":943,"height":597},{"@type":"BreadcrumbList","@id":"https:\/\/www.bellunopress.it\/2026\/07\/11\/il-teatro-sociale-di-belluno-si-racconta-nel-libro-di-mara-losso-e-francesca-penoni\/#breadcrumb","itemListElement":[{"@type":"ListItem","position":1,"name":"Home","item":"https:\/\/www.bellunopress.it\/"},{"@type":"ListItem","position":2,"name":"Il Teatro Sociale di Belluno si racconta nel libro di Mara Losso e Francesca Penoni"}]},{"@type":"WebSite","@id":"https:\/\/www.bellunopress.it\/#website","url":"https:\/\/www.bellunopress.it\/","name":"Bellunopress - Dolomiti","description":"e-mail: redazione@bellunopress.it","publisher":{"@id":"https:\/\/www.bellunopress.it\/#organization"},"potentialAction":[{"@type":"SearchAction","target":{"@type":"EntryPoint","urlTemplate":"https:\/\/www.bellunopress.it\/?s={search_term_string}"},"query-input":{"@type":"PropertyValueSpecification","valueRequired":true,"valueName":"search_term_string"}}],"inLanguage":"fr-FR"},{"@type":"Organization","@id":"https:\/\/www.bellunopress.it\/#organization","name":"Bellunopress","url":"https:\/\/www.bellunopress.it\/","logo":{"@type":"ImageObject","inLanguage":"fr-FR","@id":"https:\/\/www.bellunopress.it\/#\/schema\/logo\/image\/","url":"https:\/\/www.bellunopress.it\/wp-content\/uploads\/2011\/05\/cropped-logo-bellunopress-.jpg","contentUrl":"https:\/\/www.bellunopress.it\/wp-content\/uploads\/2011\/05\/cropped-logo-bellunopress-.jpg","width":512,"height":512,"caption":"Bellunopress"},"image":{"@id":"https:\/\/www.bellunopress.it\/#\/schema\/logo\/image\/"},"sameAs":["https:\/\/www.facebook.com\/profile.php?id=100008943462799","https:\/\/x.com\/bellunopress","https:\/\/www.linkedin.com\/hp\/?dnr=JBzUWaJfMUw8vbXJJ2tVW5-I3jZKvC4wsoxE&amp;amp;amp;amp;amp;amp;trk=nav_responsive_tab_home","https:\/\/www.youtube.com\/channel\/UCxL0wu1uN0_3_7hGG0306cw"]},{"@type":"Person","@id":"https:\/\/www.bellunopress.it\/#\/schema\/person\/79bb06722b37ece1c03d3e94beb30d73","name":"r\u00e9daction","image":{"@type":"ImageObject","inLanguage":"fr-FR","@id":"https:\/\/secure.gravatar.com\/avatar\/37d968a2e67a6fd04c169c4bdef102d0bc5d31b2546345219e348575eb80e9a0?s=96&d=mm&r=g","url":"https:\/\/secure.gravatar.com\/avatar\/37d968a2e67a6fd04c169c4bdef102d0bc5d31b2546345219e348575eb80e9a0?s=96&d=mm&r=g","contentUrl":"https:\/\/secure.gravatar.com\/avatar\/37d968a2e67a6fd04c169c4bdef102d0bc5d31b2546345219e348575eb80e9a0?s=96&d=mm&r=g","caption":"redazione"},"sameAs":["http:\/\/www.bellunopress.it","https:\/\/x.com\/bellunopress"],"url":"https:\/\/www.bellunopress.it\/fr\/author\/redazione\/"}]}},"_links":{"self":[{"href":"https:\/\/www.bellunopress.it\/fr\/wp-json\/wp\/v2\/posts\/171837","targetHints":{"allow":["GET"]}}],"collection":[{"href":"https:\/\/www.bellunopress.it\/fr\/wp-json\/wp\/v2\/posts"}],"about":[{"href":"https:\/\/www.bellunopress.it\/fr\/wp-json\/wp\/v2\/types\/post"}],"author":[{"embeddable":true,"href":"https:\/\/www.bellunopress.it\/fr\/wp-json\/wp\/v2\/users\/2"}],"replies":[{"embeddable":true,"href":"https:\/\/www.bellunopress.it\/fr\/wp-json\/wp\/v2\/comments?post=171837"}],"version-history":[{"count":1,"href":"https:\/\/www.bellunopress.it\/fr\/wp-json\/wp\/v2\/posts\/171837\/revisions"}],"predecessor-version":[{"id":171838,"href":"https:\/\/www.bellunopress.it\/fr\/wp-json\/wp\/v2\/posts\/171837\/revisions\/171838"}],"wp:featuredmedia":[{"embeddable":true,"href":"https:\/\/www.bellunopress.it\/fr\/wp-json\/wp\/v2\/media\/164389"}],"wp:attachment":[{"href":"https:\/\/www.bellunopress.it\/fr\/wp-json\/wp\/v2\/media?parent=171837"}],"wp:term":[{"taxonomy":"category","embeddable":true,"href":"https:\/\/www.bellunopress.it\/fr\/wp-json\/wp\/v2\/categories?post=171837"},{"taxonomy":"post_tag","embeddable":true,"href":"https:\/\/www.bellunopress.it\/fr\/wp-json\/wp\/v2\/tags?post=171837"}],"curies":[{"name":"wp","href":"https:\/\/api.w.org\/{rel}","templated":true}]}}