{"id":171832,"date":"2026-07-10T22:22:46","date_gmt":"2026-07-10T20:22:46","guid":{"rendered":"https:\/\/www.bellunopress.it\/?p=171832"},"modified":"2026-07-10T22:22:46","modified_gmt":"2026-07-10T20:22:46","slug":"belluno-pienone-al-centro-giovanni-xxiii-per-la-serata-che-ha-celebrato-il-mondo-del-rally-con-sergio-limone","status":"publish","type":"post","link":"https:\/\/www.bellunopress.it\/fr\/2026\/07\/10\/belluno-pienone-al-centro-giovanni-xxiii-per-la-serata-che-ha-celebrato-il-mondo-del-rally-con-sergio-limone\/","title":{"rendered":"Belluno, pienone al Centro Giovanni XXIII per la serata che ha celebrato il mondo del rally con Sergio Limone"},"content":{"rendered":"<p data-path-to-node=\"2\">Belluno, 10 luglio 2026 &#8211; Una serata all&#8217;insegna della passione, della storia motoristica e di un pizzico di ironia. Questa sera, il Centro Giovanni XXIII di Belluno ha fatto da cornice a un evento straordinario, organizzato dal Registro Storico Ducati Gentleman Club Drivers Belluno in stretta sinergia con il Registro Storico Ducati, presieduto da Giuseppe Serafini.<\/p>\n<p data-path-to-node=\"4\">A condurre la serata, con la consueta verve che lo ha reso celebre in passato come voce della <i data-path-to-node=\"4\" data-index-in-node=\"105\">Coppa d\u2019Oro delle Dolomiti<\/i>, \u00e8 stato Graziano Cammarano. Ma il vero protagonista \u00e8 stato lui, l&#8217;ingegnere torinese classe 1948, Sergio Limone.<\/p>\n<p data-path-to-node=\"5\">Non bastano poche parole per descrivere un uomo che \u00e8, a tutti gli effetti, l&#8217;architetto di un&#8217;epoca d&#8217;oro per l&#8217;automobilismo italiano. La sua carriera, che ha preso il via nel 1972 tra le fila dell&#8217;Abarth, \u00e8 un susseguirsi di sfide impossibili trasformate in leggenda. Limone \u00e8, universalmente, il padre della Lancia Rally 037, quella vettura a trazione posteriore che riusc\u00ec nell&#8217;impresa titanica di sbaragliare le integrali, ribaltando ogni pronostico nel Campionato del Mondo Rally.<\/p>\n<p data-path-to-node=\"6\">Ma il suo genio non si \u00e8 arrestato al trionfo della 037: Limone \u00e8 la mente dietro la brutale Lancia Delta S4 e il curatore dello sviluppo della leggendaria Lancia Delta Gruppo A, incontrastata regina dei rally con sei titoli mondiali consecutivi dal 1987 al 1992.<\/p>\n<p data-path-to-node=\"7\">La sua competenza ha lasciato il segno anche in pista, in particolare con Alfa Romeo, firmando lo storico successo nel DTM 1993 con la 155, al debutto assoluto, e i successi nel Superturismo con la 156. Senza dimenticare l&#8217;importante ruolo ricoperto per quasi vent&#8217;anni, dal 1986 al 2005, quale rappresentante dei Costruttori nella Commissione Tecnica della FIA, dove ha avuto un ruolo cruciale nel definire le normative che hanno modellato la storia del motorsport moderno.<\/p>\n<p data-path-to-node=\"8\">La serata \u00e8 stata animata da numerosi aneddoti e retroscena, raccontati direttamente dalla voce dell&#8217;ingegnere, che ha offerto al numeroso pubblico presente uno spaccato inedito e affascinante del mondo dei reparti corse.<\/p>\n<p data-path-to-node=\"9\">Il successo della serata, che ha visto Sala Muccin gremita di un pubblico attento, ha spinto il conduttore Graziano Cammarano a lanciare un invito per il prossimo anno. Un appuntamento che promette gi\u00e0 di essere imperdibile: il titolo anticipato, con la consueta nota giornalistica di colore di Cammarano, \u00e8 gi\u00e0 pronto: &#8220;Un t\u00e8 al Limone&#8221;.<\/p>","protected":false},"excerpt":{"rendered":"<p>Belluno, 10 luglio 2026 &#8211; Una serata all&#8217;insegna della passione, della storia motoristica e di un pizzico di ironia. Questa sera, il Centro Giovanni XXIII di Belluno ha fatto da cornice a un evento straordinario, organizzato dal Registro Storico Ducati Gentleman Club Drivers Belluno in stretta sinergia con il Registro Storico Ducati, presieduto da Giuseppe [&hellip;]<\/p>\n","protected":false},"author":2,"featured_media":171833,"comment_status":"closed","ping_status":"open","sticky":false,"template":"","format":"standard","meta":{"footnotes":""},"categories":[3,25],"tags":[],"class_list":["post-171832","post","type-post","status-publish","format-standard","has-post-thumbnail","category-arte-cultura-spettacoli-scienza-archivi","category-pausa-caffe"],"yoast_head":"<!-- This site is optimized with the Yoast SEO plugin v28.4 - https:\/\/yoast.com\/product\/yoast-seo-wordpress\/ -->\n<title>Belluno, pienone al Centro Giovanni XXIII per la serata che ha celebrato il mondo del rally con Sergio Limone - Bellunopress - Dolomiti<\/title>\n<meta name=\"robots\" content=\"index, follow, max-snippet:-1, max-image-preview:large, max-video-preview:-1\" \/>\n<link rel=\"canonical\" href=\"https:\/\/www.bellunopress.it\/fr\/2026\/07\/10\/belluno-pienone-al-centro-giovanni-xxiii-per-la-serata-che-ha-celebrato-il-mondo-del-rally-con-sergio-limone\/\" \/>\n<meta property=\"og:locale\" content=\"fr_FR\" \/>\n<meta property=\"og:type\" content=\"article\" \/>\n<meta property=\"og:title\" content=\"Belluno, pienone al Centro Giovanni XXIII per la serata che ha celebrato il mondo del rally con Sergio Limone - Bellunopress - Dolomiti\" \/>\n<meta property=\"og:description\" content=\"Belluno, 10 luglio 2026 &#8211; Una serata all&#8217;insegna della passione, della storia motoristica e di un pizzico di ironia. Questa sera, il Centro Giovanni XXIII di Belluno ha fatto da cornice a un evento straordinario, organizzato dal Registro Storico Ducati Gentleman Club Drivers Belluno in stretta sinergia con il Registro Storico Ducati, presieduto da Giuseppe [&hellip;]\" \/>\n<meta property=\"og:url\" content=\"https:\/\/www.bellunopress.it\/fr\/2026\/07\/10\/belluno-pienone-al-centro-giovanni-xxiii-per-la-serata-che-ha-celebrato-il-mondo-del-rally-con-sergio-limone\/\" \/>\n<meta property=\"og:site_name\" content=\"Bellunopress - Dolomiti\" \/>\n<meta property=\"article:publisher\" content=\"https:\/\/www.facebook.com\/profile.php?id=100008943462799\" \/>\n<meta property=\"article:published_time\" content=\"2026-07-10T20:22:46+00:00\" \/>\n<meta property=\"og:image\" content=\"https:\/\/www.bellunopress.it\/wp-content\/uploads\/2026\/07\/serata-rally-ing-Limone-Cammarano-Serafini.jpg\" \/>\n\t<meta property=\"og:image:width\" content=\"600\" \/>\n\t<meta property=\"og:image:height\" content=\"398\" \/>\n\t<meta property=\"og:image:type\" content=\"image\/jpeg\" \/>\n<meta name=\"author\" content=\"redazione\" \/>\n<meta name=\"twitter:card\" content=\"summary_large_image\" \/>\n<meta name=\"twitter:creator\" content=\"@bellunopress\" \/>\n<meta name=\"twitter:site\" content=\"@bellunopress\" \/>\n<meta name=\"twitter:label1\" content=\"\u00c9crit par\" \/>\n\t<meta name=\"twitter:data1\" content=\"redazione\" \/>\n\t<meta name=\"twitter:label2\" content=\"Dur\u00e9e de lecture estim\u00e9e\" \/>\n\t<meta name=\"twitter:data2\" content=\"3 minutes\" \/>\n<script type=\"application\/ld+json\" class=\"yoast-schema-graph\">{\"@context\":\"https:\\\/\\\/schema.org\",\"@graph\":[{\"@type\":\"Article\",\"@id\":\"https:\\\/\\\/www.bellunopress.it\\\/2026\\\/07\\\/10\\\/belluno-pienone-al-centro-giovanni-xxiii-per-la-serata-che-ha-celebrato-il-mondo-del-rally-con-sergio-limone\\\/#article\",\"isPartOf\":{\"@id\":\"https:\\\/\\\/www.bellunopress.it\\\/2026\\\/07\\\/10\\\/belluno-pienone-al-centro-giovanni-xxiii-per-la-serata-che-ha-celebrato-il-mondo-del-rally-con-sergio-limone\\\/\"},\"author\":{\"name\":\"redazione\",\"@id\":\"https:\\\/\\\/www.bellunopress.it\\\/#\\\/schema\\\/person\\\/79bb06722b37ece1c03d3e94beb30d73\"},\"headline\":\"Belluno, pienone al Centro Giovanni XXIII per la serata che ha celebrato il mondo del rally con Sergio Limone\",\"datePublished\":\"2026-07-10T20:22:46+00:00\",\"mainEntityOfPage\":{\"@id\":\"https:\\\/\\\/www.bellunopress.it\\\/2026\\\/07\\\/10\\\/belluno-pienone-al-centro-giovanni-xxiii-per-la-serata-che-ha-celebrato-il-mondo-del-rally-con-sergio-limone\\\/\"},\"wordCount\":386,\"publisher\":{\"@id\":\"https:\\\/\\\/www.bellunopress.it\\\/#organization\"},\"image\":{\"@id\":\"https:\\\/\\\/www.bellunopress.it\\\/2026\\\/07\\\/10\\\/belluno-pienone-al-centro-giovanni-xxiii-per-la-serata-che-ha-celebrato-il-mondo-del-rally-con-sergio-limone\\\/#primaryimage\"},\"thumbnailUrl\":\"https:\\\/\\\/www.bellunopress.it\\\/wp-content\\\/uploads\\\/2026\\\/07\\\/serata-rally-ing-Limone-Cammarano-Serafini.jpg\",\"articleSection\":[\"Arte, Cultura, Spettacoli, Scienza\",\"Pausa Caff\u00e8\"],\"inLanguage\":\"fr-FR\"},{\"@type\":\"WebPage\",\"@id\":\"https:\\\/\\\/www.bellunopress.it\\\/2026\\\/07\\\/10\\\/belluno-pienone-al-centro-giovanni-xxiii-per-la-serata-che-ha-celebrato-il-mondo-del-rally-con-sergio-limone\\\/\",\"url\":\"https:\\\/\\\/www.bellunopress.it\\\/2026\\\/07\\\/10\\\/belluno-pienone-al-centro-giovanni-xxiii-per-la-serata-che-ha-celebrato-il-mondo-del-rally-con-sergio-limone\\\/\",\"name\":\"Belluno, pienone al Centro Giovanni XXIII per la serata che ha celebrato il mondo del rally con Sergio Limone - Bellunopress - Dolomiti\",\"isPartOf\":{\"@id\":\"https:\\\/\\\/www.bellunopress.it\\\/#website\"},\"primaryImageOfPage\":{\"@id\":\"https:\\\/\\\/www.bellunopress.it\\\/2026\\\/07\\\/10\\\/belluno-pienone-al-centro-giovanni-xxiii-per-la-serata-che-ha-celebrato-il-mondo-del-rally-con-sergio-limone\\\/#primaryimage\"},\"image\":{\"@id\":\"https:\\\/\\\/www.bellunopress.it\\\/2026\\\/07\\\/10\\\/belluno-pienone-al-centro-giovanni-xxiii-per-la-serata-che-ha-celebrato-il-mondo-del-rally-con-sergio-limone\\\/#primaryimage\"},\"thumbnailUrl\":\"https:\\\/\\\/www.bellunopress.it\\\/wp-content\\\/uploads\\\/2026\\\/07\\\/serata-rally-ing-Limone-Cammarano-Serafini.jpg\",\"datePublished\":\"2026-07-10T20:22:46+00:00\",\"breadcrumb\":{\"@id\":\"https:\\\/\\\/www.bellunopress.it\\\/2026\\\/07\\\/10\\\/belluno-pienone-al-centro-giovanni-xxiii-per-la-serata-che-ha-celebrato-il-mondo-del-rally-con-sergio-limone\\\/#breadcrumb\"},\"inLanguage\":\"fr-FR\",\"potentialAction\":[{\"@type\":\"ReadAction\",\"target\":[\"https:\\\/\\\/www.bellunopress.it\\\/2026\\\/07\\\/10\\\/belluno-pienone-al-centro-giovanni-xxiii-per-la-serata-che-ha-celebrato-il-mondo-del-rally-con-sergio-limone\\\/\"]}]},{\"@type\":\"ImageObject\",\"inLanguage\":\"fr-FR\",\"@id\":\"https:\\\/\\\/www.bellunopress.it\\\/2026\\\/07\\\/10\\\/belluno-pienone-al-centro-giovanni-xxiii-per-la-serata-che-ha-celebrato-il-mondo-del-rally-con-sergio-limone\\\/#primaryimage\",\"url\":\"https:\\\/\\\/www.bellunopress.it\\\/wp-content\\\/uploads\\\/2026\\\/07\\\/serata-rally-ing-Limone-Cammarano-Serafini.jpg\",\"contentUrl\":\"https:\\\/\\\/www.bellunopress.it\\\/wp-content\\\/uploads\\\/2026\\\/07\\\/serata-rally-ing-Limone-Cammarano-Serafini.jpg\",\"width\":600,\"height\":398,\"caption\":\"Sergio Limone, Graziano Cammarano, Giuseppe Serafini\"},{\"@type\":\"BreadcrumbList\",\"@id\":\"https:\\\/\\\/www.bellunopress.it\\\/2026\\\/07\\\/10\\\/belluno-pienone-al-centro-giovanni-xxiii-per-la-serata-che-ha-celebrato-il-mondo-del-rally-con-sergio-limone\\\/#breadcrumb\",\"itemListElement\":[{\"@type\":\"ListItem\",\"position\":1,\"name\":\"Home\",\"item\":\"https:\\\/\\\/www.bellunopress.it\\\/\"},{\"@type\":\"ListItem\",\"position\":2,\"name\":\"Belluno, pienone al Centro Giovanni XXIII per la serata che ha celebrato il mondo del rally con Sergio Limone\"}]},{\"@type\":\"WebSite\",\"@id\":\"https:\\\/\\\/www.bellunopress.it\\\/#website\",\"url\":\"https:\\\/\\\/www.bellunopress.it\\\/\",\"name\":\"Bellunopress - Dolomiti\",\"description\":\"e-mail: redazione@bellunopress.it\",\"publisher\":{\"@id\":\"https:\\\/\\\/www.bellunopress.it\\\/#organization\"},\"potentialAction\":[{\"@type\":\"SearchAction\",\"target\":{\"@type\":\"EntryPoint\",\"urlTemplate\":\"https:\\\/\\\/www.bellunopress.it\\\/?s={search_term_string}\"},\"query-input\":{\"@type\":\"PropertyValueSpecification\",\"valueRequired\":true,\"valueName\":\"search_term_string\"}}],\"inLanguage\":\"fr-FR\"},{\"@type\":\"Organization\",\"@id\":\"https:\\\/\\\/www.bellunopress.it\\\/#organization\",\"name\":\"Bellunopress\",\"url\":\"https:\\\/\\\/www.bellunopress.it\\\/\",\"logo\":{\"@type\":\"ImageObject\",\"inLanguage\":\"fr-FR\",\"@id\":\"https:\\\/\\\/www.bellunopress.it\\\/#\\\/schema\\\/logo\\\/image\\\/\",\"url\":\"https:\\\/\\\/www.bellunopress.it\\\/wp-content\\\/uploads\\\/2011\\\/05\\\/cropped-logo-bellunopress-.jpg\",\"contentUrl\":\"https:\\\/\\\/www.bellunopress.it\\\/wp-content\\\/uploads\\\/2011\\\/05\\\/cropped-logo-bellunopress-.jpg\",\"width\":512,\"height\":512,\"caption\":\"Bellunopress\"},\"image\":{\"@id\":\"https:\\\/\\\/www.bellunopress.it\\\/#\\\/schema\\\/logo\\\/image\\\/\"},\"sameAs\":[\"https:\\\/\\\/www.facebook.com\\\/profile.php?id=100008943462799\",\"https:\\\/\\\/x.com\\\/bellunopress\",\"https:\\\/\\\/www.linkedin.com\\\/hp\\\/?dnr=JBzUWaJfMUw8vbXJJ2tVW5-I3jZKvC4wsoxE&amp;amp;amp;amp;amp;amp;trk=nav_responsive_tab_home\",\"https:\\\/\\\/www.youtube.com\\\/channel\\\/UCxL0wu1uN0_3_7hGG0306cw\"]},{\"@type\":\"Person\",\"@id\":\"https:\\\/\\\/www.bellunopress.it\\\/#\\\/schema\\\/person\\\/79bb06722b37ece1c03d3e94beb30d73\",\"name\":\"redazione\",\"image\":{\"@type\":\"ImageObject\",\"inLanguage\":\"fr-FR\",\"@id\":\"https:\\\/\\\/secure.gravatar.com\\\/avatar\\\/37d968a2e67a6fd04c169c4bdef102d0bc5d31b2546345219e348575eb80e9a0?s=96&d=mm&r=g\",\"url\":\"https:\\\/\\\/secure.gravatar.com\\\/avatar\\\/37d968a2e67a6fd04c169c4bdef102d0bc5d31b2546345219e348575eb80e9a0?s=96&d=mm&r=g\",\"contentUrl\":\"https:\\\/\\\/secure.gravatar.com\\\/avatar\\\/37d968a2e67a6fd04c169c4bdef102d0bc5d31b2546345219e348575eb80e9a0?s=96&d=mm&r=g\",\"caption\":\"redazione\"},\"sameAs\":[\"http:\\\/\\\/www.bellunopress.it\",\"https:\\\/\\\/x.com\\\/bellunopress\"],\"url\":\"https:\\\/\\\/www.bellunopress.it\\\/fr\\\/author\\\/redazione\\\/\"}]}<\/script>\n<!-- \/ Yoast SEO plugin. -->","yoast_head_json":{"title":"Belluno, pienone al Centro Giovanni XXIII per la serata che ha celebrato il mondo del rally con Sergio Limone - Bellunopress - Dolomiti","robots":{"index":"index","follow":"follow","max-snippet":"max-snippet:-1","max-image-preview":"max-image-preview:large","max-video-preview":"max-video-preview:-1"},"canonical":"https:\/\/www.bellunopress.it\/fr\/2026\/07\/10\/belluno-pienone-al-centro-giovanni-xxiii-per-la-serata-che-ha-celebrato-il-mondo-del-rally-con-sergio-limone\/","og_locale":"fr_FR","og_type":"article","og_title":"Belluno, pienone al Centro Giovanni XXIII per la serata che ha celebrato il mondo del rally con Sergio Limone - Bellunopress - Dolomiti","og_description":"Belluno, 10 luglio 2026 &#8211; Una serata all&#8217;insegna della passione, della storia motoristica e di un pizzico di ironia. Questa sera, il Centro Giovanni XXIII di Belluno ha fatto da cornice a un evento straordinario, organizzato dal Registro Storico Ducati Gentleman Club Drivers Belluno in stretta sinergia con il Registro Storico Ducati, presieduto da Giuseppe [&hellip;]","og_url":"https:\/\/www.bellunopress.it\/fr\/2026\/07\/10\/belluno-pienone-al-centro-giovanni-xxiii-per-la-serata-che-ha-celebrato-il-mondo-del-rally-con-sergio-limone\/","og_site_name":"Bellunopress - Dolomiti","article_publisher":"https:\/\/www.facebook.com\/profile.php?id=100008943462799","article_published_time":"2026-07-10T20:22:46+00:00","og_image":[{"width":600,"height":398,"url":"https:\/\/www.bellunopress.it\/wp-content\/uploads\/2026\/07\/serata-rally-ing-Limone-Cammarano-Serafini.jpg","type":"image\/jpeg"}],"author":"redazione","twitter_card":"summary_large_image","twitter_creator":"@bellunopress","twitter_site":"@bellunopress","twitter_misc":{"\u00c9crit par":"redazione","Dur\u00e9e de lecture estim\u00e9e":"3 minutes"},"schema":{"@context":"https:\/\/schema.org","@graph":[{"@type":"Article","@id":"https:\/\/www.bellunopress.it\/2026\/07\/10\/belluno-pienone-al-centro-giovanni-xxiii-per-la-serata-che-ha-celebrato-il-mondo-del-rally-con-sergio-limone\/#article","isPartOf":{"@id":"https:\/\/www.bellunopress.it\/2026\/07\/10\/belluno-pienone-al-centro-giovanni-xxiii-per-la-serata-che-ha-celebrato-il-mondo-del-rally-con-sergio-limone\/"},"author":{"name":"redazione","@id":"https:\/\/www.bellunopress.it\/#\/schema\/person\/79bb06722b37ece1c03d3e94beb30d73"},"headline":"Belluno, pienone al Centro Giovanni XXIII per la serata che ha celebrato il mondo del rally con Sergio Limone","datePublished":"2026-07-10T20:22:46+00:00","mainEntityOfPage":{"@id":"https:\/\/www.bellunopress.it\/2026\/07\/10\/belluno-pienone-al-centro-giovanni-xxiii-per-la-serata-che-ha-celebrato-il-mondo-del-rally-con-sergio-limone\/"},"wordCount":386,"publisher":{"@id":"https:\/\/www.bellunopress.it\/#organization"},"image":{"@id":"https:\/\/www.bellunopress.it\/2026\/07\/10\/belluno-pienone-al-centro-giovanni-xxiii-per-la-serata-che-ha-celebrato-il-mondo-del-rally-con-sergio-limone\/#primaryimage"},"thumbnailUrl":"https:\/\/www.bellunopress.it\/wp-content\/uploads\/2026\/07\/serata-rally-ing-Limone-Cammarano-Serafini.jpg","articleSection":["Arte, Cultura, Spettacoli, Scienza","Pausa Caff\u00e8"],"inLanguage":"fr-FR"},{"@type":"WebPage","@id":"https:\/\/www.bellunopress.it\/2026\/07\/10\/belluno-pienone-al-centro-giovanni-xxiii-per-la-serata-che-ha-celebrato-il-mondo-del-rally-con-sergio-limone\/","url":"https:\/\/www.bellunopress.it\/2026\/07\/10\/belluno-pienone-al-centro-giovanni-xxiii-per-la-serata-che-ha-celebrato-il-mondo-del-rally-con-sergio-limone\/","name":"Belluno, pienone al Centro Giovanni XXIII per la serata che ha celebrato il mondo del rally con Sergio Limone - Bellunopress - Dolomiti","isPartOf":{"@id":"https:\/\/www.bellunopress.it\/#website"},"primaryImageOfPage":{"@id":"https:\/\/www.bellunopress.it\/2026\/07\/10\/belluno-pienone-al-centro-giovanni-xxiii-per-la-serata-che-ha-celebrato-il-mondo-del-rally-con-sergio-limone\/#primaryimage"},"image":{"@id":"https:\/\/www.bellunopress.it\/2026\/07\/10\/belluno-pienone-al-centro-giovanni-xxiii-per-la-serata-che-ha-celebrato-il-mondo-del-rally-con-sergio-limone\/#primaryimage"},"thumbnailUrl":"https:\/\/www.bellunopress.it\/wp-content\/uploads\/2026\/07\/serata-rally-ing-Limone-Cammarano-Serafini.jpg","datePublished":"2026-07-10T20:22:46+00:00","breadcrumb":{"@id":"https:\/\/www.bellunopress.it\/2026\/07\/10\/belluno-pienone-al-centro-giovanni-xxiii-per-la-serata-che-ha-celebrato-il-mondo-del-rally-con-sergio-limone\/#breadcrumb"},"inLanguage":"fr-FR","potentialAction":[{"@type":"ReadAction","target":["https:\/\/www.bellunopress.it\/2026\/07\/10\/belluno-pienone-al-centro-giovanni-xxiii-per-la-serata-che-ha-celebrato-il-mondo-del-rally-con-sergio-limone\/"]}]},{"@type":"ImageObject","inLanguage":"fr-FR","@id":"https:\/\/www.bellunopress.it\/2026\/07\/10\/belluno-pienone-al-centro-giovanni-xxiii-per-la-serata-che-ha-celebrato-il-mondo-del-rally-con-sergio-limone\/#primaryimage","url":"https:\/\/www.bellunopress.it\/wp-content\/uploads\/2026\/07\/serata-rally-ing-Limone-Cammarano-Serafini.jpg","contentUrl":"https:\/\/www.bellunopress.it\/wp-content\/uploads\/2026\/07\/serata-rally-ing-Limone-Cammarano-Serafini.jpg","width":600,"height":398,"caption":"Sergio Limone, Graziano Cammarano, Giuseppe Serafini"},{"@type":"BreadcrumbList","@id":"https:\/\/www.bellunopress.it\/2026\/07\/10\/belluno-pienone-al-centro-giovanni-xxiii-per-la-serata-che-ha-celebrato-il-mondo-del-rally-con-sergio-limone\/#breadcrumb","itemListElement":[{"@type":"ListItem","position":1,"name":"Home","item":"https:\/\/www.bellunopress.it\/"},{"@type":"ListItem","position":2,"name":"Belluno, pienone al Centro Giovanni XXIII per la serata che ha celebrato il mondo del rally con Sergio Limone"}]},{"@type":"WebSite","@id":"https:\/\/www.bellunopress.it\/#website","url":"https:\/\/www.bellunopress.it\/","name":"Bellunopress - Dolomiti","description":"e-mail: redazione@bellunopress.it","publisher":{"@id":"https:\/\/www.bellunopress.it\/#organization"},"potentialAction":[{"@type":"SearchAction","target":{"@type":"EntryPoint","urlTemplate":"https:\/\/www.bellunopress.it\/?s={search_term_string}"},"query-input":{"@type":"PropertyValueSpecification","valueRequired":true,"valueName":"search_term_string"}}],"inLanguage":"fr-FR"},{"@type":"Organization","@id":"https:\/\/www.bellunopress.it\/#organization","name":"Bellunopress","url":"https:\/\/www.bellunopress.it\/","logo":{"@type":"ImageObject","inLanguage":"fr-FR","@id":"https:\/\/www.bellunopress.it\/#\/schema\/logo\/image\/","url":"https:\/\/www.bellunopress.it\/wp-content\/uploads\/2011\/05\/cropped-logo-bellunopress-.jpg","contentUrl":"https:\/\/www.bellunopress.it\/wp-content\/uploads\/2011\/05\/cropped-logo-bellunopress-.jpg","width":512,"height":512,"caption":"Bellunopress"},"image":{"@id":"https:\/\/www.bellunopress.it\/#\/schema\/logo\/image\/"},"sameAs":["https:\/\/www.facebook.com\/profile.php?id=100008943462799","https:\/\/x.com\/bellunopress","https:\/\/www.linkedin.com\/hp\/?dnr=JBzUWaJfMUw8vbXJJ2tVW5-I3jZKvC4wsoxE&amp;amp;amp;amp;amp;amp;trk=nav_responsive_tab_home","https:\/\/www.youtube.com\/channel\/UCxL0wu1uN0_3_7hGG0306cw"]},{"@type":"Person","@id":"https:\/\/www.bellunopress.it\/#\/schema\/person\/79bb06722b37ece1c03d3e94beb30d73","name":"r\u00e9daction","image":{"@type":"ImageObject","inLanguage":"fr-FR","@id":"https:\/\/secure.gravatar.com\/avatar\/37d968a2e67a6fd04c169c4bdef102d0bc5d31b2546345219e348575eb80e9a0?s=96&d=mm&r=g","url":"https:\/\/secure.gravatar.com\/avatar\/37d968a2e67a6fd04c169c4bdef102d0bc5d31b2546345219e348575eb80e9a0?s=96&d=mm&r=g","contentUrl":"https:\/\/secure.gravatar.com\/avatar\/37d968a2e67a6fd04c169c4bdef102d0bc5d31b2546345219e348575eb80e9a0?s=96&d=mm&r=g","caption":"redazione"},"sameAs":["http:\/\/www.bellunopress.it","https:\/\/x.com\/bellunopress"],"url":"https:\/\/www.bellunopress.it\/fr\/author\/redazione\/"}]}},"_links":{"self":[{"href":"https:\/\/www.bellunopress.it\/fr\/wp-json\/wp\/v2\/posts\/171832","targetHints":{"allow":["GET"]}}],"collection":[{"href":"https:\/\/www.bellunopress.it\/fr\/wp-json\/wp\/v2\/posts"}],"about":[{"href":"https:\/\/www.bellunopress.it\/fr\/wp-json\/wp\/v2\/types\/post"}],"author":[{"embeddable":true,"href":"https:\/\/www.bellunopress.it\/fr\/wp-json\/wp\/v2\/users\/2"}],"replies":[{"embeddable":true,"href":"https:\/\/www.bellunopress.it\/fr\/wp-json\/wp\/v2\/comments?post=171832"}],"version-history":[{"count":1,"href":"https:\/\/www.bellunopress.it\/fr\/wp-json\/wp\/v2\/posts\/171832\/revisions"}],"predecessor-version":[{"id":171834,"href":"https:\/\/www.bellunopress.it\/fr\/wp-json\/wp\/v2\/posts\/171832\/revisions\/171834"}],"wp:featuredmedia":[{"embeddable":true,"href":"https:\/\/www.bellunopress.it\/fr\/wp-json\/wp\/v2\/media\/171833"}],"wp:attachment":[{"href":"https:\/\/www.bellunopress.it\/fr\/wp-json\/wp\/v2\/media?parent=171832"}],"wp:term":[{"taxonomy":"category","embeddable":true,"href":"https:\/\/www.bellunopress.it\/fr\/wp-json\/wp\/v2\/categories?post=171832"},{"taxonomy":"post_tag","embeddable":true,"href":"https:\/\/www.bellunopress.it\/fr\/wp-json\/wp\/v2\/tags?post=171832"}],"curies":[{"name":"wp","href":"https:\/\/api.w.org\/{rel}","templated":true}]}}