{"id":171824,"date":"2026-07-10T15:53:05","date_gmt":"2026-07-10T13:53:05","guid":{"rendered":"https:\/\/www.bellunopress.it\/?p=171824"},"modified":"2026-07-10T15:53:05","modified_gmt":"2026-07-10T13:53:05","slug":"musica-e-poesia-tra-armenia-e-persia-il-castello-di-andraz-inaugura-la-rassegna-musica-nellagordino-2026","status":"publish","type":"post","link":"https:\/\/www.bellunopress.it\/fr\/2026\/07\/10\/musica-e-poesia-tra-armenia-e-persia-il-castello-di-andraz-inaugura-la-rassegna-musica-nellagordino-2026\/","title":{"rendered":"Musica e poesia tra Armenia e Persia: il Castello di Andraz inaugura la rassegna &#8220;Musica nell&#8217;Agordino 2026&#8221;"},"content":{"rendered":"<p data-path-to-node=\"3\"><b data-path-to-node=\"3\" data-index-in-node=\"0\">Domenica 12 luglio, la suggestiva cornice storica di Livinallongo del Col di Lana ospita il concerto del Trio IrWan, un viaggio sonoro tra Oriente e Caucaso che apre il prestigioso cartellone estivo.<\/b><\/p>\n<p data-path-to-node=\"4\">Livinallongo del Col di Lana &#8211; Sar\u00e0 un intreccio di culture millenarie, suoni antichi e suggestioni poetiche a dare il via alla rassegna Musica nell&#8217;Agordino 2026. Domenica 12 luglio, alle ore 15.00, il Castello di Andraz si trasformer\u00e0 in un ponte ideale tra l\u2019Armenia e l\u2019Iran, accogliendo il concerto inaugurale del Trio IrWan.<\/p>\n<p data-path-to-node=\"5\">L\u2019evento promette di essere un\u2019esperienza immersiva, dove il rigore della tradizione musicale mediorientale e caucasica incontra la sensibilit\u00e0 contemporanea. Il Trio IrWan \u2013 composto da Abel Arshakian (duduk, zurna), Behnam Esfandiar (daf, darbuka, djembe) e Mehdi Limoochichi (ud, tar, santur, chitarra, pianoforte) \u2013 guider\u00e0 il pubblico lungo un percorso che spazia dalla musica popolare a quella rituale e colta.<\/p>\n<p data-path-to-node=\"7\">Il nome stesso del gruppo, &#8220;IrWan&#8221;, \u00e8 un manifesto d&#8217;intenti: nasce dalla fusione simbolica tra l&#8217;Iran e <i data-path-to-node=\"7\" data-index-in-node=\"105\">Irawan<\/i>, l&#8217;antico nome di Erevan. Il progetto, infatti, mira a esplorare e far dialogare due civilt\u00e0 che, sebbene geograficamente distinte, condividono profonde radici storiche, spirituali e artistiche.<\/p>\n<p data-path-to-node=\"8\">Non solo musica: il concerto sar\u00e0 arricchito dalla lettura di testi poetici appartenenti alla tradizione armena e persiana, creando un dialogo costante tra le note degli strumenti e la parola recitata. Il castello, con la sua atmosfera carica di storia, offrir\u00e0 la scenografia perfetta per questo incontro tra letteratura e spiritualit\u00e0.<\/p>\n<p data-path-to-node=\"10\">Il valore dell\u2019ensemble risiede non solo nell\u2019esecuzione, ma anche nella profonda conoscenza degli strumenti. I membri del trio sono infatti esperti artigiani, specializzati nella costruzione e nel restauro di strumenti tradizionali del Medio Oriente e del Caucaso. Il pubblico potr\u00e0 cos\u00ec ascoltare il timbro unico del duduk e della zurna, la raffinatezza del tar e del santur, e il ritmo vibrante delle percussioni come il daf.<\/p>\n<p data-path-to-node=\"11\">Con un curriculum che vanta numerosi progetti interculturali in tutta Europa, il Trio IrWan si propone di celebrare la musica come linguaggio universale, capace di superare ogni confine geografico.<\/p>\n<p data-path-to-node=\"13\">L&#8217;appuntamento, atteso dagli appassionati di musica colta e tradizioni del mondo, \u00e8 realizzato grazie alla sinergia tra Agordo Musica e Asolo Musica, con la preziosa collaborazione dell\u2019Istitut Cultural Ladin Cesa de Jan.<\/p>\n<p data-path-to-node=\"14\">Un\u2019occasione imperdibile per iniziare l\u2019estate sotto il segno dell\u2019incontro tra culture, in uno dei luoghi pi\u00f9 iconici e affascinanti del territorio bellunese.<\/p>","protected":false},"excerpt":{"rendered":"<p>Domenica 12 luglio, la suggestiva cornice storica di Livinallongo del Col di Lana ospita il concerto del Trio IrWan, un viaggio sonoro tra Oriente e Caucaso che apre il prestigioso cartellone estivo. Livinallongo del Col di Lana &#8211; Sar\u00e0 un intreccio di culture millenarie, suoni antichi e suggestioni poetiche a dare il via alla rassegna [&hellip;]<\/p>\n","protected":false},"author":2,"featured_media":171825,"comment_status":"closed","ping_status":"open","sticky":false,"template":"","format":"standard","meta":{"footnotes":""},"categories":[27,25],"tags":[],"class_list":["post-171824","post","type-post","status-publish","format-standard","has-post-thumbnail","category-appuntamenti","category-pausa-caffe"],"yoast_head":"<!-- This site is optimized with the Yoast SEO plugin v28.4 - https:\/\/yoast.com\/product\/yoast-seo-wordpress\/ -->\n<title>Musica e poesia tra Armenia e Persia: il Castello di Andraz inaugura la rassegna &quot;Musica nell&#039;Agordino 2026&quot; - Bellunopress - Dolomiti<\/title>\n<meta name=\"robots\" content=\"index, follow, max-snippet:-1, max-image-preview:large, max-video-preview:-1\" \/>\n<link rel=\"canonical\" href=\"https:\/\/www.bellunopress.it\/fr\/2026\/07\/10\/musica-e-poesia-tra-armenia-e-persia-il-castello-di-andraz-inaugura-la-rassegna-musica-nellagordino-2026\/\" \/>\n<meta property=\"og:locale\" content=\"fr_FR\" \/>\n<meta property=\"og:type\" content=\"article\" \/>\n<meta property=\"og:title\" content=\"Musica e poesia tra Armenia e Persia: il Castello di Andraz inaugura la rassegna &quot;Musica nell&#039;Agordino 2026&quot; - Bellunopress - Dolomiti\" \/>\n<meta property=\"og:description\" content=\"Domenica 12 luglio, la suggestiva cornice storica di Livinallongo del Col di Lana ospita il concerto del Trio IrWan, un viaggio sonoro tra Oriente e Caucaso che apre il prestigioso cartellone estivo. Livinallongo del Col di Lana &#8211; Sar\u00e0 un intreccio di culture millenarie, suoni antichi e suggestioni poetiche a dare il via alla rassegna [&hellip;]\" \/>\n<meta property=\"og:url\" content=\"https:\/\/www.bellunopress.it\/fr\/2026\/07\/10\/musica-e-poesia-tra-armenia-e-persia-il-castello-di-andraz-inaugura-la-rassegna-musica-nellagordino-2026\/\" \/>\n<meta property=\"og:site_name\" content=\"Bellunopress - Dolomiti\" \/>\n<meta property=\"article:publisher\" content=\"https:\/\/www.facebook.com\/profile.php?id=100008943462799\" \/>\n<meta property=\"article:published_time\" content=\"2026-07-10T13:53:05+00:00\" \/>\n<meta property=\"og:image\" content=\"https:\/\/www.bellunopress.it\/wp-content\/uploads\/2026\/07\/Irwan-Trio.jpg\" \/>\n\t<meta property=\"og:image:width\" content=\"589\" \/>\n\t<meta property=\"og:image:height\" content=\"382\" \/>\n\t<meta property=\"og:image:type\" content=\"image\/jpeg\" \/>\n<meta name=\"author\" content=\"redazione\" \/>\n<meta name=\"twitter:card\" content=\"summary_large_image\" \/>\n<meta name=\"twitter:creator\" content=\"@bellunopress\" \/>\n<meta name=\"twitter:site\" content=\"@bellunopress\" \/>\n<meta name=\"twitter:label1\" content=\"\u00c9crit par\" \/>\n\t<meta name=\"twitter:data1\" content=\"redazione\" \/>\n\t<meta name=\"twitter:label2\" content=\"Dur\u00e9e de lecture estim\u00e9e\" \/>\n\t<meta name=\"twitter:data2\" content=\"3 minutes\" \/>\n<script type=\"application\/ld+json\" class=\"yoast-schema-graph\">{\"@context\":\"https:\\\/\\\/schema.org\",\"@graph\":[{\"@type\":\"Article\",\"@id\":\"https:\\\/\\\/www.bellunopress.it\\\/2026\\\/07\\\/10\\\/musica-e-poesia-tra-armenia-e-persia-il-castello-di-andraz-inaugura-la-rassegna-musica-nellagordino-2026\\\/#article\",\"isPartOf\":{\"@id\":\"https:\\\/\\\/www.bellunopress.it\\\/2026\\\/07\\\/10\\\/musica-e-poesia-tra-armenia-e-persia-il-castello-di-andraz-inaugura-la-rassegna-musica-nellagordino-2026\\\/\"},\"author\":{\"name\":\"redazione\",\"@id\":\"https:\\\/\\\/www.bellunopress.it\\\/#\\\/schema\\\/person\\\/79bb06722b37ece1c03d3e94beb30d73\"},\"headline\":\"Musica e poesia tra Armenia e Persia: il Castello di Andraz inaugura la rassegna &#8220;Musica nell&#8217;Agordino 2026&#8221;\",\"datePublished\":\"2026-07-10T13:53:05+00:00\",\"mainEntityOfPage\":{\"@id\":\"https:\\\/\\\/www.bellunopress.it\\\/2026\\\/07\\\/10\\\/musica-e-poesia-tra-armenia-e-persia-il-castello-di-andraz-inaugura-la-rassegna-musica-nellagordino-2026\\\/\"},\"wordCount\":412,\"publisher\":{\"@id\":\"https:\\\/\\\/www.bellunopress.it\\\/#organization\"},\"image\":{\"@id\":\"https:\\\/\\\/www.bellunopress.it\\\/2026\\\/07\\\/10\\\/musica-e-poesia-tra-armenia-e-persia-il-castello-di-andraz-inaugura-la-rassegna-musica-nellagordino-2026\\\/#primaryimage\"},\"thumbnailUrl\":\"https:\\\/\\\/www.bellunopress.it\\\/wp-content\\\/uploads\\\/2026\\\/07\\\/Irwan-Trio.jpg\",\"articleSection\":[\"Appuntamenti, Eventi\",\"Pausa Caff\u00e8\"],\"inLanguage\":\"fr-FR\"},{\"@type\":\"WebPage\",\"@id\":\"https:\\\/\\\/www.bellunopress.it\\\/2026\\\/07\\\/10\\\/musica-e-poesia-tra-armenia-e-persia-il-castello-di-andraz-inaugura-la-rassegna-musica-nellagordino-2026\\\/\",\"url\":\"https:\\\/\\\/www.bellunopress.it\\\/2026\\\/07\\\/10\\\/musica-e-poesia-tra-armenia-e-persia-il-castello-di-andraz-inaugura-la-rassegna-musica-nellagordino-2026\\\/\",\"name\":\"Musica e poesia tra Armenia e Persia: il Castello di Andraz inaugura la rassegna \\\"Musica nell'Agordino 2026\\\" - Bellunopress - Dolomiti\",\"isPartOf\":{\"@id\":\"https:\\\/\\\/www.bellunopress.it\\\/#website\"},\"primaryImageOfPage\":{\"@id\":\"https:\\\/\\\/www.bellunopress.it\\\/2026\\\/07\\\/10\\\/musica-e-poesia-tra-armenia-e-persia-il-castello-di-andraz-inaugura-la-rassegna-musica-nellagordino-2026\\\/#primaryimage\"},\"image\":{\"@id\":\"https:\\\/\\\/www.bellunopress.it\\\/2026\\\/07\\\/10\\\/musica-e-poesia-tra-armenia-e-persia-il-castello-di-andraz-inaugura-la-rassegna-musica-nellagordino-2026\\\/#primaryimage\"},\"thumbnailUrl\":\"https:\\\/\\\/www.bellunopress.it\\\/wp-content\\\/uploads\\\/2026\\\/07\\\/Irwan-Trio.jpg\",\"datePublished\":\"2026-07-10T13:53:05+00:00\",\"breadcrumb\":{\"@id\":\"https:\\\/\\\/www.bellunopress.it\\\/2026\\\/07\\\/10\\\/musica-e-poesia-tra-armenia-e-persia-il-castello-di-andraz-inaugura-la-rassegna-musica-nellagordino-2026\\\/#breadcrumb\"},\"inLanguage\":\"fr-FR\",\"potentialAction\":[{\"@type\":\"ReadAction\",\"target\":[\"https:\\\/\\\/www.bellunopress.it\\\/2026\\\/07\\\/10\\\/musica-e-poesia-tra-armenia-e-persia-il-castello-di-andraz-inaugura-la-rassegna-musica-nellagordino-2026\\\/\"]}]},{\"@type\":\"ImageObject\",\"inLanguage\":\"fr-FR\",\"@id\":\"https:\\\/\\\/www.bellunopress.it\\\/2026\\\/07\\\/10\\\/musica-e-poesia-tra-armenia-e-persia-il-castello-di-andraz-inaugura-la-rassegna-musica-nellagordino-2026\\\/#primaryimage\",\"url\":\"https:\\\/\\\/www.bellunopress.it\\\/wp-content\\\/uploads\\\/2026\\\/07\\\/Irwan-Trio.jpg\",\"contentUrl\":\"https:\\\/\\\/www.bellunopress.it\\\/wp-content\\\/uploads\\\/2026\\\/07\\\/Irwan-Trio.jpg\",\"width\":589,\"height\":382,\"caption\":\"IrWan Trio\"},{\"@type\":\"BreadcrumbList\",\"@id\":\"https:\\\/\\\/www.bellunopress.it\\\/2026\\\/07\\\/10\\\/musica-e-poesia-tra-armenia-e-persia-il-castello-di-andraz-inaugura-la-rassegna-musica-nellagordino-2026\\\/#breadcrumb\",\"itemListElement\":[{\"@type\":\"ListItem\",\"position\":1,\"name\":\"Home\",\"item\":\"https:\\\/\\\/www.bellunopress.it\\\/\"},{\"@type\":\"ListItem\",\"position\":2,\"name\":\"Musica e poesia tra Armenia e Persia: il Castello di Andraz inaugura la rassegna &#8220;Musica nell&#8217;Agordino 2026&#8221;\"}]},{\"@type\":\"WebSite\",\"@id\":\"https:\\\/\\\/www.bellunopress.it\\\/#website\",\"url\":\"https:\\\/\\\/www.bellunopress.it\\\/\",\"name\":\"Bellunopress - Dolomiti\",\"description\":\"e-mail: redazione@bellunopress.it\",\"publisher\":{\"@id\":\"https:\\\/\\\/www.bellunopress.it\\\/#organization\"},\"potentialAction\":[{\"@type\":\"SearchAction\",\"target\":{\"@type\":\"EntryPoint\",\"urlTemplate\":\"https:\\\/\\\/www.bellunopress.it\\\/?s={search_term_string}\"},\"query-input\":{\"@type\":\"PropertyValueSpecification\",\"valueRequired\":true,\"valueName\":\"search_term_string\"}}],\"inLanguage\":\"fr-FR\"},{\"@type\":\"Organization\",\"@id\":\"https:\\\/\\\/www.bellunopress.it\\\/#organization\",\"name\":\"Bellunopress\",\"url\":\"https:\\\/\\\/www.bellunopress.it\\\/\",\"logo\":{\"@type\":\"ImageObject\",\"inLanguage\":\"fr-FR\",\"@id\":\"https:\\\/\\\/www.bellunopress.it\\\/#\\\/schema\\\/logo\\\/image\\\/\",\"url\":\"https:\\\/\\\/www.bellunopress.it\\\/wp-content\\\/uploads\\\/2011\\\/05\\\/cropped-logo-bellunopress-.jpg\",\"contentUrl\":\"https:\\\/\\\/www.bellunopress.it\\\/wp-content\\\/uploads\\\/2011\\\/05\\\/cropped-logo-bellunopress-.jpg\",\"width\":512,\"height\":512,\"caption\":\"Bellunopress\"},\"image\":{\"@id\":\"https:\\\/\\\/www.bellunopress.it\\\/#\\\/schema\\\/logo\\\/image\\\/\"},\"sameAs\":[\"https:\\\/\\\/www.facebook.com\\\/profile.php?id=100008943462799\",\"https:\\\/\\\/x.com\\\/bellunopress\",\"https:\\\/\\\/www.linkedin.com\\\/hp\\\/?dnr=JBzUWaJfMUw8vbXJJ2tVW5-I3jZKvC4wsoxE&amp;amp;amp;amp;amp;amp;trk=nav_responsive_tab_home\",\"https:\\\/\\\/www.youtube.com\\\/channel\\\/UCxL0wu1uN0_3_7hGG0306cw\"]},{\"@type\":\"Person\",\"@id\":\"https:\\\/\\\/www.bellunopress.it\\\/#\\\/schema\\\/person\\\/79bb06722b37ece1c03d3e94beb30d73\",\"name\":\"redazione\",\"image\":{\"@type\":\"ImageObject\",\"inLanguage\":\"fr-FR\",\"@id\":\"https:\\\/\\\/secure.gravatar.com\\\/avatar\\\/37d968a2e67a6fd04c169c4bdef102d0bc5d31b2546345219e348575eb80e9a0?s=96&d=mm&r=g\",\"url\":\"https:\\\/\\\/secure.gravatar.com\\\/avatar\\\/37d968a2e67a6fd04c169c4bdef102d0bc5d31b2546345219e348575eb80e9a0?s=96&d=mm&r=g\",\"contentUrl\":\"https:\\\/\\\/secure.gravatar.com\\\/avatar\\\/37d968a2e67a6fd04c169c4bdef102d0bc5d31b2546345219e348575eb80e9a0?s=96&d=mm&r=g\",\"caption\":\"redazione\"},\"sameAs\":[\"http:\\\/\\\/www.bellunopress.it\",\"https:\\\/\\\/x.com\\\/bellunopress\"],\"url\":\"https:\\\/\\\/www.bellunopress.it\\\/fr\\\/author\\\/redazione\\\/\"}]}<\/script>\n<!-- \/ Yoast SEO plugin. -->","yoast_head_json":{"title":"Musica e poesia tra Armenia e Persia: il Castello di Andraz inaugura la rassegna \"Musica nell'Agordino 2026\" - Bellunopress - Dolomiti","robots":{"index":"index","follow":"follow","max-snippet":"max-snippet:-1","max-image-preview":"max-image-preview:large","max-video-preview":"max-video-preview:-1"},"canonical":"https:\/\/www.bellunopress.it\/fr\/2026\/07\/10\/musica-e-poesia-tra-armenia-e-persia-il-castello-di-andraz-inaugura-la-rassegna-musica-nellagordino-2026\/","og_locale":"fr_FR","og_type":"article","og_title":"Musica e poesia tra Armenia e Persia: il Castello di Andraz inaugura la rassegna \"Musica nell'Agordino 2026\" - Bellunopress - Dolomiti","og_description":"Domenica 12 luglio, la suggestiva cornice storica di Livinallongo del Col di Lana ospita il concerto del Trio IrWan, un viaggio sonoro tra Oriente e Caucaso che apre il prestigioso cartellone estivo. Livinallongo del Col di Lana &#8211; Sar\u00e0 un intreccio di culture millenarie, suoni antichi e suggestioni poetiche a dare il via alla rassegna [&hellip;]","og_url":"https:\/\/www.bellunopress.it\/fr\/2026\/07\/10\/musica-e-poesia-tra-armenia-e-persia-il-castello-di-andraz-inaugura-la-rassegna-musica-nellagordino-2026\/","og_site_name":"Bellunopress - Dolomiti","article_publisher":"https:\/\/www.facebook.com\/profile.php?id=100008943462799","article_published_time":"2026-07-10T13:53:05+00:00","og_image":[{"width":589,"height":382,"url":"https:\/\/www.bellunopress.it\/wp-content\/uploads\/2026\/07\/Irwan-Trio.jpg","type":"image\/jpeg"}],"author":"redazione","twitter_card":"summary_large_image","twitter_creator":"@bellunopress","twitter_site":"@bellunopress","twitter_misc":{"\u00c9crit par":"redazione","Dur\u00e9e de lecture estim\u00e9e":"3 minutes"},"schema":{"@context":"https:\/\/schema.org","@graph":[{"@type":"Article","@id":"https:\/\/www.bellunopress.it\/2026\/07\/10\/musica-e-poesia-tra-armenia-e-persia-il-castello-di-andraz-inaugura-la-rassegna-musica-nellagordino-2026\/#article","isPartOf":{"@id":"https:\/\/www.bellunopress.it\/2026\/07\/10\/musica-e-poesia-tra-armenia-e-persia-il-castello-di-andraz-inaugura-la-rassegna-musica-nellagordino-2026\/"},"author":{"name":"redazione","@id":"https:\/\/www.bellunopress.it\/#\/schema\/person\/79bb06722b37ece1c03d3e94beb30d73"},"headline":"Musica e poesia tra Armenia e Persia: il Castello di Andraz inaugura la rassegna &#8220;Musica nell&#8217;Agordino 2026&#8221;","datePublished":"2026-07-10T13:53:05+00:00","mainEntityOfPage":{"@id":"https:\/\/www.bellunopress.it\/2026\/07\/10\/musica-e-poesia-tra-armenia-e-persia-il-castello-di-andraz-inaugura-la-rassegna-musica-nellagordino-2026\/"},"wordCount":412,"publisher":{"@id":"https:\/\/www.bellunopress.it\/#organization"},"image":{"@id":"https:\/\/www.bellunopress.it\/2026\/07\/10\/musica-e-poesia-tra-armenia-e-persia-il-castello-di-andraz-inaugura-la-rassegna-musica-nellagordino-2026\/#primaryimage"},"thumbnailUrl":"https:\/\/www.bellunopress.it\/wp-content\/uploads\/2026\/07\/Irwan-Trio.jpg","articleSection":["Appuntamenti, Eventi","Pausa Caff\u00e8"],"inLanguage":"fr-FR"},{"@type":"WebPage","@id":"https:\/\/www.bellunopress.it\/2026\/07\/10\/musica-e-poesia-tra-armenia-e-persia-il-castello-di-andraz-inaugura-la-rassegna-musica-nellagordino-2026\/","url":"https:\/\/www.bellunopress.it\/2026\/07\/10\/musica-e-poesia-tra-armenia-e-persia-il-castello-di-andraz-inaugura-la-rassegna-musica-nellagordino-2026\/","name":"Musica e poesia tra Armenia e Persia: il Castello di Andraz inaugura la rassegna \"Musica nell'Agordino 2026\" - Bellunopress - Dolomiti","isPartOf":{"@id":"https:\/\/www.bellunopress.it\/#website"},"primaryImageOfPage":{"@id":"https:\/\/www.bellunopress.it\/2026\/07\/10\/musica-e-poesia-tra-armenia-e-persia-il-castello-di-andraz-inaugura-la-rassegna-musica-nellagordino-2026\/#primaryimage"},"image":{"@id":"https:\/\/www.bellunopress.it\/2026\/07\/10\/musica-e-poesia-tra-armenia-e-persia-il-castello-di-andraz-inaugura-la-rassegna-musica-nellagordino-2026\/#primaryimage"},"thumbnailUrl":"https:\/\/www.bellunopress.it\/wp-content\/uploads\/2026\/07\/Irwan-Trio.jpg","datePublished":"2026-07-10T13:53:05+00:00","breadcrumb":{"@id":"https:\/\/www.bellunopress.it\/2026\/07\/10\/musica-e-poesia-tra-armenia-e-persia-il-castello-di-andraz-inaugura-la-rassegna-musica-nellagordino-2026\/#breadcrumb"},"inLanguage":"fr-FR","potentialAction":[{"@type":"ReadAction","target":["https:\/\/www.bellunopress.it\/2026\/07\/10\/musica-e-poesia-tra-armenia-e-persia-il-castello-di-andraz-inaugura-la-rassegna-musica-nellagordino-2026\/"]}]},{"@type":"ImageObject","inLanguage":"fr-FR","@id":"https:\/\/www.bellunopress.it\/2026\/07\/10\/musica-e-poesia-tra-armenia-e-persia-il-castello-di-andraz-inaugura-la-rassegna-musica-nellagordino-2026\/#primaryimage","url":"https:\/\/www.bellunopress.it\/wp-content\/uploads\/2026\/07\/Irwan-Trio.jpg","contentUrl":"https:\/\/www.bellunopress.it\/wp-content\/uploads\/2026\/07\/Irwan-Trio.jpg","width":589,"height":382,"caption":"IrWan Trio"},{"@type":"BreadcrumbList","@id":"https:\/\/www.bellunopress.it\/2026\/07\/10\/musica-e-poesia-tra-armenia-e-persia-il-castello-di-andraz-inaugura-la-rassegna-musica-nellagordino-2026\/#breadcrumb","itemListElement":[{"@type":"ListItem","position":1,"name":"Home","item":"https:\/\/www.bellunopress.it\/"},{"@type":"ListItem","position":2,"name":"Musica e poesia tra Armenia e Persia: il Castello di Andraz inaugura la rassegna &#8220;Musica nell&#8217;Agordino 2026&#8221;"}]},{"@type":"WebSite","@id":"https:\/\/www.bellunopress.it\/#website","url":"https:\/\/www.bellunopress.it\/","name":"Bellunopress - Dolomiti","description":"e-mail: redazione@bellunopress.it","publisher":{"@id":"https:\/\/www.bellunopress.it\/#organization"},"potentialAction":[{"@type":"SearchAction","target":{"@type":"EntryPoint","urlTemplate":"https:\/\/www.bellunopress.it\/?s={search_term_string}"},"query-input":{"@type":"PropertyValueSpecification","valueRequired":true,"valueName":"search_term_string"}}],"inLanguage":"fr-FR"},{"@type":"Organization","@id":"https:\/\/www.bellunopress.it\/#organization","name":"Bellunopress","url":"https:\/\/www.bellunopress.it\/","logo":{"@type":"ImageObject","inLanguage":"fr-FR","@id":"https:\/\/www.bellunopress.it\/#\/schema\/logo\/image\/","url":"https:\/\/www.bellunopress.it\/wp-content\/uploads\/2011\/05\/cropped-logo-bellunopress-.jpg","contentUrl":"https:\/\/www.bellunopress.it\/wp-content\/uploads\/2011\/05\/cropped-logo-bellunopress-.jpg","width":512,"height":512,"caption":"Bellunopress"},"image":{"@id":"https:\/\/www.bellunopress.it\/#\/schema\/logo\/image\/"},"sameAs":["https:\/\/www.facebook.com\/profile.php?id=100008943462799","https:\/\/x.com\/bellunopress","https:\/\/www.linkedin.com\/hp\/?dnr=JBzUWaJfMUw8vbXJJ2tVW5-I3jZKvC4wsoxE&amp;amp;amp;amp;amp;amp;trk=nav_responsive_tab_home","https:\/\/www.youtube.com\/channel\/UCxL0wu1uN0_3_7hGG0306cw"]},{"@type":"Person","@id":"https:\/\/www.bellunopress.it\/#\/schema\/person\/79bb06722b37ece1c03d3e94beb30d73","name":"r\u00e9daction","image":{"@type":"ImageObject","inLanguage":"fr-FR","@id":"https:\/\/secure.gravatar.com\/avatar\/37d968a2e67a6fd04c169c4bdef102d0bc5d31b2546345219e348575eb80e9a0?s=96&d=mm&r=g","url":"https:\/\/secure.gravatar.com\/avatar\/37d968a2e67a6fd04c169c4bdef102d0bc5d31b2546345219e348575eb80e9a0?s=96&d=mm&r=g","contentUrl":"https:\/\/secure.gravatar.com\/avatar\/37d968a2e67a6fd04c169c4bdef102d0bc5d31b2546345219e348575eb80e9a0?s=96&d=mm&r=g","caption":"redazione"},"sameAs":["http:\/\/www.bellunopress.it","https:\/\/x.com\/bellunopress"],"url":"https:\/\/www.bellunopress.it\/fr\/author\/redazione\/"}]}},"_links":{"self":[{"href":"https:\/\/www.bellunopress.it\/fr\/wp-json\/wp\/v2\/posts\/171824","targetHints":{"allow":["GET"]}}],"collection":[{"href":"https:\/\/www.bellunopress.it\/fr\/wp-json\/wp\/v2\/posts"}],"about":[{"href":"https:\/\/www.bellunopress.it\/fr\/wp-json\/wp\/v2\/types\/post"}],"author":[{"embeddable":true,"href":"https:\/\/www.bellunopress.it\/fr\/wp-json\/wp\/v2\/users\/2"}],"replies":[{"embeddable":true,"href":"https:\/\/www.bellunopress.it\/fr\/wp-json\/wp\/v2\/comments?post=171824"}],"version-history":[{"count":1,"href":"https:\/\/www.bellunopress.it\/fr\/wp-json\/wp\/v2\/posts\/171824\/revisions"}],"predecessor-version":[{"id":171826,"href":"https:\/\/www.bellunopress.it\/fr\/wp-json\/wp\/v2\/posts\/171824\/revisions\/171826"}],"wp:featuredmedia":[{"embeddable":true,"href":"https:\/\/www.bellunopress.it\/fr\/wp-json\/wp\/v2\/media\/171825"}],"wp:attachment":[{"href":"https:\/\/www.bellunopress.it\/fr\/wp-json\/wp\/v2\/media?parent=171824"}],"wp:term":[{"taxonomy":"category","embeddable":true,"href":"https:\/\/www.bellunopress.it\/fr\/wp-json\/wp\/v2\/categories?post=171824"},{"taxonomy":"post_tag","embeddable":true,"href":"https:\/\/www.bellunopress.it\/fr\/wp-json\/wp\/v2\/tags?post=171824"}],"curies":[{"name":"wp","href":"https:\/\/api.w.org\/{rel}","templated":true}]}}