{"id":171821,"date":"2026-07-10T14:58:49","date_gmt":"2026-07-10T12:58:49","guid":{"rendered":"https:\/\/www.bellunopress.it\/?p=171821"},"modified":"2026-07-10T14:59:06","modified_gmt":"2026-07-10T12:59:06","slug":"aci-pra-belluno-il-nuovo-responsabile-e-filippo-germano-dariz-la-sede-ritrova-la-sua-guida-locale","status":"publish","type":"post","link":"https:\/\/www.bellunopress.it\/fr\/2026\/07\/10\/aci-pra-belluno-il-nuovo-responsabile-e-filippo-germano-dariz-la-sede-ritrova-la-sua-guida-locale\/","title":{"rendered":"Aci Pra Belluno: il nuovo responsabile \u00e8 Filippo Dariz. La sede ritrova la sua guida locale"},"content":{"rendered":"<p data-path-to-node=\"3\"><b data-path-to-node=\"3\" data-index-in-node=\"0\">Una nomina che segna il ritorno a una gestione interna dopo il pensionamento della dottoressa Orietta De Vacchi: il territorio torna ad avere una figura di riferimento dedicata.<\/b><\/p>\n<p data-path-to-node=\"4\">Belluno, 10 luglio 2026 &#8211; Una svolta significativa per l&#8217;Automobile Club d&#8217;Italia a Belluno. A partire da questo mese di luglio, l&#8217;Unit\u00e0 Territoriale Aci Pra che torna ad avere un proprio responsabile in sede. La nomina, avvenuta al termine di una procedura interna, \u00e8 ricaduta sul dottor Filippo Dariz.<\/p>\n<p data-path-to-node=\"6\">La notizia \u00e8 accolta con favore dal territorio bellunese. Dopo il pensionamento della dottoressa Orietta De Vacchi, il 1\u00b0 gennaio 2024, storica figura di riferimento della struttura, la gestione dell&#8217;unit\u00e0 bellunese era stata accorpata sotto la direzione di Treviso. Con l\u2019insediamento di Dariz, l\u2019ufficio bellunese recupera la propria autonomia gestionale, tornando ad avere una guida operativa direttamente presente in provincia.<\/p>\n<p data-path-to-node=\"7\">Questa scelta risponde alla necessit\u00e0 di garantire una presenza costante e una supervisione dedicata a una struttura, quella del Pubblico Registro Automobilistico, che riveste un ruolo strategico per la cittadinanza e per i professionisti del settore.<\/p>\n<p data-path-to-node=\"9\">Il dottor Dariz porta con s\u00e9 un bagaglio di competenze multidisciplinari. Laureato in Giurisprudenza con un doppio diploma conseguito presso le Universit\u00e0 di Bologna e Paris Nanterre, Dariz vanta un percorso professionale che spazia dal settore dei trasporti (con un&#8217;esperienza in Trenitalia) all&#8217;ambito amministrativo. Ha prestato servizio come Istruttore di Polizia Locale nel bellunese e, pi\u00f9 recentemente, ha ricoperto il ruolo di Responsabile del Servizio Segreteria, Commercio e Relazioni con il Pubblico al Comune di Cavalese.<\/p>\n<p data-path-to-node=\"11\">Il Pubblico Registro Automobilistico, istituito con il Regio Decreto-Legge del 15 marzo 1927, n. 436, \u00e8 nato per regolamentare i contratti di compravendita e garantire la certezza giuridica sulla propriet\u00e0 dei veicoli ed \u00e8 gestito su scala nazionale dall&#8217;Automobile Club d&#8217;Italia (Aci). Negli anni, le competenze del Pubblico Registro Automobilistico s\u00ec \u00e8 ampliata. Oggi, oltre alle consuete trascrizioni di passaggi di propriet\u00e0, iscrizioni di veicoli nuovi, privilegi legali, ipoteche, radiazioni, vengono annotate perdite di possesso, sequestri, fermi amministrativi ecc. che richiedono una specifica competenza normativa.<\/p>\n<p data-path-to-node=\"12\">Oltre al Pra, il nuovo responsabile guider\u00e0 anche l&#8217;Urp, Ufficio Relazioni con il Pubblico, punto di contatto privilegiato per cittadini, studi di consulenza automobilistica e amministrazioni pubbliche. Con la figura del dottor Dariz, l&#8217;Unit\u00e0 Territoriale Aci di Belluno punta a consolidare il suo ruolo di presidio di legalit\u00e0 e assistenza, rafforzando il legame diretto con il territorio.<\/p>","protected":false},"excerpt":{"rendered":"<p>Una nomina che segna il ritorno a una gestione interna dopo il pensionamento della dottoressa Orietta De Vacchi: il territorio torna ad avere una figura di riferimento dedicata. Belluno, 10 luglio 2026 &#8211; Una svolta significativa per l&#8217;Automobile Club d&#8217;Italia a Belluno. A partire da questo mese di luglio, l&#8217;Unit\u00e0 Territoriale Aci Pra che torna [&hellip;]<\/p>\n","protected":false},"author":2,"featured_media":142865,"comment_status":"closed","ping_status":"open","sticky":false,"template":"","format":"standard","meta":{"footnotes":""},"categories":[26,8],"tags":[],"class_list":["post-171821","post","type-post","status-publish","format-standard","has-post-thumbnail","category-prima-pagina","category-societa-istituzioni"],"yoast_head":"<!-- This site is optimized with the Yoast SEO plugin v28.4 - https:\/\/yoast.com\/product\/yoast-seo-wordpress\/ -->\n<title>Aci Pra Belluno: il nuovo responsabile \u00e8 Filippo Dariz. La sede ritrova la sua guida locale - Bellunopress - Dolomiti<\/title>\n<meta name=\"robots\" content=\"index, follow, max-snippet:-1, max-image-preview:large, max-video-preview:-1\" \/>\n<link rel=\"canonical\" href=\"https:\/\/www.bellunopress.it\/fr\/2026\/07\/10\/aci-pra-belluno-il-nuovo-responsabile-e-filippo-germano-dariz-la-sede-ritrova-la-sua-guida-locale\/\" \/>\n<meta property=\"og:locale\" content=\"fr_FR\" \/>\n<meta property=\"og:type\" content=\"article\" \/>\n<meta property=\"og:title\" content=\"Aci Pra Belluno: il nuovo responsabile \u00e8 Filippo Dariz. La sede ritrova la sua guida locale - Bellunopress - Dolomiti\" \/>\n<meta property=\"og:description\" content=\"Una nomina che segna il ritorno a una gestione interna dopo il pensionamento della dottoressa Orietta De Vacchi: il territorio torna ad avere una figura di riferimento dedicata. Belluno, 10 luglio 2026 &#8211; Una svolta significativa per l&#8217;Automobile Club d&#8217;Italia a Belluno. A partire da questo mese di luglio, l&#8217;Unit\u00e0 Territoriale Aci Pra che torna [&hellip;]\" \/>\n<meta property=\"og:url\" content=\"https:\/\/www.bellunopress.it\/fr\/2026\/07\/10\/aci-pra-belluno-il-nuovo-responsabile-e-filippo-germano-dariz-la-sede-ritrova-la-sua-guida-locale\/\" \/>\n<meta property=\"og:site_name\" content=\"Bellunopress - Dolomiti\" \/>\n<meta property=\"article:publisher\" content=\"https:\/\/www.facebook.com\/profile.php?id=100008943462799\" \/>\n<meta property=\"article:published_time\" content=\"2026-07-10T12:58:49+00:00\" \/>\n<meta property=\"article:modified_time\" content=\"2026-07-10T12:59:06+00:00\" \/>\n<meta property=\"og:image\" content=\"https:\/\/www.bellunopress.it\/wp-content\/uploads\/2023\/07\/aci-piazza-martiri_edited.jpg\" \/>\n\t<meta property=\"og:image:width\" content=\"1000\" \/>\n\t<meta property=\"og:image:height\" content=\"674\" \/>\n\t<meta property=\"og:image:type\" content=\"image\/jpeg\" \/>\n<meta name=\"author\" content=\"redazione\" \/>\n<meta name=\"twitter:card\" content=\"summary_large_image\" \/>\n<meta name=\"twitter:creator\" content=\"@bellunopress\" \/>\n<meta name=\"twitter:site\" content=\"@bellunopress\" \/>\n<meta name=\"twitter:label1\" content=\"\u00c9crit par\" \/>\n\t<meta name=\"twitter:data1\" content=\"redazione\" \/>\n\t<meta name=\"twitter:label2\" content=\"Dur\u00e9e de lecture estim\u00e9e\" \/>\n\t<meta name=\"twitter:data2\" content=\"3 minutes\" \/>\n<script type=\"application\/ld+json\" class=\"yoast-schema-graph\">{\"@context\":\"https:\\\/\\\/schema.org\",\"@graph\":[{\"@type\":\"Article\",\"@id\":\"https:\\\/\\\/www.bellunopress.it\\\/2026\\\/07\\\/10\\\/aci-pra-belluno-il-nuovo-responsabile-e-filippo-germano-dariz-la-sede-ritrova-la-sua-guida-locale\\\/#article\",\"isPartOf\":{\"@id\":\"https:\\\/\\\/www.bellunopress.it\\\/2026\\\/07\\\/10\\\/aci-pra-belluno-il-nuovo-responsabile-e-filippo-germano-dariz-la-sede-ritrova-la-sua-guida-locale\\\/\"},\"author\":{\"name\":\"redazione\",\"@id\":\"https:\\\/\\\/www.bellunopress.it\\\/#\\\/schema\\\/person\\\/79bb06722b37ece1c03d3e94beb30d73\"},\"headline\":\"Aci Pra Belluno: il nuovo responsabile \u00e8 Filippo Dariz. La sede ritrova la sua guida locale\",\"datePublished\":\"2026-07-10T12:58:49+00:00\",\"dateModified\":\"2026-07-10T12:59:06+00:00\",\"mainEntityOfPage\":{\"@id\":\"https:\\\/\\\/www.bellunopress.it\\\/2026\\\/07\\\/10\\\/aci-pra-belluno-il-nuovo-responsabile-e-filippo-germano-dariz-la-sede-ritrova-la-sua-guida-locale\\\/\"},\"wordCount\":406,\"publisher\":{\"@id\":\"https:\\\/\\\/www.bellunopress.it\\\/#organization\"},\"image\":{\"@id\":\"https:\\\/\\\/www.bellunopress.it\\\/2026\\\/07\\\/10\\\/aci-pra-belluno-il-nuovo-responsabile-e-filippo-germano-dariz-la-sede-ritrova-la-sua-guida-locale\\\/#primaryimage\"},\"thumbnailUrl\":\"https:\\\/\\\/www.bellunopress.it\\\/wp-content\\\/uploads\\\/2023\\\/07\\\/aci-piazza-martiri_edited.jpg\",\"articleSection\":[\"Prima Pagina\",\"Societ\u00e0, Associazioni, Istituzioni\"],\"inLanguage\":\"fr-FR\"},{\"@type\":\"WebPage\",\"@id\":\"https:\\\/\\\/www.bellunopress.it\\\/2026\\\/07\\\/10\\\/aci-pra-belluno-il-nuovo-responsabile-e-filippo-germano-dariz-la-sede-ritrova-la-sua-guida-locale\\\/\",\"url\":\"https:\\\/\\\/www.bellunopress.it\\\/2026\\\/07\\\/10\\\/aci-pra-belluno-il-nuovo-responsabile-e-filippo-germano-dariz-la-sede-ritrova-la-sua-guida-locale\\\/\",\"name\":\"Aci Pra Belluno: il nuovo responsabile \u00e8 Filippo Dariz. La sede ritrova la sua guida locale - Bellunopress - Dolomiti\",\"isPartOf\":{\"@id\":\"https:\\\/\\\/www.bellunopress.it\\\/#website\"},\"primaryImageOfPage\":{\"@id\":\"https:\\\/\\\/www.bellunopress.it\\\/2026\\\/07\\\/10\\\/aci-pra-belluno-il-nuovo-responsabile-e-filippo-germano-dariz-la-sede-ritrova-la-sua-guida-locale\\\/#primaryimage\"},\"image\":{\"@id\":\"https:\\\/\\\/www.bellunopress.it\\\/2026\\\/07\\\/10\\\/aci-pra-belluno-il-nuovo-responsabile-e-filippo-germano-dariz-la-sede-ritrova-la-sua-guida-locale\\\/#primaryimage\"},\"thumbnailUrl\":\"https:\\\/\\\/www.bellunopress.it\\\/wp-content\\\/uploads\\\/2023\\\/07\\\/aci-piazza-martiri_edited.jpg\",\"datePublished\":\"2026-07-10T12:58:49+00:00\",\"dateModified\":\"2026-07-10T12:59:06+00:00\",\"breadcrumb\":{\"@id\":\"https:\\\/\\\/www.bellunopress.it\\\/2026\\\/07\\\/10\\\/aci-pra-belluno-il-nuovo-responsabile-e-filippo-germano-dariz-la-sede-ritrova-la-sua-guida-locale\\\/#breadcrumb\"},\"inLanguage\":\"fr-FR\",\"potentialAction\":[{\"@type\":\"ReadAction\",\"target\":[\"https:\\\/\\\/www.bellunopress.it\\\/2026\\\/07\\\/10\\\/aci-pra-belluno-il-nuovo-responsabile-e-filippo-germano-dariz-la-sede-ritrova-la-sua-guida-locale\\\/\"]}]},{\"@type\":\"ImageObject\",\"inLanguage\":\"fr-FR\",\"@id\":\"https:\\\/\\\/www.bellunopress.it\\\/2026\\\/07\\\/10\\\/aci-pra-belluno-il-nuovo-responsabile-e-filippo-germano-dariz-la-sede-ritrova-la-sua-guida-locale\\\/#primaryimage\",\"url\":\"https:\\\/\\\/www.bellunopress.it\\\/wp-content\\\/uploads\\\/2023\\\/07\\\/aci-piazza-martiri_edited.jpg\",\"contentUrl\":\"https:\\\/\\\/www.bellunopress.it\\\/wp-content\\\/uploads\\\/2023\\\/07\\\/aci-piazza-martiri_edited.jpg\",\"width\":1000,\"height\":674,\"caption\":\"Piazza dei Martiri, Palazzo Cappellari della Colomba, sede dell'ACI\"},{\"@type\":\"BreadcrumbList\",\"@id\":\"https:\\\/\\\/www.bellunopress.it\\\/2026\\\/07\\\/10\\\/aci-pra-belluno-il-nuovo-responsabile-e-filippo-germano-dariz-la-sede-ritrova-la-sua-guida-locale\\\/#breadcrumb\",\"itemListElement\":[{\"@type\":\"ListItem\",\"position\":1,\"name\":\"Home\",\"item\":\"https:\\\/\\\/www.bellunopress.it\\\/\"},{\"@type\":\"ListItem\",\"position\":2,\"name\":\"Aci Pra Belluno: il nuovo responsabile \u00e8 Filippo Dariz. La sede ritrova la sua guida locale\"}]},{\"@type\":\"WebSite\",\"@id\":\"https:\\\/\\\/www.bellunopress.it\\\/#website\",\"url\":\"https:\\\/\\\/www.bellunopress.it\\\/\",\"name\":\"Bellunopress - Dolomiti\",\"description\":\"e-mail: redazione@bellunopress.it\",\"publisher\":{\"@id\":\"https:\\\/\\\/www.bellunopress.it\\\/#organization\"},\"potentialAction\":[{\"@type\":\"SearchAction\",\"target\":{\"@type\":\"EntryPoint\",\"urlTemplate\":\"https:\\\/\\\/www.bellunopress.it\\\/?s={search_term_string}\"},\"query-input\":{\"@type\":\"PropertyValueSpecification\",\"valueRequired\":true,\"valueName\":\"search_term_string\"}}],\"inLanguage\":\"fr-FR\"},{\"@type\":\"Organization\",\"@id\":\"https:\\\/\\\/www.bellunopress.it\\\/#organization\",\"name\":\"Bellunopress\",\"url\":\"https:\\\/\\\/www.bellunopress.it\\\/\",\"logo\":{\"@type\":\"ImageObject\",\"inLanguage\":\"fr-FR\",\"@id\":\"https:\\\/\\\/www.bellunopress.it\\\/#\\\/schema\\\/logo\\\/image\\\/\",\"url\":\"https:\\\/\\\/www.bellunopress.it\\\/wp-content\\\/uploads\\\/2011\\\/05\\\/cropped-logo-bellunopress-.jpg\",\"contentUrl\":\"https:\\\/\\\/www.bellunopress.it\\\/wp-content\\\/uploads\\\/2011\\\/05\\\/cropped-logo-bellunopress-.jpg\",\"width\":512,\"height\":512,\"caption\":\"Bellunopress\"},\"image\":{\"@id\":\"https:\\\/\\\/www.bellunopress.it\\\/#\\\/schema\\\/logo\\\/image\\\/\"},\"sameAs\":[\"https:\\\/\\\/www.facebook.com\\\/profile.php?id=100008943462799\",\"https:\\\/\\\/x.com\\\/bellunopress\",\"https:\\\/\\\/www.linkedin.com\\\/hp\\\/?dnr=JBzUWaJfMUw8vbXJJ2tVW5-I3jZKvC4wsoxE&amp;amp;amp;amp;amp;amp;trk=nav_responsive_tab_home\",\"https:\\\/\\\/www.youtube.com\\\/channel\\\/UCxL0wu1uN0_3_7hGG0306cw\"]},{\"@type\":\"Person\",\"@id\":\"https:\\\/\\\/www.bellunopress.it\\\/#\\\/schema\\\/person\\\/79bb06722b37ece1c03d3e94beb30d73\",\"name\":\"redazione\",\"image\":{\"@type\":\"ImageObject\",\"inLanguage\":\"fr-FR\",\"@id\":\"https:\\\/\\\/secure.gravatar.com\\\/avatar\\\/37d968a2e67a6fd04c169c4bdef102d0bc5d31b2546345219e348575eb80e9a0?s=96&d=mm&r=g\",\"url\":\"https:\\\/\\\/secure.gravatar.com\\\/avatar\\\/37d968a2e67a6fd04c169c4bdef102d0bc5d31b2546345219e348575eb80e9a0?s=96&d=mm&r=g\",\"contentUrl\":\"https:\\\/\\\/secure.gravatar.com\\\/avatar\\\/37d968a2e67a6fd04c169c4bdef102d0bc5d31b2546345219e348575eb80e9a0?s=96&d=mm&r=g\",\"caption\":\"redazione\"},\"sameAs\":[\"http:\\\/\\\/www.bellunopress.it\",\"https:\\\/\\\/x.com\\\/bellunopress\"],\"url\":\"https:\\\/\\\/www.bellunopress.it\\\/fr\\\/author\\\/redazione\\\/\"}]}<\/script>\n<!-- \/ Yoast SEO plugin. -->","yoast_head_json":{"title":"Aci Pra Belluno: il nuovo responsabile \u00e8 Filippo Dariz. La sede ritrova la sua guida locale - Bellunopress - Dolomiti","robots":{"index":"index","follow":"follow","max-snippet":"max-snippet:-1","max-image-preview":"max-image-preview:large","max-video-preview":"max-video-preview:-1"},"canonical":"https:\/\/www.bellunopress.it\/fr\/2026\/07\/10\/aci-pra-belluno-il-nuovo-responsabile-e-filippo-germano-dariz-la-sede-ritrova-la-sua-guida-locale\/","og_locale":"fr_FR","og_type":"article","og_title":"Aci Pra Belluno: il nuovo responsabile \u00e8 Filippo Dariz. La sede ritrova la sua guida locale - Bellunopress - Dolomiti","og_description":"Una nomina che segna il ritorno a una gestione interna dopo il pensionamento della dottoressa Orietta De Vacchi: il territorio torna ad avere una figura di riferimento dedicata. Belluno, 10 luglio 2026 &#8211; Una svolta significativa per l&#8217;Automobile Club d&#8217;Italia a Belluno. A partire da questo mese di luglio, l&#8217;Unit\u00e0 Territoriale Aci Pra che torna [&hellip;]","og_url":"https:\/\/www.bellunopress.it\/fr\/2026\/07\/10\/aci-pra-belluno-il-nuovo-responsabile-e-filippo-germano-dariz-la-sede-ritrova-la-sua-guida-locale\/","og_site_name":"Bellunopress - Dolomiti","article_publisher":"https:\/\/www.facebook.com\/profile.php?id=100008943462799","article_published_time":"2026-07-10T12:58:49+00:00","article_modified_time":"2026-07-10T12:59:06+00:00","og_image":[{"width":1000,"height":674,"url":"https:\/\/www.bellunopress.it\/wp-content\/uploads\/2023\/07\/aci-piazza-martiri_edited.jpg","type":"image\/jpeg"}],"author":"redazione","twitter_card":"summary_large_image","twitter_creator":"@bellunopress","twitter_site":"@bellunopress","twitter_misc":{"\u00c9crit par":"redazione","Dur\u00e9e de lecture estim\u00e9e":"3 minutes"},"schema":{"@context":"https:\/\/schema.org","@graph":[{"@type":"Article","@id":"https:\/\/www.bellunopress.it\/2026\/07\/10\/aci-pra-belluno-il-nuovo-responsabile-e-filippo-germano-dariz-la-sede-ritrova-la-sua-guida-locale\/#article","isPartOf":{"@id":"https:\/\/www.bellunopress.it\/2026\/07\/10\/aci-pra-belluno-il-nuovo-responsabile-e-filippo-germano-dariz-la-sede-ritrova-la-sua-guida-locale\/"},"author":{"name":"redazione","@id":"https:\/\/www.bellunopress.it\/#\/schema\/person\/79bb06722b37ece1c03d3e94beb30d73"},"headline":"Aci Pra Belluno: il nuovo responsabile \u00e8 Filippo Dariz. La sede ritrova la sua guida locale","datePublished":"2026-07-10T12:58:49+00:00","dateModified":"2026-07-10T12:59:06+00:00","mainEntityOfPage":{"@id":"https:\/\/www.bellunopress.it\/2026\/07\/10\/aci-pra-belluno-il-nuovo-responsabile-e-filippo-germano-dariz-la-sede-ritrova-la-sua-guida-locale\/"},"wordCount":406,"publisher":{"@id":"https:\/\/www.bellunopress.it\/#organization"},"image":{"@id":"https:\/\/www.bellunopress.it\/2026\/07\/10\/aci-pra-belluno-il-nuovo-responsabile-e-filippo-germano-dariz-la-sede-ritrova-la-sua-guida-locale\/#primaryimage"},"thumbnailUrl":"https:\/\/www.bellunopress.it\/wp-content\/uploads\/2023\/07\/aci-piazza-martiri_edited.jpg","articleSection":["Prima Pagina","Societ\u00e0, Associazioni, Istituzioni"],"inLanguage":"fr-FR"},{"@type":"WebPage","@id":"https:\/\/www.bellunopress.it\/2026\/07\/10\/aci-pra-belluno-il-nuovo-responsabile-e-filippo-germano-dariz-la-sede-ritrova-la-sua-guida-locale\/","url":"https:\/\/www.bellunopress.it\/2026\/07\/10\/aci-pra-belluno-il-nuovo-responsabile-e-filippo-germano-dariz-la-sede-ritrova-la-sua-guida-locale\/","name":"Aci Pra Belluno: il nuovo responsabile \u00e8 Filippo Dariz. La sede ritrova la sua guida locale - Bellunopress - Dolomiti","isPartOf":{"@id":"https:\/\/www.bellunopress.it\/#website"},"primaryImageOfPage":{"@id":"https:\/\/www.bellunopress.it\/2026\/07\/10\/aci-pra-belluno-il-nuovo-responsabile-e-filippo-germano-dariz-la-sede-ritrova-la-sua-guida-locale\/#primaryimage"},"image":{"@id":"https:\/\/www.bellunopress.it\/2026\/07\/10\/aci-pra-belluno-il-nuovo-responsabile-e-filippo-germano-dariz-la-sede-ritrova-la-sua-guida-locale\/#primaryimage"},"thumbnailUrl":"https:\/\/www.bellunopress.it\/wp-content\/uploads\/2023\/07\/aci-piazza-martiri_edited.jpg","datePublished":"2026-07-10T12:58:49+00:00","dateModified":"2026-07-10T12:59:06+00:00","breadcrumb":{"@id":"https:\/\/www.bellunopress.it\/2026\/07\/10\/aci-pra-belluno-il-nuovo-responsabile-e-filippo-germano-dariz-la-sede-ritrova-la-sua-guida-locale\/#breadcrumb"},"inLanguage":"fr-FR","potentialAction":[{"@type":"ReadAction","target":["https:\/\/www.bellunopress.it\/2026\/07\/10\/aci-pra-belluno-il-nuovo-responsabile-e-filippo-germano-dariz-la-sede-ritrova-la-sua-guida-locale\/"]}]},{"@type":"ImageObject","inLanguage":"fr-FR","@id":"https:\/\/www.bellunopress.it\/2026\/07\/10\/aci-pra-belluno-il-nuovo-responsabile-e-filippo-germano-dariz-la-sede-ritrova-la-sua-guida-locale\/#primaryimage","url":"https:\/\/www.bellunopress.it\/wp-content\/uploads\/2023\/07\/aci-piazza-martiri_edited.jpg","contentUrl":"https:\/\/www.bellunopress.it\/wp-content\/uploads\/2023\/07\/aci-piazza-martiri_edited.jpg","width":1000,"height":674,"caption":"Piazza dei Martiri, Palazzo Cappellari della Colomba, sede dell'ACI"},{"@type":"BreadcrumbList","@id":"https:\/\/www.bellunopress.it\/2026\/07\/10\/aci-pra-belluno-il-nuovo-responsabile-e-filippo-germano-dariz-la-sede-ritrova-la-sua-guida-locale\/#breadcrumb","itemListElement":[{"@type":"ListItem","position":1,"name":"Home","item":"https:\/\/www.bellunopress.it\/"},{"@type":"ListItem","position":2,"name":"Aci Pra Belluno: il nuovo responsabile \u00e8 Filippo Dariz. La sede ritrova la sua guida locale"}]},{"@type":"WebSite","@id":"https:\/\/www.bellunopress.it\/#website","url":"https:\/\/www.bellunopress.it\/","name":"Bellunopress - Dolomiti","description":"e-mail: redazione@bellunopress.it","publisher":{"@id":"https:\/\/www.bellunopress.it\/#organization"},"potentialAction":[{"@type":"SearchAction","target":{"@type":"EntryPoint","urlTemplate":"https:\/\/www.bellunopress.it\/?s={search_term_string}"},"query-input":{"@type":"PropertyValueSpecification","valueRequired":true,"valueName":"search_term_string"}}],"inLanguage":"fr-FR"},{"@type":"Organization","@id":"https:\/\/www.bellunopress.it\/#organization","name":"Bellunopress","url":"https:\/\/www.bellunopress.it\/","logo":{"@type":"ImageObject","inLanguage":"fr-FR","@id":"https:\/\/www.bellunopress.it\/#\/schema\/logo\/image\/","url":"https:\/\/www.bellunopress.it\/wp-content\/uploads\/2011\/05\/cropped-logo-bellunopress-.jpg","contentUrl":"https:\/\/www.bellunopress.it\/wp-content\/uploads\/2011\/05\/cropped-logo-bellunopress-.jpg","width":512,"height":512,"caption":"Bellunopress"},"image":{"@id":"https:\/\/www.bellunopress.it\/#\/schema\/logo\/image\/"},"sameAs":["https:\/\/www.facebook.com\/profile.php?id=100008943462799","https:\/\/x.com\/bellunopress","https:\/\/www.linkedin.com\/hp\/?dnr=JBzUWaJfMUw8vbXJJ2tVW5-I3jZKvC4wsoxE&amp;amp;amp;amp;amp;amp;trk=nav_responsive_tab_home","https:\/\/www.youtube.com\/channel\/UCxL0wu1uN0_3_7hGG0306cw"]},{"@type":"Person","@id":"https:\/\/www.bellunopress.it\/#\/schema\/person\/79bb06722b37ece1c03d3e94beb30d73","name":"r\u00e9daction","image":{"@type":"ImageObject","inLanguage":"fr-FR","@id":"https:\/\/secure.gravatar.com\/avatar\/37d968a2e67a6fd04c169c4bdef102d0bc5d31b2546345219e348575eb80e9a0?s=96&d=mm&r=g","url":"https:\/\/secure.gravatar.com\/avatar\/37d968a2e67a6fd04c169c4bdef102d0bc5d31b2546345219e348575eb80e9a0?s=96&d=mm&r=g","contentUrl":"https:\/\/secure.gravatar.com\/avatar\/37d968a2e67a6fd04c169c4bdef102d0bc5d31b2546345219e348575eb80e9a0?s=96&d=mm&r=g","caption":"redazione"},"sameAs":["http:\/\/www.bellunopress.it","https:\/\/x.com\/bellunopress"],"url":"https:\/\/www.bellunopress.it\/fr\/author\/redazione\/"}]}},"_links":{"self":[{"href":"https:\/\/www.bellunopress.it\/fr\/wp-json\/wp\/v2\/posts\/171821","targetHints":{"allow":["GET"]}}],"collection":[{"href":"https:\/\/www.bellunopress.it\/fr\/wp-json\/wp\/v2\/posts"}],"about":[{"href":"https:\/\/www.bellunopress.it\/fr\/wp-json\/wp\/v2\/types\/post"}],"author":[{"embeddable":true,"href":"https:\/\/www.bellunopress.it\/fr\/wp-json\/wp\/v2\/users\/2"}],"replies":[{"embeddable":true,"href":"https:\/\/www.bellunopress.it\/fr\/wp-json\/wp\/v2\/comments?post=171821"}],"version-history":[{"count":2,"href":"https:\/\/www.bellunopress.it\/fr\/wp-json\/wp\/v2\/posts\/171821\/revisions"}],"predecessor-version":[{"id":171823,"href":"https:\/\/www.bellunopress.it\/fr\/wp-json\/wp\/v2\/posts\/171821\/revisions\/171823"}],"wp:featuredmedia":[{"embeddable":true,"href":"https:\/\/www.bellunopress.it\/fr\/wp-json\/wp\/v2\/media\/142865"}],"wp:attachment":[{"href":"https:\/\/www.bellunopress.it\/fr\/wp-json\/wp\/v2\/media?parent=171821"}],"wp:term":[{"taxonomy":"category","embeddable":true,"href":"https:\/\/www.bellunopress.it\/fr\/wp-json\/wp\/v2\/categories?post=171821"},{"taxonomy":"post_tag","embeddable":true,"href":"https:\/\/www.bellunopress.it\/fr\/wp-json\/wp\/v2\/tags?post=171821"}],"curies":[{"name":"wp","href":"https:\/\/api.w.org\/{rel}","templated":true}]}}